{"id":205252,"date":"2026-03-06T15:39:00","date_gmt":"2026-03-06T18:39:00","guid":{"rendered":"https:\/\/folhapopular.info\/?p=205252"},"modified":"2026-03-06T15:43:00","modified_gmt":"2026-03-06T18:43:00","slug":"municipal-de-bom-retiro-do-sul-deve-ter-sete-equipes","status":"publish","type":"post","link":"https:\/\/folhapopular.info\/index.php\/2026\/03\/06\/municipal-de-bom-retiro-do-sul-deve-ter-sete-equipes\/","title":{"rendered":"Municipal de Bom Retiro do Sul deve ter sete equipes"},"content":{"rendered":"\n<p>O esporte vive um momento de retomada e fortalecimento em Bom Retiro do Sul. \u00c0 frente da coordena\u00e7\u00e3o de Esportes e Cultura, Jos\u00e9 Luis \u201cZ\u00e9\u201d destaca que 2026 come\u00e7ou com planejamento intenso, calend\u00e1rio cheio e expectativa de crescimento nas competi\u00e7\u00f5es municipais.<\/p>\n\n\n\n<p>O principal destaque \u00e9 o Campeonato Municipal de Futebol, que inicia no dia 15 de mar\u00e7o e pode ter at\u00e9 oito equipes. \u201cEstamos com sete equipes praticamente confirmadas e trabalhamos para fechar a 8\u00aa vaga. A ideia \u00e9 fazer uma competi\u00e7\u00e3o grande, que valorize as entidades que tanto agem pelo futebol do munic\u00edpio\u201d, afirma.<\/p>\n\n\n\n<p>A competi\u00e7\u00e3o \u00e9 considerada tradicional e cultural na cidade. Em 2025, cinco equipes disputaram o torneio em um novo formato. Segundo o coordenador, a expectativa agora \u00e9 ampliar. \u201cFoi uma grande competi\u00e7\u00e3o no ano passado, de alto n\u00edvel. Tivemos um pequeno incidente na final, mas isso n\u00e3o tirou o brilho do campeonato. Em 2026 queremos algo ainda maior\u201d, almeja.<\/p>\n\n\n\n<p>J\u00e1 est\u00e3o confirmadas as participa\u00e7\u00f5es do atual campe\u00e3o, Gr\u00eamio, da vice-campe\u00e3, Aecosajo, do Floriano, campe\u00e3o em 2023, al\u00e9m de Laranjeira, Pinhal, Rudibar e Arcanjos. A organiza\u00e7\u00e3o ainda aguarda a confirma\u00e7\u00e3o de uma poss\u00edvel oitava equipe para fechar o quadro da competi\u00e7\u00e3o.<\/p>\n\n\n\n<p>O formato da disputa ainda ser\u00e1 ajustado junto \u00e0s equipes. \u201cS\u00e3o muitos jogos e precisamos pensar na quest\u00e3o financeira tamb\u00e9m, principalmente com arbitragem. Vamos estudar uma f\u00f3rmula que contemple todos e permita realizar uma grande competi\u00e7\u00e3o\u201d, explica.<\/p>\n\n\n\n<p>H\u00e1 tamb\u00e9m a possibilidade de rodadas noturnas, com o campo iluminado do Pinhal. \u201cSe as equipes entenderem que \u00e9 vi\u00e1vel, pode ser uma alternativa importante para manter o calend\u00e1rio em dia e at\u00e9 atrair um p\u00fablico diferente\u201d, comenta.<\/p>\n\n\n\n<h2 class=\"wp-block-heading\"><strong>Valoriza\u00e7\u00e3o da casa<\/strong><\/h2>\n\n\n\n<p>Uma das diretrizes da coordena\u00e7\u00e3o \u00e9 fortalecer os atletas do pr\u00f3prio munic\u00edpio. Cada equipe poder\u00e1 inscrever at\u00e9 quatro jogadores de fora, mas apenas dois poder\u00e3o atuar por partida.<\/p>\n\n\n\n<p>\u201cNosso objetivo \u00e9 valorizar quem \u00e9 de Bom Retiro do Sul. Queremos fomentar as categorias de base e, no futuro, quem sabe, ter equipes formadas somente por atletas do munic\u00edpio\u201d, projeta.<\/p>\n\n\n\n<p>O fich\u00e1rio \u00e9 pr\u00f3prio e considera crit\u00e9rios como domic\u00edlio eleitoral, resid\u00eancia, local de trabalho ou naturalidade para que o atleta seja considerado da casa.<\/p>\n\n\n\n<p>O trabalho nas escolinhas tamb\u00e9m ganha destaque. A Copa Bom Retiro de Futebol de Campo reuniu 34 equipes neste ano.<\/p>\n\n\n\n<p>\u201cTemos muitas crian\u00e7as e adolescentes que participam. A integra\u00e7\u00e3o entre as escolinhas \u00e9 fundamental para fortalecer o esporte no munic\u00edpio. Buscamos unir for\u00e7as para que Bom Retiro do Sul cres\u00e7a na representatividade regional\u201d, ressalta.<\/p>\n\n\n\n<p>Nos Jogos de Ver\u00e3o, iniciados ainda em 2025, o foco \u00e9 a diversifica\u00e7\u00e3o. O evento contempla futebol de areia nas categorias Sub-9, Sub-11, Sub-13 e Sub-15, al\u00e9m de futev\u00f4lei e v\u00f4lei de duplas masculino e feminino.<\/p>\n\n\n\n<p>A procura surpreendeu. \u201cPrecisamos ampliar as quadras de areia porque a participa\u00e7\u00e3o foi muito grande. Isso mostra que a comunidade quer praticar esporte\u201d, celebra.<\/p>\n\n\n\n<h2 class=\"wp-block-heading\"><strong>Calend\u00e1rio diversificado<\/strong><\/h2>\n\n\n\n<p>Al\u00e9m do futebol, o calend\u00e1rio de 2026 inclui Campeonato Municipal de Canastra, bocha, nova etapa dos Jogos de Inverno e uma s\u00e9rie de eventos culturais e tur\u00edsticos.<\/p>\n\n\n\n<p>Entre eles, o Carnaval fora de \u00e9poca, no dia 21 de mar\u00e7o, a tradicional Festa do Peixe e a escolha das soberanas do munic\u00edpio. \u201cTemos cerca de 50 a 60 dias com muitos eventos. Isso movimenta o com\u00e9rcio, atrai visitantes e d\u00e1 visibilidade para Bom Retiro do Sul\u201d, destaca.<\/p>\n\n\n\n<p>O munic\u00edpio tamb\u00e9m mant\u00e9m iniciativas como o Dan\u00e7a Bom Retiro, o Natal nas \u00c1guas e o encontro de <em>motorhomes<\/em>, que reuniu mais de 80 equipamentos na \u00faltima edi\u00e7\u00e3o.<\/p>\n\n\n\n<h3 class=\"wp-block-heading\"><strong>Homenagem<\/strong><\/h3>\n\n\n\n<p>A abertura oficial do campeonato deve contar com homenagem a Darlan Cristo Martins, desportista ligado ao Gr\u00eamio da Beira do Rio, falecido no ano passado. \u201cFoi uma pessoa que trabalhou muito pelo nosso futebol. \u00c9 uma homenagem justa\u201d, afirma.<\/p>\n\n\n\n<p>A previs\u00e3o \u00e9 de que a competi\u00e7\u00e3o se encerre at\u00e9 o fim de maio, evite conflito com torneios regionais e conside poss\u00edveis pausas por condi\u00e7\u00f5es clim\u00e1ticas.<\/p>\n","protected":false},"excerpt":{"rendered":"<p>O esporte vive um momento de retomada e fortalecimento em Bom Retiro do Sul. \u00c0 frente da coordena\u00e7\u00e3o de Esportes e Cultura, Jos\u00e9 Luis \u201cZ\u00e9\u201d destaca que 2026 come\u00e7ou com planejamento intenso, calend\u00e1rio cheio e expectativa de crescimento nas competi\u00e7\u00f5es municipais. O principal destaque \u00e9 o Campeonato Municipal de Futebol, que inicia no dia 15 [&hellip;]<\/p>\n","protected":false},"author":732,"featured_media":205253,"comment_status":"open","ping_status":"open","sticky":false,"template":"","format":"standard","meta":{"pmpro_default_level":"","_jetpack_memberships_contains_paid_content":false,"footnotes":""},"categories":[5,18861,240],"tags":[146,19138,147],"class_list":{"0":"post-205252","1":"post","2":"type-post","3":"status-publish","4":"format-standard","5":"has-post-thumbnail","7":"category-esportes","8":"category-esportes-variados","9":"category-futebol-amador","10":"tag-bom-retiro-do-sul","11":"tag-esportes-variados","12":"tag-futebol-amador","13":"pmpro-has-access"},"yoast_head":"<!-- This site is optimized with the Yoast SEO plugin v27.5 - https:\/\/yoast.com\/product\/yoast-seo-wordpress\/ -->\n<title>Municipal de Bom Retiro do Sul deve ter sete equipes - Folha Popular<\/title>\n<meta name=\"robots\" content=\"index, follow, max-snippet:-1, max-image-preview:large, max-video-preview:-1\" \/>\n<link rel=\"canonical\" href=\"https:\/\/folhapopular.info\/index.php\/2026\/03\/06\/municipal-de-bom-retiro-do-sul-deve-ter-sete-equipes\/\" \/>\n<meta property=\"og:locale\" content=\"pt_BR\" \/>\n<meta property=\"og:type\" content=\"article\" \/>\n<meta property=\"og:title\" content=\"Municipal de Bom Retiro do Sul deve ter sete equipes - Folha Popular\" \/>\n<meta property=\"og:description\" content=\"O esporte vive um momento de retomada e fortalecimento em Bom Retiro do Sul. \u00c0 frente da coordena\u00e7\u00e3o de Esportes e Cultura, Jos\u00e9 Luis \u201cZ\u00e9\u201d destaca que 2026 come\u00e7ou com planejamento intenso, calend\u00e1rio cheio e expectativa de crescimento nas competi\u00e7\u00f5es municipais. O principal destaque \u00e9 o Campeonato Municipal de Futebol, que inicia no dia 15 [&hellip;]\" \/>\n<meta property=\"og:url\" content=\"https:\/\/folhapopular.info\/index.php\/2026\/03\/06\/municipal-de-bom-retiro-do-sul-deve-ter-sete-equipes\/\" \/>\n<meta property=\"og:site_name\" content=\"Folha Popular\" \/>\n<meta property=\"article:author\" content=\"https:\/\/www.facebook.com\/luis.huppes\/\" \/>\n<meta property=\"article:published_time\" content=\"2026-03-06T18:39:00+00:00\" \/>\n<meta property=\"article:modified_time\" content=\"2026-03-06T18:43:00+00:00\" \/>\n<meta property=\"og:image\" content=\"http:\/\/folhapopular.info\/wp-content\/uploads\/2026\/03\/WhatsApp-Image-2025-07-13-at-17.59.41-696x522-1.jpeg\" \/>\n\t<meta property=\"og:image:width\" content=\"696\" \/>\n\t<meta property=\"og:image:height\" content=\"522\" \/>\n\t<meta property=\"og:image:type\" content=\"image\/jpeg\" \/>\n<meta name=\"author\" content=\"Luis Augusto Huppes\" \/>\n<meta name=\"twitter:card\" content=\"summary_large_image\" \/>\n<meta name=\"twitter:label1\" content=\"Escrito por\" \/>\n\t<meta name=\"twitter:data1\" content=\"Luis Augusto Huppes\" \/>\n\t<meta name=\"twitter:label2\" content=\"Est. tempo de leitura\" \/>\n\t<meta name=\"twitter:data2\" content=\"4 minutos\" \/>\n<script type=\"application\/ld+json\" class=\"yoast-schema-graph\">{\"@context\":\"https:\\\/\\\/schema.org\",\"@graph\":[{\"@type\":\"Article\",\"@id\":\"https:\\\/\\\/folhapopular.info\\\/index.php\\\/2026\\\/03\\\/06\\\/municipal-de-bom-retiro-do-sul-deve-ter-sete-equipes\\\/#article\",\"isPartOf\":{\"@id\":\"https:\\\/\\\/folhapopular.info\\\/index.php\\\/2026\\\/03\\\/06\\\/municipal-de-bom-retiro-do-sul-deve-ter-sete-equipes\\\/\"},\"author\":{\"name\":\"Luis Augusto Huppes\",\"@id\":\"https:\\\/\\\/folhapopular.info\\\/#\\\/schema\\\/person\\\/e852c327371714676d02e58cf917fd9f\"},\"headline\":\"Municipal de Bom Retiro do Sul deve ter sete equipes\",\"datePublished\":\"2026-03-06T18:39:00+00:00\",\"dateModified\":\"2026-03-06T18:43:00+00:00\",\"mainEntityOfPage\":{\"@id\":\"https:\\\/\\\/folhapopular.info\\\/index.php\\\/2026\\\/03\\\/06\\\/municipal-de-bom-retiro-do-sul-deve-ter-sete-equipes\\\/\"},\"wordCount\":697,\"commentCount\":0,\"image\":{\"@id\":\"https:\\\/\\\/folhapopular.info\\\/index.php\\\/2026\\\/03\\\/06\\\/municipal-de-bom-retiro-do-sul-deve-ter-sete-equipes\\\/#primaryimage\"},\"thumbnailUrl\":\"https:\\\/\\\/folhapopular.info\\\/wp-content\\\/uploads\\\/2026\\\/03\\\/WhatsApp-Image-2025-07-13-at-17.59.41-696x522-1.jpeg\",\"keywords\":[\"Bom Retiro do Sul\",\"Esportes Variados\",\"futebol amador\"],\"articleSection\":[\"Esportes\",\"Esportes Variados\",\"Futebol Amador\"],\"inLanguage\":\"pt-BR\",\"potentialAction\":[{\"@type\":\"CommentAction\",\"name\":\"Comment\",\"target\":[\"https:\\\/\\\/folhapopular.info\\\/index.php\\\/2026\\\/03\\\/06\\\/municipal-de-bom-retiro-do-sul-deve-ter-sete-equipes\\\/#respond\"]}]},{\"@type\":\"WebPage\",\"@id\":\"https:\\\/\\\/folhapopular.info\\\/index.php\\\/2026\\\/03\\\/06\\\/municipal-de-bom-retiro-do-sul-deve-ter-sete-equipes\\\/\",\"url\":\"https:\\\/\\\/folhapopular.info\\\/index.php\\\/2026\\\/03\\\/06\\\/municipal-de-bom-retiro-do-sul-deve-ter-sete-equipes\\\/\",\"name\":\"Municipal de Bom Retiro do Sul deve ter sete equipes - Folha Popular\",\"isPartOf\":{\"@id\":\"https:\\\/\\\/folhapopular.info\\\/#website\"},\"primaryImageOfPage\":{\"@id\":\"https:\\\/\\\/folhapopular.info\\\/index.php\\\/2026\\\/03\\\/06\\\/municipal-de-bom-retiro-do-sul-deve-ter-sete-equipes\\\/#primaryimage\"},\"image\":{\"@id\":\"https:\\\/\\\/folhapopular.info\\\/index.php\\\/2026\\\/03\\\/06\\\/municipal-de-bom-retiro-do-sul-deve-ter-sete-equipes\\\/#primaryimage\"},\"thumbnailUrl\":\"https:\\\/\\\/folhapopular.info\\\/wp-content\\\/uploads\\\/2026\\\/03\\\/WhatsApp-Image-2025-07-13-at-17.59.41-696x522-1.jpeg\",\"datePublished\":\"2026-03-06T18:39:00+00:00\",\"dateModified\":\"2026-03-06T18:43:00+00:00\",\"author\":{\"@id\":\"https:\\\/\\\/folhapopular.info\\\/#\\\/schema\\\/person\\\/e852c327371714676d02e58cf917fd9f\"},\"breadcrumb\":{\"@id\":\"https:\\\/\\\/folhapopular.info\\\/index.php\\\/2026\\\/03\\\/06\\\/municipal-de-bom-retiro-do-sul-deve-ter-sete-equipes\\\/#breadcrumb\"},\"inLanguage\":\"pt-BR\",\"potentialAction\":[{\"@type\":\"ReadAction\",\"target\":[\"https:\\\/\\\/folhapopular.info\\\/index.php\\\/2026\\\/03\\\/06\\\/municipal-de-bom-retiro-do-sul-deve-ter-sete-equipes\\\/\"]}]},{\"@type\":\"ImageObject\",\"inLanguage\":\"pt-BR\",\"@id\":\"https:\\\/\\\/folhapopular.info\\\/index.php\\\/2026\\\/03\\\/06\\\/municipal-de-bom-retiro-do-sul-deve-ter-sete-equipes\\\/#primaryimage\",\"url\":\"https:\\\/\\\/folhapopular.info\\\/wp-content\\\/uploads\\\/2026\\\/03\\\/WhatsApp-Image-2025-07-13-at-17.59.41-696x522-1.jpeg\",\"contentUrl\":\"https:\\\/\\\/folhapopular.info\\\/wp-content\\\/uploads\\\/2026\\\/03\\\/WhatsApp-Image-2025-07-13-at-17.59.41-696x522-1.jpeg\",\"width\":696,\"height\":522,\"caption\":\"Gr\u00eamio \u00e9 o atual campe\u00e3o - Cr\u00e9dito Arquivo FP\"},{\"@type\":\"BreadcrumbList\",\"@id\":\"https:\\\/\\\/folhapopular.info\\\/index.php\\\/2026\\\/03\\\/06\\\/municipal-de-bom-retiro-do-sul-deve-ter-sete-equipes\\\/#breadcrumb\",\"itemListElement\":[{\"@type\":\"ListItem\",\"position\":1,\"name\":\"In\u00edcio\",\"item\":\"https:\\\/\\\/folhapopular.info\\\/\"},{\"@type\":\"ListItem\",\"position\":2,\"name\":\"Municipal de Bom Retiro do Sul deve ter sete equipes\"}]},{\"@type\":\"WebSite\",\"@id\":\"https:\\\/\\\/folhapopular.info\\\/#website\",\"url\":\"https:\\\/\\\/folhapopular.info\\\/\",\"name\":\"Folha Popular\",\"description\":\"Onde voc\u00ea tem vez e voz\",\"potentialAction\":[{\"@type\":\"SearchAction\",\"target\":{\"@type\":\"EntryPoint\",\"urlTemplate\":\"https:\\\/\\\/folhapopular.info\\\/?s={search_term_string}\"},\"query-input\":{\"@type\":\"PropertyValueSpecification\",\"valueRequired\":true,\"valueName\":\"search_term_string\"}}],\"inLanguage\":\"pt-BR\"},{\"@type\":\"Person\",\"@id\":\"https:\\\/\\\/folhapopular.info\\\/#\\\/schema\\\/person\\\/e852c327371714676d02e58cf917fd9f\",\"name\":\"Luis Augusto Huppes\",\"image\":{\"@type\":\"ImageObject\",\"inLanguage\":\"pt-BR\",\"@id\":\"https:\\\/\\\/folhapopular.info\\\/wp-content\\\/uploads\\\/2026\\\/04\\\/Luis-Augusto-Huppes-1-1.webp\",\"url\":\"https:\\\/\\\/folhapopular.info\\\/wp-content\\\/uploads\\\/2026\\\/04\\\/Luis-Augusto-Huppes-1-1.webp\",\"contentUrl\":\"https:\\\/\\\/folhapopular.info\\\/wp-content\\\/uploads\\\/2026\\\/04\\\/Luis-Augusto-Huppes-1-1.webp\",\"caption\":\"Luis Augusto Huppes\"},\"sameAs\":[\"https:\\\/\\\/www.facebook.com\\\/luis.huppes\\\/\",\"https:\\\/\\\/www.instagram.com\\\/luis.huppes\\\/\",\"https:\\\/\\\/www.linkedin.com\\\/in\\\/luis-augusto-huppes-2554b52b7\\\/\"],\"url\":\"https:\\\/\\\/folhapopular.info\\\/index.php\\\/author\\\/luis-augusto-huppes\\\/\"}]}<\/script>\n<!-- \/ Yoast SEO plugin. -->","yoast_head_json":{"title":"Municipal de Bom Retiro do Sul deve ter sete equipes - Folha Popular","robots":{"index":"index","follow":"follow","max-snippet":"max-snippet:-1","max-image-preview":"max-image-preview:large","max-video-preview":"max-video-preview:-1"},"canonical":"https:\/\/folhapopular.info\/index.php\/2026\/03\/06\/municipal-de-bom-retiro-do-sul-deve-ter-sete-equipes\/","og_locale":"pt_BR","og_type":"article","og_title":"Municipal de Bom Retiro do Sul deve ter sete equipes - Folha Popular","og_description":"O esporte vive um momento de retomada e fortalecimento em Bom Retiro do Sul. \u00c0 frente da coordena\u00e7\u00e3o de Esportes e Cultura, Jos\u00e9 Luis \u201cZ\u00e9\u201d destaca que 2026 come\u00e7ou com planejamento intenso, calend\u00e1rio cheio e expectativa de crescimento nas competi\u00e7\u00f5es municipais. O principal destaque \u00e9 o Campeonato Municipal de Futebol, que inicia no dia 15 [&hellip;]","og_url":"https:\/\/folhapopular.info\/index.php\/2026\/03\/06\/municipal-de-bom-retiro-do-sul-deve-ter-sete-equipes\/","og_site_name":"Folha Popular","article_author":"https:\/\/www.facebook.com\/luis.huppes\/","article_published_time":"2026-03-06T18:39:00+00:00","article_modified_time":"2026-03-06T18:43:00+00:00","og_image":[{"width":696,"height":522,"url":"http:\/\/folhapopular.info\/wp-content\/uploads\/2026\/03\/WhatsApp-Image-2025-07-13-at-17.59.41-696x522-1.jpeg","type":"image\/jpeg"}],"author":"Luis Augusto Huppes","twitter_card":"summary_large_image","twitter_misc":{"Escrito por":"Luis Augusto Huppes","Est. tempo de leitura":"4 minutos"},"schema":{"@context":"https:\/\/schema.org","@graph":[{"@type":"Article","@id":"https:\/\/folhapopular.info\/index.php\/2026\/03\/06\/municipal-de-bom-retiro-do-sul-deve-ter-sete-equipes\/#article","isPartOf":{"@id":"https:\/\/folhapopular.info\/index.php\/2026\/03\/06\/municipal-de-bom-retiro-do-sul-deve-ter-sete-equipes\/"},"author":{"name":"Luis Augusto Huppes","@id":"https:\/\/folhapopular.info\/#\/schema\/person\/e852c327371714676d02e58cf917fd9f"},"headline":"Municipal de Bom Retiro do Sul deve ter sete equipes","datePublished":"2026-03-06T18:39:00+00:00","dateModified":"2026-03-06T18:43:00+00:00","mainEntityOfPage":{"@id":"https:\/\/folhapopular.info\/index.php\/2026\/03\/06\/municipal-de-bom-retiro-do-sul-deve-ter-sete-equipes\/"},"wordCount":697,"commentCount":0,"image":{"@id":"https:\/\/folhapopular.info\/index.php\/2026\/03\/06\/municipal-de-bom-retiro-do-sul-deve-ter-sete-equipes\/#primaryimage"},"thumbnailUrl":"https:\/\/folhapopular.info\/wp-content\/uploads\/2026\/03\/WhatsApp-Image-2025-07-13-at-17.59.41-696x522-1.jpeg","keywords":["Bom Retiro do Sul","Esportes Variados","futebol amador"],"articleSection":["Esportes","Esportes Variados","Futebol Amador"],"inLanguage":"pt-BR","potentialAction":[{"@type":"CommentAction","name":"Comment","target":["https:\/\/folhapopular.info\/index.php\/2026\/03\/06\/municipal-de-bom-retiro-do-sul-deve-ter-sete-equipes\/#respond"]}]},{"@type":"WebPage","@id":"https:\/\/folhapopular.info\/index.php\/2026\/03\/06\/municipal-de-bom-retiro-do-sul-deve-ter-sete-equipes\/","url":"https:\/\/folhapopular.info\/index.php\/2026\/03\/06\/municipal-de-bom-retiro-do-sul-deve-ter-sete-equipes\/","name":"Municipal de Bom Retiro do Sul deve ter sete equipes - Folha Popular","isPartOf":{"@id":"https:\/\/folhapopular.info\/#website"},"primaryImageOfPage":{"@id":"https:\/\/folhapopular.info\/index.php\/2026\/03\/06\/municipal-de-bom-retiro-do-sul-deve-ter-sete-equipes\/#primaryimage"},"image":{"@id":"https:\/\/folhapopular.info\/index.php\/2026\/03\/06\/municipal-de-bom-retiro-do-sul-deve-ter-sete-equipes\/#primaryimage"},"thumbnailUrl":"https:\/\/folhapopular.info\/wp-content\/uploads\/2026\/03\/WhatsApp-Image-2025-07-13-at-17.59.41-696x522-1.jpeg","datePublished":"2026-03-06T18:39:00+00:00","dateModified":"2026-03-06T18:43:00+00:00","author":{"@id":"https:\/\/folhapopular.info\/#\/schema\/person\/e852c327371714676d02e58cf917fd9f"},"breadcrumb":{"@id":"https:\/\/folhapopular.info\/index.php\/2026\/03\/06\/municipal-de-bom-retiro-do-sul-deve-ter-sete-equipes\/#breadcrumb"},"inLanguage":"pt-BR","potentialAction":[{"@type":"ReadAction","target":["https:\/\/folhapopular.info\/index.php\/2026\/03\/06\/municipal-de-bom-retiro-do-sul-deve-ter-sete-equipes\/"]}]},{"@type":"ImageObject","inLanguage":"pt-BR","@id":"https:\/\/folhapopular.info\/index.php\/2026\/03\/06\/municipal-de-bom-retiro-do-sul-deve-ter-sete-equipes\/#primaryimage","url":"https:\/\/folhapopular.info\/wp-content\/uploads\/2026\/03\/WhatsApp-Image-2025-07-13-at-17.59.41-696x522-1.jpeg","contentUrl":"https:\/\/folhapopular.info\/wp-content\/uploads\/2026\/03\/WhatsApp-Image-2025-07-13-at-17.59.41-696x522-1.jpeg","width":696,"height":522,"caption":"Gr\u00eamio \u00e9 o atual campe\u00e3o - Cr\u00e9dito Arquivo FP"},{"@type":"BreadcrumbList","@id":"https:\/\/folhapopular.info\/index.php\/2026\/03\/06\/municipal-de-bom-retiro-do-sul-deve-ter-sete-equipes\/#breadcrumb","itemListElement":[{"@type":"ListItem","position":1,"name":"In\u00edcio","item":"https:\/\/folhapopular.info\/"},{"@type":"ListItem","position":2,"name":"Municipal de Bom Retiro do Sul deve ter sete equipes"}]},{"@type":"WebSite","@id":"https:\/\/folhapopular.info\/#website","url":"https:\/\/folhapopular.info\/","name":"Folha Popular","description":"Onde voc\u00ea tem vez e voz","potentialAction":[{"@type":"SearchAction","target":{"@type":"EntryPoint","urlTemplate":"https:\/\/folhapopular.info\/?s={search_term_string}"},"query-input":{"@type":"PropertyValueSpecification","valueRequired":true,"valueName":"search_term_string"}}],"inLanguage":"pt-BR"},{"@type":"Person","@id":"https:\/\/folhapopular.info\/#\/schema\/person\/e852c327371714676d02e58cf917fd9f","name":"Luis Augusto Huppes","image":{"@type":"ImageObject","inLanguage":"pt-BR","@id":"https:\/\/folhapopular.info\/wp-content\/uploads\/2026\/04\/Luis-Augusto-Huppes-1-1.webp","url":"https:\/\/folhapopular.info\/wp-content\/uploads\/2026\/04\/Luis-Augusto-Huppes-1-1.webp","contentUrl":"https:\/\/folhapopular.info\/wp-content\/uploads\/2026\/04\/Luis-Augusto-Huppes-1-1.webp","caption":"Luis Augusto Huppes"},"sameAs":["https:\/\/www.facebook.com\/luis.huppes\/","https:\/\/www.instagram.com\/luis.huppes\/","https:\/\/www.linkedin.com\/in\/luis-augusto-huppes-2554b52b7\/"],"url":"https:\/\/folhapopular.info\/index.php\/author\/luis-augusto-huppes\/"}]}},"jetpack_featured_media_url":"https:\/\/folhapopular.info\/wp-content\/uploads\/2026\/03\/WhatsApp-Image-2025-07-13-at-17.59.41-696x522-1.jpeg","jetpack_sharing_enabled":true,"amp_enabled":true,"_links":{"self":[{"href":"https:\/\/folhapopular.info\/index.php\/wp-json\/wp\/v2\/posts\/205252","targetHints":{"allow":["GET"]}}],"collection":[{"href":"https:\/\/folhapopular.info\/index.php\/wp-json\/wp\/v2\/posts"}],"about":[{"href":"https:\/\/folhapopular.info\/index.php\/wp-json\/wp\/v2\/types\/post"}],"author":[{"embeddable":true,"href":"https:\/\/folhapopular.info\/index.php\/wp-json\/wp\/v2\/users\/732"}],"replies":[{"embeddable":true,"href":"https:\/\/folhapopular.info\/index.php\/wp-json\/wp\/v2\/comments?post=205252"}],"version-history":[{"count":0,"href":"https:\/\/folhapopular.info\/index.php\/wp-json\/wp\/v2\/posts\/205252\/revisions"}],"wp:featuredmedia":[{"embeddable":true,"href":"https:\/\/folhapopular.info\/index.php\/wp-json\/wp\/v2\/media\/205253"}],"wp:attachment":[{"href":"https:\/\/folhapopular.info\/index.php\/wp-json\/wp\/v2\/media?parent=205252"}],"wp:term":[{"taxonomy":"category","embeddable":true,"href":"https:\/\/folhapopular.info\/index.php\/wp-json\/wp\/v2\/categories?post=205252"},{"taxonomy":"post_tag","embeddable":true,"href":"https:\/\/folhapopular.info\/index.php\/wp-json\/wp\/v2\/tags?post=205252"}],"curies":[{"name":"wp","href":"https:\/\/api.w.org\/{rel}","templated":true}]}}