{"id":205264,"date":"2026-03-06T17:12:15","date_gmt":"2026-03-06T20:12:15","guid":{"rendered":"https:\/\/folhapopular.info\/?p=205264"},"modified":"2026-03-06T17:12:20","modified_gmt":"2026-03-06T20:12:20","slug":"teutonia-celebra-o-dia-internacional-da-mulher-com-reflexao-musica-e-integracao","status":"publish","type":"post","link":"https:\/\/folhapopular.info\/index.php\/2026\/03\/06\/teutonia-celebra-o-dia-internacional-da-mulher-com-reflexao-musica-e-integracao\/","title":{"rendered":"Teut\u00f4nia celebra o Dia Internacional da Mulher com reflex\u00e3o, m\u00fasica e integra\u00e7\u00e3o"},"content":{"rendered":"\n<p>Um encontro especial marcou a celebra\u00e7\u00e3o do Dia Internacional da Mulher, reunindo mulheres da comunidade em uma programa\u00e7\u00e3o organizada pela Secretaria Municipal de Assist\u00eancia Social de Teut\u00f4nia.<\/p>\n\n\n\n<p>A atividade come\u00e7ou com a palestra da reitora da Univates, Ev\u00e2nia Schneider, que refletiu sobre as conquistas das mulheres ao longo da hist\u00f3ria, os desafios que ainda permanecem e a import\u00e2ncia da resili\u00eancia como for\u00e7a capaz de transformar experi\u00eancias em aprendizado e empoderamento.<\/p>\n\n\n\n<figure class=\"wp-block-image size-large\"><img loading=\"lazy\" decoding=\"async\" width=\"1024\" height=\"768\" src=\"https:\/\/folhapopular.info\/wp-content\/uploads\/2026\/03\/WhatsApp-Image-2026-03-06-at-17.08.55-1024x768.jpeg\" alt=\"\" class=\"wp-image-205266\" srcset=\"https:\/\/folhapopular.info\/wp-content\/uploads\/2026\/03\/WhatsApp-Image-2026-03-06-at-17.08.55-1024x768.jpeg 1024w, https:\/\/folhapopular.info\/wp-content\/uploads\/2026\/03\/WhatsApp-Image-2026-03-06-at-17.08.55-300x225.jpeg 300w, https:\/\/folhapopular.info\/wp-content\/uploads\/2026\/03\/WhatsApp-Image-2026-03-06-at-17.08.55-768x576.jpeg 768w, https:\/\/folhapopular.info\/wp-content\/uploads\/2026\/03\/WhatsApp-Image-2026-03-06-at-17.08.55-560x420.jpeg 560w, https:\/\/folhapopular.info\/wp-content\/uploads\/2026\/03\/WhatsApp-Image-2026-03-06-at-17.08.55-80x60.jpeg 80w, https:\/\/folhapopular.info\/wp-content\/uploads\/2026\/03\/WhatsApp-Image-2026-03-06-at-17.08.55-696x522.jpeg 696w, https:\/\/folhapopular.info\/wp-content\/uploads\/2026\/03\/WhatsApp-Image-2026-03-06-at-17.08.55-1068x801.jpeg 1068w, https:\/\/folhapopular.info\/wp-content\/uploads\/2026\/03\/WhatsApp-Image-2026-03-06-at-17.08.55.jpeg 1280w\" sizes=\"auto, (max-width: 1024px) 100vw, 1024px\" \/><figcaption class=\"wp-element-caption\">Cr\u00e9dito: Prefeitura de Teut\u00f4nia \/ Divulga\u00e7\u00e3o<\/figcaption><\/figure>\n\n\n\n<p>A programa\u00e7\u00e3o tamb\u00e9m incluiu momentos de integra\u00e7\u00e3o e descontra\u00e7\u00e3o. O professor Anderson Altman conduziu um momento musical com can\u00e7\u00f5es antigas, despertando lembran\u00e7as e incentivando a participa\u00e7\u00e3o de todas, em um clima de uni\u00e3o e emo\u00e7\u00e3o.<\/p>\n\n\n\n<p>O encerramento ficou por conta do professor Sidnei Flores, que conduziu din\u00e2micas e atividades de dan\u00e7a adaptada, promovendo movimento, alegria e muitos sorrisos entre as participantes.<\/p>\n\n\n\n<p><\/p>\n","protected":false},"excerpt":{"rendered":"<p>Um encontro especial marcou a celebra\u00e7\u00e3o do Dia Internacional da Mulher, reunindo mulheres da comunidade em uma programa\u00e7\u00e3o organizada pela Secretaria Municipal de Assist\u00eancia Social de Teut\u00f4nia. A atividade come\u00e7ou com a palestra da reitora da Univates, Ev\u00e2nia Schneider, que refletiu sobre as conquistas das mulheres ao longo da hist\u00f3ria, os desafios que ainda permanecem [&hellip;]<\/p>\n","protected":false},"author":8,"featured_media":205265,"comment_status":"open","ping_status":"open","sticky":false,"template":"","format":"standard","meta":{"pmpro_default_level":"","_jetpack_memberships_contains_paid_content":false,"footnotes":""},"categories":[2,6],"tags":[20693,2220,20692,20694,26],"class_list":{"0":"post-205264","1":"post","2":"type-post","3":"status-publish","4":"format-standard","5":"has-post-thumbnail","7":"category-featured","8":"category-inclusive","9":"tag-anderson-altman","10":"tag-dia-da-mulher","11":"tag-evania-schneider-2","12":"tag-sidnei-flores","13":"tag-teutonia","14":"pmpro-has-access"},"yoast_head":"<!-- This site is optimized with the Yoast SEO plugin v27.5 - https:\/\/yoast.com\/product\/yoast-seo-wordpress\/ -->\n<title>Teut\u00f4nia celebra o Dia Internacional da Mulher com reflex\u00e3o, m\u00fasica e integra\u00e7\u00e3o - Folha Popular<\/title>\n<meta name=\"robots\" content=\"index, follow, max-snippet:-1, max-image-preview:large, max-video-preview:-1\" \/>\n<link rel=\"canonical\" href=\"https:\/\/folhapopular.info\/index.php\/2026\/03\/06\/teutonia-celebra-o-dia-internacional-da-mulher-com-reflexao-musica-e-integracao\/\" \/>\n<meta property=\"og:locale\" content=\"pt_BR\" \/>\n<meta property=\"og:type\" content=\"article\" \/>\n<meta property=\"og:title\" content=\"Teut\u00f4nia celebra o Dia Internacional da Mulher com reflex\u00e3o, m\u00fasica e integra\u00e7\u00e3o - Folha Popular\" \/>\n<meta property=\"og:description\" content=\"Um encontro especial marcou a celebra\u00e7\u00e3o do Dia Internacional da Mulher, reunindo mulheres da comunidade em uma programa\u00e7\u00e3o organizada pela Secretaria Municipal de Assist\u00eancia Social de Teut\u00f4nia. A atividade come\u00e7ou com a palestra da reitora da Univates, Ev\u00e2nia Schneider, que refletiu sobre as conquistas das mulheres ao longo da hist\u00f3ria, os desafios que ainda permanecem [&hellip;]\" \/>\n<meta property=\"og:url\" content=\"https:\/\/folhapopular.info\/index.php\/2026\/03\/06\/teutonia-celebra-o-dia-internacional-da-mulher-com-reflexao-musica-e-integracao\/\" \/>\n<meta property=\"og:site_name\" content=\"Folha Popular\" \/>\n<meta property=\"article:published_time\" content=\"2026-03-06T20:12:15+00:00\" \/>\n<meta property=\"article:modified_time\" content=\"2026-03-06T20:12:20+00:00\" \/>\n<meta property=\"og:image\" content=\"http:\/\/folhapopular.info\/wp-content\/uploads\/2026\/03\/WhatsApp-Image-2026-03-06-at-17.08.54.jpeg\" \/>\n\t<meta property=\"og:image:width\" content=\"1280\" \/>\n\t<meta property=\"og:image:height\" content=\"960\" \/>\n\t<meta property=\"og:image:type\" content=\"image\/jpeg\" \/>\n<meta name=\"author\" content=\"Reda\u00e7\u00e3o Folha Popular\" \/>\n<meta name=\"twitter:card\" content=\"summary_large_image\" \/>\n<meta name=\"twitter:label1\" content=\"Escrito por\" \/>\n\t<meta name=\"twitter:data1\" content=\"Reda\u00e7\u00e3o Folha Popular\" \/>\n\t<meta name=\"twitter:label2\" content=\"Est. tempo de leitura\" \/>\n\t<meta name=\"twitter:data2\" content=\"2 minutos\" \/>\n<script type=\"application\/ld+json\" class=\"yoast-schema-graph\">{\"@context\":\"https:\\\/\\\/schema.org\",\"@graph\":[{\"@type\":\"Article\",\"@id\":\"https:\\\/\\\/folhapopular.info\\\/index.php\\\/2026\\\/03\\\/06\\\/teutonia-celebra-o-dia-internacional-da-mulher-com-reflexao-musica-e-integracao\\\/#article\",\"isPartOf\":{\"@id\":\"https:\\\/\\\/folhapopular.info\\\/index.php\\\/2026\\\/03\\\/06\\\/teutonia-celebra-o-dia-internacional-da-mulher-com-reflexao-musica-e-integracao\\\/\"},\"author\":{\"name\":\"Reda\u00e7\u00e3o Folha Popular\",\"@id\":\"https:\\\/\\\/folhapopular.info\\\/#\\\/schema\\\/person\\\/2814e8a0df7643585a9ca38bc6eb9d4b\"},\"headline\":\"Teut\u00f4nia celebra o Dia Internacional da Mulher com reflex\u00e3o, m\u00fasica e integra\u00e7\u00e3o\",\"datePublished\":\"2026-03-06T20:12:15+00:00\",\"dateModified\":\"2026-03-06T20:12:20+00:00\",\"mainEntityOfPage\":{\"@id\":\"https:\\\/\\\/folhapopular.info\\\/index.php\\\/2026\\\/03\\\/06\\\/teutonia-celebra-o-dia-internacional-da-mulher-com-reflexao-musica-e-integracao\\\/\"},\"wordCount\":177,\"commentCount\":0,\"image\":{\"@id\":\"https:\\\/\\\/folhapopular.info\\\/index.php\\\/2026\\\/03\\\/06\\\/teutonia-celebra-o-dia-internacional-da-mulher-com-reflexao-musica-e-integracao\\\/#primaryimage\"},\"thumbnailUrl\":\"https:\\\/\\\/folhapopular.info\\\/wp-content\\\/uploads\\\/2026\\\/03\\\/WhatsApp-Image-2026-03-06-at-17.08.54.jpeg\",\"keywords\":[\"Anderson Altman\",\"Dia da Mulher\",\"Ev\u00e2nia Schneider\",\"Sidnei Flores\",\"Teut\u00f4nia\"],\"articleSection\":[\"Destaques\",\"Inclusive\"],\"inLanguage\":\"pt-BR\",\"potentialAction\":[{\"@type\":\"CommentAction\",\"name\":\"Comment\",\"target\":[\"https:\\\/\\\/folhapopular.info\\\/index.php\\\/2026\\\/03\\\/06\\\/teutonia-celebra-o-dia-internacional-da-mulher-com-reflexao-musica-e-integracao\\\/#respond\"]}]},{\"@type\":\"WebPage\",\"@id\":\"https:\\\/\\\/folhapopular.info\\\/index.php\\\/2026\\\/03\\\/06\\\/teutonia-celebra-o-dia-internacional-da-mulher-com-reflexao-musica-e-integracao\\\/\",\"url\":\"https:\\\/\\\/folhapopular.info\\\/index.php\\\/2026\\\/03\\\/06\\\/teutonia-celebra-o-dia-internacional-da-mulher-com-reflexao-musica-e-integracao\\\/\",\"name\":\"Teut\u00f4nia celebra o Dia Internacional da Mulher com reflex\u00e3o, m\u00fasica e integra\u00e7\u00e3o - Folha Popular\",\"isPartOf\":{\"@id\":\"https:\\\/\\\/folhapopular.info\\\/#website\"},\"primaryImageOfPage\":{\"@id\":\"https:\\\/\\\/folhapopular.info\\\/index.php\\\/2026\\\/03\\\/06\\\/teutonia-celebra-o-dia-internacional-da-mulher-com-reflexao-musica-e-integracao\\\/#primaryimage\"},\"image\":{\"@id\":\"https:\\\/\\\/folhapopular.info\\\/index.php\\\/2026\\\/03\\\/06\\\/teutonia-celebra-o-dia-internacional-da-mulher-com-reflexao-musica-e-integracao\\\/#primaryimage\"},\"thumbnailUrl\":\"https:\\\/\\\/folhapopular.info\\\/wp-content\\\/uploads\\\/2026\\\/03\\\/WhatsApp-Image-2026-03-06-at-17.08.54.jpeg\",\"datePublished\":\"2026-03-06T20:12:15+00:00\",\"dateModified\":\"2026-03-06T20:12:20+00:00\",\"author\":{\"@id\":\"https:\\\/\\\/folhapopular.info\\\/#\\\/schema\\\/person\\\/2814e8a0df7643585a9ca38bc6eb9d4b\"},\"breadcrumb\":{\"@id\":\"https:\\\/\\\/folhapopular.info\\\/index.php\\\/2026\\\/03\\\/06\\\/teutonia-celebra-o-dia-internacional-da-mulher-com-reflexao-musica-e-integracao\\\/#breadcrumb\"},\"inLanguage\":\"pt-BR\",\"potentialAction\":[{\"@type\":\"ReadAction\",\"target\":[\"https:\\\/\\\/folhapopular.info\\\/index.php\\\/2026\\\/03\\\/06\\\/teutonia-celebra-o-dia-internacional-da-mulher-com-reflexao-musica-e-integracao\\\/\"]}]},{\"@type\":\"ImageObject\",\"inLanguage\":\"pt-BR\",\"@id\":\"https:\\\/\\\/folhapopular.info\\\/index.php\\\/2026\\\/03\\\/06\\\/teutonia-celebra-o-dia-internacional-da-mulher-com-reflexao-musica-e-integracao\\\/#primaryimage\",\"url\":\"https:\\\/\\\/folhapopular.info\\\/wp-content\\\/uploads\\\/2026\\\/03\\\/WhatsApp-Image-2026-03-06-at-17.08.54.jpeg\",\"contentUrl\":\"https:\\\/\\\/folhapopular.info\\\/wp-content\\\/uploads\\\/2026\\\/03\\\/WhatsApp-Image-2026-03-06-at-17.08.54.jpeg\",\"width\":1280,\"height\":960,\"caption\":\"Cr\u00e9dito: Prefeitura de Teut\u00f4nia \\\/ Divulga\u00e7\u00e3o\"},{\"@type\":\"BreadcrumbList\",\"@id\":\"https:\\\/\\\/folhapopular.info\\\/index.php\\\/2026\\\/03\\\/06\\\/teutonia-celebra-o-dia-internacional-da-mulher-com-reflexao-musica-e-integracao\\\/#breadcrumb\",\"itemListElement\":[{\"@type\":\"ListItem\",\"position\":1,\"name\":\"In\u00edcio\",\"item\":\"https:\\\/\\\/folhapopular.info\\\/\"},{\"@type\":\"ListItem\",\"position\":2,\"name\":\"Teut\u00f4nia celebra o Dia Internacional da Mulher com reflex\u00e3o, m\u00fasica e integra\u00e7\u00e3o\"}]},{\"@type\":\"WebSite\",\"@id\":\"https:\\\/\\\/folhapopular.info\\\/#website\",\"url\":\"https:\\\/\\\/folhapopular.info\\\/\",\"name\":\"Folha Popular\",\"description\":\"Onde voc\u00ea tem vez e voz\",\"potentialAction\":[{\"@type\":\"SearchAction\",\"target\":{\"@type\":\"EntryPoint\",\"urlTemplate\":\"https:\\\/\\\/folhapopular.info\\\/?s={search_term_string}\"},\"query-input\":{\"@type\":\"PropertyValueSpecification\",\"valueRequired\":true,\"valueName\":\"search_term_string\"}}],\"inLanguage\":\"pt-BR\"},{\"@type\":\"Person\",\"@id\":\"https:\\\/\\\/folhapopular.info\\\/#\\\/schema\\\/person\\\/2814e8a0df7643585a9ca38bc6eb9d4b\",\"name\":\"Reda\u00e7\u00e3o Folha Popular\",\"image\":{\"@type\":\"ImageObject\",\"inLanguage\":\"pt-BR\",\"@id\":\"https:\\\/\\\/folhapopular.info\\\/wp-content\\\/uploads\\\/2026\\\/04\\\/Folha-1.webp\",\"url\":\"https:\\\/\\\/folhapopular.info\\\/wp-content\\\/uploads\\\/2026\\\/04\\\/Folha-1.webp\",\"contentUrl\":\"https:\\\/\\\/folhapopular.info\\\/wp-content\\\/uploads\\\/2026\\\/04\\\/Folha-1.webp\",\"caption\":\"Reda\u00e7\u00e3o Folha Popular\"},\"url\":\"https:\\\/\\\/folhapopular.info\\\/index.php\\\/author\\\/redacao\\\/\"}]}<\/script>\n<!-- \/ Yoast SEO plugin. -->","yoast_head_json":{"title":"Teut\u00f4nia celebra o Dia Internacional da Mulher com reflex\u00e3o, m\u00fasica e integra\u00e7\u00e3o - Folha Popular","robots":{"index":"index","follow":"follow","max-snippet":"max-snippet:-1","max-image-preview":"max-image-preview:large","max-video-preview":"max-video-preview:-1"},"canonical":"https:\/\/folhapopular.info\/index.php\/2026\/03\/06\/teutonia-celebra-o-dia-internacional-da-mulher-com-reflexao-musica-e-integracao\/","og_locale":"pt_BR","og_type":"article","og_title":"Teut\u00f4nia celebra o Dia Internacional da Mulher com reflex\u00e3o, m\u00fasica e integra\u00e7\u00e3o - Folha Popular","og_description":"Um encontro especial marcou a celebra\u00e7\u00e3o do Dia Internacional da Mulher, reunindo mulheres da comunidade em uma programa\u00e7\u00e3o organizada pela Secretaria Municipal de Assist\u00eancia Social de Teut\u00f4nia. A atividade come\u00e7ou com a palestra da reitora da Univates, Ev\u00e2nia Schneider, que refletiu sobre as conquistas das mulheres ao longo da hist\u00f3ria, os desafios que ainda permanecem [&hellip;]","og_url":"https:\/\/folhapopular.info\/index.php\/2026\/03\/06\/teutonia-celebra-o-dia-internacional-da-mulher-com-reflexao-musica-e-integracao\/","og_site_name":"Folha Popular","article_published_time":"2026-03-06T20:12:15+00:00","article_modified_time":"2026-03-06T20:12:20+00:00","og_image":[{"width":1280,"height":960,"url":"http:\/\/folhapopular.info\/wp-content\/uploads\/2026\/03\/WhatsApp-Image-2026-03-06-at-17.08.54.jpeg","type":"image\/jpeg"}],"author":"Reda\u00e7\u00e3o Folha Popular","twitter_card":"summary_large_image","twitter_misc":{"Escrito por":"Reda\u00e7\u00e3o Folha Popular","Est. tempo de leitura":"2 minutos"},"schema":{"@context":"https:\/\/schema.org","@graph":[{"@type":"Article","@id":"https:\/\/folhapopular.info\/index.php\/2026\/03\/06\/teutonia-celebra-o-dia-internacional-da-mulher-com-reflexao-musica-e-integracao\/#article","isPartOf":{"@id":"https:\/\/folhapopular.info\/index.php\/2026\/03\/06\/teutonia-celebra-o-dia-internacional-da-mulher-com-reflexao-musica-e-integracao\/"},"author":{"name":"Reda\u00e7\u00e3o Folha Popular","@id":"https:\/\/folhapopular.info\/#\/schema\/person\/2814e8a0df7643585a9ca38bc6eb9d4b"},"headline":"Teut\u00f4nia celebra o Dia Internacional da Mulher com reflex\u00e3o, m\u00fasica e integra\u00e7\u00e3o","datePublished":"2026-03-06T20:12:15+00:00","dateModified":"2026-03-06T20:12:20+00:00","mainEntityOfPage":{"@id":"https:\/\/folhapopular.info\/index.php\/2026\/03\/06\/teutonia-celebra-o-dia-internacional-da-mulher-com-reflexao-musica-e-integracao\/"},"wordCount":177,"commentCount":0,"image":{"@id":"https:\/\/folhapopular.info\/index.php\/2026\/03\/06\/teutonia-celebra-o-dia-internacional-da-mulher-com-reflexao-musica-e-integracao\/#primaryimage"},"thumbnailUrl":"https:\/\/folhapopular.info\/wp-content\/uploads\/2026\/03\/WhatsApp-Image-2026-03-06-at-17.08.54.jpeg","keywords":["Anderson Altman","Dia da Mulher","Ev\u00e2nia Schneider","Sidnei Flores","Teut\u00f4nia"],"articleSection":["Destaques","Inclusive"],"inLanguage":"pt-BR","potentialAction":[{"@type":"CommentAction","name":"Comment","target":["https:\/\/folhapopular.info\/index.php\/2026\/03\/06\/teutonia-celebra-o-dia-internacional-da-mulher-com-reflexao-musica-e-integracao\/#respond"]}]},{"@type":"WebPage","@id":"https:\/\/folhapopular.info\/index.php\/2026\/03\/06\/teutonia-celebra-o-dia-internacional-da-mulher-com-reflexao-musica-e-integracao\/","url":"https:\/\/folhapopular.info\/index.php\/2026\/03\/06\/teutonia-celebra-o-dia-internacional-da-mulher-com-reflexao-musica-e-integracao\/","name":"Teut\u00f4nia celebra o Dia Internacional da Mulher com reflex\u00e3o, m\u00fasica e integra\u00e7\u00e3o - Folha Popular","isPartOf":{"@id":"https:\/\/folhapopular.info\/#website"},"primaryImageOfPage":{"@id":"https:\/\/folhapopular.info\/index.php\/2026\/03\/06\/teutonia-celebra-o-dia-internacional-da-mulher-com-reflexao-musica-e-integracao\/#primaryimage"},"image":{"@id":"https:\/\/folhapopular.info\/index.php\/2026\/03\/06\/teutonia-celebra-o-dia-internacional-da-mulher-com-reflexao-musica-e-integracao\/#primaryimage"},"thumbnailUrl":"https:\/\/folhapopular.info\/wp-content\/uploads\/2026\/03\/WhatsApp-Image-2026-03-06-at-17.08.54.jpeg","datePublished":"2026-03-06T20:12:15+00:00","dateModified":"2026-03-06T20:12:20+00:00","author":{"@id":"https:\/\/folhapopular.info\/#\/schema\/person\/2814e8a0df7643585a9ca38bc6eb9d4b"},"breadcrumb":{"@id":"https:\/\/folhapopular.info\/index.php\/2026\/03\/06\/teutonia-celebra-o-dia-internacional-da-mulher-com-reflexao-musica-e-integracao\/#breadcrumb"},"inLanguage":"pt-BR","potentialAction":[{"@type":"ReadAction","target":["https:\/\/folhapopular.info\/index.php\/2026\/03\/06\/teutonia-celebra-o-dia-internacional-da-mulher-com-reflexao-musica-e-integracao\/"]}]},{"@type":"ImageObject","inLanguage":"pt-BR","@id":"https:\/\/folhapopular.info\/index.php\/2026\/03\/06\/teutonia-celebra-o-dia-internacional-da-mulher-com-reflexao-musica-e-integracao\/#primaryimage","url":"https:\/\/folhapopular.info\/wp-content\/uploads\/2026\/03\/WhatsApp-Image-2026-03-06-at-17.08.54.jpeg","contentUrl":"https:\/\/folhapopular.info\/wp-content\/uploads\/2026\/03\/WhatsApp-Image-2026-03-06-at-17.08.54.jpeg","width":1280,"height":960,"caption":"Cr\u00e9dito: Prefeitura de Teut\u00f4nia \/ Divulga\u00e7\u00e3o"},{"@type":"BreadcrumbList","@id":"https:\/\/folhapopular.info\/index.php\/2026\/03\/06\/teutonia-celebra-o-dia-internacional-da-mulher-com-reflexao-musica-e-integracao\/#breadcrumb","itemListElement":[{"@type":"ListItem","position":1,"name":"In\u00edcio","item":"https:\/\/folhapopular.info\/"},{"@type":"ListItem","position":2,"name":"Teut\u00f4nia celebra o Dia Internacional da Mulher com reflex\u00e3o, m\u00fasica e integra\u00e7\u00e3o"}]},{"@type":"WebSite","@id":"https:\/\/folhapopular.info\/#website","url":"https:\/\/folhapopular.info\/","name":"Folha Popular","description":"Onde voc\u00ea tem vez e voz","potentialAction":[{"@type":"SearchAction","target":{"@type":"EntryPoint","urlTemplate":"https:\/\/folhapopular.info\/?s={search_term_string}"},"query-input":{"@type":"PropertyValueSpecification","valueRequired":true,"valueName":"search_term_string"}}],"inLanguage":"pt-BR"},{"@type":"Person","@id":"https:\/\/folhapopular.info\/#\/schema\/person\/2814e8a0df7643585a9ca38bc6eb9d4b","name":"Reda\u00e7\u00e3o Folha Popular","image":{"@type":"ImageObject","inLanguage":"pt-BR","@id":"https:\/\/folhapopular.info\/wp-content\/uploads\/2026\/04\/Folha-1.webp","url":"https:\/\/folhapopular.info\/wp-content\/uploads\/2026\/04\/Folha-1.webp","contentUrl":"https:\/\/folhapopular.info\/wp-content\/uploads\/2026\/04\/Folha-1.webp","caption":"Reda\u00e7\u00e3o Folha Popular"},"url":"https:\/\/folhapopular.info\/index.php\/author\/redacao\/"}]}},"jetpack_featured_media_url":"https:\/\/folhapopular.info\/wp-content\/uploads\/2026\/03\/WhatsApp-Image-2026-03-06-at-17.08.54.jpeg","jetpack_sharing_enabled":true,"amp_enabled":true,"_links":{"self":[{"href":"https:\/\/folhapopular.info\/index.php\/wp-json\/wp\/v2\/posts\/205264","targetHints":{"allow":["GET"]}}],"collection":[{"href":"https:\/\/folhapopular.info\/index.php\/wp-json\/wp\/v2\/posts"}],"about":[{"href":"https:\/\/folhapopular.info\/index.php\/wp-json\/wp\/v2\/types\/post"}],"author":[{"embeddable":true,"href":"https:\/\/folhapopular.info\/index.php\/wp-json\/wp\/v2\/users\/8"}],"replies":[{"embeddable":true,"href":"https:\/\/folhapopular.info\/index.php\/wp-json\/wp\/v2\/comments?post=205264"}],"version-history":[{"count":0,"href":"https:\/\/folhapopular.info\/index.php\/wp-json\/wp\/v2\/posts\/205264\/revisions"}],"wp:featuredmedia":[{"embeddable":true,"href":"https:\/\/folhapopular.info\/index.php\/wp-json\/wp\/v2\/media\/205265"}],"wp:attachment":[{"href":"https:\/\/folhapopular.info\/index.php\/wp-json\/wp\/v2\/media?parent=205264"}],"wp:term":[{"taxonomy":"category","embeddable":true,"href":"https:\/\/folhapopular.info\/index.php\/wp-json\/wp\/v2\/categories?post=205264"},{"taxonomy":"post_tag","embeddable":true,"href":"https:\/\/folhapopular.info\/index.php\/wp-json\/wp\/v2\/tags?post=205264"}],"curies":[{"name":"wp","href":"https:\/\/api.w.org\/{rel}","templated":true}]}}