{"id":205268,"date":"2026-03-06T18:51:09","date_gmt":"2026-03-06T21:51:09","guid":{"rendered":"https:\/\/folhapopular.info\/?p=205268"},"modified":"2026-03-07T10:14:52","modified_gmt":"2026-03-07T13:14:52","slug":"da-rivalidade-a-parceria-esperanca-e-juventude-mostram-como-o-futebol-do-interior-tambem-une","status":"publish","type":"post","link":"https:\/\/folhapopular.info\/index.php\/2026\/03\/06\/da-rivalidade-a-parceria-esperanca-e-juventude-mostram-como-o-futebol-do-interior-tambem-une\/","title":{"rendered":"Da rivalidade \u00e0 parceria: Esperan\u00e7a e Juventude mostram como o futebol do interior tamb\u00e9m une"},"content":{"rendered":"\n<p>Durante d\u00e9cadas, quando Esperan\u00e7a de Fazenda Lohmann e Juventude de Colinas se encontravam em campo, o clima era de disputa e arquibancadas divididas. Muito pr\u00f3ximas geograficamente, as duas comunidades transformavam cada confronto em mais um cap\u00edtulo de uma rivalidade marcante no futebol da regi\u00e3o.<\/p>\n\n\n\n<p>No entanto, hoje o cen\u00e1rio \u00e9 diferente. O que antes era antagonismo deu lugar a uma rela\u00e7\u00e3o de proximidade entre dirigentes, atletas e torcedores &#8211; uma parceria que mostra como o futebol do interior tamb\u00e9m pode unir comunidades.<\/p>\n\n\n\n<p>Fundado em 28 de fevereiro de 1974, o Juventude surgiu em meio a um cen\u00e1rio de clubes fortes no amador. Naquele per\u00edodo, equipes como Rui Barbosa, Esperan\u00e7a e Aimor\u00e9 dominavam o futebol local, e muitos jogadores que n\u00e3o encontravam espa\u00e7o nessas equipes acabaram como base do novo clube.<\/p>\n\n\n\n<p>\u201cCostum\u00e1vamos dizer que o Juventude come\u00e7ou com a \u2018sobra\u2019 dos outros times, atletas que n\u00e3o tinham vez nos clubes maiores da regi\u00e3o e pararam aqui\u201d, explica o presidente do Juventude, Giovan Dannebrock.<\/p>\n\n\n\n<p>Com o passar dos anos, os confrontos com o Esperan\u00e7a se tornaram cada vez mais marcantes. Na \u00e9poca em que Colinas ainda pertencia a Roca Sales, as comunidades eram praticamente vizinhas, o que tornava os jogos ainda mais intensos.<\/p>\n\n\n\n<p>Um dos epis\u00f3dios lembrados at\u00e9 hoje ocorreu em 1987, quando o Juventude conquistou o primeiro Campeonato Municipal de Roca Sales, justamente diante do Esperan\u00e7a.<\/p>\n\n\n\n<p>Quem viveu aquela \u00e9poca recorda que os conflitos eram fortes tamb\u00e9m fora de campo. \u201cNos tempos de guri, a rivalidade era muito grande. O pessoal se provocava bastante e isso, \u00e0s vezes, acabava em discuss\u00e3o ou confus\u00e3o depois do jogo\u201d, lembra Dannebrock.<\/p>\n\n\n\n<p>Com o tempo, a pr\u00f3pria conviv\u00eancia nas comunidades aproximou as pessoas e mudou a forma como a disputa \u00e9 encarada. Jogadores come\u00e7aram a vestir as duas camisetas em momentos diferentes, dirigentes se tornaram amigos e as novas gera\u00e7\u00f5es passaram a enxergar as partidas com outros olhares.<\/p>\n\n\n\n<p>O presidente do Juventude \u00e9 um exemplo disso. Em uma fase de inatividade do clube, ele chegou a defender a cor verde do Esperan\u00e7a. \u201cJoguei, fui campe\u00e3o e at\u00e9 presidente por um per\u00edodo\u201d, comenta.<\/p>\n\n\n\n<p>Esse tipo de situa\u00e7\u00e3o ajudou a diminuir a \u201cinimizade\u201d que marcou os primeiros anos das equipes. \u201cA minha gera\u00e7\u00e3o j\u00e1 come\u00e7ou a mudar um pouco isso. Sempre tivemos muitos amigos l\u00e1 na Fazenda Lohmann e n\u00e3o fazia mais sentido continuar com essa rixa\u201d, reflete Giovan.<\/p>\n\n\n\n<p>E foi justamente essa conviv\u00eancia que ajudou a transformar uma rivalidade hist\u00f3rica em uma parceria que promete seguir por anos.<\/p>\n\n\n\n<figure class=\"wp-block-gallery has-nested-images columns-default is-cropped wp-block-gallery-1 is-layout-flex wp-block-gallery-is-layout-flex\">\n<figure class=\"wp-block-image size-large\"><img loading=\"lazy\" decoding=\"async\" width=\"1024\" height=\"1024\" data-id=\"205275\" src=\"https:\/\/folhapopular.info\/wp-content\/uploads\/2026\/03\/Construcao-da-sede-do-Esperanca-em-1970-1024x1024.jpg\" alt=\"\" class=\"wp-image-205275\" srcset=\"https:\/\/folhapopular.info\/wp-content\/uploads\/2026\/03\/Construcao-da-sede-do-Esperanca-em-1970-1024x1024.jpg 1024w, https:\/\/folhapopular.info\/wp-content\/uploads\/2026\/03\/Construcao-da-sede-do-Esperanca-em-1970-300x300.jpg 300w, https:\/\/folhapopular.info\/wp-content\/uploads\/2026\/03\/Construcao-da-sede-do-Esperanca-em-1970-150x150.jpg 150w, https:\/\/folhapopular.info\/wp-content\/uploads\/2026\/03\/Construcao-da-sede-do-Esperanca-em-1970-768x768.jpg 768w, https:\/\/folhapopular.info\/wp-content\/uploads\/2026\/03\/Construcao-da-sede-do-Esperanca-em-1970-420x420.jpg 420w, https:\/\/folhapopular.info\/wp-content\/uploads\/2026\/03\/Construcao-da-sede-do-Esperanca-em-1970-696x696.jpg 696w, https:\/\/folhapopular.info\/wp-content\/uploads\/2026\/03\/Construcao-da-sede-do-Esperanca-em-1970-1068x1068.jpg 1068w, https:\/\/folhapopular.info\/wp-content\/uploads\/2026\/03\/Construcao-da-sede-do-Esperanca-em-1970.jpg 1440w\" sizes=\"auto, (max-width: 1024px) 100vw, 1024px\" \/><figcaption class=\"wp-element-caption\">Constru\u00e7\u00e3o da sede do Esperan\u00e7a, em 1970<\/figcaption><\/figure>\n\n\n\n<figure class=\"wp-block-image size-large\"><img loading=\"lazy\" decoding=\"async\" width=\"1024\" height=\"576\" data-id=\"205271\" src=\"https:\/\/folhapopular.info\/wp-content\/uploads\/2026\/03\/Inicio-da-construcao-da-nova-sede-do-Juventude-em-1974_DIV-1024x576.jpg\" alt=\"\" class=\"wp-image-205271\" srcset=\"https:\/\/folhapopular.info\/wp-content\/uploads\/2026\/03\/Inicio-da-construcao-da-nova-sede-do-Juventude-em-1974_DIV-1024x576.jpg 1024w, https:\/\/folhapopular.info\/wp-content\/uploads\/2026\/03\/Inicio-da-construcao-da-nova-sede-do-Juventude-em-1974_DIV-300x169.jpg 300w, https:\/\/folhapopular.info\/wp-content\/uploads\/2026\/03\/Inicio-da-construcao-da-nova-sede-do-Juventude-em-1974_DIV-768x432.jpg 768w, https:\/\/folhapopular.info\/wp-content\/uploads\/2026\/03\/Inicio-da-construcao-da-nova-sede-do-Juventude-em-1974_DIV-746x420.jpg 746w, https:\/\/folhapopular.info\/wp-content\/uploads\/2026\/03\/Inicio-da-construcao-da-nova-sede-do-Juventude-em-1974_DIV-696x392.jpg 696w, https:\/\/folhapopular.info\/wp-content\/uploads\/2026\/03\/Inicio-da-construcao-da-nova-sede-do-Juventude-em-1974_DIV-1068x601.jpg 1068w, https:\/\/folhapopular.info\/wp-content\/uploads\/2026\/03\/Inicio-da-construcao-da-nova-sede-do-Juventude-em-1974_DIV.jpg 1080w\" sizes=\"auto, (max-width: 1024px) 100vw, 1024px\" \/><figcaption class=\"wp-element-caption\">In\u00edcio da constru\u00e7\u00e3o da nova sede do Juventude, em 1974<\/figcaption><\/figure>\n<figcaption class=\"blocks-gallery-caption wp-element-caption\">Cr\u00e9dito: Arquivo Pessoal<\/figcaption><\/figure>\n\n\n\n<h2 class=\"wp-block-heading\"><strong>Uni\u00e3o<\/strong> <strong>e ra\u00edzes<\/strong><\/h2>\n\n\n\n<p>Nos dias atuais, a rela\u00e7\u00e3o entre os clubes \u00e9 de coopera\u00e7\u00e3o. O presidente do Esperan\u00e7a, Rodrigo Alex \u201cBorrachinha\u201d Silva, destaca que a parceria surgiu de forma natural ao longo das d\u00e9cadas.<\/p>\n\n\n\n<p>\u201cAntigamente, era uma rivalidade muito forte, mas hoje nos damos muito bem. O futebol n\u00e3o vai para frente se n\u00e3o nos ajudarmos\u201d, avalia Rodrigo.<\/p>\n\n\n\n<p>Essa aproxima\u00e7\u00e3o se tornou ainda mais evidente nas temporadas recentes. O Esperan\u00e7a optou por n\u00e3o disputar o Campeonato Municipal de Roca Sales em 2026 para reorganizar a estrutura do clube, que passa por melhorias.<\/p>\n\n\n\n<p>Entre os investimentos est\u00e1 a reforma completa do vesti\u00e1rio, com um aporte de cerca de R$ 50 mil. Enquanto isso, alguns integrantes da diretoria e atletas do Esperan\u00e7a passaram a vestir tamb\u00e9m a camiseta do Juventude em competi\u00e7\u00f5es regionais, como \u00e9 o caso do Campeonato Municipal de Imigrante.<\/p>\n\n\n\n<p>Cinco integrantes da diretoria do Esperan\u00e7a ajudam a equipe de Colinas. \u201cTemos representantes no plantel, fora outros guris que moram ou trabalham em Colinas\u201d, conta Borrachinha.<\/p>\n\n\n\n<p>A rela\u00e7\u00e3o entre os clubes tamb\u00e9m passa por hist\u00f3rias familiares. Rodrigo lembra que sua liga\u00e7\u00e3o com o Juventude vem de gera\u00e7\u00f5es anteriores, especialmente com seu av\u00f4.<\/p>\n\n\n\n<p>\u201cEle ajudou a fundar o Juventude. Colaborava com estrutura, arquibancada e tudo que um clube amador precisa. \u00c9 engra\u00e7ado, a fam\u00edlia ficou ligada aos times\u201d, relata.<\/p>\n\n\n\n<p>Mesmo assim, a liga\u00e7\u00e3o com o Esperan\u00e7a sempre foi mais forte. Criado dentro do campo da Fazenda Lohmann, Borrachinha cresceu junto \u00e0 rotina dos jogos e do clube.<\/p>\n\n\n\n<p>\u201cNasci dentro do Esperan\u00e7a. Meu pai levava o pessoal de caminh\u00e3o para os jogos e eu estava sempre junto. Estou nesse ambiente desde guri, \u00e9 um amor verdadeiro e que vem de casa\u201d, aponta.<\/p>\n\n\n\n<p>Essa tradi\u00e7\u00e3o de fam\u00edlia tamb\u00e9m se reflete na pr\u00f3pria diretoria. Muitos dos atuais dirigentes cresceram com o clube e hoje continuam os trabalhos iniciados pelas gera\u00e7\u00f5es anteriores, na esperan\u00e7a de repetir os feitos do passado.<\/p>\n\n\n\n<figure class=\"wp-block-gallery has-nested-images columns-default is-cropped wp-block-gallery-2 is-layout-flex wp-block-gallery-is-layout-flex\">\n<figure class=\"wp-block-image size-large\"><img loading=\"lazy\" decoding=\"async\" width=\"669\" height=\"1024\" data-id=\"205277\" src=\"https:\/\/folhapopular.info\/wp-content\/uploads\/2026\/03\/Giovan-d-e-seu-irmao-c-quando-mais-novos-669x1024.jpeg\" alt=\"\" class=\"wp-image-205277\" srcset=\"https:\/\/folhapopular.info\/wp-content\/uploads\/2026\/03\/Giovan-d-e-seu-irmao-c-quando-mais-novos-669x1024.jpeg 669w, https:\/\/folhapopular.info\/wp-content\/uploads\/2026\/03\/Giovan-d-e-seu-irmao-c-quando-mais-novos-196x300.jpeg 196w, https:\/\/folhapopular.info\/wp-content\/uploads\/2026\/03\/Giovan-d-e-seu-irmao-c-quando-mais-novos-768x1176.jpeg 768w, https:\/\/folhapopular.info\/wp-content\/uploads\/2026\/03\/Giovan-d-e-seu-irmao-c-quando-mais-novos-1003x1536.jpeg 1003w, https:\/\/folhapopular.info\/wp-content\/uploads\/2026\/03\/Giovan-d-e-seu-irmao-c-quando-mais-novos-274x420.jpeg 274w, https:\/\/folhapopular.info\/wp-content\/uploads\/2026\/03\/Giovan-d-e-seu-irmao-c-quando-mais-novos-696x1066.jpeg 696w, https:\/\/folhapopular.info\/wp-content\/uploads\/2026\/03\/Giovan-d-e-seu-irmao-c-quando-mais-novos-1068x1636.jpeg 1068w, https:\/\/folhapopular.info\/wp-content\/uploads\/2026\/03\/Giovan-d-e-seu-irmao-c-quando-mais-novos.jpeg 1080w\" sizes=\"auto, (max-width: 669px) 100vw, 669px\" \/><figcaption class=\"wp-element-caption\">Giovan (d) e seu irm\u00e3o Jonis (c) quando mais novos<\/figcaption><\/figure>\n\n\n\n<figure class=\"wp-block-image size-large\"><img loading=\"lazy\" decoding=\"async\" width=\"960\" height=\"720\" data-id=\"205278\" src=\"https:\/\/folhapopular.info\/wp-content\/uploads\/2026\/03\/Giovan-e-e-seu-irmao-d-atualmente.jpeg\" alt=\"\" class=\"wp-image-205278\" srcset=\"https:\/\/folhapopular.info\/wp-content\/uploads\/2026\/03\/Giovan-e-e-seu-irmao-d-atualmente.jpeg 960w, https:\/\/folhapopular.info\/wp-content\/uploads\/2026\/03\/Giovan-e-e-seu-irmao-d-atualmente-300x225.jpeg 300w, https:\/\/folhapopular.info\/wp-content\/uploads\/2026\/03\/Giovan-e-e-seu-irmao-d-atualmente-768x576.jpeg 768w, https:\/\/folhapopular.info\/wp-content\/uploads\/2026\/03\/Giovan-e-e-seu-irmao-d-atualmente-560x420.jpeg 560w, https:\/\/folhapopular.info\/wp-content\/uploads\/2026\/03\/Giovan-e-e-seu-irmao-d-atualmente-80x60.jpeg 80w, https:\/\/folhapopular.info\/wp-content\/uploads\/2026\/03\/Giovan-e-e-seu-irmao-d-atualmente-696x522.jpeg 696w\" sizes=\"auto, (max-width: 960px) 100vw, 960px\" \/><figcaption class=\"wp-element-caption\">Giovan (e) e seu irm\u00e3o Jonis (d) atualmente<\/figcaption><\/figure>\n<figcaption class=\"blocks-gallery-caption wp-element-caption\">Cr\u00e9dito: Arquivo Pessoal<\/figcaption><\/figure>\n\n\n\n<div class=\"wp-block-media-text is-stacked-on-mobile\"><figure class=\"wp-block-media-text__media\"><img loading=\"lazy\" decoding=\"async\" width=\"769\" height=\"1024\" src=\"https:\/\/folhapopular.info\/wp-content\/uploads\/2026\/03\/Giovan-guarda-lembrancas-da-epoca-de-guri-quando-jogava-pelo-Juventude-769x1024.jpeg\" alt=\"\" class=\"wp-image-205270 size-full\" srcset=\"https:\/\/folhapopular.info\/wp-content\/uploads\/2026\/03\/Giovan-guarda-lembrancas-da-epoca-de-guri-quando-jogava-pelo-Juventude-769x1024.jpeg 769w, https:\/\/folhapopular.info\/wp-content\/uploads\/2026\/03\/Giovan-guarda-lembrancas-da-epoca-de-guri-quando-jogava-pelo-Juventude-225x300.jpeg 225w, https:\/\/folhapopular.info\/wp-content\/uploads\/2026\/03\/Giovan-guarda-lembrancas-da-epoca-de-guri-quando-jogava-pelo-Juventude-768x1023.jpeg 768w, https:\/\/folhapopular.info\/wp-content\/uploads\/2026\/03\/Giovan-guarda-lembrancas-da-epoca-de-guri-quando-jogava-pelo-Juventude-1153x1536.jpeg 1153w, https:\/\/folhapopular.info\/wp-content\/uploads\/2026\/03\/Giovan-guarda-lembrancas-da-epoca-de-guri-quando-jogava-pelo-Juventude-315x420.jpeg 315w, https:\/\/folhapopular.info\/wp-content\/uploads\/2026\/03\/Giovan-guarda-lembrancas-da-epoca-de-guri-quando-jogava-pelo-Juventude-696x927.jpeg 696w, https:\/\/folhapopular.info\/wp-content\/uploads\/2026\/03\/Giovan-guarda-lembrancas-da-epoca-de-guri-quando-jogava-pelo-Juventude-1068x1423.jpeg 1068w, https:\/\/folhapopular.info\/wp-content\/uploads\/2026\/03\/Giovan-guarda-lembrancas-da-epoca-de-guri-quando-jogava-pelo-Juventude.jpeg 1201w\" sizes=\"auto, (max-width: 769px) 100vw, 769px\" \/><\/figure><div class=\"wp-block-media-text__content\">\n<p><strong>Giovan guarda <\/strong><br><strong>lembran\u00e7as da \u00e9poca de guri,<\/strong><br><strong>quando jogava pelo <\/strong><br><strong>Juventude e foi <\/strong><br><strong>destaque da Folha Popular<\/strong><\/p>\n<\/div><\/div>\n\n\n\n<div class=\"wp-block-media-text has-media-on-the-right is-stacked-on-mobile\"><div class=\"wp-block-media-text__content\">\n<p><strong>Rodrigo Alex Silva<\/strong><br><strong>&#8220;Borrachinha&#8221;se criou<\/strong><br><strong>e cresceu<br>no Esperan\u00e7a de<\/strong><br><strong>Fazenda Lohmann<\/strong><\/p>\n\n\n\n<p><\/p>\n<\/div><figure class=\"wp-block-media-text__media\"><img loading=\"lazy\" decoding=\"async\" width=\"542\" height=\"1024\" src=\"https:\/\/folhapopular.info\/wp-content\/uploads\/2026\/03\/Rodrigo-Alex-Silva-d-e1772833631625-542x1024.jpeg\" alt=\"\" class=\"wp-image-205273 size-full\" srcset=\"https:\/\/folhapopular.info\/wp-content\/uploads\/2026\/03\/Rodrigo-Alex-Silva-d-e1772833631625-542x1024.jpeg 542w, https:\/\/folhapopular.info\/wp-content\/uploads\/2026\/03\/Rodrigo-Alex-Silva-d-e1772833631625-159x300.jpeg 159w, https:\/\/folhapopular.info\/wp-content\/uploads\/2026\/03\/Rodrigo-Alex-Silva-d-e1772833631625-222x420.jpeg 222w, https:\/\/folhapopular.info\/wp-content\/uploads\/2026\/03\/Rodrigo-Alex-Silva-d-e1772833631625.jpeg 676w\" sizes=\"auto, (max-width: 542px) 100vw, 542px\" \/><\/figure><\/div>\n\n\n\n<h2 class=\"wp-block-heading\"><strong>Tradi\u00e7\u00e3o<\/strong> <strong>e gl\u00f3rias<\/strong><\/h2>\n\n\n\n<p>No campo, as hist\u00f3rias das equipes tamb\u00e9m s\u00e3o marcadas por conquistas importantes. O Esperan\u00e7a soma nove t\u00edtulos municipais entre os Titulares e cinco na categoria Aspirantes, al\u00e9m de conquistas regionais, como a Copa Integra\u00e7\u00e3o de 1994 e a S\u00e9rie Prata da Copa Assine de 2007.<\/p>\n\n\n\n<p>J\u00e1 o Juventude construiu uma trajet\u00f3ria s\u00f3lida ao longo de mais de cinco d\u00e9cadas, com t\u00edtulos como o Campeonato Municipal de Roca Sales de 1987, a Segunda Divis\u00e3o de Estrela em 1990 e quatro conquistas do Municipal de Colinas.<\/p>\n\n\n\n<p>Para Dannebrock, a rela\u00e7\u00e3o atual mostra como o futebol amador evoluiu ao longo do tempo. \u201cHoje, existe amizade. Nos ajudamos, trocamos jogadores e dialogamos muito. Aquela rivalidade antiga praticamente ficou no passado\u201d, afirma.<\/p>\n\n\n\n<p>Entre lembran\u00e7as de confrontos hist\u00f3ricos e narrativas que atravessam gera\u00e7\u00f5es, Esperan\u00e7a e Juventude escrevem novas p\u00e1ginas no \u201clivro\u201d do futebol regional.<\/p>\n\n\n\n<p>\u00c9 um cap\u00edtulo no qual a antiga rivalidade cede espa\u00e7o para algo que, no interior, costuma ser ainda mais forte que a disputa: o esp\u00edrito de uni\u00e3o entre comunidades que aprenderam a transformar advers\u00e1rios em parceiros.<\/p>\n\n\n\n<figure class=\"wp-block-gallery has-nested-images columns-default is-cropped wp-block-gallery-3 is-layout-flex wp-block-gallery-is-layout-flex\">\n<figure class=\"wp-block-image size-large\"><img loading=\"lazy\" decoding=\"async\" width=\"1024\" height=\"768\" data-id=\"205274\" src=\"https:\/\/folhapopular.info\/wp-content\/uploads\/2026\/03\/Comunidade-se-uniu-no-periodo-de-cheias-para-ajudar-1024x768.jpg\" alt=\"\" class=\"wp-image-205274\" srcset=\"https:\/\/folhapopular.info\/wp-content\/uploads\/2026\/03\/Comunidade-se-uniu-no-periodo-de-cheias-para-ajudar-1024x768.jpg 1024w, https:\/\/folhapopular.info\/wp-content\/uploads\/2026\/03\/Comunidade-se-uniu-no-periodo-de-cheias-para-ajudar-300x225.jpg 300w, https:\/\/folhapopular.info\/wp-content\/uploads\/2026\/03\/Comunidade-se-uniu-no-periodo-de-cheias-para-ajudar-768x576.jpg 768w, https:\/\/folhapopular.info\/wp-content\/uploads\/2026\/03\/Comunidade-se-uniu-no-periodo-de-cheias-para-ajudar-560x420.jpg 560w, https:\/\/folhapopular.info\/wp-content\/uploads\/2026\/03\/Comunidade-se-uniu-no-periodo-de-cheias-para-ajudar-80x60.jpg 80w, https:\/\/folhapopular.info\/wp-content\/uploads\/2026\/03\/Comunidade-se-uniu-no-periodo-de-cheias-para-ajudar-696x522.jpg 696w, https:\/\/folhapopular.info\/wp-content\/uploads\/2026\/03\/Comunidade-se-uniu-no-periodo-de-cheias-para-ajudar-1068x801.jpg 1068w, https:\/\/folhapopular.info\/wp-content\/uploads\/2026\/03\/Comunidade-se-uniu-no-periodo-de-cheias-para-ajudar.jpg 1080w\" sizes=\"auto, (max-width: 1024px) 100vw, 1024px\" \/><figcaption class=\"wp-element-caption\">Comunidade se uniu no per\u00edodo de cheias para ajudar<br>Cr\u00e9dito: Arquivo Pessoal<\/figcaption><\/figure>\n<\/figure>\n\n\n\n<figure class=\"wp-block-gallery has-nested-images columns-default is-cropped wp-block-gallery-4 is-layout-flex wp-block-gallery-is-layout-flex\">\n<figure class=\"wp-block-image size-large\"><img loading=\"lazy\" decoding=\"async\" width=\"1024\" height=\"577\" data-id=\"205272\" src=\"https:\/\/folhapopular.info\/wp-content\/uploads\/2026\/03\/Juventude-voltou-as-atividades-em-2026-1024x577.jpeg\" alt=\"\" class=\"wp-image-205272\" srcset=\"https:\/\/folhapopular.info\/wp-content\/uploads\/2026\/03\/Juventude-voltou-as-atividades-em-2026-1024x577.jpeg 1024w, https:\/\/folhapopular.info\/wp-content\/uploads\/2026\/03\/Juventude-voltou-as-atividades-em-2026-300x169.jpeg 300w, https:\/\/folhapopular.info\/wp-content\/uploads\/2026\/03\/Juventude-voltou-as-atividades-em-2026-768x432.jpeg 768w, https:\/\/folhapopular.info\/wp-content\/uploads\/2026\/03\/Juventude-voltou-as-atividades-em-2026-1536x865.jpeg 1536w, https:\/\/folhapopular.info\/wp-content\/uploads\/2026\/03\/Juventude-voltou-as-atividades-em-2026-2048x1153.jpeg 2048w, https:\/\/folhapopular.info\/wp-content\/uploads\/2026\/03\/Juventude-voltou-as-atividades-em-2026-746x420.jpeg 746w, https:\/\/folhapopular.info\/wp-content\/uploads\/2026\/03\/Juventude-voltou-as-atividades-em-2026-696x392.jpeg 696w, https:\/\/folhapopular.info\/wp-content\/uploads\/2026\/03\/Juventude-voltou-as-atividades-em-2026-1068x601.jpeg 1068w, https:\/\/folhapopular.info\/wp-content\/uploads\/2026\/03\/Juventude-voltou-as-atividades-em-2026-1920x1081.jpeg 1920w\" sizes=\"auto, (max-width: 1024px) 100vw, 1024px\" \/><figcaption class=\"wp-element-caption\">Juventude voltou \u00e0s atividades em 2026<\/figcaption><\/figure>\n<\/figure>\n\n\n\n<figure class=\"wp-block-gallery has-nested-images columns-default is-cropped wp-block-gallery-5 is-layout-flex wp-block-gallery-is-layout-flex\">\n<figure class=\"wp-block-image size-large\"><img loading=\"lazy\" decoding=\"async\" width=\"1024\" height=\"577\" data-id=\"205276\" src=\"https:\/\/folhapopular.info\/wp-content\/uploads\/2026\/03\/Esperanca-passa-por-reformas-na-estrutura-1024x577.jpeg\" alt=\"\" class=\"wp-image-205276\" srcset=\"https:\/\/folhapopular.info\/wp-content\/uploads\/2026\/03\/Esperanca-passa-por-reformas-na-estrutura-1024x577.jpeg 1024w, https:\/\/folhapopular.info\/wp-content\/uploads\/2026\/03\/Esperanca-passa-por-reformas-na-estrutura-300x169.jpeg 300w, https:\/\/folhapopular.info\/wp-content\/uploads\/2026\/03\/Esperanca-passa-por-reformas-na-estrutura-768x432.jpeg 768w, https:\/\/folhapopular.info\/wp-content\/uploads\/2026\/03\/Esperanca-passa-por-reformas-na-estrutura-1536x865.jpeg 1536w, https:\/\/folhapopular.info\/wp-content\/uploads\/2026\/03\/Esperanca-passa-por-reformas-na-estrutura-2048x1153.jpeg 2048w, https:\/\/folhapopular.info\/wp-content\/uploads\/2026\/03\/Esperanca-passa-por-reformas-na-estrutura-746x420.jpeg 746w, https:\/\/folhapopular.info\/wp-content\/uploads\/2026\/03\/Esperanca-passa-por-reformas-na-estrutura-696x392.jpeg 696w, https:\/\/folhapopular.info\/wp-content\/uploads\/2026\/03\/Esperanca-passa-por-reformas-na-estrutura-1068x601.jpeg 1068w, https:\/\/folhapopular.info\/wp-content\/uploads\/2026\/03\/Esperanca-passa-por-reformas-na-estrutura-1920x1081.jpeg 1920w\" sizes=\"auto, (max-width: 1024px) 100vw, 1024px\" \/><figcaption class=\"wp-element-caption\">Esperan\u00e7a passa por reformas na estrutura<br>Cr\u00e9dito: Gabriel Machado \/ Especial FP<\/figcaption><\/figure>\n<\/figure>\n\n\n\n<p><\/p>\n","protected":false},"excerpt":{"rendered":"<p>Durante d\u00e9cadas, quando Esperan\u00e7a de Fazenda Lohmann e Juventude de Colinas se encontravam em campo, o clima era de disputa e arquibancadas divididas. Muito pr\u00f3ximas geograficamente, as duas comunidades transformavam cada confronto em mais um cap\u00edtulo de uma rivalidade marcante no futebol da regi\u00e3o. No entanto, hoje o cen\u00e1rio \u00e9 diferente. O que antes era [&hellip;]<\/p>\n","protected":false},"author":732,"featured_media":205269,"comment_status":"open","ping_status":"open","sticky":false,"template":"","format":"standard","meta":{"pmpro_default_level":"","_jetpack_memberships_contains_paid_content":false,"footnotes":""},"categories":[5,240],"tags":[183,117,20695,147,2998,707],"class_list":{"0":"post-205268","1":"post","2":"type-post","3":"status-publish","4":"format-standard","5":"has-post-thumbnail","7":"category-esportes","8":"category-futebol-amador","9":"tag-colinas","10":"tag-esperanca","11":"tag-fazenda-lohmann","12":"tag-futebol-amador","13":"tag-juventude","14":"tag-roca-sales","15":"pmpro-has-access"},"yoast_head":"<!-- This site is optimized with the Yoast SEO plugin v27.5 - https:\/\/yoast.com\/product\/yoast-seo-wordpress\/ -->\n<title>Da rivalidade \u00e0 parceria: Esperan\u00e7a e Juventude mostram como o futebol do interior tamb\u00e9m une - Folha Popular<\/title>\n<meta name=\"robots\" content=\"index, follow, max-snippet:-1, max-image-preview:large, max-video-preview:-1\" \/>\n<link rel=\"canonical\" href=\"https:\/\/folhapopular.info\/index.php\/2026\/03\/06\/da-rivalidade-a-parceria-esperanca-e-juventude-mostram-como-o-futebol-do-interior-tambem-une\/\" \/>\n<meta property=\"og:locale\" content=\"pt_BR\" \/>\n<meta property=\"og:type\" content=\"article\" \/>\n<meta property=\"og:title\" content=\"Da rivalidade \u00e0 parceria: Esperan\u00e7a e Juventude mostram como o futebol do interior tamb\u00e9m une - Folha Popular\" \/>\n<meta property=\"og:description\" content=\"Durante d\u00e9cadas, quando Esperan\u00e7a de Fazenda Lohmann e Juventude de Colinas se encontravam em campo, o clima era de disputa e arquibancadas divididas. Muito pr\u00f3ximas geograficamente, as duas comunidades transformavam cada confronto em mais um cap\u00edtulo de uma rivalidade marcante no futebol da regi\u00e3o. No entanto, hoje o cen\u00e1rio \u00e9 diferente. O que antes era [&hellip;]\" \/>\n<meta property=\"og:url\" content=\"https:\/\/folhapopular.info\/index.php\/2026\/03\/06\/da-rivalidade-a-parceria-esperanca-e-juventude-mostram-como-o-futebol-do-interior-tambem-une\/\" \/>\n<meta property=\"og:site_name\" content=\"Folha Popular\" \/>\n<meta property=\"article:author\" content=\"https:\/\/www.facebook.com\/luis.huppes\/\" \/>\n<meta property=\"article:published_time\" content=\"2026-03-06T21:51:09+00:00\" \/>\n<meta property=\"article:modified_time\" content=\"2026-03-07T13:14:52+00:00\" \/>\n<meta property=\"og:image\" content=\"http:\/\/folhapopular.info\/wp-content\/uploads\/2026\/03\/Miniatura-pra-youtube-react-de-video-simples-laranja.png\" \/>\n\t<meta property=\"og:image:width\" content=\"1280\" \/>\n\t<meta property=\"og:image:height\" content=\"720\" \/>\n\t<meta property=\"og:image:type\" content=\"image\/png\" \/>\n<meta name=\"author\" content=\"Luis Augusto Huppes\" \/>\n<meta name=\"twitter:card\" content=\"summary_large_image\" \/>\n<meta name=\"twitter:label1\" content=\"Escrito por\" \/>\n\t<meta name=\"twitter:data1\" content=\"Luis Augusto Huppes\" \/>\n\t<meta name=\"twitter:label2\" content=\"Est. tempo de leitura\" \/>\n\t<meta name=\"twitter:data2\" content=\"8 minutos\" \/>\n<script type=\"application\/ld+json\" class=\"yoast-schema-graph\">{\"@context\":\"https:\\\/\\\/schema.org\",\"@graph\":[{\"@type\":\"Article\",\"@id\":\"https:\\\/\\\/folhapopular.info\\\/index.php\\\/2026\\\/03\\\/06\\\/da-rivalidade-a-parceria-esperanca-e-juventude-mostram-como-o-futebol-do-interior-tambem-une\\\/#article\",\"isPartOf\":{\"@id\":\"https:\\\/\\\/folhapopular.info\\\/index.php\\\/2026\\\/03\\\/06\\\/da-rivalidade-a-parceria-esperanca-e-juventude-mostram-como-o-futebol-do-interior-tambem-une\\\/\"},\"author\":{\"name\":\"Luis Augusto Huppes\",\"@id\":\"https:\\\/\\\/folhapopular.info\\\/#\\\/schema\\\/person\\\/e852c327371714676d02e58cf917fd9f\"},\"headline\":\"Da rivalidade \u00e0 parceria: Esperan\u00e7a e Juventude mostram como o futebol do interior tamb\u00e9m une\",\"datePublished\":\"2026-03-06T21:51:09+00:00\",\"dateModified\":\"2026-03-07T13:14:52+00:00\",\"mainEntityOfPage\":{\"@id\":\"https:\\\/\\\/folhapopular.info\\\/index.php\\\/2026\\\/03\\\/06\\\/da-rivalidade-a-parceria-esperanca-e-juventude-mostram-como-o-futebol-do-interior-tambem-une\\\/\"},\"wordCount\":1105,\"commentCount\":0,\"image\":{\"@id\":\"https:\\\/\\\/folhapopular.info\\\/index.php\\\/2026\\\/03\\\/06\\\/da-rivalidade-a-parceria-esperanca-e-juventude-mostram-como-o-futebol-do-interior-tambem-une\\\/#primaryimage\"},\"thumbnailUrl\":\"https:\\\/\\\/folhapopular.info\\\/wp-content\\\/uploads\\\/2026\\\/03\\\/Miniatura-pra-youtube-react-de-video-simples-laranja.png\",\"keywords\":[\"Colinas\",\"Esperan\u00e7a\",\"Fazenda Lohmann\",\"futebol amador\",\"Juventude\",\"Roca Sales\"],\"articleSection\":[\"Esportes\",\"Futebol Amador\"],\"inLanguage\":\"pt-BR\",\"potentialAction\":[{\"@type\":\"CommentAction\",\"name\":\"Comment\",\"target\":[\"https:\\\/\\\/folhapopular.info\\\/index.php\\\/2026\\\/03\\\/06\\\/da-rivalidade-a-parceria-esperanca-e-juventude-mostram-como-o-futebol-do-interior-tambem-une\\\/#respond\"]}]},{\"@type\":\"WebPage\",\"@id\":\"https:\\\/\\\/folhapopular.info\\\/index.php\\\/2026\\\/03\\\/06\\\/da-rivalidade-a-parceria-esperanca-e-juventude-mostram-como-o-futebol-do-interior-tambem-une\\\/\",\"url\":\"https:\\\/\\\/folhapopular.info\\\/index.php\\\/2026\\\/03\\\/06\\\/da-rivalidade-a-parceria-esperanca-e-juventude-mostram-como-o-futebol-do-interior-tambem-une\\\/\",\"name\":\"Da rivalidade \u00e0 parceria: Esperan\u00e7a e Juventude mostram como o futebol do interior tamb\u00e9m une - Folha Popular\",\"isPartOf\":{\"@id\":\"https:\\\/\\\/folhapopular.info\\\/#website\"},\"primaryImageOfPage\":{\"@id\":\"https:\\\/\\\/folhapopular.info\\\/index.php\\\/2026\\\/03\\\/06\\\/da-rivalidade-a-parceria-esperanca-e-juventude-mostram-como-o-futebol-do-interior-tambem-une\\\/#primaryimage\"},\"image\":{\"@id\":\"https:\\\/\\\/folhapopular.info\\\/index.php\\\/2026\\\/03\\\/06\\\/da-rivalidade-a-parceria-esperanca-e-juventude-mostram-como-o-futebol-do-interior-tambem-une\\\/#primaryimage\"},\"thumbnailUrl\":\"https:\\\/\\\/folhapopular.info\\\/wp-content\\\/uploads\\\/2026\\\/03\\\/Miniatura-pra-youtube-react-de-video-simples-laranja.png\",\"datePublished\":\"2026-03-06T21:51:09+00:00\",\"dateModified\":\"2026-03-07T13:14:52+00:00\",\"author\":{\"@id\":\"https:\\\/\\\/folhapopular.info\\\/#\\\/schema\\\/person\\\/e852c327371714676d02e58cf917fd9f\"},\"breadcrumb\":{\"@id\":\"https:\\\/\\\/folhapopular.info\\\/index.php\\\/2026\\\/03\\\/06\\\/da-rivalidade-a-parceria-esperanca-e-juventude-mostram-como-o-futebol-do-interior-tambem-une\\\/#breadcrumb\"},\"inLanguage\":\"pt-BR\",\"potentialAction\":[{\"@type\":\"ReadAction\",\"target\":[\"https:\\\/\\\/folhapopular.info\\\/index.php\\\/2026\\\/03\\\/06\\\/da-rivalidade-a-parceria-esperanca-e-juventude-mostram-como-o-futebol-do-interior-tambem-une\\\/\"]}]},{\"@type\":\"ImageObject\",\"inLanguage\":\"pt-BR\",\"@id\":\"https:\\\/\\\/folhapopular.info\\\/index.php\\\/2026\\\/03\\\/06\\\/da-rivalidade-a-parceria-esperanca-e-juventude-mostram-como-o-futebol-do-interior-tambem-une\\\/#primaryimage\",\"url\":\"https:\\\/\\\/folhapopular.info\\\/wp-content\\\/uploads\\\/2026\\\/03\\\/Miniatura-pra-youtube-react-de-video-simples-laranja.png\",\"contentUrl\":\"https:\\\/\\\/folhapopular.info\\\/wp-content\\\/uploads\\\/2026\\\/03\\\/Miniatura-pra-youtube-react-de-video-simples-laranja.png\",\"width\":1280,\"height\":720,\"caption\":\"Giovan (e) e Borrachinha (d) s\u00e3o os atuais presidentes dos clubes - Cr\u00e9dito: Arquivo Pessoal\"},{\"@type\":\"BreadcrumbList\",\"@id\":\"https:\\\/\\\/folhapopular.info\\\/index.php\\\/2026\\\/03\\\/06\\\/da-rivalidade-a-parceria-esperanca-e-juventude-mostram-como-o-futebol-do-interior-tambem-une\\\/#breadcrumb\",\"itemListElement\":[{\"@type\":\"ListItem\",\"position\":1,\"name\":\"In\u00edcio\",\"item\":\"https:\\\/\\\/folhapopular.info\\\/\"},{\"@type\":\"ListItem\",\"position\":2,\"name\":\"Da rivalidade \u00e0 parceria: Esperan\u00e7a e Juventude mostram como o futebol do interior tamb\u00e9m une\"}]},{\"@type\":\"WebSite\",\"@id\":\"https:\\\/\\\/folhapopular.info\\\/#website\",\"url\":\"https:\\\/\\\/folhapopular.info\\\/\",\"name\":\"Folha Popular\",\"description\":\"Onde voc\u00ea tem vez e voz\",\"potentialAction\":[{\"@type\":\"SearchAction\",\"target\":{\"@type\":\"EntryPoint\",\"urlTemplate\":\"https:\\\/\\\/folhapopular.info\\\/?s={search_term_string}\"},\"query-input\":{\"@type\":\"PropertyValueSpecification\",\"valueRequired\":true,\"valueName\":\"search_term_string\"}}],\"inLanguage\":\"pt-BR\"},{\"@type\":\"Person\",\"@id\":\"https:\\\/\\\/folhapopular.info\\\/#\\\/schema\\\/person\\\/e852c327371714676d02e58cf917fd9f\",\"name\":\"Luis Augusto Huppes\",\"image\":{\"@type\":\"ImageObject\",\"inLanguage\":\"pt-BR\",\"@id\":\"https:\\\/\\\/folhapopular.info\\\/wp-content\\\/uploads\\\/2026\\\/04\\\/Luis-Augusto-Huppes-1-1.webp\",\"url\":\"https:\\\/\\\/folhapopular.info\\\/wp-content\\\/uploads\\\/2026\\\/04\\\/Luis-Augusto-Huppes-1-1.webp\",\"contentUrl\":\"https:\\\/\\\/folhapopular.info\\\/wp-content\\\/uploads\\\/2026\\\/04\\\/Luis-Augusto-Huppes-1-1.webp\",\"caption\":\"Luis Augusto Huppes\"},\"sameAs\":[\"https:\\\/\\\/www.facebook.com\\\/luis.huppes\\\/\",\"https:\\\/\\\/www.instagram.com\\\/luis.huppes\\\/\",\"https:\\\/\\\/www.linkedin.com\\\/in\\\/luis-augusto-huppes-2554b52b7\\\/\"],\"url\":\"https:\\\/\\\/folhapopular.info\\\/index.php\\\/author\\\/luis-augusto-huppes\\\/\"}]}<\/script>\n<!-- \/ Yoast SEO plugin. -->","yoast_head_json":{"title":"Da rivalidade \u00e0 parceria: Esperan\u00e7a e Juventude mostram como o futebol do interior tamb\u00e9m une - Folha Popular","robots":{"index":"index","follow":"follow","max-snippet":"max-snippet:-1","max-image-preview":"max-image-preview:large","max-video-preview":"max-video-preview:-1"},"canonical":"https:\/\/folhapopular.info\/index.php\/2026\/03\/06\/da-rivalidade-a-parceria-esperanca-e-juventude-mostram-como-o-futebol-do-interior-tambem-une\/","og_locale":"pt_BR","og_type":"article","og_title":"Da rivalidade \u00e0 parceria: Esperan\u00e7a e Juventude mostram como o futebol do interior tamb\u00e9m une - Folha Popular","og_description":"Durante d\u00e9cadas, quando Esperan\u00e7a de Fazenda Lohmann e Juventude de Colinas se encontravam em campo, o clima era de disputa e arquibancadas divididas. Muito pr\u00f3ximas geograficamente, as duas comunidades transformavam cada confronto em mais um cap\u00edtulo de uma rivalidade marcante no futebol da regi\u00e3o. No entanto, hoje o cen\u00e1rio \u00e9 diferente. O que antes era [&hellip;]","og_url":"https:\/\/folhapopular.info\/index.php\/2026\/03\/06\/da-rivalidade-a-parceria-esperanca-e-juventude-mostram-como-o-futebol-do-interior-tambem-une\/","og_site_name":"Folha Popular","article_author":"https:\/\/www.facebook.com\/luis.huppes\/","article_published_time":"2026-03-06T21:51:09+00:00","article_modified_time":"2026-03-07T13:14:52+00:00","og_image":[{"width":1280,"height":720,"url":"http:\/\/folhapopular.info\/wp-content\/uploads\/2026\/03\/Miniatura-pra-youtube-react-de-video-simples-laranja.png","type":"image\/png"}],"author":"Luis Augusto Huppes","twitter_card":"summary_large_image","twitter_misc":{"Escrito por":"Luis Augusto Huppes","Est. tempo de leitura":"8 minutos"},"schema":{"@context":"https:\/\/schema.org","@graph":[{"@type":"Article","@id":"https:\/\/folhapopular.info\/index.php\/2026\/03\/06\/da-rivalidade-a-parceria-esperanca-e-juventude-mostram-como-o-futebol-do-interior-tambem-une\/#article","isPartOf":{"@id":"https:\/\/folhapopular.info\/index.php\/2026\/03\/06\/da-rivalidade-a-parceria-esperanca-e-juventude-mostram-como-o-futebol-do-interior-tambem-une\/"},"author":{"name":"Luis Augusto Huppes","@id":"https:\/\/folhapopular.info\/#\/schema\/person\/e852c327371714676d02e58cf917fd9f"},"headline":"Da rivalidade \u00e0 parceria: Esperan\u00e7a e Juventude mostram como o futebol do interior tamb\u00e9m une","datePublished":"2026-03-06T21:51:09+00:00","dateModified":"2026-03-07T13:14:52+00:00","mainEntityOfPage":{"@id":"https:\/\/folhapopular.info\/index.php\/2026\/03\/06\/da-rivalidade-a-parceria-esperanca-e-juventude-mostram-como-o-futebol-do-interior-tambem-une\/"},"wordCount":1105,"commentCount":0,"image":{"@id":"https:\/\/folhapopular.info\/index.php\/2026\/03\/06\/da-rivalidade-a-parceria-esperanca-e-juventude-mostram-como-o-futebol-do-interior-tambem-une\/#primaryimage"},"thumbnailUrl":"https:\/\/folhapopular.info\/wp-content\/uploads\/2026\/03\/Miniatura-pra-youtube-react-de-video-simples-laranja.png","keywords":["Colinas","Esperan\u00e7a","Fazenda Lohmann","futebol amador","Juventude","Roca Sales"],"articleSection":["Esportes","Futebol Amador"],"inLanguage":"pt-BR","potentialAction":[{"@type":"CommentAction","name":"Comment","target":["https:\/\/folhapopular.info\/index.php\/2026\/03\/06\/da-rivalidade-a-parceria-esperanca-e-juventude-mostram-como-o-futebol-do-interior-tambem-une\/#respond"]}]},{"@type":"WebPage","@id":"https:\/\/folhapopular.info\/index.php\/2026\/03\/06\/da-rivalidade-a-parceria-esperanca-e-juventude-mostram-como-o-futebol-do-interior-tambem-une\/","url":"https:\/\/folhapopular.info\/index.php\/2026\/03\/06\/da-rivalidade-a-parceria-esperanca-e-juventude-mostram-como-o-futebol-do-interior-tambem-une\/","name":"Da rivalidade \u00e0 parceria: Esperan\u00e7a e Juventude mostram como o futebol do interior tamb\u00e9m une - Folha Popular","isPartOf":{"@id":"https:\/\/folhapopular.info\/#website"},"primaryImageOfPage":{"@id":"https:\/\/folhapopular.info\/index.php\/2026\/03\/06\/da-rivalidade-a-parceria-esperanca-e-juventude-mostram-como-o-futebol-do-interior-tambem-une\/#primaryimage"},"image":{"@id":"https:\/\/folhapopular.info\/index.php\/2026\/03\/06\/da-rivalidade-a-parceria-esperanca-e-juventude-mostram-como-o-futebol-do-interior-tambem-une\/#primaryimage"},"thumbnailUrl":"https:\/\/folhapopular.info\/wp-content\/uploads\/2026\/03\/Miniatura-pra-youtube-react-de-video-simples-laranja.png","datePublished":"2026-03-06T21:51:09+00:00","dateModified":"2026-03-07T13:14:52+00:00","author":{"@id":"https:\/\/folhapopular.info\/#\/schema\/person\/e852c327371714676d02e58cf917fd9f"},"breadcrumb":{"@id":"https:\/\/folhapopular.info\/index.php\/2026\/03\/06\/da-rivalidade-a-parceria-esperanca-e-juventude-mostram-como-o-futebol-do-interior-tambem-une\/#breadcrumb"},"inLanguage":"pt-BR","potentialAction":[{"@type":"ReadAction","target":["https:\/\/folhapopular.info\/index.php\/2026\/03\/06\/da-rivalidade-a-parceria-esperanca-e-juventude-mostram-como-o-futebol-do-interior-tambem-une\/"]}]},{"@type":"ImageObject","inLanguage":"pt-BR","@id":"https:\/\/folhapopular.info\/index.php\/2026\/03\/06\/da-rivalidade-a-parceria-esperanca-e-juventude-mostram-como-o-futebol-do-interior-tambem-une\/#primaryimage","url":"https:\/\/folhapopular.info\/wp-content\/uploads\/2026\/03\/Miniatura-pra-youtube-react-de-video-simples-laranja.png","contentUrl":"https:\/\/folhapopular.info\/wp-content\/uploads\/2026\/03\/Miniatura-pra-youtube-react-de-video-simples-laranja.png","width":1280,"height":720,"caption":"Giovan (e) e Borrachinha (d) s\u00e3o os atuais presidentes dos clubes - Cr\u00e9dito: Arquivo Pessoal"},{"@type":"BreadcrumbList","@id":"https:\/\/folhapopular.info\/index.php\/2026\/03\/06\/da-rivalidade-a-parceria-esperanca-e-juventude-mostram-como-o-futebol-do-interior-tambem-une\/#breadcrumb","itemListElement":[{"@type":"ListItem","position":1,"name":"In\u00edcio","item":"https:\/\/folhapopular.info\/"},{"@type":"ListItem","position":2,"name":"Da rivalidade \u00e0 parceria: Esperan\u00e7a e Juventude mostram como o futebol do interior tamb\u00e9m une"}]},{"@type":"WebSite","@id":"https:\/\/folhapopular.info\/#website","url":"https:\/\/folhapopular.info\/","name":"Folha Popular","description":"Onde voc\u00ea tem vez e voz","potentialAction":[{"@type":"SearchAction","target":{"@type":"EntryPoint","urlTemplate":"https:\/\/folhapopular.info\/?s={search_term_string}"},"query-input":{"@type":"PropertyValueSpecification","valueRequired":true,"valueName":"search_term_string"}}],"inLanguage":"pt-BR"},{"@type":"Person","@id":"https:\/\/folhapopular.info\/#\/schema\/person\/e852c327371714676d02e58cf917fd9f","name":"Luis Augusto Huppes","image":{"@type":"ImageObject","inLanguage":"pt-BR","@id":"https:\/\/folhapopular.info\/wp-content\/uploads\/2026\/04\/Luis-Augusto-Huppes-1-1.webp","url":"https:\/\/folhapopular.info\/wp-content\/uploads\/2026\/04\/Luis-Augusto-Huppes-1-1.webp","contentUrl":"https:\/\/folhapopular.info\/wp-content\/uploads\/2026\/04\/Luis-Augusto-Huppes-1-1.webp","caption":"Luis Augusto Huppes"},"sameAs":["https:\/\/www.facebook.com\/luis.huppes\/","https:\/\/www.instagram.com\/luis.huppes\/","https:\/\/www.linkedin.com\/in\/luis-augusto-huppes-2554b52b7\/"],"url":"https:\/\/folhapopular.info\/index.php\/author\/luis-augusto-huppes\/"}]}},"jetpack_featured_media_url":"https:\/\/folhapopular.info\/wp-content\/uploads\/2026\/03\/Miniatura-pra-youtube-react-de-video-simples-laranja.png","jetpack_sharing_enabled":true,"amp_enabled":true,"_links":{"self":[{"href":"https:\/\/folhapopular.info\/index.php\/wp-json\/wp\/v2\/posts\/205268","targetHints":{"allow":["GET"]}}],"collection":[{"href":"https:\/\/folhapopular.info\/index.php\/wp-json\/wp\/v2\/posts"}],"about":[{"href":"https:\/\/folhapopular.info\/index.php\/wp-json\/wp\/v2\/types\/post"}],"author":[{"embeddable":true,"href":"https:\/\/folhapopular.info\/index.php\/wp-json\/wp\/v2\/users\/732"}],"replies":[{"embeddable":true,"href":"https:\/\/folhapopular.info\/index.php\/wp-json\/wp\/v2\/comments?post=205268"}],"version-history":[{"count":0,"href":"https:\/\/folhapopular.info\/index.php\/wp-json\/wp\/v2\/posts\/205268\/revisions"}],"wp:featuredmedia":[{"embeddable":true,"href":"https:\/\/folhapopular.info\/index.php\/wp-json\/wp\/v2\/media\/205269"}],"wp:attachment":[{"href":"https:\/\/folhapopular.info\/index.php\/wp-json\/wp\/v2\/media?parent=205268"}],"wp:term":[{"taxonomy":"category","embeddable":true,"href":"https:\/\/folhapopular.info\/index.php\/wp-json\/wp\/v2\/categories?post=205268"},{"taxonomy":"post_tag","embeddable":true,"href":"https:\/\/folhapopular.info\/index.php\/wp-json\/wp\/v2\/tags?post=205268"}],"curies":[{"name":"wp","href":"https:\/\/api.w.org\/{rel}","templated":true}]}}