{"id":205287,"date":"2026-03-06T22:05:36","date_gmt":"2026-03-07T01:05:36","guid":{"rendered":"https:\/\/folhapopular.info\/?p=205287"},"modified":"2026-03-06T22:06:12","modified_gmt":"2026-03-07T01:06:12","slug":"bloqueio-na-rsc-453-em-westfalia-e-transferido-para-quinta-feira","status":"publish","type":"post","link":"https:\/\/folhapopular.info\/index.php\/2026\/03\/06\/bloqueio-na-rsc-453-em-westfalia-e-transferido-para-quinta-feira\/","title":{"rendered":"Bloqueio na RSC-453 em Westf\u00e1lia \u00e9 transferido para quinta-feira"},"content":{"rendered":"\n<p>A data do bloqueio tempor\u00e1rio da RSC-453, a Rota do Sol, em Westf\u00e1lia, foi alterada. Inicialmente previsto para ocorrer na segunda-feira, o procedimento de detona\u00e7\u00e3o de rochas em uma saibreira da regi\u00e3o ser\u00e1 realizado na quinta-feira (12\/3), entre 13h e 14h.<\/p>\n\n\n\n<p>Durante a realiza\u00e7\u00e3o do trabalho, a rodovia ficar\u00e1 totalmente bloqueada nos dois sentidos para garantir a seguran\u00e7a de motoristas e das equipes envolvidas no procedimento t\u00e9cnico.<\/p>\n\n\n\n<p>A a\u00e7\u00e3o contar\u00e1 com o apoio da Brigada Militar e do Comando Rodovi\u00e1rio da Brigada Militar, que estar\u00e3o no local para orientar o tr\u00e2nsito durante a interdi\u00e7\u00e3o.<\/p>\n\n\n\n<p>A recomenda\u00e7\u00e3o \u00e9 que os condutores se programem com anteced\u00eancia e, se poss\u00edvel, evitem trafegar pelo trecho no hor\u00e1rio do bloqueio para minimizar transtornos.<\/p>\n","protected":false},"excerpt":{"rendered":"<p>A data do bloqueio tempor\u00e1rio da RSC-453, a Rota do Sol, em Westf\u00e1lia, foi alterada. Inicialmente previsto para ocorrer na segunda-feira, o procedimento de detona\u00e7\u00e3o de rochas em uma saibreira da regi\u00e3o ser\u00e1 realizado na quinta-feira (12\/3), entre 13h e 14h. Durante a realiza\u00e7\u00e3o do trabalho, a rodovia ficar\u00e1 totalmente bloqueada nos dois sentidos para [&hellip;]<\/p>\n","protected":false},"author":8,"featured_media":205066,"comment_status":"open","ping_status":"open","sticky":false,"template":"","format":"standard","meta":{"pmpro_default_level":"","_jetpack_memberships_contains_paid_content":false,"footnotes":""},"categories":[7,10983],"tags":[8852,709,25],"class_list":{"0":"post-205287","1":"post","2":"type-post","3":"status-publish","4":"format-standard","5":"has-post-thumbnail","7":"category-seguranca","8":"category-transito","9":"tag-bloqueio","10":"tag-rsc-453","11":"tag-westfalia","12":"pmpro-has-access"},"yoast_head":"<!-- This site is optimized with the Yoast SEO plugin v27.5 - https:\/\/yoast.com\/product\/yoast-seo-wordpress\/ -->\n<title>Bloqueio na RSC-453 em Westf\u00e1lia \u00e9 transferido para quinta-feira - Folha Popular<\/title>\n<meta name=\"robots\" content=\"index, follow, max-snippet:-1, max-image-preview:large, max-video-preview:-1\" \/>\n<link rel=\"canonical\" href=\"https:\/\/folhapopular.info\/index.php\/2026\/03\/06\/bloqueio-na-rsc-453-em-westfalia-e-transferido-para-quinta-feira\/\" \/>\n<meta property=\"og:locale\" content=\"pt_BR\" \/>\n<meta property=\"og:type\" content=\"article\" \/>\n<meta property=\"og:title\" content=\"Bloqueio na RSC-453 em Westf\u00e1lia \u00e9 transferido para quinta-feira - Folha Popular\" \/>\n<meta property=\"og:description\" content=\"A data do bloqueio tempor\u00e1rio da RSC-453, a Rota do Sol, em Westf\u00e1lia, foi alterada. Inicialmente previsto para ocorrer na segunda-feira, o procedimento de detona\u00e7\u00e3o de rochas em uma saibreira da regi\u00e3o ser\u00e1 realizado na quinta-feira (12\/3), entre 13h e 14h. Durante a realiza\u00e7\u00e3o do trabalho, a rodovia ficar\u00e1 totalmente bloqueada nos dois sentidos para [&hellip;]\" \/>\n<meta property=\"og:url\" content=\"https:\/\/folhapopular.info\/index.php\/2026\/03\/06\/bloqueio-na-rsc-453-em-westfalia-e-transferido-para-quinta-feira\/\" \/>\n<meta property=\"og:site_name\" content=\"Folha Popular\" \/>\n<meta property=\"article:published_time\" content=\"2026-03-07T01:05:36+00:00\" \/>\n<meta property=\"article:modified_time\" content=\"2026-03-07T01:06:12+00:00\" \/>\n<meta property=\"og:image\" content=\"http:\/\/folhapopular.info\/wp-content\/uploads\/2026\/03\/detonacao-1024x561.jpeg.webp\" \/>\n\t<meta property=\"og:image:width\" content=\"1024\" \/>\n\t<meta property=\"og:image:height\" content=\"561\" \/>\n\t<meta property=\"og:image:type\" content=\"image\/webp\" \/>\n<meta name=\"author\" content=\"Reda\u00e7\u00e3o Folha Popular\" \/>\n<meta name=\"twitter:card\" content=\"summary_large_image\" \/>\n<meta name=\"twitter:label1\" content=\"Escrito por\" \/>\n\t<meta name=\"twitter:data1\" content=\"Reda\u00e7\u00e3o Folha Popular\" \/>\n\t<meta name=\"twitter:label2\" content=\"Est. tempo de leitura\" \/>\n\t<meta name=\"twitter:data2\" content=\"1 minuto\" \/>\n<script type=\"application\/ld+json\" class=\"yoast-schema-graph\">{\"@context\":\"https:\\\/\\\/schema.org\",\"@graph\":[{\"@type\":\"Article\",\"@id\":\"https:\\\/\\\/folhapopular.info\\\/index.php\\\/2026\\\/03\\\/06\\\/bloqueio-na-rsc-453-em-westfalia-e-transferido-para-quinta-feira\\\/#article\",\"isPartOf\":{\"@id\":\"https:\\\/\\\/folhapopular.info\\\/index.php\\\/2026\\\/03\\\/06\\\/bloqueio-na-rsc-453-em-westfalia-e-transferido-para-quinta-feira\\\/\"},\"author\":{\"name\":\"Reda\u00e7\u00e3o Folha Popular\",\"@id\":\"https:\\\/\\\/folhapopular.info\\\/#\\\/schema\\\/person\\\/2814e8a0df7643585a9ca38bc6eb9d4b\"},\"headline\":\"Bloqueio na RSC-453 em Westf\u00e1lia \u00e9 transferido para quinta-feira\",\"datePublished\":\"2026-03-07T01:05:36+00:00\",\"dateModified\":\"2026-03-07T01:06:12+00:00\",\"mainEntityOfPage\":{\"@id\":\"https:\\\/\\\/folhapopular.info\\\/index.php\\\/2026\\\/03\\\/06\\\/bloqueio-na-rsc-453-em-westfalia-e-transferido-para-quinta-feira\\\/\"},\"wordCount\":141,\"commentCount\":0,\"image\":{\"@id\":\"https:\\\/\\\/folhapopular.info\\\/index.php\\\/2026\\\/03\\\/06\\\/bloqueio-na-rsc-453-em-westfalia-e-transferido-para-quinta-feira\\\/#primaryimage\"},\"thumbnailUrl\":\"https:\\\/\\\/folhapopular.info\\\/wp-content\\\/uploads\\\/2026\\\/03\\\/detonacao-1024x561.jpeg.webp\",\"keywords\":[\"Bloqueio\",\"RSC-453\",\"Westf\u00e1lia\"],\"articleSection\":[\"Seguran\u00e7a\",\"Tr\u00e2nsito\"],\"inLanguage\":\"pt-BR\",\"potentialAction\":[{\"@type\":\"CommentAction\",\"name\":\"Comment\",\"target\":[\"https:\\\/\\\/folhapopular.info\\\/index.php\\\/2026\\\/03\\\/06\\\/bloqueio-na-rsc-453-em-westfalia-e-transferido-para-quinta-feira\\\/#respond\"]}]},{\"@type\":\"WebPage\",\"@id\":\"https:\\\/\\\/folhapopular.info\\\/index.php\\\/2026\\\/03\\\/06\\\/bloqueio-na-rsc-453-em-westfalia-e-transferido-para-quinta-feira\\\/\",\"url\":\"https:\\\/\\\/folhapopular.info\\\/index.php\\\/2026\\\/03\\\/06\\\/bloqueio-na-rsc-453-em-westfalia-e-transferido-para-quinta-feira\\\/\",\"name\":\"Bloqueio na RSC-453 em Westf\u00e1lia \u00e9 transferido para quinta-feira - Folha Popular\",\"isPartOf\":{\"@id\":\"https:\\\/\\\/folhapopular.info\\\/#website\"},\"primaryImageOfPage\":{\"@id\":\"https:\\\/\\\/folhapopular.info\\\/index.php\\\/2026\\\/03\\\/06\\\/bloqueio-na-rsc-453-em-westfalia-e-transferido-para-quinta-feira\\\/#primaryimage\"},\"image\":{\"@id\":\"https:\\\/\\\/folhapopular.info\\\/index.php\\\/2026\\\/03\\\/06\\\/bloqueio-na-rsc-453-em-westfalia-e-transferido-para-quinta-feira\\\/#primaryimage\"},\"thumbnailUrl\":\"https:\\\/\\\/folhapopular.info\\\/wp-content\\\/uploads\\\/2026\\\/03\\\/detonacao-1024x561.jpeg.webp\",\"datePublished\":\"2026-03-07T01:05:36+00:00\",\"dateModified\":\"2026-03-07T01:06:12+00:00\",\"author\":{\"@id\":\"https:\\\/\\\/folhapopular.info\\\/#\\\/schema\\\/person\\\/2814e8a0df7643585a9ca38bc6eb9d4b\"},\"breadcrumb\":{\"@id\":\"https:\\\/\\\/folhapopular.info\\\/index.php\\\/2026\\\/03\\\/06\\\/bloqueio-na-rsc-453-em-westfalia-e-transferido-para-quinta-feira\\\/#breadcrumb\"},\"inLanguage\":\"pt-BR\",\"potentialAction\":[{\"@type\":\"ReadAction\",\"target\":[\"https:\\\/\\\/folhapopular.info\\\/index.php\\\/2026\\\/03\\\/06\\\/bloqueio-na-rsc-453-em-westfalia-e-transferido-para-quinta-feira\\\/\"]}]},{\"@type\":\"ImageObject\",\"inLanguage\":\"pt-BR\",\"@id\":\"https:\\\/\\\/folhapopular.info\\\/index.php\\\/2026\\\/03\\\/06\\\/bloqueio-na-rsc-453-em-westfalia-e-transferido-para-quinta-feira\\\/#primaryimage\",\"url\":\"https:\\\/\\\/folhapopular.info\\\/wp-content\\\/uploads\\\/2026\\\/03\\\/detonacao-1024x561.jpeg.webp\",\"contentUrl\":\"https:\\\/\\\/folhapopular.info\\\/wp-content\\\/uploads\\\/2026\\\/03\\\/detonacao-1024x561.jpeg.webp\",\"width\":1024,\"height\":561},{\"@type\":\"BreadcrumbList\",\"@id\":\"https:\\\/\\\/folhapopular.info\\\/index.php\\\/2026\\\/03\\\/06\\\/bloqueio-na-rsc-453-em-westfalia-e-transferido-para-quinta-feira\\\/#breadcrumb\",\"itemListElement\":[{\"@type\":\"ListItem\",\"position\":1,\"name\":\"In\u00edcio\",\"item\":\"https:\\\/\\\/folhapopular.info\\\/\"},{\"@type\":\"ListItem\",\"position\":2,\"name\":\"Bloqueio na RSC-453 em Westf\u00e1lia \u00e9 transferido para quinta-feira\"}]},{\"@type\":\"WebSite\",\"@id\":\"https:\\\/\\\/folhapopular.info\\\/#website\",\"url\":\"https:\\\/\\\/folhapopular.info\\\/\",\"name\":\"Folha Popular\",\"description\":\"Onde voc\u00ea tem vez e voz\",\"potentialAction\":[{\"@type\":\"SearchAction\",\"target\":{\"@type\":\"EntryPoint\",\"urlTemplate\":\"https:\\\/\\\/folhapopular.info\\\/?s={search_term_string}\"},\"query-input\":{\"@type\":\"PropertyValueSpecification\",\"valueRequired\":true,\"valueName\":\"search_term_string\"}}],\"inLanguage\":\"pt-BR\"},{\"@type\":\"Person\",\"@id\":\"https:\\\/\\\/folhapopular.info\\\/#\\\/schema\\\/person\\\/2814e8a0df7643585a9ca38bc6eb9d4b\",\"name\":\"Reda\u00e7\u00e3o Folha Popular\",\"image\":{\"@type\":\"ImageObject\",\"inLanguage\":\"pt-BR\",\"@id\":\"https:\\\/\\\/folhapopular.info\\\/wp-content\\\/uploads\\\/2026\\\/04\\\/Folha-1.webp\",\"url\":\"https:\\\/\\\/folhapopular.info\\\/wp-content\\\/uploads\\\/2026\\\/04\\\/Folha-1.webp\",\"contentUrl\":\"https:\\\/\\\/folhapopular.info\\\/wp-content\\\/uploads\\\/2026\\\/04\\\/Folha-1.webp\",\"caption\":\"Reda\u00e7\u00e3o Folha Popular\"},\"url\":\"https:\\\/\\\/folhapopular.info\\\/index.php\\\/author\\\/redacao\\\/\"}]}<\/script>\n<!-- \/ Yoast SEO plugin. -->","yoast_head_json":{"title":"Bloqueio na RSC-453 em Westf\u00e1lia \u00e9 transferido para quinta-feira - Folha Popular","robots":{"index":"index","follow":"follow","max-snippet":"max-snippet:-1","max-image-preview":"max-image-preview:large","max-video-preview":"max-video-preview:-1"},"canonical":"https:\/\/folhapopular.info\/index.php\/2026\/03\/06\/bloqueio-na-rsc-453-em-westfalia-e-transferido-para-quinta-feira\/","og_locale":"pt_BR","og_type":"article","og_title":"Bloqueio na RSC-453 em Westf\u00e1lia \u00e9 transferido para quinta-feira - Folha Popular","og_description":"A data do bloqueio tempor\u00e1rio da RSC-453, a Rota do Sol, em Westf\u00e1lia, foi alterada. Inicialmente previsto para ocorrer na segunda-feira, o procedimento de detona\u00e7\u00e3o de rochas em uma saibreira da regi\u00e3o ser\u00e1 realizado na quinta-feira (12\/3), entre 13h e 14h. Durante a realiza\u00e7\u00e3o do trabalho, a rodovia ficar\u00e1 totalmente bloqueada nos dois sentidos para [&hellip;]","og_url":"https:\/\/folhapopular.info\/index.php\/2026\/03\/06\/bloqueio-na-rsc-453-em-westfalia-e-transferido-para-quinta-feira\/","og_site_name":"Folha Popular","article_published_time":"2026-03-07T01:05:36+00:00","article_modified_time":"2026-03-07T01:06:12+00:00","og_image":[{"width":1024,"height":561,"url":"http:\/\/folhapopular.info\/wp-content\/uploads\/2026\/03\/detonacao-1024x561.jpeg.webp","type":"image\/webp"}],"author":"Reda\u00e7\u00e3o Folha Popular","twitter_card":"summary_large_image","twitter_misc":{"Escrito por":"Reda\u00e7\u00e3o Folha Popular","Est. tempo de leitura":"1 minuto"},"schema":{"@context":"https:\/\/schema.org","@graph":[{"@type":"Article","@id":"https:\/\/folhapopular.info\/index.php\/2026\/03\/06\/bloqueio-na-rsc-453-em-westfalia-e-transferido-para-quinta-feira\/#article","isPartOf":{"@id":"https:\/\/folhapopular.info\/index.php\/2026\/03\/06\/bloqueio-na-rsc-453-em-westfalia-e-transferido-para-quinta-feira\/"},"author":{"name":"Reda\u00e7\u00e3o Folha Popular","@id":"https:\/\/folhapopular.info\/#\/schema\/person\/2814e8a0df7643585a9ca38bc6eb9d4b"},"headline":"Bloqueio na RSC-453 em Westf\u00e1lia \u00e9 transferido para quinta-feira","datePublished":"2026-03-07T01:05:36+00:00","dateModified":"2026-03-07T01:06:12+00:00","mainEntityOfPage":{"@id":"https:\/\/folhapopular.info\/index.php\/2026\/03\/06\/bloqueio-na-rsc-453-em-westfalia-e-transferido-para-quinta-feira\/"},"wordCount":141,"commentCount":0,"image":{"@id":"https:\/\/folhapopular.info\/index.php\/2026\/03\/06\/bloqueio-na-rsc-453-em-westfalia-e-transferido-para-quinta-feira\/#primaryimage"},"thumbnailUrl":"https:\/\/folhapopular.info\/wp-content\/uploads\/2026\/03\/detonacao-1024x561.jpeg.webp","keywords":["Bloqueio","RSC-453","Westf\u00e1lia"],"articleSection":["Seguran\u00e7a","Tr\u00e2nsito"],"inLanguage":"pt-BR","potentialAction":[{"@type":"CommentAction","name":"Comment","target":["https:\/\/folhapopular.info\/index.php\/2026\/03\/06\/bloqueio-na-rsc-453-em-westfalia-e-transferido-para-quinta-feira\/#respond"]}]},{"@type":"WebPage","@id":"https:\/\/folhapopular.info\/index.php\/2026\/03\/06\/bloqueio-na-rsc-453-em-westfalia-e-transferido-para-quinta-feira\/","url":"https:\/\/folhapopular.info\/index.php\/2026\/03\/06\/bloqueio-na-rsc-453-em-westfalia-e-transferido-para-quinta-feira\/","name":"Bloqueio na RSC-453 em Westf\u00e1lia \u00e9 transferido para quinta-feira - Folha Popular","isPartOf":{"@id":"https:\/\/folhapopular.info\/#website"},"primaryImageOfPage":{"@id":"https:\/\/folhapopular.info\/index.php\/2026\/03\/06\/bloqueio-na-rsc-453-em-westfalia-e-transferido-para-quinta-feira\/#primaryimage"},"image":{"@id":"https:\/\/folhapopular.info\/index.php\/2026\/03\/06\/bloqueio-na-rsc-453-em-westfalia-e-transferido-para-quinta-feira\/#primaryimage"},"thumbnailUrl":"https:\/\/folhapopular.info\/wp-content\/uploads\/2026\/03\/detonacao-1024x561.jpeg.webp","datePublished":"2026-03-07T01:05:36+00:00","dateModified":"2026-03-07T01:06:12+00:00","author":{"@id":"https:\/\/folhapopular.info\/#\/schema\/person\/2814e8a0df7643585a9ca38bc6eb9d4b"},"breadcrumb":{"@id":"https:\/\/folhapopular.info\/index.php\/2026\/03\/06\/bloqueio-na-rsc-453-em-westfalia-e-transferido-para-quinta-feira\/#breadcrumb"},"inLanguage":"pt-BR","potentialAction":[{"@type":"ReadAction","target":["https:\/\/folhapopular.info\/index.php\/2026\/03\/06\/bloqueio-na-rsc-453-em-westfalia-e-transferido-para-quinta-feira\/"]}]},{"@type":"ImageObject","inLanguage":"pt-BR","@id":"https:\/\/folhapopular.info\/index.php\/2026\/03\/06\/bloqueio-na-rsc-453-em-westfalia-e-transferido-para-quinta-feira\/#primaryimage","url":"https:\/\/folhapopular.info\/wp-content\/uploads\/2026\/03\/detonacao-1024x561.jpeg.webp","contentUrl":"https:\/\/folhapopular.info\/wp-content\/uploads\/2026\/03\/detonacao-1024x561.jpeg.webp","width":1024,"height":561},{"@type":"BreadcrumbList","@id":"https:\/\/folhapopular.info\/index.php\/2026\/03\/06\/bloqueio-na-rsc-453-em-westfalia-e-transferido-para-quinta-feira\/#breadcrumb","itemListElement":[{"@type":"ListItem","position":1,"name":"In\u00edcio","item":"https:\/\/folhapopular.info\/"},{"@type":"ListItem","position":2,"name":"Bloqueio na RSC-453 em Westf\u00e1lia \u00e9 transferido para quinta-feira"}]},{"@type":"WebSite","@id":"https:\/\/folhapopular.info\/#website","url":"https:\/\/folhapopular.info\/","name":"Folha Popular","description":"Onde voc\u00ea tem vez e voz","potentialAction":[{"@type":"SearchAction","target":{"@type":"EntryPoint","urlTemplate":"https:\/\/folhapopular.info\/?s={search_term_string}"},"query-input":{"@type":"PropertyValueSpecification","valueRequired":true,"valueName":"search_term_string"}}],"inLanguage":"pt-BR"},{"@type":"Person","@id":"https:\/\/folhapopular.info\/#\/schema\/person\/2814e8a0df7643585a9ca38bc6eb9d4b","name":"Reda\u00e7\u00e3o Folha Popular","image":{"@type":"ImageObject","inLanguage":"pt-BR","@id":"https:\/\/folhapopular.info\/wp-content\/uploads\/2026\/04\/Folha-1.webp","url":"https:\/\/folhapopular.info\/wp-content\/uploads\/2026\/04\/Folha-1.webp","contentUrl":"https:\/\/folhapopular.info\/wp-content\/uploads\/2026\/04\/Folha-1.webp","caption":"Reda\u00e7\u00e3o Folha Popular"},"url":"https:\/\/folhapopular.info\/index.php\/author\/redacao\/"}]}},"jetpack_featured_media_url":"https:\/\/folhapopular.info\/wp-content\/uploads\/2026\/03\/detonacao-1024x561.jpeg.webp","jetpack_sharing_enabled":true,"amp_enabled":true,"_links":{"self":[{"href":"https:\/\/folhapopular.info\/index.php\/wp-json\/wp\/v2\/posts\/205287","targetHints":{"allow":["GET"]}}],"collection":[{"href":"https:\/\/folhapopular.info\/index.php\/wp-json\/wp\/v2\/posts"}],"about":[{"href":"https:\/\/folhapopular.info\/index.php\/wp-json\/wp\/v2\/types\/post"}],"author":[{"embeddable":true,"href":"https:\/\/folhapopular.info\/index.php\/wp-json\/wp\/v2\/users\/8"}],"replies":[{"embeddable":true,"href":"https:\/\/folhapopular.info\/index.php\/wp-json\/wp\/v2\/comments?post=205287"}],"version-history":[{"count":0,"href":"https:\/\/folhapopular.info\/index.php\/wp-json\/wp\/v2\/posts\/205287\/revisions"}],"wp:featuredmedia":[{"embeddable":true,"href":"https:\/\/folhapopular.info\/index.php\/wp-json\/wp\/v2\/media\/205066"}],"wp:attachment":[{"href":"https:\/\/folhapopular.info\/index.php\/wp-json\/wp\/v2\/media?parent=205287"}],"wp:term":[{"taxonomy":"category","embeddable":true,"href":"https:\/\/folhapopular.info\/index.php\/wp-json\/wp\/v2\/categories?post=205287"},{"taxonomy":"post_tag","embeddable":true,"href":"https:\/\/folhapopular.info\/index.php\/wp-json\/wp\/v2\/tags?post=205287"}],"curies":[{"name":"wp","href":"https:\/\/api.w.org\/{rel}","templated":true}]}}