{"id":205296,"date":"2026-03-07T08:00:00","date_gmt":"2026-03-07T11:00:00","guid":{"rendered":"https:\/\/folhapopular.info\/?p=205296"},"modified":"2026-03-07T07:57:59","modified_gmt":"2026-03-07T10:57:59","slug":"acil-destaca-trajetoria-de-120-anos-da-cooperativa-sicredi-integracao-rs-mg","status":"publish","type":"post","link":"https:\/\/folhapopular.info\/index.php\/2026\/03\/07\/acil-destaca-trajetoria-de-120-anos-da-cooperativa-sicredi-integracao-rs-mg\/","title":{"rendered":"Acil destaca trajet\u00f3ria de 120 anos da cooperativa Sicredi Integra\u00e7\u00e3o RS\/MG"},"content":{"rendered":"\n<p>A trajet\u00f3ria do cooperativismo de cr\u00e9dito em Lajeado e a rela\u00e7\u00e3o hist\u00f3rica com o desenvolvimento regional foram tema de reuni\u00e3o-almo\u00e7o promovida pela Associa\u00e7\u00e3o Comercial e Industrial de Lajeado (Acil) na quinta-feira (5\/3). O encontro em homenagem aos 120 anos da Sicredi Integra\u00e7\u00e3o RS\/MG reuniu cerca de 130 pessoas para palestra com o presidente cooperativa, Luis Mario Berbigier.<\/p>\n\n\n\n<p>Na abertura do evento, o presidente da Acil, Joni Zagonel, afirmou que a hist\u00f3ria da cooperativa est\u00e1 diretamente ligada ao desenvolvimento regional e aos princ\u00edpios do associativismo. Segundo ele, a origem do cooperativismo de cr\u00e9dito demonstra como a uni\u00e3o de pessoas e institui\u00e7\u00f5es pode gerar prosperidade coletiva.<\/p>\n\n\n\n<p>Parta Zagonel, o anivers\u00e1rio da entidade representa uma trajet\u00f3ria profundamente ligada \u00e0 comunidade. \u201cO Sicredi nasceu da organiza\u00e7\u00e3o de pessoas que entenderam, ainda no in\u00edcio do s\u00e9culo passado, que a coopera\u00e7\u00e3o seria um caminho para gerar prosperidade coletiva\u201d, afirmou.<\/p>\n\n\n\n<p>Zagonel ressaltou que esse princ\u00edpio tamb\u00e9m orienta a atua\u00e7\u00e3o das entidades empresariais da regi\u00e3o. \u201cQuando pessoas e institui\u00e7\u00f5es se unem em torno de objetivos comuns, o desenvolvimento da comunidade acontece de forma mais s\u00f3lida e sustent\u00e1vel\u201d, disse.<\/p>\n\n\n\n<p>Berbigier retomou as origens da cooperativa em Lajeado. Em 1906, 18 s\u00f3cios ligados ao Sindicato Agr\u00edcola fundaram a Caixa Econ\u00f4mica e de Empr\u00e9stimo de Lageado, considerada a base da atual institui\u00e7\u00e3o. Em 1993, a cooperativa passou a integrar o Sistema Sicredi. \u201cComemorar 120 anos n\u00e3o acontece todos os dias. Precisamos valorizar e respeitar a hist\u00f3ria da cooperativa, que vem sendo constru\u00edda desde 1906\u201d, afirmou.<\/p>\n\n\n\n<p>O presidente detalhou o crescimento da cooperativa ao longo dos anos, com destaque para as transforma\u00e7\u00f5es ocorridas a partir do ingresso no Sistema Sicredi. Hoje, a Sicredi Integra\u00e7\u00e3o possui mais de 120 mil associados distribu\u00eddos em 36 ag\u00eancias e atua em 63 munic\u00edpios do Rio Grande do Sul e de Minas Gerais. \u201cProjetamos o crescimento de forma consciente, com passos firmes e sem descuidar do RS\u201d, destacou.<\/p>\n\n\n\n<p>O presidente tamb\u00e9m ressaltou que o prop\u00f3sito do cooperativismo vai al\u00e9m da oferta de servi\u00e7os financeiros. Segundo ele, o modelo fortalece o v\u00ednculo com as comunidades e estimula o desenvolvimento social. Em 2025, a cooperativa repassou mais de R$ 1,9 milh\u00e3o para entidades por meio do Fundo Social.<\/p>\n\n\n\n<figure class=\"wp-block-image size-large\"><img loading=\"lazy\" decoding=\"async\" width=\"1024\" height=\"768\" src=\"https:\/\/folhapopular.info\/wp-content\/uploads\/2026\/03\/Acil2-1024x768.jpeg\" alt=\"\" class=\"wp-image-205298\" srcset=\"https:\/\/folhapopular.info\/wp-content\/uploads\/2026\/03\/Acil2-1024x768.jpeg 1024w, https:\/\/folhapopular.info\/wp-content\/uploads\/2026\/03\/Acil2-300x225.jpeg 300w, https:\/\/folhapopular.info\/wp-content\/uploads\/2026\/03\/Acil2-768x576.jpeg 768w, https:\/\/folhapopular.info\/wp-content\/uploads\/2026\/03\/Acil2-1536x1152.jpeg 1536w, https:\/\/folhapopular.info\/wp-content\/uploads\/2026\/03\/Acil2-2048x1536.jpeg 2048w, https:\/\/folhapopular.info\/wp-content\/uploads\/2026\/03\/Acil2-560x420.jpeg 560w, https:\/\/folhapopular.info\/wp-content\/uploads\/2026\/03\/Acil2-80x60.jpeg 80w, https:\/\/folhapopular.info\/wp-content\/uploads\/2026\/03\/Acil2-696x522.jpeg 696w, https:\/\/folhapopular.info\/wp-content\/uploads\/2026\/03\/Acil2-1068x801.jpeg 1068w, https:\/\/folhapopular.info\/wp-content\/uploads\/2026\/03\/Acil2-1920x1440.jpeg 1920w\" sizes=\"auto, (max-width: 1024px) 100vw, 1024px\" \/><figcaption class=\"wp-element-caption\">Cerca de 130 pessoas participaram do evento alusivo ao anivers\u00e1rio da cooperativa, com matriz em Lajeado \/ Cr\u00e9dito: Thiago Maurique<\/figcaption><\/figure>\n\n\n\n<h2 class=\"wp-block-heading\"><strong>Parceria com o setor produtivo<\/strong><\/h2>\n\n\n\n<p>Berbigier tamb\u00e9m destacou a rela\u00e7\u00e3o constru\u00edda ao longo das d\u00e9cadas com empresas e empreendedores da regi\u00e3o. Segundo ele, a cooperativa cresceu junto com o desenvolvimento do Vale do Taquari. \u201cN\u00e3o \u00e9 sempre que se comemora 120 anos. Falar para esse p\u00fablico que acreditou e que vai continuar a acreditar na cooperativa \u00e9 muito gratificante\u201d, afirmou.<\/p>\n\n\n\n<p>Ele ressaltou que a parceria com associados, tanto pessoas f\u00edsicas quanto jur\u00eddicas, \u00e9 um dos pilares da atua\u00e7\u00e3o da institui\u00e7\u00e3o. Para os pr\u00f3ximos anos, Berbigier afirmou que a cooperativa ampliar\u00e1 solu\u00e7\u00f5es financeiras e refor\u00e7ar\u00e1 a presen\u00e7a nas comunidades. \u201cO Sicredi continuar\u00e1 presente, oferecendo produtos e servi\u00e7os para atender as necessidades do nosso p\u00fablico. Esse \u00e9 o nosso compromisso\u201d, concluiu.<\/p>\n\n\n\n<p><\/p>\n","protected":false},"excerpt":{"rendered":"<p>A trajet\u00f3ria do cooperativismo de cr\u00e9dito em Lajeado e a rela\u00e7\u00e3o hist\u00f3rica com o desenvolvimento regional foram tema de reuni\u00e3o-almo\u00e7o promovida pela Associa\u00e7\u00e3o Comercial e Industrial de Lajeado (Acil) na quinta-feira (5\/3). O encontro em homenagem aos 120 anos da Sicredi Integra\u00e7\u00e3o RS\/MG reuniu cerca de 130 pessoas para palestra com o presidente cooperativa, Luis [&hellip;]<\/p>\n","protected":false},"author":771,"featured_media":205297,"comment_status":"open","ping_status":"open","sticky":false,"template":"","format":"standard","meta":{"pmpro_default_level":"","_jetpack_memberships_contains_paid_content":false,"footnotes":""},"categories":[10992,2,10991],"tags":[20696,27,292,20074],"class_list":{"0":"post-205296","1":"post","2":"type-post","3":"status-publish","4":"format-standard","5":"has-post-thumbnail","7":"category-coopop","8":"category-featured","9":"category-economia","10":"tag-120-anos-sicredi-integracao","11":"tag-lajeado","12":"tag-sicredi","13":"tag-sicredi-integracao-rs-mg-4","14":"pmpro-has-access"},"yoast_head":"<!-- This site is optimized with the Yoast SEO plugin v27.5 - https:\/\/yoast.com\/product\/yoast-seo-wordpress\/ -->\n<title>Acil destaca trajet\u00f3ria de 120 anos da cooperativa Sicredi Integra\u00e7\u00e3o RS\/MG - Folha Popular<\/title>\n<meta name=\"robots\" content=\"index, follow, max-snippet:-1, max-image-preview:large, max-video-preview:-1\" \/>\n<link rel=\"canonical\" href=\"https:\/\/folhapopular.info\/index.php\/2026\/03\/07\/acil-destaca-trajetoria-de-120-anos-da-cooperativa-sicredi-integracao-rs-mg\/\" \/>\n<meta property=\"og:locale\" content=\"pt_BR\" \/>\n<meta property=\"og:type\" content=\"article\" \/>\n<meta property=\"og:title\" content=\"Acil destaca trajet\u00f3ria de 120 anos da cooperativa Sicredi Integra\u00e7\u00e3o RS\/MG - Folha Popular\" \/>\n<meta property=\"og:description\" content=\"A trajet\u00f3ria do cooperativismo de cr\u00e9dito em Lajeado e a rela\u00e7\u00e3o hist\u00f3rica com o desenvolvimento regional foram tema de reuni\u00e3o-almo\u00e7o promovida pela Associa\u00e7\u00e3o Comercial e Industrial de Lajeado (Acil) na quinta-feira (5\/3). O encontro em homenagem aos 120 anos da Sicredi Integra\u00e7\u00e3o RS\/MG reuniu cerca de 130 pessoas para palestra com o presidente cooperativa, Luis [&hellip;]\" \/>\n<meta property=\"og:url\" content=\"https:\/\/folhapopular.info\/index.php\/2026\/03\/07\/acil-destaca-trajetoria-de-120-anos-da-cooperativa-sicredi-integracao-rs-mg\/\" \/>\n<meta property=\"og:site_name\" content=\"Folha Popular\" \/>\n<meta property=\"article:published_time\" content=\"2026-03-07T11:00:00+00:00\" \/>\n<meta property=\"og:image\" content=\"https:\/\/folhapopular.info\/wp-content\/uploads\/2026\/03\/Acil-1-scaled.jpeg\" \/>\n\t<meta property=\"og:image:width\" content=\"2560\" \/>\n\t<meta property=\"og:image:height\" content=\"1920\" \/>\n\t<meta property=\"og:image:type\" content=\"image\/jpeg\" \/>\n<meta name=\"author\" content=\"Thiago Maurique\" \/>\n<meta name=\"twitter:card\" content=\"summary_large_image\" \/>\n<meta name=\"twitter:label1\" content=\"Escrito por\" \/>\n\t<meta name=\"twitter:data1\" content=\"Thiago Maurique\" \/>\n\t<meta name=\"twitter:label2\" content=\"Est. tempo de leitura\" \/>\n\t<meta name=\"twitter:data2\" content=\"4 minutos\" \/>\n<script type=\"application\/ld+json\" class=\"yoast-schema-graph\">{\"@context\":\"https:\\\/\\\/schema.org\",\"@graph\":[{\"@type\":\"Article\",\"@id\":\"https:\\\/\\\/folhapopular.info\\\/index.php\\\/2026\\\/03\\\/07\\\/acil-destaca-trajetoria-de-120-anos-da-cooperativa-sicredi-integracao-rs-mg\\\/#article\",\"isPartOf\":{\"@id\":\"https:\\\/\\\/folhapopular.info\\\/index.php\\\/2026\\\/03\\\/07\\\/acil-destaca-trajetoria-de-120-anos-da-cooperativa-sicredi-integracao-rs-mg\\\/\"},\"author\":{\"name\":\"Thiago Maurique\",\"@id\":\"https:\\\/\\\/folhapopular.info\\\/#\\\/schema\\\/person\\\/da0b2794f793376cb5dd908e88ca6911\"},\"headline\":\"Acil destaca trajet\u00f3ria de 120 anos da cooperativa Sicredi Integra\u00e7\u00e3o RS\\\/MG\",\"datePublished\":\"2026-03-07T11:00:00+00:00\",\"mainEntityOfPage\":{\"@id\":\"https:\\\/\\\/folhapopular.info\\\/index.php\\\/2026\\\/03\\\/07\\\/acil-destaca-trajetoria-de-120-anos-da-cooperativa-sicredi-integracao-rs-mg\\\/\"},\"wordCount\":555,\"commentCount\":0,\"image\":{\"@id\":\"https:\\\/\\\/folhapopular.info\\\/index.php\\\/2026\\\/03\\\/07\\\/acil-destaca-trajetoria-de-120-anos-da-cooperativa-sicredi-integracao-rs-mg\\\/#primaryimage\"},\"thumbnailUrl\":\"https:\\\/\\\/folhapopular.info\\\/wp-content\\\/uploads\\\/2026\\\/03\\\/Acil-1-scaled.jpeg\",\"keywords\":[\"120 anos Sicredi Integra\u00e7\u00e3o\",\"Lajeado\",\"Sicredi\",\"Sicredi Integra\u00e7\u00e3o RS \\\/ MG\"],\"articleSection\":[\"Coopop\",\"Destaques\",\"Economia\"],\"inLanguage\":\"pt-BR\",\"potentialAction\":[{\"@type\":\"CommentAction\",\"name\":\"Comment\",\"target\":[\"https:\\\/\\\/folhapopular.info\\\/index.php\\\/2026\\\/03\\\/07\\\/acil-destaca-trajetoria-de-120-anos-da-cooperativa-sicredi-integracao-rs-mg\\\/#respond\"]}]},{\"@type\":\"WebPage\",\"@id\":\"https:\\\/\\\/folhapopular.info\\\/index.php\\\/2026\\\/03\\\/07\\\/acil-destaca-trajetoria-de-120-anos-da-cooperativa-sicredi-integracao-rs-mg\\\/\",\"url\":\"https:\\\/\\\/folhapopular.info\\\/index.php\\\/2026\\\/03\\\/07\\\/acil-destaca-trajetoria-de-120-anos-da-cooperativa-sicredi-integracao-rs-mg\\\/\",\"name\":\"Acil destaca trajet\u00f3ria de 120 anos da cooperativa Sicredi Integra\u00e7\u00e3o RS\\\/MG - Folha Popular\",\"isPartOf\":{\"@id\":\"https:\\\/\\\/folhapopular.info\\\/#website\"},\"primaryImageOfPage\":{\"@id\":\"https:\\\/\\\/folhapopular.info\\\/index.php\\\/2026\\\/03\\\/07\\\/acil-destaca-trajetoria-de-120-anos-da-cooperativa-sicredi-integracao-rs-mg\\\/#primaryimage\"},\"image\":{\"@id\":\"https:\\\/\\\/folhapopular.info\\\/index.php\\\/2026\\\/03\\\/07\\\/acil-destaca-trajetoria-de-120-anos-da-cooperativa-sicredi-integracao-rs-mg\\\/#primaryimage\"},\"thumbnailUrl\":\"https:\\\/\\\/folhapopular.info\\\/wp-content\\\/uploads\\\/2026\\\/03\\\/Acil-1-scaled.jpeg\",\"datePublished\":\"2026-03-07T11:00:00+00:00\",\"author\":{\"@id\":\"https:\\\/\\\/folhapopular.info\\\/#\\\/schema\\\/person\\\/da0b2794f793376cb5dd908e88ca6911\"},\"breadcrumb\":{\"@id\":\"https:\\\/\\\/folhapopular.info\\\/index.php\\\/2026\\\/03\\\/07\\\/acil-destaca-trajetoria-de-120-anos-da-cooperativa-sicredi-integracao-rs-mg\\\/#breadcrumb\"},\"inLanguage\":\"pt-BR\",\"potentialAction\":[{\"@type\":\"ReadAction\",\"target\":[\"https:\\\/\\\/folhapopular.info\\\/index.php\\\/2026\\\/03\\\/07\\\/acil-destaca-trajetoria-de-120-anos-da-cooperativa-sicredi-integracao-rs-mg\\\/\"]}]},{\"@type\":\"ImageObject\",\"inLanguage\":\"pt-BR\",\"@id\":\"https:\\\/\\\/folhapopular.info\\\/index.php\\\/2026\\\/03\\\/07\\\/acil-destaca-trajetoria-de-120-anos-da-cooperativa-sicredi-integracao-rs-mg\\\/#primaryimage\",\"url\":\"https:\\\/\\\/folhapopular.info\\\/wp-content\\\/uploads\\\/2026\\\/03\\\/Acil-1-scaled.jpeg\",\"contentUrl\":\"https:\\\/\\\/folhapopular.info\\\/wp-content\\\/uploads\\\/2026\\\/03\\\/Acil-1-scaled.jpeg\",\"width\":2560,\"height\":1920,\"caption\":\"Presidente da Acil (e) e Luis Mario Berbigier \\\/ Cr\u00e9dito: Thiago Maurique\"},{\"@type\":\"BreadcrumbList\",\"@id\":\"https:\\\/\\\/folhapopular.info\\\/index.php\\\/2026\\\/03\\\/07\\\/acil-destaca-trajetoria-de-120-anos-da-cooperativa-sicredi-integracao-rs-mg\\\/#breadcrumb\",\"itemListElement\":[{\"@type\":\"ListItem\",\"position\":1,\"name\":\"In\u00edcio\",\"item\":\"https:\\\/\\\/folhapopular.info\\\/\"},{\"@type\":\"ListItem\",\"position\":2,\"name\":\"Acil destaca trajet\u00f3ria de 120 anos da cooperativa Sicredi Integra\u00e7\u00e3o RS\\\/MG\"}]},{\"@type\":\"WebSite\",\"@id\":\"https:\\\/\\\/folhapopular.info\\\/#website\",\"url\":\"https:\\\/\\\/folhapopular.info\\\/\",\"name\":\"Folha Popular\",\"description\":\"Onde voc\u00ea tem vez e voz\",\"potentialAction\":[{\"@type\":\"SearchAction\",\"target\":{\"@type\":\"EntryPoint\",\"urlTemplate\":\"https:\\\/\\\/folhapopular.info\\\/?s={search_term_string}\"},\"query-input\":{\"@type\":\"PropertyValueSpecification\",\"valueRequired\":true,\"valueName\":\"search_term_string\"}}],\"inLanguage\":\"pt-BR\"},{\"@type\":\"Person\",\"@id\":\"https:\\\/\\\/folhapopular.info\\\/#\\\/schema\\\/person\\\/da0b2794f793376cb5dd908e88ca6911\",\"name\":\"Thiago Maurique\",\"image\":{\"@type\":\"ImageObject\",\"inLanguage\":\"pt-BR\",\"@id\":\"https:\\\/\\\/folhapopular.info\\\/wp-content\\\/uploads\\\/2026\\\/04\\\/THIAGO-MAURIQUE-1-1.webp\",\"url\":\"https:\\\/\\\/folhapopular.info\\\/wp-content\\\/uploads\\\/2026\\\/04\\\/THIAGO-MAURIQUE-1-1.webp\",\"contentUrl\":\"https:\\\/\\\/folhapopular.info\\\/wp-content\\\/uploads\\\/2026\\\/04\\\/THIAGO-MAURIQUE-1-1.webp\",\"caption\":\"Thiago Maurique\"},\"url\":\"https:\\\/\\\/folhapopular.info\\\/index.php\\\/author\\\/thiago-maurique\\\/\"}]}<\/script>\n<!-- \/ Yoast SEO plugin. -->","yoast_head_json":{"title":"Acil destaca trajet\u00f3ria de 120 anos da cooperativa Sicredi Integra\u00e7\u00e3o RS\/MG - Folha Popular","robots":{"index":"index","follow":"follow","max-snippet":"max-snippet:-1","max-image-preview":"max-image-preview:large","max-video-preview":"max-video-preview:-1"},"canonical":"https:\/\/folhapopular.info\/index.php\/2026\/03\/07\/acil-destaca-trajetoria-de-120-anos-da-cooperativa-sicredi-integracao-rs-mg\/","og_locale":"pt_BR","og_type":"article","og_title":"Acil destaca trajet\u00f3ria de 120 anos da cooperativa Sicredi Integra\u00e7\u00e3o RS\/MG - Folha Popular","og_description":"A trajet\u00f3ria do cooperativismo de cr\u00e9dito em Lajeado e a rela\u00e7\u00e3o hist\u00f3rica com o desenvolvimento regional foram tema de reuni\u00e3o-almo\u00e7o promovida pela Associa\u00e7\u00e3o Comercial e Industrial de Lajeado (Acil) na quinta-feira (5\/3). O encontro em homenagem aos 120 anos da Sicredi Integra\u00e7\u00e3o RS\/MG reuniu cerca de 130 pessoas para palestra com o presidente cooperativa, Luis [&hellip;]","og_url":"https:\/\/folhapopular.info\/index.php\/2026\/03\/07\/acil-destaca-trajetoria-de-120-anos-da-cooperativa-sicredi-integracao-rs-mg\/","og_site_name":"Folha Popular","article_published_time":"2026-03-07T11:00:00+00:00","og_image":[{"width":2560,"height":1920,"url":"https:\/\/folhapopular.info\/wp-content\/uploads\/2026\/03\/Acil-1-scaled.jpeg","type":"image\/jpeg"}],"author":"Thiago Maurique","twitter_card":"summary_large_image","twitter_misc":{"Escrito por":"Thiago Maurique","Est. tempo de leitura":"4 minutos"},"schema":{"@context":"https:\/\/schema.org","@graph":[{"@type":"Article","@id":"https:\/\/folhapopular.info\/index.php\/2026\/03\/07\/acil-destaca-trajetoria-de-120-anos-da-cooperativa-sicredi-integracao-rs-mg\/#article","isPartOf":{"@id":"https:\/\/folhapopular.info\/index.php\/2026\/03\/07\/acil-destaca-trajetoria-de-120-anos-da-cooperativa-sicredi-integracao-rs-mg\/"},"author":{"name":"Thiago Maurique","@id":"https:\/\/folhapopular.info\/#\/schema\/person\/da0b2794f793376cb5dd908e88ca6911"},"headline":"Acil destaca trajet\u00f3ria de 120 anos da cooperativa Sicredi Integra\u00e7\u00e3o RS\/MG","datePublished":"2026-03-07T11:00:00+00:00","mainEntityOfPage":{"@id":"https:\/\/folhapopular.info\/index.php\/2026\/03\/07\/acil-destaca-trajetoria-de-120-anos-da-cooperativa-sicredi-integracao-rs-mg\/"},"wordCount":555,"commentCount":0,"image":{"@id":"https:\/\/folhapopular.info\/index.php\/2026\/03\/07\/acil-destaca-trajetoria-de-120-anos-da-cooperativa-sicredi-integracao-rs-mg\/#primaryimage"},"thumbnailUrl":"https:\/\/folhapopular.info\/wp-content\/uploads\/2026\/03\/Acil-1-scaled.jpeg","keywords":["120 anos Sicredi Integra\u00e7\u00e3o","Lajeado","Sicredi","Sicredi Integra\u00e7\u00e3o RS \/ MG"],"articleSection":["Coopop","Destaques","Economia"],"inLanguage":"pt-BR","potentialAction":[{"@type":"CommentAction","name":"Comment","target":["https:\/\/folhapopular.info\/index.php\/2026\/03\/07\/acil-destaca-trajetoria-de-120-anos-da-cooperativa-sicredi-integracao-rs-mg\/#respond"]}]},{"@type":"WebPage","@id":"https:\/\/folhapopular.info\/index.php\/2026\/03\/07\/acil-destaca-trajetoria-de-120-anos-da-cooperativa-sicredi-integracao-rs-mg\/","url":"https:\/\/folhapopular.info\/index.php\/2026\/03\/07\/acil-destaca-trajetoria-de-120-anos-da-cooperativa-sicredi-integracao-rs-mg\/","name":"Acil destaca trajet\u00f3ria de 120 anos da cooperativa Sicredi Integra\u00e7\u00e3o RS\/MG - Folha Popular","isPartOf":{"@id":"https:\/\/folhapopular.info\/#website"},"primaryImageOfPage":{"@id":"https:\/\/folhapopular.info\/index.php\/2026\/03\/07\/acil-destaca-trajetoria-de-120-anos-da-cooperativa-sicredi-integracao-rs-mg\/#primaryimage"},"image":{"@id":"https:\/\/folhapopular.info\/index.php\/2026\/03\/07\/acil-destaca-trajetoria-de-120-anos-da-cooperativa-sicredi-integracao-rs-mg\/#primaryimage"},"thumbnailUrl":"https:\/\/folhapopular.info\/wp-content\/uploads\/2026\/03\/Acil-1-scaled.jpeg","datePublished":"2026-03-07T11:00:00+00:00","author":{"@id":"https:\/\/folhapopular.info\/#\/schema\/person\/da0b2794f793376cb5dd908e88ca6911"},"breadcrumb":{"@id":"https:\/\/folhapopular.info\/index.php\/2026\/03\/07\/acil-destaca-trajetoria-de-120-anos-da-cooperativa-sicredi-integracao-rs-mg\/#breadcrumb"},"inLanguage":"pt-BR","potentialAction":[{"@type":"ReadAction","target":["https:\/\/folhapopular.info\/index.php\/2026\/03\/07\/acil-destaca-trajetoria-de-120-anos-da-cooperativa-sicredi-integracao-rs-mg\/"]}]},{"@type":"ImageObject","inLanguage":"pt-BR","@id":"https:\/\/folhapopular.info\/index.php\/2026\/03\/07\/acil-destaca-trajetoria-de-120-anos-da-cooperativa-sicredi-integracao-rs-mg\/#primaryimage","url":"https:\/\/folhapopular.info\/wp-content\/uploads\/2026\/03\/Acil-1-scaled.jpeg","contentUrl":"https:\/\/folhapopular.info\/wp-content\/uploads\/2026\/03\/Acil-1-scaled.jpeg","width":2560,"height":1920,"caption":"Presidente da Acil (e) e Luis Mario Berbigier \/ Cr\u00e9dito: Thiago Maurique"},{"@type":"BreadcrumbList","@id":"https:\/\/folhapopular.info\/index.php\/2026\/03\/07\/acil-destaca-trajetoria-de-120-anos-da-cooperativa-sicredi-integracao-rs-mg\/#breadcrumb","itemListElement":[{"@type":"ListItem","position":1,"name":"In\u00edcio","item":"https:\/\/folhapopular.info\/"},{"@type":"ListItem","position":2,"name":"Acil destaca trajet\u00f3ria de 120 anos da cooperativa Sicredi Integra\u00e7\u00e3o RS\/MG"}]},{"@type":"WebSite","@id":"https:\/\/folhapopular.info\/#website","url":"https:\/\/folhapopular.info\/","name":"Folha Popular","description":"Onde voc\u00ea tem vez e voz","potentialAction":[{"@type":"SearchAction","target":{"@type":"EntryPoint","urlTemplate":"https:\/\/folhapopular.info\/?s={search_term_string}"},"query-input":{"@type":"PropertyValueSpecification","valueRequired":true,"valueName":"search_term_string"}}],"inLanguage":"pt-BR"},{"@type":"Person","@id":"https:\/\/folhapopular.info\/#\/schema\/person\/da0b2794f793376cb5dd908e88ca6911","name":"Thiago Maurique","image":{"@type":"ImageObject","inLanguage":"pt-BR","@id":"https:\/\/folhapopular.info\/wp-content\/uploads\/2026\/04\/THIAGO-MAURIQUE-1-1.webp","url":"https:\/\/folhapopular.info\/wp-content\/uploads\/2026\/04\/THIAGO-MAURIQUE-1-1.webp","contentUrl":"https:\/\/folhapopular.info\/wp-content\/uploads\/2026\/04\/THIAGO-MAURIQUE-1-1.webp","caption":"Thiago Maurique"},"url":"https:\/\/folhapopular.info\/index.php\/author\/thiago-maurique\/"}]}},"jetpack_featured_media_url":"https:\/\/folhapopular.info\/wp-content\/uploads\/2026\/03\/Acil-1-scaled.jpeg","jetpack_sharing_enabled":true,"amp_enabled":true,"_links":{"self":[{"href":"https:\/\/folhapopular.info\/index.php\/wp-json\/wp\/v2\/posts\/205296","targetHints":{"allow":["GET"]}}],"collection":[{"href":"https:\/\/folhapopular.info\/index.php\/wp-json\/wp\/v2\/posts"}],"about":[{"href":"https:\/\/folhapopular.info\/index.php\/wp-json\/wp\/v2\/types\/post"}],"author":[{"embeddable":true,"href":"https:\/\/folhapopular.info\/index.php\/wp-json\/wp\/v2\/users\/771"}],"replies":[{"embeddable":true,"href":"https:\/\/folhapopular.info\/index.php\/wp-json\/wp\/v2\/comments?post=205296"}],"version-history":[{"count":0,"href":"https:\/\/folhapopular.info\/index.php\/wp-json\/wp\/v2\/posts\/205296\/revisions"}],"wp:featuredmedia":[{"embeddable":true,"href":"https:\/\/folhapopular.info\/index.php\/wp-json\/wp\/v2\/media\/205297"}],"wp:attachment":[{"href":"https:\/\/folhapopular.info\/index.php\/wp-json\/wp\/v2\/media?parent=205296"}],"wp:term":[{"taxonomy":"category","embeddable":true,"href":"https:\/\/folhapopular.info\/index.php\/wp-json\/wp\/v2\/categories?post=205296"},{"taxonomy":"post_tag","embeddable":true,"href":"https:\/\/folhapopular.info\/index.php\/wp-json\/wp\/v2\/tags?post=205296"}],"curies":[{"name":"wp","href":"https:\/\/api.w.org\/{rel}","templated":true}]}}