{"id":205322,"date":"2026-03-08T10:00:00","date_gmt":"2026-03-08T13:00:00","guid":{"rendered":"https:\/\/folhapopular.info\/?p=205322"},"modified":"2026-03-07T10:01:38","modified_gmt":"2026-03-07T13:01:38","slug":"camara-de-vereadores-de-colinas-homenageia-cecilia-ordis-jacobs-gerhardt","status":"publish","type":"post","link":"https:\/\/folhapopular.info\/index.php\/2026\/03\/08\/camara-de-vereadores-de-colinas-homenageia-cecilia-ordis-jacobs-gerhardt\/","title":{"rendered":"C\u00e2mara de Vereadores de Colinas homenageia Cec\u00edlia Ordis Jacobs Gerhardt"},"content":{"rendered":"\n<p>A C\u00e2mara de Vereadores de Colinas realizou, na quarta-feira (4\/3), sess\u00e3o solene para conceder men\u00e7\u00e3o honrosa \u00e0 senhora Cec\u00edlia Ordis Jacobs Gerhardt, em reconhecimento \u00e0 sua trajet\u00f3ria e \u00e0s contribui\u00e7\u00f5es prestadas ao munic\u00edpio ao longo de d\u00e9cadas. A homenagem foi concedida por meio da lei municipal n\u00ba 2360-02\/2026, aprovada por unanimidade pelo Legislativo e sancionada pelo prefeito Marcelo Schr\u00f6er, como parte das atividades alusivas \u00e0 Semana Municipal da Mulher.<\/p>\n\n\n\n<p>O ato reuniu autoridades municipais, integrantes do Conselho Municipal da Mulher, familiares, amigos e representantes da comunidade. A cerim\u00f4nia foi conduzida pelo presidente da C\u00e2mara, Fabiel Adolfo Zarth, que destacou o car\u00e1ter simb\u00f3lico da homenagem a uma cidad\u00e3 cuja atua\u00e7\u00e3o marcou a hist\u00f3ria cultural e social de Colinas.<\/p>\n\n\n\n<p>Natural de Arroio do Meio, Cec\u00edlia nasceu em 22 de novembro de 1934 e mudou-se ainda crian\u00e7a com a fam\u00edlia para a localidade de Corvo. Ap\u00f3s estudar no munic\u00edpio, concluiu sua forma\u00e7\u00e3o no Col\u00e9gio Santo Ant\u00f4nio, em Estrela. Desde jovem, desenvolveu forte liga\u00e7\u00e3o com a cultura e com as atividades comunit\u00e1rias, caracter\u00edsticas que a acompanharam por toda a sua trajet\u00f3ria.<\/p>\n\n\n\n<p>A homenageada teve participa\u00e7\u00e3o destacada em diversas frentes culturais. Cantou durante 63 anos em corais: primeiro no coral da Igreja Cat\u00f3lica e, depois, no coral municipal. Tamb\u00e9m, participou ativamente de apresenta\u00e7\u00f5es teatrais, especialmente nos espet\u00e1culos de Natal tradicionais.<\/p>\n\n\n\n<figure class=\"wp-block-image size-large\"><img loading=\"lazy\" decoding=\"async\" width=\"683\" height=\"1024\" src=\"https:\/\/folhapopular.info\/wp-content\/uploads\/2026\/03\/Cecilia-Ordis-683x1024.jpg\" alt=\"\" class=\"wp-image-205324\" srcset=\"https:\/\/folhapopular.info\/wp-content\/uploads\/2026\/03\/Cecilia-Ordis-683x1024.jpg 683w, https:\/\/folhapopular.info\/wp-content\/uploads\/2026\/03\/Cecilia-Ordis-200x300.jpg 200w, https:\/\/folhapopular.info\/wp-content\/uploads\/2026\/03\/Cecilia-Ordis-768x1152.jpg 768w, https:\/\/folhapopular.info\/wp-content\/uploads\/2026\/03\/Cecilia-Ordis-1024x1536.jpg 1024w, https:\/\/folhapopular.info\/wp-content\/uploads\/2026\/03\/Cecilia-Ordis-1365x2048.jpg 1365w, https:\/\/folhapopular.info\/wp-content\/uploads\/2026\/03\/Cecilia-Ordis-280x420.jpg 280w, https:\/\/folhapopular.info\/wp-content\/uploads\/2026\/03\/Cecilia-Ordis-696x1044.jpg 696w, https:\/\/folhapopular.info\/wp-content\/uploads\/2026\/03\/Cecilia-Ordis-1068x1602.jpg 1068w, https:\/\/folhapopular.info\/wp-content\/uploads\/2026\/03\/Cecilia-Ordis-1920x2880.jpg 1920w, https:\/\/folhapopular.info\/wp-content\/uploads\/2026\/03\/Cecilia-Ordis-scaled.jpg 1707w\" sizes=\"auto, (max-width: 683px) 100vw, 683px\" \/><figcaption class=\"wp-element-caption\">Cr\u00e9dito: Lucas Leandro Brune<\/figcaption><\/figure>\n\n\n\n<p>O artesanato sempre foi uma das marcas de sua atua\u00e7\u00e3o. Desde menina, trabalhou com costura e, mais tarde, participou de oficinas no Cras e de iniciativas voltadas \u00e0 produ\u00e7\u00e3o artesanal. Entre as pe\u00e7as confeccionadas estavam figuras natalinas, como Papai Noel e coelhos utilizados na decora\u00e7\u00e3o da cidade, al\u00e9m de trabalhos em pintura, croch\u00ea e tric\u00f4. Seu envolvimento contribuiu diretamente para a ornamenta\u00e7\u00e3o urbana e para o fortalecimento da identidade cultural local.<\/p>\n\n\n\n<p>Cec\u00edlia tamb\u00e9m foi uma das pioneiras da Casa do Artes\u00e3o, instalada na antiga esta\u00e7\u00e3o do trem, onde reuniu um grupo de mulheres dedicadas \u00e0 produ\u00e7\u00e3o artesanal. A iniciativa ajudou a impulsionar o movimento feminino no munic\u00edpio e valorizou a produ\u00e7\u00e3o manual como express\u00e3o cultural e econ\u00f4mica da comunidade.<\/p>\n\n\n\n<p>Outro destaque de sua trajet\u00f3ria foi a participa\u00e7\u00e3o no grupo s\u00eanior de dan\u00e7as alem\u00e3s Morgenstern, contribuindo para a preserva\u00e7\u00e3o das tradi\u00e7\u00f5es germ\u00e2nicas presentes na cultura local. Ao longo dos anos, tamb\u00e9m se dedicou ao cultivo de jardins. Foi premiada diversas vezes pelo cuidado com o jardim ecol\u00f3gico de sua resid\u00eancia, colaborando para o reconhecimento de Colinas como \u201cCidade Jardim\u201d.<\/p>\n\n\n\n<p>Durante a sess\u00e3o, a homenageada recebeu uma placa de men\u00e7\u00e3o honrosa e agradeceu o reconhecimento do Legislativo. A solenidade encerrou com a entrega simb\u00f3lica de flores e um momento de confraterniza\u00e7\u00e3o entre os presentes, celebrando a trajet\u00f3ria de uma cidad\u00e3 que ajudou a construir parte importante da hist\u00f3ria cultural de Colinas.<\/p>\n","protected":false},"excerpt":{"rendered":"<p>A C\u00e2mara de Vereadores de Colinas realizou, na quarta-feira (4\/3), sess\u00e3o solene para conceder men\u00e7\u00e3o honrosa \u00e0 senhora Cec\u00edlia Ordis Jacobs Gerhardt, em reconhecimento \u00e0 sua trajet\u00f3ria e \u00e0s contribui\u00e7\u00f5es prestadas ao munic\u00edpio ao longo de d\u00e9cadas. A homenagem foi concedida por meio da lei municipal n\u00ba 2360-02\/2026, aprovada por unanimidade pelo Legislativo e sancionada [&hellip;]<\/p>\n","protected":false},"author":8,"featured_media":205323,"comment_status":"open","ping_status":"open","sticky":false,"template":"","format":"standard","meta":{"pmpro_default_level":"","_jetpack_memberships_contains_paid_content":false,"footnotes":""},"categories":[6,10997],"tags":[646,20702,183,2220],"class_list":{"0":"post-205322","1":"post","2":"type-post","3":"status-publish","4":"format-standard","5":"has-post-thumbnail","7":"category-inclusive","8":"category-variedades","9":"tag-camara-de-vereadores","10":"tag-cecilia-ordis-jacobs-gerhardt","11":"tag-colinas","12":"tag-dia-da-mulher","13":"pmpro-has-access"},"yoast_head":"<!-- This site is optimized with the Yoast SEO plugin v27.5 - https:\/\/yoast.com\/product\/yoast-seo-wordpress\/ -->\n<title>C\u00e2mara de Vereadores de Colinas homenageia Cec\u00edlia Ordis Jacobs Gerhardt - Folha Popular<\/title>\n<meta name=\"robots\" content=\"index, follow, max-snippet:-1, max-image-preview:large, max-video-preview:-1\" \/>\n<link rel=\"canonical\" href=\"https:\/\/folhapopular.info\/index.php\/2026\/03\/08\/camara-de-vereadores-de-colinas-homenageia-cecilia-ordis-jacobs-gerhardt\/\" \/>\n<meta property=\"og:locale\" content=\"pt_BR\" \/>\n<meta property=\"og:type\" content=\"article\" \/>\n<meta property=\"og:title\" content=\"C\u00e2mara de Vereadores de Colinas homenageia Cec\u00edlia Ordis Jacobs Gerhardt - Folha Popular\" \/>\n<meta property=\"og:description\" content=\"A C\u00e2mara de Vereadores de Colinas realizou, na quarta-feira (4\/3), sess\u00e3o solene para conceder men\u00e7\u00e3o honrosa \u00e0 senhora Cec\u00edlia Ordis Jacobs Gerhardt, em reconhecimento \u00e0 sua trajet\u00f3ria e \u00e0s contribui\u00e7\u00f5es prestadas ao munic\u00edpio ao longo de d\u00e9cadas. A homenagem foi concedida por meio da lei municipal n\u00ba 2360-02\/2026, aprovada por unanimidade pelo Legislativo e sancionada [&hellip;]\" \/>\n<meta property=\"og:url\" content=\"https:\/\/folhapopular.info\/index.php\/2026\/03\/08\/camara-de-vereadores-de-colinas-homenageia-cecilia-ordis-jacobs-gerhardt\/\" \/>\n<meta property=\"og:site_name\" content=\"Folha Popular\" \/>\n<meta property=\"article:published_time\" content=\"2026-03-08T13:00:00+00:00\" \/>\n<meta property=\"og:image\" content=\"https:\/\/folhapopular.info\/wp-content\/uploads\/2026\/03\/Vereadores-homenagearam-a-cidada-scaled.jpeg\" \/>\n\t<meta property=\"og:image:width\" content=\"2560\" \/>\n\t<meta property=\"og:image:height\" content=\"1920\" \/>\n\t<meta property=\"og:image:type\" content=\"image\/jpeg\" \/>\n<meta name=\"author\" content=\"Reda\u00e7\u00e3o Folha Popular\" \/>\n<meta name=\"twitter:card\" content=\"summary_large_image\" \/>\n<meta name=\"twitter:label1\" content=\"Escrito por\" \/>\n\t<meta name=\"twitter:data1\" content=\"Reda\u00e7\u00e3o Folha Popular\" \/>\n\t<meta name=\"twitter:label2\" content=\"Est. tempo de leitura\" \/>\n\t<meta name=\"twitter:data2\" content=\"3 minutos\" \/>\n<script type=\"application\/ld+json\" class=\"yoast-schema-graph\">{\"@context\":\"https:\\\/\\\/schema.org\",\"@graph\":[{\"@type\":\"Article\",\"@id\":\"https:\\\/\\\/folhapopular.info\\\/index.php\\\/2026\\\/03\\\/08\\\/camara-de-vereadores-de-colinas-homenageia-cecilia-ordis-jacobs-gerhardt\\\/#article\",\"isPartOf\":{\"@id\":\"https:\\\/\\\/folhapopular.info\\\/index.php\\\/2026\\\/03\\\/08\\\/camara-de-vereadores-de-colinas-homenageia-cecilia-ordis-jacobs-gerhardt\\\/\"},\"author\":{\"name\":\"Reda\u00e7\u00e3o Folha Popular\",\"@id\":\"https:\\\/\\\/folhapopular.info\\\/#\\\/schema\\\/person\\\/2814e8a0df7643585a9ca38bc6eb9d4b\"},\"headline\":\"C\u00e2mara de Vereadores de Colinas homenageia Cec\u00edlia Ordis Jacobs Gerhardt\",\"datePublished\":\"2026-03-08T13:00:00+00:00\",\"mainEntityOfPage\":{\"@id\":\"https:\\\/\\\/folhapopular.info\\\/index.php\\\/2026\\\/03\\\/08\\\/camara-de-vereadores-de-colinas-homenageia-cecilia-ordis-jacobs-gerhardt\\\/\"},\"wordCount\":516,\"commentCount\":0,\"image\":{\"@id\":\"https:\\\/\\\/folhapopular.info\\\/index.php\\\/2026\\\/03\\\/08\\\/camara-de-vereadores-de-colinas-homenageia-cecilia-ordis-jacobs-gerhardt\\\/#primaryimage\"},\"thumbnailUrl\":\"https:\\\/\\\/folhapopular.info\\\/wp-content\\\/uploads\\\/2026\\\/03\\\/Vereadores-homenagearam-a-cidada-scaled.jpeg\",\"keywords\":[\"C\u00e2mara de Vereadores\",\"Cec\u00edlia Ordis Jacobs Gerhardt\",\"Colinas\",\"Dia da Mulher\"],\"articleSection\":[\"Inclusive\",\"Variedades\"],\"inLanguage\":\"pt-BR\",\"potentialAction\":[{\"@type\":\"CommentAction\",\"name\":\"Comment\",\"target\":[\"https:\\\/\\\/folhapopular.info\\\/index.php\\\/2026\\\/03\\\/08\\\/camara-de-vereadores-de-colinas-homenageia-cecilia-ordis-jacobs-gerhardt\\\/#respond\"]}]},{\"@type\":\"WebPage\",\"@id\":\"https:\\\/\\\/folhapopular.info\\\/index.php\\\/2026\\\/03\\\/08\\\/camara-de-vereadores-de-colinas-homenageia-cecilia-ordis-jacobs-gerhardt\\\/\",\"url\":\"https:\\\/\\\/folhapopular.info\\\/index.php\\\/2026\\\/03\\\/08\\\/camara-de-vereadores-de-colinas-homenageia-cecilia-ordis-jacobs-gerhardt\\\/\",\"name\":\"C\u00e2mara de Vereadores de Colinas homenageia Cec\u00edlia Ordis Jacobs Gerhardt - Folha Popular\",\"isPartOf\":{\"@id\":\"https:\\\/\\\/folhapopular.info\\\/#website\"},\"primaryImageOfPage\":{\"@id\":\"https:\\\/\\\/folhapopular.info\\\/index.php\\\/2026\\\/03\\\/08\\\/camara-de-vereadores-de-colinas-homenageia-cecilia-ordis-jacobs-gerhardt\\\/#primaryimage\"},\"image\":{\"@id\":\"https:\\\/\\\/folhapopular.info\\\/index.php\\\/2026\\\/03\\\/08\\\/camara-de-vereadores-de-colinas-homenageia-cecilia-ordis-jacobs-gerhardt\\\/#primaryimage\"},\"thumbnailUrl\":\"https:\\\/\\\/folhapopular.info\\\/wp-content\\\/uploads\\\/2026\\\/03\\\/Vereadores-homenagearam-a-cidada-scaled.jpeg\",\"datePublished\":\"2026-03-08T13:00:00+00:00\",\"author\":{\"@id\":\"https:\\\/\\\/folhapopular.info\\\/#\\\/schema\\\/person\\\/2814e8a0df7643585a9ca38bc6eb9d4b\"},\"breadcrumb\":{\"@id\":\"https:\\\/\\\/folhapopular.info\\\/index.php\\\/2026\\\/03\\\/08\\\/camara-de-vereadores-de-colinas-homenageia-cecilia-ordis-jacobs-gerhardt\\\/#breadcrumb\"},\"inLanguage\":\"pt-BR\",\"potentialAction\":[{\"@type\":\"ReadAction\",\"target\":[\"https:\\\/\\\/folhapopular.info\\\/index.php\\\/2026\\\/03\\\/08\\\/camara-de-vereadores-de-colinas-homenageia-cecilia-ordis-jacobs-gerhardt\\\/\"]}]},{\"@type\":\"ImageObject\",\"inLanguage\":\"pt-BR\",\"@id\":\"https:\\\/\\\/folhapopular.info\\\/index.php\\\/2026\\\/03\\\/08\\\/camara-de-vereadores-de-colinas-homenageia-cecilia-ordis-jacobs-gerhardt\\\/#primaryimage\",\"url\":\"https:\\\/\\\/folhapopular.info\\\/wp-content\\\/uploads\\\/2026\\\/03\\\/Vereadores-homenagearam-a-cidada-scaled.jpeg\",\"contentUrl\":\"https:\\\/\\\/folhapopular.info\\\/wp-content\\\/uploads\\\/2026\\\/03\\\/Vereadores-homenagearam-a-cidada-scaled.jpeg\",\"width\":2560,\"height\":1920,\"caption\":\"Cec\u00edlia recebeu men\u00e7\u00e3o honrosa em reconhecimento \u00e0 sua contribui\u00e7\u00e3o \u00e0 cultura e ao artesanato do munic\u00edpio \\\/ Cr\u00e9dito: Lucas Leandro Brune\"},{\"@type\":\"BreadcrumbList\",\"@id\":\"https:\\\/\\\/folhapopular.info\\\/index.php\\\/2026\\\/03\\\/08\\\/camara-de-vereadores-de-colinas-homenageia-cecilia-ordis-jacobs-gerhardt\\\/#breadcrumb\",\"itemListElement\":[{\"@type\":\"ListItem\",\"position\":1,\"name\":\"In\u00edcio\",\"item\":\"https:\\\/\\\/folhapopular.info\\\/\"},{\"@type\":\"ListItem\",\"position\":2,\"name\":\"C\u00e2mara de Vereadores de Colinas homenageia Cec\u00edlia Ordis Jacobs Gerhardt\"}]},{\"@type\":\"WebSite\",\"@id\":\"https:\\\/\\\/folhapopular.info\\\/#website\",\"url\":\"https:\\\/\\\/folhapopular.info\\\/\",\"name\":\"Folha Popular\",\"description\":\"Onde voc\u00ea tem vez e voz\",\"potentialAction\":[{\"@type\":\"SearchAction\",\"target\":{\"@type\":\"EntryPoint\",\"urlTemplate\":\"https:\\\/\\\/folhapopular.info\\\/?s={search_term_string}\"},\"query-input\":{\"@type\":\"PropertyValueSpecification\",\"valueRequired\":true,\"valueName\":\"search_term_string\"}}],\"inLanguage\":\"pt-BR\"},{\"@type\":\"Person\",\"@id\":\"https:\\\/\\\/folhapopular.info\\\/#\\\/schema\\\/person\\\/2814e8a0df7643585a9ca38bc6eb9d4b\",\"name\":\"Reda\u00e7\u00e3o Folha Popular\",\"image\":{\"@type\":\"ImageObject\",\"inLanguage\":\"pt-BR\",\"@id\":\"https:\\\/\\\/folhapopular.info\\\/wp-content\\\/uploads\\\/2026\\\/04\\\/Folha-1.webp\",\"url\":\"https:\\\/\\\/folhapopular.info\\\/wp-content\\\/uploads\\\/2026\\\/04\\\/Folha-1.webp\",\"contentUrl\":\"https:\\\/\\\/folhapopular.info\\\/wp-content\\\/uploads\\\/2026\\\/04\\\/Folha-1.webp\",\"caption\":\"Reda\u00e7\u00e3o Folha Popular\"},\"url\":\"https:\\\/\\\/folhapopular.info\\\/index.php\\\/author\\\/redacao\\\/\"}]}<\/script>\n<!-- \/ Yoast SEO plugin. -->","yoast_head_json":{"title":"C\u00e2mara de Vereadores de Colinas homenageia Cec\u00edlia Ordis Jacobs Gerhardt - Folha Popular","robots":{"index":"index","follow":"follow","max-snippet":"max-snippet:-1","max-image-preview":"max-image-preview:large","max-video-preview":"max-video-preview:-1"},"canonical":"https:\/\/folhapopular.info\/index.php\/2026\/03\/08\/camara-de-vereadores-de-colinas-homenageia-cecilia-ordis-jacobs-gerhardt\/","og_locale":"pt_BR","og_type":"article","og_title":"C\u00e2mara de Vereadores de Colinas homenageia Cec\u00edlia Ordis Jacobs Gerhardt - Folha Popular","og_description":"A C\u00e2mara de Vereadores de Colinas realizou, na quarta-feira (4\/3), sess\u00e3o solene para conceder men\u00e7\u00e3o honrosa \u00e0 senhora Cec\u00edlia Ordis Jacobs Gerhardt, em reconhecimento \u00e0 sua trajet\u00f3ria e \u00e0s contribui\u00e7\u00f5es prestadas ao munic\u00edpio ao longo de d\u00e9cadas. A homenagem foi concedida por meio da lei municipal n\u00ba 2360-02\/2026, aprovada por unanimidade pelo Legislativo e sancionada [&hellip;]","og_url":"https:\/\/folhapopular.info\/index.php\/2026\/03\/08\/camara-de-vereadores-de-colinas-homenageia-cecilia-ordis-jacobs-gerhardt\/","og_site_name":"Folha Popular","article_published_time":"2026-03-08T13:00:00+00:00","og_image":[{"width":2560,"height":1920,"url":"https:\/\/folhapopular.info\/wp-content\/uploads\/2026\/03\/Vereadores-homenagearam-a-cidada-scaled.jpeg","type":"image\/jpeg"}],"author":"Reda\u00e7\u00e3o Folha Popular","twitter_card":"summary_large_image","twitter_misc":{"Escrito por":"Reda\u00e7\u00e3o Folha Popular","Est. tempo de leitura":"3 minutos"},"schema":{"@context":"https:\/\/schema.org","@graph":[{"@type":"Article","@id":"https:\/\/folhapopular.info\/index.php\/2026\/03\/08\/camara-de-vereadores-de-colinas-homenageia-cecilia-ordis-jacobs-gerhardt\/#article","isPartOf":{"@id":"https:\/\/folhapopular.info\/index.php\/2026\/03\/08\/camara-de-vereadores-de-colinas-homenageia-cecilia-ordis-jacobs-gerhardt\/"},"author":{"name":"Reda\u00e7\u00e3o Folha Popular","@id":"https:\/\/folhapopular.info\/#\/schema\/person\/2814e8a0df7643585a9ca38bc6eb9d4b"},"headline":"C\u00e2mara de Vereadores de Colinas homenageia Cec\u00edlia Ordis Jacobs Gerhardt","datePublished":"2026-03-08T13:00:00+00:00","mainEntityOfPage":{"@id":"https:\/\/folhapopular.info\/index.php\/2026\/03\/08\/camara-de-vereadores-de-colinas-homenageia-cecilia-ordis-jacobs-gerhardt\/"},"wordCount":516,"commentCount":0,"image":{"@id":"https:\/\/folhapopular.info\/index.php\/2026\/03\/08\/camara-de-vereadores-de-colinas-homenageia-cecilia-ordis-jacobs-gerhardt\/#primaryimage"},"thumbnailUrl":"https:\/\/folhapopular.info\/wp-content\/uploads\/2026\/03\/Vereadores-homenagearam-a-cidada-scaled.jpeg","keywords":["C\u00e2mara de Vereadores","Cec\u00edlia Ordis Jacobs Gerhardt","Colinas","Dia da Mulher"],"articleSection":["Inclusive","Variedades"],"inLanguage":"pt-BR","potentialAction":[{"@type":"CommentAction","name":"Comment","target":["https:\/\/folhapopular.info\/index.php\/2026\/03\/08\/camara-de-vereadores-de-colinas-homenageia-cecilia-ordis-jacobs-gerhardt\/#respond"]}]},{"@type":"WebPage","@id":"https:\/\/folhapopular.info\/index.php\/2026\/03\/08\/camara-de-vereadores-de-colinas-homenageia-cecilia-ordis-jacobs-gerhardt\/","url":"https:\/\/folhapopular.info\/index.php\/2026\/03\/08\/camara-de-vereadores-de-colinas-homenageia-cecilia-ordis-jacobs-gerhardt\/","name":"C\u00e2mara de Vereadores de Colinas homenageia Cec\u00edlia Ordis Jacobs Gerhardt - Folha Popular","isPartOf":{"@id":"https:\/\/folhapopular.info\/#website"},"primaryImageOfPage":{"@id":"https:\/\/folhapopular.info\/index.php\/2026\/03\/08\/camara-de-vereadores-de-colinas-homenageia-cecilia-ordis-jacobs-gerhardt\/#primaryimage"},"image":{"@id":"https:\/\/folhapopular.info\/index.php\/2026\/03\/08\/camara-de-vereadores-de-colinas-homenageia-cecilia-ordis-jacobs-gerhardt\/#primaryimage"},"thumbnailUrl":"https:\/\/folhapopular.info\/wp-content\/uploads\/2026\/03\/Vereadores-homenagearam-a-cidada-scaled.jpeg","datePublished":"2026-03-08T13:00:00+00:00","author":{"@id":"https:\/\/folhapopular.info\/#\/schema\/person\/2814e8a0df7643585a9ca38bc6eb9d4b"},"breadcrumb":{"@id":"https:\/\/folhapopular.info\/index.php\/2026\/03\/08\/camara-de-vereadores-de-colinas-homenageia-cecilia-ordis-jacobs-gerhardt\/#breadcrumb"},"inLanguage":"pt-BR","potentialAction":[{"@type":"ReadAction","target":["https:\/\/folhapopular.info\/index.php\/2026\/03\/08\/camara-de-vereadores-de-colinas-homenageia-cecilia-ordis-jacobs-gerhardt\/"]}]},{"@type":"ImageObject","inLanguage":"pt-BR","@id":"https:\/\/folhapopular.info\/index.php\/2026\/03\/08\/camara-de-vereadores-de-colinas-homenageia-cecilia-ordis-jacobs-gerhardt\/#primaryimage","url":"https:\/\/folhapopular.info\/wp-content\/uploads\/2026\/03\/Vereadores-homenagearam-a-cidada-scaled.jpeg","contentUrl":"https:\/\/folhapopular.info\/wp-content\/uploads\/2026\/03\/Vereadores-homenagearam-a-cidada-scaled.jpeg","width":2560,"height":1920,"caption":"Cec\u00edlia recebeu men\u00e7\u00e3o honrosa em reconhecimento \u00e0 sua contribui\u00e7\u00e3o \u00e0 cultura e ao artesanato do munic\u00edpio \/ Cr\u00e9dito: Lucas Leandro Brune"},{"@type":"BreadcrumbList","@id":"https:\/\/folhapopular.info\/index.php\/2026\/03\/08\/camara-de-vereadores-de-colinas-homenageia-cecilia-ordis-jacobs-gerhardt\/#breadcrumb","itemListElement":[{"@type":"ListItem","position":1,"name":"In\u00edcio","item":"https:\/\/folhapopular.info\/"},{"@type":"ListItem","position":2,"name":"C\u00e2mara de Vereadores de Colinas homenageia Cec\u00edlia Ordis Jacobs Gerhardt"}]},{"@type":"WebSite","@id":"https:\/\/folhapopular.info\/#website","url":"https:\/\/folhapopular.info\/","name":"Folha Popular","description":"Onde voc\u00ea tem vez e voz","potentialAction":[{"@type":"SearchAction","target":{"@type":"EntryPoint","urlTemplate":"https:\/\/folhapopular.info\/?s={search_term_string}"},"query-input":{"@type":"PropertyValueSpecification","valueRequired":true,"valueName":"search_term_string"}}],"inLanguage":"pt-BR"},{"@type":"Person","@id":"https:\/\/folhapopular.info\/#\/schema\/person\/2814e8a0df7643585a9ca38bc6eb9d4b","name":"Reda\u00e7\u00e3o Folha Popular","image":{"@type":"ImageObject","inLanguage":"pt-BR","@id":"https:\/\/folhapopular.info\/wp-content\/uploads\/2026\/04\/Folha-1.webp","url":"https:\/\/folhapopular.info\/wp-content\/uploads\/2026\/04\/Folha-1.webp","contentUrl":"https:\/\/folhapopular.info\/wp-content\/uploads\/2026\/04\/Folha-1.webp","caption":"Reda\u00e7\u00e3o Folha Popular"},"url":"https:\/\/folhapopular.info\/index.php\/author\/redacao\/"}]}},"jetpack_featured_media_url":"https:\/\/folhapopular.info\/wp-content\/uploads\/2026\/03\/Vereadores-homenagearam-a-cidada-scaled.jpeg","jetpack_sharing_enabled":true,"amp_enabled":true,"_links":{"self":[{"href":"https:\/\/folhapopular.info\/index.php\/wp-json\/wp\/v2\/posts\/205322","targetHints":{"allow":["GET"]}}],"collection":[{"href":"https:\/\/folhapopular.info\/index.php\/wp-json\/wp\/v2\/posts"}],"about":[{"href":"https:\/\/folhapopular.info\/index.php\/wp-json\/wp\/v2\/types\/post"}],"author":[{"embeddable":true,"href":"https:\/\/folhapopular.info\/index.php\/wp-json\/wp\/v2\/users\/8"}],"replies":[{"embeddable":true,"href":"https:\/\/folhapopular.info\/index.php\/wp-json\/wp\/v2\/comments?post=205322"}],"version-history":[{"count":0,"href":"https:\/\/folhapopular.info\/index.php\/wp-json\/wp\/v2\/posts\/205322\/revisions"}],"wp:featuredmedia":[{"embeddable":true,"href":"https:\/\/folhapopular.info\/index.php\/wp-json\/wp\/v2\/media\/205323"}],"wp:attachment":[{"href":"https:\/\/folhapopular.info\/index.php\/wp-json\/wp\/v2\/media?parent=205322"}],"wp:term":[{"taxonomy":"category","embeddable":true,"href":"https:\/\/folhapopular.info\/index.php\/wp-json\/wp\/v2\/categories?post=205322"},{"taxonomy":"post_tag","embeddable":true,"href":"https:\/\/folhapopular.info\/index.php\/wp-json\/wp\/v2\/tags?post=205322"}],"curies":[{"name":"wp","href":"https:\/\/api.w.org\/{rel}","templated":true}]}}