{"id":205333,"date":"2026-03-07T09:15:06","date_gmt":"2026-03-07T12:15:06","guid":{"rendered":"https:\/\/folhapopular.info\/?p=205333"},"modified":"2026-03-07T09:15:08","modified_gmt":"2026-03-07T12:15:08","slug":"jaque-weber-integra-equipe-com-melhor-desempenho-do-brasil-no-mundial-militar-de-cross-country","status":"publish","type":"post","link":"https:\/\/folhapopular.info\/index.php\/2026\/03\/07\/jaque-weber-integra-equipe-com-melhor-desempenho-do-brasil-no-mundial-militar-de-cross-country\/","title":{"rendered":"Jaque Weber integra equipe com melhor desempenho do Brasil no Mundial Militar de Cross Country"},"content":{"rendered":"\n<p>A atleta teutoniense Jaqueline Weber voltou a colocar o atletismo brasileiro em evid\u00eancia no cen\u00e1rio internacional. A representante da equipe do Praia Clube \/ Miller \/ Girando Sol \/ Fila integrou o revezamento misto do Brasil que alcan\u00e7ou o 4\u00ba lugar no 60\u00ba Campeonato Mundial Militar de <em>Cross<\/em> <em>Country<\/em>, disputado em Trikala, na Gr\u00e9cia. O resultado \u00e9 considerado o melhor da hist\u00f3ria do pa\u00eds na competi\u00e7\u00e3o.<\/p>\n\n\n\n<p>O quarteto brasileiro, formado por Jaqueline Weber, Tatiane Raquel, Guilherme Kurtz e Leonardo Santos, completou o percurso de 4&#215;2 quil\u00f4metros (8 quil\u00f4metros) em 24min02seg, logo atr\u00e1s das fortes sele\u00e7\u00f5es de Eti\u00f3pia, Marrocos e Bahrein.<\/p>\n\n\n\n<p>Para Jaque, o desempenho representa um marco importante para o atletismo nacional. Segundo ela, terminar entre as melhores equipes do mundo em um campeonato t\u00e3o tradicional refor\u00e7a a evolu\u00e7\u00e3o do pa\u00eds na modalidade.<\/p>\n\n\n\n<p>\u201cFicamos muito felizes com o resultado. Estar entre os melhores do mundo e conquistar a melhor posi\u00e7\u00e3o da hist\u00f3ria do Brasil, em um campeonato que j\u00e1 chega \u00e0 60\u00aa edi\u00e7\u00e3o, \u00e9 uma baita conquista\u201d, destaca.<\/p>\n\n\n\n<p>Al\u00e9m do desempenho, a teutoniense e os demais integrantes da delega\u00e7\u00e3o brasileira tamb\u00e9m representam as For\u00e7as Armadas. Todos fazem parte do Programa de Atletas de Alto Rendimento (PAAR), atuam como terceiros-sargentos tempor\u00e1rios e conciliam a carreira militar com o alto rendimento no esporte.<\/p>\n\n\n\n<figure class=\"wp-block-gallery has-nested-images columns-default is-cropped wp-block-gallery-1 is-layout-flex wp-block-gallery-is-layout-flex\">\n<figure class=\"wp-block-image size-large\"><img loading=\"lazy\" decoding=\"async\" width=\"768\" height=\"1024\" data-id=\"205334\" src=\"https:\/\/folhapopular.info\/wp-content\/uploads\/2026\/03\/WhatsApp-Image-2026-03-06-at-19.50.07-768x1024.jpeg\" alt=\"\" class=\"wp-image-205334\" srcset=\"https:\/\/folhapopular.info\/wp-content\/uploads\/2026\/03\/WhatsApp-Image-2026-03-06-at-19.50.07-768x1024.jpeg 768w, https:\/\/folhapopular.info\/wp-content\/uploads\/2026\/03\/WhatsApp-Image-2026-03-06-at-19.50.07-225x300.jpeg 225w, https:\/\/folhapopular.info\/wp-content\/uploads\/2026\/03\/WhatsApp-Image-2026-03-06-at-19.50.07-315x420.jpeg 315w, https:\/\/folhapopular.info\/wp-content\/uploads\/2026\/03\/WhatsApp-Image-2026-03-06-at-19.50.07-696x928.jpeg 696w, https:\/\/folhapopular.info\/wp-content\/uploads\/2026\/03\/WhatsApp-Image-2026-03-06-at-19.50.07.jpeg 960w\" sizes=\"auto, (max-width: 768px) 100vw, 768px\" \/><figcaption class=\"wp-element-caption\">Delega\u00e7\u00e3o teve resultado in\u00e9dito<br>Cr\u00e9dito: Arquivo Pessoal<\/figcaption><\/figure>\n<\/figure>\n","protected":false},"excerpt":{"rendered":"<p>A atleta teutoniense Jaqueline Weber voltou a colocar o atletismo brasileiro em evid\u00eancia no cen\u00e1rio internacional. A representante da equipe do Praia Clube \/ Miller \/ Girando Sol \/ Fila integrou o revezamento misto do Brasil que alcan\u00e7ou o 4\u00ba lugar no 60\u00ba Campeonato Mundial Militar de Cross Country, disputado em Trikala, na Gr\u00e9cia. O [&hellip;]<\/p>\n","protected":false},"author":732,"featured_media":205335,"comment_status":"open","ping_status":"open","sticky":false,"template":"","format":"standard","meta":{"pmpro_default_level":"","_jetpack_memberships_contains_paid_content":false,"footnotes":""},"categories":[16747,5],"tags":[],"class_list":{"0":"post-205333","1":"post","2":"type-post","3":"status-publish","4":"format-standard","5":"has-post-thumbnail","7":"category-atletismo","8":"category-esportes","9":"pmpro-has-access"},"yoast_head":"<!-- This site is optimized with the Yoast SEO plugin v27.5 - https:\/\/yoast.com\/product\/yoast-seo-wordpress\/ -->\n<title>Jaque Weber integra equipe com melhor desempenho do Brasil no Mundial Militar de Cross Country - Folha Popular<\/title>\n<meta name=\"robots\" content=\"index, follow, max-snippet:-1, max-image-preview:large, max-video-preview:-1\" \/>\n<link rel=\"canonical\" href=\"https:\/\/folhapopular.info\/index.php\/2026\/03\/07\/jaque-weber-integra-equipe-com-melhor-desempenho-do-brasil-no-mundial-militar-de-cross-country\/\" \/>\n<meta property=\"og:locale\" content=\"pt_BR\" \/>\n<meta property=\"og:type\" content=\"article\" \/>\n<meta property=\"og:title\" content=\"Jaque Weber integra equipe com melhor desempenho do Brasil no Mundial Militar de Cross Country - Folha Popular\" \/>\n<meta property=\"og:description\" content=\"A atleta teutoniense Jaqueline Weber voltou a colocar o atletismo brasileiro em evid\u00eancia no cen\u00e1rio internacional. A representante da equipe do Praia Clube \/ Miller \/ Girando Sol \/ Fila integrou o revezamento misto do Brasil que alcan\u00e7ou o 4\u00ba lugar no 60\u00ba Campeonato Mundial Militar de Cross Country, disputado em Trikala, na Gr\u00e9cia. O [&hellip;]\" \/>\n<meta property=\"og:url\" content=\"https:\/\/folhapopular.info\/index.php\/2026\/03\/07\/jaque-weber-integra-equipe-com-melhor-desempenho-do-brasil-no-mundial-militar-de-cross-country\/\" \/>\n<meta property=\"og:site_name\" content=\"Folha Popular\" \/>\n<meta property=\"article:author\" content=\"https:\/\/www.facebook.com\/luis.huppes\/\" \/>\n<meta property=\"article:published_time\" content=\"2026-03-07T12:15:06+00:00\" \/>\n<meta property=\"article:modified_time\" content=\"2026-03-07T12:15:08+00:00\" \/>\n<meta property=\"og:image\" content=\"http:\/\/folhapopular.info\/wp-content\/uploads\/2026\/03\/WhatsApp-Image-2026-03-06-at-19.50.07-1.jpeg\" \/>\n\t<meta property=\"og:image:width\" content=\"960\" \/>\n\t<meta property=\"og:image:height\" content=\"1280\" \/>\n\t<meta property=\"og:image:type\" content=\"image\/jpeg\" \/>\n<meta name=\"author\" content=\"Luis Augusto Huppes\" \/>\n<meta name=\"twitter:card\" content=\"summary_large_image\" \/>\n<meta name=\"twitter:label1\" content=\"Escrito por\" \/>\n\t<meta name=\"twitter:data1\" content=\"Luis Augusto Huppes\" \/>\n\t<meta name=\"twitter:label2\" content=\"Est. tempo de leitura\" \/>\n\t<meta name=\"twitter:data2\" content=\"2 minutos\" \/>\n<script type=\"application\/ld+json\" class=\"yoast-schema-graph\">{\"@context\":\"https:\\\/\\\/schema.org\",\"@graph\":[{\"@type\":\"Article\",\"@id\":\"https:\\\/\\\/folhapopular.info\\\/index.php\\\/2026\\\/03\\\/07\\\/jaque-weber-integra-equipe-com-melhor-desempenho-do-brasil-no-mundial-militar-de-cross-country\\\/#article\",\"isPartOf\":{\"@id\":\"https:\\\/\\\/folhapopular.info\\\/index.php\\\/2026\\\/03\\\/07\\\/jaque-weber-integra-equipe-com-melhor-desempenho-do-brasil-no-mundial-militar-de-cross-country\\\/\"},\"author\":{\"name\":\"Luis Augusto Huppes\",\"@id\":\"https:\\\/\\\/folhapopular.info\\\/#\\\/schema\\\/person\\\/e852c327371714676d02e58cf917fd9f\"},\"headline\":\"Jaque Weber integra equipe com melhor desempenho do Brasil no Mundial Militar de Cross Country\",\"datePublished\":\"2026-03-07T12:15:06+00:00\",\"dateModified\":\"2026-03-07T12:15:08+00:00\",\"mainEntityOfPage\":{\"@id\":\"https:\\\/\\\/folhapopular.info\\\/index.php\\\/2026\\\/03\\\/07\\\/jaque-weber-integra-equipe-com-melhor-desempenho-do-brasil-no-mundial-militar-de-cross-country\\\/\"},\"wordCount\":250,\"commentCount\":0,\"image\":{\"@id\":\"https:\\\/\\\/folhapopular.info\\\/index.php\\\/2026\\\/03\\\/07\\\/jaque-weber-integra-equipe-com-melhor-desempenho-do-brasil-no-mundial-militar-de-cross-country\\\/#primaryimage\"},\"thumbnailUrl\":\"https:\\\/\\\/folhapopular.info\\\/wp-content\\\/uploads\\\/2026\\\/03\\\/WhatsApp-Image-2026-03-06-at-19.50.07-1.jpeg\",\"articleSection\":[\"Atletismo\",\"Esportes\"],\"inLanguage\":\"pt-BR\",\"potentialAction\":[{\"@type\":\"CommentAction\",\"name\":\"Comment\",\"target\":[\"https:\\\/\\\/folhapopular.info\\\/index.php\\\/2026\\\/03\\\/07\\\/jaque-weber-integra-equipe-com-melhor-desempenho-do-brasil-no-mundial-militar-de-cross-country\\\/#respond\"]}]},{\"@type\":\"WebPage\",\"@id\":\"https:\\\/\\\/folhapopular.info\\\/index.php\\\/2026\\\/03\\\/07\\\/jaque-weber-integra-equipe-com-melhor-desempenho-do-brasil-no-mundial-militar-de-cross-country\\\/\",\"url\":\"https:\\\/\\\/folhapopular.info\\\/index.php\\\/2026\\\/03\\\/07\\\/jaque-weber-integra-equipe-com-melhor-desempenho-do-brasil-no-mundial-militar-de-cross-country\\\/\",\"name\":\"Jaque Weber integra equipe com melhor desempenho do Brasil no Mundial Militar de Cross Country - Folha Popular\",\"isPartOf\":{\"@id\":\"https:\\\/\\\/folhapopular.info\\\/#website\"},\"primaryImageOfPage\":{\"@id\":\"https:\\\/\\\/folhapopular.info\\\/index.php\\\/2026\\\/03\\\/07\\\/jaque-weber-integra-equipe-com-melhor-desempenho-do-brasil-no-mundial-militar-de-cross-country\\\/#primaryimage\"},\"image\":{\"@id\":\"https:\\\/\\\/folhapopular.info\\\/index.php\\\/2026\\\/03\\\/07\\\/jaque-weber-integra-equipe-com-melhor-desempenho-do-brasil-no-mundial-militar-de-cross-country\\\/#primaryimage\"},\"thumbnailUrl\":\"https:\\\/\\\/folhapopular.info\\\/wp-content\\\/uploads\\\/2026\\\/03\\\/WhatsApp-Image-2026-03-06-at-19.50.07-1.jpeg\",\"datePublished\":\"2026-03-07T12:15:06+00:00\",\"dateModified\":\"2026-03-07T12:15:08+00:00\",\"author\":{\"@id\":\"https:\\\/\\\/folhapopular.info\\\/#\\\/schema\\\/person\\\/e852c327371714676d02e58cf917fd9f\"},\"breadcrumb\":{\"@id\":\"https:\\\/\\\/folhapopular.info\\\/index.php\\\/2026\\\/03\\\/07\\\/jaque-weber-integra-equipe-com-melhor-desempenho-do-brasil-no-mundial-militar-de-cross-country\\\/#breadcrumb\"},\"inLanguage\":\"pt-BR\",\"potentialAction\":[{\"@type\":\"ReadAction\",\"target\":[\"https:\\\/\\\/folhapopular.info\\\/index.php\\\/2026\\\/03\\\/07\\\/jaque-weber-integra-equipe-com-melhor-desempenho-do-brasil-no-mundial-militar-de-cross-country\\\/\"]}]},{\"@type\":\"ImageObject\",\"inLanguage\":\"pt-BR\",\"@id\":\"https:\\\/\\\/folhapopular.info\\\/index.php\\\/2026\\\/03\\\/07\\\/jaque-weber-integra-equipe-com-melhor-desempenho-do-brasil-no-mundial-militar-de-cross-country\\\/#primaryimage\",\"url\":\"https:\\\/\\\/folhapopular.info\\\/wp-content\\\/uploads\\\/2026\\\/03\\\/WhatsApp-Image-2026-03-06-at-19.50.07-1.jpeg\",\"contentUrl\":\"https:\\\/\\\/folhapopular.info\\\/wp-content\\\/uploads\\\/2026\\\/03\\\/WhatsApp-Image-2026-03-06-at-19.50.07-1.jpeg\",\"width\":960,\"height\":1280,\"caption\":\"Jaque representou o Brasil mais uma vez - Cr\u00e9dito: Arquivo Pessoal\"},{\"@type\":\"BreadcrumbList\",\"@id\":\"https:\\\/\\\/folhapopular.info\\\/index.php\\\/2026\\\/03\\\/07\\\/jaque-weber-integra-equipe-com-melhor-desempenho-do-brasil-no-mundial-militar-de-cross-country\\\/#breadcrumb\",\"itemListElement\":[{\"@type\":\"ListItem\",\"position\":1,\"name\":\"In\u00edcio\",\"item\":\"https:\\\/\\\/folhapopular.info\\\/\"},{\"@type\":\"ListItem\",\"position\":2,\"name\":\"Jaque Weber integra equipe com melhor desempenho do Brasil no Mundial Militar de Cross Country\"}]},{\"@type\":\"WebSite\",\"@id\":\"https:\\\/\\\/folhapopular.info\\\/#website\",\"url\":\"https:\\\/\\\/folhapopular.info\\\/\",\"name\":\"Folha Popular\",\"description\":\"Onde voc\u00ea tem vez e voz\",\"potentialAction\":[{\"@type\":\"SearchAction\",\"target\":{\"@type\":\"EntryPoint\",\"urlTemplate\":\"https:\\\/\\\/folhapopular.info\\\/?s={search_term_string}\"},\"query-input\":{\"@type\":\"PropertyValueSpecification\",\"valueRequired\":true,\"valueName\":\"search_term_string\"}}],\"inLanguage\":\"pt-BR\"},{\"@type\":\"Person\",\"@id\":\"https:\\\/\\\/folhapopular.info\\\/#\\\/schema\\\/person\\\/e852c327371714676d02e58cf917fd9f\",\"name\":\"Luis Augusto Huppes\",\"image\":{\"@type\":\"ImageObject\",\"inLanguage\":\"pt-BR\",\"@id\":\"https:\\\/\\\/folhapopular.info\\\/wp-content\\\/uploads\\\/2026\\\/04\\\/Luis-Augusto-Huppes-1-1.webp\",\"url\":\"https:\\\/\\\/folhapopular.info\\\/wp-content\\\/uploads\\\/2026\\\/04\\\/Luis-Augusto-Huppes-1-1.webp\",\"contentUrl\":\"https:\\\/\\\/folhapopular.info\\\/wp-content\\\/uploads\\\/2026\\\/04\\\/Luis-Augusto-Huppes-1-1.webp\",\"caption\":\"Luis Augusto Huppes\"},\"sameAs\":[\"https:\\\/\\\/www.facebook.com\\\/luis.huppes\\\/\",\"https:\\\/\\\/www.instagram.com\\\/luis.huppes\\\/\",\"https:\\\/\\\/www.linkedin.com\\\/in\\\/luis-augusto-huppes-2554b52b7\\\/\"],\"url\":\"https:\\\/\\\/folhapopular.info\\\/index.php\\\/author\\\/luis-augusto-huppes\\\/\"}]}<\/script>\n<!-- \/ Yoast SEO plugin. -->","yoast_head_json":{"title":"Jaque Weber integra equipe com melhor desempenho do Brasil no Mundial Militar de Cross Country - Folha Popular","robots":{"index":"index","follow":"follow","max-snippet":"max-snippet:-1","max-image-preview":"max-image-preview:large","max-video-preview":"max-video-preview:-1"},"canonical":"https:\/\/folhapopular.info\/index.php\/2026\/03\/07\/jaque-weber-integra-equipe-com-melhor-desempenho-do-brasil-no-mundial-militar-de-cross-country\/","og_locale":"pt_BR","og_type":"article","og_title":"Jaque Weber integra equipe com melhor desempenho do Brasil no Mundial Militar de Cross Country - Folha Popular","og_description":"A atleta teutoniense Jaqueline Weber voltou a colocar o atletismo brasileiro em evid\u00eancia no cen\u00e1rio internacional. A representante da equipe do Praia Clube \/ Miller \/ Girando Sol \/ Fila integrou o revezamento misto do Brasil que alcan\u00e7ou o 4\u00ba lugar no 60\u00ba Campeonato Mundial Militar de Cross Country, disputado em Trikala, na Gr\u00e9cia. O [&hellip;]","og_url":"https:\/\/folhapopular.info\/index.php\/2026\/03\/07\/jaque-weber-integra-equipe-com-melhor-desempenho-do-brasil-no-mundial-militar-de-cross-country\/","og_site_name":"Folha Popular","article_author":"https:\/\/www.facebook.com\/luis.huppes\/","article_published_time":"2026-03-07T12:15:06+00:00","article_modified_time":"2026-03-07T12:15:08+00:00","og_image":[{"width":960,"height":1280,"url":"http:\/\/folhapopular.info\/wp-content\/uploads\/2026\/03\/WhatsApp-Image-2026-03-06-at-19.50.07-1.jpeg","type":"image\/jpeg"}],"author":"Luis Augusto Huppes","twitter_card":"summary_large_image","twitter_misc":{"Escrito por":"Luis Augusto Huppes","Est. tempo de leitura":"2 minutos"},"schema":{"@context":"https:\/\/schema.org","@graph":[{"@type":"Article","@id":"https:\/\/folhapopular.info\/index.php\/2026\/03\/07\/jaque-weber-integra-equipe-com-melhor-desempenho-do-brasil-no-mundial-militar-de-cross-country\/#article","isPartOf":{"@id":"https:\/\/folhapopular.info\/index.php\/2026\/03\/07\/jaque-weber-integra-equipe-com-melhor-desempenho-do-brasil-no-mundial-militar-de-cross-country\/"},"author":{"name":"Luis Augusto Huppes","@id":"https:\/\/folhapopular.info\/#\/schema\/person\/e852c327371714676d02e58cf917fd9f"},"headline":"Jaque Weber integra equipe com melhor desempenho do Brasil no Mundial Militar de Cross Country","datePublished":"2026-03-07T12:15:06+00:00","dateModified":"2026-03-07T12:15:08+00:00","mainEntityOfPage":{"@id":"https:\/\/folhapopular.info\/index.php\/2026\/03\/07\/jaque-weber-integra-equipe-com-melhor-desempenho-do-brasil-no-mundial-militar-de-cross-country\/"},"wordCount":250,"commentCount":0,"image":{"@id":"https:\/\/folhapopular.info\/index.php\/2026\/03\/07\/jaque-weber-integra-equipe-com-melhor-desempenho-do-brasil-no-mundial-militar-de-cross-country\/#primaryimage"},"thumbnailUrl":"https:\/\/folhapopular.info\/wp-content\/uploads\/2026\/03\/WhatsApp-Image-2026-03-06-at-19.50.07-1.jpeg","articleSection":["Atletismo","Esportes"],"inLanguage":"pt-BR","potentialAction":[{"@type":"CommentAction","name":"Comment","target":["https:\/\/folhapopular.info\/index.php\/2026\/03\/07\/jaque-weber-integra-equipe-com-melhor-desempenho-do-brasil-no-mundial-militar-de-cross-country\/#respond"]}]},{"@type":"WebPage","@id":"https:\/\/folhapopular.info\/index.php\/2026\/03\/07\/jaque-weber-integra-equipe-com-melhor-desempenho-do-brasil-no-mundial-militar-de-cross-country\/","url":"https:\/\/folhapopular.info\/index.php\/2026\/03\/07\/jaque-weber-integra-equipe-com-melhor-desempenho-do-brasil-no-mundial-militar-de-cross-country\/","name":"Jaque Weber integra equipe com melhor desempenho do Brasil no Mundial Militar de Cross Country - Folha Popular","isPartOf":{"@id":"https:\/\/folhapopular.info\/#website"},"primaryImageOfPage":{"@id":"https:\/\/folhapopular.info\/index.php\/2026\/03\/07\/jaque-weber-integra-equipe-com-melhor-desempenho-do-brasil-no-mundial-militar-de-cross-country\/#primaryimage"},"image":{"@id":"https:\/\/folhapopular.info\/index.php\/2026\/03\/07\/jaque-weber-integra-equipe-com-melhor-desempenho-do-brasil-no-mundial-militar-de-cross-country\/#primaryimage"},"thumbnailUrl":"https:\/\/folhapopular.info\/wp-content\/uploads\/2026\/03\/WhatsApp-Image-2026-03-06-at-19.50.07-1.jpeg","datePublished":"2026-03-07T12:15:06+00:00","dateModified":"2026-03-07T12:15:08+00:00","author":{"@id":"https:\/\/folhapopular.info\/#\/schema\/person\/e852c327371714676d02e58cf917fd9f"},"breadcrumb":{"@id":"https:\/\/folhapopular.info\/index.php\/2026\/03\/07\/jaque-weber-integra-equipe-com-melhor-desempenho-do-brasil-no-mundial-militar-de-cross-country\/#breadcrumb"},"inLanguage":"pt-BR","potentialAction":[{"@type":"ReadAction","target":["https:\/\/folhapopular.info\/index.php\/2026\/03\/07\/jaque-weber-integra-equipe-com-melhor-desempenho-do-brasil-no-mundial-militar-de-cross-country\/"]}]},{"@type":"ImageObject","inLanguage":"pt-BR","@id":"https:\/\/folhapopular.info\/index.php\/2026\/03\/07\/jaque-weber-integra-equipe-com-melhor-desempenho-do-brasil-no-mundial-militar-de-cross-country\/#primaryimage","url":"https:\/\/folhapopular.info\/wp-content\/uploads\/2026\/03\/WhatsApp-Image-2026-03-06-at-19.50.07-1.jpeg","contentUrl":"https:\/\/folhapopular.info\/wp-content\/uploads\/2026\/03\/WhatsApp-Image-2026-03-06-at-19.50.07-1.jpeg","width":960,"height":1280,"caption":"Jaque representou o Brasil mais uma vez - Cr\u00e9dito: Arquivo Pessoal"},{"@type":"BreadcrumbList","@id":"https:\/\/folhapopular.info\/index.php\/2026\/03\/07\/jaque-weber-integra-equipe-com-melhor-desempenho-do-brasil-no-mundial-militar-de-cross-country\/#breadcrumb","itemListElement":[{"@type":"ListItem","position":1,"name":"In\u00edcio","item":"https:\/\/folhapopular.info\/"},{"@type":"ListItem","position":2,"name":"Jaque Weber integra equipe com melhor desempenho do Brasil no Mundial Militar de Cross Country"}]},{"@type":"WebSite","@id":"https:\/\/folhapopular.info\/#website","url":"https:\/\/folhapopular.info\/","name":"Folha Popular","description":"Onde voc\u00ea tem vez e voz","potentialAction":[{"@type":"SearchAction","target":{"@type":"EntryPoint","urlTemplate":"https:\/\/folhapopular.info\/?s={search_term_string}"},"query-input":{"@type":"PropertyValueSpecification","valueRequired":true,"valueName":"search_term_string"}}],"inLanguage":"pt-BR"},{"@type":"Person","@id":"https:\/\/folhapopular.info\/#\/schema\/person\/e852c327371714676d02e58cf917fd9f","name":"Luis Augusto Huppes","image":{"@type":"ImageObject","inLanguage":"pt-BR","@id":"https:\/\/folhapopular.info\/wp-content\/uploads\/2026\/04\/Luis-Augusto-Huppes-1-1.webp","url":"https:\/\/folhapopular.info\/wp-content\/uploads\/2026\/04\/Luis-Augusto-Huppes-1-1.webp","contentUrl":"https:\/\/folhapopular.info\/wp-content\/uploads\/2026\/04\/Luis-Augusto-Huppes-1-1.webp","caption":"Luis Augusto Huppes"},"sameAs":["https:\/\/www.facebook.com\/luis.huppes\/","https:\/\/www.instagram.com\/luis.huppes\/","https:\/\/www.linkedin.com\/in\/luis-augusto-huppes-2554b52b7\/"],"url":"https:\/\/folhapopular.info\/index.php\/author\/luis-augusto-huppes\/"}]}},"jetpack_featured_media_url":"https:\/\/folhapopular.info\/wp-content\/uploads\/2026\/03\/WhatsApp-Image-2026-03-06-at-19.50.07-1.jpeg","jetpack_sharing_enabled":true,"amp_enabled":true,"_links":{"self":[{"href":"https:\/\/folhapopular.info\/index.php\/wp-json\/wp\/v2\/posts\/205333","targetHints":{"allow":["GET"]}}],"collection":[{"href":"https:\/\/folhapopular.info\/index.php\/wp-json\/wp\/v2\/posts"}],"about":[{"href":"https:\/\/folhapopular.info\/index.php\/wp-json\/wp\/v2\/types\/post"}],"author":[{"embeddable":true,"href":"https:\/\/folhapopular.info\/index.php\/wp-json\/wp\/v2\/users\/732"}],"replies":[{"embeddable":true,"href":"https:\/\/folhapopular.info\/index.php\/wp-json\/wp\/v2\/comments?post=205333"}],"version-history":[{"count":0,"href":"https:\/\/folhapopular.info\/index.php\/wp-json\/wp\/v2\/posts\/205333\/revisions"}],"wp:featuredmedia":[{"embeddable":true,"href":"https:\/\/folhapopular.info\/index.php\/wp-json\/wp\/v2\/media\/205335"}],"wp:attachment":[{"href":"https:\/\/folhapopular.info\/index.php\/wp-json\/wp\/v2\/media?parent=205333"}],"wp:term":[{"taxonomy":"category","embeddable":true,"href":"https:\/\/folhapopular.info\/index.php\/wp-json\/wp\/v2\/categories?post=205333"},{"taxonomy":"post_tag","embeddable":true,"href":"https:\/\/folhapopular.info\/index.php\/wp-json\/wp\/v2\/tags?post=205333"}],"curies":[{"name":"wp","href":"https:\/\/api.w.org\/{rel}","templated":true}]}}