{"id":205337,"date":"2026-03-07T09:22:48","date_gmt":"2026-03-07T12:22:48","guid":{"rendered":"https:\/\/folhapopular.info\/?p=205337"},"modified":"2026-03-07T09:22:57","modified_gmt":"2026-03-07T12:22:57","slug":"aeca-classifica-canoistas-para-mundial-na-argentina","status":"publish","type":"post","link":"https:\/\/folhapopular.info\/index.php\/2026\/03\/07\/aeca-classifica-canoistas-para-mundial-na-argentina\/","title":{"rendered":"Aeca classifica cano\u00edstas para mundial na Argentina"},"content":{"rendered":"\n<p>A Associa\u00e7\u00e3o de Ecologia e Canoagem (Aeca), de Estrela, voltou a escrever um mais um cap\u00edtulo marcante na hist\u00f3ria da modalidade no pa\u00eds e no Rio Grande do Sul.<\/p>\n\n\n\n<p>No Campeonato Brasileiro de Canoagem Maratona, realizado em Curitiba (PR) de 26 de fevereiro a 1\u00ba de mar\u00e7o, a equipe conquistou resultados expressivos e garantiu vagas para o Campeonato Mundial de Maratona, que ser\u00e1 disputado em outubro, na Argentina.<\/p>\n\n\n\n<p>Entre os classificados est\u00e3o Larissa Naiara Ahlert (17), Theo Carracedo (23), Francisco Lepkoski (35) e Diego Soarez (17). O grupo refor\u00e7a o protagonismo da canoagem ga\u00facha em n\u00edvel nacional e mant\u00e9m viva a tradi\u00e7\u00e3o de um munic\u00edpio que \u00e9 reconhecido como ber\u00e7o da modalidade no Brasil.<\/p>\n\n\n\n<p>A maratona na canoagem \u00e9 marcada por percursos extensos &#8211; 17, 21 ou 25 quil\u00f4metros, a depender da categoria -, disputados em circuitos com voltas e portagens (momentos em que o atleta precisa sair da \u00e1gua e carregar o caiaque). N\u00e3o \u00e9 apenas for\u00e7a: a prova exige estrat\u00e9gia, leitura de corrida e controle emocional.<\/p>\n\n\n\n<p>T\u00e9cnico e tamb\u00e9m atleta, Francisco \u201cChico\u201d explica que a prepara\u00e7\u00e3o come\u00e7ou ainda no fim do ano passado. \u201cSoubemos que o Brasileiro seria decisivo para o Mundial e come\u00e7amos a montar a base. S\u00e3o provas longas, ent\u00e3o \u00e9 preciso ter um volume grande de treino. O objetivo era classificar e a miss\u00e3o foi cumprida\u201d, comenta.<\/p>\n\n\n\n<p>No K2 S\u00eanior (25 quil\u00f4metros), Chico e Theo conquistaram a medalha de prata e a vaga. O detalhe \u00e9 que a dupla praticamente n\u00e3o havia treinado junta. \u201cSubimos no barco e alinhamos tudo na largada. Ajustamos durante a prova e conseguimos evoluir\u201d, relata Francisco. A sintonia rendeu tamb\u00e9m um 2\u00ba lugar no K1 S\u00eanior para Carracedo.<\/p>\n\n\n\n<h2 class=\"wp-block-heading\"><strong>Juventude e maturidade<\/strong> <strong>na mesma bra\u00e7ada<\/strong><\/h2>\n\n\n\n<p>Aos 17 anos, Larissa Ahlert \u00e9 um dos grandes s\u00edmbolos da nova gera\u00e7\u00e3o da Aeca. Vice-campe\u00e3 no K1 J\u00fanior (17,5 quil\u00f4metros) e campe\u00e3 no K2 Misto J\u00fanior ao lado de Diego Soarez, ela garantiu presen\u00e7a no Mundial e vive um momento especial na carreira.<\/p>\n\n\n\n<p>\u201cFoi minha primeira competi\u00e7\u00e3o maratona. Aprendi bastante coisa e agora \u00e9 continuar nos treinos para outubro\u201d, afirma. A classifica\u00e7\u00e3o internacional ainda soa como surpreendente para quem come\u00e7ou de maneira despretensiosa. \u201cIa tomar banho de rio com uma amiga por lazer. Depois, o Chico me chamou para a equipe de rendimento, tive destaque e comecei a competir\u201d, recorda.<\/p>\n\n\n\n<p>A rotina \u00e9 puxada. Treino pela manh\u00e3, curso em outra cidade \u00e0 tarde e estudos \u00e0 noite, em Estrela. \u201c\u00c0s vezes, preciso faltar treino para fazer trabalho da escola, mas consigo conciliar. Receber apoio em casa tamb\u00e9m \u00e9 crucial. Minha m\u00e3e tem muito orgulho, principalmente agora com a vaga para a Argentina\u201d, avalia.<\/p>\n\n\n\n<p>Larissa tamb\u00e9m superou uma les\u00e3o recente e teve de enfrentar dor e sess\u00f5es de fisioterapia antes de voltar ao alto rendimento. A medalha em Curitiba \u00e9 considerada uma supera\u00e7\u00e3o pessoal.<\/p>\n\n\n\n<h2 class=\"wp-block-heading\"><strong>Entre a USP<\/strong> <strong>e o caiaque<\/strong><\/h2>\n\n\n\n<p>Theo divide a vida entre a canoagem e a gradua\u00e7\u00e3o em Qu\u00edmica na Universidade de S\u00e3o Paulo (USP). Ele treina na Raia Ol\u00edmpica da universidade pela manh\u00e3, cumpre aulas e laborat\u00f3rio \u00e0 tarde e ainda desenvolve pesquisas acad\u00eamicas.<\/p>\n\n\n\n<p>\u201cSempre quis participar de um campeonato como este. Tentei em outras oportunidades e agora deu certo. \u00c9 uma felicidade muito grande\u201d, destaca. Ele reconhece as dificuldades de conciliar esporte e estudo. \u201cTenho dias puxados, mas sempre consigo me virar\u201d, comenta.<\/p>\n\n\n\n<p>A classifica\u00e7\u00e3o ganha ainda mais relev\u00e2ncia diante da realidade do esporte no pa\u00eds. \u201cNa pr\u00e1tica, n\u00e3o d\u00e1 para se manter s\u00f3 com a canoagem. O bolsa-atleta ajuda, mas \u00e9 insuficiente. Por isso, precisamos pensar em um futuro acad\u00eamico tamb\u00e9m\u201d, afirma ele, que n\u00e3o pretende seguir na canoagem como profiss\u00e3o, pela falta de garantia e seguran\u00e7a.<\/p>\n\n\n\n<h2 class=\"wp-block-heading\"><strong>Persist\u00eancia e resultado<\/strong><\/h2>\n\n\n\n<p>Com 3 anos e meio de canoagem, Diego Soarez tamb\u00e9m teve papel decisivo na campanha. O jovem atleta conquistou o ouro e a vaga, considerada como principal. Mesmo nervoso, ele ressalta que \u00e9 o momento de \u201cir pra cima deles\u201d e buscar a melhor coloca\u00e7\u00e3o na Argentina.<\/p>\n\n\n\n<p>Companheiro de Larissa na prova, Diego comemora o resultado depois de uma prepara\u00e7\u00e3o com treinos intensos. \u201cFoi uma rotina pesada at\u00e9 n\u00e3o aguentar mais, mas todo esfor\u00e7o sempre \u00e9 recompensado. \u00c0s vezes, demora, mas a vit\u00f3ria sempre vem\u201d, destaca.<\/p>\n\n\n\n<p>Satisfeito com a campanha, o cano\u00edsta tamb\u00e9m faz quest\u00e3o de ressaltar o trabalho de Chico e das pessoas que o apoiam na trajet\u00f3ria no esporte. Agora, ele j\u00e1 projeta o pr\u00f3ximo desafio da temporada: a disputa da Copa Brasil de Velocidade, marcada para abril. Ent\u00e3o, se concentrar\u00e1 no Mundial.<\/p>\n\n\n\n<h2 class=\"wp-block-heading\"><strong>Estrutura e mobiliza\u00e7\u00e3o<\/strong><\/h2>\n\n\n\n<p>Para um dos dirigentes da Aeca, Edson Carvalho, o resultado \u00e9 fruto de um esfor\u00e7o coletivo que n\u00e3o fica s\u00f3 na \u00e1gua. \u201cO atleta aparece na ponta, mas tem toda uma estrutura por tr\u00e1s. Diretoria volunt\u00e1ria, fam\u00edlias que apoiam e o treinador, que planeja cada detalhe\u201d, indica.<\/p>\n\n\n\n<p>Ele destaca que a classifica\u00e7\u00e3o ao Mundial traz tamb\u00e9m um desafio financeiro. Transporte de atletas e embarca\u00e7\u00f5es, inscri\u00e7\u00f5es, hospedagem e alimenta\u00e7\u00e3o elevam os custos. \u201cRepresentar o Brasil \u00e9 uma honra, mas exige investimento. Buscamos apoio para viabilizar essa ida para outro pa\u00eds\u201d, refor\u00e7a Carvalho. Ele lembra a realidade da Aeca, pois a entidade ainda vive um processo de reconstru\u00e7\u00e3o estrutural ap\u00f3s perdas significativas de material.<\/p>\n\n\n\n<p>Parte das embarca\u00e7\u00f5es utilizadas no Brasileiro foi emprestada ou alugada. \u201cMesmo assim, mostramos que a Aeca \u00e9 forte. Perdemos equipamentos, mas n\u00e3o a ess\u00eancia\u201d, diz.<\/p>\n\n\n\n<p>S\u00e3o mais de 40 anos de hist\u00f3ria &#8211; a entidade \u00e9 considerada a mais antiga equipe de canoagem do Brasil. Al\u00e9m do alto rendimento, a Aeca mant\u00e9m projeto social que atende crian\u00e7as e adolescentes e oferece inicia\u00e7\u00e3o esportiva e forma\u00e7\u00e3o cidad\u00e3.<\/p>\n\n\n\n<h2 class=\"wp-block-heading\"><strong>Sonho compartilhado<\/strong><\/h2>\n\n\n\n<p>Para Chico, a ida ao Mundial tem significado duplo. \u201cTenho mais de 20 anos de canoagem e nunca tinha representado o Brasil como atleta. \u00c9 um sonho realizado\u201d, aponta. Ele valoriza o crescimento dos jovens: \u201cVer eles em evolu\u00e7\u00e3o, sem ligar para dificuldades, \u00e9 especial, e isso n\u00e3o tem pre\u00e7o.\u201d<\/p>\n\n\n\n<p>Larissa resume o sentimento com maturidade. \u201c\u00c9 uma responsabilidade grande, mas um sentimento muito bom\u201d &#8211; o que agrega com o pensamento de Theo. \u201cVamos alinhar as canoas ao lado de atletas que s\u00e3o refer\u00eancias. Isso \u00e9 uma conquista gigante\u201d, refor\u00e7a.<\/p>\n\n\n\n<p>Em outubro, no momento em que os caiaques brasileiros estiverem na largada do Mundial na Argentina, Estrela estar\u00e1 representada por atletas que carregam medalhas e levam hist\u00f3rias de disciplina, reconstru\u00e7\u00e3o e uni\u00e3o &#8211; marcas de um grupo que transformou adversidade em oportunidade e reafirmou a for\u00e7a da canoagem ga\u00facha no cen\u00e1rio internacional.<\/p>\n","protected":false},"excerpt":{"rendered":"<p>A Associa\u00e7\u00e3o de Ecologia e Canoagem (Aeca), de Estrela, voltou a escrever um mais um cap\u00edtulo marcante na hist\u00f3ria da modalidade no pa\u00eds e no Rio Grande do Sul. No Campeonato Brasileiro de Canoagem Maratona, realizado em Curitiba (PR) de 26 de fevereiro a 1\u00ba de mar\u00e7o, a equipe conquistou resultados expressivos e garantiu vagas [&hellip;]<\/p>\n","protected":false},"author":732,"featured_media":205338,"comment_status":"open","ping_status":"open","sticky":false,"template":"","format":"standard","meta":{"pmpro_default_level":"","_jetpack_memberships_contains_paid_content":false,"footnotes":""},"categories":[5,18861],"tags":[7018,1041,8],"class_list":{"0":"post-205337","1":"post","2":"type-post","3":"status-publish","4":"format-standard","5":"has-post-thumbnail","7":"category-esportes","8":"category-esportes-variados","9":"tag-aeca","10":"tag-canoagem","11":"tag-estrela","12":"pmpro-has-access"},"yoast_head":"<!-- This site is optimized with the Yoast SEO plugin v27.5 - https:\/\/yoast.com\/product\/yoast-seo-wordpress\/ -->\n<title>Aeca classifica cano\u00edstas para mundial na Argentina - Folha Popular<\/title>\n<meta name=\"robots\" content=\"index, follow, max-snippet:-1, max-image-preview:large, max-video-preview:-1\" \/>\n<link rel=\"canonical\" href=\"https:\/\/folhapopular.info\/index.php\/2026\/03\/07\/aeca-classifica-canoistas-para-mundial-na-argentina\/\" \/>\n<meta property=\"og:locale\" content=\"pt_BR\" \/>\n<meta property=\"og:type\" content=\"article\" \/>\n<meta property=\"og:title\" content=\"Aeca classifica cano\u00edstas para mundial na Argentina - Folha Popular\" \/>\n<meta property=\"og:description\" content=\"A Associa\u00e7\u00e3o de Ecologia e Canoagem (Aeca), de Estrela, voltou a escrever um mais um cap\u00edtulo marcante na hist\u00f3ria da modalidade no pa\u00eds e no Rio Grande do Sul. No Campeonato Brasileiro de Canoagem Maratona, realizado em Curitiba (PR) de 26 de fevereiro a 1\u00ba de mar\u00e7o, a equipe conquistou resultados expressivos e garantiu vagas [&hellip;]\" \/>\n<meta property=\"og:url\" content=\"https:\/\/folhapopular.info\/index.php\/2026\/03\/07\/aeca-classifica-canoistas-para-mundial-na-argentina\/\" \/>\n<meta property=\"og:site_name\" content=\"Folha Popular\" \/>\n<meta property=\"article:author\" content=\"https:\/\/www.facebook.com\/luis.huppes\/\" \/>\n<meta property=\"article:published_time\" content=\"2026-03-07T12:22:48+00:00\" \/>\n<meta property=\"article:modified_time\" content=\"2026-03-07T12:22:57+00:00\" \/>\n<meta property=\"og:image\" content=\"http:\/\/folhapopular.info\/wp-content\/uploads\/2026\/03\/WhatsApp-Image-2026-03-06-at-19.49.26.jpeg\" \/>\n\t<meta property=\"og:image:width\" content=\"1200\" \/>\n\t<meta property=\"og:image:height\" content=\"900\" \/>\n\t<meta property=\"og:image:type\" content=\"image\/jpeg\" \/>\n<meta name=\"author\" content=\"Luis Augusto Huppes\" \/>\n<meta name=\"twitter:card\" content=\"summary_large_image\" \/>\n<meta name=\"twitter:label1\" content=\"Escrito por\" \/>\n\t<meta name=\"twitter:data1\" content=\"Luis Augusto Huppes\" \/>\n\t<meta name=\"twitter:label2\" content=\"Est. tempo de leitura\" \/>\n\t<meta name=\"twitter:data2\" content=\"7 minutos\" \/>\n<script type=\"application\/ld+json\" class=\"yoast-schema-graph\">{\"@context\":\"https:\\\/\\\/schema.org\",\"@graph\":[{\"@type\":\"Article\",\"@id\":\"https:\\\/\\\/folhapopular.info\\\/index.php\\\/2026\\\/03\\\/07\\\/aeca-classifica-canoistas-para-mundial-na-argentina\\\/#article\",\"isPartOf\":{\"@id\":\"https:\\\/\\\/folhapopular.info\\\/index.php\\\/2026\\\/03\\\/07\\\/aeca-classifica-canoistas-para-mundial-na-argentina\\\/\"},\"author\":{\"name\":\"Luis Augusto Huppes\",\"@id\":\"https:\\\/\\\/folhapopular.info\\\/#\\\/schema\\\/person\\\/e852c327371714676d02e58cf917fd9f\"},\"headline\":\"Aeca classifica cano\u00edstas para mundial na Argentina\",\"datePublished\":\"2026-03-07T12:22:48+00:00\",\"dateModified\":\"2026-03-07T12:22:57+00:00\",\"mainEntityOfPage\":{\"@id\":\"https:\\\/\\\/folhapopular.info\\\/index.php\\\/2026\\\/03\\\/07\\\/aeca-classifica-canoistas-para-mundial-na-argentina\\\/\"},\"wordCount\":1150,\"commentCount\":0,\"image\":{\"@id\":\"https:\\\/\\\/folhapopular.info\\\/index.php\\\/2026\\\/03\\\/07\\\/aeca-classifica-canoistas-para-mundial-na-argentina\\\/#primaryimage\"},\"thumbnailUrl\":\"https:\\\/\\\/folhapopular.info\\\/wp-content\\\/uploads\\\/2026\\\/03\\\/WhatsApp-Image-2026-03-06-at-19.49.26.jpeg\",\"keywords\":[\"Aeca\",\"canoagem\",\"Estrela\"],\"articleSection\":[\"Esportes\",\"Esportes Variados\"],\"inLanguage\":\"pt-BR\",\"potentialAction\":[{\"@type\":\"CommentAction\",\"name\":\"Comment\",\"target\":[\"https:\\\/\\\/folhapopular.info\\\/index.php\\\/2026\\\/03\\\/07\\\/aeca-classifica-canoistas-para-mundial-na-argentina\\\/#respond\"]}]},{\"@type\":\"WebPage\",\"@id\":\"https:\\\/\\\/folhapopular.info\\\/index.php\\\/2026\\\/03\\\/07\\\/aeca-classifica-canoistas-para-mundial-na-argentina\\\/\",\"url\":\"https:\\\/\\\/folhapopular.info\\\/index.php\\\/2026\\\/03\\\/07\\\/aeca-classifica-canoistas-para-mundial-na-argentina\\\/\",\"name\":\"Aeca classifica cano\u00edstas para mundial na Argentina - Folha Popular\",\"isPartOf\":{\"@id\":\"https:\\\/\\\/folhapopular.info\\\/#website\"},\"primaryImageOfPage\":{\"@id\":\"https:\\\/\\\/folhapopular.info\\\/index.php\\\/2026\\\/03\\\/07\\\/aeca-classifica-canoistas-para-mundial-na-argentina\\\/#primaryimage\"},\"image\":{\"@id\":\"https:\\\/\\\/folhapopular.info\\\/index.php\\\/2026\\\/03\\\/07\\\/aeca-classifica-canoistas-para-mundial-na-argentina\\\/#primaryimage\"},\"thumbnailUrl\":\"https:\\\/\\\/folhapopular.info\\\/wp-content\\\/uploads\\\/2026\\\/03\\\/WhatsApp-Image-2026-03-06-at-19.49.26.jpeg\",\"datePublished\":\"2026-03-07T12:22:48+00:00\",\"dateModified\":\"2026-03-07T12:22:57+00:00\",\"author\":{\"@id\":\"https:\\\/\\\/folhapopular.info\\\/#\\\/schema\\\/person\\\/e852c327371714676d02e58cf917fd9f\"},\"breadcrumb\":{\"@id\":\"https:\\\/\\\/folhapopular.info\\\/index.php\\\/2026\\\/03\\\/07\\\/aeca-classifica-canoistas-para-mundial-na-argentina\\\/#breadcrumb\"},\"inLanguage\":\"pt-BR\",\"potentialAction\":[{\"@type\":\"ReadAction\",\"target\":[\"https:\\\/\\\/folhapopular.info\\\/index.php\\\/2026\\\/03\\\/07\\\/aeca-classifica-canoistas-para-mundial-na-argentina\\\/\"]}]},{\"@type\":\"ImageObject\",\"inLanguage\":\"pt-BR\",\"@id\":\"https:\\\/\\\/folhapopular.info\\\/index.php\\\/2026\\\/03\\\/07\\\/aeca-classifica-canoistas-para-mundial-na-argentina\\\/#primaryimage\",\"url\":\"https:\\\/\\\/folhapopular.info\\\/wp-content\\\/uploads\\\/2026\\\/03\\\/WhatsApp-Image-2026-03-06-at-19.49.26.jpeg\",\"contentUrl\":\"https:\\\/\\\/folhapopular.info\\\/wp-content\\\/uploads\\\/2026\\\/03\\\/WhatsApp-Image-2026-03-06-at-19.49.26.jpeg\",\"width\":1200,\"height\":900,\"caption\":\"Larissa, Diego, Chico e Theo escreveram seus nomes na hist\u00f3ria - Cr\u00e9dito: Aeca \\\/ Divulga\u00e7\u00e3o\"},{\"@type\":\"BreadcrumbList\",\"@id\":\"https:\\\/\\\/folhapopular.info\\\/index.php\\\/2026\\\/03\\\/07\\\/aeca-classifica-canoistas-para-mundial-na-argentina\\\/#breadcrumb\",\"itemListElement\":[{\"@type\":\"ListItem\",\"position\":1,\"name\":\"In\u00edcio\",\"item\":\"https:\\\/\\\/folhapopular.info\\\/\"},{\"@type\":\"ListItem\",\"position\":2,\"name\":\"Aeca classifica cano\u00edstas para mundial na Argentina\"}]},{\"@type\":\"WebSite\",\"@id\":\"https:\\\/\\\/folhapopular.info\\\/#website\",\"url\":\"https:\\\/\\\/folhapopular.info\\\/\",\"name\":\"Folha Popular\",\"description\":\"Onde voc\u00ea tem vez e voz\",\"potentialAction\":[{\"@type\":\"SearchAction\",\"target\":{\"@type\":\"EntryPoint\",\"urlTemplate\":\"https:\\\/\\\/folhapopular.info\\\/?s={search_term_string}\"},\"query-input\":{\"@type\":\"PropertyValueSpecification\",\"valueRequired\":true,\"valueName\":\"search_term_string\"}}],\"inLanguage\":\"pt-BR\"},{\"@type\":\"Person\",\"@id\":\"https:\\\/\\\/folhapopular.info\\\/#\\\/schema\\\/person\\\/e852c327371714676d02e58cf917fd9f\",\"name\":\"Luis Augusto Huppes\",\"image\":{\"@type\":\"ImageObject\",\"inLanguage\":\"pt-BR\",\"@id\":\"https:\\\/\\\/folhapopular.info\\\/wp-content\\\/uploads\\\/2026\\\/04\\\/Luis-Augusto-Huppes-1-1.webp\",\"url\":\"https:\\\/\\\/folhapopular.info\\\/wp-content\\\/uploads\\\/2026\\\/04\\\/Luis-Augusto-Huppes-1-1.webp\",\"contentUrl\":\"https:\\\/\\\/folhapopular.info\\\/wp-content\\\/uploads\\\/2026\\\/04\\\/Luis-Augusto-Huppes-1-1.webp\",\"caption\":\"Luis Augusto Huppes\"},\"sameAs\":[\"https:\\\/\\\/www.facebook.com\\\/luis.huppes\\\/\",\"https:\\\/\\\/www.instagram.com\\\/luis.huppes\\\/\",\"https:\\\/\\\/www.linkedin.com\\\/in\\\/luis-augusto-huppes-2554b52b7\\\/\"],\"url\":\"https:\\\/\\\/folhapopular.info\\\/index.php\\\/author\\\/luis-augusto-huppes\\\/\"}]}<\/script>\n<!-- \/ Yoast SEO plugin. -->","yoast_head_json":{"title":"Aeca classifica cano\u00edstas para mundial na Argentina - Folha Popular","robots":{"index":"index","follow":"follow","max-snippet":"max-snippet:-1","max-image-preview":"max-image-preview:large","max-video-preview":"max-video-preview:-1"},"canonical":"https:\/\/folhapopular.info\/index.php\/2026\/03\/07\/aeca-classifica-canoistas-para-mundial-na-argentina\/","og_locale":"pt_BR","og_type":"article","og_title":"Aeca classifica cano\u00edstas para mundial na Argentina - Folha Popular","og_description":"A Associa\u00e7\u00e3o de Ecologia e Canoagem (Aeca), de Estrela, voltou a escrever um mais um cap\u00edtulo marcante na hist\u00f3ria da modalidade no pa\u00eds e no Rio Grande do Sul. No Campeonato Brasileiro de Canoagem Maratona, realizado em Curitiba (PR) de 26 de fevereiro a 1\u00ba de mar\u00e7o, a equipe conquistou resultados expressivos e garantiu vagas [&hellip;]","og_url":"https:\/\/folhapopular.info\/index.php\/2026\/03\/07\/aeca-classifica-canoistas-para-mundial-na-argentina\/","og_site_name":"Folha Popular","article_author":"https:\/\/www.facebook.com\/luis.huppes\/","article_published_time":"2026-03-07T12:22:48+00:00","article_modified_time":"2026-03-07T12:22:57+00:00","og_image":[{"width":1200,"height":900,"url":"http:\/\/folhapopular.info\/wp-content\/uploads\/2026\/03\/WhatsApp-Image-2026-03-06-at-19.49.26.jpeg","type":"image\/jpeg"}],"author":"Luis Augusto Huppes","twitter_card":"summary_large_image","twitter_misc":{"Escrito por":"Luis Augusto Huppes","Est. tempo de leitura":"7 minutos"},"schema":{"@context":"https:\/\/schema.org","@graph":[{"@type":"Article","@id":"https:\/\/folhapopular.info\/index.php\/2026\/03\/07\/aeca-classifica-canoistas-para-mundial-na-argentina\/#article","isPartOf":{"@id":"https:\/\/folhapopular.info\/index.php\/2026\/03\/07\/aeca-classifica-canoistas-para-mundial-na-argentina\/"},"author":{"name":"Luis Augusto Huppes","@id":"https:\/\/folhapopular.info\/#\/schema\/person\/e852c327371714676d02e58cf917fd9f"},"headline":"Aeca classifica cano\u00edstas para mundial na Argentina","datePublished":"2026-03-07T12:22:48+00:00","dateModified":"2026-03-07T12:22:57+00:00","mainEntityOfPage":{"@id":"https:\/\/folhapopular.info\/index.php\/2026\/03\/07\/aeca-classifica-canoistas-para-mundial-na-argentina\/"},"wordCount":1150,"commentCount":0,"image":{"@id":"https:\/\/folhapopular.info\/index.php\/2026\/03\/07\/aeca-classifica-canoistas-para-mundial-na-argentina\/#primaryimage"},"thumbnailUrl":"https:\/\/folhapopular.info\/wp-content\/uploads\/2026\/03\/WhatsApp-Image-2026-03-06-at-19.49.26.jpeg","keywords":["Aeca","canoagem","Estrela"],"articleSection":["Esportes","Esportes Variados"],"inLanguage":"pt-BR","potentialAction":[{"@type":"CommentAction","name":"Comment","target":["https:\/\/folhapopular.info\/index.php\/2026\/03\/07\/aeca-classifica-canoistas-para-mundial-na-argentina\/#respond"]}]},{"@type":"WebPage","@id":"https:\/\/folhapopular.info\/index.php\/2026\/03\/07\/aeca-classifica-canoistas-para-mundial-na-argentina\/","url":"https:\/\/folhapopular.info\/index.php\/2026\/03\/07\/aeca-classifica-canoistas-para-mundial-na-argentina\/","name":"Aeca classifica cano\u00edstas para mundial na Argentina - Folha Popular","isPartOf":{"@id":"https:\/\/folhapopular.info\/#website"},"primaryImageOfPage":{"@id":"https:\/\/folhapopular.info\/index.php\/2026\/03\/07\/aeca-classifica-canoistas-para-mundial-na-argentina\/#primaryimage"},"image":{"@id":"https:\/\/folhapopular.info\/index.php\/2026\/03\/07\/aeca-classifica-canoistas-para-mundial-na-argentina\/#primaryimage"},"thumbnailUrl":"https:\/\/folhapopular.info\/wp-content\/uploads\/2026\/03\/WhatsApp-Image-2026-03-06-at-19.49.26.jpeg","datePublished":"2026-03-07T12:22:48+00:00","dateModified":"2026-03-07T12:22:57+00:00","author":{"@id":"https:\/\/folhapopular.info\/#\/schema\/person\/e852c327371714676d02e58cf917fd9f"},"breadcrumb":{"@id":"https:\/\/folhapopular.info\/index.php\/2026\/03\/07\/aeca-classifica-canoistas-para-mundial-na-argentina\/#breadcrumb"},"inLanguage":"pt-BR","potentialAction":[{"@type":"ReadAction","target":["https:\/\/folhapopular.info\/index.php\/2026\/03\/07\/aeca-classifica-canoistas-para-mundial-na-argentina\/"]}]},{"@type":"ImageObject","inLanguage":"pt-BR","@id":"https:\/\/folhapopular.info\/index.php\/2026\/03\/07\/aeca-classifica-canoistas-para-mundial-na-argentina\/#primaryimage","url":"https:\/\/folhapopular.info\/wp-content\/uploads\/2026\/03\/WhatsApp-Image-2026-03-06-at-19.49.26.jpeg","contentUrl":"https:\/\/folhapopular.info\/wp-content\/uploads\/2026\/03\/WhatsApp-Image-2026-03-06-at-19.49.26.jpeg","width":1200,"height":900,"caption":"Larissa, Diego, Chico e Theo escreveram seus nomes na hist\u00f3ria - Cr\u00e9dito: Aeca \/ Divulga\u00e7\u00e3o"},{"@type":"BreadcrumbList","@id":"https:\/\/folhapopular.info\/index.php\/2026\/03\/07\/aeca-classifica-canoistas-para-mundial-na-argentina\/#breadcrumb","itemListElement":[{"@type":"ListItem","position":1,"name":"In\u00edcio","item":"https:\/\/folhapopular.info\/"},{"@type":"ListItem","position":2,"name":"Aeca classifica cano\u00edstas para mundial na Argentina"}]},{"@type":"WebSite","@id":"https:\/\/folhapopular.info\/#website","url":"https:\/\/folhapopular.info\/","name":"Folha Popular","description":"Onde voc\u00ea tem vez e voz","potentialAction":[{"@type":"SearchAction","target":{"@type":"EntryPoint","urlTemplate":"https:\/\/folhapopular.info\/?s={search_term_string}"},"query-input":{"@type":"PropertyValueSpecification","valueRequired":true,"valueName":"search_term_string"}}],"inLanguage":"pt-BR"},{"@type":"Person","@id":"https:\/\/folhapopular.info\/#\/schema\/person\/e852c327371714676d02e58cf917fd9f","name":"Luis Augusto Huppes","image":{"@type":"ImageObject","inLanguage":"pt-BR","@id":"https:\/\/folhapopular.info\/wp-content\/uploads\/2026\/04\/Luis-Augusto-Huppes-1-1.webp","url":"https:\/\/folhapopular.info\/wp-content\/uploads\/2026\/04\/Luis-Augusto-Huppes-1-1.webp","contentUrl":"https:\/\/folhapopular.info\/wp-content\/uploads\/2026\/04\/Luis-Augusto-Huppes-1-1.webp","caption":"Luis Augusto Huppes"},"sameAs":["https:\/\/www.facebook.com\/luis.huppes\/","https:\/\/www.instagram.com\/luis.huppes\/","https:\/\/www.linkedin.com\/in\/luis-augusto-huppes-2554b52b7\/"],"url":"https:\/\/folhapopular.info\/index.php\/author\/luis-augusto-huppes\/"}]}},"jetpack_featured_media_url":"https:\/\/folhapopular.info\/wp-content\/uploads\/2026\/03\/WhatsApp-Image-2026-03-06-at-19.49.26.jpeg","jetpack_sharing_enabled":true,"amp_enabled":true,"_links":{"self":[{"href":"https:\/\/folhapopular.info\/index.php\/wp-json\/wp\/v2\/posts\/205337","targetHints":{"allow":["GET"]}}],"collection":[{"href":"https:\/\/folhapopular.info\/index.php\/wp-json\/wp\/v2\/posts"}],"about":[{"href":"https:\/\/folhapopular.info\/index.php\/wp-json\/wp\/v2\/types\/post"}],"author":[{"embeddable":true,"href":"https:\/\/folhapopular.info\/index.php\/wp-json\/wp\/v2\/users\/732"}],"replies":[{"embeddable":true,"href":"https:\/\/folhapopular.info\/index.php\/wp-json\/wp\/v2\/comments?post=205337"}],"version-history":[{"count":0,"href":"https:\/\/folhapopular.info\/index.php\/wp-json\/wp\/v2\/posts\/205337\/revisions"}],"wp:featuredmedia":[{"embeddable":true,"href":"https:\/\/folhapopular.info\/index.php\/wp-json\/wp\/v2\/media\/205338"}],"wp:attachment":[{"href":"https:\/\/folhapopular.info\/index.php\/wp-json\/wp\/v2\/media?parent=205337"}],"wp:term":[{"taxonomy":"category","embeddable":true,"href":"https:\/\/folhapopular.info\/index.php\/wp-json\/wp\/v2\/categories?post=205337"},{"taxonomy":"post_tag","embeddable":true,"href":"https:\/\/folhapopular.info\/index.php\/wp-json\/wp\/v2\/tags?post=205337"}],"curies":[{"name":"wp","href":"https:\/\/api.w.org\/{rel}","templated":true}]}}