{"id":205368,"date":"2026-03-07T12:21:02","date_gmt":"2026-03-07T15:21:02","guid":{"rendered":"https:\/\/folhapopular.info\/?p=205368"},"modified":"2026-03-07T12:22:22","modified_gmt":"2026-03-07T15:22:22","slug":"selecao-gaucha-joga-brasileiro-de-flag-football-neste-sabado-com-atleta-de-teutonia","status":"publish","type":"post","link":"https:\/\/folhapopular.info\/index.php\/2026\/03\/07\/selecao-gaucha-joga-brasileiro-de-flag-football-neste-sabado-com-atleta-de-teutonia\/","title":{"rendered":"Sele\u00e7\u00e3o Ga\u00facha joga Brasileiro de Flag Football neste s\u00e1bado com atleta de Teut\u00f4nia"},"content":{"rendered":"\n<p>Neste fim de semana (7 e 8\/3), o morador de Teut\u00f4nia e nome em ascens\u00e3o no<em> Flag Football<\/em>, Patric Fernandes, integra a Sele\u00e7\u00e3o Ga\u00facha Masculina (Pampeanos) que disputar\u00e1 o Torneio de Sele\u00e7\u00f5es Estaduais, em S\u00e3o Paulo.<\/p>\n\n\n\n<p>A competi\u00e7\u00e3o re\u00fane sele\u00e7\u00f5es de diversos estados brasileiros e garante vaga para o Campeonato Brasileiro de <em>Flag Football<\/em>, principal torneio da modalidade no pa\u00eds. No s\u00e1bado, a Sele\u00e7\u00e3o Ga\u00facha estreia \u00e0s 16h30 diante de S\u00e3o Paulo.<\/p>\n\n\n\n<p>A prepara\u00e7\u00e3o para o torneio ocorreu nas recentes semanas. Segundo Patric, o processo foi equilibrado entre treinos t\u00e9cnicos, t\u00e1ticos e prepara\u00e7\u00e3o mental para o desafio nacional.<\/p>\n\n\n\n<p>\u201cFoi muito tranquilo. Tecnicamente eu j\u00e1 me preparava junto ao Ximangos. Taticamente tivemos um <em>training camp<\/em> com a sele\u00e7\u00e3o e com certeza foi muito produtivo\u201d, relata.<\/p>\n\n\n\n<p>O atleta tamb\u00e9m destaca que manteve uma rotina de treinos f\u00edsicos mais leve, ao priorizar a concentra\u00e7\u00e3o e o foco para a competi\u00e7\u00e3o.<\/p>\n\n\n\n<p>\u201cFisicamente segui uma rotina com protocolo de treinos bem leve. O que mais treinei foi o mental, focado em todas as situa\u00e7\u00f5es que vou enfrentar. Quero estar pronto para o que vier, pronto para fazer o meu melhor e buscar o t\u00edtulo nacional\u201d, afirma.<\/p>\n\n\n\n<p>Motivado pela oportunidade, Patric refor\u00e7a que vestir a camisa do Rio Grande do Sul \u00e9 a realiza\u00e7\u00e3o de um objetivo pessoal dentro do esporte.<\/p>\n\n\n\n<p>\u201cSempre foi um sonho e uma meta defender o Rio Grande do Sul em uma competi\u00e7\u00e3o. Amo meu estado e n\u00e3o o trocaria por nada. Fazer parte da Sele\u00e7\u00e3o Ga\u00facha Masculina de <em>Flag<\/em> me d\u00e1 muito orgulho e tamb\u00e9m uma grande responsabilidade\u201d, completa.<\/p>\n\n\n\n<p>No Torneio de Sele\u00e7\u00f5es Estaduais, o Rio Grande do Sul est\u00e1 no Grupo B, ao lado de Bahia, Rio de Janeiro, Goi\u00e1s e S\u00e3o Paulo. As partidas classificat\u00f3rias ocorrem ao longo do s\u00e1bado e a fase decisiva ser\u00e1 disputada no domingo, com quartas de final, semifinais e a grande final.<\/p>\n\n\n\n<figure class=\"wp-block-embed is-type-wp-embed is-provider-folha-popular wp-block-embed-folha-popular\"><div class=\"wp-block-embed__wrapper\">\n<blockquote class=\"wp-embedded-content\" data-secret=\"h5UgoDlEmp\"><a href=\"https:\/\/folhapopular.info\/index.php\/2026\/02\/14\/patric-fernandes-e-convocado-para-a-selecao-gaucha-de-flag-football\/\">Patric Fernandes \u00e9 convocado para a Sele\u00e7\u00e3o Ga\u00facha de Flag Football<\/a><\/blockquote><iframe loading=\"lazy\" class=\"wp-embedded-content\" sandbox=\"allow-scripts\" security=\"restricted\" style=\"position: absolute; visibility: hidden;\" title=\"&#8220;Patric Fernandes \u00e9 convocado para a Sele\u00e7\u00e3o Ga\u00facha de Flag Football&#8221; &#8212; Folha Popular\" src=\"https:\/\/folhapopular.info\/index.php\/2026\/02\/14\/patric-fernandes-e-convocado-para-a-selecao-gaucha-de-flag-football\/embed\/#?secret=rh1jpV3r1G#?secret=h5UgoDlEmp\" data-secret=\"h5UgoDlEmp\" width=\"600\" height=\"338\" frameborder=\"0\" marginwidth=\"0\" marginheight=\"0\" scrolling=\"no\"><\/iframe>\n<\/div><\/figure>\n","protected":false},"excerpt":{"rendered":"<p>Neste fim de semana (7 e 8\/3), o morador de Teut\u00f4nia e nome em ascens\u00e3o no Flag Football, Patric Fernandes, integra a Sele\u00e7\u00e3o Ga\u00facha Masculina (Pampeanos) que disputar\u00e1 o Torneio de Sele\u00e7\u00f5es Estaduais, em S\u00e3o Paulo. A competi\u00e7\u00e3o re\u00fane sele\u00e7\u00f5es de diversos estados brasileiros e garante vaga para o Campeonato Brasileiro de Flag Football, principal [&hellip;]<\/p>\n","protected":false},"author":732,"featured_media":205369,"comment_status":"open","ping_status":"open","sticky":false,"template":"","format":"standard","meta":{"pmpro_default_level":"","_jetpack_memberships_contains_paid_content":false,"footnotes":""},"categories":[5,18861],"tags":[6828,20566,17486,26],"class_list":{"0":"post-205368","1":"post","2":"type-post","3":"status-publish","4":"format-standard","5":"has-post-thumbnail","7":"category-esportes","8":"category-esportes-variados","9":"tag-brasileiro","10":"tag-flag-football","11":"tag-patric-fernandes","12":"tag-teutonia","13":"pmpro-has-access"},"yoast_head":"<!-- This site is optimized with the Yoast SEO plugin v27.5 - https:\/\/yoast.com\/product\/yoast-seo-wordpress\/ -->\n<title>Sele\u00e7\u00e3o Ga\u00facha joga Brasileiro de Flag Football neste s\u00e1bado com atleta de Teut\u00f4nia - Folha Popular<\/title>\n<meta name=\"robots\" content=\"index, follow, max-snippet:-1, max-image-preview:large, max-video-preview:-1\" \/>\n<link rel=\"canonical\" href=\"https:\/\/folhapopular.info\/index.php\/2026\/03\/07\/selecao-gaucha-joga-brasileiro-de-flag-football-neste-sabado-com-atleta-de-teutonia\/\" \/>\n<meta property=\"og:locale\" content=\"pt_BR\" \/>\n<meta property=\"og:type\" content=\"article\" \/>\n<meta property=\"og:title\" content=\"Sele\u00e7\u00e3o Ga\u00facha joga Brasileiro de Flag Football neste s\u00e1bado com atleta de Teut\u00f4nia - Folha Popular\" \/>\n<meta property=\"og:description\" content=\"Neste fim de semana (7 e 8\/3), o morador de Teut\u00f4nia e nome em ascens\u00e3o no Flag Football, Patric Fernandes, integra a Sele\u00e7\u00e3o Ga\u00facha Masculina (Pampeanos) que disputar\u00e1 o Torneio de Sele\u00e7\u00f5es Estaduais, em S\u00e3o Paulo. A competi\u00e7\u00e3o re\u00fane sele\u00e7\u00f5es de diversos estados brasileiros e garante vaga para o Campeonato Brasileiro de Flag Football, principal [&hellip;]\" \/>\n<meta property=\"og:url\" content=\"https:\/\/folhapopular.info\/index.php\/2026\/03\/07\/selecao-gaucha-joga-brasileiro-de-flag-football-neste-sabado-com-atleta-de-teutonia\/\" \/>\n<meta property=\"og:site_name\" content=\"Folha Popular\" \/>\n<meta property=\"article:author\" content=\"https:\/\/www.facebook.com\/luis.huppes\/\" \/>\n<meta property=\"article:published_time\" content=\"2026-03-07T15:21:02+00:00\" \/>\n<meta property=\"article:modified_time\" content=\"2026-03-07T15:22:22+00:00\" \/>\n<meta property=\"og:image\" content=\"http:\/\/folhapopular.info\/wp-content\/uploads\/2026\/03\/Fernandes-e-natural-de-SInimbu-mas-mora-em-Teutonia.jpg\" \/>\n\t<meta property=\"og:image:width\" content=\"1440\" \/>\n\t<meta property=\"og:image:height\" content=\"1440\" \/>\n\t<meta property=\"og:image:type\" content=\"image\/jpeg\" \/>\n<meta name=\"author\" content=\"Luis Augusto Huppes\" \/>\n<meta name=\"twitter:card\" content=\"summary_large_image\" \/>\n<meta name=\"twitter:label1\" content=\"Escrito por\" \/>\n\t<meta name=\"twitter:data1\" content=\"Luis Augusto Huppes\" \/>\n\t<meta name=\"twitter:label2\" content=\"Est. tempo de leitura\" \/>\n\t<meta name=\"twitter:data2\" content=\"2 minutos\" \/>\n<script type=\"application\/ld+json\" class=\"yoast-schema-graph\">{\"@context\":\"https:\\\/\\\/schema.org\",\"@graph\":[{\"@type\":\"Article\",\"@id\":\"https:\\\/\\\/folhapopular.info\\\/index.php\\\/2026\\\/03\\\/07\\\/selecao-gaucha-joga-brasileiro-de-flag-football-neste-sabado-com-atleta-de-teutonia\\\/#article\",\"isPartOf\":{\"@id\":\"https:\\\/\\\/folhapopular.info\\\/index.php\\\/2026\\\/03\\\/07\\\/selecao-gaucha-joga-brasileiro-de-flag-football-neste-sabado-com-atleta-de-teutonia\\\/\"},\"author\":{\"name\":\"Luis Augusto Huppes\",\"@id\":\"https:\\\/\\\/folhapopular.info\\\/#\\\/schema\\\/person\\\/e852c327371714676d02e58cf917fd9f\"},\"headline\":\"Sele\u00e7\u00e3o Ga\u00facha joga Brasileiro de Flag Football neste s\u00e1bado com atleta de Teut\u00f4nia\",\"datePublished\":\"2026-03-07T15:21:02+00:00\",\"dateModified\":\"2026-03-07T15:22:22+00:00\",\"mainEntityOfPage\":{\"@id\":\"https:\\\/\\\/folhapopular.info\\\/index.php\\\/2026\\\/03\\\/07\\\/selecao-gaucha-joga-brasileiro-de-flag-football-neste-sabado-com-atleta-de-teutonia\\\/\"},\"wordCount\":365,\"commentCount\":0,\"image\":{\"@id\":\"https:\\\/\\\/folhapopular.info\\\/index.php\\\/2026\\\/03\\\/07\\\/selecao-gaucha-joga-brasileiro-de-flag-football-neste-sabado-com-atleta-de-teutonia\\\/#primaryimage\"},\"thumbnailUrl\":\"https:\\\/\\\/folhapopular.info\\\/wp-content\\\/uploads\\\/2026\\\/03\\\/Fernandes-e-natural-de-SInimbu-mas-mora-em-Teutonia.jpg\",\"keywords\":[\"brasileiro\",\"Flag Football\",\"Patric Fernandes\",\"Teut\u00f4nia\"],\"articleSection\":[\"Esportes\",\"Esportes Variados\"],\"inLanguage\":\"pt-BR\",\"potentialAction\":[{\"@type\":\"CommentAction\",\"name\":\"Comment\",\"target\":[\"https:\\\/\\\/folhapopular.info\\\/index.php\\\/2026\\\/03\\\/07\\\/selecao-gaucha-joga-brasileiro-de-flag-football-neste-sabado-com-atleta-de-teutonia\\\/#respond\"]}]},{\"@type\":\"WebPage\",\"@id\":\"https:\\\/\\\/folhapopular.info\\\/index.php\\\/2026\\\/03\\\/07\\\/selecao-gaucha-joga-brasileiro-de-flag-football-neste-sabado-com-atleta-de-teutonia\\\/\",\"url\":\"https:\\\/\\\/folhapopular.info\\\/index.php\\\/2026\\\/03\\\/07\\\/selecao-gaucha-joga-brasileiro-de-flag-football-neste-sabado-com-atleta-de-teutonia\\\/\",\"name\":\"Sele\u00e7\u00e3o Ga\u00facha joga Brasileiro de Flag Football neste s\u00e1bado com atleta de Teut\u00f4nia - Folha Popular\",\"isPartOf\":{\"@id\":\"https:\\\/\\\/folhapopular.info\\\/#website\"},\"primaryImageOfPage\":{\"@id\":\"https:\\\/\\\/folhapopular.info\\\/index.php\\\/2026\\\/03\\\/07\\\/selecao-gaucha-joga-brasileiro-de-flag-football-neste-sabado-com-atleta-de-teutonia\\\/#primaryimage\"},\"image\":{\"@id\":\"https:\\\/\\\/folhapopular.info\\\/index.php\\\/2026\\\/03\\\/07\\\/selecao-gaucha-joga-brasileiro-de-flag-football-neste-sabado-com-atleta-de-teutonia\\\/#primaryimage\"},\"thumbnailUrl\":\"https:\\\/\\\/folhapopular.info\\\/wp-content\\\/uploads\\\/2026\\\/03\\\/Fernandes-e-natural-de-SInimbu-mas-mora-em-Teutonia.jpg\",\"datePublished\":\"2026-03-07T15:21:02+00:00\",\"dateModified\":\"2026-03-07T15:22:22+00:00\",\"author\":{\"@id\":\"https:\\\/\\\/folhapopular.info\\\/#\\\/schema\\\/person\\\/e852c327371714676d02e58cf917fd9f\"},\"breadcrumb\":{\"@id\":\"https:\\\/\\\/folhapopular.info\\\/index.php\\\/2026\\\/03\\\/07\\\/selecao-gaucha-joga-brasileiro-de-flag-football-neste-sabado-com-atleta-de-teutonia\\\/#breadcrumb\"},\"inLanguage\":\"pt-BR\",\"potentialAction\":[{\"@type\":\"ReadAction\",\"target\":[\"https:\\\/\\\/folhapopular.info\\\/index.php\\\/2026\\\/03\\\/07\\\/selecao-gaucha-joga-brasileiro-de-flag-football-neste-sabado-com-atleta-de-teutonia\\\/\"]}]},{\"@type\":\"ImageObject\",\"inLanguage\":\"pt-BR\",\"@id\":\"https:\\\/\\\/folhapopular.info\\\/index.php\\\/2026\\\/03\\\/07\\\/selecao-gaucha-joga-brasileiro-de-flag-football-neste-sabado-com-atleta-de-teutonia\\\/#primaryimage\",\"url\":\"https:\\\/\\\/folhapopular.info\\\/wp-content\\\/uploads\\\/2026\\\/03\\\/Fernandes-e-natural-de-SInimbu-mas-mora-em-Teutonia.jpg\",\"contentUrl\":\"https:\\\/\\\/folhapopular.info\\\/wp-content\\\/uploads\\\/2026\\\/03\\\/Fernandes-e-natural-de-SInimbu-mas-mora-em-Teutonia.jpg\",\"width\":1440,\"height\":1440,\"caption\":\"Fernandes \u00e9 natural de Sinimbu mas mora em Teut\u00f4nia - Cr\u00e9dito: Arquivo\"},{\"@type\":\"BreadcrumbList\",\"@id\":\"https:\\\/\\\/folhapopular.info\\\/index.php\\\/2026\\\/03\\\/07\\\/selecao-gaucha-joga-brasileiro-de-flag-football-neste-sabado-com-atleta-de-teutonia\\\/#breadcrumb\",\"itemListElement\":[{\"@type\":\"ListItem\",\"position\":1,\"name\":\"In\u00edcio\",\"item\":\"https:\\\/\\\/folhapopular.info\\\/\"},{\"@type\":\"ListItem\",\"position\":2,\"name\":\"Sele\u00e7\u00e3o Ga\u00facha joga Brasileiro de Flag Football neste s\u00e1bado com atleta de Teut\u00f4nia\"}]},{\"@type\":\"WebSite\",\"@id\":\"https:\\\/\\\/folhapopular.info\\\/#website\",\"url\":\"https:\\\/\\\/folhapopular.info\\\/\",\"name\":\"Folha Popular\",\"description\":\"Onde voc\u00ea tem vez e voz\",\"potentialAction\":[{\"@type\":\"SearchAction\",\"target\":{\"@type\":\"EntryPoint\",\"urlTemplate\":\"https:\\\/\\\/folhapopular.info\\\/?s={search_term_string}\"},\"query-input\":{\"@type\":\"PropertyValueSpecification\",\"valueRequired\":true,\"valueName\":\"search_term_string\"}}],\"inLanguage\":\"pt-BR\"},{\"@type\":\"Person\",\"@id\":\"https:\\\/\\\/folhapopular.info\\\/#\\\/schema\\\/person\\\/e852c327371714676d02e58cf917fd9f\",\"name\":\"Luis Augusto Huppes\",\"image\":{\"@type\":\"ImageObject\",\"inLanguage\":\"pt-BR\",\"@id\":\"https:\\\/\\\/folhapopular.info\\\/wp-content\\\/uploads\\\/2026\\\/04\\\/Luis-Augusto-Huppes-1-1.webp\",\"url\":\"https:\\\/\\\/folhapopular.info\\\/wp-content\\\/uploads\\\/2026\\\/04\\\/Luis-Augusto-Huppes-1-1.webp\",\"contentUrl\":\"https:\\\/\\\/folhapopular.info\\\/wp-content\\\/uploads\\\/2026\\\/04\\\/Luis-Augusto-Huppes-1-1.webp\",\"caption\":\"Luis Augusto Huppes\"},\"sameAs\":[\"https:\\\/\\\/www.facebook.com\\\/luis.huppes\\\/\",\"https:\\\/\\\/www.instagram.com\\\/luis.huppes\\\/\",\"https:\\\/\\\/www.linkedin.com\\\/in\\\/luis-augusto-huppes-2554b52b7\\\/\"],\"url\":\"https:\\\/\\\/folhapopular.info\\\/index.php\\\/author\\\/luis-augusto-huppes\\\/\"}]}<\/script>\n<!-- \/ Yoast SEO plugin. -->","yoast_head_json":{"title":"Sele\u00e7\u00e3o Ga\u00facha joga Brasileiro de Flag Football neste s\u00e1bado com atleta de Teut\u00f4nia - Folha Popular","robots":{"index":"index","follow":"follow","max-snippet":"max-snippet:-1","max-image-preview":"max-image-preview:large","max-video-preview":"max-video-preview:-1"},"canonical":"https:\/\/folhapopular.info\/index.php\/2026\/03\/07\/selecao-gaucha-joga-brasileiro-de-flag-football-neste-sabado-com-atleta-de-teutonia\/","og_locale":"pt_BR","og_type":"article","og_title":"Sele\u00e7\u00e3o Ga\u00facha joga Brasileiro de Flag Football neste s\u00e1bado com atleta de Teut\u00f4nia - Folha Popular","og_description":"Neste fim de semana (7 e 8\/3), o morador de Teut\u00f4nia e nome em ascens\u00e3o no Flag Football, Patric Fernandes, integra a Sele\u00e7\u00e3o Ga\u00facha Masculina (Pampeanos) que disputar\u00e1 o Torneio de Sele\u00e7\u00f5es Estaduais, em S\u00e3o Paulo. A competi\u00e7\u00e3o re\u00fane sele\u00e7\u00f5es de diversos estados brasileiros e garante vaga para o Campeonato Brasileiro de Flag Football, principal [&hellip;]","og_url":"https:\/\/folhapopular.info\/index.php\/2026\/03\/07\/selecao-gaucha-joga-brasileiro-de-flag-football-neste-sabado-com-atleta-de-teutonia\/","og_site_name":"Folha Popular","article_author":"https:\/\/www.facebook.com\/luis.huppes\/","article_published_time":"2026-03-07T15:21:02+00:00","article_modified_time":"2026-03-07T15:22:22+00:00","og_image":[{"width":1440,"height":1440,"url":"http:\/\/folhapopular.info\/wp-content\/uploads\/2026\/03\/Fernandes-e-natural-de-SInimbu-mas-mora-em-Teutonia.jpg","type":"image\/jpeg"}],"author":"Luis Augusto Huppes","twitter_card":"summary_large_image","twitter_misc":{"Escrito por":"Luis Augusto Huppes","Est. tempo de leitura":"2 minutos"},"schema":{"@context":"https:\/\/schema.org","@graph":[{"@type":"Article","@id":"https:\/\/folhapopular.info\/index.php\/2026\/03\/07\/selecao-gaucha-joga-brasileiro-de-flag-football-neste-sabado-com-atleta-de-teutonia\/#article","isPartOf":{"@id":"https:\/\/folhapopular.info\/index.php\/2026\/03\/07\/selecao-gaucha-joga-brasileiro-de-flag-football-neste-sabado-com-atleta-de-teutonia\/"},"author":{"name":"Luis Augusto Huppes","@id":"https:\/\/folhapopular.info\/#\/schema\/person\/e852c327371714676d02e58cf917fd9f"},"headline":"Sele\u00e7\u00e3o Ga\u00facha joga Brasileiro de Flag Football neste s\u00e1bado com atleta de Teut\u00f4nia","datePublished":"2026-03-07T15:21:02+00:00","dateModified":"2026-03-07T15:22:22+00:00","mainEntityOfPage":{"@id":"https:\/\/folhapopular.info\/index.php\/2026\/03\/07\/selecao-gaucha-joga-brasileiro-de-flag-football-neste-sabado-com-atleta-de-teutonia\/"},"wordCount":365,"commentCount":0,"image":{"@id":"https:\/\/folhapopular.info\/index.php\/2026\/03\/07\/selecao-gaucha-joga-brasileiro-de-flag-football-neste-sabado-com-atleta-de-teutonia\/#primaryimage"},"thumbnailUrl":"https:\/\/folhapopular.info\/wp-content\/uploads\/2026\/03\/Fernandes-e-natural-de-SInimbu-mas-mora-em-Teutonia.jpg","keywords":["brasileiro","Flag Football","Patric Fernandes","Teut\u00f4nia"],"articleSection":["Esportes","Esportes Variados"],"inLanguage":"pt-BR","potentialAction":[{"@type":"CommentAction","name":"Comment","target":["https:\/\/folhapopular.info\/index.php\/2026\/03\/07\/selecao-gaucha-joga-brasileiro-de-flag-football-neste-sabado-com-atleta-de-teutonia\/#respond"]}]},{"@type":"WebPage","@id":"https:\/\/folhapopular.info\/index.php\/2026\/03\/07\/selecao-gaucha-joga-brasileiro-de-flag-football-neste-sabado-com-atleta-de-teutonia\/","url":"https:\/\/folhapopular.info\/index.php\/2026\/03\/07\/selecao-gaucha-joga-brasileiro-de-flag-football-neste-sabado-com-atleta-de-teutonia\/","name":"Sele\u00e7\u00e3o Ga\u00facha joga Brasileiro de Flag Football neste s\u00e1bado com atleta de Teut\u00f4nia - Folha Popular","isPartOf":{"@id":"https:\/\/folhapopular.info\/#website"},"primaryImageOfPage":{"@id":"https:\/\/folhapopular.info\/index.php\/2026\/03\/07\/selecao-gaucha-joga-brasileiro-de-flag-football-neste-sabado-com-atleta-de-teutonia\/#primaryimage"},"image":{"@id":"https:\/\/folhapopular.info\/index.php\/2026\/03\/07\/selecao-gaucha-joga-brasileiro-de-flag-football-neste-sabado-com-atleta-de-teutonia\/#primaryimage"},"thumbnailUrl":"https:\/\/folhapopular.info\/wp-content\/uploads\/2026\/03\/Fernandes-e-natural-de-SInimbu-mas-mora-em-Teutonia.jpg","datePublished":"2026-03-07T15:21:02+00:00","dateModified":"2026-03-07T15:22:22+00:00","author":{"@id":"https:\/\/folhapopular.info\/#\/schema\/person\/e852c327371714676d02e58cf917fd9f"},"breadcrumb":{"@id":"https:\/\/folhapopular.info\/index.php\/2026\/03\/07\/selecao-gaucha-joga-brasileiro-de-flag-football-neste-sabado-com-atleta-de-teutonia\/#breadcrumb"},"inLanguage":"pt-BR","potentialAction":[{"@type":"ReadAction","target":["https:\/\/folhapopular.info\/index.php\/2026\/03\/07\/selecao-gaucha-joga-brasileiro-de-flag-football-neste-sabado-com-atleta-de-teutonia\/"]}]},{"@type":"ImageObject","inLanguage":"pt-BR","@id":"https:\/\/folhapopular.info\/index.php\/2026\/03\/07\/selecao-gaucha-joga-brasileiro-de-flag-football-neste-sabado-com-atleta-de-teutonia\/#primaryimage","url":"https:\/\/folhapopular.info\/wp-content\/uploads\/2026\/03\/Fernandes-e-natural-de-SInimbu-mas-mora-em-Teutonia.jpg","contentUrl":"https:\/\/folhapopular.info\/wp-content\/uploads\/2026\/03\/Fernandes-e-natural-de-SInimbu-mas-mora-em-Teutonia.jpg","width":1440,"height":1440,"caption":"Fernandes \u00e9 natural de Sinimbu mas mora em Teut\u00f4nia - Cr\u00e9dito: Arquivo"},{"@type":"BreadcrumbList","@id":"https:\/\/folhapopular.info\/index.php\/2026\/03\/07\/selecao-gaucha-joga-brasileiro-de-flag-football-neste-sabado-com-atleta-de-teutonia\/#breadcrumb","itemListElement":[{"@type":"ListItem","position":1,"name":"In\u00edcio","item":"https:\/\/folhapopular.info\/"},{"@type":"ListItem","position":2,"name":"Sele\u00e7\u00e3o Ga\u00facha joga Brasileiro de Flag Football neste s\u00e1bado com atleta de Teut\u00f4nia"}]},{"@type":"WebSite","@id":"https:\/\/folhapopular.info\/#website","url":"https:\/\/folhapopular.info\/","name":"Folha Popular","description":"Onde voc\u00ea tem vez e voz","potentialAction":[{"@type":"SearchAction","target":{"@type":"EntryPoint","urlTemplate":"https:\/\/folhapopular.info\/?s={search_term_string}"},"query-input":{"@type":"PropertyValueSpecification","valueRequired":true,"valueName":"search_term_string"}}],"inLanguage":"pt-BR"},{"@type":"Person","@id":"https:\/\/folhapopular.info\/#\/schema\/person\/e852c327371714676d02e58cf917fd9f","name":"Luis Augusto Huppes","image":{"@type":"ImageObject","inLanguage":"pt-BR","@id":"https:\/\/folhapopular.info\/wp-content\/uploads\/2026\/04\/Luis-Augusto-Huppes-1-1.webp","url":"https:\/\/folhapopular.info\/wp-content\/uploads\/2026\/04\/Luis-Augusto-Huppes-1-1.webp","contentUrl":"https:\/\/folhapopular.info\/wp-content\/uploads\/2026\/04\/Luis-Augusto-Huppes-1-1.webp","caption":"Luis Augusto Huppes"},"sameAs":["https:\/\/www.facebook.com\/luis.huppes\/","https:\/\/www.instagram.com\/luis.huppes\/","https:\/\/www.linkedin.com\/in\/luis-augusto-huppes-2554b52b7\/"],"url":"https:\/\/folhapopular.info\/index.php\/author\/luis-augusto-huppes\/"}]}},"jetpack_featured_media_url":"https:\/\/folhapopular.info\/wp-content\/uploads\/2026\/03\/Fernandes-e-natural-de-SInimbu-mas-mora-em-Teutonia.jpg","jetpack_sharing_enabled":true,"amp_enabled":true,"_links":{"self":[{"href":"https:\/\/folhapopular.info\/index.php\/wp-json\/wp\/v2\/posts\/205368","targetHints":{"allow":["GET"]}}],"collection":[{"href":"https:\/\/folhapopular.info\/index.php\/wp-json\/wp\/v2\/posts"}],"about":[{"href":"https:\/\/folhapopular.info\/index.php\/wp-json\/wp\/v2\/types\/post"}],"author":[{"embeddable":true,"href":"https:\/\/folhapopular.info\/index.php\/wp-json\/wp\/v2\/users\/732"}],"replies":[{"embeddable":true,"href":"https:\/\/folhapopular.info\/index.php\/wp-json\/wp\/v2\/comments?post=205368"}],"version-history":[{"count":0,"href":"https:\/\/folhapopular.info\/index.php\/wp-json\/wp\/v2\/posts\/205368\/revisions"}],"wp:featuredmedia":[{"embeddable":true,"href":"https:\/\/folhapopular.info\/index.php\/wp-json\/wp\/v2\/media\/205369"}],"wp:attachment":[{"href":"https:\/\/folhapopular.info\/index.php\/wp-json\/wp\/v2\/media?parent=205368"}],"wp:term":[{"taxonomy":"category","embeddable":true,"href":"https:\/\/folhapopular.info\/index.php\/wp-json\/wp\/v2\/categories?post=205368"},{"taxonomy":"post_tag","embeddable":true,"href":"https:\/\/folhapopular.info\/index.php\/wp-json\/wp\/v2\/tags?post=205368"}],"curies":[{"name":"wp","href":"https:\/\/api.w.org\/{rel}","templated":true}]}}