{"id":205388,"date":"2026-03-08T11:47:38","date_gmt":"2026-03-08T14:47:38","guid":{"rendered":"https:\/\/folhapopular.info\/?p=205388"},"modified":"2026-03-08T11:47:40","modified_gmt":"2026-03-08T14:47:40","slug":"linha-clara-celebra-tradicao-de-115-anos-no-baile-do-rei-do-tiro-ao-alvo","status":"publish","type":"post","link":"https:\/\/folhapopular.info\/index.php\/2026\/03\/08\/linha-clara-celebra-tradicao-de-115-anos-no-baile-do-rei-do-tiro-ao-alvo\/","title":{"rendered":"Linha Clara celebra tradi\u00e7\u00e3o de 115 anos no Baile do Rei do Tiro ao Alvo"},"content":{"rendered":"\n<p>A comunidade de Linha Clara, no interior de Teut\u00f4nia, realizou no s\u00e1bado o tradicional <strong>Baile do Rei do Tiro ao Alvo<\/strong>, evento que marca a coroa\u00e7\u00e3o da nova corte da competi\u00e7\u00e3o e preserva uma tradi\u00e7\u00e3o mantida h\u00e1 cerca de 115 anos na localidade. A celebra\u00e7\u00e3o reuniu aproximadamente <strong>600 pessoas<\/strong> no sal\u00e3o da Associa\u00e7\u00e3o Cultural e contou com a presen\u00e7a de autoridades, entre elas o prefeito de Teut\u00f4nia, Renato Altmann, e o prefeito de Westf\u00e1lia, Cesar Juliano Bloemker.<\/p>\n\n\n\n<p>A programa\u00e7\u00e3o come\u00e7ou ainda no fim da tarde, quando moradores e convidados se reuniram em frente \u00e0 casa do novo rei do tiro, <strong>Ariberto Magedanz<\/strong>. Acompanhados por uma banda, os participantes caminharam at\u00e9 a resid\u00eancia do anfitri\u00e3o, onde ocorreu uma recep\u00e7\u00e3o informal antes da sequ\u00eancia das atividades no sal\u00e3o comunit\u00e1rio.<\/p>\n\n\n\n<figure class=\"wp-block-image size-large is-resized\"><img loading=\"lazy\" decoding=\"async\" width=\"1024\" height=\"768\" src=\"https:\/\/folhapopular.info\/wp-content\/uploads\/2026\/03\/WhatsApp-Image-2026-03-08-at-11.32.26-1-1024x768.jpeg\" alt=\"\" class=\"wp-image-205392\" style=\"width:596px;height:auto\" srcset=\"https:\/\/folhapopular.info\/wp-content\/uploads\/2026\/03\/WhatsApp-Image-2026-03-08-at-11.32.26-1-1024x768.jpeg 1024w, https:\/\/folhapopular.info\/wp-content\/uploads\/2026\/03\/WhatsApp-Image-2026-03-08-at-11.32.26-1-300x225.jpeg 300w, https:\/\/folhapopular.info\/wp-content\/uploads\/2026\/03\/WhatsApp-Image-2026-03-08-at-11.32.26-1-768x576.jpeg 768w, https:\/\/folhapopular.info\/wp-content\/uploads\/2026\/03\/WhatsApp-Image-2026-03-08-at-11.32.26-1-560x420.jpeg 560w, https:\/\/folhapopular.info\/wp-content\/uploads\/2026\/03\/WhatsApp-Image-2026-03-08-at-11.32.26-1-80x60.jpeg 80w, https:\/\/folhapopular.info\/wp-content\/uploads\/2026\/03\/WhatsApp-Image-2026-03-08-at-11.32.26-1-696x522.jpeg 696w, https:\/\/folhapopular.info\/wp-content\/uploads\/2026\/03\/WhatsApp-Image-2026-03-08-at-11.32.26-1-1068x801.jpeg 1068w, https:\/\/folhapopular.info\/wp-content\/uploads\/2026\/03\/WhatsApp-Image-2026-03-08-at-11.32.26-1.jpeg 1280w\" sizes=\"auto, (max-width: 1024px) 100vw, 1024px\" \/><figcaption class=\"wp-element-caption\">Tradi\u00e7\u00e3o mantida: bandinha vai at\u00e9 a casa do rei que os recebe para confraternizar. Foto: Anderson Lopes <\/figcaption><\/figure>\n\n\n\n<p>O encontro marca um dos momentos mais simb\u00f3licos da tradi\u00e7\u00e3o do tiro ao alvo na localidade, pr\u00e1tica trazida por imigrantes alem\u00e3es e preservada ao longo das gera\u00e7\u00f5es. Mais do que uma competi\u00e7\u00e3o esportiva, a atividade se consolidou como um elemento cultural e de integra\u00e7\u00e3o comunit\u00e1ria.<\/p>\n\n\n\n<p>Para Ariberto Magedanz, assumir o t\u00edtulo de rei representa reconhecimento e tamb\u00e9m responsabilidade dentro da tradi\u00e7\u00e3o.<br>\u201c\u00c9 a primeira vez que tenho a honra de ser coroado rei do tiro. Tamb\u00e9m sentimos a responsabilidade de manter essa atividade viva e incentivar as pr\u00f3ximas gera\u00e7\u00f5es\u201d, afirmou.<\/p>\n\n\n\n<p>Segundo ele, o tiro ao alvo chegou \u00e0 regi\u00e3o junto com os imigrantes alem\u00e3es, inicialmente ligado \u00e0 seguran\u00e7a das comunidades rurais, e ao longo do tempo transformou-se em pr\u00e1tica esportiva e social. \u201cA Linha Clara preserva essa tradi\u00e7\u00e3o h\u00e1 mais de 100 anos, e isso por si s\u00f3 j\u00e1 \u00e9 motivo de orgulho\u201d, acrescentou.<\/p>\n\n\n\n<h3 class=\"wp-block-heading\"><strong>Participa\u00e7\u00e3o feminina ganha espa\u00e7o<\/strong><\/h3>\n\n\n\n<p>Nas \u00faltimas d\u00e9cadas, a tradi\u00e7\u00e3o tamb\u00e9m passou por mudan\u00e7as. Desde 2006, as mulheres participam oficialmente da competi\u00e7\u00e3o, ampliando a presen\u00e7a feminina nas atividades da sociedade.<\/p>\n\n\n\n<p>Neste ano, <strong>Mariane Michel Wiebusch<\/strong> conquistou o t\u00edtulo de rainha ap\u00f3s trajet\u00f3ria como princesa e destaque entre as atiradoras. Para ela, a participa\u00e7\u00e3o feminina tem crescido gradualmente dentro da comunidade.<\/p>\n\n\n\n<p>\u201cCada vez mais mulheres est\u00e3o participando e entrando na competi\u00e7\u00e3o. Isso mostra que a tradi\u00e7\u00e3o continua se renovando\u201d, afirmou.<\/p>\n\n\n\n<figure class=\"wp-block-image size-large is-resized\"><img loading=\"lazy\" decoding=\"async\" width=\"1024\" height=\"768\" src=\"https:\/\/folhapopular.info\/wp-content\/uploads\/2026\/03\/WhatsApp-Image-2026-03-08-at-11.32.21-1024x768.jpeg\" alt=\"\" class=\"wp-image-205393\" style=\"width:561px;height:auto\" srcset=\"https:\/\/folhapopular.info\/wp-content\/uploads\/2026\/03\/WhatsApp-Image-2026-03-08-at-11.32.21-1024x768.jpeg 1024w, https:\/\/folhapopular.info\/wp-content\/uploads\/2026\/03\/WhatsApp-Image-2026-03-08-at-11.32.21-300x225.jpeg 300w, https:\/\/folhapopular.info\/wp-content\/uploads\/2026\/03\/WhatsApp-Image-2026-03-08-at-11.32.21-768x576.jpeg 768w, https:\/\/folhapopular.info\/wp-content\/uploads\/2026\/03\/WhatsApp-Image-2026-03-08-at-11.32.21-560x420.jpeg 560w, https:\/\/folhapopular.info\/wp-content\/uploads\/2026\/03\/WhatsApp-Image-2026-03-08-at-11.32.21-80x60.jpeg 80w, https:\/\/folhapopular.info\/wp-content\/uploads\/2026\/03\/WhatsApp-Image-2026-03-08-at-11.32.21-696x522.jpeg 696w, https:\/\/folhapopular.info\/wp-content\/uploads\/2026\/03\/WhatsApp-Image-2026-03-08-at-11.32.21-1068x801.jpeg 1068w, https:\/\/folhapopular.info\/wp-content\/uploads\/2026\/03\/WhatsApp-Image-2026-03-08-at-11.32.21.jpeg 1280w\" sizes=\"auto, (max-width: 1024px) 100vw, 1024px\" \/><figcaption class=\"wp-element-caption\">Observa\u00e7\u00e3o importante: durante o evento, os participantes conversaram muito, sem uso do celular<\/figcaption><\/figure>\n\n\n\n<p>A atiradora <strong>Aneli Janete Bayer Kr\u00fctzmann<\/strong>, que conquistou pela segunda vez o t\u00edtulo de primeira princesa, destaca que a pr\u00e1tica exige concentra\u00e7\u00e3o e controle emocional.<br>\u201cNa hora do tiro \u00e9 preciso manter a calma e se concentrar bastante\u201d, explicou.<\/p>\n\n\n\n<p>O evento tamb\u00e9m mobiliza fam\u00edlias inteiras. O agricultor <strong>Ad\u00eamio Kr\u00fctzmann<\/strong>, que acompanhava a esposa durante a celebra\u00e7\u00e3o, lembrou que tamb\u00e9m j\u00e1 participou da competi\u00e7\u00e3o em outras edi\u00e7\u00f5es.<br>\u201cJ\u00e1 fui melhor atirador e segundo cavalheiro em anos anteriores. \u00c9 uma tradi\u00e7\u00e3o que a gente acompanha h\u00e1 muito tempo\u201d, disse.<\/p>\n\n\n\n\n\n<h3 class=\"wp-block-heading\"><strong>Mem\u00f3ria e reencontro com a comunidade<\/strong><\/h3>\n\n\n\n<p>Entre os participantes estava <strong>Ronald Driemeyer<\/strong>, de 77 anos, que voltou \u00e0 comunidade onde nasceu para acompanhar a festa. Morador de Porto Alegre h\u00e1 d\u00e9cadas, ele decidiu retornar a Linha Clara para rever a tradi\u00e7\u00e3o que marcou sua juventude.<\/p>\n\n\n\n<p>\u201cEu nasci aqui em 1948 e sa\u00ed em 1968 para estudar. Hoje quis voltar para assistir essa festa\u201d, contou. Segundo ele, muitos dos moradores que participavam das celebra\u00e7\u00f5es nas d\u00e9cadas passadas j\u00e1 n\u00e3o est\u00e3o mais presentes, mas o esp\u00edrito comunit\u00e1rio permanece.<br>\u201cAs pessoas da minha \u00e9poca foram importantes para construir essa comunidade. Elas tinham uma energia muito grande\u201d, lembrou.<\/p>\n\n\n\n<p>Driemeyer tamb\u00e9m guarda na mem\u00f3ria sua pr\u00f3pria participa\u00e7\u00e3o na competi\u00e7\u00e3o, quando conquistou o t\u00edtulo de melhor atirador na d\u00e9cada de 1970.<\/p>\n\n\n\n<figure class=\"wp-block-image size-large is-resized\"><img loading=\"lazy\" decoding=\"async\" width=\"1024\" height=\"768\" src=\"https:\/\/folhapopular.info\/wp-content\/uploads\/2026\/03\/WhatsApp-Image-2026-03-08-at-11.32.20-1024x768.jpeg\" alt=\"\" class=\"wp-image-205396\" style=\"width:457px;height:auto\" srcset=\"https:\/\/folhapopular.info\/wp-content\/uploads\/2026\/03\/WhatsApp-Image-2026-03-08-at-11.32.20-1024x768.jpeg 1024w, https:\/\/folhapopular.info\/wp-content\/uploads\/2026\/03\/WhatsApp-Image-2026-03-08-at-11.32.20-300x225.jpeg 300w, https:\/\/folhapopular.info\/wp-content\/uploads\/2026\/03\/WhatsApp-Image-2026-03-08-at-11.32.20-768x576.jpeg 768w, https:\/\/folhapopular.info\/wp-content\/uploads\/2026\/03\/WhatsApp-Image-2026-03-08-at-11.32.20-560x420.jpeg 560w, https:\/\/folhapopular.info\/wp-content\/uploads\/2026\/03\/WhatsApp-Image-2026-03-08-at-11.32.20-80x60.jpeg 80w, https:\/\/folhapopular.info\/wp-content\/uploads\/2026\/03\/WhatsApp-Image-2026-03-08-at-11.32.20-696x522.jpeg 696w, https:\/\/folhapopular.info\/wp-content\/uploads\/2026\/03\/WhatsApp-Image-2026-03-08-at-11.32.20-1068x801.jpeg 1068w, https:\/\/folhapopular.info\/wp-content\/uploads\/2026\/03\/WhatsApp-Image-2026-03-08-at-11.32.20.jpeg 1280w\" sizes=\"auto, (max-width: 1024px) 100vw, 1024px\" \/><figcaption class=\"wp-element-caption\">Comunidade resgata tradi\u00e7\u00e3o e incentiva novas gera\u00e7\u00f5es ao esp\u00edrito comunit\u00e1rio <\/figcaption><\/figure>\n\n\n\n<h3 class=\"wp-block-heading\"><strong>Comunidade mobilizada<\/strong><\/h3>\n\n\n\n<p>Ap\u00f3s a recep\u00e7\u00e3o na casa do rei, os participantes caminharam cerca de 150 metros at\u00e9 o sal\u00e3o da Associa\u00e7\u00e3o Cultural de Linha Clara, onde ocorreu a cerim\u00f4nia oficial de coroa\u00e7\u00e3o da nova corte.<\/p>\n\n\n\n<p>A programa\u00e7\u00e3o seguiu com jantar comunit\u00e1rio e baile, reunindo moradores, fam\u00edlias da regi\u00e3o e visitantes. A organiza\u00e7\u00e3o do evento envolve volunt\u00e1rios da pr\u00f3pria comunidade, caracter\u00edstica que ajuda a manter viva a tradi\u00e7\u00e3o ao longo das d\u00e9cadas.<\/p>\n\n\n\n<p>Pequenos gestos tamb\u00e9m refor\u00e7am o esp\u00edrito coletivo do encontro. Durante o jantar, por exemplo, os participantes que devolviam seus pratos na cozinha recebiam um pirulito como forma simb\u00f3lica de agradecimento pelo cuidado com o trabalho das volunt\u00e1rias.<\/p>\n\n\n\n<p>Mais do que um evento festivo, o Baile do Rei do Tiro ao Alvo segue como um dos principais momentos de encontro da comunidade de Linha Clara, mantendo viva uma tradi\u00e7\u00e3o que atravessa gera\u00e7\u00f5es e continua reunindo moradores em torno da cultura local.<\/p>\n\n\n\n<p><\/p>\n","protected":false},"excerpt":{"rendered":"<p>A comunidade de Linha Clara, no interior de Teut\u00f4nia, realizou no s\u00e1bado o tradicional Baile do Rei do Tiro ao Alvo, evento que marca a coroa\u00e7\u00e3o da nova corte da competi\u00e7\u00e3o e preserva uma tradi\u00e7\u00e3o mantida h\u00e1 cerca de 115 anos na localidade. A celebra\u00e7\u00e3o reuniu aproximadamente 600 pessoas no sal\u00e3o da Associa\u00e7\u00e3o Cultural e [&hellip;]<\/p>\n","protected":false},"author":772,"featured_media":205394,"comment_status":"open","ping_status":"open","sticky":false,"template":"","format":"standard","meta":{"pmpro_default_level":"","_jetpack_memberships_contains_paid_content":false,"footnotes":""},"categories":[2,10999,6],"tags":[6255,5039,20710,441,20711,1520,26,1167,81],"class_list":{"0":"post-205388","1":"post","2":"type-post","3":"status-publish","4":"format-standard","5":"has-post-thumbnail","7":"category-featured","8":"category-entretenimento","9":"category-inclusive","10":"tag-ariberto-magedanz","11":"tag-baile","12":"tag-germanica","13":"tag-linha-clara","14":"tag-micaela-magedanz","15":"tag-renato-altmann","16":"tag-teutonia","17":"tag-tiro-rei","18":"tag-tradicao","19":"pmpro-has-access"},"yoast_head":"<!-- This site is optimized with the Yoast SEO plugin v27.5 - https:\/\/yoast.com\/product\/yoast-seo-wordpress\/ -->\n<title>Linha Clara celebra tradi\u00e7\u00e3o de 115 anos no Baile do Rei do Tiro ao Alvo - Folha Popular<\/title>\n<meta name=\"robots\" content=\"index, follow, max-snippet:-1, max-image-preview:large, max-video-preview:-1\" \/>\n<link rel=\"canonical\" href=\"https:\/\/folhapopular.info\/index.php\/2026\/03\/08\/linha-clara-celebra-tradicao-de-115-anos-no-baile-do-rei-do-tiro-ao-alvo\/\" \/>\n<meta property=\"og:locale\" content=\"pt_BR\" \/>\n<meta property=\"og:type\" content=\"article\" \/>\n<meta property=\"og:title\" content=\"Linha Clara celebra tradi\u00e7\u00e3o de 115 anos no Baile do Rei do Tiro ao Alvo - Folha Popular\" \/>\n<meta property=\"og:description\" content=\"A comunidade de Linha Clara, no interior de Teut\u00f4nia, realizou no s\u00e1bado o tradicional Baile do Rei do Tiro ao Alvo, evento que marca a coroa\u00e7\u00e3o da nova corte da competi\u00e7\u00e3o e preserva uma tradi\u00e7\u00e3o mantida h\u00e1 cerca de 115 anos na localidade. A celebra\u00e7\u00e3o reuniu aproximadamente 600 pessoas no sal\u00e3o da Associa\u00e7\u00e3o Cultural e [&hellip;]\" \/>\n<meta property=\"og:url\" content=\"https:\/\/folhapopular.info\/index.php\/2026\/03\/08\/linha-clara-celebra-tradicao-de-115-anos-no-baile-do-rei-do-tiro-ao-alvo\/\" \/>\n<meta property=\"og:site_name\" content=\"Folha Popular\" \/>\n<meta property=\"article:published_time\" content=\"2026-03-08T14:47:38+00:00\" \/>\n<meta property=\"article:modified_time\" content=\"2026-03-08T14:47:40+00:00\" \/>\n<meta property=\"og:image\" content=\"http:\/\/folhapopular.info\/wp-content\/uploads\/2026\/03\/WhatsApp-Image-2026-03-08-at-11.32.22-1.jpeg\" \/>\n\t<meta property=\"og:image:width\" content=\"1280\" \/>\n\t<meta property=\"og:image:height\" content=\"960\" \/>\n\t<meta property=\"og:image:type\" content=\"image\/jpeg\" \/>\n<meta name=\"author\" content=\"Anderson Lopes\" \/>\n<meta name=\"twitter:card\" content=\"summary_large_image\" \/>\n<meta name=\"twitter:label1\" content=\"Escrito por\" \/>\n\t<meta name=\"twitter:data1\" content=\"Anderson Lopes\" \/>\n\t<meta name=\"twitter:label2\" content=\"Est. tempo de leitura\" \/>\n\t<meta name=\"twitter:data2\" content=\"6 minutos\" \/>\n<script type=\"application\/ld+json\" class=\"yoast-schema-graph\">{\"@context\":\"https:\\\/\\\/schema.org\",\"@graph\":[{\"@type\":\"Article\",\"@id\":\"https:\\\/\\\/folhapopular.info\\\/index.php\\\/2026\\\/03\\\/08\\\/linha-clara-celebra-tradicao-de-115-anos-no-baile-do-rei-do-tiro-ao-alvo\\\/#article\",\"isPartOf\":{\"@id\":\"https:\\\/\\\/folhapopular.info\\\/index.php\\\/2026\\\/03\\\/08\\\/linha-clara-celebra-tradicao-de-115-anos-no-baile-do-rei-do-tiro-ao-alvo\\\/\"},\"author\":{\"name\":\"Anderson Lopes\",\"@id\":\"https:\\\/\\\/folhapopular.info\\\/#\\\/schema\\\/person\\\/50fd7636116370b67381921e65092a49\"},\"headline\":\"Linha Clara celebra tradi\u00e7\u00e3o de 115 anos no Baile do Rei do Tiro ao Alvo\",\"datePublished\":\"2026-03-08T14:47:38+00:00\",\"dateModified\":\"2026-03-08T14:47:40+00:00\",\"mainEntityOfPage\":{\"@id\":\"https:\\\/\\\/folhapopular.info\\\/index.php\\\/2026\\\/03\\\/08\\\/linha-clara-celebra-tradicao-de-115-anos-no-baile-do-rei-do-tiro-ao-alvo\\\/\"},\"wordCount\":861,\"commentCount\":0,\"image\":{\"@id\":\"https:\\\/\\\/folhapopular.info\\\/index.php\\\/2026\\\/03\\\/08\\\/linha-clara-celebra-tradicao-de-115-anos-no-baile-do-rei-do-tiro-ao-alvo\\\/#primaryimage\"},\"thumbnailUrl\":\"https:\\\/\\\/folhapopular.info\\\/wp-content\\\/uploads\\\/2026\\\/03\\\/WhatsApp-Image-2026-03-08-at-11.32.22-1.jpeg\",\"keywords\":[\"Ariberto Magedanz\",\"baile\",\"germ\u00e2nica\",\"Linha Clara\",\"Micaela Magedanz\",\"Renato Altmann\",\"Teut\u00f4nia\",\"Tiro Rei\",\"Tradi\u00e7\u00e3o\"],\"articleSection\":[\"Destaques\",\"Entretenimento\",\"Inclusive\"],\"inLanguage\":\"pt-BR\",\"potentialAction\":[{\"@type\":\"CommentAction\",\"name\":\"Comment\",\"target\":[\"https:\\\/\\\/folhapopular.info\\\/index.php\\\/2026\\\/03\\\/08\\\/linha-clara-celebra-tradicao-de-115-anos-no-baile-do-rei-do-tiro-ao-alvo\\\/#respond\"]}]},{\"@type\":\"WebPage\",\"@id\":\"https:\\\/\\\/folhapopular.info\\\/index.php\\\/2026\\\/03\\\/08\\\/linha-clara-celebra-tradicao-de-115-anos-no-baile-do-rei-do-tiro-ao-alvo\\\/\",\"url\":\"https:\\\/\\\/folhapopular.info\\\/index.php\\\/2026\\\/03\\\/08\\\/linha-clara-celebra-tradicao-de-115-anos-no-baile-do-rei-do-tiro-ao-alvo\\\/\",\"name\":\"Linha Clara celebra tradi\u00e7\u00e3o de 115 anos no Baile do Rei do Tiro ao Alvo - Folha Popular\",\"isPartOf\":{\"@id\":\"https:\\\/\\\/folhapopular.info\\\/#website\"},\"primaryImageOfPage\":{\"@id\":\"https:\\\/\\\/folhapopular.info\\\/index.php\\\/2026\\\/03\\\/08\\\/linha-clara-celebra-tradicao-de-115-anos-no-baile-do-rei-do-tiro-ao-alvo\\\/#primaryimage\"},\"image\":{\"@id\":\"https:\\\/\\\/folhapopular.info\\\/index.php\\\/2026\\\/03\\\/08\\\/linha-clara-celebra-tradicao-de-115-anos-no-baile-do-rei-do-tiro-ao-alvo\\\/#primaryimage\"},\"thumbnailUrl\":\"https:\\\/\\\/folhapopular.info\\\/wp-content\\\/uploads\\\/2026\\\/03\\\/WhatsApp-Image-2026-03-08-at-11.32.22-1.jpeg\",\"datePublished\":\"2026-03-08T14:47:38+00:00\",\"dateModified\":\"2026-03-08T14:47:40+00:00\",\"author\":{\"@id\":\"https:\\\/\\\/folhapopular.info\\\/#\\\/schema\\\/person\\\/50fd7636116370b67381921e65092a49\"},\"breadcrumb\":{\"@id\":\"https:\\\/\\\/folhapopular.info\\\/index.php\\\/2026\\\/03\\\/08\\\/linha-clara-celebra-tradicao-de-115-anos-no-baile-do-rei-do-tiro-ao-alvo\\\/#breadcrumb\"},\"inLanguage\":\"pt-BR\",\"potentialAction\":[{\"@type\":\"ReadAction\",\"target\":[\"https:\\\/\\\/folhapopular.info\\\/index.php\\\/2026\\\/03\\\/08\\\/linha-clara-celebra-tradicao-de-115-anos-no-baile-do-rei-do-tiro-ao-alvo\\\/\"]}]},{\"@type\":\"ImageObject\",\"inLanguage\":\"pt-BR\",\"@id\":\"https:\\\/\\\/folhapopular.info\\\/index.php\\\/2026\\\/03\\\/08\\\/linha-clara-celebra-tradicao-de-115-anos-no-baile-do-rei-do-tiro-ao-alvo\\\/#primaryimage\",\"url\":\"https:\\\/\\\/folhapopular.info\\\/wp-content\\\/uploads\\\/2026\\\/03\\\/WhatsApp-Image-2026-03-08-at-11.32.22-1.jpeg\",\"contentUrl\":\"https:\\\/\\\/folhapopular.info\\\/wp-content\\\/uploads\\\/2026\\\/03\\\/WhatsApp-Image-2026-03-08-at-11.32.22-1.jpeg\",\"width\":1280,\"height\":960,\"caption\":\"NJova corte foi empossada com celebra\u00e7\u00e3o e irmandade na comunidade de Linha Clara\"},{\"@type\":\"BreadcrumbList\",\"@id\":\"https:\\\/\\\/folhapopular.info\\\/index.php\\\/2026\\\/03\\\/08\\\/linha-clara-celebra-tradicao-de-115-anos-no-baile-do-rei-do-tiro-ao-alvo\\\/#breadcrumb\",\"itemListElement\":[{\"@type\":\"ListItem\",\"position\":1,\"name\":\"In\u00edcio\",\"item\":\"https:\\\/\\\/folhapopular.info\\\/\"},{\"@type\":\"ListItem\",\"position\":2,\"name\":\"Linha Clara celebra tradi\u00e7\u00e3o de 115 anos no Baile do Rei do Tiro ao Alvo\"}]},{\"@type\":\"WebSite\",\"@id\":\"https:\\\/\\\/folhapopular.info\\\/#website\",\"url\":\"https:\\\/\\\/folhapopular.info\\\/\",\"name\":\"Folha Popular\",\"description\":\"Onde voc\u00ea tem vez e voz\",\"potentialAction\":[{\"@type\":\"SearchAction\",\"target\":{\"@type\":\"EntryPoint\",\"urlTemplate\":\"https:\\\/\\\/folhapopular.info\\\/?s={search_term_string}\"},\"query-input\":{\"@type\":\"PropertyValueSpecification\",\"valueRequired\":true,\"valueName\":\"search_term_string\"}}],\"inLanguage\":\"pt-BR\"},{\"@type\":\"Person\",\"@id\":\"https:\\\/\\\/folhapopular.info\\\/#\\\/schema\\\/person\\\/50fd7636116370b67381921e65092a49\",\"name\":\"Anderson Lopes\",\"image\":{\"@type\":\"ImageObject\",\"inLanguage\":\"pt-BR\",\"@id\":\"https:\\\/\\\/secure.gravatar.com\\\/avatar\\\/030f2f2574ef743bc9016552464e94d04c7e61de505d7089178f340fc50ed8c6?s=96&d=mm&r=g\",\"url\":\"https:\\\/\\\/secure.gravatar.com\\\/avatar\\\/030f2f2574ef743bc9016552464e94d04c7e61de505d7089178f340fc50ed8c6?s=96&d=mm&r=g\",\"contentUrl\":\"https:\\\/\\\/secure.gravatar.com\\\/avatar\\\/030f2f2574ef743bc9016552464e94d04c7e61de505d7089178f340fc50ed8c6?s=96&d=mm&r=g\",\"caption\":\"Anderson Lopes\"},\"url\":\"https:\\\/\\\/folhapopular.info\\\/index.php\\\/author\\\/anderson-lopes\\\/\"}]}<\/script>\n<!-- \/ Yoast SEO plugin. -->","yoast_head_json":{"title":"Linha Clara celebra tradi\u00e7\u00e3o de 115 anos no Baile do Rei do Tiro ao Alvo - Folha Popular","robots":{"index":"index","follow":"follow","max-snippet":"max-snippet:-1","max-image-preview":"max-image-preview:large","max-video-preview":"max-video-preview:-1"},"canonical":"https:\/\/folhapopular.info\/index.php\/2026\/03\/08\/linha-clara-celebra-tradicao-de-115-anos-no-baile-do-rei-do-tiro-ao-alvo\/","og_locale":"pt_BR","og_type":"article","og_title":"Linha Clara celebra tradi\u00e7\u00e3o de 115 anos no Baile do Rei do Tiro ao Alvo - Folha Popular","og_description":"A comunidade de Linha Clara, no interior de Teut\u00f4nia, realizou no s\u00e1bado o tradicional Baile do Rei do Tiro ao Alvo, evento que marca a coroa\u00e7\u00e3o da nova corte da competi\u00e7\u00e3o e preserva uma tradi\u00e7\u00e3o mantida h\u00e1 cerca de 115 anos na localidade. A celebra\u00e7\u00e3o reuniu aproximadamente 600 pessoas no sal\u00e3o da Associa\u00e7\u00e3o Cultural e [&hellip;]","og_url":"https:\/\/folhapopular.info\/index.php\/2026\/03\/08\/linha-clara-celebra-tradicao-de-115-anos-no-baile-do-rei-do-tiro-ao-alvo\/","og_site_name":"Folha Popular","article_published_time":"2026-03-08T14:47:38+00:00","article_modified_time":"2026-03-08T14:47:40+00:00","og_image":[{"width":1280,"height":960,"url":"http:\/\/folhapopular.info\/wp-content\/uploads\/2026\/03\/WhatsApp-Image-2026-03-08-at-11.32.22-1.jpeg","type":"image\/jpeg"}],"author":"Anderson Lopes","twitter_card":"summary_large_image","twitter_misc":{"Escrito por":"Anderson Lopes","Est. tempo de leitura":"6 minutos"},"schema":{"@context":"https:\/\/schema.org","@graph":[{"@type":"Article","@id":"https:\/\/folhapopular.info\/index.php\/2026\/03\/08\/linha-clara-celebra-tradicao-de-115-anos-no-baile-do-rei-do-tiro-ao-alvo\/#article","isPartOf":{"@id":"https:\/\/folhapopular.info\/index.php\/2026\/03\/08\/linha-clara-celebra-tradicao-de-115-anos-no-baile-do-rei-do-tiro-ao-alvo\/"},"author":{"name":"Anderson Lopes","@id":"https:\/\/folhapopular.info\/#\/schema\/person\/50fd7636116370b67381921e65092a49"},"headline":"Linha Clara celebra tradi\u00e7\u00e3o de 115 anos no Baile do Rei do Tiro ao Alvo","datePublished":"2026-03-08T14:47:38+00:00","dateModified":"2026-03-08T14:47:40+00:00","mainEntityOfPage":{"@id":"https:\/\/folhapopular.info\/index.php\/2026\/03\/08\/linha-clara-celebra-tradicao-de-115-anos-no-baile-do-rei-do-tiro-ao-alvo\/"},"wordCount":861,"commentCount":0,"image":{"@id":"https:\/\/folhapopular.info\/index.php\/2026\/03\/08\/linha-clara-celebra-tradicao-de-115-anos-no-baile-do-rei-do-tiro-ao-alvo\/#primaryimage"},"thumbnailUrl":"https:\/\/folhapopular.info\/wp-content\/uploads\/2026\/03\/WhatsApp-Image-2026-03-08-at-11.32.22-1.jpeg","keywords":["Ariberto Magedanz","baile","germ\u00e2nica","Linha Clara","Micaela Magedanz","Renato Altmann","Teut\u00f4nia","Tiro Rei","Tradi\u00e7\u00e3o"],"articleSection":["Destaques","Entretenimento","Inclusive"],"inLanguage":"pt-BR","potentialAction":[{"@type":"CommentAction","name":"Comment","target":["https:\/\/folhapopular.info\/index.php\/2026\/03\/08\/linha-clara-celebra-tradicao-de-115-anos-no-baile-do-rei-do-tiro-ao-alvo\/#respond"]}]},{"@type":"WebPage","@id":"https:\/\/folhapopular.info\/index.php\/2026\/03\/08\/linha-clara-celebra-tradicao-de-115-anos-no-baile-do-rei-do-tiro-ao-alvo\/","url":"https:\/\/folhapopular.info\/index.php\/2026\/03\/08\/linha-clara-celebra-tradicao-de-115-anos-no-baile-do-rei-do-tiro-ao-alvo\/","name":"Linha Clara celebra tradi\u00e7\u00e3o de 115 anos no Baile do Rei do Tiro ao Alvo - Folha Popular","isPartOf":{"@id":"https:\/\/folhapopular.info\/#website"},"primaryImageOfPage":{"@id":"https:\/\/folhapopular.info\/index.php\/2026\/03\/08\/linha-clara-celebra-tradicao-de-115-anos-no-baile-do-rei-do-tiro-ao-alvo\/#primaryimage"},"image":{"@id":"https:\/\/folhapopular.info\/index.php\/2026\/03\/08\/linha-clara-celebra-tradicao-de-115-anos-no-baile-do-rei-do-tiro-ao-alvo\/#primaryimage"},"thumbnailUrl":"https:\/\/folhapopular.info\/wp-content\/uploads\/2026\/03\/WhatsApp-Image-2026-03-08-at-11.32.22-1.jpeg","datePublished":"2026-03-08T14:47:38+00:00","dateModified":"2026-03-08T14:47:40+00:00","author":{"@id":"https:\/\/folhapopular.info\/#\/schema\/person\/50fd7636116370b67381921e65092a49"},"breadcrumb":{"@id":"https:\/\/folhapopular.info\/index.php\/2026\/03\/08\/linha-clara-celebra-tradicao-de-115-anos-no-baile-do-rei-do-tiro-ao-alvo\/#breadcrumb"},"inLanguage":"pt-BR","potentialAction":[{"@type":"ReadAction","target":["https:\/\/folhapopular.info\/index.php\/2026\/03\/08\/linha-clara-celebra-tradicao-de-115-anos-no-baile-do-rei-do-tiro-ao-alvo\/"]}]},{"@type":"ImageObject","inLanguage":"pt-BR","@id":"https:\/\/folhapopular.info\/index.php\/2026\/03\/08\/linha-clara-celebra-tradicao-de-115-anos-no-baile-do-rei-do-tiro-ao-alvo\/#primaryimage","url":"https:\/\/folhapopular.info\/wp-content\/uploads\/2026\/03\/WhatsApp-Image-2026-03-08-at-11.32.22-1.jpeg","contentUrl":"https:\/\/folhapopular.info\/wp-content\/uploads\/2026\/03\/WhatsApp-Image-2026-03-08-at-11.32.22-1.jpeg","width":1280,"height":960,"caption":"NJova corte foi empossada com celebra\u00e7\u00e3o e irmandade na comunidade de Linha Clara"},{"@type":"BreadcrumbList","@id":"https:\/\/folhapopular.info\/index.php\/2026\/03\/08\/linha-clara-celebra-tradicao-de-115-anos-no-baile-do-rei-do-tiro-ao-alvo\/#breadcrumb","itemListElement":[{"@type":"ListItem","position":1,"name":"In\u00edcio","item":"https:\/\/folhapopular.info\/"},{"@type":"ListItem","position":2,"name":"Linha Clara celebra tradi\u00e7\u00e3o de 115 anos no Baile do Rei do Tiro ao Alvo"}]},{"@type":"WebSite","@id":"https:\/\/folhapopular.info\/#website","url":"https:\/\/folhapopular.info\/","name":"Folha Popular","description":"Onde voc\u00ea tem vez e voz","potentialAction":[{"@type":"SearchAction","target":{"@type":"EntryPoint","urlTemplate":"https:\/\/folhapopular.info\/?s={search_term_string}"},"query-input":{"@type":"PropertyValueSpecification","valueRequired":true,"valueName":"search_term_string"}}],"inLanguage":"pt-BR"},{"@type":"Person","@id":"https:\/\/folhapopular.info\/#\/schema\/person\/50fd7636116370b67381921e65092a49","name":"Anderson Lopes","image":{"@type":"ImageObject","inLanguage":"pt-BR","@id":"https:\/\/secure.gravatar.com\/avatar\/030f2f2574ef743bc9016552464e94d04c7e61de505d7089178f340fc50ed8c6?s=96&d=mm&r=g","url":"https:\/\/secure.gravatar.com\/avatar\/030f2f2574ef743bc9016552464e94d04c7e61de505d7089178f340fc50ed8c6?s=96&d=mm&r=g","contentUrl":"https:\/\/secure.gravatar.com\/avatar\/030f2f2574ef743bc9016552464e94d04c7e61de505d7089178f340fc50ed8c6?s=96&d=mm&r=g","caption":"Anderson Lopes"},"url":"https:\/\/folhapopular.info\/index.php\/author\/anderson-lopes\/"}]}},"jetpack_featured_media_url":"https:\/\/folhapopular.info\/wp-content\/uploads\/2026\/03\/WhatsApp-Image-2026-03-08-at-11.32.22-1.jpeg","jetpack_sharing_enabled":true,"amp_enabled":true,"_links":{"self":[{"href":"https:\/\/folhapopular.info\/index.php\/wp-json\/wp\/v2\/posts\/205388","targetHints":{"allow":["GET"]}}],"collection":[{"href":"https:\/\/folhapopular.info\/index.php\/wp-json\/wp\/v2\/posts"}],"about":[{"href":"https:\/\/folhapopular.info\/index.php\/wp-json\/wp\/v2\/types\/post"}],"author":[{"embeddable":true,"href":"https:\/\/folhapopular.info\/index.php\/wp-json\/wp\/v2\/users\/772"}],"replies":[{"embeddable":true,"href":"https:\/\/folhapopular.info\/index.php\/wp-json\/wp\/v2\/comments?post=205388"}],"version-history":[{"count":0,"href":"https:\/\/folhapopular.info\/index.php\/wp-json\/wp\/v2\/posts\/205388\/revisions"}],"wp:featuredmedia":[{"embeddable":true,"href":"https:\/\/folhapopular.info\/index.php\/wp-json\/wp\/v2\/media\/205394"}],"wp:attachment":[{"href":"https:\/\/folhapopular.info\/index.php\/wp-json\/wp\/v2\/media?parent=205388"}],"wp:term":[{"taxonomy":"category","embeddable":true,"href":"https:\/\/folhapopular.info\/index.php\/wp-json\/wp\/v2\/categories?post=205388"},{"taxonomy":"post_tag","embeddable":true,"href":"https:\/\/folhapopular.info\/index.php\/wp-json\/wp\/v2\/tags?post=205388"}],"curies":[{"name":"wp","href":"https:\/\/api.w.org\/{rel}","templated":true}]}}