{"id":205411,"date":"2026-03-09T09:02:24","date_gmt":"2026-03-09T12:02:24","guid":{"rendered":"https:\/\/folhapopular.info\/?p=205411"},"modified":"2026-03-09T10:25:42","modified_gmt":"2026-03-09T13:25:42","slug":"7a-ponte-do-projeto-construindo-pontes-e-inaugurada-em-pouso-novo","status":"publish","type":"post","link":"https:\/\/folhapopular.info\/index.php\/2026\/03\/09\/7a-ponte-do-projeto-construindo-pontes-e-inaugurada-em-pouso-novo\/","title":{"rendered":"7\u00aa ponte do projeto\u00a0Construindo Pontes\u00a0\u00e9 inaugurada em Pouso Novo"},"content":{"rendered":"\n<p>A inaugura\u00e7\u00e3o da ponte da comunidade de Canhada Funda, no interior de Pouso Novo, ocorreu neste s\u00e1bado (7\/3). A ponte foi constru\u00edda pelo projeto\u00a0Construindo Pontes atrav\u00e9s do Associativismo, iniciativa da CIC VT realizada em parceria com entidades e apoiadores. A estrutura possui 12 metros de extens\u00e3o e representa um importante avan\u00e7o para a mobilidade da comunidade e para o escoamento da produ\u00e7\u00e3o agr\u00edcola da regi\u00e3o, que conta com forte presen\u00e7a da produ\u00e7\u00e3o de leite, su\u00ednos e aves.<\/p>\n\n\n\n<p>A estrutura j\u00e1 estava conclu\u00edda desde maio de 2025 e agora foi oficialmente inaugurada. Para moradores da localidade, a obra traz impactos diretos no dia a dia. O agricultor Jo\u00e3o Merlo, que mora a poucos metros da ponte, conta que antes da reconstru\u00e7\u00e3o era necess\u00e1rio utilizar um desvio que aumentava o trajeto at\u00e9 o centro do munic\u00edpio em quase 20 quil\u00f4metros.<\/p>\n\n\n\n<p>A programa\u00e7\u00e3o deste s\u00e1bado tamb\u00e9m marcou a inaugura\u00e7\u00e3o de outras obras no munic\u00edpio, incluindo o gin\u00e1sio da comunidade de Picada Taquari, um sonho da comunidade desde 2019, duas novas salas de aula no local, a ponte da localidade de Arroio Leite, al\u00e9m da amplia\u00e7\u00e3o da Gruta Nossa Senhora de Lourdes, com melhorias na infraestrutura, asfaltamento da via e implanta\u00e7\u00e3o de uma rua coberta.<\/p>\n","protected":false},"excerpt":{"rendered":"<p>A inaugura\u00e7\u00e3o da ponte da comunidade de Canhada Funda, no interior de Pouso Novo, ocorreu neste s\u00e1bado (7\/3). A ponte foi constru\u00edda pelo projeto\u00a0Construindo Pontes atrav\u00e9s do Associativismo, iniciativa da CIC VT realizada em parceria com entidades e apoiadores. A estrutura possui 12 metros de extens\u00e3o e representa um importante avan\u00e7o para a mobilidade da [&hellip;]<\/p>\n","protected":false},"author":8,"featured_media":205412,"comment_status":"open","ping_status":"open","sticky":false,"template":"","format":"standard","meta":{"pmpro_default_level":"","_jetpack_memberships_contains_paid_content":false,"footnotes":""},"categories":[2,3],"tags":[5710,5955,20712,445],"class_list":{"0":"post-205411","1":"post","2":"type-post","3":"status-publish","4":"format-standard","5":"has-post-thumbnail","7":"category-featured","8":"category-geral","9":"tag-associativismo","10":"tag-cic-vt","11":"tag-construindo-pontes","12":"tag-pouso-novo","13":"pmpro-has-access"},"yoast_head":"<!-- This site is optimized with the Yoast SEO plugin v27.5 - https:\/\/yoast.com\/product\/yoast-seo-wordpress\/ -->\n<title>7\u00aa ponte do projeto\u00a0Construindo Pontes\u00a0\u00e9 inaugurada em Pouso Novo - Folha Popular<\/title>\n<meta name=\"robots\" content=\"index, follow, max-snippet:-1, max-image-preview:large, max-video-preview:-1\" \/>\n<link rel=\"canonical\" href=\"https:\/\/folhapopular.info\/index.php\/2026\/03\/09\/7a-ponte-do-projeto-construindo-pontes-e-inaugurada-em-pouso-novo\/\" \/>\n<meta property=\"og:locale\" content=\"pt_BR\" \/>\n<meta property=\"og:type\" content=\"article\" \/>\n<meta property=\"og:title\" content=\"7\u00aa ponte do projeto\u00a0Construindo Pontes\u00a0\u00e9 inaugurada em Pouso Novo - Folha Popular\" \/>\n<meta property=\"og:description\" content=\"A inaugura\u00e7\u00e3o da ponte da comunidade de Canhada Funda, no interior de Pouso Novo, ocorreu neste s\u00e1bado (7\/3). A ponte foi constru\u00edda pelo projeto\u00a0Construindo Pontes atrav\u00e9s do Associativismo, iniciativa da CIC VT realizada em parceria com entidades e apoiadores. A estrutura possui 12 metros de extens\u00e3o e representa um importante avan\u00e7o para a mobilidade da [&hellip;]\" \/>\n<meta property=\"og:url\" content=\"https:\/\/folhapopular.info\/index.php\/2026\/03\/09\/7a-ponte-do-projeto-construindo-pontes-e-inaugurada-em-pouso-novo\/\" \/>\n<meta property=\"og:site_name\" content=\"Folha Popular\" \/>\n<meta property=\"article:published_time\" content=\"2026-03-09T12:02:24+00:00\" \/>\n<meta property=\"article:modified_time\" content=\"2026-03-09T13:25:42+00:00\" \/>\n<meta property=\"og:image\" content=\"http:\/\/folhapopular.info\/wp-content\/uploads\/2026\/03\/6e00bca4-b0db-4dec-a6cb-fcd1277685a6.jpg\" \/>\n\t<meta property=\"og:image:width\" content=\"1600\" \/>\n\t<meta property=\"og:image:height\" content=\"739\" \/>\n\t<meta property=\"og:image:type\" content=\"image\/jpeg\" \/>\n<meta name=\"author\" content=\"Reda\u00e7\u00e3o Folha Popular\" \/>\n<meta name=\"twitter:card\" content=\"summary_large_image\" \/>\n<meta name=\"twitter:label1\" content=\"Escrito por\" \/>\n\t<meta name=\"twitter:data1\" content=\"Reda\u00e7\u00e3o Folha Popular\" \/>\n\t<meta name=\"twitter:label2\" content=\"Est. tempo de leitura\" \/>\n\t<meta name=\"twitter:data2\" content=\"2 minutos\" \/>\n<script type=\"application\/ld+json\" class=\"yoast-schema-graph\">{\"@context\":\"https:\\\/\\\/schema.org\",\"@graph\":[{\"@type\":\"Article\",\"@id\":\"https:\\\/\\\/folhapopular.info\\\/index.php\\\/2026\\\/03\\\/09\\\/7a-ponte-do-projeto-construindo-pontes-e-inaugurada-em-pouso-novo\\\/#article\",\"isPartOf\":{\"@id\":\"https:\\\/\\\/folhapopular.info\\\/index.php\\\/2026\\\/03\\\/09\\\/7a-ponte-do-projeto-construindo-pontes-e-inaugurada-em-pouso-novo\\\/\"},\"author\":{\"name\":\"Reda\u00e7\u00e3o Folha Popular\",\"@id\":\"https:\\\/\\\/folhapopular.info\\\/#\\\/schema\\\/person\\\/2814e8a0df7643585a9ca38bc6eb9d4b\"},\"headline\":\"7\u00aa ponte do projeto\u00a0Construindo Pontes\u00a0\u00e9 inaugurada em Pouso Novo\",\"datePublished\":\"2026-03-09T12:02:24+00:00\",\"dateModified\":\"2026-03-09T13:25:42+00:00\",\"mainEntityOfPage\":{\"@id\":\"https:\\\/\\\/folhapopular.info\\\/index.php\\\/2026\\\/03\\\/09\\\/7a-ponte-do-projeto-construindo-pontes-e-inaugurada-em-pouso-novo\\\/\"},\"wordCount\":233,\"commentCount\":0,\"image\":{\"@id\":\"https:\\\/\\\/folhapopular.info\\\/index.php\\\/2026\\\/03\\\/09\\\/7a-ponte-do-projeto-construindo-pontes-e-inaugurada-em-pouso-novo\\\/#primaryimage\"},\"thumbnailUrl\":\"https:\\\/\\\/folhapopular.info\\\/wp-content\\\/uploads\\\/2026\\\/03\\\/6e00bca4-b0db-4dec-a6cb-fcd1277685a6.jpg\",\"keywords\":[\"associativismo\",\"CIC VT\",\"Construindo Pontes\",\"Pouso Novo\"],\"articleSection\":[\"Destaques\",\"Geral\"],\"inLanguage\":\"pt-BR\",\"potentialAction\":[{\"@type\":\"CommentAction\",\"name\":\"Comment\",\"target\":[\"https:\\\/\\\/folhapopular.info\\\/index.php\\\/2026\\\/03\\\/09\\\/7a-ponte-do-projeto-construindo-pontes-e-inaugurada-em-pouso-novo\\\/#respond\"]}]},{\"@type\":\"WebPage\",\"@id\":\"https:\\\/\\\/folhapopular.info\\\/index.php\\\/2026\\\/03\\\/09\\\/7a-ponte-do-projeto-construindo-pontes-e-inaugurada-em-pouso-novo\\\/\",\"url\":\"https:\\\/\\\/folhapopular.info\\\/index.php\\\/2026\\\/03\\\/09\\\/7a-ponte-do-projeto-construindo-pontes-e-inaugurada-em-pouso-novo\\\/\",\"name\":\"7\u00aa ponte do projeto\u00a0Construindo Pontes\u00a0\u00e9 inaugurada em Pouso Novo - Folha Popular\",\"isPartOf\":{\"@id\":\"https:\\\/\\\/folhapopular.info\\\/#website\"},\"primaryImageOfPage\":{\"@id\":\"https:\\\/\\\/folhapopular.info\\\/index.php\\\/2026\\\/03\\\/09\\\/7a-ponte-do-projeto-construindo-pontes-e-inaugurada-em-pouso-novo\\\/#primaryimage\"},\"image\":{\"@id\":\"https:\\\/\\\/folhapopular.info\\\/index.php\\\/2026\\\/03\\\/09\\\/7a-ponte-do-projeto-construindo-pontes-e-inaugurada-em-pouso-novo\\\/#primaryimage\"},\"thumbnailUrl\":\"https:\\\/\\\/folhapopular.info\\\/wp-content\\\/uploads\\\/2026\\\/03\\\/6e00bca4-b0db-4dec-a6cb-fcd1277685a6.jpg\",\"datePublished\":\"2026-03-09T12:02:24+00:00\",\"dateModified\":\"2026-03-09T13:25:42+00:00\",\"author\":{\"@id\":\"https:\\\/\\\/folhapopular.info\\\/#\\\/schema\\\/person\\\/2814e8a0df7643585a9ca38bc6eb9d4b\"},\"breadcrumb\":{\"@id\":\"https:\\\/\\\/folhapopular.info\\\/index.php\\\/2026\\\/03\\\/09\\\/7a-ponte-do-projeto-construindo-pontes-e-inaugurada-em-pouso-novo\\\/#breadcrumb\"},\"inLanguage\":\"pt-BR\",\"potentialAction\":[{\"@type\":\"ReadAction\",\"target\":[\"https:\\\/\\\/folhapopular.info\\\/index.php\\\/2026\\\/03\\\/09\\\/7a-ponte-do-projeto-construindo-pontes-e-inaugurada-em-pouso-novo\\\/\"]}]},{\"@type\":\"ImageObject\",\"inLanguage\":\"pt-BR\",\"@id\":\"https:\\\/\\\/folhapopular.info\\\/index.php\\\/2026\\\/03\\\/09\\\/7a-ponte-do-projeto-construindo-pontes-e-inaugurada-em-pouso-novo\\\/#primaryimage\",\"url\":\"https:\\\/\\\/folhapopular.info\\\/wp-content\\\/uploads\\\/2026\\\/03\\\/6e00bca4-b0db-4dec-a6cb-fcd1277685a6.jpg\",\"contentUrl\":\"https:\\\/\\\/folhapopular.info\\\/wp-content\\\/uploads\\\/2026\\\/03\\\/6e00bca4-b0db-4dec-a6cb-fcd1277685a6.jpg\",\"width\":1600,\"height\":739,\"caption\":\"Cr\u00e9dito: Divulga\u00e7\u00e3o \\\/ CIC VT\"},{\"@type\":\"BreadcrumbList\",\"@id\":\"https:\\\/\\\/folhapopular.info\\\/index.php\\\/2026\\\/03\\\/09\\\/7a-ponte-do-projeto-construindo-pontes-e-inaugurada-em-pouso-novo\\\/#breadcrumb\",\"itemListElement\":[{\"@type\":\"ListItem\",\"position\":1,\"name\":\"In\u00edcio\",\"item\":\"https:\\\/\\\/folhapopular.info\\\/\"},{\"@type\":\"ListItem\",\"position\":2,\"name\":\"7\u00aa ponte do projeto\u00a0Construindo Pontes\u00a0\u00e9 inaugurada em Pouso Novo\"}]},{\"@type\":\"WebSite\",\"@id\":\"https:\\\/\\\/folhapopular.info\\\/#website\",\"url\":\"https:\\\/\\\/folhapopular.info\\\/\",\"name\":\"Folha Popular\",\"description\":\"Onde voc\u00ea tem vez e voz\",\"potentialAction\":[{\"@type\":\"SearchAction\",\"target\":{\"@type\":\"EntryPoint\",\"urlTemplate\":\"https:\\\/\\\/folhapopular.info\\\/?s={search_term_string}\"},\"query-input\":{\"@type\":\"PropertyValueSpecification\",\"valueRequired\":true,\"valueName\":\"search_term_string\"}}],\"inLanguage\":\"pt-BR\"},{\"@type\":\"Person\",\"@id\":\"https:\\\/\\\/folhapopular.info\\\/#\\\/schema\\\/person\\\/2814e8a0df7643585a9ca38bc6eb9d4b\",\"name\":\"Reda\u00e7\u00e3o Folha Popular\",\"image\":{\"@type\":\"ImageObject\",\"inLanguage\":\"pt-BR\",\"@id\":\"https:\\\/\\\/folhapopular.info\\\/wp-content\\\/uploads\\\/2026\\\/04\\\/Folha-1.webp\",\"url\":\"https:\\\/\\\/folhapopular.info\\\/wp-content\\\/uploads\\\/2026\\\/04\\\/Folha-1.webp\",\"contentUrl\":\"https:\\\/\\\/folhapopular.info\\\/wp-content\\\/uploads\\\/2026\\\/04\\\/Folha-1.webp\",\"caption\":\"Reda\u00e7\u00e3o Folha Popular\"},\"url\":\"https:\\\/\\\/folhapopular.info\\\/index.php\\\/author\\\/redacao\\\/\"}]}<\/script>\n<!-- \/ Yoast SEO plugin. -->","yoast_head_json":{"title":"7\u00aa ponte do projeto\u00a0Construindo Pontes\u00a0\u00e9 inaugurada em Pouso Novo - Folha Popular","robots":{"index":"index","follow":"follow","max-snippet":"max-snippet:-1","max-image-preview":"max-image-preview:large","max-video-preview":"max-video-preview:-1"},"canonical":"https:\/\/folhapopular.info\/index.php\/2026\/03\/09\/7a-ponte-do-projeto-construindo-pontes-e-inaugurada-em-pouso-novo\/","og_locale":"pt_BR","og_type":"article","og_title":"7\u00aa ponte do projeto\u00a0Construindo Pontes\u00a0\u00e9 inaugurada em Pouso Novo - Folha Popular","og_description":"A inaugura\u00e7\u00e3o da ponte da comunidade de Canhada Funda, no interior de Pouso Novo, ocorreu neste s\u00e1bado (7\/3). A ponte foi constru\u00edda pelo projeto\u00a0Construindo Pontes atrav\u00e9s do Associativismo, iniciativa da CIC VT realizada em parceria com entidades e apoiadores. A estrutura possui 12 metros de extens\u00e3o e representa um importante avan\u00e7o para a mobilidade da [&hellip;]","og_url":"https:\/\/folhapopular.info\/index.php\/2026\/03\/09\/7a-ponte-do-projeto-construindo-pontes-e-inaugurada-em-pouso-novo\/","og_site_name":"Folha Popular","article_published_time":"2026-03-09T12:02:24+00:00","article_modified_time":"2026-03-09T13:25:42+00:00","og_image":[{"width":1600,"height":739,"url":"http:\/\/folhapopular.info\/wp-content\/uploads\/2026\/03\/6e00bca4-b0db-4dec-a6cb-fcd1277685a6.jpg","type":"image\/jpeg"}],"author":"Reda\u00e7\u00e3o Folha Popular","twitter_card":"summary_large_image","twitter_misc":{"Escrito por":"Reda\u00e7\u00e3o Folha Popular","Est. tempo de leitura":"2 minutos"},"schema":{"@context":"https:\/\/schema.org","@graph":[{"@type":"Article","@id":"https:\/\/folhapopular.info\/index.php\/2026\/03\/09\/7a-ponte-do-projeto-construindo-pontes-e-inaugurada-em-pouso-novo\/#article","isPartOf":{"@id":"https:\/\/folhapopular.info\/index.php\/2026\/03\/09\/7a-ponte-do-projeto-construindo-pontes-e-inaugurada-em-pouso-novo\/"},"author":{"name":"Reda\u00e7\u00e3o Folha Popular","@id":"https:\/\/folhapopular.info\/#\/schema\/person\/2814e8a0df7643585a9ca38bc6eb9d4b"},"headline":"7\u00aa ponte do projeto\u00a0Construindo Pontes\u00a0\u00e9 inaugurada em Pouso Novo","datePublished":"2026-03-09T12:02:24+00:00","dateModified":"2026-03-09T13:25:42+00:00","mainEntityOfPage":{"@id":"https:\/\/folhapopular.info\/index.php\/2026\/03\/09\/7a-ponte-do-projeto-construindo-pontes-e-inaugurada-em-pouso-novo\/"},"wordCount":233,"commentCount":0,"image":{"@id":"https:\/\/folhapopular.info\/index.php\/2026\/03\/09\/7a-ponte-do-projeto-construindo-pontes-e-inaugurada-em-pouso-novo\/#primaryimage"},"thumbnailUrl":"https:\/\/folhapopular.info\/wp-content\/uploads\/2026\/03\/6e00bca4-b0db-4dec-a6cb-fcd1277685a6.jpg","keywords":["associativismo","CIC VT","Construindo Pontes","Pouso Novo"],"articleSection":["Destaques","Geral"],"inLanguage":"pt-BR","potentialAction":[{"@type":"CommentAction","name":"Comment","target":["https:\/\/folhapopular.info\/index.php\/2026\/03\/09\/7a-ponte-do-projeto-construindo-pontes-e-inaugurada-em-pouso-novo\/#respond"]}]},{"@type":"WebPage","@id":"https:\/\/folhapopular.info\/index.php\/2026\/03\/09\/7a-ponte-do-projeto-construindo-pontes-e-inaugurada-em-pouso-novo\/","url":"https:\/\/folhapopular.info\/index.php\/2026\/03\/09\/7a-ponte-do-projeto-construindo-pontes-e-inaugurada-em-pouso-novo\/","name":"7\u00aa ponte do projeto\u00a0Construindo Pontes\u00a0\u00e9 inaugurada em Pouso Novo - Folha Popular","isPartOf":{"@id":"https:\/\/folhapopular.info\/#website"},"primaryImageOfPage":{"@id":"https:\/\/folhapopular.info\/index.php\/2026\/03\/09\/7a-ponte-do-projeto-construindo-pontes-e-inaugurada-em-pouso-novo\/#primaryimage"},"image":{"@id":"https:\/\/folhapopular.info\/index.php\/2026\/03\/09\/7a-ponte-do-projeto-construindo-pontes-e-inaugurada-em-pouso-novo\/#primaryimage"},"thumbnailUrl":"https:\/\/folhapopular.info\/wp-content\/uploads\/2026\/03\/6e00bca4-b0db-4dec-a6cb-fcd1277685a6.jpg","datePublished":"2026-03-09T12:02:24+00:00","dateModified":"2026-03-09T13:25:42+00:00","author":{"@id":"https:\/\/folhapopular.info\/#\/schema\/person\/2814e8a0df7643585a9ca38bc6eb9d4b"},"breadcrumb":{"@id":"https:\/\/folhapopular.info\/index.php\/2026\/03\/09\/7a-ponte-do-projeto-construindo-pontes-e-inaugurada-em-pouso-novo\/#breadcrumb"},"inLanguage":"pt-BR","potentialAction":[{"@type":"ReadAction","target":["https:\/\/folhapopular.info\/index.php\/2026\/03\/09\/7a-ponte-do-projeto-construindo-pontes-e-inaugurada-em-pouso-novo\/"]}]},{"@type":"ImageObject","inLanguage":"pt-BR","@id":"https:\/\/folhapopular.info\/index.php\/2026\/03\/09\/7a-ponte-do-projeto-construindo-pontes-e-inaugurada-em-pouso-novo\/#primaryimage","url":"https:\/\/folhapopular.info\/wp-content\/uploads\/2026\/03\/6e00bca4-b0db-4dec-a6cb-fcd1277685a6.jpg","contentUrl":"https:\/\/folhapopular.info\/wp-content\/uploads\/2026\/03\/6e00bca4-b0db-4dec-a6cb-fcd1277685a6.jpg","width":1600,"height":739,"caption":"Cr\u00e9dito: Divulga\u00e7\u00e3o \/ CIC VT"},{"@type":"BreadcrumbList","@id":"https:\/\/folhapopular.info\/index.php\/2026\/03\/09\/7a-ponte-do-projeto-construindo-pontes-e-inaugurada-em-pouso-novo\/#breadcrumb","itemListElement":[{"@type":"ListItem","position":1,"name":"In\u00edcio","item":"https:\/\/folhapopular.info\/"},{"@type":"ListItem","position":2,"name":"7\u00aa ponte do projeto\u00a0Construindo Pontes\u00a0\u00e9 inaugurada em Pouso Novo"}]},{"@type":"WebSite","@id":"https:\/\/folhapopular.info\/#website","url":"https:\/\/folhapopular.info\/","name":"Folha Popular","description":"Onde voc\u00ea tem vez e voz","potentialAction":[{"@type":"SearchAction","target":{"@type":"EntryPoint","urlTemplate":"https:\/\/folhapopular.info\/?s={search_term_string}"},"query-input":{"@type":"PropertyValueSpecification","valueRequired":true,"valueName":"search_term_string"}}],"inLanguage":"pt-BR"},{"@type":"Person","@id":"https:\/\/folhapopular.info\/#\/schema\/person\/2814e8a0df7643585a9ca38bc6eb9d4b","name":"Reda\u00e7\u00e3o Folha Popular","image":{"@type":"ImageObject","inLanguage":"pt-BR","@id":"https:\/\/folhapopular.info\/wp-content\/uploads\/2026\/04\/Folha-1.webp","url":"https:\/\/folhapopular.info\/wp-content\/uploads\/2026\/04\/Folha-1.webp","contentUrl":"https:\/\/folhapopular.info\/wp-content\/uploads\/2026\/04\/Folha-1.webp","caption":"Reda\u00e7\u00e3o Folha Popular"},"url":"https:\/\/folhapopular.info\/index.php\/author\/redacao\/"}]}},"jetpack_featured_media_url":"https:\/\/folhapopular.info\/wp-content\/uploads\/2026\/03\/6e00bca4-b0db-4dec-a6cb-fcd1277685a6.jpg","jetpack_sharing_enabled":true,"amp_enabled":true,"_links":{"self":[{"href":"https:\/\/folhapopular.info\/index.php\/wp-json\/wp\/v2\/posts\/205411","targetHints":{"allow":["GET"]}}],"collection":[{"href":"https:\/\/folhapopular.info\/index.php\/wp-json\/wp\/v2\/posts"}],"about":[{"href":"https:\/\/folhapopular.info\/index.php\/wp-json\/wp\/v2\/types\/post"}],"author":[{"embeddable":true,"href":"https:\/\/folhapopular.info\/index.php\/wp-json\/wp\/v2\/users\/8"}],"replies":[{"embeddable":true,"href":"https:\/\/folhapopular.info\/index.php\/wp-json\/wp\/v2\/comments?post=205411"}],"version-history":[{"count":0,"href":"https:\/\/folhapopular.info\/index.php\/wp-json\/wp\/v2\/posts\/205411\/revisions"}],"wp:featuredmedia":[{"embeddable":true,"href":"https:\/\/folhapopular.info\/index.php\/wp-json\/wp\/v2\/media\/205412"}],"wp:attachment":[{"href":"https:\/\/folhapopular.info\/index.php\/wp-json\/wp\/v2\/media?parent=205411"}],"wp:term":[{"taxonomy":"category","embeddable":true,"href":"https:\/\/folhapopular.info\/index.php\/wp-json\/wp\/v2\/categories?post=205411"},{"taxonomy":"post_tag","embeddable":true,"href":"https:\/\/folhapopular.info\/index.php\/wp-json\/wp\/v2\/tags?post=205411"}],"curies":[{"name":"wp","href":"https:\/\/api.w.org\/{rel}","templated":true}]}}