{"id":205417,"date":"2026-03-09T13:00:00","date_gmt":"2026-03-09T16:00:00","guid":{"rendered":"https:\/\/folhapopular.info\/?p=205417"},"modified":"2026-03-09T09:44:11","modified_gmt":"2026-03-09T12:44:11","slug":"participacao-feminina-no-mercado-de-trabalho-cresce-no-estado","status":"publish","type":"post","link":"https:\/\/folhapopular.info\/index.php\/2026\/03\/09\/participacao-feminina-no-mercado-de-trabalho-cresce-no-estado\/","title":{"rendered":"Participa\u00e7\u00e3o feminina no mercado de trabalho cresce no estado"},"content":{"rendered":"\n<p>A participa\u00e7\u00e3o das mulheres no mercado de trabalho do Rio Grande do Sul chegou a 58,5% em 2024. No mesmo ano, a taxa de desemprego feminina caiu para 6,2%, o menor n\u00edvel da s\u00e9rie hist\u00f3rica no estado e abaixo da m\u00e9dia nacional, de 8,1%. Os n\u00fameros indicam recupera\u00e7\u00e3o ap\u00f3s as oscila\u00e7\u00f5es registradas durante e ap\u00f3s a pandemia.<\/p>\n\n\n\n<p>O levantamento tamb\u00e9m mostra maior n\u00edvel de escolaridade entre as trabalhadoras. Em 2024, 34,2% das mulheres ocupadas tinham ensino superior completo, propor\u00e7\u00e3o maior do que a dos homens, que ficou em 19,1%. Apesar disso, a desigualdade salarial permanece: o rendimento m\u00e9dio feminino corresponde a 76% do masculino.<\/p>\n\n\n\n<p>Os dados fazem parte da S\u00edntese ODS 5 \u2013 Igualdade de G\u00eanero, publicada pelo Departamento de Economia e Estat\u00edstica (DEE), \u00f3rg\u00e3o ligado \u00e0 Secretaria de Planejamento, Governan\u00e7a e Gest\u00e3o (SPGG) do governo estadual. O estudo acompanha 47 indicadores relacionados \u00e0s nove metas do Objetivo de Desenvolvimento Sustent\u00e1vel 5 no Rio Grande do Sul.<\/p>\n\n\n\n<h3 class=\"wp-block-heading\"><strong>Presen\u00e7a em cargos de decis\u00e3o<\/strong><\/h3>\n\n\n\n<p>O estudo tamb\u00e9m avalia a participa\u00e7\u00e3o feminina em posi\u00e7\u00f5es de lideran\u00e7a. Em 2025, as mulheres representavam 61,4% dos servidores do Poder Executivo estadual, com 75.862 funcion\u00e1rias entre 123.576 servidores.<\/p>\n\n\n\n<p>Elas ocupavam 54,3% dos cargos e fun\u00e7\u00f5es de chefia, aumento de nove pontos percentuais em rela\u00e7\u00e3o a 2024. Nas secretarias estaduais, as mulheres comandam 35,5% das pastas.<\/p>\n\n\n\n<p>No cen\u00e1rio nacional, a participa\u00e7\u00e3o feminina nos minist\u00e9rios \u00e9 de 26,3%. No Judici\u00e1rio ga\u00facho, 45,3% dos magistrados s\u00e3o mulheres. J\u00e1 na seguran\u00e7a p\u00fablica, a presen\u00e7a feminina \u00e9 de 41,5% na Pol\u00edcia Civil e 16,3% na Brigada Militar.<\/p>\n\n\n\n<h3 class=\"wp-block-heading\"><strong>Trabalho dom\u00e9stico<\/strong><\/h3>\n\n\n\n<p>O estudo tamb\u00e9m aponta desigualdade na divis\u00e3o das tarefas dom\u00e9sticas. Em 2022, as mulheres dedicaram 11,3% do tempo aos afazeres dom\u00e9sticos, propor\u00e7\u00e3o 1,7 vez maior que a dos homens, que foi de 6,7%.<\/p>\n\n\n\n<p>Entre as mulheres de 18 a 60 anos fora do mercado de trabalho, 10,9% apontaram os cuidados dom\u00e9sticos como principal motivo para a inatividade. O \u00edndice \u00e9 menor que a m\u00e9dia brasileira, de 15,7%<\/p>\n","protected":false},"excerpt":{"rendered":"<p>A participa\u00e7\u00e3o das mulheres no mercado de trabalho do Rio Grande do Sul chegou a 58,5% em 2024. No mesmo ano, a taxa de desemprego feminina caiu para 6,2%, o menor n\u00edvel da s\u00e9rie hist\u00f3rica no estado e abaixo da m\u00e9dia nacional, de 8,1%. Os n\u00fameros indicam recupera\u00e7\u00e3o ap\u00f3s as oscila\u00e7\u00f5es registradas durante e ap\u00f3s [&hellip;]<\/p>\n","protected":false},"author":8,"featured_media":149198,"comment_status":"open","ping_status":"open","sticky":false,"template":"","format":"standard","meta":{"pmpro_default_level":"","_jetpack_memberships_contains_paid_content":false,"footnotes":""},"categories":[2,10991],"tags":[2040,20713,1794,2137],"class_list":{"0":"post-205417","1":"post","2":"type-post","3":"status-publish","4":"format-standard","5":"has-post-thumbnail","7":"category-featured","8":"category-economia","9":"tag-mercado-de-trabalho","10":"tag-participacao-feminina","11":"tag-rio-grande-do-sul","12":"tag-trabalho","13":"pmpro-has-access"},"yoast_head":"<!-- This site is optimized with the Yoast SEO plugin v27.5 - https:\/\/yoast.com\/product\/yoast-seo-wordpress\/ -->\n<title>Participa\u00e7\u00e3o feminina no mercado de trabalho cresce no estado - Folha Popular<\/title>\n<meta name=\"robots\" content=\"index, follow, max-snippet:-1, max-image-preview:large, max-video-preview:-1\" \/>\n<link rel=\"canonical\" href=\"https:\/\/folhapopular.info\/index.php\/2026\/03\/09\/participacao-feminina-no-mercado-de-trabalho-cresce-no-estado\/\" \/>\n<meta property=\"og:locale\" content=\"pt_BR\" \/>\n<meta property=\"og:type\" content=\"article\" \/>\n<meta property=\"og:title\" content=\"Participa\u00e7\u00e3o feminina no mercado de trabalho cresce no estado - Folha Popular\" \/>\n<meta property=\"og:description\" content=\"A participa\u00e7\u00e3o das mulheres no mercado de trabalho do Rio Grande do Sul chegou a 58,5% em 2024. No mesmo ano, a taxa de desemprego feminina caiu para 6,2%, o menor n\u00edvel da s\u00e9rie hist\u00f3rica no estado e abaixo da m\u00e9dia nacional, de 8,1%. Os n\u00fameros indicam recupera\u00e7\u00e3o ap\u00f3s as oscila\u00e7\u00f5es registradas durante e ap\u00f3s [&hellip;]\" \/>\n<meta property=\"og:url\" content=\"https:\/\/folhapopular.info\/index.php\/2026\/03\/09\/participacao-feminina-no-mercado-de-trabalho-cresce-no-estado\/\" \/>\n<meta property=\"og:site_name\" content=\"Folha Popular\" \/>\n<meta property=\"article:published_time\" content=\"2026-03-09T16:00:00+00:00\" \/>\n<meta property=\"og:image\" content=\"https:\/\/folhapopular.info\/wp-content\/uploads\/2024\/01\/carteira-de-trabalho-digital-mcamgo-abr-240620211818-2-1.webp\" \/>\n\t<meta property=\"og:image:width\" content=\"984\" \/>\n\t<meta property=\"og:image:height\" content=\"738\" \/>\n\t<meta property=\"og:image:type\" content=\"image\/webp\" \/>\n<meta name=\"author\" content=\"Reda\u00e7\u00e3o Folha Popular\" \/>\n<meta name=\"twitter:card\" content=\"summary_large_image\" \/>\n<meta name=\"twitter:label1\" content=\"Escrito por\" \/>\n\t<meta name=\"twitter:data1\" content=\"Reda\u00e7\u00e3o Folha Popular\" \/>\n\t<meta name=\"twitter:label2\" content=\"Est. tempo de leitura\" \/>\n\t<meta name=\"twitter:data2\" content=\"2 minutos\" \/>\n<script type=\"application\/ld+json\" class=\"yoast-schema-graph\">{\"@context\":\"https:\\\/\\\/schema.org\",\"@graph\":[{\"@type\":\"Article\",\"@id\":\"https:\\\/\\\/folhapopular.info\\\/index.php\\\/2026\\\/03\\\/09\\\/participacao-feminina-no-mercado-de-trabalho-cresce-no-estado\\\/#article\",\"isPartOf\":{\"@id\":\"https:\\\/\\\/folhapopular.info\\\/index.php\\\/2026\\\/03\\\/09\\\/participacao-feminina-no-mercado-de-trabalho-cresce-no-estado\\\/\"},\"author\":{\"name\":\"Reda\u00e7\u00e3o Folha Popular\",\"@id\":\"https:\\\/\\\/folhapopular.info\\\/#\\\/schema\\\/person\\\/2814e8a0df7643585a9ca38bc6eb9d4b\"},\"headline\":\"Participa\u00e7\u00e3o feminina no mercado de trabalho cresce no estado\",\"datePublished\":\"2026-03-09T16:00:00+00:00\",\"mainEntityOfPage\":{\"@id\":\"https:\\\/\\\/folhapopular.info\\\/index.php\\\/2026\\\/03\\\/09\\\/participacao-feminina-no-mercado-de-trabalho-cresce-no-estado\\\/\"},\"wordCount\":347,\"commentCount\":0,\"image\":{\"@id\":\"https:\\\/\\\/folhapopular.info\\\/index.php\\\/2026\\\/03\\\/09\\\/participacao-feminina-no-mercado-de-trabalho-cresce-no-estado\\\/#primaryimage\"},\"thumbnailUrl\":\"https:\\\/\\\/folhapopular.info\\\/wp-content\\\/uploads\\\/2024\\\/01\\\/carteira-de-trabalho-digital-mcamgo-abr-240620211818-2-1.webp\",\"keywords\":[\"Mercado de Trabalho\",\"Participa\u00e7\u00e3o feminina\",\"Rio Grande do Sul\",\"trabalho\"],\"articleSection\":[\"Destaques\",\"Economia\"],\"inLanguage\":\"pt-BR\",\"potentialAction\":[{\"@type\":\"CommentAction\",\"name\":\"Comment\",\"target\":[\"https:\\\/\\\/folhapopular.info\\\/index.php\\\/2026\\\/03\\\/09\\\/participacao-feminina-no-mercado-de-trabalho-cresce-no-estado\\\/#respond\"]}]},{\"@type\":\"WebPage\",\"@id\":\"https:\\\/\\\/folhapopular.info\\\/index.php\\\/2026\\\/03\\\/09\\\/participacao-feminina-no-mercado-de-trabalho-cresce-no-estado\\\/\",\"url\":\"https:\\\/\\\/folhapopular.info\\\/index.php\\\/2026\\\/03\\\/09\\\/participacao-feminina-no-mercado-de-trabalho-cresce-no-estado\\\/\",\"name\":\"Participa\u00e7\u00e3o feminina no mercado de trabalho cresce no estado - Folha Popular\",\"isPartOf\":{\"@id\":\"https:\\\/\\\/folhapopular.info\\\/#website\"},\"primaryImageOfPage\":{\"@id\":\"https:\\\/\\\/folhapopular.info\\\/index.php\\\/2026\\\/03\\\/09\\\/participacao-feminina-no-mercado-de-trabalho-cresce-no-estado\\\/#primaryimage\"},\"image\":{\"@id\":\"https:\\\/\\\/folhapopular.info\\\/index.php\\\/2026\\\/03\\\/09\\\/participacao-feminina-no-mercado-de-trabalho-cresce-no-estado\\\/#primaryimage\"},\"thumbnailUrl\":\"https:\\\/\\\/folhapopular.info\\\/wp-content\\\/uploads\\\/2024\\\/01\\\/carteira-de-trabalho-digital-mcamgo-abr-240620211818-2-1.webp\",\"datePublished\":\"2026-03-09T16:00:00+00:00\",\"author\":{\"@id\":\"https:\\\/\\\/folhapopular.info\\\/#\\\/schema\\\/person\\\/2814e8a0df7643585a9ca38bc6eb9d4b\"},\"breadcrumb\":{\"@id\":\"https:\\\/\\\/folhapopular.info\\\/index.php\\\/2026\\\/03\\\/09\\\/participacao-feminina-no-mercado-de-trabalho-cresce-no-estado\\\/#breadcrumb\"},\"inLanguage\":\"pt-BR\",\"potentialAction\":[{\"@type\":\"ReadAction\",\"target\":[\"https:\\\/\\\/folhapopular.info\\\/index.php\\\/2026\\\/03\\\/09\\\/participacao-feminina-no-mercado-de-trabalho-cresce-no-estado\\\/\"]}]},{\"@type\":\"ImageObject\",\"inLanguage\":\"pt-BR\",\"@id\":\"https:\\\/\\\/folhapopular.info\\\/index.php\\\/2026\\\/03\\\/09\\\/participacao-feminina-no-mercado-de-trabalho-cresce-no-estado\\\/#primaryimage\",\"url\":\"https:\\\/\\\/folhapopular.info\\\/wp-content\\\/uploads\\\/2024\\\/01\\\/carteira-de-trabalho-digital-mcamgo-abr-240620211818-2-1.webp\",\"contentUrl\":\"https:\\\/\\\/folhapopular.info\\\/wp-content\\\/uploads\\\/2024\\\/01\\\/carteira-de-trabalho-digital-mcamgo-abr-240620211818-2-1.webp\",\"width\":984,\"height\":738,\"caption\":\"Cr\u00e9dito: Marcelo Camargo \\\/ Ag\u00eancia Brasil\"},{\"@type\":\"BreadcrumbList\",\"@id\":\"https:\\\/\\\/folhapopular.info\\\/index.php\\\/2026\\\/03\\\/09\\\/participacao-feminina-no-mercado-de-trabalho-cresce-no-estado\\\/#breadcrumb\",\"itemListElement\":[{\"@type\":\"ListItem\",\"position\":1,\"name\":\"In\u00edcio\",\"item\":\"https:\\\/\\\/folhapopular.info\\\/\"},{\"@type\":\"ListItem\",\"position\":2,\"name\":\"Participa\u00e7\u00e3o feminina no mercado de trabalho cresce no estado\"}]},{\"@type\":\"WebSite\",\"@id\":\"https:\\\/\\\/folhapopular.info\\\/#website\",\"url\":\"https:\\\/\\\/folhapopular.info\\\/\",\"name\":\"Folha Popular\",\"description\":\"Onde voc\u00ea tem vez e voz\",\"potentialAction\":[{\"@type\":\"SearchAction\",\"target\":{\"@type\":\"EntryPoint\",\"urlTemplate\":\"https:\\\/\\\/folhapopular.info\\\/?s={search_term_string}\"},\"query-input\":{\"@type\":\"PropertyValueSpecification\",\"valueRequired\":true,\"valueName\":\"search_term_string\"}}],\"inLanguage\":\"pt-BR\"},{\"@type\":\"Person\",\"@id\":\"https:\\\/\\\/folhapopular.info\\\/#\\\/schema\\\/person\\\/2814e8a0df7643585a9ca38bc6eb9d4b\",\"name\":\"Reda\u00e7\u00e3o Folha Popular\",\"image\":{\"@type\":\"ImageObject\",\"inLanguage\":\"pt-BR\",\"@id\":\"https:\\\/\\\/folhapopular.info\\\/wp-content\\\/uploads\\\/2026\\\/04\\\/Folha-1.webp\",\"url\":\"https:\\\/\\\/folhapopular.info\\\/wp-content\\\/uploads\\\/2026\\\/04\\\/Folha-1.webp\",\"contentUrl\":\"https:\\\/\\\/folhapopular.info\\\/wp-content\\\/uploads\\\/2026\\\/04\\\/Folha-1.webp\",\"caption\":\"Reda\u00e7\u00e3o Folha Popular\"},\"url\":\"https:\\\/\\\/folhapopular.info\\\/index.php\\\/author\\\/redacao\\\/\"}]}<\/script>\n<!-- \/ Yoast SEO plugin. -->","yoast_head_json":{"title":"Participa\u00e7\u00e3o feminina no mercado de trabalho cresce no estado - Folha Popular","robots":{"index":"index","follow":"follow","max-snippet":"max-snippet:-1","max-image-preview":"max-image-preview:large","max-video-preview":"max-video-preview:-1"},"canonical":"https:\/\/folhapopular.info\/index.php\/2026\/03\/09\/participacao-feminina-no-mercado-de-trabalho-cresce-no-estado\/","og_locale":"pt_BR","og_type":"article","og_title":"Participa\u00e7\u00e3o feminina no mercado de trabalho cresce no estado - Folha Popular","og_description":"A participa\u00e7\u00e3o das mulheres no mercado de trabalho do Rio Grande do Sul chegou a 58,5% em 2024. No mesmo ano, a taxa de desemprego feminina caiu para 6,2%, o menor n\u00edvel da s\u00e9rie hist\u00f3rica no estado e abaixo da m\u00e9dia nacional, de 8,1%. Os n\u00fameros indicam recupera\u00e7\u00e3o ap\u00f3s as oscila\u00e7\u00f5es registradas durante e ap\u00f3s [&hellip;]","og_url":"https:\/\/folhapopular.info\/index.php\/2026\/03\/09\/participacao-feminina-no-mercado-de-trabalho-cresce-no-estado\/","og_site_name":"Folha Popular","article_published_time":"2026-03-09T16:00:00+00:00","og_image":[{"width":984,"height":738,"url":"https:\/\/folhapopular.info\/wp-content\/uploads\/2024\/01\/carteira-de-trabalho-digital-mcamgo-abr-240620211818-2-1.webp","type":"image\/webp"}],"author":"Reda\u00e7\u00e3o Folha Popular","twitter_card":"summary_large_image","twitter_misc":{"Escrito por":"Reda\u00e7\u00e3o Folha Popular","Est. tempo de leitura":"2 minutos"},"schema":{"@context":"https:\/\/schema.org","@graph":[{"@type":"Article","@id":"https:\/\/folhapopular.info\/index.php\/2026\/03\/09\/participacao-feminina-no-mercado-de-trabalho-cresce-no-estado\/#article","isPartOf":{"@id":"https:\/\/folhapopular.info\/index.php\/2026\/03\/09\/participacao-feminina-no-mercado-de-trabalho-cresce-no-estado\/"},"author":{"name":"Reda\u00e7\u00e3o Folha Popular","@id":"https:\/\/folhapopular.info\/#\/schema\/person\/2814e8a0df7643585a9ca38bc6eb9d4b"},"headline":"Participa\u00e7\u00e3o feminina no mercado de trabalho cresce no estado","datePublished":"2026-03-09T16:00:00+00:00","mainEntityOfPage":{"@id":"https:\/\/folhapopular.info\/index.php\/2026\/03\/09\/participacao-feminina-no-mercado-de-trabalho-cresce-no-estado\/"},"wordCount":347,"commentCount":0,"image":{"@id":"https:\/\/folhapopular.info\/index.php\/2026\/03\/09\/participacao-feminina-no-mercado-de-trabalho-cresce-no-estado\/#primaryimage"},"thumbnailUrl":"https:\/\/folhapopular.info\/wp-content\/uploads\/2024\/01\/carteira-de-trabalho-digital-mcamgo-abr-240620211818-2-1.webp","keywords":["Mercado de Trabalho","Participa\u00e7\u00e3o feminina","Rio Grande do Sul","trabalho"],"articleSection":["Destaques","Economia"],"inLanguage":"pt-BR","potentialAction":[{"@type":"CommentAction","name":"Comment","target":["https:\/\/folhapopular.info\/index.php\/2026\/03\/09\/participacao-feminina-no-mercado-de-trabalho-cresce-no-estado\/#respond"]}]},{"@type":"WebPage","@id":"https:\/\/folhapopular.info\/index.php\/2026\/03\/09\/participacao-feminina-no-mercado-de-trabalho-cresce-no-estado\/","url":"https:\/\/folhapopular.info\/index.php\/2026\/03\/09\/participacao-feminina-no-mercado-de-trabalho-cresce-no-estado\/","name":"Participa\u00e7\u00e3o feminina no mercado de trabalho cresce no estado - Folha Popular","isPartOf":{"@id":"https:\/\/folhapopular.info\/#website"},"primaryImageOfPage":{"@id":"https:\/\/folhapopular.info\/index.php\/2026\/03\/09\/participacao-feminina-no-mercado-de-trabalho-cresce-no-estado\/#primaryimage"},"image":{"@id":"https:\/\/folhapopular.info\/index.php\/2026\/03\/09\/participacao-feminina-no-mercado-de-trabalho-cresce-no-estado\/#primaryimage"},"thumbnailUrl":"https:\/\/folhapopular.info\/wp-content\/uploads\/2024\/01\/carteira-de-trabalho-digital-mcamgo-abr-240620211818-2-1.webp","datePublished":"2026-03-09T16:00:00+00:00","author":{"@id":"https:\/\/folhapopular.info\/#\/schema\/person\/2814e8a0df7643585a9ca38bc6eb9d4b"},"breadcrumb":{"@id":"https:\/\/folhapopular.info\/index.php\/2026\/03\/09\/participacao-feminina-no-mercado-de-trabalho-cresce-no-estado\/#breadcrumb"},"inLanguage":"pt-BR","potentialAction":[{"@type":"ReadAction","target":["https:\/\/folhapopular.info\/index.php\/2026\/03\/09\/participacao-feminina-no-mercado-de-trabalho-cresce-no-estado\/"]}]},{"@type":"ImageObject","inLanguage":"pt-BR","@id":"https:\/\/folhapopular.info\/index.php\/2026\/03\/09\/participacao-feminina-no-mercado-de-trabalho-cresce-no-estado\/#primaryimage","url":"https:\/\/folhapopular.info\/wp-content\/uploads\/2024\/01\/carteira-de-trabalho-digital-mcamgo-abr-240620211818-2-1.webp","contentUrl":"https:\/\/folhapopular.info\/wp-content\/uploads\/2024\/01\/carteira-de-trabalho-digital-mcamgo-abr-240620211818-2-1.webp","width":984,"height":738,"caption":"Cr\u00e9dito: Marcelo Camargo \/ Ag\u00eancia Brasil"},{"@type":"BreadcrumbList","@id":"https:\/\/folhapopular.info\/index.php\/2026\/03\/09\/participacao-feminina-no-mercado-de-trabalho-cresce-no-estado\/#breadcrumb","itemListElement":[{"@type":"ListItem","position":1,"name":"In\u00edcio","item":"https:\/\/folhapopular.info\/"},{"@type":"ListItem","position":2,"name":"Participa\u00e7\u00e3o feminina no mercado de trabalho cresce no estado"}]},{"@type":"WebSite","@id":"https:\/\/folhapopular.info\/#website","url":"https:\/\/folhapopular.info\/","name":"Folha Popular","description":"Onde voc\u00ea tem vez e voz","potentialAction":[{"@type":"SearchAction","target":{"@type":"EntryPoint","urlTemplate":"https:\/\/folhapopular.info\/?s={search_term_string}"},"query-input":{"@type":"PropertyValueSpecification","valueRequired":true,"valueName":"search_term_string"}}],"inLanguage":"pt-BR"},{"@type":"Person","@id":"https:\/\/folhapopular.info\/#\/schema\/person\/2814e8a0df7643585a9ca38bc6eb9d4b","name":"Reda\u00e7\u00e3o Folha Popular","image":{"@type":"ImageObject","inLanguage":"pt-BR","@id":"https:\/\/folhapopular.info\/wp-content\/uploads\/2026\/04\/Folha-1.webp","url":"https:\/\/folhapopular.info\/wp-content\/uploads\/2026\/04\/Folha-1.webp","contentUrl":"https:\/\/folhapopular.info\/wp-content\/uploads\/2026\/04\/Folha-1.webp","caption":"Reda\u00e7\u00e3o Folha Popular"},"url":"https:\/\/folhapopular.info\/index.php\/author\/redacao\/"}]}},"jetpack_featured_media_url":"https:\/\/folhapopular.info\/wp-content\/uploads\/2024\/01\/carteira-de-trabalho-digital-mcamgo-abr-240620211818-2-1.webp","jetpack_sharing_enabled":true,"amp_enabled":true,"_links":{"self":[{"href":"https:\/\/folhapopular.info\/index.php\/wp-json\/wp\/v2\/posts\/205417","targetHints":{"allow":["GET"]}}],"collection":[{"href":"https:\/\/folhapopular.info\/index.php\/wp-json\/wp\/v2\/posts"}],"about":[{"href":"https:\/\/folhapopular.info\/index.php\/wp-json\/wp\/v2\/types\/post"}],"author":[{"embeddable":true,"href":"https:\/\/folhapopular.info\/index.php\/wp-json\/wp\/v2\/users\/8"}],"replies":[{"embeddable":true,"href":"https:\/\/folhapopular.info\/index.php\/wp-json\/wp\/v2\/comments?post=205417"}],"version-history":[{"count":0,"href":"https:\/\/folhapopular.info\/index.php\/wp-json\/wp\/v2\/posts\/205417\/revisions"}],"wp:featuredmedia":[{"embeddable":true,"href":"https:\/\/folhapopular.info\/index.php\/wp-json\/wp\/v2\/media\/149198"}],"wp:attachment":[{"href":"https:\/\/folhapopular.info\/index.php\/wp-json\/wp\/v2\/media?parent=205417"}],"wp:term":[{"taxonomy":"category","embeddable":true,"href":"https:\/\/folhapopular.info\/index.php\/wp-json\/wp\/v2\/categories?post=205417"},{"taxonomy":"post_tag","embeddable":true,"href":"https:\/\/folhapopular.info\/index.php\/wp-json\/wp\/v2\/tags?post=205417"}],"curies":[{"name":"wp","href":"https:\/\/api.w.org\/{rel}","templated":true}]}}