{"id":205425,"date":"2026-03-09T11:24:43","date_gmt":"2026-03-09T14:24:43","guid":{"rendered":"https:\/\/folhapopular.info\/?p=205425"},"modified":"2026-03-09T11:24:45","modified_gmt":"2026-03-09T14:24:45","slug":"equipes-de-resgate-realizam-buscas-por-homem-desaparecido-na-lagoa-dos-patos","status":"publish","type":"post","link":"https:\/\/folhapopular.info\/index.php\/2026\/03\/09\/equipes-de-resgate-realizam-buscas-por-homem-desaparecido-na-lagoa-dos-patos\/","title":{"rendered":"Equipes de resgate realizam buscas por homem desaparecido na Lagoa dos Patos"},"content":{"rendered":"\n<p>Equipes de resgate seguem mobilizadas nas buscas por Vagner Folmer Gon\u00e7alves, de 35 anos, morador de Teut\u00f4nia e servidor da Secretaria da Sa\u00fade de Estrela. Ele est\u00e1 desaparecido desde o final da manh\u00e3 de s\u00e1bado (7\/3), ap\u00f3s entrar na Lagoa dos Patos, em Tapes, na chamada costa doce.<\/p>\n\n\n\n<p>Conforme familiares, Gon\u00e7alves entrou na \u00e1gua por volta das 11h utilizando uma prancha, em uma \u00e1rea pr\u00f3xima a um camping, mas n\u00e3o retornou ao ponto de partida. O desaparecimento foi percebido horas depois e comunicado \u00e0s autoridades.<\/p>\n\n\n\n<p>O Corpo de Bombeiros Volunt\u00e1rios de Tapes iniciou as buscas por volta das 16h de s\u00e1bado. As opera\u00e7\u00f5es se estenderam at\u00e9 a noite e foram retomadas na manh\u00e3 de domingo (8\/3), com refor\u00e7o de equipes do Corpo de Bombeiros Militar, mergulhadores e outros profissionais de resgate.<\/p>\n\n\n\n<p>Drones e helic\u00f3pteros tamb\u00e9m foram mobilizados para ampliar a \u00e1rea de varredura, por\u00e9m at\u00e9 o momento o homem n\u00e3o foi localizado.<\/p>\n\n\n\n<p>As condi\u00e7\u00f5es clim\u00e1ticas, com vento forte e ondas na Lagoa dos Patos, dificultam os trabalhos. As buscas permanecem concentradas na regi\u00e3o onde o desaparecimento foi registrado, com equipes de Tapes e Camaqu\u00e3 atuando de forma integrada.<\/p>\n\n\n\n<p>Informa\u00e7\u00f5es preliminares indicam que Vagner Folmer Gon\u00e7alves atua como motorista do Servi\u00e7o de Atendimento M\u00f3vel de Urg\u00eancia (Samu) de Lajeado e tamb\u00e9m trabalha no Posto Central de Estrela.<\/p>\n","protected":false},"excerpt":{"rendered":"<p>Equipes de resgate seguem mobilizadas nas buscas por Vagner Folmer Gon\u00e7alves, de 35 anos, morador de Teut\u00f4nia e servidor da Secretaria da Sa\u00fade de Estrela. Ele est\u00e1 desaparecido desde o final da manh\u00e3 de s\u00e1bado (7\/3), ap\u00f3s entrar na Lagoa dos Patos, em Tapes, na chamada costa doce. Conforme familiares, Gon\u00e7alves entrou na \u00e1gua por [&hellip;]<\/p>\n","protected":false},"author":8,"featured_media":205426,"comment_status":"open","ping_status":"open","sticky":false,"template":"","format":"standard","meta":{"pmpro_default_level":"","_jetpack_memberships_contains_paid_content":false,"footnotes":""},"categories":[10984,7],"tags":[20073,20714,18856,20715],"class_list":{"0":"post-205425","1":"post","2":"type-post","3":"status-publish","4":"format-standard","5":"has-post-thumbnail","7":"category-bombeiros","8":"category-seguranca","9":"tag-homem-desaparecido","10":"tag-lagoa-dos-patos","11":"tag-morador-de-teutonia","12":"tag-vagner","13":"pmpro-has-access"},"yoast_head":"<!-- This site is optimized with the Yoast SEO plugin v27.5 - https:\/\/yoast.com\/product\/yoast-seo-wordpress\/ -->\n<title>Equipes de resgate realizam buscas por homem desaparecido na Lagoa dos Patos - Folha Popular<\/title>\n<meta name=\"robots\" content=\"index, follow, max-snippet:-1, max-image-preview:large, max-video-preview:-1\" \/>\n<link rel=\"canonical\" href=\"https:\/\/folhapopular.info\/index.php\/2026\/03\/09\/equipes-de-resgate-realizam-buscas-por-homem-desaparecido-na-lagoa-dos-patos\/\" \/>\n<meta property=\"og:locale\" content=\"pt_BR\" \/>\n<meta property=\"og:type\" content=\"article\" \/>\n<meta property=\"og:title\" content=\"Equipes de resgate realizam buscas por homem desaparecido na Lagoa dos Patos - Folha Popular\" \/>\n<meta property=\"og:description\" content=\"Equipes de resgate seguem mobilizadas nas buscas por Vagner Folmer Gon\u00e7alves, de 35 anos, morador de Teut\u00f4nia e servidor da Secretaria da Sa\u00fade de Estrela. Ele est\u00e1 desaparecido desde o final da manh\u00e3 de s\u00e1bado (7\/3), ap\u00f3s entrar na Lagoa dos Patos, em Tapes, na chamada costa doce. Conforme familiares, Gon\u00e7alves entrou na \u00e1gua por [&hellip;]\" \/>\n<meta property=\"og:url\" content=\"https:\/\/folhapopular.info\/index.php\/2026\/03\/09\/equipes-de-resgate-realizam-buscas-por-homem-desaparecido-na-lagoa-dos-patos\/\" \/>\n<meta property=\"og:site_name\" content=\"Folha Popular\" \/>\n<meta property=\"article:published_time\" content=\"2026-03-09T14:24:43+00:00\" \/>\n<meta property=\"article:modified_time\" content=\"2026-03-09T14:24:45+00:00\" \/>\n<meta property=\"og:image\" content=\"http:\/\/folhapopular.info\/wp-content\/uploads\/2026\/03\/Vagner-Folmer-Goncalves.png\" \/>\n\t<meta property=\"og:image:width\" content=\"1920\" \/>\n\t<meta property=\"og:image:height\" content=\"1080\" \/>\n\t<meta property=\"og:image:type\" content=\"image\/png\" \/>\n<meta name=\"author\" content=\"Reda\u00e7\u00e3o Folha Popular\" \/>\n<meta name=\"twitter:card\" content=\"summary_large_image\" \/>\n<meta name=\"twitter:label1\" content=\"Escrito por\" \/>\n\t<meta name=\"twitter:data1\" content=\"Reda\u00e7\u00e3o Folha Popular\" \/>\n\t<meta name=\"twitter:label2\" content=\"Est. tempo de leitura\" \/>\n\t<meta name=\"twitter:data2\" content=\"2 minutos\" \/>\n<script type=\"application\/ld+json\" class=\"yoast-schema-graph\">{\"@context\":\"https:\\\/\\\/schema.org\",\"@graph\":[{\"@type\":\"Article\",\"@id\":\"https:\\\/\\\/folhapopular.info\\\/index.php\\\/2026\\\/03\\\/09\\\/equipes-de-resgate-realizam-buscas-por-homem-desaparecido-na-lagoa-dos-patos\\\/#article\",\"isPartOf\":{\"@id\":\"https:\\\/\\\/folhapopular.info\\\/index.php\\\/2026\\\/03\\\/09\\\/equipes-de-resgate-realizam-buscas-por-homem-desaparecido-na-lagoa-dos-patos\\\/\"},\"author\":{\"name\":\"Reda\u00e7\u00e3o Folha Popular\",\"@id\":\"https:\\\/\\\/folhapopular.info\\\/#\\\/schema\\\/person\\\/2814e8a0df7643585a9ca38bc6eb9d4b\"},\"headline\":\"Equipes de resgate realizam buscas por homem desaparecido na Lagoa dos Patos\",\"datePublished\":\"2026-03-09T14:24:43+00:00\",\"dateModified\":\"2026-03-09T14:24:45+00:00\",\"mainEntityOfPage\":{\"@id\":\"https:\\\/\\\/folhapopular.info\\\/index.php\\\/2026\\\/03\\\/09\\\/equipes-de-resgate-realizam-buscas-por-homem-desaparecido-na-lagoa-dos-patos\\\/\"},\"wordCount\":250,\"commentCount\":0,\"image\":{\"@id\":\"https:\\\/\\\/folhapopular.info\\\/index.php\\\/2026\\\/03\\\/09\\\/equipes-de-resgate-realizam-buscas-por-homem-desaparecido-na-lagoa-dos-patos\\\/#primaryimage\"},\"thumbnailUrl\":\"https:\\\/\\\/folhapopular.info\\\/wp-content\\\/uploads\\\/2026\\\/03\\\/Vagner-Folmer-Goncalves.png\",\"keywords\":[\"homem desaparecido\",\"lagoa dos patos\",\"morador de teut\u00f4nia\",\"vagner\"],\"articleSection\":[\"Bombeiros\",\"Seguran\u00e7a\"],\"inLanguage\":\"pt-BR\",\"potentialAction\":[{\"@type\":\"CommentAction\",\"name\":\"Comment\",\"target\":[\"https:\\\/\\\/folhapopular.info\\\/index.php\\\/2026\\\/03\\\/09\\\/equipes-de-resgate-realizam-buscas-por-homem-desaparecido-na-lagoa-dos-patos\\\/#respond\"]}]},{\"@type\":\"WebPage\",\"@id\":\"https:\\\/\\\/folhapopular.info\\\/index.php\\\/2026\\\/03\\\/09\\\/equipes-de-resgate-realizam-buscas-por-homem-desaparecido-na-lagoa-dos-patos\\\/\",\"url\":\"https:\\\/\\\/folhapopular.info\\\/index.php\\\/2026\\\/03\\\/09\\\/equipes-de-resgate-realizam-buscas-por-homem-desaparecido-na-lagoa-dos-patos\\\/\",\"name\":\"Equipes de resgate realizam buscas por homem desaparecido na Lagoa dos Patos - Folha Popular\",\"isPartOf\":{\"@id\":\"https:\\\/\\\/folhapopular.info\\\/#website\"},\"primaryImageOfPage\":{\"@id\":\"https:\\\/\\\/folhapopular.info\\\/index.php\\\/2026\\\/03\\\/09\\\/equipes-de-resgate-realizam-buscas-por-homem-desaparecido-na-lagoa-dos-patos\\\/#primaryimage\"},\"image\":{\"@id\":\"https:\\\/\\\/folhapopular.info\\\/index.php\\\/2026\\\/03\\\/09\\\/equipes-de-resgate-realizam-buscas-por-homem-desaparecido-na-lagoa-dos-patos\\\/#primaryimage\"},\"thumbnailUrl\":\"https:\\\/\\\/folhapopular.info\\\/wp-content\\\/uploads\\\/2026\\\/03\\\/Vagner-Folmer-Goncalves.png\",\"datePublished\":\"2026-03-09T14:24:43+00:00\",\"dateModified\":\"2026-03-09T14:24:45+00:00\",\"author\":{\"@id\":\"https:\\\/\\\/folhapopular.info\\\/#\\\/schema\\\/person\\\/2814e8a0df7643585a9ca38bc6eb9d4b\"},\"breadcrumb\":{\"@id\":\"https:\\\/\\\/folhapopular.info\\\/index.php\\\/2026\\\/03\\\/09\\\/equipes-de-resgate-realizam-buscas-por-homem-desaparecido-na-lagoa-dos-patos\\\/#breadcrumb\"},\"inLanguage\":\"pt-BR\",\"potentialAction\":[{\"@type\":\"ReadAction\",\"target\":[\"https:\\\/\\\/folhapopular.info\\\/index.php\\\/2026\\\/03\\\/09\\\/equipes-de-resgate-realizam-buscas-por-homem-desaparecido-na-lagoa-dos-patos\\\/\"]}]},{\"@type\":\"ImageObject\",\"inLanguage\":\"pt-BR\",\"@id\":\"https:\\\/\\\/folhapopular.info\\\/index.php\\\/2026\\\/03\\\/09\\\/equipes-de-resgate-realizam-buscas-por-homem-desaparecido-na-lagoa-dos-patos\\\/#primaryimage\",\"url\":\"https:\\\/\\\/folhapopular.info\\\/wp-content\\\/uploads\\\/2026\\\/03\\\/Vagner-Folmer-Goncalves.png\",\"contentUrl\":\"https:\\\/\\\/folhapopular.info\\\/wp-content\\\/uploads\\\/2026\\\/03\\\/Vagner-Folmer-Goncalves.png\",\"width\":1920,\"height\":1080},{\"@type\":\"BreadcrumbList\",\"@id\":\"https:\\\/\\\/folhapopular.info\\\/index.php\\\/2026\\\/03\\\/09\\\/equipes-de-resgate-realizam-buscas-por-homem-desaparecido-na-lagoa-dos-patos\\\/#breadcrumb\",\"itemListElement\":[{\"@type\":\"ListItem\",\"position\":1,\"name\":\"In\u00edcio\",\"item\":\"https:\\\/\\\/folhapopular.info\\\/\"},{\"@type\":\"ListItem\",\"position\":2,\"name\":\"Equipes de resgate realizam buscas por homem desaparecido na Lagoa dos Patos\"}]},{\"@type\":\"WebSite\",\"@id\":\"https:\\\/\\\/folhapopular.info\\\/#website\",\"url\":\"https:\\\/\\\/folhapopular.info\\\/\",\"name\":\"Folha Popular\",\"description\":\"Onde voc\u00ea tem vez e voz\",\"potentialAction\":[{\"@type\":\"SearchAction\",\"target\":{\"@type\":\"EntryPoint\",\"urlTemplate\":\"https:\\\/\\\/folhapopular.info\\\/?s={search_term_string}\"},\"query-input\":{\"@type\":\"PropertyValueSpecification\",\"valueRequired\":true,\"valueName\":\"search_term_string\"}}],\"inLanguage\":\"pt-BR\"},{\"@type\":\"Person\",\"@id\":\"https:\\\/\\\/folhapopular.info\\\/#\\\/schema\\\/person\\\/2814e8a0df7643585a9ca38bc6eb9d4b\",\"name\":\"Reda\u00e7\u00e3o Folha Popular\",\"image\":{\"@type\":\"ImageObject\",\"inLanguage\":\"pt-BR\",\"@id\":\"https:\\\/\\\/folhapopular.info\\\/wp-content\\\/uploads\\\/2026\\\/04\\\/Folha-1.webp\",\"url\":\"https:\\\/\\\/folhapopular.info\\\/wp-content\\\/uploads\\\/2026\\\/04\\\/Folha-1.webp\",\"contentUrl\":\"https:\\\/\\\/folhapopular.info\\\/wp-content\\\/uploads\\\/2026\\\/04\\\/Folha-1.webp\",\"caption\":\"Reda\u00e7\u00e3o Folha Popular\"},\"url\":\"https:\\\/\\\/folhapopular.info\\\/index.php\\\/author\\\/redacao\\\/\"}]}<\/script>\n<!-- \/ Yoast SEO plugin. -->","yoast_head_json":{"title":"Equipes de resgate realizam buscas por homem desaparecido na Lagoa dos Patos - Folha Popular","robots":{"index":"index","follow":"follow","max-snippet":"max-snippet:-1","max-image-preview":"max-image-preview:large","max-video-preview":"max-video-preview:-1"},"canonical":"https:\/\/folhapopular.info\/index.php\/2026\/03\/09\/equipes-de-resgate-realizam-buscas-por-homem-desaparecido-na-lagoa-dos-patos\/","og_locale":"pt_BR","og_type":"article","og_title":"Equipes de resgate realizam buscas por homem desaparecido na Lagoa dos Patos - Folha Popular","og_description":"Equipes de resgate seguem mobilizadas nas buscas por Vagner Folmer Gon\u00e7alves, de 35 anos, morador de Teut\u00f4nia e servidor da Secretaria da Sa\u00fade de Estrela. Ele est\u00e1 desaparecido desde o final da manh\u00e3 de s\u00e1bado (7\/3), ap\u00f3s entrar na Lagoa dos Patos, em Tapes, na chamada costa doce. Conforme familiares, Gon\u00e7alves entrou na \u00e1gua por [&hellip;]","og_url":"https:\/\/folhapopular.info\/index.php\/2026\/03\/09\/equipes-de-resgate-realizam-buscas-por-homem-desaparecido-na-lagoa-dos-patos\/","og_site_name":"Folha Popular","article_published_time":"2026-03-09T14:24:43+00:00","article_modified_time":"2026-03-09T14:24:45+00:00","og_image":[{"width":1920,"height":1080,"url":"http:\/\/folhapopular.info\/wp-content\/uploads\/2026\/03\/Vagner-Folmer-Goncalves.png","type":"image\/png"}],"author":"Reda\u00e7\u00e3o Folha Popular","twitter_card":"summary_large_image","twitter_misc":{"Escrito por":"Reda\u00e7\u00e3o Folha Popular","Est. tempo de leitura":"2 minutos"},"schema":{"@context":"https:\/\/schema.org","@graph":[{"@type":"Article","@id":"https:\/\/folhapopular.info\/index.php\/2026\/03\/09\/equipes-de-resgate-realizam-buscas-por-homem-desaparecido-na-lagoa-dos-patos\/#article","isPartOf":{"@id":"https:\/\/folhapopular.info\/index.php\/2026\/03\/09\/equipes-de-resgate-realizam-buscas-por-homem-desaparecido-na-lagoa-dos-patos\/"},"author":{"name":"Reda\u00e7\u00e3o Folha Popular","@id":"https:\/\/folhapopular.info\/#\/schema\/person\/2814e8a0df7643585a9ca38bc6eb9d4b"},"headline":"Equipes de resgate realizam buscas por homem desaparecido na Lagoa dos Patos","datePublished":"2026-03-09T14:24:43+00:00","dateModified":"2026-03-09T14:24:45+00:00","mainEntityOfPage":{"@id":"https:\/\/folhapopular.info\/index.php\/2026\/03\/09\/equipes-de-resgate-realizam-buscas-por-homem-desaparecido-na-lagoa-dos-patos\/"},"wordCount":250,"commentCount":0,"image":{"@id":"https:\/\/folhapopular.info\/index.php\/2026\/03\/09\/equipes-de-resgate-realizam-buscas-por-homem-desaparecido-na-lagoa-dos-patos\/#primaryimage"},"thumbnailUrl":"https:\/\/folhapopular.info\/wp-content\/uploads\/2026\/03\/Vagner-Folmer-Goncalves.png","keywords":["homem desaparecido","lagoa dos patos","morador de teut\u00f4nia","vagner"],"articleSection":["Bombeiros","Seguran\u00e7a"],"inLanguage":"pt-BR","potentialAction":[{"@type":"CommentAction","name":"Comment","target":["https:\/\/folhapopular.info\/index.php\/2026\/03\/09\/equipes-de-resgate-realizam-buscas-por-homem-desaparecido-na-lagoa-dos-patos\/#respond"]}]},{"@type":"WebPage","@id":"https:\/\/folhapopular.info\/index.php\/2026\/03\/09\/equipes-de-resgate-realizam-buscas-por-homem-desaparecido-na-lagoa-dos-patos\/","url":"https:\/\/folhapopular.info\/index.php\/2026\/03\/09\/equipes-de-resgate-realizam-buscas-por-homem-desaparecido-na-lagoa-dos-patos\/","name":"Equipes de resgate realizam buscas por homem desaparecido na Lagoa dos Patos - Folha Popular","isPartOf":{"@id":"https:\/\/folhapopular.info\/#website"},"primaryImageOfPage":{"@id":"https:\/\/folhapopular.info\/index.php\/2026\/03\/09\/equipes-de-resgate-realizam-buscas-por-homem-desaparecido-na-lagoa-dos-patos\/#primaryimage"},"image":{"@id":"https:\/\/folhapopular.info\/index.php\/2026\/03\/09\/equipes-de-resgate-realizam-buscas-por-homem-desaparecido-na-lagoa-dos-patos\/#primaryimage"},"thumbnailUrl":"https:\/\/folhapopular.info\/wp-content\/uploads\/2026\/03\/Vagner-Folmer-Goncalves.png","datePublished":"2026-03-09T14:24:43+00:00","dateModified":"2026-03-09T14:24:45+00:00","author":{"@id":"https:\/\/folhapopular.info\/#\/schema\/person\/2814e8a0df7643585a9ca38bc6eb9d4b"},"breadcrumb":{"@id":"https:\/\/folhapopular.info\/index.php\/2026\/03\/09\/equipes-de-resgate-realizam-buscas-por-homem-desaparecido-na-lagoa-dos-patos\/#breadcrumb"},"inLanguage":"pt-BR","potentialAction":[{"@type":"ReadAction","target":["https:\/\/folhapopular.info\/index.php\/2026\/03\/09\/equipes-de-resgate-realizam-buscas-por-homem-desaparecido-na-lagoa-dos-patos\/"]}]},{"@type":"ImageObject","inLanguage":"pt-BR","@id":"https:\/\/folhapopular.info\/index.php\/2026\/03\/09\/equipes-de-resgate-realizam-buscas-por-homem-desaparecido-na-lagoa-dos-patos\/#primaryimage","url":"https:\/\/folhapopular.info\/wp-content\/uploads\/2026\/03\/Vagner-Folmer-Goncalves.png","contentUrl":"https:\/\/folhapopular.info\/wp-content\/uploads\/2026\/03\/Vagner-Folmer-Goncalves.png","width":1920,"height":1080},{"@type":"BreadcrumbList","@id":"https:\/\/folhapopular.info\/index.php\/2026\/03\/09\/equipes-de-resgate-realizam-buscas-por-homem-desaparecido-na-lagoa-dos-patos\/#breadcrumb","itemListElement":[{"@type":"ListItem","position":1,"name":"In\u00edcio","item":"https:\/\/folhapopular.info\/"},{"@type":"ListItem","position":2,"name":"Equipes de resgate realizam buscas por homem desaparecido na Lagoa dos Patos"}]},{"@type":"WebSite","@id":"https:\/\/folhapopular.info\/#website","url":"https:\/\/folhapopular.info\/","name":"Folha Popular","description":"Onde voc\u00ea tem vez e voz","potentialAction":[{"@type":"SearchAction","target":{"@type":"EntryPoint","urlTemplate":"https:\/\/folhapopular.info\/?s={search_term_string}"},"query-input":{"@type":"PropertyValueSpecification","valueRequired":true,"valueName":"search_term_string"}}],"inLanguage":"pt-BR"},{"@type":"Person","@id":"https:\/\/folhapopular.info\/#\/schema\/person\/2814e8a0df7643585a9ca38bc6eb9d4b","name":"Reda\u00e7\u00e3o Folha Popular","image":{"@type":"ImageObject","inLanguage":"pt-BR","@id":"https:\/\/folhapopular.info\/wp-content\/uploads\/2026\/04\/Folha-1.webp","url":"https:\/\/folhapopular.info\/wp-content\/uploads\/2026\/04\/Folha-1.webp","contentUrl":"https:\/\/folhapopular.info\/wp-content\/uploads\/2026\/04\/Folha-1.webp","caption":"Reda\u00e7\u00e3o Folha Popular"},"url":"https:\/\/folhapopular.info\/index.php\/author\/redacao\/"}]}},"jetpack_featured_media_url":"https:\/\/folhapopular.info\/wp-content\/uploads\/2026\/03\/Vagner-Folmer-Goncalves.png","jetpack_sharing_enabled":true,"amp_enabled":true,"_links":{"self":[{"href":"https:\/\/folhapopular.info\/index.php\/wp-json\/wp\/v2\/posts\/205425","targetHints":{"allow":["GET"]}}],"collection":[{"href":"https:\/\/folhapopular.info\/index.php\/wp-json\/wp\/v2\/posts"}],"about":[{"href":"https:\/\/folhapopular.info\/index.php\/wp-json\/wp\/v2\/types\/post"}],"author":[{"embeddable":true,"href":"https:\/\/folhapopular.info\/index.php\/wp-json\/wp\/v2\/users\/8"}],"replies":[{"embeddable":true,"href":"https:\/\/folhapopular.info\/index.php\/wp-json\/wp\/v2\/comments?post=205425"}],"version-history":[{"count":0,"href":"https:\/\/folhapopular.info\/index.php\/wp-json\/wp\/v2\/posts\/205425\/revisions"}],"wp:featuredmedia":[{"embeddable":true,"href":"https:\/\/folhapopular.info\/index.php\/wp-json\/wp\/v2\/media\/205426"}],"wp:attachment":[{"href":"https:\/\/folhapopular.info\/index.php\/wp-json\/wp\/v2\/media?parent=205425"}],"wp:term":[{"taxonomy":"category","embeddable":true,"href":"https:\/\/folhapopular.info\/index.php\/wp-json\/wp\/v2\/categories?post=205425"},{"taxonomy":"post_tag","embeddable":true,"href":"https:\/\/folhapopular.info\/index.php\/wp-json\/wp\/v2\/tags?post=205425"}],"curies":[{"name":"wp","href":"https:\/\/api.w.org\/{rel}","templated":true}]}}