{"id":205428,"date":"2026-03-09T11:27:56","date_gmt":"2026-03-09T14:27:56","guid":{"rendered":"https:\/\/folhapopular.info\/?p=205428"},"modified":"2026-03-09T11:27:59","modified_gmt":"2026-03-09T14:27:59","slug":"suspeito-investigado-por-estupro-de-vulneravel-e-conduzido-a-delegacia-apos-violacao-de-perimetro-em-lajeado","status":"publish","type":"post","link":"https:\/\/folhapopular.info\/index.php\/2026\/03\/09\/suspeito-investigado-por-estupro-de-vulneravel-e-conduzido-a-delegacia-apos-violacao-de-perimetro-em-lajeado\/","title":{"rendered":"Suspeito investigado por estupro de vulner\u00e1vel \u00e9 conduzido \u00e0 delegacia ap\u00f3s viola\u00e7\u00e3o de per\u00edmetro em Lajeado"},"content":{"rendered":"\n<p>Um homem foi conduzido \u00e0 Delegacia de Pol\u00edcia de Pronto Atendimento (DPPA) de Lajeado neste domingo (8\/3) ap\u00f3s o sistema de monitoramento eletr\u00f4nico do programa RS Seguro detectar uma poss\u00edvel viola\u00e7\u00e3o de per\u00edmetro de seguran\u00e7a.<\/p>\n\n\n\n<p>O alerta foi emitido por volta das 15h30 pela Central de Monitoramento Eletr\u00f4nico, indicando que o indiv\u00edduo monitorado teria se aproximado de \u00e1reas de inclus\u00e3o e exclus\u00e3o estabelecidas para prote\u00e7\u00e3o da v\u00edtima.<\/p>\n\n\n\n<p>O caso \u00e9 um desdobramento de uma investiga\u00e7\u00e3o iniciada no final de fevereiro, quando o suspeito foi denunciado pelo crime de estupro de vulner\u00e1vel contra uma adolescente com transtorno do espectro autista.<\/p>\n\n\n\n<p>Ap\u00f3s a abordagem da Brigada Militar, o homem alegou que o endere\u00e7o onde estava pertence a um familiar e que seria seu local de resid\u00eancia atual. A ocorr\u00eancia foi registrada inicialmente como fato em tese at\u00edpico, para documentar a proximidade do investigado com as zonas de restri\u00e7\u00e3o determinadas pela Justi\u00e7a.<\/p>\n\n\n\n<p>De acordo com o registro policial, a investiga\u00e7\u00e3o aponta que o suspeito teria utilizado redes sociais para atrair a adolescente at\u00e9 um local p\u00fablico em Bom Retiro do Sul e, ap\u00f3s ganhar a confian\u00e7a da jovem, a levado para um local ermo, onde o crime teria ocorrido.<\/p>\n\n\n\n<p>Segundo relato da fam\u00edlia, a v\u00edtima apresenta dificuldades de rea\u00e7\u00e3o em raz\u00e3o de sua condi\u00e7\u00e3o de sa\u00fade. Ap\u00f3s o fato, foram solicitadas medidas protetivas urgentes, pois o homem ainda tentaria manter contato com a menor por aplicativos de mensagem.<\/p>\n\n\n\n<p>Agora, as autoridades ir\u00e3o avaliar se a presen\u00e7a do suspeito no endere\u00e7o configura descumprimento das medidas judiciais ou se a justificativa apresentada possui amparo legal.<\/p>\n\n\n\n<p>O caso segue sob investiga\u00e7\u00e3o da Pol\u00edcia Civil.<\/p>\n","protected":false},"excerpt":{"rendered":"<p>Um homem foi conduzido \u00e0 Delegacia de Pol\u00edcia de Pronto Atendimento (DPPA) de Lajeado neste domingo (8\/3) ap\u00f3s o sistema de monitoramento eletr\u00f4nico do programa RS Seguro detectar uma poss\u00edvel viola\u00e7\u00e3o de per\u00edmetro de seguran\u00e7a. O alerta foi emitido por volta das 15h30 pela Central de Monitoramento Eletr\u00f4nico, indicando que o indiv\u00edduo monitorado teria se [&hellip;]<\/p>\n","protected":false},"author":8,"featured_media":189603,"comment_status":"open","ping_status":"open","sticky":false,"template":"","format":"standard","meta":{"pmpro_default_level":"","_jetpack_memberships_contains_paid_content":false,"footnotes":""},"categories":[10982,7],"tags":[27,6263,10549],"class_list":{"0":"post-205428","1":"post","2":"type-post","3":"status-publish","4":"format-standard","5":"has-post-thumbnail","7":"category-policia","8":"category-seguranca","9":"tag-lajeado","10":"tag-monitoramento","11":"tag-tornozeleira-eletronica","12":"pmpro-has-access"},"yoast_head":"<!-- This site is optimized with the Yoast SEO plugin v27.4 - https:\/\/yoast.com\/product\/yoast-seo-wordpress\/ -->\n<title>Suspeito investigado por estupro de vulner\u00e1vel \u00e9 conduzido \u00e0 delegacia ap\u00f3s viola\u00e7\u00e3o de per\u00edmetro em Lajeado - Folha Popular<\/title>\n<meta name=\"robots\" content=\"index, follow, max-snippet:-1, max-image-preview:large, max-video-preview:-1\" \/>\n<link rel=\"canonical\" href=\"https:\/\/folhapopular.info\/index.php\/2026\/03\/09\/suspeito-investigado-por-estupro-de-vulneravel-e-conduzido-a-delegacia-apos-violacao-de-perimetro-em-lajeado\/\" \/>\n<meta property=\"og:locale\" content=\"pt_BR\" \/>\n<meta property=\"og:type\" content=\"article\" \/>\n<meta property=\"og:title\" content=\"Suspeito investigado por estupro de vulner\u00e1vel \u00e9 conduzido \u00e0 delegacia ap\u00f3s viola\u00e7\u00e3o de per\u00edmetro em Lajeado - Folha Popular\" \/>\n<meta property=\"og:description\" content=\"Um homem foi conduzido \u00e0 Delegacia de Pol\u00edcia de Pronto Atendimento (DPPA) de Lajeado neste domingo (8\/3) ap\u00f3s o sistema de monitoramento eletr\u00f4nico do programa RS Seguro detectar uma poss\u00edvel viola\u00e7\u00e3o de per\u00edmetro de seguran\u00e7a. O alerta foi emitido por volta das 15h30 pela Central de Monitoramento Eletr\u00f4nico, indicando que o indiv\u00edduo monitorado teria se [&hellip;]\" \/>\n<meta property=\"og:url\" content=\"https:\/\/folhapopular.info\/index.php\/2026\/03\/09\/suspeito-investigado-por-estupro-de-vulneravel-e-conduzido-a-delegacia-apos-violacao-de-perimetro-em-lajeado\/\" \/>\n<meta property=\"og:site_name\" content=\"Folha Popular\" \/>\n<meta property=\"article:published_time\" content=\"2026-03-09T14:27:56+00:00\" \/>\n<meta property=\"article:modified_time\" content=\"2026-03-09T14:27:59+00:00\" \/>\n<meta property=\"og:image\" content=\"http:\/\/folhapopular.info\/wp-content\/uploads\/2025\/07\/folhapopular.info-3.png\" \/>\n\t<meta property=\"og:image:width\" content=\"1920\" \/>\n\t<meta property=\"og:image:height\" content=\"1080\" \/>\n\t<meta property=\"og:image:type\" content=\"image\/png\" \/>\n<meta name=\"author\" content=\"Reda\u00e7\u00e3o Folha Popular\" \/>\n<meta name=\"twitter:card\" content=\"summary_large_image\" \/>\n<meta name=\"twitter:label1\" content=\"Escrito por\" \/>\n\t<meta name=\"twitter:data1\" content=\"Reda\u00e7\u00e3o Folha Popular\" \/>\n\t<meta name=\"twitter:label2\" content=\"Est. tempo de leitura\" \/>\n\t<meta name=\"twitter:data2\" content=\"2 minutos\" \/>\n<script type=\"application\/ld+json\" class=\"yoast-schema-graph\">{\"@context\":\"https:\\\/\\\/schema.org\",\"@graph\":[{\"@type\":\"Article\",\"@id\":\"https:\\\/\\\/folhapopular.info\\\/index.php\\\/2026\\\/03\\\/09\\\/suspeito-investigado-por-estupro-de-vulneravel-e-conduzido-a-delegacia-apos-violacao-de-perimetro-em-lajeado\\\/#article\",\"isPartOf\":{\"@id\":\"https:\\\/\\\/folhapopular.info\\\/index.php\\\/2026\\\/03\\\/09\\\/suspeito-investigado-por-estupro-de-vulneravel-e-conduzido-a-delegacia-apos-violacao-de-perimetro-em-lajeado\\\/\"},\"author\":{\"name\":\"Reda\u00e7\u00e3o Folha Popular\",\"@id\":\"https:\\\/\\\/folhapopular.info\\\/#\\\/schema\\\/person\\\/2814e8a0df7643585a9ca38bc6eb9d4b\"},\"headline\":\"Suspeito investigado por estupro de vulner\u00e1vel \u00e9 conduzido \u00e0 delegacia ap\u00f3s viola\u00e7\u00e3o de per\u00edmetro em Lajeado\",\"datePublished\":\"2026-03-09T14:27:56+00:00\",\"dateModified\":\"2026-03-09T14:27:59+00:00\",\"mainEntityOfPage\":{\"@id\":\"https:\\\/\\\/folhapopular.info\\\/index.php\\\/2026\\\/03\\\/09\\\/suspeito-investigado-por-estupro-de-vulneravel-e-conduzido-a-delegacia-apos-violacao-de-perimetro-em-lajeado\\\/\"},\"wordCount\":321,\"commentCount\":0,\"image\":{\"@id\":\"https:\\\/\\\/folhapopular.info\\\/index.php\\\/2026\\\/03\\\/09\\\/suspeito-investigado-por-estupro-de-vulneravel-e-conduzido-a-delegacia-apos-violacao-de-perimetro-em-lajeado\\\/#primaryimage\"},\"thumbnailUrl\":\"https:\\\/\\\/folhapopular.info\\\/wp-content\\\/uploads\\\/2025\\\/07\\\/folhapopular.info-3.png\",\"keywords\":[\"Lajeado\",\"Monitoramento\",\"tornozeleira eletr\u00f4nica\"],\"articleSection\":[\"Pol\u00edcia\",\"Seguran\u00e7a\"],\"inLanguage\":\"pt-BR\",\"potentialAction\":[{\"@type\":\"CommentAction\",\"name\":\"Comment\",\"target\":[\"https:\\\/\\\/folhapopular.info\\\/index.php\\\/2026\\\/03\\\/09\\\/suspeito-investigado-por-estupro-de-vulneravel-e-conduzido-a-delegacia-apos-violacao-de-perimetro-em-lajeado\\\/#respond\"]}]},{\"@type\":\"WebPage\",\"@id\":\"https:\\\/\\\/folhapopular.info\\\/index.php\\\/2026\\\/03\\\/09\\\/suspeito-investigado-por-estupro-de-vulneravel-e-conduzido-a-delegacia-apos-violacao-de-perimetro-em-lajeado\\\/\",\"url\":\"https:\\\/\\\/folhapopular.info\\\/index.php\\\/2026\\\/03\\\/09\\\/suspeito-investigado-por-estupro-de-vulneravel-e-conduzido-a-delegacia-apos-violacao-de-perimetro-em-lajeado\\\/\",\"name\":\"Suspeito investigado por estupro de vulner\u00e1vel \u00e9 conduzido \u00e0 delegacia ap\u00f3s viola\u00e7\u00e3o de per\u00edmetro em Lajeado - Folha Popular\",\"isPartOf\":{\"@id\":\"https:\\\/\\\/folhapopular.info\\\/#website\"},\"primaryImageOfPage\":{\"@id\":\"https:\\\/\\\/folhapopular.info\\\/index.php\\\/2026\\\/03\\\/09\\\/suspeito-investigado-por-estupro-de-vulneravel-e-conduzido-a-delegacia-apos-violacao-de-perimetro-em-lajeado\\\/#primaryimage\"},\"image\":{\"@id\":\"https:\\\/\\\/folhapopular.info\\\/index.php\\\/2026\\\/03\\\/09\\\/suspeito-investigado-por-estupro-de-vulneravel-e-conduzido-a-delegacia-apos-violacao-de-perimetro-em-lajeado\\\/#primaryimage\"},\"thumbnailUrl\":\"https:\\\/\\\/folhapopular.info\\\/wp-content\\\/uploads\\\/2025\\\/07\\\/folhapopular.info-3.png\",\"datePublished\":\"2026-03-09T14:27:56+00:00\",\"dateModified\":\"2026-03-09T14:27:59+00:00\",\"author\":{\"@id\":\"https:\\\/\\\/folhapopular.info\\\/#\\\/schema\\\/person\\\/2814e8a0df7643585a9ca38bc6eb9d4b\"},\"breadcrumb\":{\"@id\":\"https:\\\/\\\/folhapopular.info\\\/index.php\\\/2026\\\/03\\\/09\\\/suspeito-investigado-por-estupro-de-vulneravel-e-conduzido-a-delegacia-apos-violacao-de-perimetro-em-lajeado\\\/#breadcrumb\"},\"inLanguage\":\"pt-BR\",\"potentialAction\":[{\"@type\":\"ReadAction\",\"target\":[\"https:\\\/\\\/folhapopular.info\\\/index.php\\\/2026\\\/03\\\/09\\\/suspeito-investigado-por-estupro-de-vulneravel-e-conduzido-a-delegacia-apos-violacao-de-perimetro-em-lajeado\\\/\"]}]},{\"@type\":\"ImageObject\",\"inLanguage\":\"pt-BR\",\"@id\":\"https:\\\/\\\/folhapopular.info\\\/index.php\\\/2026\\\/03\\\/09\\\/suspeito-investigado-por-estupro-de-vulneravel-e-conduzido-a-delegacia-apos-violacao-de-perimetro-em-lajeado\\\/#primaryimage\",\"url\":\"https:\\\/\\\/folhapopular.info\\\/wp-content\\\/uploads\\\/2025\\\/07\\\/folhapopular.info-3.png\",\"contentUrl\":\"https:\\\/\\\/folhapopular.info\\\/wp-content\\\/uploads\\\/2025\\\/07\\\/folhapopular.info-3.png\",\"width\":1920,\"height\":1080},{\"@type\":\"BreadcrumbList\",\"@id\":\"https:\\\/\\\/folhapopular.info\\\/index.php\\\/2026\\\/03\\\/09\\\/suspeito-investigado-por-estupro-de-vulneravel-e-conduzido-a-delegacia-apos-violacao-de-perimetro-em-lajeado\\\/#breadcrumb\",\"itemListElement\":[{\"@type\":\"ListItem\",\"position\":1,\"name\":\"In\u00edcio\",\"item\":\"https:\\\/\\\/folhapopular.info\\\/\"},{\"@type\":\"ListItem\",\"position\":2,\"name\":\"Suspeito investigado por estupro de vulner\u00e1vel \u00e9 conduzido \u00e0 delegacia ap\u00f3s viola\u00e7\u00e3o de per\u00edmetro em Lajeado\"}]},{\"@type\":\"WebSite\",\"@id\":\"https:\\\/\\\/folhapopular.info\\\/#website\",\"url\":\"https:\\\/\\\/folhapopular.info\\\/\",\"name\":\"Folha Popular\",\"description\":\"Onde voc\u00ea tem vez e voz\",\"potentialAction\":[{\"@type\":\"SearchAction\",\"target\":{\"@type\":\"EntryPoint\",\"urlTemplate\":\"https:\\\/\\\/folhapopular.info\\\/?s={search_term_string}\"},\"query-input\":{\"@type\":\"PropertyValueSpecification\",\"valueRequired\":true,\"valueName\":\"search_term_string\"}}],\"inLanguage\":\"pt-BR\"},{\"@type\":\"Person\",\"@id\":\"https:\\\/\\\/folhapopular.info\\\/#\\\/schema\\\/person\\\/2814e8a0df7643585a9ca38bc6eb9d4b\",\"name\":\"Reda\u00e7\u00e3o Folha Popular\",\"image\":{\"@type\":\"ImageObject\",\"inLanguage\":\"pt-BR\",\"@id\":\"https:\\\/\\\/folhapopular.info\\\/wp-content\\\/uploads\\\/2026\\\/04\\\/Folha-1.webp\",\"url\":\"https:\\\/\\\/folhapopular.info\\\/wp-content\\\/uploads\\\/2026\\\/04\\\/Folha-1.webp\",\"contentUrl\":\"https:\\\/\\\/folhapopular.info\\\/wp-content\\\/uploads\\\/2026\\\/04\\\/Folha-1.webp\",\"caption\":\"Reda\u00e7\u00e3o Folha Popular\"},\"url\":\"https:\\\/\\\/folhapopular.info\\\/index.php\\\/author\\\/redacao\\\/\"}]}<\/script>\n<!-- \/ Yoast SEO plugin. -->","yoast_head_json":{"title":"Suspeito investigado por estupro de vulner\u00e1vel \u00e9 conduzido \u00e0 delegacia ap\u00f3s viola\u00e7\u00e3o de per\u00edmetro em Lajeado - Folha Popular","robots":{"index":"index","follow":"follow","max-snippet":"max-snippet:-1","max-image-preview":"max-image-preview:large","max-video-preview":"max-video-preview:-1"},"canonical":"https:\/\/folhapopular.info\/index.php\/2026\/03\/09\/suspeito-investigado-por-estupro-de-vulneravel-e-conduzido-a-delegacia-apos-violacao-de-perimetro-em-lajeado\/","og_locale":"pt_BR","og_type":"article","og_title":"Suspeito investigado por estupro de vulner\u00e1vel \u00e9 conduzido \u00e0 delegacia ap\u00f3s viola\u00e7\u00e3o de per\u00edmetro em Lajeado - Folha Popular","og_description":"Um homem foi conduzido \u00e0 Delegacia de Pol\u00edcia de Pronto Atendimento (DPPA) de Lajeado neste domingo (8\/3) ap\u00f3s o sistema de monitoramento eletr\u00f4nico do programa RS Seguro detectar uma poss\u00edvel viola\u00e7\u00e3o de per\u00edmetro de seguran\u00e7a. O alerta foi emitido por volta das 15h30 pela Central de Monitoramento Eletr\u00f4nico, indicando que o indiv\u00edduo monitorado teria se [&hellip;]","og_url":"https:\/\/folhapopular.info\/index.php\/2026\/03\/09\/suspeito-investigado-por-estupro-de-vulneravel-e-conduzido-a-delegacia-apos-violacao-de-perimetro-em-lajeado\/","og_site_name":"Folha Popular","article_published_time":"2026-03-09T14:27:56+00:00","article_modified_time":"2026-03-09T14:27:59+00:00","og_image":[{"width":1920,"height":1080,"url":"http:\/\/folhapopular.info\/wp-content\/uploads\/2025\/07\/folhapopular.info-3.png","type":"image\/png"}],"author":"Reda\u00e7\u00e3o Folha Popular","twitter_card":"summary_large_image","twitter_misc":{"Escrito por":"Reda\u00e7\u00e3o Folha Popular","Est. tempo de leitura":"2 minutos"},"schema":{"@context":"https:\/\/schema.org","@graph":[{"@type":"Article","@id":"https:\/\/folhapopular.info\/index.php\/2026\/03\/09\/suspeito-investigado-por-estupro-de-vulneravel-e-conduzido-a-delegacia-apos-violacao-de-perimetro-em-lajeado\/#article","isPartOf":{"@id":"https:\/\/folhapopular.info\/index.php\/2026\/03\/09\/suspeito-investigado-por-estupro-de-vulneravel-e-conduzido-a-delegacia-apos-violacao-de-perimetro-em-lajeado\/"},"author":{"name":"Reda\u00e7\u00e3o Folha Popular","@id":"https:\/\/folhapopular.info\/#\/schema\/person\/2814e8a0df7643585a9ca38bc6eb9d4b"},"headline":"Suspeito investigado por estupro de vulner\u00e1vel \u00e9 conduzido \u00e0 delegacia ap\u00f3s viola\u00e7\u00e3o de per\u00edmetro em Lajeado","datePublished":"2026-03-09T14:27:56+00:00","dateModified":"2026-03-09T14:27:59+00:00","mainEntityOfPage":{"@id":"https:\/\/folhapopular.info\/index.php\/2026\/03\/09\/suspeito-investigado-por-estupro-de-vulneravel-e-conduzido-a-delegacia-apos-violacao-de-perimetro-em-lajeado\/"},"wordCount":321,"commentCount":0,"image":{"@id":"https:\/\/folhapopular.info\/index.php\/2026\/03\/09\/suspeito-investigado-por-estupro-de-vulneravel-e-conduzido-a-delegacia-apos-violacao-de-perimetro-em-lajeado\/#primaryimage"},"thumbnailUrl":"https:\/\/folhapopular.info\/wp-content\/uploads\/2025\/07\/folhapopular.info-3.png","keywords":["Lajeado","Monitoramento","tornozeleira eletr\u00f4nica"],"articleSection":["Pol\u00edcia","Seguran\u00e7a"],"inLanguage":"pt-BR","potentialAction":[{"@type":"CommentAction","name":"Comment","target":["https:\/\/folhapopular.info\/index.php\/2026\/03\/09\/suspeito-investigado-por-estupro-de-vulneravel-e-conduzido-a-delegacia-apos-violacao-de-perimetro-em-lajeado\/#respond"]}]},{"@type":"WebPage","@id":"https:\/\/folhapopular.info\/index.php\/2026\/03\/09\/suspeito-investigado-por-estupro-de-vulneravel-e-conduzido-a-delegacia-apos-violacao-de-perimetro-em-lajeado\/","url":"https:\/\/folhapopular.info\/index.php\/2026\/03\/09\/suspeito-investigado-por-estupro-de-vulneravel-e-conduzido-a-delegacia-apos-violacao-de-perimetro-em-lajeado\/","name":"Suspeito investigado por estupro de vulner\u00e1vel \u00e9 conduzido \u00e0 delegacia ap\u00f3s viola\u00e7\u00e3o de per\u00edmetro em Lajeado - Folha Popular","isPartOf":{"@id":"https:\/\/folhapopular.info\/#website"},"primaryImageOfPage":{"@id":"https:\/\/folhapopular.info\/index.php\/2026\/03\/09\/suspeito-investigado-por-estupro-de-vulneravel-e-conduzido-a-delegacia-apos-violacao-de-perimetro-em-lajeado\/#primaryimage"},"image":{"@id":"https:\/\/folhapopular.info\/index.php\/2026\/03\/09\/suspeito-investigado-por-estupro-de-vulneravel-e-conduzido-a-delegacia-apos-violacao-de-perimetro-em-lajeado\/#primaryimage"},"thumbnailUrl":"https:\/\/folhapopular.info\/wp-content\/uploads\/2025\/07\/folhapopular.info-3.png","datePublished":"2026-03-09T14:27:56+00:00","dateModified":"2026-03-09T14:27:59+00:00","author":{"@id":"https:\/\/folhapopular.info\/#\/schema\/person\/2814e8a0df7643585a9ca38bc6eb9d4b"},"breadcrumb":{"@id":"https:\/\/folhapopular.info\/index.php\/2026\/03\/09\/suspeito-investigado-por-estupro-de-vulneravel-e-conduzido-a-delegacia-apos-violacao-de-perimetro-em-lajeado\/#breadcrumb"},"inLanguage":"pt-BR","potentialAction":[{"@type":"ReadAction","target":["https:\/\/folhapopular.info\/index.php\/2026\/03\/09\/suspeito-investigado-por-estupro-de-vulneravel-e-conduzido-a-delegacia-apos-violacao-de-perimetro-em-lajeado\/"]}]},{"@type":"ImageObject","inLanguage":"pt-BR","@id":"https:\/\/folhapopular.info\/index.php\/2026\/03\/09\/suspeito-investigado-por-estupro-de-vulneravel-e-conduzido-a-delegacia-apos-violacao-de-perimetro-em-lajeado\/#primaryimage","url":"https:\/\/folhapopular.info\/wp-content\/uploads\/2025\/07\/folhapopular.info-3.png","contentUrl":"https:\/\/folhapopular.info\/wp-content\/uploads\/2025\/07\/folhapopular.info-3.png","width":1920,"height":1080},{"@type":"BreadcrumbList","@id":"https:\/\/folhapopular.info\/index.php\/2026\/03\/09\/suspeito-investigado-por-estupro-de-vulneravel-e-conduzido-a-delegacia-apos-violacao-de-perimetro-em-lajeado\/#breadcrumb","itemListElement":[{"@type":"ListItem","position":1,"name":"In\u00edcio","item":"https:\/\/folhapopular.info\/"},{"@type":"ListItem","position":2,"name":"Suspeito investigado por estupro de vulner\u00e1vel \u00e9 conduzido \u00e0 delegacia ap\u00f3s viola\u00e7\u00e3o de per\u00edmetro em Lajeado"}]},{"@type":"WebSite","@id":"https:\/\/folhapopular.info\/#website","url":"https:\/\/folhapopular.info\/","name":"Folha Popular","description":"Onde voc\u00ea tem vez e voz","potentialAction":[{"@type":"SearchAction","target":{"@type":"EntryPoint","urlTemplate":"https:\/\/folhapopular.info\/?s={search_term_string}"},"query-input":{"@type":"PropertyValueSpecification","valueRequired":true,"valueName":"search_term_string"}}],"inLanguage":"pt-BR"},{"@type":"Person","@id":"https:\/\/folhapopular.info\/#\/schema\/person\/2814e8a0df7643585a9ca38bc6eb9d4b","name":"Reda\u00e7\u00e3o Folha Popular","image":{"@type":"ImageObject","inLanguage":"pt-BR","@id":"https:\/\/folhapopular.info\/wp-content\/uploads\/2026\/04\/Folha-1.webp","url":"https:\/\/folhapopular.info\/wp-content\/uploads\/2026\/04\/Folha-1.webp","contentUrl":"https:\/\/folhapopular.info\/wp-content\/uploads\/2026\/04\/Folha-1.webp","caption":"Reda\u00e7\u00e3o Folha Popular"},"url":"https:\/\/folhapopular.info\/index.php\/author\/redacao\/"}]}},"jetpack_featured_media_url":"https:\/\/folhapopular.info\/wp-content\/uploads\/2025\/07\/folhapopular.info-3.png","jetpack_sharing_enabled":true,"amp_enabled":true,"_links":{"self":[{"href":"https:\/\/folhapopular.info\/index.php\/wp-json\/wp\/v2\/posts\/205428","targetHints":{"allow":["GET"]}}],"collection":[{"href":"https:\/\/folhapopular.info\/index.php\/wp-json\/wp\/v2\/posts"}],"about":[{"href":"https:\/\/folhapopular.info\/index.php\/wp-json\/wp\/v2\/types\/post"}],"author":[{"embeddable":true,"href":"https:\/\/folhapopular.info\/index.php\/wp-json\/wp\/v2\/users\/8"}],"replies":[{"embeddable":true,"href":"https:\/\/folhapopular.info\/index.php\/wp-json\/wp\/v2\/comments?post=205428"}],"version-history":[{"count":0,"href":"https:\/\/folhapopular.info\/index.php\/wp-json\/wp\/v2\/posts\/205428\/revisions"}],"wp:featuredmedia":[{"embeddable":true,"href":"https:\/\/folhapopular.info\/index.php\/wp-json\/wp\/v2\/media\/189603"}],"wp:attachment":[{"href":"https:\/\/folhapopular.info\/index.php\/wp-json\/wp\/v2\/media?parent=205428"}],"wp:term":[{"taxonomy":"category","embeddable":true,"href":"https:\/\/folhapopular.info\/index.php\/wp-json\/wp\/v2\/categories?post=205428"},{"taxonomy":"post_tag","embeddable":true,"href":"https:\/\/folhapopular.info\/index.php\/wp-json\/wp\/v2\/tags?post=205428"}],"curies":[{"name":"wp","href":"https:\/\/api.w.org\/{rel}","templated":true}]}}