{"id":205460,"date":"2026-03-09T16:32:56","date_gmt":"2026-03-09T19:32:56","guid":{"rendered":"https:\/\/folhapopular.info\/?p=205460"},"modified":"2026-03-09T16:32:59","modified_gmt":"2026-03-09T19:32:59","slug":"estado-amplia-monitoramento-apos-foco-de-influenza-aviaria-no-sul","status":"publish","type":"post","link":"https:\/\/folhapopular.info\/index.php\/2026\/03\/09\/estado-amplia-monitoramento-apos-foco-de-influenza-aviaria-no-sul\/","title":{"rendered":"Estado amplia monitoramento ap\u00f3s foco de influenza avi\u00e1ria no sul"},"content":{"rendered":"\n<p>A Secretaria da Agricultura, Pecu\u00e1ria, Produ\u00e7\u00e3o Sustent\u00e1vel e Irriga\u00e7\u00e3o do Rio Grande do Sul intensificou as a\u00e7\u00f5es de vigil\u00e2ncia sanit\u00e1ria ap\u00f3s a confirma\u00e7\u00e3o de um caso de Influenza Avi\u00e1ria de Alta Patogenicidade (H5N1) em aves silvestres na Reserva do Taim. O foco da doen\u00e7a foi identificado em 28 de fevereiro, na regi\u00e3o sul do Rio Grande do Sul. At\u00e9 o momento, foram identificados 20 cisnes-da-esp\u00e9cie Coscoroba Swan, conhecidos como cisne-coscoroba, e uma gar\u00e7a-moura infectados pelo v\u00edrus.<\/p>\n\n\n\n<p>Nesta segunda-feira (9\/3), equipes da secretaria capacitaram 51 agentes de endemias, sa\u00fade e controle epidemiol\u00f3gico no munic\u00edpio de Santa Vit\u00f3ria do Palmar. A agenda tamb\u00e9m incluiu uma reuni\u00e3o com autoridades de Chu\u00ed para apresentar informa\u00e7\u00f5es atualizadas sobre a situa\u00e7\u00e3o sanit\u00e1ria e alinhar estrat\u00e9gias de preven\u00e7\u00e3o e controle da doen\u00e7a.<\/p>\n\n\n\n<p>O monitoramento do foco ocorre na Lagoa da Mangueira, com atua\u00e7\u00e3o integrada do Servi\u00e7o Veterin\u00e1rio Oficial do Estado, do Instituto Chico Mendes de Conserva\u00e7\u00e3o da Biodiversidade e do Minist\u00e9rio da Agricultura e Pecu\u00e1ria do Brasil. As equipes utilizam barcos e drones para acompanhar a situa\u00e7\u00e3o das aves silvestres e coletar amostras para an\u00e1lise no Laborat\u00f3rio Federal de Defesa Agropecu\u00e1ria de Campinas, unidade de refer\u00eancia da Organiza\u00e7\u00e3o Mundial de Sa\u00fade Animal.<\/p>\n\n\n\n<p>A secretaria orienta que qualquer suspeita da doen\u00e7a em aves, como sinais respirat\u00f3rios, sintomas neurol\u00f3gicos ou mortalidade elevada, seja comunicada imediatamente \u00e0s inspetorias ou escrit\u00f3rios de defesa agropecu\u00e1ria, pelo sistema e-Sisbravet ou pelo WhatsApp (51) 98445-2033.<\/p>\n","protected":false},"excerpt":{"rendered":"<p>A Secretaria da Agricultura, Pecu\u00e1ria, Produ\u00e7\u00e3o Sustent\u00e1vel e Irriga\u00e7\u00e3o do Rio Grande do Sul intensificou as a\u00e7\u00f5es de vigil\u00e2ncia sanit\u00e1ria ap\u00f3s a confirma\u00e7\u00e3o de um caso de Influenza Avi\u00e1ria de Alta Patogenicidade (H5N1) em aves silvestres na Reserva do Taim. O foco da doen\u00e7a foi identificado em 28 de fevereiro, na regi\u00e3o sul do Rio [&hellip;]<\/p>\n","protected":false},"author":8,"featured_media":150184,"comment_status":"open","ping_status":"open","sticky":false,"template":"","format":"standard","meta":{"pmpro_default_level":"","_jetpack_memberships_contains_paid_content":false,"footnotes":""},"categories":[10991],"tags":[11681,11680,20717,1794],"class_list":{"0":"post-205460","1":"post","2":"type-post","3":"status-publish","4":"format-standard","5":"has-post-thumbnail","7":"category-economia","8":"tag-gripe-aviaria","9":"tag-influenza-aviaria","10":"tag-reserva-do-taim","11":"tag-rio-grande-do-sul","12":"pmpro-has-access"},"yoast_head":"<!-- This site is optimized with the Yoast SEO plugin v27.5 - https:\/\/yoast.com\/product\/yoast-seo-wordpress\/ -->\n<title>Estado amplia monitoramento ap\u00f3s foco de influenza avi\u00e1ria no sul - Folha Popular<\/title>\n<meta name=\"robots\" content=\"index, follow, max-snippet:-1, max-image-preview:large, max-video-preview:-1\" \/>\n<link rel=\"canonical\" href=\"https:\/\/folhapopular.info\/index.php\/2026\/03\/09\/estado-amplia-monitoramento-apos-foco-de-influenza-aviaria-no-sul\/\" \/>\n<meta property=\"og:locale\" content=\"pt_BR\" \/>\n<meta property=\"og:type\" content=\"article\" \/>\n<meta property=\"og:title\" content=\"Estado amplia monitoramento ap\u00f3s foco de influenza avi\u00e1ria no sul - Folha Popular\" \/>\n<meta property=\"og:description\" content=\"A Secretaria da Agricultura, Pecu\u00e1ria, Produ\u00e7\u00e3o Sustent\u00e1vel e Irriga\u00e7\u00e3o do Rio Grande do Sul intensificou as a\u00e7\u00f5es de vigil\u00e2ncia sanit\u00e1ria ap\u00f3s a confirma\u00e7\u00e3o de um caso de Influenza Avi\u00e1ria de Alta Patogenicidade (H5N1) em aves silvestres na Reserva do Taim. O foco da doen\u00e7a foi identificado em 28 de fevereiro, na regi\u00e3o sul do Rio [&hellip;]\" \/>\n<meta property=\"og:url\" content=\"https:\/\/folhapopular.info\/index.php\/2026\/03\/09\/estado-amplia-monitoramento-apos-foco-de-influenza-aviaria-no-sul\/\" \/>\n<meta property=\"og:site_name\" content=\"Folha Popular\" \/>\n<meta property=\"article:published_time\" content=\"2026-03-09T19:32:56+00:00\" \/>\n<meta property=\"article:modified_time\" content=\"2026-03-09T19:32:59+00:00\" \/>\n<meta property=\"og:image\" content=\"http:\/\/folhapopular.info\/wp-content\/uploads\/2024\/02\/AdobeStock_44371899-scaled-1.jpeg\" \/>\n\t<meta property=\"og:image:width\" content=\"2560\" \/>\n\t<meta property=\"og:image:height\" content=\"1702\" \/>\n\t<meta property=\"og:image:type\" content=\"image\/jpeg\" \/>\n<meta name=\"author\" content=\"Reda\u00e7\u00e3o Folha Popular\" \/>\n<meta name=\"twitter:card\" content=\"summary_large_image\" \/>\n<meta name=\"twitter:label1\" content=\"Escrito por\" \/>\n\t<meta name=\"twitter:data1\" content=\"Reda\u00e7\u00e3o Folha Popular\" \/>\n\t<meta name=\"twitter:label2\" content=\"Est. tempo de leitura\" \/>\n\t<meta name=\"twitter:data2\" content=\"2 minutos\" \/>\n<script type=\"application\/ld+json\" class=\"yoast-schema-graph\">{\"@context\":\"https:\\\/\\\/schema.org\",\"@graph\":[{\"@type\":\"Article\",\"@id\":\"https:\\\/\\\/folhapopular.info\\\/index.php\\\/2026\\\/03\\\/09\\\/estado-amplia-monitoramento-apos-foco-de-influenza-aviaria-no-sul\\\/#article\",\"isPartOf\":{\"@id\":\"https:\\\/\\\/folhapopular.info\\\/index.php\\\/2026\\\/03\\\/09\\\/estado-amplia-monitoramento-apos-foco-de-influenza-aviaria-no-sul\\\/\"},\"author\":{\"name\":\"Reda\u00e7\u00e3o Folha Popular\",\"@id\":\"https:\\\/\\\/folhapopular.info\\\/#\\\/schema\\\/person\\\/2814e8a0df7643585a9ca38bc6eb9d4b\"},\"headline\":\"Estado amplia monitoramento ap\u00f3s foco de influenza avi\u00e1ria no sul\",\"datePublished\":\"2026-03-09T19:32:56+00:00\",\"dateModified\":\"2026-03-09T19:32:59+00:00\",\"mainEntityOfPage\":{\"@id\":\"https:\\\/\\\/folhapopular.info\\\/index.php\\\/2026\\\/03\\\/09\\\/estado-amplia-monitoramento-apos-foco-de-influenza-aviaria-no-sul\\\/\"},\"wordCount\":284,\"commentCount\":0,\"image\":{\"@id\":\"https:\\\/\\\/folhapopular.info\\\/index.php\\\/2026\\\/03\\\/09\\\/estado-amplia-monitoramento-apos-foco-de-influenza-aviaria-no-sul\\\/#primaryimage\"},\"thumbnailUrl\":\"https:\\\/\\\/folhapopular.info\\\/wp-content\\\/uploads\\\/2024\\\/02\\\/AdobeStock_44371899-scaled-1.jpeg\",\"keywords\":[\"gripe avi\u00e1ria\",\"influenza avi\u00e1ria\",\"Reserva do Taim\",\"Rio Grande do Sul\"],\"articleSection\":[\"Economia\"],\"inLanguage\":\"pt-BR\",\"potentialAction\":[{\"@type\":\"CommentAction\",\"name\":\"Comment\",\"target\":[\"https:\\\/\\\/folhapopular.info\\\/index.php\\\/2026\\\/03\\\/09\\\/estado-amplia-monitoramento-apos-foco-de-influenza-aviaria-no-sul\\\/#respond\"]}]},{\"@type\":\"WebPage\",\"@id\":\"https:\\\/\\\/folhapopular.info\\\/index.php\\\/2026\\\/03\\\/09\\\/estado-amplia-monitoramento-apos-foco-de-influenza-aviaria-no-sul\\\/\",\"url\":\"https:\\\/\\\/folhapopular.info\\\/index.php\\\/2026\\\/03\\\/09\\\/estado-amplia-monitoramento-apos-foco-de-influenza-aviaria-no-sul\\\/\",\"name\":\"Estado amplia monitoramento ap\u00f3s foco de influenza avi\u00e1ria no sul - Folha Popular\",\"isPartOf\":{\"@id\":\"https:\\\/\\\/folhapopular.info\\\/#website\"},\"primaryImageOfPage\":{\"@id\":\"https:\\\/\\\/folhapopular.info\\\/index.php\\\/2026\\\/03\\\/09\\\/estado-amplia-monitoramento-apos-foco-de-influenza-aviaria-no-sul\\\/#primaryimage\"},\"image\":{\"@id\":\"https:\\\/\\\/folhapopular.info\\\/index.php\\\/2026\\\/03\\\/09\\\/estado-amplia-monitoramento-apos-foco-de-influenza-aviaria-no-sul\\\/#primaryimage\"},\"thumbnailUrl\":\"https:\\\/\\\/folhapopular.info\\\/wp-content\\\/uploads\\\/2024\\\/02\\\/AdobeStock_44371899-scaled-1.jpeg\",\"datePublished\":\"2026-03-09T19:32:56+00:00\",\"dateModified\":\"2026-03-09T19:32:59+00:00\",\"author\":{\"@id\":\"https:\\\/\\\/folhapopular.info\\\/#\\\/schema\\\/person\\\/2814e8a0df7643585a9ca38bc6eb9d4b\"},\"breadcrumb\":{\"@id\":\"https:\\\/\\\/folhapopular.info\\\/index.php\\\/2026\\\/03\\\/09\\\/estado-amplia-monitoramento-apos-foco-de-influenza-aviaria-no-sul\\\/#breadcrumb\"},\"inLanguage\":\"pt-BR\",\"potentialAction\":[{\"@type\":\"ReadAction\",\"target\":[\"https:\\\/\\\/folhapopular.info\\\/index.php\\\/2026\\\/03\\\/09\\\/estado-amplia-monitoramento-apos-foco-de-influenza-aviaria-no-sul\\\/\"]}]},{\"@type\":\"ImageObject\",\"inLanguage\":\"pt-BR\",\"@id\":\"https:\\\/\\\/folhapopular.info\\\/index.php\\\/2026\\\/03\\\/09\\\/estado-amplia-monitoramento-apos-foco-de-influenza-aviaria-no-sul\\\/#primaryimage\",\"url\":\"https:\\\/\\\/folhapopular.info\\\/wp-content\\\/uploads\\\/2024\\\/02\\\/AdobeStock_44371899-scaled-1.jpeg\",\"contentUrl\":\"https:\\\/\\\/folhapopular.info\\\/wp-content\\\/uploads\\\/2024\\\/02\\\/AdobeStock_44371899-scaled-1.jpeg\",\"width\":2560,\"height\":1702,\"caption\":\"Cr\u00e9dito: Adobe Stock\"},{\"@type\":\"BreadcrumbList\",\"@id\":\"https:\\\/\\\/folhapopular.info\\\/index.php\\\/2026\\\/03\\\/09\\\/estado-amplia-monitoramento-apos-foco-de-influenza-aviaria-no-sul\\\/#breadcrumb\",\"itemListElement\":[{\"@type\":\"ListItem\",\"position\":1,\"name\":\"In\u00edcio\",\"item\":\"https:\\\/\\\/folhapopular.info\\\/\"},{\"@type\":\"ListItem\",\"position\":2,\"name\":\"Estado amplia monitoramento ap\u00f3s foco de influenza avi\u00e1ria no sul\"}]},{\"@type\":\"WebSite\",\"@id\":\"https:\\\/\\\/folhapopular.info\\\/#website\",\"url\":\"https:\\\/\\\/folhapopular.info\\\/\",\"name\":\"Folha Popular\",\"description\":\"Onde voc\u00ea tem vez e voz\",\"potentialAction\":[{\"@type\":\"SearchAction\",\"target\":{\"@type\":\"EntryPoint\",\"urlTemplate\":\"https:\\\/\\\/folhapopular.info\\\/?s={search_term_string}\"},\"query-input\":{\"@type\":\"PropertyValueSpecification\",\"valueRequired\":true,\"valueName\":\"search_term_string\"}}],\"inLanguage\":\"pt-BR\"},{\"@type\":\"Person\",\"@id\":\"https:\\\/\\\/folhapopular.info\\\/#\\\/schema\\\/person\\\/2814e8a0df7643585a9ca38bc6eb9d4b\",\"name\":\"Reda\u00e7\u00e3o Folha Popular\",\"image\":{\"@type\":\"ImageObject\",\"inLanguage\":\"pt-BR\",\"@id\":\"https:\\\/\\\/folhapopular.info\\\/wp-content\\\/uploads\\\/2026\\\/04\\\/Folha-1.webp\",\"url\":\"https:\\\/\\\/folhapopular.info\\\/wp-content\\\/uploads\\\/2026\\\/04\\\/Folha-1.webp\",\"contentUrl\":\"https:\\\/\\\/folhapopular.info\\\/wp-content\\\/uploads\\\/2026\\\/04\\\/Folha-1.webp\",\"caption\":\"Reda\u00e7\u00e3o Folha Popular\"},\"url\":\"https:\\\/\\\/folhapopular.info\\\/index.php\\\/author\\\/redacao\\\/\"}]}<\/script>\n<!-- \/ Yoast SEO plugin. -->","yoast_head_json":{"title":"Estado amplia monitoramento ap\u00f3s foco de influenza avi\u00e1ria no sul - Folha Popular","robots":{"index":"index","follow":"follow","max-snippet":"max-snippet:-1","max-image-preview":"max-image-preview:large","max-video-preview":"max-video-preview:-1"},"canonical":"https:\/\/folhapopular.info\/index.php\/2026\/03\/09\/estado-amplia-monitoramento-apos-foco-de-influenza-aviaria-no-sul\/","og_locale":"pt_BR","og_type":"article","og_title":"Estado amplia monitoramento ap\u00f3s foco de influenza avi\u00e1ria no sul - Folha Popular","og_description":"A Secretaria da Agricultura, Pecu\u00e1ria, Produ\u00e7\u00e3o Sustent\u00e1vel e Irriga\u00e7\u00e3o do Rio Grande do Sul intensificou as a\u00e7\u00f5es de vigil\u00e2ncia sanit\u00e1ria ap\u00f3s a confirma\u00e7\u00e3o de um caso de Influenza Avi\u00e1ria de Alta Patogenicidade (H5N1) em aves silvestres na Reserva do Taim. O foco da doen\u00e7a foi identificado em 28 de fevereiro, na regi\u00e3o sul do Rio [&hellip;]","og_url":"https:\/\/folhapopular.info\/index.php\/2026\/03\/09\/estado-amplia-monitoramento-apos-foco-de-influenza-aviaria-no-sul\/","og_site_name":"Folha Popular","article_published_time":"2026-03-09T19:32:56+00:00","article_modified_time":"2026-03-09T19:32:59+00:00","og_image":[{"width":2560,"height":1702,"url":"http:\/\/folhapopular.info\/wp-content\/uploads\/2024\/02\/AdobeStock_44371899-scaled-1.jpeg","type":"image\/jpeg"}],"author":"Reda\u00e7\u00e3o Folha Popular","twitter_card":"summary_large_image","twitter_misc":{"Escrito por":"Reda\u00e7\u00e3o Folha Popular","Est. tempo de leitura":"2 minutos"},"schema":{"@context":"https:\/\/schema.org","@graph":[{"@type":"Article","@id":"https:\/\/folhapopular.info\/index.php\/2026\/03\/09\/estado-amplia-monitoramento-apos-foco-de-influenza-aviaria-no-sul\/#article","isPartOf":{"@id":"https:\/\/folhapopular.info\/index.php\/2026\/03\/09\/estado-amplia-monitoramento-apos-foco-de-influenza-aviaria-no-sul\/"},"author":{"name":"Reda\u00e7\u00e3o Folha Popular","@id":"https:\/\/folhapopular.info\/#\/schema\/person\/2814e8a0df7643585a9ca38bc6eb9d4b"},"headline":"Estado amplia monitoramento ap\u00f3s foco de influenza avi\u00e1ria no sul","datePublished":"2026-03-09T19:32:56+00:00","dateModified":"2026-03-09T19:32:59+00:00","mainEntityOfPage":{"@id":"https:\/\/folhapopular.info\/index.php\/2026\/03\/09\/estado-amplia-monitoramento-apos-foco-de-influenza-aviaria-no-sul\/"},"wordCount":284,"commentCount":0,"image":{"@id":"https:\/\/folhapopular.info\/index.php\/2026\/03\/09\/estado-amplia-monitoramento-apos-foco-de-influenza-aviaria-no-sul\/#primaryimage"},"thumbnailUrl":"https:\/\/folhapopular.info\/wp-content\/uploads\/2024\/02\/AdobeStock_44371899-scaled-1.jpeg","keywords":["gripe avi\u00e1ria","influenza avi\u00e1ria","Reserva do Taim","Rio Grande do Sul"],"articleSection":["Economia"],"inLanguage":"pt-BR","potentialAction":[{"@type":"CommentAction","name":"Comment","target":["https:\/\/folhapopular.info\/index.php\/2026\/03\/09\/estado-amplia-monitoramento-apos-foco-de-influenza-aviaria-no-sul\/#respond"]}]},{"@type":"WebPage","@id":"https:\/\/folhapopular.info\/index.php\/2026\/03\/09\/estado-amplia-monitoramento-apos-foco-de-influenza-aviaria-no-sul\/","url":"https:\/\/folhapopular.info\/index.php\/2026\/03\/09\/estado-amplia-monitoramento-apos-foco-de-influenza-aviaria-no-sul\/","name":"Estado amplia monitoramento ap\u00f3s foco de influenza avi\u00e1ria no sul - Folha Popular","isPartOf":{"@id":"https:\/\/folhapopular.info\/#website"},"primaryImageOfPage":{"@id":"https:\/\/folhapopular.info\/index.php\/2026\/03\/09\/estado-amplia-monitoramento-apos-foco-de-influenza-aviaria-no-sul\/#primaryimage"},"image":{"@id":"https:\/\/folhapopular.info\/index.php\/2026\/03\/09\/estado-amplia-monitoramento-apos-foco-de-influenza-aviaria-no-sul\/#primaryimage"},"thumbnailUrl":"https:\/\/folhapopular.info\/wp-content\/uploads\/2024\/02\/AdobeStock_44371899-scaled-1.jpeg","datePublished":"2026-03-09T19:32:56+00:00","dateModified":"2026-03-09T19:32:59+00:00","author":{"@id":"https:\/\/folhapopular.info\/#\/schema\/person\/2814e8a0df7643585a9ca38bc6eb9d4b"},"breadcrumb":{"@id":"https:\/\/folhapopular.info\/index.php\/2026\/03\/09\/estado-amplia-monitoramento-apos-foco-de-influenza-aviaria-no-sul\/#breadcrumb"},"inLanguage":"pt-BR","potentialAction":[{"@type":"ReadAction","target":["https:\/\/folhapopular.info\/index.php\/2026\/03\/09\/estado-amplia-monitoramento-apos-foco-de-influenza-aviaria-no-sul\/"]}]},{"@type":"ImageObject","inLanguage":"pt-BR","@id":"https:\/\/folhapopular.info\/index.php\/2026\/03\/09\/estado-amplia-monitoramento-apos-foco-de-influenza-aviaria-no-sul\/#primaryimage","url":"https:\/\/folhapopular.info\/wp-content\/uploads\/2024\/02\/AdobeStock_44371899-scaled-1.jpeg","contentUrl":"https:\/\/folhapopular.info\/wp-content\/uploads\/2024\/02\/AdobeStock_44371899-scaled-1.jpeg","width":2560,"height":1702,"caption":"Cr\u00e9dito: Adobe Stock"},{"@type":"BreadcrumbList","@id":"https:\/\/folhapopular.info\/index.php\/2026\/03\/09\/estado-amplia-monitoramento-apos-foco-de-influenza-aviaria-no-sul\/#breadcrumb","itemListElement":[{"@type":"ListItem","position":1,"name":"In\u00edcio","item":"https:\/\/folhapopular.info\/"},{"@type":"ListItem","position":2,"name":"Estado amplia monitoramento ap\u00f3s foco de influenza avi\u00e1ria no sul"}]},{"@type":"WebSite","@id":"https:\/\/folhapopular.info\/#website","url":"https:\/\/folhapopular.info\/","name":"Folha Popular","description":"Onde voc\u00ea tem vez e voz","potentialAction":[{"@type":"SearchAction","target":{"@type":"EntryPoint","urlTemplate":"https:\/\/folhapopular.info\/?s={search_term_string}"},"query-input":{"@type":"PropertyValueSpecification","valueRequired":true,"valueName":"search_term_string"}}],"inLanguage":"pt-BR"},{"@type":"Person","@id":"https:\/\/folhapopular.info\/#\/schema\/person\/2814e8a0df7643585a9ca38bc6eb9d4b","name":"Reda\u00e7\u00e3o Folha Popular","image":{"@type":"ImageObject","inLanguage":"pt-BR","@id":"https:\/\/folhapopular.info\/wp-content\/uploads\/2026\/04\/Folha-1.webp","url":"https:\/\/folhapopular.info\/wp-content\/uploads\/2026\/04\/Folha-1.webp","contentUrl":"https:\/\/folhapopular.info\/wp-content\/uploads\/2026\/04\/Folha-1.webp","caption":"Reda\u00e7\u00e3o Folha Popular"},"url":"https:\/\/folhapopular.info\/index.php\/author\/redacao\/"}]}},"jetpack_featured_media_url":"https:\/\/folhapopular.info\/wp-content\/uploads\/2024\/02\/AdobeStock_44371899-scaled-1.jpeg","jetpack_sharing_enabled":true,"amp_enabled":true,"_links":{"self":[{"href":"https:\/\/folhapopular.info\/index.php\/wp-json\/wp\/v2\/posts\/205460","targetHints":{"allow":["GET"]}}],"collection":[{"href":"https:\/\/folhapopular.info\/index.php\/wp-json\/wp\/v2\/posts"}],"about":[{"href":"https:\/\/folhapopular.info\/index.php\/wp-json\/wp\/v2\/types\/post"}],"author":[{"embeddable":true,"href":"https:\/\/folhapopular.info\/index.php\/wp-json\/wp\/v2\/users\/8"}],"replies":[{"embeddable":true,"href":"https:\/\/folhapopular.info\/index.php\/wp-json\/wp\/v2\/comments?post=205460"}],"version-history":[{"count":0,"href":"https:\/\/folhapopular.info\/index.php\/wp-json\/wp\/v2\/posts\/205460\/revisions"}],"wp:featuredmedia":[{"embeddable":true,"href":"https:\/\/folhapopular.info\/index.php\/wp-json\/wp\/v2\/media\/150184"}],"wp:attachment":[{"href":"https:\/\/folhapopular.info\/index.php\/wp-json\/wp\/v2\/media?parent=205460"}],"wp:term":[{"taxonomy":"category","embeddable":true,"href":"https:\/\/folhapopular.info\/index.php\/wp-json\/wp\/v2\/categories?post=205460"},{"taxonomy":"post_tag","embeddable":true,"href":"https:\/\/folhapopular.info\/index.php\/wp-json\/wp\/v2\/tags?post=205460"}],"curies":[{"name":"wp","href":"https:\/\/api.w.org\/{rel}","templated":true}]}}