{"id":205478,"date":"2026-03-10T07:41:41","date_gmt":"2026-03-10T10:41:41","guid":{"rendered":"https:\/\/folhapopular.info\/?p=205478"},"modified":"2026-03-10T07:42:14","modified_gmt":"2026-03-10T10:42:14","slug":"conheca-as-dezesseis-candidatas-a-corte-da-expovale-2026","status":"publish","type":"post","link":"https:\/\/folhapopular.info\/index.php\/2026\/03\/10\/conheca-as-dezesseis-candidatas-a-corte-da-expovale-2026\/","title":{"rendered":"Conhe\u00e7a as dezesseis candidatas \u00e0 corte da Expovale 2026"},"content":{"rendered":"\n<p>A Associa\u00e7\u00e3o Comercial e Industrial de Lajeado (Acil) encerrou as inscri\u00e7\u00f5es para o concurso que eleger\u00e1 a nova corte da Feira Industrial, Comercial e de Servi\u00e7os do Vale do Taquari (Expovale) 2026. Ao todo, 16 candidatas de sete munic\u00edpios da regi\u00e3o disputar\u00e3o os t\u00edtulos de rainha e princesas da feira. As representantes s\u00e3o de Lajeado, S\u00e9rio, Imigrante, Taquari, Teut\u00f4nia, Colinas e Arroio do Meio. A corte eleita ter\u00e1 a miss\u00e3o de representar a Expovale pelos pr\u00f3ximos dois anos.<\/p>\n\n\n\n<p>As atividades j\u00e1 iniciaram na sexta-feira (6\/3), com a produ\u00e7\u00e3o das fotos individuais e coletivas. Nos pr\u00f3ximos dias, as candidatas tamb\u00e9m participar\u00e3o de uma s\u00e9rie de compromissos, como a participa\u00e7\u00e3o na a\u00e7\u00e3o \u201cViva o Taquari-Antas Vivo\u201d, doa\u00e7\u00e3o de sangue ao Hemovale, passeio tur\u00edstico, teste cultural e outras atividades.<\/p>\n\n\n\n<p>A nova corte da Expovale ser\u00e1 conhecida na noite de 17 de abril, com transmiss\u00e3o ao vivo pelos canais da feira no Facebook e YouTube.  Al\u00e9m disso, o p\u00fablico poder\u00e1 votar em sua candidata favorita por meio do <a href=\"http:\/\/expovale.org.br\" type=\"link\" id=\"expovale.org.br\">site oficial da feira<\/a>. A candidata mais votada pela internet receber\u00e1 pontos extras na etapa final.<\/p>\n\n\n\n<p>A Expovale Construm\u00f3bil 2026 ocorre de 12 a 15 e de 12 a 22 de novembro, no Parque do Imigrante, em Lajeado.<\/p>\n\n\n\n<h2 class=\"wp-block-heading\"><strong>Candidatas<\/strong><\/h2>\n\n\n\n<ul class=\"wp-block-list\">\n<li><strong>Nome:<\/strong>\u00a0Andresa Ayone de Oliveira M\u00f6rs<\/li>\n\n\n\n<li><strong>Idade:<\/strong>\u00a027 anos<\/li>\n\n\n\n<li><strong>Cidade:<\/strong>\u00a0Arroio do Meio<\/li>\n\n\n\n<li><strong>Representa as empresas:<\/strong>\u00a0Vanilla Odontologia Est\u00e9tica, Caroline Diehl Contabilidade e Alexandre Lands Neg\u00f3cios Imobili\u00e1rios<\/li>\n<\/ul>\n\n\n\n<ul class=\"wp-block-list\">\n<li><strong>Nome:<\/strong>\u00a0Amanda Felisberto<\/li>\n\n\n\n<li><strong>Idade:<\/strong>\u00a022 anos<\/li>\n\n\n\n<li><strong>Cidade:<\/strong>\u00a0Colinas<\/li>\n\n\n\n<li><strong>Representa as empresas:<\/strong>\u00a0New Tintas, CT Monte Olimpo e Prefeitura de Colinas<\/li>\n<\/ul>\n\n\n\n<ul class=\"wp-block-list\">\n<li><strong>Nome:<\/strong>\u00a0Bruna Giane Soto<\/li>\n\n\n\n<li><strong>Idade:<\/strong>\u00a028 anos<\/li>\n\n\n\n<li><strong>Cidade:<\/strong>\u00a0Lajeado<\/li>\n\n\n\n<li><strong>Representa as empresas:<\/strong>\u00a0Joalheria e \u00d3tica Conventos, Octa Filmes e Blessed Beauty<\/li>\n<\/ul>\n\n\n\n<ul class=\"wp-block-list\">\n<li><strong>Nome:<\/strong>\u00a0Caroline Costa de Souza<\/li>\n\n\n\n<li><strong>Idade:<\/strong>\u00a026 anos<\/li>\n\n\n\n<li><strong>Cidade:<\/strong>\u00a0Taquari<\/li>\n\n\n\n<li><strong>Representa as empresas:<\/strong>\u00a0KTM Montagem e Manuten\u00e7\u00e3o Industrial e Prefeitura de Taquari<\/li>\n<\/ul>\n\n\n\n<ul class=\"wp-block-list\">\n<li><strong>Nome:<\/strong>\u00a0Emily Gabrielly Mattje<\/li>\n\n\n\n<li><strong>Idade:<\/strong>\u00a021 anos<\/li>\n\n\n\n<li><strong>Cidade:<\/strong>\u00a0Lajeado<\/li>\n\n\n\n<li><strong>Representa as empresas:<\/strong>\u00a0Sandra Weber Beleza e Bem Estar, Banda Destaque Nacional e Minato Sushi Nikkei<\/li>\n<\/ul>\n\n\n\n<ul class=\"wp-block-list\">\n<li><strong>Nome:<\/strong>\u00a0Fernanda Thais Kolling<\/li>\n\n\n\n<li><strong>Idade:<\/strong>\u00a026 anos<\/li>\n\n\n\n<li><strong>Cidade:<\/strong>\u00a0Teut\u00f4nia<\/li>\n\n\n\n<li><strong>Representa as empresas:<\/strong>\u00a0Loja Fascinius e KM Produ\u00e7\u00f5es<\/li>\n<\/ul>\n\n\n\n<ul class=\"wp-block-list\">\n<li><strong>Nome:<\/strong>\u00a0Gabriela Grossmann Heissler<\/li>\n\n\n\n<li><strong>Idade:<\/strong>\u00a026 anos<\/li>\n\n\n\n<li><strong>Cidade:<\/strong>\u00a0Lajeado<\/li>\n\n\n\n<li><strong>Representa as empresas:<\/strong>\u00a0Django Promo\u00e7\u00f5es, Tarteri J\u00f3ias e Studio Glowe<\/li>\n<\/ul>\n\n\n\n<ul class=\"wp-block-list\">\n<li><strong>Nome:<\/strong>\u00a0Gabriela Pereira dos Santos<\/li>\n\n\n\n<li><strong>Idade:<\/strong>\u00a026 anos<\/li>\n\n\n\n<li><strong>Cidade:<\/strong>\u00a0Lajeado<\/li>\n\n\n\n<li><strong>Representa as empresas:<\/strong>\u00a0Girando Sol, Grupo Passarela e Sandra Weber Beleza e Bem Estar<\/li>\n<\/ul>\n\n\n\n<ul class=\"wp-block-list\">\n<li><strong>Nome:<\/strong>\u00a0Isabela Marquetto Zappe<\/li>\n\n\n\n<li><strong>Idade:<\/strong>\u00a020 anos<\/li>\n\n\n\n<li><strong>Cidade:<\/strong>\u00a0Lajeado<\/li>\n\n\n\n<li><strong>Representa as empresas:<\/strong>\u00a0Cremolatto Montanha, Saffe Store e Madrejoy<\/li>\n<\/ul>\n\n\n\n<ul class=\"wp-block-list\">\n<li><strong>Nome:<\/strong>\u00a0Manuela Petry Bitdinger<\/li>\n\n\n\n<li><strong>Idade:<\/strong>\u00a019 anos<\/li>\n\n\n\n<li><strong>Cidade:<\/strong>\u00a0Lajeado<\/li>\n\n\n\n<li><strong>Representa as empresas:<\/strong>\u00a0Pienna J\u00f3ias, Studio AURA e BUDO Visuals<\/li>\n<\/ul>\n\n\n\n<ul class=\"wp-block-list\">\n<li><strong>Nome:<\/strong>\u00a0Mariana Vale Brito<\/li>\n\n\n\n<li><strong>Idade:<\/strong>\u00a024 anos<\/li>\n\n\n\n<li><strong>Cidade:<\/strong>\u00a0Lajeado<\/li>\n\n\n\n<li><strong>Representa as empresas:<\/strong>\u00a0Weiand Toyota, Clube Esportivo Lajeadense e Espa\u00e7o Maison 18<\/li>\n<\/ul>\n\n\n\n<ul class=\"wp-block-list\">\n<li><strong>Nome:<\/strong>\u00a0Ra\u00edssa Schuster<\/li>\n\n\n\n<li><strong>Idade:<\/strong>\u00a025 anos<\/li>\n\n\n\n<li><strong>Cidade:<\/strong>\u00a0Lajeado<\/li>\n\n\n\n<li><strong>Representa as empresas:<\/strong>\u00a0Cl\u00ednica Liberte, Supermercado Tr\u00eas Guris e Supnet Telecomunica\u00e7\u00f5es<\/li>\n<\/ul>\n\n\n\n<ul class=\"wp-block-list\">\n<li><strong>Nome:<\/strong>\u00a0Rayssa Daniele Augustin Cardoso<\/li>\n\n\n\n<li><strong>Idade:<\/strong>\u00a021 anos<\/li>\n\n\n\n<li><strong>Cidade:<\/strong>\u00a0Lajeado<\/li>\n\n\n\n<li><strong>Representa a empresa:<\/strong>\u00a0Minha \u00d3tica<\/li>\n<\/ul>\n\n\n\n<ul class=\"wp-block-list\">\n<li><strong>Nome:<\/strong>\u00a0Vit\u00f3ria Corbellini Feix<\/li>\n\n\n\n<li><strong>Idade:<\/strong>\u00a023 anos<\/li>\n\n\n\n<li><strong>Cidade:<\/strong>\u00a0S\u00e9rio<\/li>\n\n\n\n<li><strong>Representa as empresas:<\/strong>\u00a0Luciano Style, Triauto Prote\u00e7\u00e3o Veicular e G.F. Internet Ltda<\/li>\n<\/ul>\n\n\n\n<ul class=\"wp-block-list\">\n<li><strong>Nome:<\/strong>\u00a0Yasmin Rafaela Lagemann<\/li>\n\n\n\n<li><strong>Idade:<\/strong>\u00a022 anos<\/li>\n\n\n\n<li><strong>Cidade:<\/strong>\u00a0Lajeado<\/li>\n\n\n\n<li>R<strong>epresenta as empresas:<\/strong>\u00a0Espa\u00e7o Carmem Saiva e Pada Criativa<\/li>\n<\/ul>\n\n\n\n<ul class=\"wp-block-list\">\n<li><strong>Nome:<\/strong>\u00a0Yasmin Vict\u00f3ria Scheer Mattuella<\/li>\n\n\n\n<li><strong>Idade:<\/strong>\u00a019 anos<\/li>\n\n\n\n<li><strong>Cidade:<\/strong>\u00a0Imigrante<\/li>\n\n\n\n<li><strong>Representa as empresas:<\/strong>\u00a0Metal\u00fargica Hassmann S.A., Grupo Lumi e Gota Limpa<\/li>\n<\/ul>\n","protected":false},"excerpt":{"rendered":"<p>A Associa\u00e7\u00e3o Comercial e Industrial de Lajeado (Acil) encerrou as inscri\u00e7\u00f5es para o concurso que eleger\u00e1 a nova corte da Feira Industrial, Comercial e de Servi\u00e7os do Vale do Taquari (Expovale) 2026. Ao todo, 16 candidatas de sete munic\u00edpios da regi\u00e3o disputar\u00e3o os t\u00edtulos de rainha e princesas da feira. As representantes s\u00e3o de Lajeado, [&hellip;]<\/p>\n","protected":false},"author":8,"featured_media":205480,"comment_status":"open","ping_status":"open","sticky":false,"template":"","format":"standard","meta":{"pmpro_default_level":"","_jetpack_memberships_contains_paid_content":false,"footnotes":""},"categories":[2,6],"tags":[20396,14934,94,14528],"class_list":{"0":"post-205478","1":"post","2":"type-post","3":"status-publish","4":"format-standard","5":"has-post-thumbnail","7":"category-featured","8":"category-inclusive","9":"tag-expovale-2026","10":"tag-expovale-construmobil","11":"tag-soberanas","12":"tag-soberanas-expovale","13":"pmpro-has-access"},"yoast_head":"<!-- This site is optimized with the Yoast SEO plugin v27.4 - https:\/\/yoast.com\/product\/yoast-seo-wordpress\/ -->\n<title>Conhe\u00e7a as dezesseis candidatas \u00e0 corte da Expovale 2026 - Folha Popular<\/title>\n<meta name=\"description\" content=\"A Expovale Construm\u00f3bil 2026 ocorre de 12 a 15 e de 12 a 22 de novembro, no Parque do Imigrante, em Lajeado.\" \/>\n<meta name=\"robots\" content=\"index, follow, max-snippet:-1, max-image-preview:large, max-video-preview:-1\" \/>\n<link rel=\"canonical\" href=\"https:\/\/folhapopular.info\/index.php\/2026\/03\/10\/conheca-as-dezesseis-candidatas-a-corte-da-expovale-2026\/\" \/>\n<meta property=\"og:locale\" content=\"pt_BR\" \/>\n<meta property=\"og:type\" content=\"article\" \/>\n<meta property=\"og:title\" content=\"Conhe\u00e7a as dezesseis candidatas \u00e0 corte da Expovale 2026 - Folha Popular\" \/>\n<meta property=\"og:description\" content=\"A Expovale Construm\u00f3bil 2026 ocorre de 12 a 15 e de 12 a 22 de novembro, no Parque do Imigrante, em Lajeado.\" \/>\n<meta property=\"og:url\" content=\"https:\/\/folhapopular.info\/index.php\/2026\/03\/10\/conheca-as-dezesseis-candidatas-a-corte-da-expovale-2026\/\" \/>\n<meta property=\"og:site_name\" content=\"Folha Popular\" \/>\n<meta property=\"article:published_time\" content=\"2026-03-10T10:41:41+00:00\" \/>\n<meta property=\"article:modified_time\" content=\"2026-03-10T10:42:14+00:00\" \/>\n<meta property=\"og:image\" content=\"http:\/\/folhapopular.info\/wp-content\/uploads\/2026\/03\/unnamed-2.jpg\" \/>\n\t<meta property=\"og:image:width\" content=\"1024\" \/>\n\t<meta property=\"og:image:height\" content=\"729\" \/>\n\t<meta property=\"og:image:type\" content=\"image\/jpeg\" \/>\n<meta name=\"author\" content=\"Reda\u00e7\u00e3o Folha Popular\" \/>\n<meta name=\"twitter:card\" content=\"summary_large_image\" \/>\n<meta name=\"twitter:label1\" content=\"Escrito por\" \/>\n\t<meta name=\"twitter:data1\" content=\"Reda\u00e7\u00e3o Folha Popular\" \/>\n\t<meta name=\"twitter:label2\" content=\"Est. tempo de leitura\" \/>\n\t<meta name=\"twitter:data2\" content=\"4 minutos\" \/>\n<script type=\"application\/ld+json\" class=\"yoast-schema-graph\">{\"@context\":\"https:\\\/\\\/schema.org\",\"@graph\":[{\"@type\":\"Article\",\"@id\":\"https:\\\/\\\/folhapopular.info\\\/index.php\\\/2026\\\/03\\\/10\\\/conheca-as-dezesseis-candidatas-a-corte-da-expovale-2026\\\/#article\",\"isPartOf\":{\"@id\":\"https:\\\/\\\/folhapopular.info\\\/index.php\\\/2026\\\/03\\\/10\\\/conheca-as-dezesseis-candidatas-a-corte-da-expovale-2026\\\/\"},\"author\":{\"name\":\"Reda\u00e7\u00e3o Folha Popular\",\"@id\":\"https:\\\/\\\/folhapopular.info\\\/#\\\/schema\\\/person\\\/2814e8a0df7643585a9ca38bc6eb9d4b\"},\"headline\":\"Conhe\u00e7a as dezesseis candidatas \u00e0 corte da Expovale 2026\",\"datePublished\":\"2026-03-10T10:41:41+00:00\",\"dateModified\":\"2026-03-10T10:42:14+00:00\",\"mainEntityOfPage\":{\"@id\":\"https:\\\/\\\/folhapopular.info\\\/index.php\\\/2026\\\/03\\\/10\\\/conheca-as-dezesseis-candidatas-a-corte-da-expovale-2026\\\/\"},\"wordCount\":560,\"commentCount\":0,\"image\":{\"@id\":\"https:\\\/\\\/folhapopular.info\\\/index.php\\\/2026\\\/03\\\/10\\\/conheca-as-dezesseis-candidatas-a-corte-da-expovale-2026\\\/#primaryimage\"},\"thumbnailUrl\":\"https:\\\/\\\/folhapopular.info\\\/wp-content\\\/uploads\\\/2026\\\/03\\\/unnamed-2.jpg\",\"keywords\":[\"Expovale 2026\",\"Expovale construm\u00f3bil\",\"Soberanas\",\"Soberanas Expovale\"],\"articleSection\":[\"Destaques\",\"Inclusive\"],\"inLanguage\":\"pt-BR\",\"potentialAction\":[{\"@type\":\"CommentAction\",\"name\":\"Comment\",\"target\":[\"https:\\\/\\\/folhapopular.info\\\/index.php\\\/2026\\\/03\\\/10\\\/conheca-as-dezesseis-candidatas-a-corte-da-expovale-2026\\\/#respond\"]}]},{\"@type\":\"WebPage\",\"@id\":\"https:\\\/\\\/folhapopular.info\\\/index.php\\\/2026\\\/03\\\/10\\\/conheca-as-dezesseis-candidatas-a-corte-da-expovale-2026\\\/\",\"url\":\"https:\\\/\\\/folhapopular.info\\\/index.php\\\/2026\\\/03\\\/10\\\/conheca-as-dezesseis-candidatas-a-corte-da-expovale-2026\\\/\",\"name\":\"Conhe\u00e7a as dezesseis candidatas \u00e0 corte da Expovale 2026 - Folha Popular\",\"isPartOf\":{\"@id\":\"https:\\\/\\\/folhapopular.info\\\/#website\"},\"primaryImageOfPage\":{\"@id\":\"https:\\\/\\\/folhapopular.info\\\/index.php\\\/2026\\\/03\\\/10\\\/conheca-as-dezesseis-candidatas-a-corte-da-expovale-2026\\\/#primaryimage\"},\"image\":{\"@id\":\"https:\\\/\\\/folhapopular.info\\\/index.php\\\/2026\\\/03\\\/10\\\/conheca-as-dezesseis-candidatas-a-corte-da-expovale-2026\\\/#primaryimage\"},\"thumbnailUrl\":\"https:\\\/\\\/folhapopular.info\\\/wp-content\\\/uploads\\\/2026\\\/03\\\/unnamed-2.jpg\",\"datePublished\":\"2026-03-10T10:41:41+00:00\",\"dateModified\":\"2026-03-10T10:42:14+00:00\",\"author\":{\"@id\":\"https:\\\/\\\/folhapopular.info\\\/#\\\/schema\\\/person\\\/2814e8a0df7643585a9ca38bc6eb9d4b\"},\"description\":\"A Expovale Construm\u00f3bil 2026 ocorre de 12 a 15 e de 12 a 22 de novembro, no Parque do Imigrante, em Lajeado.\",\"breadcrumb\":{\"@id\":\"https:\\\/\\\/folhapopular.info\\\/index.php\\\/2026\\\/03\\\/10\\\/conheca-as-dezesseis-candidatas-a-corte-da-expovale-2026\\\/#breadcrumb\"},\"inLanguage\":\"pt-BR\",\"potentialAction\":[{\"@type\":\"ReadAction\",\"target\":[\"https:\\\/\\\/folhapopular.info\\\/index.php\\\/2026\\\/03\\\/10\\\/conheca-as-dezesseis-candidatas-a-corte-da-expovale-2026\\\/\"]}]},{\"@type\":\"ImageObject\",\"inLanguage\":\"pt-BR\",\"@id\":\"https:\\\/\\\/folhapopular.info\\\/index.php\\\/2026\\\/03\\\/10\\\/conheca-as-dezesseis-candidatas-a-corte-da-expovale-2026\\\/#primaryimage\",\"url\":\"https:\\\/\\\/folhapopular.info\\\/wp-content\\\/uploads\\\/2026\\\/03\\\/unnamed-2.jpg\",\"contentUrl\":\"https:\\\/\\\/folhapopular.info\\\/wp-content\\\/uploads\\\/2026\\\/03\\\/unnamed-2.jpg\",\"width\":1024,\"height\":729,\"caption\":\"Cr\u00e9dito: Divulga\u00e7\u00e3o\"},{\"@type\":\"BreadcrumbList\",\"@id\":\"https:\\\/\\\/folhapopular.info\\\/index.php\\\/2026\\\/03\\\/10\\\/conheca-as-dezesseis-candidatas-a-corte-da-expovale-2026\\\/#breadcrumb\",\"itemListElement\":[{\"@type\":\"ListItem\",\"position\":1,\"name\":\"In\u00edcio\",\"item\":\"https:\\\/\\\/folhapopular.info\\\/\"},{\"@type\":\"ListItem\",\"position\":2,\"name\":\"Conhe\u00e7a as dezesseis candidatas \u00e0 corte da Expovale 2026\"}]},{\"@type\":\"WebSite\",\"@id\":\"https:\\\/\\\/folhapopular.info\\\/#website\",\"url\":\"https:\\\/\\\/folhapopular.info\\\/\",\"name\":\"Folha Popular\",\"description\":\"Onde voc\u00ea tem vez e voz\",\"potentialAction\":[{\"@type\":\"SearchAction\",\"target\":{\"@type\":\"EntryPoint\",\"urlTemplate\":\"https:\\\/\\\/folhapopular.info\\\/?s={search_term_string}\"},\"query-input\":{\"@type\":\"PropertyValueSpecification\",\"valueRequired\":true,\"valueName\":\"search_term_string\"}}],\"inLanguage\":\"pt-BR\"},{\"@type\":\"Person\",\"@id\":\"https:\\\/\\\/folhapopular.info\\\/#\\\/schema\\\/person\\\/2814e8a0df7643585a9ca38bc6eb9d4b\",\"name\":\"Reda\u00e7\u00e3o Folha Popular\",\"image\":{\"@type\":\"ImageObject\",\"inLanguage\":\"pt-BR\",\"@id\":\"https:\\\/\\\/folhapopular.info\\\/wp-content\\\/uploads\\\/2026\\\/04\\\/Folha-1.webp\",\"url\":\"https:\\\/\\\/folhapopular.info\\\/wp-content\\\/uploads\\\/2026\\\/04\\\/Folha-1.webp\",\"contentUrl\":\"https:\\\/\\\/folhapopular.info\\\/wp-content\\\/uploads\\\/2026\\\/04\\\/Folha-1.webp\",\"caption\":\"Reda\u00e7\u00e3o Folha Popular\"},\"url\":\"https:\\\/\\\/folhapopular.info\\\/index.php\\\/author\\\/redacao\\\/\"}]}<\/script>\n<!-- \/ Yoast SEO plugin. -->","yoast_head_json":{"title":"Conhe\u00e7a as dezesseis candidatas \u00e0 corte da Expovale 2026 - Folha Popular","description":"A Expovale Construm\u00f3bil 2026 ocorre de 12 a 15 e de 12 a 22 de novembro, no Parque do Imigrante, em Lajeado.","robots":{"index":"index","follow":"follow","max-snippet":"max-snippet:-1","max-image-preview":"max-image-preview:large","max-video-preview":"max-video-preview:-1"},"canonical":"https:\/\/folhapopular.info\/index.php\/2026\/03\/10\/conheca-as-dezesseis-candidatas-a-corte-da-expovale-2026\/","og_locale":"pt_BR","og_type":"article","og_title":"Conhe\u00e7a as dezesseis candidatas \u00e0 corte da Expovale 2026 - Folha Popular","og_description":"A Expovale Construm\u00f3bil 2026 ocorre de 12 a 15 e de 12 a 22 de novembro, no Parque do Imigrante, em Lajeado.","og_url":"https:\/\/folhapopular.info\/index.php\/2026\/03\/10\/conheca-as-dezesseis-candidatas-a-corte-da-expovale-2026\/","og_site_name":"Folha Popular","article_published_time":"2026-03-10T10:41:41+00:00","article_modified_time":"2026-03-10T10:42:14+00:00","og_image":[{"width":1024,"height":729,"url":"http:\/\/folhapopular.info\/wp-content\/uploads\/2026\/03\/unnamed-2.jpg","type":"image\/jpeg"}],"author":"Reda\u00e7\u00e3o Folha Popular","twitter_card":"summary_large_image","twitter_misc":{"Escrito por":"Reda\u00e7\u00e3o Folha Popular","Est. tempo de leitura":"4 minutos"},"schema":{"@context":"https:\/\/schema.org","@graph":[{"@type":"Article","@id":"https:\/\/folhapopular.info\/index.php\/2026\/03\/10\/conheca-as-dezesseis-candidatas-a-corte-da-expovale-2026\/#article","isPartOf":{"@id":"https:\/\/folhapopular.info\/index.php\/2026\/03\/10\/conheca-as-dezesseis-candidatas-a-corte-da-expovale-2026\/"},"author":{"name":"Reda\u00e7\u00e3o Folha Popular","@id":"https:\/\/folhapopular.info\/#\/schema\/person\/2814e8a0df7643585a9ca38bc6eb9d4b"},"headline":"Conhe\u00e7a as dezesseis candidatas \u00e0 corte da Expovale 2026","datePublished":"2026-03-10T10:41:41+00:00","dateModified":"2026-03-10T10:42:14+00:00","mainEntityOfPage":{"@id":"https:\/\/folhapopular.info\/index.php\/2026\/03\/10\/conheca-as-dezesseis-candidatas-a-corte-da-expovale-2026\/"},"wordCount":560,"commentCount":0,"image":{"@id":"https:\/\/folhapopular.info\/index.php\/2026\/03\/10\/conheca-as-dezesseis-candidatas-a-corte-da-expovale-2026\/#primaryimage"},"thumbnailUrl":"https:\/\/folhapopular.info\/wp-content\/uploads\/2026\/03\/unnamed-2.jpg","keywords":["Expovale 2026","Expovale construm\u00f3bil","Soberanas","Soberanas Expovale"],"articleSection":["Destaques","Inclusive"],"inLanguage":"pt-BR","potentialAction":[{"@type":"CommentAction","name":"Comment","target":["https:\/\/folhapopular.info\/index.php\/2026\/03\/10\/conheca-as-dezesseis-candidatas-a-corte-da-expovale-2026\/#respond"]}]},{"@type":"WebPage","@id":"https:\/\/folhapopular.info\/index.php\/2026\/03\/10\/conheca-as-dezesseis-candidatas-a-corte-da-expovale-2026\/","url":"https:\/\/folhapopular.info\/index.php\/2026\/03\/10\/conheca-as-dezesseis-candidatas-a-corte-da-expovale-2026\/","name":"Conhe\u00e7a as dezesseis candidatas \u00e0 corte da Expovale 2026 - Folha Popular","isPartOf":{"@id":"https:\/\/folhapopular.info\/#website"},"primaryImageOfPage":{"@id":"https:\/\/folhapopular.info\/index.php\/2026\/03\/10\/conheca-as-dezesseis-candidatas-a-corte-da-expovale-2026\/#primaryimage"},"image":{"@id":"https:\/\/folhapopular.info\/index.php\/2026\/03\/10\/conheca-as-dezesseis-candidatas-a-corte-da-expovale-2026\/#primaryimage"},"thumbnailUrl":"https:\/\/folhapopular.info\/wp-content\/uploads\/2026\/03\/unnamed-2.jpg","datePublished":"2026-03-10T10:41:41+00:00","dateModified":"2026-03-10T10:42:14+00:00","author":{"@id":"https:\/\/folhapopular.info\/#\/schema\/person\/2814e8a0df7643585a9ca38bc6eb9d4b"},"description":"A Expovale Construm\u00f3bil 2026 ocorre de 12 a 15 e de 12 a 22 de novembro, no Parque do Imigrante, em Lajeado.","breadcrumb":{"@id":"https:\/\/folhapopular.info\/index.php\/2026\/03\/10\/conheca-as-dezesseis-candidatas-a-corte-da-expovale-2026\/#breadcrumb"},"inLanguage":"pt-BR","potentialAction":[{"@type":"ReadAction","target":["https:\/\/folhapopular.info\/index.php\/2026\/03\/10\/conheca-as-dezesseis-candidatas-a-corte-da-expovale-2026\/"]}]},{"@type":"ImageObject","inLanguage":"pt-BR","@id":"https:\/\/folhapopular.info\/index.php\/2026\/03\/10\/conheca-as-dezesseis-candidatas-a-corte-da-expovale-2026\/#primaryimage","url":"https:\/\/folhapopular.info\/wp-content\/uploads\/2026\/03\/unnamed-2.jpg","contentUrl":"https:\/\/folhapopular.info\/wp-content\/uploads\/2026\/03\/unnamed-2.jpg","width":1024,"height":729,"caption":"Cr\u00e9dito: Divulga\u00e7\u00e3o"},{"@type":"BreadcrumbList","@id":"https:\/\/folhapopular.info\/index.php\/2026\/03\/10\/conheca-as-dezesseis-candidatas-a-corte-da-expovale-2026\/#breadcrumb","itemListElement":[{"@type":"ListItem","position":1,"name":"In\u00edcio","item":"https:\/\/folhapopular.info\/"},{"@type":"ListItem","position":2,"name":"Conhe\u00e7a as dezesseis candidatas \u00e0 corte da Expovale 2026"}]},{"@type":"WebSite","@id":"https:\/\/folhapopular.info\/#website","url":"https:\/\/folhapopular.info\/","name":"Folha Popular","description":"Onde voc\u00ea tem vez e voz","potentialAction":[{"@type":"SearchAction","target":{"@type":"EntryPoint","urlTemplate":"https:\/\/folhapopular.info\/?s={search_term_string}"},"query-input":{"@type":"PropertyValueSpecification","valueRequired":true,"valueName":"search_term_string"}}],"inLanguage":"pt-BR"},{"@type":"Person","@id":"https:\/\/folhapopular.info\/#\/schema\/person\/2814e8a0df7643585a9ca38bc6eb9d4b","name":"Reda\u00e7\u00e3o Folha Popular","image":{"@type":"ImageObject","inLanguage":"pt-BR","@id":"https:\/\/folhapopular.info\/wp-content\/uploads\/2026\/04\/Folha-1.webp","url":"https:\/\/folhapopular.info\/wp-content\/uploads\/2026\/04\/Folha-1.webp","contentUrl":"https:\/\/folhapopular.info\/wp-content\/uploads\/2026\/04\/Folha-1.webp","caption":"Reda\u00e7\u00e3o Folha Popular"},"url":"https:\/\/folhapopular.info\/index.php\/author\/redacao\/"}]}},"jetpack_featured_media_url":"https:\/\/folhapopular.info\/wp-content\/uploads\/2026\/03\/unnamed-2.jpg","jetpack_sharing_enabled":true,"amp_enabled":true,"_links":{"self":[{"href":"https:\/\/folhapopular.info\/index.php\/wp-json\/wp\/v2\/posts\/205478","targetHints":{"allow":["GET"]}}],"collection":[{"href":"https:\/\/folhapopular.info\/index.php\/wp-json\/wp\/v2\/posts"}],"about":[{"href":"https:\/\/folhapopular.info\/index.php\/wp-json\/wp\/v2\/types\/post"}],"author":[{"embeddable":true,"href":"https:\/\/folhapopular.info\/index.php\/wp-json\/wp\/v2\/users\/8"}],"replies":[{"embeddable":true,"href":"https:\/\/folhapopular.info\/index.php\/wp-json\/wp\/v2\/comments?post=205478"}],"version-history":[{"count":0,"href":"https:\/\/folhapopular.info\/index.php\/wp-json\/wp\/v2\/posts\/205478\/revisions"}],"wp:featuredmedia":[{"embeddable":true,"href":"https:\/\/folhapopular.info\/index.php\/wp-json\/wp\/v2\/media\/205480"}],"wp:attachment":[{"href":"https:\/\/folhapopular.info\/index.php\/wp-json\/wp\/v2\/media?parent=205478"}],"wp:term":[{"taxonomy":"category","embeddable":true,"href":"https:\/\/folhapopular.info\/index.php\/wp-json\/wp\/v2\/categories?post=205478"},{"taxonomy":"post_tag","embeddable":true,"href":"https:\/\/folhapopular.info\/index.php\/wp-json\/wp\/v2\/tags?post=205478"}],"curies":[{"name":"wp","href":"https:\/\/api.w.org\/{rel}","templated":true}]}}