{"id":205495,"date":"2026-03-10T10:16:12","date_gmt":"2026-03-10T13:16:12","guid":{"rendered":"https:\/\/folhapopular.info\/?p=205495"},"modified":"2026-03-11T14:47:37","modified_gmt":"2026-03-11T17:47:37","slug":"roca-sales-sediara-3a-edicao-do-passeio-cicloturistico-conventos-vermelhos","status":"publish","type":"post","link":"https:\/\/folhapopular.info\/index.php\/2026\/03\/10\/roca-sales-sediara-3a-edicao-do-passeio-cicloturistico-conventos-vermelhos\/","title":{"rendered":"Roca Sales sediar\u00e1 3\u00aa edi\u00e7\u00e3o do Passeio Ciclotur\u00edstico Conventos Vermelhos"},"content":{"rendered":"\n<p>O munic\u00edpio de Roca Sales j\u00e1 se mobiliza para receber mais uma edi\u00e7\u00e3o de um evento que une esporte, turismo e contato com a natureza. No dia 2 de agosto de 2026, ocorre a 3\u00aa edi\u00e7\u00e3o do Passeio Ciclotur\u00edstico Conventos Vermelhos, atividade que integra o calend\u00e1rio do Ciclo Turismo 2026.<\/p>\n\n\n\n<p>A programa\u00e7\u00e3o deve reunir ciclistas de diversas cidades da regi\u00e3o e ter\u00e1 tr\u00eas op\u00e7\u00f5es de percurso: curto, m\u00e9dio e longo, o que permite a participa\u00e7\u00e3o tanto de iniciantes quanto de atletas mais experientes.<\/p>\n\n\n\n<p>A proposta do evento \u00e9 incentivar a pr\u00e1tica da atividade f\u00edsica, promover a integra\u00e7\u00e3o entre os participantes e valorizar os atrativos naturais e tur\u00edsticos de Roca Sales e do Vale do Taquari.<\/p>\n\n\n\n<p>As inscri\u00e7\u00f5es ser\u00e3o realizadas pela Bike do Sul. No primeiro lote, dispon\u00edvel at\u00e9 31 de maio, o valor ser\u00e1 de R$ 35. J\u00e1 no segundo lote, o custo passa para R$ 55.<\/p>\n\n\n\n<p>A iniciativa tem o apoio de parceiros e faz parte de um conjunto de a\u00e7\u00f5es voltadas ao fortalecimento do cicloturismo e \u00e0 promo\u00e7\u00e3o do turismo regional.<\/p>\n\n\n\n<p>De acordo com a Administra\u00e7\u00e3o Municipal, novas informa\u00e7\u00f5es sobre a programa\u00e7\u00e3o, os trajetos e detalhes da organiza\u00e7\u00e3o ser\u00e3o divulgadas nos pr\u00f3ximos meses nos canais oficiais do munic\u00edpio.<\/p>\n\n\n\n<figure class=\"wp-block-embed is-type-wp-embed is-provider-folha-popular wp-block-embed-folha-popular\"><div class=\"wp-block-embed__wrapper\">\n<blockquote class=\"wp-embedded-content\" data-secret=\"NYsNUmjnnY\"><a href=\"https:\/\/folhapopular.info\/index.php\/2026\/02\/25\/municipal-de-2026-sera-disputado-por-quatro-clubes-em-roca-sales\/\">Municipal de 2026 ser\u00e1 disputado por quatro clubes em Roca Sales<\/a><\/blockquote><iframe loading=\"lazy\" class=\"wp-embedded-content\" sandbox=\"allow-scripts\" security=\"restricted\" style=\"position: absolute; visibility: hidden;\" title=\"&#8220;Municipal de 2026 ser\u00e1 disputado por quatro clubes em Roca Sales&#8221; &#8212; Folha Popular\" src=\"https:\/\/folhapopular.info\/index.php\/2026\/02\/25\/municipal-de-2026-sera-disputado-por-quatro-clubes-em-roca-sales\/embed\/#?secret=zavUizsws4#?secret=NYsNUmjnnY\" data-secret=\"NYsNUmjnnY\" width=\"600\" height=\"338\" frameborder=\"0\" marginwidth=\"0\" marginheight=\"0\" scrolling=\"no\"><\/iframe>\n<\/div><\/figure>\n","protected":false},"excerpt":{"rendered":"<p>O munic\u00edpio de Roca Sales j\u00e1 se mobiliza para receber mais uma edi\u00e7\u00e3o de um evento que une esporte, turismo e contato com a natureza. No dia 2 de agosto de 2026, ocorre a 3\u00aa edi\u00e7\u00e3o do Passeio Ciclotur\u00edstico Conventos Vermelhos, atividade que integra o calend\u00e1rio do Ciclo Turismo 2026. A programa\u00e7\u00e3o deve reunir ciclistas [&hellip;]<\/p>\n","protected":false},"author":732,"featured_media":205496,"comment_status":"open","ping_status":"open","sticky":false,"template":"","format":"standard","meta":{"pmpro_default_level":"","_jetpack_memberships_contains_paid_content":false,"footnotes":""},"categories":[16751,5],"tags":[6977,20720,20719,707],"class_list":{"0":"post-205495","1":"post","2":"type-post","3":"status-publish","4":"format-standard","5":"has-post-thumbnail","7":"category-ciclismo","8":"category-esportes","9":"tag-3a-edicao","10":"tag-cicilismo","11":"tag-passeio-cicloturistico-conventos-vermelhos","12":"tag-roca-sales","13":"pmpro-has-access"},"yoast_head":"<!-- This site is optimized with the Yoast SEO plugin v27.5 - https:\/\/yoast.com\/product\/yoast-seo-wordpress\/ -->\n<title>Roca Sales sediar\u00e1 3\u00aa edi\u00e7\u00e3o do Passeio Ciclotur\u00edstico Conventos Vermelhos - Folha Popular<\/title>\n<meta name=\"description\" content=\"Programa\u00e7\u00e3o do 3\u00ba Passeio Ciclotur\u00edstico deve reunir diversas cidades da regi\u00e3o e ter\u00e1 tr\u00eas op\u00e7\u00f5es de percurso: curto, m\u00e9dio e longo.\" \/>\n<meta name=\"robots\" content=\"index, follow, max-snippet:-1, max-image-preview:large, max-video-preview:-1\" \/>\n<link rel=\"canonical\" href=\"https:\/\/folhapopular.info\/index.php\/2026\/03\/10\/roca-sales-sediara-3a-edicao-do-passeio-cicloturistico-conventos-vermelhos\/\" \/>\n<meta property=\"og:locale\" content=\"pt_BR\" \/>\n<meta property=\"og:type\" content=\"article\" \/>\n<meta property=\"og:title\" content=\"Roca Sales sediar\u00e1 3\u00aa edi\u00e7\u00e3o do Passeio Ciclotur\u00edstico Conventos Vermelhos - Folha Popular\" \/>\n<meta property=\"og:description\" content=\"Programa\u00e7\u00e3o do 3\u00ba Passeio Ciclotur\u00edstico deve reunir diversas cidades da regi\u00e3o e ter\u00e1 tr\u00eas op\u00e7\u00f5es de percurso: curto, m\u00e9dio e longo.\" \/>\n<meta property=\"og:url\" content=\"https:\/\/folhapopular.info\/index.php\/2026\/03\/10\/roca-sales-sediara-3a-edicao-do-passeio-cicloturistico-conventos-vermelhos\/\" \/>\n<meta property=\"og:site_name\" content=\"Folha Popular\" \/>\n<meta property=\"article:author\" content=\"https:\/\/www.facebook.com\/luis.huppes\/\" \/>\n<meta property=\"article:published_time\" content=\"2026-03-10T13:16:12+00:00\" \/>\n<meta property=\"article:modified_time\" content=\"2026-03-11T17:47:37+00:00\" \/>\n<meta property=\"og:image\" content=\"http:\/\/folhapopular.info\/wp-content\/uploads\/2026\/03\/WhatsApp-Image-2026-03-10-at-09.58.08.jpeg\" \/>\n\t<meta property=\"og:image:width\" content=\"1440\" \/>\n\t<meta property=\"og:image:height\" content=\"961\" \/>\n\t<meta property=\"og:image:type\" content=\"image\/jpeg\" \/>\n<meta name=\"author\" content=\"Luis Augusto Huppes\" \/>\n<meta name=\"twitter:card\" content=\"summary_large_image\" \/>\n<meta name=\"twitter:label1\" content=\"Escrito por\" \/>\n\t<meta name=\"twitter:data1\" content=\"Luis Augusto Huppes\" \/>\n\t<meta name=\"twitter:label2\" content=\"Est. tempo de leitura\" \/>\n\t<meta name=\"twitter:data2\" content=\"2 minutos\" \/>\n<script type=\"application\/ld+json\" class=\"yoast-schema-graph\">{\"@context\":\"https:\\\/\\\/schema.org\",\"@graph\":[{\"@type\":\"Article\",\"@id\":\"https:\\\/\\\/folhapopular.info\\\/index.php\\\/2026\\\/03\\\/10\\\/roca-sales-sediara-3a-edicao-do-passeio-cicloturistico-conventos-vermelhos\\\/#article\",\"isPartOf\":{\"@id\":\"https:\\\/\\\/folhapopular.info\\\/index.php\\\/2026\\\/03\\\/10\\\/roca-sales-sediara-3a-edicao-do-passeio-cicloturistico-conventos-vermelhos\\\/\"},\"author\":{\"name\":\"Luis Augusto Huppes\",\"@id\":\"https:\\\/\\\/folhapopular.info\\\/#\\\/schema\\\/person\\\/e852c327371714676d02e58cf917fd9f\"},\"headline\":\"Roca Sales sediar\u00e1 3\u00aa edi\u00e7\u00e3o do Passeio Ciclotur\u00edstico Conventos Vermelhos\",\"datePublished\":\"2026-03-10T13:16:12+00:00\",\"dateModified\":\"2026-03-11T17:47:37+00:00\",\"mainEntityOfPage\":{\"@id\":\"https:\\\/\\\/folhapopular.info\\\/index.php\\\/2026\\\/03\\\/10\\\/roca-sales-sediara-3a-edicao-do-passeio-cicloturistico-conventos-vermelhos\\\/\"},\"wordCount\":236,\"commentCount\":0,\"image\":{\"@id\":\"https:\\\/\\\/folhapopular.info\\\/index.php\\\/2026\\\/03\\\/10\\\/roca-sales-sediara-3a-edicao-do-passeio-cicloturistico-conventos-vermelhos\\\/#primaryimage\"},\"thumbnailUrl\":\"https:\\\/\\\/folhapopular.info\\\/wp-content\\\/uploads\\\/2026\\\/03\\\/WhatsApp-Image-2026-03-10-at-09.58.08.jpeg\",\"keywords\":[\"3\u00aa Edi\u00e7\u00e3o\",\"Cicilismo\",\"Passeio Ciclotur\u00edstico Conventos Vermelhos\",\"Roca Sales\"],\"articleSection\":[\"Ciclismo\",\"Esportes\"],\"inLanguage\":\"pt-BR\",\"potentialAction\":[{\"@type\":\"CommentAction\",\"name\":\"Comment\",\"target\":[\"https:\\\/\\\/folhapopular.info\\\/index.php\\\/2026\\\/03\\\/10\\\/roca-sales-sediara-3a-edicao-do-passeio-cicloturistico-conventos-vermelhos\\\/#respond\"]}]},{\"@type\":\"WebPage\",\"@id\":\"https:\\\/\\\/folhapopular.info\\\/index.php\\\/2026\\\/03\\\/10\\\/roca-sales-sediara-3a-edicao-do-passeio-cicloturistico-conventos-vermelhos\\\/\",\"url\":\"https:\\\/\\\/folhapopular.info\\\/index.php\\\/2026\\\/03\\\/10\\\/roca-sales-sediara-3a-edicao-do-passeio-cicloturistico-conventos-vermelhos\\\/\",\"name\":\"Roca Sales sediar\u00e1 3\u00aa edi\u00e7\u00e3o do Passeio Ciclotur\u00edstico Conventos Vermelhos - Folha Popular\",\"isPartOf\":{\"@id\":\"https:\\\/\\\/folhapopular.info\\\/#website\"},\"primaryImageOfPage\":{\"@id\":\"https:\\\/\\\/folhapopular.info\\\/index.php\\\/2026\\\/03\\\/10\\\/roca-sales-sediara-3a-edicao-do-passeio-cicloturistico-conventos-vermelhos\\\/#primaryimage\"},\"image\":{\"@id\":\"https:\\\/\\\/folhapopular.info\\\/index.php\\\/2026\\\/03\\\/10\\\/roca-sales-sediara-3a-edicao-do-passeio-cicloturistico-conventos-vermelhos\\\/#primaryimage\"},\"thumbnailUrl\":\"https:\\\/\\\/folhapopular.info\\\/wp-content\\\/uploads\\\/2026\\\/03\\\/WhatsApp-Image-2026-03-10-at-09.58.08.jpeg\",\"datePublished\":\"2026-03-10T13:16:12+00:00\",\"dateModified\":\"2026-03-11T17:47:37+00:00\",\"author\":{\"@id\":\"https:\\\/\\\/folhapopular.info\\\/#\\\/schema\\\/person\\\/e852c327371714676d02e58cf917fd9f\"},\"description\":\"Programa\u00e7\u00e3o do 3\u00ba Passeio Ciclotur\u00edstico deve reunir diversas cidades da regi\u00e3o e ter\u00e1 tr\u00eas op\u00e7\u00f5es de percurso: curto, m\u00e9dio e longo.\",\"breadcrumb\":{\"@id\":\"https:\\\/\\\/folhapopular.info\\\/index.php\\\/2026\\\/03\\\/10\\\/roca-sales-sediara-3a-edicao-do-passeio-cicloturistico-conventos-vermelhos\\\/#breadcrumb\"},\"inLanguage\":\"pt-BR\",\"potentialAction\":[{\"@type\":\"ReadAction\",\"target\":[\"https:\\\/\\\/folhapopular.info\\\/index.php\\\/2026\\\/03\\\/10\\\/roca-sales-sediara-3a-edicao-do-passeio-cicloturistico-conventos-vermelhos\\\/\"]}]},{\"@type\":\"ImageObject\",\"inLanguage\":\"pt-BR\",\"@id\":\"https:\\\/\\\/folhapopular.info\\\/index.php\\\/2026\\\/03\\\/10\\\/roca-sales-sediara-3a-edicao-do-passeio-cicloturistico-conventos-vermelhos\\\/#primaryimage\",\"url\":\"https:\\\/\\\/folhapopular.info\\\/wp-content\\\/uploads\\\/2026\\\/03\\\/WhatsApp-Image-2026-03-10-at-09.58.08.jpeg\",\"contentUrl\":\"https:\\\/\\\/folhapopular.info\\\/wp-content\\\/uploads\\\/2026\\\/03\\\/WhatsApp-Image-2026-03-10-at-09.58.08.jpeg\",\"width\":1440,\"height\":961,\"caption\":\"Evento ser\u00e1 no dia 2 de agosto - Cr\u00e9dito: Divulga\u00e7\u00e3o\"},{\"@type\":\"BreadcrumbList\",\"@id\":\"https:\\\/\\\/folhapopular.info\\\/index.php\\\/2026\\\/03\\\/10\\\/roca-sales-sediara-3a-edicao-do-passeio-cicloturistico-conventos-vermelhos\\\/#breadcrumb\",\"itemListElement\":[{\"@type\":\"ListItem\",\"position\":1,\"name\":\"In\u00edcio\",\"item\":\"https:\\\/\\\/folhapopular.info\\\/\"},{\"@type\":\"ListItem\",\"position\":2,\"name\":\"Roca Sales sediar\u00e1 3\u00aa edi\u00e7\u00e3o do Passeio Ciclotur\u00edstico Conventos Vermelhos\"}]},{\"@type\":\"WebSite\",\"@id\":\"https:\\\/\\\/folhapopular.info\\\/#website\",\"url\":\"https:\\\/\\\/folhapopular.info\\\/\",\"name\":\"Folha Popular\",\"description\":\"Onde voc\u00ea tem vez e voz\",\"potentialAction\":[{\"@type\":\"SearchAction\",\"target\":{\"@type\":\"EntryPoint\",\"urlTemplate\":\"https:\\\/\\\/folhapopular.info\\\/?s={search_term_string}\"},\"query-input\":{\"@type\":\"PropertyValueSpecification\",\"valueRequired\":true,\"valueName\":\"search_term_string\"}}],\"inLanguage\":\"pt-BR\"},{\"@type\":\"Person\",\"@id\":\"https:\\\/\\\/folhapopular.info\\\/#\\\/schema\\\/person\\\/e852c327371714676d02e58cf917fd9f\",\"name\":\"Luis Augusto Huppes\",\"image\":{\"@type\":\"ImageObject\",\"inLanguage\":\"pt-BR\",\"@id\":\"https:\\\/\\\/folhapopular.info\\\/wp-content\\\/uploads\\\/2026\\\/04\\\/Luis-Augusto-Huppes-1-1.webp\",\"url\":\"https:\\\/\\\/folhapopular.info\\\/wp-content\\\/uploads\\\/2026\\\/04\\\/Luis-Augusto-Huppes-1-1.webp\",\"contentUrl\":\"https:\\\/\\\/folhapopular.info\\\/wp-content\\\/uploads\\\/2026\\\/04\\\/Luis-Augusto-Huppes-1-1.webp\",\"caption\":\"Luis Augusto Huppes\"},\"sameAs\":[\"https:\\\/\\\/www.facebook.com\\\/luis.huppes\\\/\",\"https:\\\/\\\/www.instagram.com\\\/luis.huppes\\\/\",\"https:\\\/\\\/www.linkedin.com\\\/in\\\/luis-augusto-huppes-2554b52b7\\\/\"],\"url\":\"https:\\\/\\\/folhapopular.info\\\/index.php\\\/author\\\/luis-augusto-huppes\\\/\"}]}<\/script>\n<!-- \/ Yoast SEO plugin. -->","yoast_head_json":{"title":"Roca Sales sediar\u00e1 3\u00aa edi\u00e7\u00e3o do Passeio Ciclotur\u00edstico Conventos Vermelhos - Folha Popular","description":"Programa\u00e7\u00e3o do 3\u00ba Passeio Ciclotur\u00edstico deve reunir diversas cidades da regi\u00e3o e ter\u00e1 tr\u00eas op\u00e7\u00f5es de percurso: curto, m\u00e9dio e longo.","robots":{"index":"index","follow":"follow","max-snippet":"max-snippet:-1","max-image-preview":"max-image-preview:large","max-video-preview":"max-video-preview:-1"},"canonical":"https:\/\/folhapopular.info\/index.php\/2026\/03\/10\/roca-sales-sediara-3a-edicao-do-passeio-cicloturistico-conventos-vermelhos\/","og_locale":"pt_BR","og_type":"article","og_title":"Roca Sales sediar\u00e1 3\u00aa edi\u00e7\u00e3o do Passeio Ciclotur\u00edstico Conventos Vermelhos - Folha Popular","og_description":"Programa\u00e7\u00e3o do 3\u00ba Passeio Ciclotur\u00edstico deve reunir diversas cidades da regi\u00e3o e ter\u00e1 tr\u00eas op\u00e7\u00f5es de percurso: curto, m\u00e9dio e longo.","og_url":"https:\/\/folhapopular.info\/index.php\/2026\/03\/10\/roca-sales-sediara-3a-edicao-do-passeio-cicloturistico-conventos-vermelhos\/","og_site_name":"Folha Popular","article_author":"https:\/\/www.facebook.com\/luis.huppes\/","article_published_time":"2026-03-10T13:16:12+00:00","article_modified_time":"2026-03-11T17:47:37+00:00","og_image":[{"width":1440,"height":961,"url":"http:\/\/folhapopular.info\/wp-content\/uploads\/2026\/03\/WhatsApp-Image-2026-03-10-at-09.58.08.jpeg","type":"image\/jpeg"}],"author":"Luis Augusto Huppes","twitter_card":"summary_large_image","twitter_misc":{"Escrito por":"Luis Augusto Huppes","Est. tempo de leitura":"2 minutos"},"schema":{"@context":"https:\/\/schema.org","@graph":[{"@type":"Article","@id":"https:\/\/folhapopular.info\/index.php\/2026\/03\/10\/roca-sales-sediara-3a-edicao-do-passeio-cicloturistico-conventos-vermelhos\/#article","isPartOf":{"@id":"https:\/\/folhapopular.info\/index.php\/2026\/03\/10\/roca-sales-sediara-3a-edicao-do-passeio-cicloturistico-conventos-vermelhos\/"},"author":{"name":"Luis Augusto Huppes","@id":"https:\/\/folhapopular.info\/#\/schema\/person\/e852c327371714676d02e58cf917fd9f"},"headline":"Roca Sales sediar\u00e1 3\u00aa edi\u00e7\u00e3o do Passeio Ciclotur\u00edstico Conventos Vermelhos","datePublished":"2026-03-10T13:16:12+00:00","dateModified":"2026-03-11T17:47:37+00:00","mainEntityOfPage":{"@id":"https:\/\/folhapopular.info\/index.php\/2026\/03\/10\/roca-sales-sediara-3a-edicao-do-passeio-cicloturistico-conventos-vermelhos\/"},"wordCount":236,"commentCount":0,"image":{"@id":"https:\/\/folhapopular.info\/index.php\/2026\/03\/10\/roca-sales-sediara-3a-edicao-do-passeio-cicloturistico-conventos-vermelhos\/#primaryimage"},"thumbnailUrl":"https:\/\/folhapopular.info\/wp-content\/uploads\/2026\/03\/WhatsApp-Image-2026-03-10-at-09.58.08.jpeg","keywords":["3\u00aa Edi\u00e7\u00e3o","Cicilismo","Passeio Ciclotur\u00edstico Conventos Vermelhos","Roca Sales"],"articleSection":["Ciclismo","Esportes"],"inLanguage":"pt-BR","potentialAction":[{"@type":"CommentAction","name":"Comment","target":["https:\/\/folhapopular.info\/index.php\/2026\/03\/10\/roca-sales-sediara-3a-edicao-do-passeio-cicloturistico-conventos-vermelhos\/#respond"]}]},{"@type":"WebPage","@id":"https:\/\/folhapopular.info\/index.php\/2026\/03\/10\/roca-sales-sediara-3a-edicao-do-passeio-cicloturistico-conventos-vermelhos\/","url":"https:\/\/folhapopular.info\/index.php\/2026\/03\/10\/roca-sales-sediara-3a-edicao-do-passeio-cicloturistico-conventos-vermelhos\/","name":"Roca Sales sediar\u00e1 3\u00aa edi\u00e7\u00e3o do Passeio Ciclotur\u00edstico Conventos Vermelhos - Folha Popular","isPartOf":{"@id":"https:\/\/folhapopular.info\/#website"},"primaryImageOfPage":{"@id":"https:\/\/folhapopular.info\/index.php\/2026\/03\/10\/roca-sales-sediara-3a-edicao-do-passeio-cicloturistico-conventos-vermelhos\/#primaryimage"},"image":{"@id":"https:\/\/folhapopular.info\/index.php\/2026\/03\/10\/roca-sales-sediara-3a-edicao-do-passeio-cicloturistico-conventos-vermelhos\/#primaryimage"},"thumbnailUrl":"https:\/\/folhapopular.info\/wp-content\/uploads\/2026\/03\/WhatsApp-Image-2026-03-10-at-09.58.08.jpeg","datePublished":"2026-03-10T13:16:12+00:00","dateModified":"2026-03-11T17:47:37+00:00","author":{"@id":"https:\/\/folhapopular.info\/#\/schema\/person\/e852c327371714676d02e58cf917fd9f"},"description":"Programa\u00e7\u00e3o do 3\u00ba Passeio Ciclotur\u00edstico deve reunir diversas cidades da regi\u00e3o e ter\u00e1 tr\u00eas op\u00e7\u00f5es de percurso: curto, m\u00e9dio e longo.","breadcrumb":{"@id":"https:\/\/folhapopular.info\/index.php\/2026\/03\/10\/roca-sales-sediara-3a-edicao-do-passeio-cicloturistico-conventos-vermelhos\/#breadcrumb"},"inLanguage":"pt-BR","potentialAction":[{"@type":"ReadAction","target":["https:\/\/folhapopular.info\/index.php\/2026\/03\/10\/roca-sales-sediara-3a-edicao-do-passeio-cicloturistico-conventos-vermelhos\/"]}]},{"@type":"ImageObject","inLanguage":"pt-BR","@id":"https:\/\/folhapopular.info\/index.php\/2026\/03\/10\/roca-sales-sediara-3a-edicao-do-passeio-cicloturistico-conventos-vermelhos\/#primaryimage","url":"https:\/\/folhapopular.info\/wp-content\/uploads\/2026\/03\/WhatsApp-Image-2026-03-10-at-09.58.08.jpeg","contentUrl":"https:\/\/folhapopular.info\/wp-content\/uploads\/2026\/03\/WhatsApp-Image-2026-03-10-at-09.58.08.jpeg","width":1440,"height":961,"caption":"Evento ser\u00e1 no dia 2 de agosto - Cr\u00e9dito: Divulga\u00e7\u00e3o"},{"@type":"BreadcrumbList","@id":"https:\/\/folhapopular.info\/index.php\/2026\/03\/10\/roca-sales-sediara-3a-edicao-do-passeio-cicloturistico-conventos-vermelhos\/#breadcrumb","itemListElement":[{"@type":"ListItem","position":1,"name":"In\u00edcio","item":"https:\/\/folhapopular.info\/"},{"@type":"ListItem","position":2,"name":"Roca Sales sediar\u00e1 3\u00aa edi\u00e7\u00e3o do Passeio Ciclotur\u00edstico Conventos Vermelhos"}]},{"@type":"WebSite","@id":"https:\/\/folhapopular.info\/#website","url":"https:\/\/folhapopular.info\/","name":"Folha Popular","description":"Onde voc\u00ea tem vez e voz","potentialAction":[{"@type":"SearchAction","target":{"@type":"EntryPoint","urlTemplate":"https:\/\/folhapopular.info\/?s={search_term_string}"},"query-input":{"@type":"PropertyValueSpecification","valueRequired":true,"valueName":"search_term_string"}}],"inLanguage":"pt-BR"},{"@type":"Person","@id":"https:\/\/folhapopular.info\/#\/schema\/person\/e852c327371714676d02e58cf917fd9f","name":"Luis Augusto Huppes","image":{"@type":"ImageObject","inLanguage":"pt-BR","@id":"https:\/\/folhapopular.info\/wp-content\/uploads\/2026\/04\/Luis-Augusto-Huppes-1-1.webp","url":"https:\/\/folhapopular.info\/wp-content\/uploads\/2026\/04\/Luis-Augusto-Huppes-1-1.webp","contentUrl":"https:\/\/folhapopular.info\/wp-content\/uploads\/2026\/04\/Luis-Augusto-Huppes-1-1.webp","caption":"Luis Augusto Huppes"},"sameAs":["https:\/\/www.facebook.com\/luis.huppes\/","https:\/\/www.instagram.com\/luis.huppes\/","https:\/\/www.linkedin.com\/in\/luis-augusto-huppes-2554b52b7\/"],"url":"https:\/\/folhapopular.info\/index.php\/author\/luis-augusto-huppes\/"}]}},"jetpack_featured_media_url":"https:\/\/folhapopular.info\/wp-content\/uploads\/2026\/03\/WhatsApp-Image-2026-03-10-at-09.58.08.jpeg","jetpack_sharing_enabled":true,"amp_enabled":true,"_links":{"self":[{"href":"https:\/\/folhapopular.info\/index.php\/wp-json\/wp\/v2\/posts\/205495","targetHints":{"allow":["GET"]}}],"collection":[{"href":"https:\/\/folhapopular.info\/index.php\/wp-json\/wp\/v2\/posts"}],"about":[{"href":"https:\/\/folhapopular.info\/index.php\/wp-json\/wp\/v2\/types\/post"}],"author":[{"embeddable":true,"href":"https:\/\/folhapopular.info\/index.php\/wp-json\/wp\/v2\/users\/732"}],"replies":[{"embeddable":true,"href":"https:\/\/folhapopular.info\/index.php\/wp-json\/wp\/v2\/comments?post=205495"}],"version-history":[{"count":0,"href":"https:\/\/folhapopular.info\/index.php\/wp-json\/wp\/v2\/posts\/205495\/revisions"}],"wp:featuredmedia":[{"embeddable":true,"href":"https:\/\/folhapopular.info\/index.php\/wp-json\/wp\/v2\/media\/205496"}],"wp:attachment":[{"href":"https:\/\/folhapopular.info\/index.php\/wp-json\/wp\/v2\/media?parent=205495"}],"wp:term":[{"taxonomy":"category","embeddable":true,"href":"https:\/\/folhapopular.info\/index.php\/wp-json\/wp\/v2\/categories?post=205495"},{"taxonomy":"post_tag","embeddable":true,"href":"https:\/\/folhapopular.info\/index.php\/wp-json\/wp\/v2\/tags?post=205495"}],"curies":[{"name":"wp","href":"https:\/\/api.w.org\/{rel}","templated":true}]}}