{"id":205500,"date":"2026-03-10T12:00:00","date_gmt":"2026-03-10T15:00:00","guid":{"rendered":"https:\/\/folhapopular.info\/?p=205500"},"modified":"2026-03-10T15:03:35","modified_gmt":"2026-03-10T18:03:35","slug":"cct-querencia-amada-promove-rodeio-em-marco-em-teutonia","status":"publish","type":"post","link":"https:\/\/folhapopular.info\/index.php\/2026\/03\/10\/cct-querencia-amada-promove-rodeio-em-marco-em-teutonia\/","title":{"rendered":"CCT Quer\u00eancia Amada promove rodeio em mar\u00e7o em Teut\u00f4nia"},"content":{"rendered":"\n<p>O CCT Quer\u00eancia Amada realiza, nos dias 20, 21 e 22 de mar\u00e7o, mais uma edi\u00e7\u00e3o do seu tradicional rodeio em Teut\u00f4nia. O evento ocorre no parque da entidade, localizado na rua M\u00e1rio Schaefer, no Loteamento 8, em Canabarro. A iniciativa busca reunir la\u00e7adores, fam\u00edlias e apreciadores do tradicionalismo ao longo de tr\u00eas dias de programa\u00e7\u00e3o.<\/p>\n\n\n\n<p>A prepara\u00e7\u00e3o para o evento j\u00e1 mobiliza integrantes da entidade e volunt\u00e1rios da comunidade. Nos \u00faltimos dias foram realizados mutir\u00f5es para limpeza, organiza\u00e7\u00e3o e melhorias na estrutura do parque, com o objetivo de receber o p\u00fablico com mais conforto.<\/p>\n\n\n\n<p>De acordo com o capataz campeiro do CCT, Edson Martins de Almeida, o Nin\u00e3o, o espa\u00e7o vem sendo preparado para acolher participantes de diferentes munic\u00edpios. \u201cN\u00f3s estamos trabalhando firme para receber a popula\u00e7\u00e3o l\u00e1. Vai ter rede d\u2019\u00e1gua, ilumina\u00e7\u00e3o e melhorias nos acessos dentro do parque para facilitar a circula\u00e7\u00e3o, mesmo em caso de chuva\u201d, destaca.<\/p>\n\n\n\n<p>O rodeio inicia na sexta-feira (20\/3), a partir das 17h, com o in\u00edcio das atividades de la\u00e7o. A programa\u00e7\u00e3o segue ao longo do fim de semana com diversas modalidades, como ta\u00e7as, duelo, dupla, la\u00e7o prenda, la\u00e7o guri e as categorias pai e filho e pai e filha.<\/p>\n\n\n\n<p>A membra da patronagem, Alici Fehyl, explica que o rodeio \u00e9 uma das principais atividades realizadas pelo CCT ao longo do ano. \u201cO CCT Quer\u00eancia Amada faz muitas atividades durante o ano e uma delas, a maior delas, \u00e9 o rodeio que acontece no m\u00eas de mar\u00e7o. Ent\u00e3o queremos deixar todo mundo bem convidado para participar e conhecer tamb\u00e9m o nosso espa\u00e7o\u201d, afirma.<\/p>\n\n\n\n<p>A estrutura do parque conta com \u00e1rea para camping, permitindo que la\u00e7adores e visitantes permane\u00e7am no local durante os tr\u00eas dias de evento. Muitos participantes costumam chegar ainda na quinta-feira para garantir espa\u00e7o e se instalar com as fam\u00edlias. O local disp\u00f5e de \u00e1gua, energia el\u00e9trica, ilumina\u00e7\u00e3o e espa\u00e7o adequado para acomoda\u00e7\u00e3o de animais.<\/p>\n\n\n\n<p>O rodeio tamb\u00e9m contar\u00e1 com diversas premia\u00e7\u00f5es. Entre elas est\u00e3o trof\u00e9us e valores em dinheiro em diferentes categorias, al\u00e9m de premia\u00e7\u00f5es como ovelha e porco em modalidades espec\u00edficas. Entre os destaques est\u00e1 a Ta\u00e7a Cidade de Teut\u00f4nia, com premia\u00e7\u00e3o de R$ 2 mil na for\u00e7a A, al\u00e9m de outras categorias com valores e trof\u00e9us.<\/p>\n\n\n\n<p>A participa\u00e7\u00e3o feminina tamb\u00e9m tem ganhado cada vez mais espa\u00e7o dentro do tradicionalismo e nas atividades da entidade. Alici ressalta que muitas mulheres participam das modalidades de la\u00e7o e tamb\u00e9m incentivam os filhos a se envolverem com a cultura ga\u00facha. \u201cN\u00f3s temos muitas meninas, mo\u00e7as e mulheres que la\u00e7am. Algumas por influ\u00eancia da fam\u00edlia e outras porque encontraram realmente isso na sua ess\u00eancia. \u00c9 muito bonito ver m\u00e3es levando os filhos para treinar e participando junto das atividades\u201d, comenta.<\/p>\n\n\n\n<p>A expectativa \u00e9 repetir a grande participa\u00e7\u00e3o registrada na edi\u00e7\u00e3o passada, quando cerca de tr\u00eas mil pessoas passaram pelo parque ao longo do rodeio.<\/p>\n\n\n\n<p>A entrada para o evento \u00e9 gratuita e aberta a toda a comunidade. O p\u00fablico pode levar cadeira e chimarr\u00e3o para acompanhar as provas de la\u00e7o e aproveitar o ambiente do parque, que conta com bastante sombra e espa\u00e7o para conviv\u00eancia.<\/p>\n\n\n\n<p>Durante o evento haver\u00e1 tamb\u00e9m comercializa\u00e7\u00e3o de alimentos e bebidas. No domingo ser\u00e1 servido almo\u00e7o com churrasco ao valor de R$ 50, al\u00e9m da disponibilidade de churrasqueiras e lenha para quem preferir preparar sua pr\u00f3pria refei\u00e7\u00e3o no local.<\/p>\n\n\n\n<p>Al\u00e9m do envolvimento da comunidade, o evento conta com apoio de empresas e tamb\u00e9m do poder p\u00fablico municipal. Nin\u00e3o destaca a import\u00e2ncia dessa parceria para o desenvolvimento da estrutura do parque e para a realiza\u00e7\u00e3o do rodeio. \u201cTemos que agradecer as empresas do bairro Canabarro que est\u00e3o patrocinando e tamb\u00e9m o apoio da prefeitura. Isso ajuda muito a nossa comunidade a continuar crescendo e realizando eventos como esse\u201d, ressalta.<\/p>\n\n\n\n<p>A organiza\u00e7\u00e3o refor\u00e7a o convite para que a comunidade participe do rodeio, prestigie as provas e conhe\u00e7a de perto as atividades desenvolvidas pelo CCT Quer\u00eancia Amada.<\/p>\n","protected":false},"excerpt":{"rendered":"<p>O CCT Quer\u00eancia Amada realiza, nos dias 20, 21 e 22 de mar\u00e7o, mais uma edi\u00e7\u00e3o do seu tradicional rodeio em Teut\u00f4nia. O evento ocorre no parque da entidade, localizado na rua M\u00e1rio Schaefer, no Loteamento 8, em Canabarro. A iniciativa busca reunir la\u00e7adores, fam\u00edlias e apreciadores do tradicionalismo ao longo de tr\u00eas dias de [&hellip;]<\/p>\n","protected":false},"author":782,"featured_media":205501,"comment_status":"open","ping_status":"open","sticky":false,"template":"","format":"standard","meta":{"pmpro_default_level":"","_jetpack_memberships_contains_paid_content":false,"footnotes":""},"categories":[2,6],"tags":[16271,5729,26],"class_list":{"0":"post-205500","1":"post","2":"type-post","3":"status-publish","4":"format-standard","5":"has-post-thumbnail","7":"category-featured","8":"category-inclusive","9":"tag-cct-querencia-amada","10":"tag-rodeio","11":"tag-teutonia","12":"pmpro-has-access"},"yoast_head":"<!-- This site is optimized with the Yoast SEO plugin v27.4 - https:\/\/yoast.com\/product\/yoast-seo-wordpress\/ -->\n<title>CCT Quer\u00eancia Amada promove rodeio em mar\u00e7o em Teut\u00f4nia - Folha Popular<\/title>\n<meta name=\"description\" content=\"O rodeio come\u00e7a na sexta-feira, dia 20 de mar\u00e7o, a partir das 17h, com o in\u00edcio das atividades de la\u00e7o e segue durante o fim de semana.\" \/>\n<meta name=\"robots\" content=\"index, follow, max-snippet:-1, max-image-preview:large, max-video-preview:-1\" \/>\n<link rel=\"canonical\" href=\"https:\/\/folhapopular.info\/index.php\/2026\/03\/10\/cct-querencia-amada-promove-rodeio-em-marco-em-teutonia\/\" \/>\n<meta property=\"og:locale\" content=\"pt_BR\" \/>\n<meta property=\"og:type\" content=\"article\" \/>\n<meta property=\"og:title\" content=\"CCT Quer\u00eancia Amada promove rodeio em mar\u00e7o em Teut\u00f4nia - Folha Popular\" \/>\n<meta property=\"og:description\" content=\"O rodeio come\u00e7a na sexta-feira, dia 20 de mar\u00e7o, a partir das 17h, com o in\u00edcio das atividades de la\u00e7o e segue durante o fim de semana.\" \/>\n<meta property=\"og:url\" content=\"https:\/\/folhapopular.info\/index.php\/2026\/03\/10\/cct-querencia-amada-promove-rodeio-em-marco-em-teutonia\/\" \/>\n<meta property=\"og:site_name\" content=\"Folha Popular\" \/>\n<meta property=\"article:published_time\" content=\"2026-03-10T15:00:00+00:00\" \/>\n<meta property=\"article:modified_time\" content=\"2026-03-10T18:03:35+00:00\" \/>\n<meta property=\"og:image\" content=\"https:\/\/folhapopular.info\/wp-content\/uploads\/2026\/03\/WhatsApp-Image-2026-03-09-at-07.28.47.jpeg\" \/>\n\t<meta property=\"og:image:width\" content=\"1280\" \/>\n\t<meta property=\"og:image:height\" content=\"960\" \/>\n\t<meta property=\"og:image:type\" content=\"image\/jpeg\" \/>\n<meta name=\"author\" content=\"Rafaela Zappaz\" \/>\n<meta name=\"twitter:card\" content=\"summary_large_image\" \/>\n<meta name=\"twitter:label1\" content=\"Escrito por\" \/>\n\t<meta name=\"twitter:data1\" content=\"Rafaela Zappaz\" \/>\n\t<meta name=\"twitter:label2\" content=\"Est. tempo de leitura\" \/>\n\t<meta name=\"twitter:data2\" content=\"4 minutos\" \/>\n<script type=\"application\/ld+json\" class=\"yoast-schema-graph\">{\"@context\":\"https:\\\/\\\/schema.org\",\"@graph\":[{\"@type\":\"Article\",\"@id\":\"https:\\\/\\\/folhapopular.info\\\/index.php\\\/2026\\\/03\\\/10\\\/cct-querencia-amada-promove-rodeio-em-marco-em-teutonia\\\/#article\",\"isPartOf\":{\"@id\":\"https:\\\/\\\/folhapopular.info\\\/index.php\\\/2026\\\/03\\\/10\\\/cct-querencia-amada-promove-rodeio-em-marco-em-teutonia\\\/\"},\"author\":{\"name\":\"Rafaela Zappaz\",\"@id\":\"https:\\\/\\\/folhapopular.info\\\/#\\\/schema\\\/person\\\/87aa1d7488478bf03a40dc0a852db19d\"},\"headline\":\"CCT Quer\u00eancia Amada promove rodeio em mar\u00e7o em Teut\u00f4nia\",\"datePublished\":\"2026-03-10T15:00:00+00:00\",\"dateModified\":\"2026-03-10T18:03:35+00:00\",\"mainEntityOfPage\":{\"@id\":\"https:\\\/\\\/folhapopular.info\\\/index.php\\\/2026\\\/03\\\/10\\\/cct-querencia-amada-promove-rodeio-em-marco-em-teutonia\\\/\"},\"wordCount\":742,\"commentCount\":0,\"image\":{\"@id\":\"https:\\\/\\\/folhapopular.info\\\/index.php\\\/2026\\\/03\\\/10\\\/cct-querencia-amada-promove-rodeio-em-marco-em-teutonia\\\/#primaryimage\"},\"thumbnailUrl\":\"https:\\\/\\\/folhapopular.info\\\/wp-content\\\/uploads\\\/2026\\\/03\\\/WhatsApp-Image-2026-03-09-at-07.28.47.jpeg\",\"keywords\":[\"CCT Quer\u00eancia Amada\",\"rodeio\",\"Teut\u00f4nia\"],\"articleSection\":[\"Destaques\",\"Inclusive\"],\"inLanguage\":\"pt-BR\",\"potentialAction\":[{\"@type\":\"CommentAction\",\"name\":\"Comment\",\"target\":[\"https:\\\/\\\/folhapopular.info\\\/index.php\\\/2026\\\/03\\\/10\\\/cct-querencia-amada-promove-rodeio-em-marco-em-teutonia\\\/#respond\"]}]},{\"@type\":\"WebPage\",\"@id\":\"https:\\\/\\\/folhapopular.info\\\/index.php\\\/2026\\\/03\\\/10\\\/cct-querencia-amada-promove-rodeio-em-marco-em-teutonia\\\/\",\"url\":\"https:\\\/\\\/folhapopular.info\\\/index.php\\\/2026\\\/03\\\/10\\\/cct-querencia-amada-promove-rodeio-em-marco-em-teutonia\\\/\",\"name\":\"CCT Quer\u00eancia Amada promove rodeio em mar\u00e7o em Teut\u00f4nia - Folha Popular\",\"isPartOf\":{\"@id\":\"https:\\\/\\\/folhapopular.info\\\/#website\"},\"primaryImageOfPage\":{\"@id\":\"https:\\\/\\\/folhapopular.info\\\/index.php\\\/2026\\\/03\\\/10\\\/cct-querencia-amada-promove-rodeio-em-marco-em-teutonia\\\/#primaryimage\"},\"image\":{\"@id\":\"https:\\\/\\\/folhapopular.info\\\/index.php\\\/2026\\\/03\\\/10\\\/cct-querencia-amada-promove-rodeio-em-marco-em-teutonia\\\/#primaryimage\"},\"thumbnailUrl\":\"https:\\\/\\\/folhapopular.info\\\/wp-content\\\/uploads\\\/2026\\\/03\\\/WhatsApp-Image-2026-03-09-at-07.28.47.jpeg\",\"datePublished\":\"2026-03-10T15:00:00+00:00\",\"dateModified\":\"2026-03-10T18:03:35+00:00\",\"author\":{\"@id\":\"https:\\\/\\\/folhapopular.info\\\/#\\\/schema\\\/person\\\/87aa1d7488478bf03a40dc0a852db19d\"},\"description\":\"O rodeio come\u00e7a na sexta-feira, dia 20 de mar\u00e7o, a partir das 17h, com o in\u00edcio das atividades de la\u00e7o e segue durante o fim de semana.\",\"breadcrumb\":{\"@id\":\"https:\\\/\\\/folhapopular.info\\\/index.php\\\/2026\\\/03\\\/10\\\/cct-querencia-amada-promove-rodeio-em-marco-em-teutonia\\\/#breadcrumb\"},\"inLanguage\":\"pt-BR\",\"potentialAction\":[{\"@type\":\"ReadAction\",\"target\":[\"https:\\\/\\\/folhapopular.info\\\/index.php\\\/2026\\\/03\\\/10\\\/cct-querencia-amada-promove-rodeio-em-marco-em-teutonia\\\/\"]}]},{\"@type\":\"ImageObject\",\"inLanguage\":\"pt-BR\",\"@id\":\"https:\\\/\\\/folhapopular.info\\\/index.php\\\/2026\\\/03\\\/10\\\/cct-querencia-amada-promove-rodeio-em-marco-em-teutonia\\\/#primaryimage\",\"url\":\"https:\\\/\\\/folhapopular.info\\\/wp-content\\\/uploads\\\/2026\\\/03\\\/WhatsApp-Image-2026-03-09-at-07.28.47.jpeg\",\"contentUrl\":\"https:\\\/\\\/folhapopular.info\\\/wp-content\\\/uploads\\\/2026\\\/03\\\/WhatsApp-Image-2026-03-09-at-07.28.47.jpeg\",\"width\":1280,\"height\":960,\"caption\":\"Cr\u00e9ditos: Ariana de Oliveira\"},{\"@type\":\"BreadcrumbList\",\"@id\":\"https:\\\/\\\/folhapopular.info\\\/index.php\\\/2026\\\/03\\\/10\\\/cct-querencia-amada-promove-rodeio-em-marco-em-teutonia\\\/#breadcrumb\",\"itemListElement\":[{\"@type\":\"ListItem\",\"position\":1,\"name\":\"In\u00edcio\",\"item\":\"https:\\\/\\\/folhapopular.info\\\/\"},{\"@type\":\"ListItem\",\"position\":2,\"name\":\"CCT Quer\u00eancia Amada promove rodeio em mar\u00e7o em Teut\u00f4nia\"}]},{\"@type\":\"WebSite\",\"@id\":\"https:\\\/\\\/folhapopular.info\\\/#website\",\"url\":\"https:\\\/\\\/folhapopular.info\\\/\",\"name\":\"Folha Popular\",\"description\":\"Onde voc\u00ea tem vez e voz\",\"potentialAction\":[{\"@type\":\"SearchAction\",\"target\":{\"@type\":\"EntryPoint\",\"urlTemplate\":\"https:\\\/\\\/folhapopular.info\\\/?s={search_term_string}\"},\"query-input\":{\"@type\":\"PropertyValueSpecification\",\"valueRequired\":true,\"valueName\":\"search_term_string\"}}],\"inLanguage\":\"pt-BR\"},{\"@type\":\"Person\",\"@id\":\"https:\\\/\\\/folhapopular.info\\\/#\\\/schema\\\/person\\\/87aa1d7488478bf03a40dc0a852db19d\",\"name\":\"Rafaela Zappaz\",\"image\":{\"@type\":\"ImageObject\",\"inLanguage\":\"pt-BR\",\"@id\":\"https:\\\/\\\/secure.gravatar.com\\\/avatar\\\/7b6259df2b1311e565e2e930bcf599e41eca901dc1e0e850d699f28cc7ea8de8?s=96&d=mm&r=g\",\"url\":\"https:\\\/\\\/secure.gravatar.com\\\/avatar\\\/7b6259df2b1311e565e2e930bcf599e41eca901dc1e0e850d699f28cc7ea8de8?s=96&d=mm&r=g\",\"contentUrl\":\"https:\\\/\\\/secure.gravatar.com\\\/avatar\\\/7b6259df2b1311e565e2e930bcf599e41eca901dc1e0e850d699f28cc7ea8de8?s=96&d=mm&r=g\",\"caption\":\"Rafaela Zappaz\"},\"url\":\"https:\\\/\\\/folhapopular.info\\\/index.php\\\/author\\\/rafaela-zappaz\\\/\"}]}<\/script>\n<!-- \/ Yoast SEO plugin. -->","yoast_head_json":{"title":"CCT Quer\u00eancia Amada promove rodeio em mar\u00e7o em Teut\u00f4nia - Folha Popular","description":"O rodeio come\u00e7a na sexta-feira, dia 20 de mar\u00e7o, a partir das 17h, com o in\u00edcio das atividades de la\u00e7o e segue durante o fim de semana.","robots":{"index":"index","follow":"follow","max-snippet":"max-snippet:-1","max-image-preview":"max-image-preview:large","max-video-preview":"max-video-preview:-1"},"canonical":"https:\/\/folhapopular.info\/index.php\/2026\/03\/10\/cct-querencia-amada-promove-rodeio-em-marco-em-teutonia\/","og_locale":"pt_BR","og_type":"article","og_title":"CCT Quer\u00eancia Amada promove rodeio em mar\u00e7o em Teut\u00f4nia - Folha Popular","og_description":"O rodeio come\u00e7a na sexta-feira, dia 20 de mar\u00e7o, a partir das 17h, com o in\u00edcio das atividades de la\u00e7o e segue durante o fim de semana.","og_url":"https:\/\/folhapopular.info\/index.php\/2026\/03\/10\/cct-querencia-amada-promove-rodeio-em-marco-em-teutonia\/","og_site_name":"Folha Popular","article_published_time":"2026-03-10T15:00:00+00:00","article_modified_time":"2026-03-10T18:03:35+00:00","og_image":[{"width":1280,"height":960,"url":"https:\/\/folhapopular.info\/wp-content\/uploads\/2026\/03\/WhatsApp-Image-2026-03-09-at-07.28.47.jpeg","type":"image\/jpeg"}],"author":"Rafaela Zappaz","twitter_card":"summary_large_image","twitter_misc":{"Escrito por":"Rafaela Zappaz","Est. tempo de leitura":"4 minutos"},"schema":{"@context":"https:\/\/schema.org","@graph":[{"@type":"Article","@id":"https:\/\/folhapopular.info\/index.php\/2026\/03\/10\/cct-querencia-amada-promove-rodeio-em-marco-em-teutonia\/#article","isPartOf":{"@id":"https:\/\/folhapopular.info\/index.php\/2026\/03\/10\/cct-querencia-amada-promove-rodeio-em-marco-em-teutonia\/"},"author":{"name":"Rafaela Zappaz","@id":"https:\/\/folhapopular.info\/#\/schema\/person\/87aa1d7488478bf03a40dc0a852db19d"},"headline":"CCT Quer\u00eancia Amada promove rodeio em mar\u00e7o em Teut\u00f4nia","datePublished":"2026-03-10T15:00:00+00:00","dateModified":"2026-03-10T18:03:35+00:00","mainEntityOfPage":{"@id":"https:\/\/folhapopular.info\/index.php\/2026\/03\/10\/cct-querencia-amada-promove-rodeio-em-marco-em-teutonia\/"},"wordCount":742,"commentCount":0,"image":{"@id":"https:\/\/folhapopular.info\/index.php\/2026\/03\/10\/cct-querencia-amada-promove-rodeio-em-marco-em-teutonia\/#primaryimage"},"thumbnailUrl":"https:\/\/folhapopular.info\/wp-content\/uploads\/2026\/03\/WhatsApp-Image-2026-03-09-at-07.28.47.jpeg","keywords":["CCT Quer\u00eancia Amada","rodeio","Teut\u00f4nia"],"articleSection":["Destaques","Inclusive"],"inLanguage":"pt-BR","potentialAction":[{"@type":"CommentAction","name":"Comment","target":["https:\/\/folhapopular.info\/index.php\/2026\/03\/10\/cct-querencia-amada-promove-rodeio-em-marco-em-teutonia\/#respond"]}]},{"@type":"WebPage","@id":"https:\/\/folhapopular.info\/index.php\/2026\/03\/10\/cct-querencia-amada-promove-rodeio-em-marco-em-teutonia\/","url":"https:\/\/folhapopular.info\/index.php\/2026\/03\/10\/cct-querencia-amada-promove-rodeio-em-marco-em-teutonia\/","name":"CCT Quer\u00eancia Amada promove rodeio em mar\u00e7o em Teut\u00f4nia - Folha Popular","isPartOf":{"@id":"https:\/\/folhapopular.info\/#website"},"primaryImageOfPage":{"@id":"https:\/\/folhapopular.info\/index.php\/2026\/03\/10\/cct-querencia-amada-promove-rodeio-em-marco-em-teutonia\/#primaryimage"},"image":{"@id":"https:\/\/folhapopular.info\/index.php\/2026\/03\/10\/cct-querencia-amada-promove-rodeio-em-marco-em-teutonia\/#primaryimage"},"thumbnailUrl":"https:\/\/folhapopular.info\/wp-content\/uploads\/2026\/03\/WhatsApp-Image-2026-03-09-at-07.28.47.jpeg","datePublished":"2026-03-10T15:00:00+00:00","dateModified":"2026-03-10T18:03:35+00:00","author":{"@id":"https:\/\/folhapopular.info\/#\/schema\/person\/87aa1d7488478bf03a40dc0a852db19d"},"description":"O rodeio come\u00e7a na sexta-feira, dia 20 de mar\u00e7o, a partir das 17h, com o in\u00edcio das atividades de la\u00e7o e segue durante o fim de semana.","breadcrumb":{"@id":"https:\/\/folhapopular.info\/index.php\/2026\/03\/10\/cct-querencia-amada-promove-rodeio-em-marco-em-teutonia\/#breadcrumb"},"inLanguage":"pt-BR","potentialAction":[{"@type":"ReadAction","target":["https:\/\/folhapopular.info\/index.php\/2026\/03\/10\/cct-querencia-amada-promove-rodeio-em-marco-em-teutonia\/"]}]},{"@type":"ImageObject","inLanguage":"pt-BR","@id":"https:\/\/folhapopular.info\/index.php\/2026\/03\/10\/cct-querencia-amada-promove-rodeio-em-marco-em-teutonia\/#primaryimage","url":"https:\/\/folhapopular.info\/wp-content\/uploads\/2026\/03\/WhatsApp-Image-2026-03-09-at-07.28.47.jpeg","contentUrl":"https:\/\/folhapopular.info\/wp-content\/uploads\/2026\/03\/WhatsApp-Image-2026-03-09-at-07.28.47.jpeg","width":1280,"height":960,"caption":"Cr\u00e9ditos: Ariana de Oliveira"},{"@type":"BreadcrumbList","@id":"https:\/\/folhapopular.info\/index.php\/2026\/03\/10\/cct-querencia-amada-promove-rodeio-em-marco-em-teutonia\/#breadcrumb","itemListElement":[{"@type":"ListItem","position":1,"name":"In\u00edcio","item":"https:\/\/folhapopular.info\/"},{"@type":"ListItem","position":2,"name":"CCT Quer\u00eancia Amada promove rodeio em mar\u00e7o em Teut\u00f4nia"}]},{"@type":"WebSite","@id":"https:\/\/folhapopular.info\/#website","url":"https:\/\/folhapopular.info\/","name":"Folha Popular","description":"Onde voc\u00ea tem vez e voz","potentialAction":[{"@type":"SearchAction","target":{"@type":"EntryPoint","urlTemplate":"https:\/\/folhapopular.info\/?s={search_term_string}"},"query-input":{"@type":"PropertyValueSpecification","valueRequired":true,"valueName":"search_term_string"}}],"inLanguage":"pt-BR"},{"@type":"Person","@id":"https:\/\/folhapopular.info\/#\/schema\/person\/87aa1d7488478bf03a40dc0a852db19d","name":"Rafaela Zappaz","image":{"@type":"ImageObject","inLanguage":"pt-BR","@id":"https:\/\/secure.gravatar.com\/avatar\/7b6259df2b1311e565e2e930bcf599e41eca901dc1e0e850d699f28cc7ea8de8?s=96&d=mm&r=g","url":"https:\/\/secure.gravatar.com\/avatar\/7b6259df2b1311e565e2e930bcf599e41eca901dc1e0e850d699f28cc7ea8de8?s=96&d=mm&r=g","contentUrl":"https:\/\/secure.gravatar.com\/avatar\/7b6259df2b1311e565e2e930bcf599e41eca901dc1e0e850d699f28cc7ea8de8?s=96&d=mm&r=g","caption":"Rafaela Zappaz"},"url":"https:\/\/folhapopular.info\/index.php\/author\/rafaela-zappaz\/"}]}},"jetpack_featured_media_url":"https:\/\/folhapopular.info\/wp-content\/uploads\/2026\/03\/WhatsApp-Image-2026-03-09-at-07.28.47.jpeg","jetpack_sharing_enabled":true,"amp_enabled":true,"_links":{"self":[{"href":"https:\/\/folhapopular.info\/index.php\/wp-json\/wp\/v2\/posts\/205500","targetHints":{"allow":["GET"]}}],"collection":[{"href":"https:\/\/folhapopular.info\/index.php\/wp-json\/wp\/v2\/posts"}],"about":[{"href":"https:\/\/folhapopular.info\/index.php\/wp-json\/wp\/v2\/types\/post"}],"author":[{"embeddable":true,"href":"https:\/\/folhapopular.info\/index.php\/wp-json\/wp\/v2\/users\/782"}],"replies":[{"embeddable":true,"href":"https:\/\/folhapopular.info\/index.php\/wp-json\/wp\/v2\/comments?post=205500"}],"version-history":[{"count":0,"href":"https:\/\/folhapopular.info\/index.php\/wp-json\/wp\/v2\/posts\/205500\/revisions"}],"wp:featuredmedia":[{"embeddable":true,"href":"https:\/\/folhapopular.info\/index.php\/wp-json\/wp\/v2\/media\/205501"}],"wp:attachment":[{"href":"https:\/\/folhapopular.info\/index.php\/wp-json\/wp\/v2\/media?parent=205500"}],"wp:term":[{"taxonomy":"category","embeddable":true,"href":"https:\/\/folhapopular.info\/index.php\/wp-json\/wp\/v2\/categories?post=205500"},{"taxonomy":"post_tag","embeddable":true,"href":"https:\/\/folhapopular.info\/index.php\/wp-json\/wp\/v2\/tags?post=205500"}],"curies":[{"name":"wp","href":"https:\/\/api.w.org\/{rel}","templated":true}]}}