{"id":205503,"date":"2026-03-10T14:00:00","date_gmt":"2026-03-10T17:00:00","guid":{"rendered":"https:\/\/folhapopular.info\/?p=205503"},"modified":"2026-03-10T14:44:31","modified_gmt":"2026-03-10T17:44:31","slug":"programacao-da-pascoa-encantada-de-colinas-inicia-neste-sabado","status":"publish","type":"post","link":"https:\/\/folhapopular.info\/index.php\/2026\/03\/10\/programacao-da-pascoa-encantada-de-colinas-inicia-neste-sabado\/","title":{"rendered":"Programa\u00e7\u00e3o da P\u00e1scoa Encantada de Colinas inicia neste s\u00e1bado"},"content":{"rendered":"\n<p>A P\u00e1scoa Encantada de Colinas inicia neste s\u00e1bado (14\/3) e segue at\u00e9 5 de abril. A decora\u00e7\u00e3o tem\u00e1tica j\u00e1 foi instalada e transforma espa\u00e7os p\u00fablicos com coelhos, ovos decorados e outros enfeites.<\/p>\n\n\n\n<p>Grande parte da decora\u00e7\u00e3o \u00e9 resultado do trabalho dedicado de artes\u00e3os e volunt\u00e1rios da comunidade, que colaboram na confec\u00e7\u00e3o dos elementos decorativos, al\u00e9m de transformar materiais e criatividade em s\u00edmbolos que j\u00e1 se tornaram marca registrada da P\u00e1scoa colinense.<\/p>\n\n\n\n<p>Al\u00e9m dos arranjos, a programa\u00e7\u00e3o inclui teatros, apresenta\u00e7\u00f5es musicais, oficinas, feira de artesanato, pra\u00e7a de alimenta\u00e7\u00e3o, parque de divers\u00e3o, brinquedos infl\u00e1veis e passeios de trenzinho.<\/p>\n\n\n\n<p>Entre os destaques est\u00e1 o Desfile de P\u00e1scoa, que neste ano traz como tema \u201cDa origem \u00e0 f\u00e9 crist\u00e3: a origem do ovo de P\u00e1scoa\u201d. O objetivo \u00e9 apresentar a hist\u00f3ria e o simbolismo do ovo de P\u00e1scoa de forma l\u00fadica e educativa.<\/p>\n\n\n\n<p>Para os pequenos, h\u00e1 a Ca\u00e7a ao Ninho, o passeio de trenzinho, oficinas de maquiagem art\u00edstica, pintura de ovinhos e conta\u00e7\u00e3o de hist\u00f3rias para crian\u00e7as.<\/p>\n\n\n\n<p>A oficina de maquiagem ser\u00e1 realizada nos dias 14 e 15, 21 e 22, 28 e 29 de mar\u00e7o e 3 e 4 de abril, das 15h \u00e0s 18h.<\/p>\n\n\n\n<p>A pintura dos ovos de P\u00e1scoa ocorrer\u00e1 nos dias 21 e 22 de mar\u00e7o e 3 e 4 de abril, das 15h30 \u00e0s 17h. Haver\u00e1 sess\u00f5es de conta\u00e7\u00e3o de hist\u00f3rias \u00e0s 14h e 15h nos dias 15, 21 e 29 de mar\u00e7o. Ainda, nos dias 14 e 28 de mar\u00e7o, ocorre \u00e0s 14h.<\/p>\n\n\n\n<p>A Administra\u00e7\u00e3o espera superar a marca de 50 mil visitantes nesta edi\u00e7\u00e3o, consolidando Colinas como o principal destino tur\u00edstico dos Vales neste per\u00edodo do ano.<\/p>\n\n\n\n<p><strong>Programa\u00e7\u00e3o cultural<\/strong><\/p>\n\n\n\n<p><strong>14 de mar\u00e7o \u2013 Abertura<\/strong><br>10h \u2013 Orquestra Municipal de Colinas<br>10h30 \u2013 Abertura Oficial<br>15h \u2013 Teatro &#8220;\u00c9 preciso olhar para dentro&#8221;<br>15h \u2013 Encontro Cicl\u00edstico Local: Pra\u00e7a dos P\u00e1ssaros<br>16h \u2013 Teatro &#8220;\u00c9 preciso olhar para dentro&#8221;<br>17h \u2013 Rafa Hass (Ac\u00fastico)<br><br><strong>15 de mar\u00e7o<\/strong><br>14h \u2013 Teatro &#8220;\u00c9 preciso olhar para dentro&#8221;<br>14h30 \u2013 Coral do Cras<br>15h \u2013 Coral Infantojuvenil<br>15h30 \u2013 Coral Municipal de Colinas<br>16h \u2013 Teatro &#8220;\u00c9 preciso olhar para dentro&#8221;<br><br><strong>20 de mar\u00e7o<\/strong><br>19h30 \u2013 Sandro e Diana<br>20h30 \u2013 Desfile de Escolha das Soberanas<br>22h \u2013 Super Banda Chop\u00e3o<br><br><strong>21 de mar\u00e7o<\/strong><br>16h \u2013 Desfile Tem\u00e1tico \u201cDa origem \u00e0 f\u00e9 crist\u00e3: a origem do ovo de P\u00e1scoa\u201d<br>17h30 \u2013 Os Atuais<br>20h \u2013 Thomas Machado e Banda<br>22h \u2013 Tati Freitas<br><br><strong>22 de mar\u00e7o<\/strong><br>14h \u00e0s 17h30 \u2013 Encontro de Orquestras<br><br><strong>28 de mar\u00e7o<\/strong><br>14h30 \u2013 Teatro &#8220;\u00c9 preciso olhar para dentro&#8221;<br>15h \u2013 Apresenta\u00e7\u00f5es de Dan\u00e7a<br>16h \u2013 Teatro &#8220;\u00c9 preciso olhar para dentro&#8221;<br>17h \u2013 Banda Apple<br><br><strong>29 de mar\u00e7o<\/strong><br>16h \u2013 Desfile Tem\u00e1tico: \u201cDa origem \u00e0 f\u00e9 crist\u00e3: a origem do ovo de P\u00e1scoa\u201d<br><br><strong>3 de abril<\/strong><br>15h \u2013 Teatro &#8220;\u00c9 preciso olhar para dentro&#8221;<br>16h \u2013 Teatro &#8220;\u00c9 preciso olhar para dentro&#8221;<br>17h \u2013Ego e Serginho<br><br><strong>4 de abril<\/strong><br>15h \u2013 Teatro &#8220;\u00c9 preciso olhar para dentro&#8221;<br>16h \u2013 Teatro &#8220;\u00c9 preciso olhar para dentro&#8221;<br>17h \u2013 Xepa e Banda<\/p>\n","protected":false},"excerpt":{"rendered":"<p>A P\u00e1scoa Encantada de Colinas inicia neste s\u00e1bado (14\/3) e segue at\u00e9 5 de abril. A decora\u00e7\u00e3o tem\u00e1tica j\u00e1 foi instalada e transforma espa\u00e7os p\u00fablicos com coelhos, ovos decorados e outros enfeites. Grande parte da decora\u00e7\u00e3o \u00e9 resultado do trabalho dedicado de artes\u00e3os e volunt\u00e1rios da comunidade, que colaboram na confec\u00e7\u00e3o dos elementos decorativos, al\u00e9m [&hellip;]<\/p>\n","protected":false},"author":8,"featured_media":205504,"comment_status":"open","ping_status":"open","sticky":false,"template":"","format":"standard","meta":{"pmpro_default_level":"","_jetpack_memberships_contains_paid_content":false,"footnotes":""},"categories":[2,6],"tags":[183,2367,8513,1507],"class_list":{"0":"post-205503","1":"post","2":"type-post","3":"status-publish","4":"format-standard","5":"has-post-thumbnail","7":"category-featured","8":"category-inclusive","9":"tag-colinas","10":"tag-pascoa","11":"tag-pascoa-encantada","12":"tag-programacao","13":"pmpro-has-access"},"yoast_head":"<!-- This site is optimized with the Yoast SEO plugin v27.5 - https:\/\/yoast.com\/product\/yoast-seo-wordpress\/ -->\n<title>Programa\u00e7\u00e3o da P\u00e1scoa Encantada de Colinas inicia neste s\u00e1bado - Folha Popular<\/title>\n<meta name=\"description\" content=\"Entre os destaques est\u00e1 o Desfile de P\u00e1scoa, que neste ano traz como tema \u201cDa origem \u00e0 f\u00e9 crist\u00e3: a origem do ovo de P\u00e1scoa\u201d.\" \/>\n<meta name=\"robots\" content=\"index, follow, max-snippet:-1, max-image-preview:large, max-video-preview:-1\" \/>\n<link rel=\"canonical\" href=\"https:\/\/folhapopular.info\/index.php\/2026\/03\/10\/programacao-da-pascoa-encantada-de-colinas-inicia-neste-sabado\/\" \/>\n<meta property=\"og:locale\" content=\"pt_BR\" \/>\n<meta property=\"og:type\" content=\"article\" \/>\n<meta property=\"og:title\" content=\"Programa\u00e7\u00e3o da P\u00e1scoa Encantada de Colinas inicia neste s\u00e1bado - Folha Popular\" \/>\n<meta property=\"og:description\" content=\"Entre os destaques est\u00e1 o Desfile de P\u00e1scoa, que neste ano traz como tema \u201cDa origem \u00e0 f\u00e9 crist\u00e3: a origem do ovo de P\u00e1scoa\u201d.\" \/>\n<meta property=\"og:url\" content=\"https:\/\/folhapopular.info\/index.php\/2026\/03\/10\/programacao-da-pascoa-encantada-de-colinas-inicia-neste-sabado\/\" \/>\n<meta property=\"og:site_name\" content=\"Folha Popular\" \/>\n<meta property=\"article:published_time\" content=\"2026-03-10T17:00:00+00:00\" \/>\n<meta property=\"article:modified_time\" content=\"2026-03-10T17:44:31+00:00\" \/>\n<meta property=\"og:image\" content=\"http:\/\/folhapopular.info\/wp-content\/uploads\/2026\/03\/20260305_165626-1.jpg-scaled.jpeg\" \/>\n\t<meta property=\"og:image:width\" content=\"2560\" \/>\n\t<meta property=\"og:image:height\" content=\"1304\" \/>\n\t<meta property=\"og:image:type\" content=\"image\/jpeg\" \/>\n<meta name=\"author\" content=\"Reda\u00e7\u00e3o Folha Popular\" \/>\n<meta name=\"twitter:card\" content=\"summary_large_image\" \/>\n<meta name=\"twitter:label1\" content=\"Escrito por\" \/>\n\t<meta name=\"twitter:data1\" content=\"Reda\u00e7\u00e3o Folha Popular\" \/>\n\t<meta name=\"twitter:label2\" content=\"Est. tempo de leitura\" \/>\n\t<meta name=\"twitter:data2\" content=\"3 minutos\" \/>\n<script type=\"application\/ld+json\" class=\"yoast-schema-graph\">{\"@context\":\"https:\\\/\\\/schema.org\",\"@graph\":[{\"@type\":\"Article\",\"@id\":\"https:\\\/\\\/folhapopular.info\\\/index.php\\\/2026\\\/03\\\/10\\\/programacao-da-pascoa-encantada-de-colinas-inicia-neste-sabado\\\/#article\",\"isPartOf\":{\"@id\":\"https:\\\/\\\/folhapopular.info\\\/index.php\\\/2026\\\/03\\\/10\\\/programacao-da-pascoa-encantada-de-colinas-inicia-neste-sabado\\\/\"},\"author\":{\"name\":\"Reda\u00e7\u00e3o Folha Popular\",\"@id\":\"https:\\\/\\\/folhapopular.info\\\/#\\\/schema\\\/person\\\/2814e8a0df7643585a9ca38bc6eb9d4b\"},\"headline\":\"Programa\u00e7\u00e3o da P\u00e1scoa Encantada de Colinas inicia neste s\u00e1bado\",\"datePublished\":\"2026-03-10T17:00:00+00:00\",\"dateModified\":\"2026-03-10T17:44:31+00:00\",\"mainEntityOfPage\":{\"@id\":\"https:\\\/\\\/folhapopular.info\\\/index.php\\\/2026\\\/03\\\/10\\\/programacao-da-pascoa-encantada-de-colinas-inicia-neste-sabado\\\/\"},\"wordCount\":505,\"commentCount\":0,\"image\":{\"@id\":\"https:\\\/\\\/folhapopular.info\\\/index.php\\\/2026\\\/03\\\/10\\\/programacao-da-pascoa-encantada-de-colinas-inicia-neste-sabado\\\/#primaryimage\"},\"thumbnailUrl\":\"https:\\\/\\\/folhapopular.info\\\/wp-content\\\/uploads\\\/2026\\\/03\\\/20260305_165626-1.jpg-scaled.jpeg\",\"keywords\":[\"Colinas\",\"P\u00e1scoa\",\"P\u00e1scoa Encantada\",\"Programa\u00e7\u00e3o\"],\"articleSection\":[\"Destaques\",\"Inclusive\"],\"inLanguage\":\"pt-BR\",\"potentialAction\":[{\"@type\":\"CommentAction\",\"name\":\"Comment\",\"target\":[\"https:\\\/\\\/folhapopular.info\\\/index.php\\\/2026\\\/03\\\/10\\\/programacao-da-pascoa-encantada-de-colinas-inicia-neste-sabado\\\/#respond\"]}]},{\"@type\":\"WebPage\",\"@id\":\"https:\\\/\\\/folhapopular.info\\\/index.php\\\/2026\\\/03\\\/10\\\/programacao-da-pascoa-encantada-de-colinas-inicia-neste-sabado\\\/\",\"url\":\"https:\\\/\\\/folhapopular.info\\\/index.php\\\/2026\\\/03\\\/10\\\/programacao-da-pascoa-encantada-de-colinas-inicia-neste-sabado\\\/\",\"name\":\"Programa\u00e7\u00e3o da P\u00e1scoa Encantada de Colinas inicia neste s\u00e1bado - Folha Popular\",\"isPartOf\":{\"@id\":\"https:\\\/\\\/folhapopular.info\\\/#website\"},\"primaryImageOfPage\":{\"@id\":\"https:\\\/\\\/folhapopular.info\\\/index.php\\\/2026\\\/03\\\/10\\\/programacao-da-pascoa-encantada-de-colinas-inicia-neste-sabado\\\/#primaryimage\"},\"image\":{\"@id\":\"https:\\\/\\\/folhapopular.info\\\/index.php\\\/2026\\\/03\\\/10\\\/programacao-da-pascoa-encantada-de-colinas-inicia-neste-sabado\\\/#primaryimage\"},\"thumbnailUrl\":\"https:\\\/\\\/folhapopular.info\\\/wp-content\\\/uploads\\\/2026\\\/03\\\/20260305_165626-1.jpg-scaled.jpeg\",\"datePublished\":\"2026-03-10T17:00:00+00:00\",\"dateModified\":\"2026-03-10T17:44:31+00:00\",\"author\":{\"@id\":\"https:\\\/\\\/folhapopular.info\\\/#\\\/schema\\\/person\\\/2814e8a0df7643585a9ca38bc6eb9d4b\"},\"description\":\"Entre os destaques est\u00e1 o Desfile de P\u00e1scoa, que neste ano traz como tema \u201cDa origem \u00e0 f\u00e9 crist\u00e3: a origem do ovo de P\u00e1scoa\u201d.\",\"breadcrumb\":{\"@id\":\"https:\\\/\\\/folhapopular.info\\\/index.php\\\/2026\\\/03\\\/10\\\/programacao-da-pascoa-encantada-de-colinas-inicia-neste-sabado\\\/#breadcrumb\"},\"inLanguage\":\"pt-BR\",\"potentialAction\":[{\"@type\":\"ReadAction\",\"target\":[\"https:\\\/\\\/folhapopular.info\\\/index.php\\\/2026\\\/03\\\/10\\\/programacao-da-pascoa-encantada-de-colinas-inicia-neste-sabado\\\/\"]}]},{\"@type\":\"ImageObject\",\"inLanguage\":\"pt-BR\",\"@id\":\"https:\\\/\\\/folhapopular.info\\\/index.php\\\/2026\\\/03\\\/10\\\/programacao-da-pascoa-encantada-de-colinas-inicia-neste-sabado\\\/#primaryimage\",\"url\":\"https:\\\/\\\/folhapopular.info\\\/wp-content\\\/uploads\\\/2026\\\/03\\\/20260305_165626-1.jpg-scaled.jpeg\",\"contentUrl\":\"https:\\\/\\\/folhapopular.info\\\/wp-content\\\/uploads\\\/2026\\\/03\\\/20260305_165626-1.jpg-scaled.jpeg\",\"width\":2560,\"height\":1304,\"caption\":\"Cr\u00e9dito: Gabriel Machado \\\/ Especial FP\"},{\"@type\":\"BreadcrumbList\",\"@id\":\"https:\\\/\\\/folhapopular.info\\\/index.php\\\/2026\\\/03\\\/10\\\/programacao-da-pascoa-encantada-de-colinas-inicia-neste-sabado\\\/#breadcrumb\",\"itemListElement\":[{\"@type\":\"ListItem\",\"position\":1,\"name\":\"In\u00edcio\",\"item\":\"https:\\\/\\\/folhapopular.info\\\/\"},{\"@type\":\"ListItem\",\"position\":2,\"name\":\"Programa\u00e7\u00e3o da P\u00e1scoa Encantada de Colinas inicia neste s\u00e1bado\"}]},{\"@type\":\"WebSite\",\"@id\":\"https:\\\/\\\/folhapopular.info\\\/#website\",\"url\":\"https:\\\/\\\/folhapopular.info\\\/\",\"name\":\"Folha Popular\",\"description\":\"Onde voc\u00ea tem vez e voz\",\"potentialAction\":[{\"@type\":\"SearchAction\",\"target\":{\"@type\":\"EntryPoint\",\"urlTemplate\":\"https:\\\/\\\/folhapopular.info\\\/?s={search_term_string}\"},\"query-input\":{\"@type\":\"PropertyValueSpecification\",\"valueRequired\":true,\"valueName\":\"search_term_string\"}}],\"inLanguage\":\"pt-BR\"},{\"@type\":\"Person\",\"@id\":\"https:\\\/\\\/folhapopular.info\\\/#\\\/schema\\\/person\\\/2814e8a0df7643585a9ca38bc6eb9d4b\",\"name\":\"Reda\u00e7\u00e3o Folha Popular\",\"image\":{\"@type\":\"ImageObject\",\"inLanguage\":\"pt-BR\",\"@id\":\"https:\\\/\\\/folhapopular.info\\\/wp-content\\\/uploads\\\/2026\\\/04\\\/Folha-1.webp\",\"url\":\"https:\\\/\\\/folhapopular.info\\\/wp-content\\\/uploads\\\/2026\\\/04\\\/Folha-1.webp\",\"contentUrl\":\"https:\\\/\\\/folhapopular.info\\\/wp-content\\\/uploads\\\/2026\\\/04\\\/Folha-1.webp\",\"caption\":\"Reda\u00e7\u00e3o Folha Popular\"},\"url\":\"https:\\\/\\\/folhapopular.info\\\/index.php\\\/author\\\/redacao\\\/\"}]}<\/script>\n<!-- \/ Yoast SEO plugin. -->","yoast_head_json":{"title":"Programa\u00e7\u00e3o da P\u00e1scoa Encantada de Colinas inicia neste s\u00e1bado - Folha Popular","description":"Entre os destaques est\u00e1 o Desfile de P\u00e1scoa, que neste ano traz como tema \u201cDa origem \u00e0 f\u00e9 crist\u00e3: a origem do ovo de P\u00e1scoa\u201d.","robots":{"index":"index","follow":"follow","max-snippet":"max-snippet:-1","max-image-preview":"max-image-preview:large","max-video-preview":"max-video-preview:-1"},"canonical":"https:\/\/folhapopular.info\/index.php\/2026\/03\/10\/programacao-da-pascoa-encantada-de-colinas-inicia-neste-sabado\/","og_locale":"pt_BR","og_type":"article","og_title":"Programa\u00e7\u00e3o da P\u00e1scoa Encantada de Colinas inicia neste s\u00e1bado - Folha Popular","og_description":"Entre os destaques est\u00e1 o Desfile de P\u00e1scoa, que neste ano traz como tema \u201cDa origem \u00e0 f\u00e9 crist\u00e3: a origem do ovo de P\u00e1scoa\u201d.","og_url":"https:\/\/folhapopular.info\/index.php\/2026\/03\/10\/programacao-da-pascoa-encantada-de-colinas-inicia-neste-sabado\/","og_site_name":"Folha Popular","article_published_time":"2026-03-10T17:00:00+00:00","article_modified_time":"2026-03-10T17:44:31+00:00","og_image":[{"width":2560,"height":1304,"url":"http:\/\/folhapopular.info\/wp-content\/uploads\/2026\/03\/20260305_165626-1.jpg-scaled.jpeg","type":"image\/jpeg"}],"author":"Reda\u00e7\u00e3o Folha Popular","twitter_card":"summary_large_image","twitter_misc":{"Escrito por":"Reda\u00e7\u00e3o Folha Popular","Est. tempo de leitura":"3 minutos"},"schema":{"@context":"https:\/\/schema.org","@graph":[{"@type":"Article","@id":"https:\/\/folhapopular.info\/index.php\/2026\/03\/10\/programacao-da-pascoa-encantada-de-colinas-inicia-neste-sabado\/#article","isPartOf":{"@id":"https:\/\/folhapopular.info\/index.php\/2026\/03\/10\/programacao-da-pascoa-encantada-de-colinas-inicia-neste-sabado\/"},"author":{"name":"Reda\u00e7\u00e3o Folha Popular","@id":"https:\/\/folhapopular.info\/#\/schema\/person\/2814e8a0df7643585a9ca38bc6eb9d4b"},"headline":"Programa\u00e7\u00e3o da P\u00e1scoa Encantada de Colinas inicia neste s\u00e1bado","datePublished":"2026-03-10T17:00:00+00:00","dateModified":"2026-03-10T17:44:31+00:00","mainEntityOfPage":{"@id":"https:\/\/folhapopular.info\/index.php\/2026\/03\/10\/programacao-da-pascoa-encantada-de-colinas-inicia-neste-sabado\/"},"wordCount":505,"commentCount":0,"image":{"@id":"https:\/\/folhapopular.info\/index.php\/2026\/03\/10\/programacao-da-pascoa-encantada-de-colinas-inicia-neste-sabado\/#primaryimage"},"thumbnailUrl":"https:\/\/folhapopular.info\/wp-content\/uploads\/2026\/03\/20260305_165626-1.jpg-scaled.jpeg","keywords":["Colinas","P\u00e1scoa","P\u00e1scoa Encantada","Programa\u00e7\u00e3o"],"articleSection":["Destaques","Inclusive"],"inLanguage":"pt-BR","potentialAction":[{"@type":"CommentAction","name":"Comment","target":["https:\/\/folhapopular.info\/index.php\/2026\/03\/10\/programacao-da-pascoa-encantada-de-colinas-inicia-neste-sabado\/#respond"]}]},{"@type":"WebPage","@id":"https:\/\/folhapopular.info\/index.php\/2026\/03\/10\/programacao-da-pascoa-encantada-de-colinas-inicia-neste-sabado\/","url":"https:\/\/folhapopular.info\/index.php\/2026\/03\/10\/programacao-da-pascoa-encantada-de-colinas-inicia-neste-sabado\/","name":"Programa\u00e7\u00e3o da P\u00e1scoa Encantada de Colinas inicia neste s\u00e1bado - Folha Popular","isPartOf":{"@id":"https:\/\/folhapopular.info\/#website"},"primaryImageOfPage":{"@id":"https:\/\/folhapopular.info\/index.php\/2026\/03\/10\/programacao-da-pascoa-encantada-de-colinas-inicia-neste-sabado\/#primaryimage"},"image":{"@id":"https:\/\/folhapopular.info\/index.php\/2026\/03\/10\/programacao-da-pascoa-encantada-de-colinas-inicia-neste-sabado\/#primaryimage"},"thumbnailUrl":"https:\/\/folhapopular.info\/wp-content\/uploads\/2026\/03\/20260305_165626-1.jpg-scaled.jpeg","datePublished":"2026-03-10T17:00:00+00:00","dateModified":"2026-03-10T17:44:31+00:00","author":{"@id":"https:\/\/folhapopular.info\/#\/schema\/person\/2814e8a0df7643585a9ca38bc6eb9d4b"},"description":"Entre os destaques est\u00e1 o Desfile de P\u00e1scoa, que neste ano traz como tema \u201cDa origem \u00e0 f\u00e9 crist\u00e3: a origem do ovo de P\u00e1scoa\u201d.","breadcrumb":{"@id":"https:\/\/folhapopular.info\/index.php\/2026\/03\/10\/programacao-da-pascoa-encantada-de-colinas-inicia-neste-sabado\/#breadcrumb"},"inLanguage":"pt-BR","potentialAction":[{"@type":"ReadAction","target":["https:\/\/folhapopular.info\/index.php\/2026\/03\/10\/programacao-da-pascoa-encantada-de-colinas-inicia-neste-sabado\/"]}]},{"@type":"ImageObject","inLanguage":"pt-BR","@id":"https:\/\/folhapopular.info\/index.php\/2026\/03\/10\/programacao-da-pascoa-encantada-de-colinas-inicia-neste-sabado\/#primaryimage","url":"https:\/\/folhapopular.info\/wp-content\/uploads\/2026\/03\/20260305_165626-1.jpg-scaled.jpeg","contentUrl":"https:\/\/folhapopular.info\/wp-content\/uploads\/2026\/03\/20260305_165626-1.jpg-scaled.jpeg","width":2560,"height":1304,"caption":"Cr\u00e9dito: Gabriel Machado \/ Especial FP"},{"@type":"BreadcrumbList","@id":"https:\/\/folhapopular.info\/index.php\/2026\/03\/10\/programacao-da-pascoa-encantada-de-colinas-inicia-neste-sabado\/#breadcrumb","itemListElement":[{"@type":"ListItem","position":1,"name":"In\u00edcio","item":"https:\/\/folhapopular.info\/"},{"@type":"ListItem","position":2,"name":"Programa\u00e7\u00e3o da P\u00e1scoa Encantada de Colinas inicia neste s\u00e1bado"}]},{"@type":"WebSite","@id":"https:\/\/folhapopular.info\/#website","url":"https:\/\/folhapopular.info\/","name":"Folha Popular","description":"Onde voc\u00ea tem vez e voz","potentialAction":[{"@type":"SearchAction","target":{"@type":"EntryPoint","urlTemplate":"https:\/\/folhapopular.info\/?s={search_term_string}"},"query-input":{"@type":"PropertyValueSpecification","valueRequired":true,"valueName":"search_term_string"}}],"inLanguage":"pt-BR"},{"@type":"Person","@id":"https:\/\/folhapopular.info\/#\/schema\/person\/2814e8a0df7643585a9ca38bc6eb9d4b","name":"Reda\u00e7\u00e3o Folha Popular","image":{"@type":"ImageObject","inLanguage":"pt-BR","@id":"https:\/\/folhapopular.info\/wp-content\/uploads\/2026\/04\/Folha-1.webp","url":"https:\/\/folhapopular.info\/wp-content\/uploads\/2026\/04\/Folha-1.webp","contentUrl":"https:\/\/folhapopular.info\/wp-content\/uploads\/2026\/04\/Folha-1.webp","caption":"Reda\u00e7\u00e3o Folha Popular"},"url":"https:\/\/folhapopular.info\/index.php\/author\/redacao\/"}]}},"jetpack_featured_media_url":"https:\/\/folhapopular.info\/wp-content\/uploads\/2026\/03\/20260305_165626-1.jpg-scaled.jpeg","jetpack_sharing_enabled":true,"amp_enabled":true,"_links":{"self":[{"href":"https:\/\/folhapopular.info\/index.php\/wp-json\/wp\/v2\/posts\/205503","targetHints":{"allow":["GET"]}}],"collection":[{"href":"https:\/\/folhapopular.info\/index.php\/wp-json\/wp\/v2\/posts"}],"about":[{"href":"https:\/\/folhapopular.info\/index.php\/wp-json\/wp\/v2\/types\/post"}],"author":[{"embeddable":true,"href":"https:\/\/folhapopular.info\/index.php\/wp-json\/wp\/v2\/users\/8"}],"replies":[{"embeddable":true,"href":"https:\/\/folhapopular.info\/index.php\/wp-json\/wp\/v2\/comments?post=205503"}],"version-history":[{"count":0,"href":"https:\/\/folhapopular.info\/index.php\/wp-json\/wp\/v2\/posts\/205503\/revisions"}],"wp:featuredmedia":[{"embeddable":true,"href":"https:\/\/folhapopular.info\/index.php\/wp-json\/wp\/v2\/media\/205504"}],"wp:attachment":[{"href":"https:\/\/folhapopular.info\/index.php\/wp-json\/wp\/v2\/media?parent=205503"}],"wp:term":[{"taxonomy":"category","embeddable":true,"href":"https:\/\/folhapopular.info\/index.php\/wp-json\/wp\/v2\/categories?post=205503"},{"taxonomy":"post_tag","embeddable":true,"href":"https:\/\/folhapopular.info\/index.php\/wp-json\/wp\/v2\/tags?post=205503"}],"curies":[{"name":"wp","href":"https:\/\/api.w.org\/{rel}","templated":true}]}}