{"id":205514,"date":"2026-03-10T15:00:00","date_gmt":"2026-03-10T18:00:00","guid":{"rendered":"https:\/\/folhapopular.info\/?p=205514"},"modified":"2026-03-10T15:06:10","modified_gmt":"2026-03-10T18:06:10","slug":"prazo-para-entrega-do-talao-de-produtor-termina-nesta-sexta-feira-em-teutonia","status":"publish","type":"post","link":"https:\/\/folhapopular.info\/index.php\/2026\/03\/10\/prazo-para-entrega-do-talao-de-produtor-termina-nesta-sexta-feira-em-teutonia\/","title":{"rendered":"Prazo para entrega do Tal\u00e3o de Produtor termina nesta sexta-feira em Teut\u00f4nia"},"content":{"rendered":"\n<p>A Secretaria da Fazenda informa que os produtores rurais t\u00eam at\u00e9 sexta-feira (13\/3), para realizar a entrega do Tal\u00e3o de Produtor referente \u00e0s opera\u00e7\u00f5es realizadas no exerc\u00edcio de 2025. O atendimento ocorre no Setor de ICMS (Sala 10).<\/p>\n\n\n\n<p>A entrega anual do documento \u00e9 obrigat\u00f3ria e deve incluir as contranotas, ou seja, as notas de compras e vendas realizadas no per\u00edodo. O n\u00e3o cumprimento do prazo pode resultar em penalidades, como o cancelamento da inscri\u00e7\u00e3o estadual e a exclus\u00e3o dos programas de incentivo da Secretaria da Agricultura e Meio Ambiente para o ano de 2026.<\/p>\n\n\n\n<p>Devem apresentar o documento todos os produtores que utilizaram Tal\u00e3o de Produtor f\u00edsico durante o ano de 2025. Aqueles que j\u00e1 possuem todas as contranotas organizadas podem realizar a entrega imediatamente no setor respons\u00e1vel.<\/p>\n\n\n\n<p>A Secretaria tamb\u00e9m refor\u00e7a que tal\u00f5es que estiverem completos devem ser entregues com o resumo devidamente preenchido pelo produtor. O procedimento n\u00e3o ser\u00e1 realizado no balc\u00e3o de atendimento, sendo responsabilidade do pr\u00f3prio produtor levar o documento organizado e pronto para confer\u00eancia.<\/p>\n\n\n\n<p>Est\u00e3o dispensados da entrega os produtores que utilizaram exclusivamente Nota Fiscal Eletr\u00f4nica (NF-e) durante todo o ano de 2025. No entanto, quem emite NF-e, mas ainda mant\u00e9m tal\u00e3o f\u00edsico em uso, tamb\u00e9m deve apresentar o documento.<\/p>\n\n\n\n<p><\/p>\n","protected":false},"excerpt":{"rendered":"<p>A Secretaria da Fazenda informa que os produtores rurais t\u00eam at\u00e9 sexta-feira (13\/3), para realizar a entrega do Tal\u00e3o de Produtor referente \u00e0s opera\u00e7\u00f5es realizadas no exerc\u00edcio de 2025. O atendimento ocorre no Setor de ICMS (Sala 10). A entrega anual do documento \u00e9 obrigat\u00f3ria e deve incluir as contranotas, ou seja, as notas de [&hellip;]<\/p>\n","protected":false},"author":8,"featured_media":205515,"comment_status":"open","ping_status":"open","sticky":false,"template":"","format":"standard","meta":{"pmpro_default_level":"","_jetpack_memberships_contains_paid_content":false,"footnotes":""},"categories":[2,10991,10994],"tags":[262,20256,11027,4059,26],"class_list":{"0":"post-205514","1":"post","2":"type-post","3":"status-publish","4":"format-standard","5":"has-post-thumbnail","7":"category-featured","8":"category-economia","9":"category-rural","10":"tag-icms","11":"tag-nf-e","12":"tag-rural","13":"tag-talao-do-produtor","14":"tag-teutonia","15":"pmpro-has-access"},"yoast_head":"<!-- This site is optimized with the Yoast SEO plugin v27.5 - https:\/\/yoast.com\/product\/yoast-seo-wordpress\/ -->\n<title>Prazo para entrega do Tal\u00e3o de Produtor termina nesta sexta-feira em Teut\u00f4nia - Folha Popular<\/title>\n<meta name=\"description\" content=\"A entrega anual do tal\u00e3o \u00e9 obrigat\u00f3ria e deve incluir as contranotas, ou seja, as notas de compras e vendas realizadas no per\u00edodo.\" \/>\n<meta name=\"robots\" content=\"index, follow, max-snippet:-1, max-image-preview:large, max-video-preview:-1\" \/>\n<link rel=\"canonical\" href=\"https:\/\/folhapopular.info\/index.php\/2026\/03\/10\/prazo-para-entrega-do-talao-de-produtor-termina-nesta-sexta-feira-em-teutonia\/\" \/>\n<meta property=\"og:locale\" content=\"pt_BR\" \/>\n<meta property=\"og:type\" content=\"article\" \/>\n<meta property=\"og:title\" content=\"Prazo para entrega do Tal\u00e3o de Produtor termina nesta sexta-feira em Teut\u00f4nia - Folha Popular\" \/>\n<meta property=\"og:description\" content=\"A entrega anual do tal\u00e3o \u00e9 obrigat\u00f3ria e deve incluir as contranotas, ou seja, as notas de compras e vendas realizadas no per\u00edodo.\" \/>\n<meta property=\"og:url\" content=\"https:\/\/folhapopular.info\/index.php\/2026\/03\/10\/prazo-para-entrega-do-talao-de-produtor-termina-nesta-sexta-feira-em-teutonia\/\" \/>\n<meta property=\"og:site_name\" content=\"Folha Popular\" \/>\n<meta property=\"article:published_time\" content=\"2026-03-10T18:00:00+00:00\" \/>\n<meta property=\"article:modified_time\" content=\"2026-03-10T18:06:10+00:00\" \/>\n<meta property=\"og:image\" content=\"http:\/\/folhapopular.info\/wp-content\/uploads\/2026\/03\/WhatsApp-Image-2026-03-10-at-13.53.19.jpeg\" \/>\n\t<meta property=\"og:image:width\" content=\"1200\" \/>\n\t<meta property=\"og:image:height\" content=\"800\" \/>\n\t<meta property=\"og:image:type\" content=\"image\/jpeg\" \/>\n<meta name=\"author\" content=\"Reda\u00e7\u00e3o Folha Popular\" \/>\n<meta name=\"twitter:card\" content=\"summary_large_image\" \/>\n<meta name=\"twitter:label1\" content=\"Escrito por\" \/>\n\t<meta name=\"twitter:data1\" content=\"Reda\u00e7\u00e3o Folha Popular\" \/>\n\t<meta name=\"twitter:label2\" content=\"Est. tempo de leitura\" \/>\n\t<meta name=\"twitter:data2\" content=\"2 minutos\" \/>\n<script type=\"application\/ld+json\" class=\"yoast-schema-graph\">{\"@context\":\"https:\\\/\\\/schema.org\",\"@graph\":[{\"@type\":\"Article\",\"@id\":\"https:\\\/\\\/folhapopular.info\\\/index.php\\\/2026\\\/03\\\/10\\\/prazo-para-entrega-do-talao-de-produtor-termina-nesta-sexta-feira-em-teutonia\\\/#article\",\"isPartOf\":{\"@id\":\"https:\\\/\\\/folhapopular.info\\\/index.php\\\/2026\\\/03\\\/10\\\/prazo-para-entrega-do-talao-de-produtor-termina-nesta-sexta-feira-em-teutonia\\\/\"},\"author\":{\"name\":\"Reda\u00e7\u00e3o Folha Popular\",\"@id\":\"https:\\\/\\\/folhapopular.info\\\/#\\\/schema\\\/person\\\/2814e8a0df7643585a9ca38bc6eb9d4b\"},\"headline\":\"Prazo para entrega do Tal\u00e3o de Produtor termina nesta sexta-feira em Teut\u00f4nia\",\"datePublished\":\"2026-03-10T18:00:00+00:00\",\"dateModified\":\"2026-03-10T18:06:10+00:00\",\"mainEntityOfPage\":{\"@id\":\"https:\\\/\\\/folhapopular.info\\\/index.php\\\/2026\\\/03\\\/10\\\/prazo-para-entrega-do-talao-de-produtor-termina-nesta-sexta-feira-em-teutonia\\\/\"},\"wordCount\":238,\"commentCount\":0,\"image\":{\"@id\":\"https:\\\/\\\/folhapopular.info\\\/index.php\\\/2026\\\/03\\\/10\\\/prazo-para-entrega-do-talao-de-produtor-termina-nesta-sexta-feira-em-teutonia\\\/#primaryimage\"},\"thumbnailUrl\":\"https:\\\/\\\/folhapopular.info\\\/wp-content\\\/uploads\\\/2026\\\/03\\\/WhatsApp-Image-2026-03-10-at-13.53.19.jpeg\",\"keywords\":[\"ICMS\",\"NF-e\",\"rural\",\"Tal\u00e3o do produtor\",\"Teut\u00f4nia\"],\"articleSection\":[\"Destaques\",\"Economia\",\"Rural\"],\"inLanguage\":\"pt-BR\",\"potentialAction\":[{\"@type\":\"CommentAction\",\"name\":\"Comment\",\"target\":[\"https:\\\/\\\/folhapopular.info\\\/index.php\\\/2026\\\/03\\\/10\\\/prazo-para-entrega-do-talao-de-produtor-termina-nesta-sexta-feira-em-teutonia\\\/#respond\"]}]},{\"@type\":\"WebPage\",\"@id\":\"https:\\\/\\\/folhapopular.info\\\/index.php\\\/2026\\\/03\\\/10\\\/prazo-para-entrega-do-talao-de-produtor-termina-nesta-sexta-feira-em-teutonia\\\/\",\"url\":\"https:\\\/\\\/folhapopular.info\\\/index.php\\\/2026\\\/03\\\/10\\\/prazo-para-entrega-do-talao-de-produtor-termina-nesta-sexta-feira-em-teutonia\\\/\",\"name\":\"Prazo para entrega do Tal\u00e3o de Produtor termina nesta sexta-feira em Teut\u00f4nia - Folha Popular\",\"isPartOf\":{\"@id\":\"https:\\\/\\\/folhapopular.info\\\/#website\"},\"primaryImageOfPage\":{\"@id\":\"https:\\\/\\\/folhapopular.info\\\/index.php\\\/2026\\\/03\\\/10\\\/prazo-para-entrega-do-talao-de-produtor-termina-nesta-sexta-feira-em-teutonia\\\/#primaryimage\"},\"image\":{\"@id\":\"https:\\\/\\\/folhapopular.info\\\/index.php\\\/2026\\\/03\\\/10\\\/prazo-para-entrega-do-talao-de-produtor-termina-nesta-sexta-feira-em-teutonia\\\/#primaryimage\"},\"thumbnailUrl\":\"https:\\\/\\\/folhapopular.info\\\/wp-content\\\/uploads\\\/2026\\\/03\\\/WhatsApp-Image-2026-03-10-at-13.53.19.jpeg\",\"datePublished\":\"2026-03-10T18:00:00+00:00\",\"dateModified\":\"2026-03-10T18:06:10+00:00\",\"author\":{\"@id\":\"https:\\\/\\\/folhapopular.info\\\/#\\\/schema\\\/person\\\/2814e8a0df7643585a9ca38bc6eb9d4b\"},\"description\":\"A entrega anual do tal\u00e3o \u00e9 obrigat\u00f3ria e deve incluir as contranotas, ou seja, as notas de compras e vendas realizadas no per\u00edodo.\",\"breadcrumb\":{\"@id\":\"https:\\\/\\\/folhapopular.info\\\/index.php\\\/2026\\\/03\\\/10\\\/prazo-para-entrega-do-talao-de-produtor-termina-nesta-sexta-feira-em-teutonia\\\/#breadcrumb\"},\"inLanguage\":\"pt-BR\",\"potentialAction\":[{\"@type\":\"ReadAction\",\"target\":[\"https:\\\/\\\/folhapopular.info\\\/index.php\\\/2026\\\/03\\\/10\\\/prazo-para-entrega-do-talao-de-produtor-termina-nesta-sexta-feira-em-teutonia\\\/\"]}]},{\"@type\":\"ImageObject\",\"inLanguage\":\"pt-BR\",\"@id\":\"https:\\\/\\\/folhapopular.info\\\/index.php\\\/2026\\\/03\\\/10\\\/prazo-para-entrega-do-talao-de-produtor-termina-nesta-sexta-feira-em-teutonia\\\/#primaryimage\",\"url\":\"https:\\\/\\\/folhapopular.info\\\/wp-content\\\/uploads\\\/2026\\\/03\\\/WhatsApp-Image-2026-03-10-at-13.53.19.jpeg\",\"contentUrl\":\"https:\\\/\\\/folhapopular.info\\\/wp-content\\\/uploads\\\/2026\\\/03\\\/WhatsApp-Image-2026-03-10-at-13.53.19.jpeg\",\"width\":1200,\"height\":800,\"caption\":\"Cr\u00e9dito: Prefeitura de Teut\u00f4nia \\\/ Divulga\u00e7\u00e3o\"},{\"@type\":\"BreadcrumbList\",\"@id\":\"https:\\\/\\\/folhapopular.info\\\/index.php\\\/2026\\\/03\\\/10\\\/prazo-para-entrega-do-talao-de-produtor-termina-nesta-sexta-feira-em-teutonia\\\/#breadcrumb\",\"itemListElement\":[{\"@type\":\"ListItem\",\"position\":1,\"name\":\"In\u00edcio\",\"item\":\"https:\\\/\\\/folhapopular.info\\\/\"},{\"@type\":\"ListItem\",\"position\":2,\"name\":\"Prazo para entrega do Tal\u00e3o de Produtor termina nesta sexta-feira em Teut\u00f4nia\"}]},{\"@type\":\"WebSite\",\"@id\":\"https:\\\/\\\/folhapopular.info\\\/#website\",\"url\":\"https:\\\/\\\/folhapopular.info\\\/\",\"name\":\"Folha Popular\",\"description\":\"Onde voc\u00ea tem vez e voz\",\"potentialAction\":[{\"@type\":\"SearchAction\",\"target\":{\"@type\":\"EntryPoint\",\"urlTemplate\":\"https:\\\/\\\/folhapopular.info\\\/?s={search_term_string}\"},\"query-input\":{\"@type\":\"PropertyValueSpecification\",\"valueRequired\":true,\"valueName\":\"search_term_string\"}}],\"inLanguage\":\"pt-BR\"},{\"@type\":\"Person\",\"@id\":\"https:\\\/\\\/folhapopular.info\\\/#\\\/schema\\\/person\\\/2814e8a0df7643585a9ca38bc6eb9d4b\",\"name\":\"Reda\u00e7\u00e3o Folha Popular\",\"image\":{\"@type\":\"ImageObject\",\"inLanguage\":\"pt-BR\",\"@id\":\"https:\\\/\\\/folhapopular.info\\\/wp-content\\\/uploads\\\/2026\\\/04\\\/Folha-1.webp\",\"url\":\"https:\\\/\\\/folhapopular.info\\\/wp-content\\\/uploads\\\/2026\\\/04\\\/Folha-1.webp\",\"contentUrl\":\"https:\\\/\\\/folhapopular.info\\\/wp-content\\\/uploads\\\/2026\\\/04\\\/Folha-1.webp\",\"caption\":\"Reda\u00e7\u00e3o Folha Popular\"},\"url\":\"https:\\\/\\\/folhapopular.info\\\/index.php\\\/author\\\/redacao\\\/\"}]}<\/script>\n<!-- \/ Yoast SEO plugin. -->","yoast_head_json":{"title":"Prazo para entrega do Tal\u00e3o de Produtor termina nesta sexta-feira em Teut\u00f4nia - Folha Popular","description":"A entrega anual do tal\u00e3o \u00e9 obrigat\u00f3ria e deve incluir as contranotas, ou seja, as notas de compras e vendas realizadas no per\u00edodo.","robots":{"index":"index","follow":"follow","max-snippet":"max-snippet:-1","max-image-preview":"max-image-preview:large","max-video-preview":"max-video-preview:-1"},"canonical":"https:\/\/folhapopular.info\/index.php\/2026\/03\/10\/prazo-para-entrega-do-talao-de-produtor-termina-nesta-sexta-feira-em-teutonia\/","og_locale":"pt_BR","og_type":"article","og_title":"Prazo para entrega do Tal\u00e3o de Produtor termina nesta sexta-feira em Teut\u00f4nia - Folha Popular","og_description":"A entrega anual do tal\u00e3o \u00e9 obrigat\u00f3ria e deve incluir as contranotas, ou seja, as notas de compras e vendas realizadas no per\u00edodo.","og_url":"https:\/\/folhapopular.info\/index.php\/2026\/03\/10\/prazo-para-entrega-do-talao-de-produtor-termina-nesta-sexta-feira-em-teutonia\/","og_site_name":"Folha Popular","article_published_time":"2026-03-10T18:00:00+00:00","article_modified_time":"2026-03-10T18:06:10+00:00","og_image":[{"width":1200,"height":800,"url":"http:\/\/folhapopular.info\/wp-content\/uploads\/2026\/03\/WhatsApp-Image-2026-03-10-at-13.53.19.jpeg","type":"image\/jpeg"}],"author":"Reda\u00e7\u00e3o Folha Popular","twitter_card":"summary_large_image","twitter_misc":{"Escrito por":"Reda\u00e7\u00e3o Folha Popular","Est. tempo de leitura":"2 minutos"},"schema":{"@context":"https:\/\/schema.org","@graph":[{"@type":"Article","@id":"https:\/\/folhapopular.info\/index.php\/2026\/03\/10\/prazo-para-entrega-do-talao-de-produtor-termina-nesta-sexta-feira-em-teutonia\/#article","isPartOf":{"@id":"https:\/\/folhapopular.info\/index.php\/2026\/03\/10\/prazo-para-entrega-do-talao-de-produtor-termina-nesta-sexta-feira-em-teutonia\/"},"author":{"name":"Reda\u00e7\u00e3o Folha Popular","@id":"https:\/\/folhapopular.info\/#\/schema\/person\/2814e8a0df7643585a9ca38bc6eb9d4b"},"headline":"Prazo para entrega do Tal\u00e3o de Produtor termina nesta sexta-feira em Teut\u00f4nia","datePublished":"2026-03-10T18:00:00+00:00","dateModified":"2026-03-10T18:06:10+00:00","mainEntityOfPage":{"@id":"https:\/\/folhapopular.info\/index.php\/2026\/03\/10\/prazo-para-entrega-do-talao-de-produtor-termina-nesta-sexta-feira-em-teutonia\/"},"wordCount":238,"commentCount":0,"image":{"@id":"https:\/\/folhapopular.info\/index.php\/2026\/03\/10\/prazo-para-entrega-do-talao-de-produtor-termina-nesta-sexta-feira-em-teutonia\/#primaryimage"},"thumbnailUrl":"https:\/\/folhapopular.info\/wp-content\/uploads\/2026\/03\/WhatsApp-Image-2026-03-10-at-13.53.19.jpeg","keywords":["ICMS","NF-e","rural","Tal\u00e3o do produtor","Teut\u00f4nia"],"articleSection":["Destaques","Economia","Rural"],"inLanguage":"pt-BR","potentialAction":[{"@type":"CommentAction","name":"Comment","target":["https:\/\/folhapopular.info\/index.php\/2026\/03\/10\/prazo-para-entrega-do-talao-de-produtor-termina-nesta-sexta-feira-em-teutonia\/#respond"]}]},{"@type":"WebPage","@id":"https:\/\/folhapopular.info\/index.php\/2026\/03\/10\/prazo-para-entrega-do-talao-de-produtor-termina-nesta-sexta-feira-em-teutonia\/","url":"https:\/\/folhapopular.info\/index.php\/2026\/03\/10\/prazo-para-entrega-do-talao-de-produtor-termina-nesta-sexta-feira-em-teutonia\/","name":"Prazo para entrega do Tal\u00e3o de Produtor termina nesta sexta-feira em Teut\u00f4nia - Folha Popular","isPartOf":{"@id":"https:\/\/folhapopular.info\/#website"},"primaryImageOfPage":{"@id":"https:\/\/folhapopular.info\/index.php\/2026\/03\/10\/prazo-para-entrega-do-talao-de-produtor-termina-nesta-sexta-feira-em-teutonia\/#primaryimage"},"image":{"@id":"https:\/\/folhapopular.info\/index.php\/2026\/03\/10\/prazo-para-entrega-do-talao-de-produtor-termina-nesta-sexta-feira-em-teutonia\/#primaryimage"},"thumbnailUrl":"https:\/\/folhapopular.info\/wp-content\/uploads\/2026\/03\/WhatsApp-Image-2026-03-10-at-13.53.19.jpeg","datePublished":"2026-03-10T18:00:00+00:00","dateModified":"2026-03-10T18:06:10+00:00","author":{"@id":"https:\/\/folhapopular.info\/#\/schema\/person\/2814e8a0df7643585a9ca38bc6eb9d4b"},"description":"A entrega anual do tal\u00e3o \u00e9 obrigat\u00f3ria e deve incluir as contranotas, ou seja, as notas de compras e vendas realizadas no per\u00edodo.","breadcrumb":{"@id":"https:\/\/folhapopular.info\/index.php\/2026\/03\/10\/prazo-para-entrega-do-talao-de-produtor-termina-nesta-sexta-feira-em-teutonia\/#breadcrumb"},"inLanguage":"pt-BR","potentialAction":[{"@type":"ReadAction","target":["https:\/\/folhapopular.info\/index.php\/2026\/03\/10\/prazo-para-entrega-do-talao-de-produtor-termina-nesta-sexta-feira-em-teutonia\/"]}]},{"@type":"ImageObject","inLanguage":"pt-BR","@id":"https:\/\/folhapopular.info\/index.php\/2026\/03\/10\/prazo-para-entrega-do-talao-de-produtor-termina-nesta-sexta-feira-em-teutonia\/#primaryimage","url":"https:\/\/folhapopular.info\/wp-content\/uploads\/2026\/03\/WhatsApp-Image-2026-03-10-at-13.53.19.jpeg","contentUrl":"https:\/\/folhapopular.info\/wp-content\/uploads\/2026\/03\/WhatsApp-Image-2026-03-10-at-13.53.19.jpeg","width":1200,"height":800,"caption":"Cr\u00e9dito: Prefeitura de Teut\u00f4nia \/ Divulga\u00e7\u00e3o"},{"@type":"BreadcrumbList","@id":"https:\/\/folhapopular.info\/index.php\/2026\/03\/10\/prazo-para-entrega-do-talao-de-produtor-termina-nesta-sexta-feira-em-teutonia\/#breadcrumb","itemListElement":[{"@type":"ListItem","position":1,"name":"In\u00edcio","item":"https:\/\/folhapopular.info\/"},{"@type":"ListItem","position":2,"name":"Prazo para entrega do Tal\u00e3o de Produtor termina nesta sexta-feira em Teut\u00f4nia"}]},{"@type":"WebSite","@id":"https:\/\/folhapopular.info\/#website","url":"https:\/\/folhapopular.info\/","name":"Folha Popular","description":"Onde voc\u00ea tem vez e voz","potentialAction":[{"@type":"SearchAction","target":{"@type":"EntryPoint","urlTemplate":"https:\/\/folhapopular.info\/?s={search_term_string}"},"query-input":{"@type":"PropertyValueSpecification","valueRequired":true,"valueName":"search_term_string"}}],"inLanguage":"pt-BR"},{"@type":"Person","@id":"https:\/\/folhapopular.info\/#\/schema\/person\/2814e8a0df7643585a9ca38bc6eb9d4b","name":"Reda\u00e7\u00e3o Folha Popular","image":{"@type":"ImageObject","inLanguage":"pt-BR","@id":"https:\/\/folhapopular.info\/wp-content\/uploads\/2026\/04\/Folha-1.webp","url":"https:\/\/folhapopular.info\/wp-content\/uploads\/2026\/04\/Folha-1.webp","contentUrl":"https:\/\/folhapopular.info\/wp-content\/uploads\/2026\/04\/Folha-1.webp","caption":"Reda\u00e7\u00e3o Folha Popular"},"url":"https:\/\/folhapopular.info\/index.php\/author\/redacao\/"}]}},"jetpack_featured_media_url":"https:\/\/folhapopular.info\/wp-content\/uploads\/2026\/03\/WhatsApp-Image-2026-03-10-at-13.53.19.jpeg","jetpack_sharing_enabled":true,"amp_enabled":true,"_links":{"self":[{"href":"https:\/\/folhapopular.info\/index.php\/wp-json\/wp\/v2\/posts\/205514","targetHints":{"allow":["GET"]}}],"collection":[{"href":"https:\/\/folhapopular.info\/index.php\/wp-json\/wp\/v2\/posts"}],"about":[{"href":"https:\/\/folhapopular.info\/index.php\/wp-json\/wp\/v2\/types\/post"}],"author":[{"embeddable":true,"href":"https:\/\/folhapopular.info\/index.php\/wp-json\/wp\/v2\/users\/8"}],"replies":[{"embeddable":true,"href":"https:\/\/folhapopular.info\/index.php\/wp-json\/wp\/v2\/comments?post=205514"}],"version-history":[{"count":0,"href":"https:\/\/folhapopular.info\/index.php\/wp-json\/wp\/v2\/posts\/205514\/revisions"}],"wp:featuredmedia":[{"embeddable":true,"href":"https:\/\/folhapopular.info\/index.php\/wp-json\/wp\/v2\/media\/205515"}],"wp:attachment":[{"href":"https:\/\/folhapopular.info\/index.php\/wp-json\/wp\/v2\/media?parent=205514"}],"wp:term":[{"taxonomy":"category","embeddable":true,"href":"https:\/\/folhapopular.info\/index.php\/wp-json\/wp\/v2\/categories?post=205514"},{"taxonomy":"post_tag","embeddable":true,"href":"https:\/\/folhapopular.info\/index.php\/wp-json\/wp\/v2\/tags?post=205514"}],"curies":[{"name":"wp","href":"https:\/\/api.w.org\/{rel}","templated":true}]}}