{"id":205522,"date":"2026-03-10T16:00:00","date_gmt":"2026-03-10T19:00:00","guid":{"rendered":"https:\/\/folhapopular.info\/?p=205522"},"modified":"2026-03-13T11:27:16","modified_gmt":"2026-03-13T14:27:16","slug":"cresol-realiza-assembleia-com-associados-em-teutonia","status":"publish","type":"post","link":"https:\/\/folhapopular.info\/index.php\/2026\/03\/10\/cresol-realiza-assembleia-com-associados-em-teutonia\/","title":{"rendered":"Cresol realiza assembleia com associados em Teut\u00f4nia"},"content":{"rendered":"\n<p>A Cresol promove, na pr\u00f3xima quinta-feira (12\/3), a assembleia anual com os associados da ag\u00eancia de Teut\u00f4nia. O encontro ocorrer\u00e1 no Clube Teutoniense, com in\u00edcio \u00e0s 20h, reunindo cooperados da regi\u00e3o para a apresenta\u00e7\u00e3o de resultados, presta\u00e7\u00e3o de contas e discuss\u00e3o das proje\u00e7\u00f5es da cooperativa para os pr\u00f3ximos anos.<\/p>\n\n\n\n<p>Durante a assembleia, os associados ter\u00e3o a oportunidade de acompanhar de perto a gest\u00e3o da cooperativa e participar das decis\u00f5es relacionadas ao seu funcionamento e planejamento. No encontro, ser\u00e3o apresentados dados do exerc\u00edcio anterior, demonstrativos de resultados e informa\u00e7\u00f5es sobre o crescimento da Cresol na regi\u00e3o.<\/p>\n\n\n\n<p>Nos \u00faltimos anos, a cooperativa registrou expans\u00e3o significativa. Em Teut\u00f4nia, o n\u00famero de associados praticamente dobrou desde a instala\u00e7\u00e3o da ag\u00eancia, passando de cerca de 800 cooperados em 2024 para aproximadamente 1,7 mil atualmente. O crescimento tamb\u00e9m se reflete nos resultados da institui\u00e7\u00e3o, que vem registrando \u00edndices superiores a 30% ao ano, consolidando a presen\u00e7a da cooperativa no Vale do Taquari.<\/p>\n\n\n\n<p>Al\u00e9m da presta\u00e7\u00e3o de contas, a assembleia tamb\u00e9m ser\u00e1 oportunidade para apresentar projetos, a\u00e7\u00f5es sociais e iniciativas desenvolvidas pela cooperativa na comunidade. A programa\u00e7\u00e3o inclui ainda a divulga\u00e7\u00e3o da campanha Cooperar \u00e9 Ganhar, que neste ano novamente prev\u00ea sorteios mensais e pr\u00eamios finais de grande valor, incluindo tr\u00eas pr\u00eamios de um milh\u00e3o de reais.<\/p>\n\n\n\n<p>Outro ponto a ser abordado \u00e9 o papel da cooperativa no apoio aos associados, especialmente em \u00e1reas como agricultura familiar, empreendedorismo e financiamento para pessoas f\u00edsicas e jur\u00eddicas. A Cresol atua oferecendo solu\u00e7\u00f5es financeiras que atendem desde produtores rurais e empresas at\u00e9 associados que buscam cr\u00e9dito ou op\u00e7\u00f5es de investimento.<\/p>\n\n\n\n<p>O encontro tamb\u00e9m contar\u00e1 com a presen\u00e7a de representantes da dire\u00e7\u00e3o da cooperativa e da sede regional, localizada em Lajeado, refor\u00e7ando a integra\u00e7\u00e3o entre as ag\u00eancias e os cooperados da regi\u00e3o.<\/p>\n\n\n\n<p>Associados interessados em participar devem confirmar presen\u00e7a previamente junto \u00e0 ag\u00eancia da Cresol de Teut\u00f4nia. Ap\u00f3s a assembleia, ser\u00e1 oferecido jantar aos participantes.<\/p>\n\n\n\n<h2 class=\"wp-block-heading\">Confira a entrevista completa<\/h2>\n\n\n\n<figure class=\"wp-block-embed is-type-video is-provider-youtube wp-block-embed-youtube wp-embed-aspect-16-9 wp-has-aspect-ratio\"><div class=\"wp-block-embed__wrapper\">\n<div class=\"youtube-embed\" data-video_id=\"\"><iframe loading=\"lazy\" title=\"Cresol realiza assembleia dia 12\" width=\"696\" height=\"392\" src=\"https:\/\/www.youtube.com\/embed\/8i2-d8JUmqs?feature=oembed&#038;enablejsapi=1\" frameborder=\"0\" allow=\"accelerometer; autoplay; clipboard-write; encrypted-media; gyroscope; picture-in-picture; web-share\" referrerpolicy=\"strict-origin-when-cross-origin\" allowfullscreen><\/iframe><\/div>\n<\/div><\/figure>\n","protected":false},"excerpt":{"rendered":"<p>A Cresol promove, na pr\u00f3xima quinta-feira (12\/3), a assembleia anual com os associados da ag\u00eancia de Teut\u00f4nia. O encontro ocorrer\u00e1 no Clube Teutoniense, com in\u00edcio \u00e0s 20h, reunindo cooperados da regi\u00e3o para a apresenta\u00e7\u00e3o de resultados, presta\u00e7\u00e3o de contas e discuss\u00e3o das proje\u00e7\u00f5es da cooperativa para os pr\u00f3ximos anos. Durante a assembleia, os associados ter\u00e3o [&hellip;]<\/p>\n","protected":false},"author":782,"featured_media":205524,"comment_status":"open","ping_status":"open","sticky":false,"template":"","format":"standard","meta":{"pmpro_default_level":"","_jetpack_memberships_contains_paid_content":false,"footnotes":""},"categories":[10992,10991],"tags":[20723,8337,26],"class_list":{"0":"post-205522","1":"post","2":"type-post","3":"status-publish","4":"format-standard","5":"has-post-thumbnail","7":"category-coopop","8":"category-economia","9":"tag-assembleia-com-associados","10":"tag-cresol","11":"tag-teutonia","12":"pmpro-has-access"},"yoast_head":"<!-- This site is optimized with the Yoast SEO plugin v27.4 - https:\/\/yoast.com\/product\/yoast-seo-wordpress\/ -->\n<title>Cresol realiza assembleia com associados em Teut\u00f4nia - Folha Popular<\/title>\n<meta name=\"robots\" content=\"index, follow, max-snippet:-1, max-image-preview:large, max-video-preview:-1\" \/>\n<link rel=\"canonical\" href=\"https:\/\/folhapopular.info\/index.php\/2026\/03\/10\/cresol-realiza-assembleia-com-associados-em-teutonia\/\" \/>\n<meta property=\"og:locale\" content=\"pt_BR\" \/>\n<meta property=\"og:type\" content=\"article\" \/>\n<meta property=\"og:title\" content=\"Cresol realiza assembleia com associados em Teut\u00f4nia - Folha Popular\" \/>\n<meta property=\"og:description\" content=\"A Cresol promove, na pr\u00f3xima quinta-feira (12\/3), a assembleia anual com os associados da ag\u00eancia de Teut\u00f4nia. O encontro ocorrer\u00e1 no Clube Teutoniense, com in\u00edcio \u00e0s 20h, reunindo cooperados da regi\u00e3o para a apresenta\u00e7\u00e3o de resultados, presta\u00e7\u00e3o de contas e discuss\u00e3o das proje\u00e7\u00f5es da cooperativa para os pr\u00f3ximos anos. Durante a assembleia, os associados ter\u00e3o [&hellip;]\" \/>\n<meta property=\"og:url\" content=\"https:\/\/folhapopular.info\/index.php\/2026\/03\/10\/cresol-realiza-assembleia-com-associados-em-teutonia\/\" \/>\n<meta property=\"og:site_name\" content=\"Folha Popular\" \/>\n<meta property=\"article:published_time\" content=\"2026-03-10T19:00:00+00:00\" \/>\n<meta property=\"article:modified_time\" content=\"2026-03-13T14:27:16+00:00\" \/>\n<meta property=\"og:image\" content=\"http:\/\/folhapopular.info\/wp-content\/uploads\/2026\/03\/WhatsApp-Image-2026-03-09-at-08.27.26.jpeg\" \/>\n\t<meta property=\"og:image:width\" content=\"1280\" \/>\n\t<meta property=\"og:image:height\" content=\"960\" \/>\n\t<meta property=\"og:image:type\" content=\"image\/jpeg\" \/>\n<meta name=\"author\" content=\"Rafaela Zappaz\" \/>\n<meta name=\"twitter:card\" content=\"summary_large_image\" \/>\n<meta name=\"twitter:label1\" content=\"Escrito por\" \/>\n\t<meta name=\"twitter:data1\" content=\"Rafaela Zappaz\" \/>\n\t<meta name=\"twitter:label2\" content=\"Est. tempo de leitura\" \/>\n\t<meta name=\"twitter:data2\" content=\"2 minutos\" \/>\n<script type=\"application\/ld+json\" class=\"yoast-schema-graph\">{\"@context\":\"https:\\\/\\\/schema.org\",\"@graph\":[{\"@type\":\"Article\",\"@id\":\"https:\\\/\\\/folhapopular.info\\\/index.php\\\/2026\\\/03\\\/10\\\/cresol-realiza-assembleia-com-associados-em-teutonia\\\/#article\",\"isPartOf\":{\"@id\":\"https:\\\/\\\/folhapopular.info\\\/index.php\\\/2026\\\/03\\\/10\\\/cresol-realiza-assembleia-com-associados-em-teutonia\\\/\"},\"author\":{\"name\":\"Rafaela Zappaz\",\"@id\":\"https:\\\/\\\/folhapopular.info\\\/#\\\/schema\\\/person\\\/87aa1d7488478bf03a40dc0a852db19d\"},\"headline\":\"Cresol realiza assembleia com associados em Teut\u00f4nia\",\"datePublished\":\"2026-03-10T19:00:00+00:00\",\"dateModified\":\"2026-03-13T14:27:16+00:00\",\"mainEntityOfPage\":{\"@id\":\"https:\\\/\\\/folhapopular.info\\\/index.php\\\/2026\\\/03\\\/10\\\/cresol-realiza-assembleia-com-associados-em-teutonia\\\/\"},\"wordCount\":382,\"commentCount\":0,\"image\":{\"@id\":\"https:\\\/\\\/folhapopular.info\\\/index.php\\\/2026\\\/03\\\/10\\\/cresol-realiza-assembleia-com-associados-em-teutonia\\\/#primaryimage\"},\"thumbnailUrl\":\"https:\\\/\\\/folhapopular.info\\\/wp-content\\\/uploads\\\/2026\\\/03\\\/WhatsApp-Image-2026-03-09-at-08.27.26.jpeg\",\"keywords\":[\"Assembl\u00e9ia com associados\",\"Cresol\",\"Teut\u00f4nia\"],\"articleSection\":[\"Coopop\",\"Economia\"],\"inLanguage\":\"pt-BR\",\"potentialAction\":[{\"@type\":\"CommentAction\",\"name\":\"Comment\",\"target\":[\"https:\\\/\\\/folhapopular.info\\\/index.php\\\/2026\\\/03\\\/10\\\/cresol-realiza-assembleia-com-associados-em-teutonia\\\/#respond\"]}]},{\"@type\":\"WebPage\",\"@id\":\"https:\\\/\\\/folhapopular.info\\\/index.php\\\/2026\\\/03\\\/10\\\/cresol-realiza-assembleia-com-associados-em-teutonia\\\/\",\"url\":\"https:\\\/\\\/folhapopular.info\\\/index.php\\\/2026\\\/03\\\/10\\\/cresol-realiza-assembleia-com-associados-em-teutonia\\\/\",\"name\":\"Cresol realiza assembleia com associados em Teut\u00f4nia - Folha Popular\",\"isPartOf\":{\"@id\":\"https:\\\/\\\/folhapopular.info\\\/#website\"},\"primaryImageOfPage\":{\"@id\":\"https:\\\/\\\/folhapopular.info\\\/index.php\\\/2026\\\/03\\\/10\\\/cresol-realiza-assembleia-com-associados-em-teutonia\\\/#primaryimage\"},\"image\":{\"@id\":\"https:\\\/\\\/folhapopular.info\\\/index.php\\\/2026\\\/03\\\/10\\\/cresol-realiza-assembleia-com-associados-em-teutonia\\\/#primaryimage\"},\"thumbnailUrl\":\"https:\\\/\\\/folhapopular.info\\\/wp-content\\\/uploads\\\/2026\\\/03\\\/WhatsApp-Image-2026-03-09-at-08.27.26.jpeg\",\"datePublished\":\"2026-03-10T19:00:00+00:00\",\"dateModified\":\"2026-03-13T14:27:16+00:00\",\"author\":{\"@id\":\"https:\\\/\\\/folhapopular.info\\\/#\\\/schema\\\/person\\\/87aa1d7488478bf03a40dc0a852db19d\"},\"breadcrumb\":{\"@id\":\"https:\\\/\\\/folhapopular.info\\\/index.php\\\/2026\\\/03\\\/10\\\/cresol-realiza-assembleia-com-associados-em-teutonia\\\/#breadcrumb\"},\"inLanguage\":\"pt-BR\",\"potentialAction\":[{\"@type\":\"ReadAction\",\"target\":[\"https:\\\/\\\/folhapopular.info\\\/index.php\\\/2026\\\/03\\\/10\\\/cresol-realiza-assembleia-com-associados-em-teutonia\\\/\"]}]},{\"@type\":\"ImageObject\",\"inLanguage\":\"pt-BR\",\"@id\":\"https:\\\/\\\/folhapopular.info\\\/index.php\\\/2026\\\/03\\\/10\\\/cresol-realiza-assembleia-com-associados-em-teutonia\\\/#primaryimage\",\"url\":\"https:\\\/\\\/folhapopular.info\\\/wp-content\\\/uploads\\\/2026\\\/03\\\/WhatsApp-Image-2026-03-09-at-08.27.26.jpeg\",\"contentUrl\":\"https:\\\/\\\/folhapopular.info\\\/wp-content\\\/uploads\\\/2026\\\/03\\\/WhatsApp-Image-2026-03-09-at-08.27.26.jpeg\",\"width\":1280,\"height\":960,\"caption\":\"Cr\u00e9ditos: Ariana de Oliveira\"},{\"@type\":\"BreadcrumbList\",\"@id\":\"https:\\\/\\\/folhapopular.info\\\/index.php\\\/2026\\\/03\\\/10\\\/cresol-realiza-assembleia-com-associados-em-teutonia\\\/#breadcrumb\",\"itemListElement\":[{\"@type\":\"ListItem\",\"position\":1,\"name\":\"In\u00edcio\",\"item\":\"https:\\\/\\\/folhapopular.info\\\/\"},{\"@type\":\"ListItem\",\"position\":2,\"name\":\"Cresol realiza assembleia com associados em Teut\u00f4nia\"}]},{\"@type\":\"WebSite\",\"@id\":\"https:\\\/\\\/folhapopular.info\\\/#website\",\"url\":\"https:\\\/\\\/folhapopular.info\\\/\",\"name\":\"Folha Popular\",\"description\":\"Onde voc\u00ea tem vez e voz\",\"potentialAction\":[{\"@type\":\"SearchAction\",\"target\":{\"@type\":\"EntryPoint\",\"urlTemplate\":\"https:\\\/\\\/folhapopular.info\\\/?s={search_term_string}\"},\"query-input\":{\"@type\":\"PropertyValueSpecification\",\"valueRequired\":true,\"valueName\":\"search_term_string\"}}],\"inLanguage\":\"pt-BR\"},{\"@type\":\"Person\",\"@id\":\"https:\\\/\\\/folhapopular.info\\\/#\\\/schema\\\/person\\\/87aa1d7488478bf03a40dc0a852db19d\",\"name\":\"Rafaela Zappaz\",\"image\":{\"@type\":\"ImageObject\",\"inLanguage\":\"pt-BR\",\"@id\":\"https:\\\/\\\/secure.gravatar.com\\\/avatar\\\/7b6259df2b1311e565e2e930bcf599e41eca901dc1e0e850d699f28cc7ea8de8?s=96&d=mm&r=g\",\"url\":\"https:\\\/\\\/secure.gravatar.com\\\/avatar\\\/7b6259df2b1311e565e2e930bcf599e41eca901dc1e0e850d699f28cc7ea8de8?s=96&d=mm&r=g\",\"contentUrl\":\"https:\\\/\\\/secure.gravatar.com\\\/avatar\\\/7b6259df2b1311e565e2e930bcf599e41eca901dc1e0e850d699f28cc7ea8de8?s=96&d=mm&r=g\",\"caption\":\"Rafaela Zappaz\"},\"url\":\"https:\\\/\\\/folhapopular.info\\\/index.php\\\/author\\\/rafaela-zappaz\\\/\"}]}<\/script>\n<!-- \/ Yoast SEO plugin. -->","yoast_head_json":{"title":"Cresol realiza assembleia com associados em Teut\u00f4nia - Folha Popular","robots":{"index":"index","follow":"follow","max-snippet":"max-snippet:-1","max-image-preview":"max-image-preview:large","max-video-preview":"max-video-preview:-1"},"canonical":"https:\/\/folhapopular.info\/index.php\/2026\/03\/10\/cresol-realiza-assembleia-com-associados-em-teutonia\/","og_locale":"pt_BR","og_type":"article","og_title":"Cresol realiza assembleia com associados em Teut\u00f4nia - Folha Popular","og_description":"A Cresol promove, na pr\u00f3xima quinta-feira (12\/3), a assembleia anual com os associados da ag\u00eancia de Teut\u00f4nia. O encontro ocorrer\u00e1 no Clube Teutoniense, com in\u00edcio \u00e0s 20h, reunindo cooperados da regi\u00e3o para a apresenta\u00e7\u00e3o de resultados, presta\u00e7\u00e3o de contas e discuss\u00e3o das proje\u00e7\u00f5es da cooperativa para os pr\u00f3ximos anos. Durante a assembleia, os associados ter\u00e3o [&hellip;]","og_url":"https:\/\/folhapopular.info\/index.php\/2026\/03\/10\/cresol-realiza-assembleia-com-associados-em-teutonia\/","og_site_name":"Folha Popular","article_published_time":"2026-03-10T19:00:00+00:00","article_modified_time":"2026-03-13T14:27:16+00:00","og_image":[{"width":1280,"height":960,"url":"http:\/\/folhapopular.info\/wp-content\/uploads\/2026\/03\/WhatsApp-Image-2026-03-09-at-08.27.26.jpeg","type":"image\/jpeg"}],"author":"Rafaela Zappaz","twitter_card":"summary_large_image","twitter_misc":{"Escrito por":"Rafaela Zappaz","Est. tempo de leitura":"2 minutos"},"schema":{"@context":"https:\/\/schema.org","@graph":[{"@type":"Article","@id":"https:\/\/folhapopular.info\/index.php\/2026\/03\/10\/cresol-realiza-assembleia-com-associados-em-teutonia\/#article","isPartOf":{"@id":"https:\/\/folhapopular.info\/index.php\/2026\/03\/10\/cresol-realiza-assembleia-com-associados-em-teutonia\/"},"author":{"name":"Rafaela Zappaz","@id":"https:\/\/folhapopular.info\/#\/schema\/person\/87aa1d7488478bf03a40dc0a852db19d"},"headline":"Cresol realiza assembleia com associados em Teut\u00f4nia","datePublished":"2026-03-10T19:00:00+00:00","dateModified":"2026-03-13T14:27:16+00:00","mainEntityOfPage":{"@id":"https:\/\/folhapopular.info\/index.php\/2026\/03\/10\/cresol-realiza-assembleia-com-associados-em-teutonia\/"},"wordCount":382,"commentCount":0,"image":{"@id":"https:\/\/folhapopular.info\/index.php\/2026\/03\/10\/cresol-realiza-assembleia-com-associados-em-teutonia\/#primaryimage"},"thumbnailUrl":"https:\/\/folhapopular.info\/wp-content\/uploads\/2026\/03\/WhatsApp-Image-2026-03-09-at-08.27.26.jpeg","keywords":["Assembl\u00e9ia com associados","Cresol","Teut\u00f4nia"],"articleSection":["Coopop","Economia"],"inLanguage":"pt-BR","potentialAction":[{"@type":"CommentAction","name":"Comment","target":["https:\/\/folhapopular.info\/index.php\/2026\/03\/10\/cresol-realiza-assembleia-com-associados-em-teutonia\/#respond"]}]},{"@type":"WebPage","@id":"https:\/\/folhapopular.info\/index.php\/2026\/03\/10\/cresol-realiza-assembleia-com-associados-em-teutonia\/","url":"https:\/\/folhapopular.info\/index.php\/2026\/03\/10\/cresol-realiza-assembleia-com-associados-em-teutonia\/","name":"Cresol realiza assembleia com associados em Teut\u00f4nia - Folha Popular","isPartOf":{"@id":"https:\/\/folhapopular.info\/#website"},"primaryImageOfPage":{"@id":"https:\/\/folhapopular.info\/index.php\/2026\/03\/10\/cresol-realiza-assembleia-com-associados-em-teutonia\/#primaryimage"},"image":{"@id":"https:\/\/folhapopular.info\/index.php\/2026\/03\/10\/cresol-realiza-assembleia-com-associados-em-teutonia\/#primaryimage"},"thumbnailUrl":"https:\/\/folhapopular.info\/wp-content\/uploads\/2026\/03\/WhatsApp-Image-2026-03-09-at-08.27.26.jpeg","datePublished":"2026-03-10T19:00:00+00:00","dateModified":"2026-03-13T14:27:16+00:00","author":{"@id":"https:\/\/folhapopular.info\/#\/schema\/person\/87aa1d7488478bf03a40dc0a852db19d"},"breadcrumb":{"@id":"https:\/\/folhapopular.info\/index.php\/2026\/03\/10\/cresol-realiza-assembleia-com-associados-em-teutonia\/#breadcrumb"},"inLanguage":"pt-BR","potentialAction":[{"@type":"ReadAction","target":["https:\/\/folhapopular.info\/index.php\/2026\/03\/10\/cresol-realiza-assembleia-com-associados-em-teutonia\/"]}]},{"@type":"ImageObject","inLanguage":"pt-BR","@id":"https:\/\/folhapopular.info\/index.php\/2026\/03\/10\/cresol-realiza-assembleia-com-associados-em-teutonia\/#primaryimage","url":"https:\/\/folhapopular.info\/wp-content\/uploads\/2026\/03\/WhatsApp-Image-2026-03-09-at-08.27.26.jpeg","contentUrl":"https:\/\/folhapopular.info\/wp-content\/uploads\/2026\/03\/WhatsApp-Image-2026-03-09-at-08.27.26.jpeg","width":1280,"height":960,"caption":"Cr\u00e9ditos: Ariana de Oliveira"},{"@type":"BreadcrumbList","@id":"https:\/\/folhapopular.info\/index.php\/2026\/03\/10\/cresol-realiza-assembleia-com-associados-em-teutonia\/#breadcrumb","itemListElement":[{"@type":"ListItem","position":1,"name":"In\u00edcio","item":"https:\/\/folhapopular.info\/"},{"@type":"ListItem","position":2,"name":"Cresol realiza assembleia com associados em Teut\u00f4nia"}]},{"@type":"WebSite","@id":"https:\/\/folhapopular.info\/#website","url":"https:\/\/folhapopular.info\/","name":"Folha Popular","description":"Onde voc\u00ea tem vez e voz","potentialAction":[{"@type":"SearchAction","target":{"@type":"EntryPoint","urlTemplate":"https:\/\/folhapopular.info\/?s={search_term_string}"},"query-input":{"@type":"PropertyValueSpecification","valueRequired":true,"valueName":"search_term_string"}}],"inLanguage":"pt-BR"},{"@type":"Person","@id":"https:\/\/folhapopular.info\/#\/schema\/person\/87aa1d7488478bf03a40dc0a852db19d","name":"Rafaela Zappaz","image":{"@type":"ImageObject","inLanguage":"pt-BR","@id":"https:\/\/secure.gravatar.com\/avatar\/7b6259df2b1311e565e2e930bcf599e41eca901dc1e0e850d699f28cc7ea8de8?s=96&d=mm&r=g","url":"https:\/\/secure.gravatar.com\/avatar\/7b6259df2b1311e565e2e930bcf599e41eca901dc1e0e850d699f28cc7ea8de8?s=96&d=mm&r=g","contentUrl":"https:\/\/secure.gravatar.com\/avatar\/7b6259df2b1311e565e2e930bcf599e41eca901dc1e0e850d699f28cc7ea8de8?s=96&d=mm&r=g","caption":"Rafaela Zappaz"},"url":"https:\/\/folhapopular.info\/index.php\/author\/rafaela-zappaz\/"}]}},"jetpack_featured_media_url":"https:\/\/folhapopular.info\/wp-content\/uploads\/2026\/03\/WhatsApp-Image-2026-03-09-at-08.27.26.jpeg","jetpack_sharing_enabled":true,"amp_enabled":true,"_links":{"self":[{"href":"https:\/\/folhapopular.info\/index.php\/wp-json\/wp\/v2\/posts\/205522","targetHints":{"allow":["GET"]}}],"collection":[{"href":"https:\/\/folhapopular.info\/index.php\/wp-json\/wp\/v2\/posts"}],"about":[{"href":"https:\/\/folhapopular.info\/index.php\/wp-json\/wp\/v2\/types\/post"}],"author":[{"embeddable":true,"href":"https:\/\/folhapopular.info\/index.php\/wp-json\/wp\/v2\/users\/782"}],"replies":[{"embeddable":true,"href":"https:\/\/folhapopular.info\/index.php\/wp-json\/wp\/v2\/comments?post=205522"}],"version-history":[{"count":0,"href":"https:\/\/folhapopular.info\/index.php\/wp-json\/wp\/v2\/posts\/205522\/revisions"}],"wp:featuredmedia":[{"embeddable":true,"href":"https:\/\/folhapopular.info\/index.php\/wp-json\/wp\/v2\/media\/205524"}],"wp:attachment":[{"href":"https:\/\/folhapopular.info\/index.php\/wp-json\/wp\/v2\/media?parent=205522"}],"wp:term":[{"taxonomy":"category","embeddable":true,"href":"https:\/\/folhapopular.info\/index.php\/wp-json\/wp\/v2\/categories?post=205522"},{"taxonomy":"post_tag","embeddable":true,"href":"https:\/\/folhapopular.info\/index.php\/wp-json\/wp\/v2\/tags?post=205522"}],"curies":[{"name":"wp","href":"https:\/\/api.w.org\/{rel}","templated":true}]}}