{"id":205525,"date":"2026-03-10T16:12:03","date_gmt":"2026-03-10T19:12:03","guid":{"rendered":"https:\/\/folhapopular.info\/?p=205525"},"modified":"2026-03-10T17:21:59","modified_gmt":"2026-03-10T20:21:59","slug":"motoristas-fazem-fila-em-postos-por-temor-a-falta-de-combustivel","status":"publish","type":"post","link":"https:\/\/folhapopular.info\/index.php\/2026\/03\/10\/motoristas-fazem-fila-em-postos-por-temor-a-falta-de-combustivel\/","title":{"rendered":"Motoristas fazem fila em postos por temor \u00e0 falta de combust\u00edvel"},"content":{"rendered":"\n<p>Informa\u00e7\u00f5es repassadas em grupos do Whatsapp do Vale do Taquari provocaram correria aos postos de combust\u00edveis da regi\u00e3o na tarde de hoje (10\/3). Filas se formaram em diferentes estabelecimentos. Parte dos postos limitou a venda a R$ 100 por cliente, enquanto outros tiveram seus estoques esvaziados.\u00a0<\/p>\n\n\n\n<p>Apesar da alta procura, n\u00e3o h\u00e1 relatos de falta de combust\u00edveis nas distribuidoras que atuam no Rio Grande do Sul. De acordo com a Sulpetro, as distribuidoras t\u00eam estoques suficientes para atender seus contratados, mas o aumento da demanda preocupa e pode gerar problemas. Conforme a entidade que representa as revendas, a falta de gasolina ocorre apenas em casos pontuais e para postos que n\u00e3o possuem conv\u00eanio.&nbsp;<\/p>\n\n\n\n<p>De acordo com o gestor de uma rede de postos com atua\u00e7\u00e3o no Vale do Taquari, o pr\u00f3prio alarmismo acaba provocando o desabastecimento. \u201cComo as pessoas est\u00e3o alarmadas e fazendo fila, n\u00e3o tem quantidade suficiente nos postos para atender essa demanda inesperada\u201d, relata.&nbsp;<\/p>\n\n\n\n<p>Nas mensagens das redes sociais, o suposto desabastecimento \u00e9 justificado pela guerra entre Estados Unidos, Israel e Ir\u00e3. O fechamento do estreito de Ormuz, corredor log\u00edstico mar\u00edtimo respons\u00e1vel por transportar 20% de todo o petr\u00f3leo produzido no mundo, provocou alta nos pre\u00e7os do petr\u00f3leo.&nbsp;<\/p>\n\n\n\n<p>O barril do \u00f3leo tipo Brent, mais utilizado, ultrapassou os US$ 100 no domingo, mas caiu no in\u00edcio desta semana, sendo cotado a US$ 85 nesta ter\u00e7a-feira. Antes do ataque dos Estados Unidos e de Israel ao Ir\u00e3, a cota\u00e7\u00e3o m\u00e9dia era de US$ 65.&nbsp;<\/p>\n\n\n\n<p><strong>Governo pede investiga\u00e7\u00e3o&nbsp;<\/strong><\/p>\n\n\n\n<p>A Secretaria Nacional do Consumidor (Senacon) solicitou nesta ter\u00e7a-feira (10\/03) que o Conselho Administrativo de Defesa Econ\u00f4mica (Cade) analise aumentos nos pre\u00e7os da gasolina e do diesel em diferentes regi\u00f5es do pa\u00eds. A investiga\u00e7\u00e3o foi pedida porque os aumentos ocorreram mesmo sem reajustes anunciados pela Petrobras, principal fornecedora de combust\u00edveis do mercado brasileiro.&nbsp;<\/p>\n\n\n\n<p>Tamb\u00e9m h\u00e1 a desconfian\u00e7a de que parte das distribuidoras est\u00e1 limitando o envio de combust\u00edveis no aguardo de aumentos por parte da Petrobras. \u201cA Petrobras, maior produtora nacional de petr\u00f3leo e respons\u00e1vel pelo abastecimento da maior parte do mercado interno, n\u00e3o anunciou at\u00e9 agora qualquer reajuste nos pre\u00e7os de suas refinarias&#8221;, diz of\u00edcio da Senacon.&nbsp;&nbsp;<\/p>\n","protected":false},"excerpt":{"rendered":"<p>Informa\u00e7\u00f5es repassadas em grupos do Whatsapp do Vale do Taquari provocaram correria aos postos de combust\u00edveis da regi\u00e3o na tarde de hoje (10\/3). Filas se formaram em diferentes estabelecimentos. Parte dos postos limitou a venda a R$ 100 por cliente, enquanto outros tiveram seus estoques esvaziados.\u00a0 Apesar da alta procura, n\u00e3o h\u00e1 relatos de falta [&hellip;]<\/p>\n","protected":false},"author":771,"featured_media":205537,"comment_status":"open","ping_status":"open","sticky":false,"template":"","format":"standard","meta":{"pmpro_default_level":"","_jetpack_memberships_contains_paid_content":false,"footnotes":""},"categories":[2,10991],"tags":[2791,2837,1382,2792],"class_list":{"0":"post-205525","1":"post","2":"type-post","3":"status-publish","4":"format-standard","5":"has-post-thumbnail","7":"category-featured","8":"category-economia","9":"tag-combustiveis","10":"tag-desabastecimento","11":"tag-gasolina","12":"tag-postos","13":"pmpro-has-access"},"yoast_head":"<!-- This site is optimized with the Yoast SEO plugin v27.5 - https:\/\/yoast.com\/product\/yoast-seo-wordpress\/ -->\n<title>Motoristas fazem fila em postos por temor \u00e0 falta de combust\u00edvel - Folha Popular<\/title>\n<meta name=\"description\" content=\"Motoristas fazem fila em postos por temor \u00e0 falta de combust\u00edvel, ap\u00f3s serem alarmados por grupos de whatsapp.\" \/>\n<meta name=\"robots\" content=\"index, follow, max-snippet:-1, max-image-preview:large, max-video-preview:-1\" \/>\n<link rel=\"canonical\" href=\"https:\/\/folhapopular.info\/index.php\/2026\/03\/10\/motoristas-fazem-fila-em-postos-por-temor-a-falta-de-combustivel\/\" \/>\n<meta property=\"og:locale\" content=\"pt_BR\" \/>\n<meta property=\"og:type\" content=\"article\" \/>\n<meta property=\"og:title\" content=\"Motoristas fazem fila em postos por temor \u00e0 falta de combust\u00edvel - Folha Popular\" \/>\n<meta property=\"og:description\" content=\"Motoristas fazem fila em postos por temor \u00e0 falta de combust\u00edvel, ap\u00f3s serem alarmados por grupos de whatsapp.\" \/>\n<meta property=\"og:url\" content=\"https:\/\/folhapopular.info\/index.php\/2026\/03\/10\/motoristas-fazem-fila-em-postos-por-temor-a-falta-de-combustivel\/\" \/>\n<meta property=\"og:site_name\" content=\"Folha Popular\" \/>\n<meta property=\"article:published_time\" content=\"2026-03-10T19:12:03+00:00\" \/>\n<meta property=\"article:modified_time\" content=\"2026-03-10T20:21:59+00:00\" \/>\n<meta property=\"og:image\" content=\"http:\/\/folhapopular.info\/wp-content\/uploads\/2026\/03\/84a2384d-d0f9-4414-8477-754ef991a720.png\" \/>\n\t<meta property=\"og:image:width\" content=\"1600\" \/>\n\t<meta property=\"og:image:height\" content=\"900\" \/>\n\t<meta property=\"og:image:type\" content=\"image\/png\" \/>\n<meta name=\"author\" content=\"Thiago Maurique\" \/>\n<meta name=\"twitter:card\" content=\"summary_large_image\" \/>\n<meta name=\"twitter:label1\" content=\"Escrito por\" \/>\n\t<meta name=\"twitter:data1\" content=\"Thiago Maurique\" \/>\n\t<meta name=\"twitter:label2\" content=\"Est. tempo de leitura\" \/>\n\t<meta name=\"twitter:data2\" content=\"3 minutos\" \/>\n<script type=\"application\/ld+json\" class=\"yoast-schema-graph\">{\"@context\":\"https:\\\/\\\/schema.org\",\"@graph\":[{\"@type\":\"Article\",\"@id\":\"https:\\\/\\\/folhapopular.info\\\/index.php\\\/2026\\\/03\\\/10\\\/motoristas-fazem-fila-em-postos-por-temor-a-falta-de-combustivel\\\/#article\",\"isPartOf\":{\"@id\":\"https:\\\/\\\/folhapopular.info\\\/index.php\\\/2026\\\/03\\\/10\\\/motoristas-fazem-fila-em-postos-por-temor-a-falta-de-combustivel\\\/\"},\"author\":{\"name\":\"Thiago Maurique\",\"@id\":\"https:\\\/\\\/folhapopular.info\\\/#\\\/schema\\\/person\\\/da0b2794f793376cb5dd908e88ca6911\"},\"headline\":\"Motoristas fazem fila em postos por temor \u00e0 falta de combust\u00edvel\",\"datePublished\":\"2026-03-10T19:12:03+00:00\",\"dateModified\":\"2026-03-10T20:21:59+00:00\",\"mainEntityOfPage\":{\"@id\":\"https:\\\/\\\/folhapopular.info\\\/index.php\\\/2026\\\/03\\\/10\\\/motoristas-fazem-fila-em-postos-por-temor-a-falta-de-combustivel\\\/\"},\"wordCount\":405,\"commentCount\":0,\"image\":{\"@id\":\"https:\\\/\\\/folhapopular.info\\\/index.php\\\/2026\\\/03\\\/10\\\/motoristas-fazem-fila-em-postos-por-temor-a-falta-de-combustivel\\\/#primaryimage\"},\"thumbnailUrl\":\"https:\\\/\\\/folhapopular.info\\\/wp-content\\\/uploads\\\/2026\\\/03\\\/84a2384d-d0f9-4414-8477-754ef991a720.png\",\"keywords\":[\"Combust\u00edveis\",\"Desabastecimento\",\"Gasolina\",\"Postos\"],\"articleSection\":[\"Destaques\",\"Economia\"],\"inLanguage\":\"pt-BR\",\"potentialAction\":[{\"@type\":\"CommentAction\",\"name\":\"Comment\",\"target\":[\"https:\\\/\\\/folhapopular.info\\\/index.php\\\/2026\\\/03\\\/10\\\/motoristas-fazem-fila-em-postos-por-temor-a-falta-de-combustivel\\\/#respond\"]}]},{\"@type\":\"WebPage\",\"@id\":\"https:\\\/\\\/folhapopular.info\\\/index.php\\\/2026\\\/03\\\/10\\\/motoristas-fazem-fila-em-postos-por-temor-a-falta-de-combustivel\\\/\",\"url\":\"https:\\\/\\\/folhapopular.info\\\/index.php\\\/2026\\\/03\\\/10\\\/motoristas-fazem-fila-em-postos-por-temor-a-falta-de-combustivel\\\/\",\"name\":\"Motoristas fazem fila em postos por temor \u00e0 falta de combust\u00edvel - Folha Popular\",\"isPartOf\":{\"@id\":\"https:\\\/\\\/folhapopular.info\\\/#website\"},\"primaryImageOfPage\":{\"@id\":\"https:\\\/\\\/folhapopular.info\\\/index.php\\\/2026\\\/03\\\/10\\\/motoristas-fazem-fila-em-postos-por-temor-a-falta-de-combustivel\\\/#primaryimage\"},\"image\":{\"@id\":\"https:\\\/\\\/folhapopular.info\\\/index.php\\\/2026\\\/03\\\/10\\\/motoristas-fazem-fila-em-postos-por-temor-a-falta-de-combustivel\\\/#primaryimage\"},\"thumbnailUrl\":\"https:\\\/\\\/folhapopular.info\\\/wp-content\\\/uploads\\\/2026\\\/03\\\/84a2384d-d0f9-4414-8477-754ef991a720.png\",\"datePublished\":\"2026-03-10T19:12:03+00:00\",\"dateModified\":\"2026-03-10T20:21:59+00:00\",\"author\":{\"@id\":\"https:\\\/\\\/folhapopular.info\\\/#\\\/schema\\\/person\\\/da0b2794f793376cb5dd908e88ca6911\"},\"description\":\"Motoristas fazem fila em postos por temor \u00e0 falta de combust\u00edvel, ap\u00f3s serem alarmados por grupos de whatsapp.\",\"breadcrumb\":{\"@id\":\"https:\\\/\\\/folhapopular.info\\\/index.php\\\/2026\\\/03\\\/10\\\/motoristas-fazem-fila-em-postos-por-temor-a-falta-de-combustivel\\\/#breadcrumb\"},\"inLanguage\":\"pt-BR\",\"potentialAction\":[{\"@type\":\"ReadAction\",\"target\":[\"https:\\\/\\\/folhapopular.info\\\/index.php\\\/2026\\\/03\\\/10\\\/motoristas-fazem-fila-em-postos-por-temor-a-falta-de-combustivel\\\/\"]}]},{\"@type\":\"ImageObject\",\"inLanguage\":\"pt-BR\",\"@id\":\"https:\\\/\\\/folhapopular.info\\\/index.php\\\/2026\\\/03\\\/10\\\/motoristas-fazem-fila-em-postos-por-temor-a-falta-de-combustivel\\\/#primaryimage\",\"url\":\"https:\\\/\\\/folhapopular.info\\\/wp-content\\\/uploads\\\/2026\\\/03\\\/84a2384d-d0f9-4414-8477-754ef991a720.png\",\"contentUrl\":\"https:\\\/\\\/folhapopular.info\\\/wp-content\\\/uploads\\\/2026\\\/03\\\/84a2384d-d0f9-4414-8477-754ef991a720.png\",\"width\":1600,\"height\":900,\"caption\":\"Em Teut\u00f4nia, motoristas fizeram filas nos postos, ap\u00f3s mensagens em grupos do Whatsapp divulgarem supostos desabastecimentos. Foto: Ederson da Rocha\"},{\"@type\":\"BreadcrumbList\",\"@id\":\"https:\\\/\\\/folhapopular.info\\\/index.php\\\/2026\\\/03\\\/10\\\/motoristas-fazem-fila-em-postos-por-temor-a-falta-de-combustivel\\\/#breadcrumb\",\"itemListElement\":[{\"@type\":\"ListItem\",\"position\":1,\"name\":\"In\u00edcio\",\"item\":\"https:\\\/\\\/folhapopular.info\\\/\"},{\"@type\":\"ListItem\",\"position\":2,\"name\":\"Motoristas fazem fila em postos por temor \u00e0 falta de combust\u00edvel\"}]},{\"@type\":\"WebSite\",\"@id\":\"https:\\\/\\\/folhapopular.info\\\/#website\",\"url\":\"https:\\\/\\\/folhapopular.info\\\/\",\"name\":\"Folha Popular\",\"description\":\"Onde voc\u00ea tem vez e voz\",\"potentialAction\":[{\"@type\":\"SearchAction\",\"target\":{\"@type\":\"EntryPoint\",\"urlTemplate\":\"https:\\\/\\\/folhapopular.info\\\/?s={search_term_string}\"},\"query-input\":{\"@type\":\"PropertyValueSpecification\",\"valueRequired\":true,\"valueName\":\"search_term_string\"}}],\"inLanguage\":\"pt-BR\"},{\"@type\":\"Person\",\"@id\":\"https:\\\/\\\/folhapopular.info\\\/#\\\/schema\\\/person\\\/da0b2794f793376cb5dd908e88ca6911\",\"name\":\"Thiago Maurique\",\"image\":{\"@type\":\"ImageObject\",\"inLanguage\":\"pt-BR\",\"@id\":\"https:\\\/\\\/folhapopular.info\\\/wp-content\\\/uploads\\\/2026\\\/04\\\/THIAGO-MAURIQUE-1-1.webp\",\"url\":\"https:\\\/\\\/folhapopular.info\\\/wp-content\\\/uploads\\\/2026\\\/04\\\/THIAGO-MAURIQUE-1-1.webp\",\"contentUrl\":\"https:\\\/\\\/folhapopular.info\\\/wp-content\\\/uploads\\\/2026\\\/04\\\/THIAGO-MAURIQUE-1-1.webp\",\"caption\":\"Thiago Maurique\"},\"url\":\"https:\\\/\\\/folhapopular.info\\\/index.php\\\/author\\\/thiago-maurique\\\/\"}]}<\/script>\n<!-- \/ Yoast SEO plugin. -->","yoast_head_json":{"title":"Motoristas fazem fila em postos por temor \u00e0 falta de combust\u00edvel - Folha Popular","description":"Motoristas fazem fila em postos por temor \u00e0 falta de combust\u00edvel, ap\u00f3s serem alarmados por grupos de whatsapp.","robots":{"index":"index","follow":"follow","max-snippet":"max-snippet:-1","max-image-preview":"max-image-preview:large","max-video-preview":"max-video-preview:-1"},"canonical":"https:\/\/folhapopular.info\/index.php\/2026\/03\/10\/motoristas-fazem-fila-em-postos-por-temor-a-falta-de-combustivel\/","og_locale":"pt_BR","og_type":"article","og_title":"Motoristas fazem fila em postos por temor \u00e0 falta de combust\u00edvel - Folha Popular","og_description":"Motoristas fazem fila em postos por temor \u00e0 falta de combust\u00edvel, ap\u00f3s serem alarmados por grupos de whatsapp.","og_url":"https:\/\/folhapopular.info\/index.php\/2026\/03\/10\/motoristas-fazem-fila-em-postos-por-temor-a-falta-de-combustivel\/","og_site_name":"Folha Popular","article_published_time":"2026-03-10T19:12:03+00:00","article_modified_time":"2026-03-10T20:21:59+00:00","og_image":[{"width":1600,"height":900,"url":"http:\/\/folhapopular.info\/wp-content\/uploads\/2026\/03\/84a2384d-d0f9-4414-8477-754ef991a720.png","type":"image\/png"}],"author":"Thiago Maurique","twitter_card":"summary_large_image","twitter_misc":{"Escrito por":"Thiago Maurique","Est. tempo de leitura":"3 minutos"},"schema":{"@context":"https:\/\/schema.org","@graph":[{"@type":"Article","@id":"https:\/\/folhapopular.info\/index.php\/2026\/03\/10\/motoristas-fazem-fila-em-postos-por-temor-a-falta-de-combustivel\/#article","isPartOf":{"@id":"https:\/\/folhapopular.info\/index.php\/2026\/03\/10\/motoristas-fazem-fila-em-postos-por-temor-a-falta-de-combustivel\/"},"author":{"name":"Thiago Maurique","@id":"https:\/\/folhapopular.info\/#\/schema\/person\/da0b2794f793376cb5dd908e88ca6911"},"headline":"Motoristas fazem fila em postos por temor \u00e0 falta de combust\u00edvel","datePublished":"2026-03-10T19:12:03+00:00","dateModified":"2026-03-10T20:21:59+00:00","mainEntityOfPage":{"@id":"https:\/\/folhapopular.info\/index.php\/2026\/03\/10\/motoristas-fazem-fila-em-postos-por-temor-a-falta-de-combustivel\/"},"wordCount":405,"commentCount":0,"image":{"@id":"https:\/\/folhapopular.info\/index.php\/2026\/03\/10\/motoristas-fazem-fila-em-postos-por-temor-a-falta-de-combustivel\/#primaryimage"},"thumbnailUrl":"https:\/\/folhapopular.info\/wp-content\/uploads\/2026\/03\/84a2384d-d0f9-4414-8477-754ef991a720.png","keywords":["Combust\u00edveis","Desabastecimento","Gasolina","Postos"],"articleSection":["Destaques","Economia"],"inLanguage":"pt-BR","potentialAction":[{"@type":"CommentAction","name":"Comment","target":["https:\/\/folhapopular.info\/index.php\/2026\/03\/10\/motoristas-fazem-fila-em-postos-por-temor-a-falta-de-combustivel\/#respond"]}]},{"@type":"WebPage","@id":"https:\/\/folhapopular.info\/index.php\/2026\/03\/10\/motoristas-fazem-fila-em-postos-por-temor-a-falta-de-combustivel\/","url":"https:\/\/folhapopular.info\/index.php\/2026\/03\/10\/motoristas-fazem-fila-em-postos-por-temor-a-falta-de-combustivel\/","name":"Motoristas fazem fila em postos por temor \u00e0 falta de combust\u00edvel - Folha Popular","isPartOf":{"@id":"https:\/\/folhapopular.info\/#website"},"primaryImageOfPage":{"@id":"https:\/\/folhapopular.info\/index.php\/2026\/03\/10\/motoristas-fazem-fila-em-postos-por-temor-a-falta-de-combustivel\/#primaryimage"},"image":{"@id":"https:\/\/folhapopular.info\/index.php\/2026\/03\/10\/motoristas-fazem-fila-em-postos-por-temor-a-falta-de-combustivel\/#primaryimage"},"thumbnailUrl":"https:\/\/folhapopular.info\/wp-content\/uploads\/2026\/03\/84a2384d-d0f9-4414-8477-754ef991a720.png","datePublished":"2026-03-10T19:12:03+00:00","dateModified":"2026-03-10T20:21:59+00:00","author":{"@id":"https:\/\/folhapopular.info\/#\/schema\/person\/da0b2794f793376cb5dd908e88ca6911"},"description":"Motoristas fazem fila em postos por temor \u00e0 falta de combust\u00edvel, ap\u00f3s serem alarmados por grupos de whatsapp.","breadcrumb":{"@id":"https:\/\/folhapopular.info\/index.php\/2026\/03\/10\/motoristas-fazem-fila-em-postos-por-temor-a-falta-de-combustivel\/#breadcrumb"},"inLanguage":"pt-BR","potentialAction":[{"@type":"ReadAction","target":["https:\/\/folhapopular.info\/index.php\/2026\/03\/10\/motoristas-fazem-fila-em-postos-por-temor-a-falta-de-combustivel\/"]}]},{"@type":"ImageObject","inLanguage":"pt-BR","@id":"https:\/\/folhapopular.info\/index.php\/2026\/03\/10\/motoristas-fazem-fila-em-postos-por-temor-a-falta-de-combustivel\/#primaryimage","url":"https:\/\/folhapopular.info\/wp-content\/uploads\/2026\/03\/84a2384d-d0f9-4414-8477-754ef991a720.png","contentUrl":"https:\/\/folhapopular.info\/wp-content\/uploads\/2026\/03\/84a2384d-d0f9-4414-8477-754ef991a720.png","width":1600,"height":900,"caption":"Em Teut\u00f4nia, motoristas fizeram filas nos postos, ap\u00f3s mensagens em grupos do Whatsapp divulgarem supostos desabastecimentos. Foto: Ederson da Rocha"},{"@type":"BreadcrumbList","@id":"https:\/\/folhapopular.info\/index.php\/2026\/03\/10\/motoristas-fazem-fila-em-postos-por-temor-a-falta-de-combustivel\/#breadcrumb","itemListElement":[{"@type":"ListItem","position":1,"name":"In\u00edcio","item":"https:\/\/folhapopular.info\/"},{"@type":"ListItem","position":2,"name":"Motoristas fazem fila em postos por temor \u00e0 falta de combust\u00edvel"}]},{"@type":"WebSite","@id":"https:\/\/folhapopular.info\/#website","url":"https:\/\/folhapopular.info\/","name":"Folha Popular","description":"Onde voc\u00ea tem vez e voz","potentialAction":[{"@type":"SearchAction","target":{"@type":"EntryPoint","urlTemplate":"https:\/\/folhapopular.info\/?s={search_term_string}"},"query-input":{"@type":"PropertyValueSpecification","valueRequired":true,"valueName":"search_term_string"}}],"inLanguage":"pt-BR"},{"@type":"Person","@id":"https:\/\/folhapopular.info\/#\/schema\/person\/da0b2794f793376cb5dd908e88ca6911","name":"Thiago Maurique","image":{"@type":"ImageObject","inLanguage":"pt-BR","@id":"https:\/\/folhapopular.info\/wp-content\/uploads\/2026\/04\/THIAGO-MAURIQUE-1-1.webp","url":"https:\/\/folhapopular.info\/wp-content\/uploads\/2026\/04\/THIAGO-MAURIQUE-1-1.webp","contentUrl":"https:\/\/folhapopular.info\/wp-content\/uploads\/2026\/04\/THIAGO-MAURIQUE-1-1.webp","caption":"Thiago Maurique"},"url":"https:\/\/folhapopular.info\/index.php\/author\/thiago-maurique\/"}]}},"jetpack_featured_media_url":"https:\/\/folhapopular.info\/wp-content\/uploads\/2026\/03\/84a2384d-d0f9-4414-8477-754ef991a720.png","jetpack_sharing_enabled":true,"amp_enabled":true,"_links":{"self":[{"href":"https:\/\/folhapopular.info\/index.php\/wp-json\/wp\/v2\/posts\/205525","targetHints":{"allow":["GET"]}}],"collection":[{"href":"https:\/\/folhapopular.info\/index.php\/wp-json\/wp\/v2\/posts"}],"about":[{"href":"https:\/\/folhapopular.info\/index.php\/wp-json\/wp\/v2\/types\/post"}],"author":[{"embeddable":true,"href":"https:\/\/folhapopular.info\/index.php\/wp-json\/wp\/v2\/users\/771"}],"replies":[{"embeddable":true,"href":"https:\/\/folhapopular.info\/index.php\/wp-json\/wp\/v2\/comments?post=205525"}],"version-history":[{"count":0,"href":"https:\/\/folhapopular.info\/index.php\/wp-json\/wp\/v2\/posts\/205525\/revisions"}],"wp:featuredmedia":[{"embeddable":true,"href":"https:\/\/folhapopular.info\/index.php\/wp-json\/wp\/v2\/media\/205537"}],"wp:attachment":[{"href":"https:\/\/folhapopular.info\/index.php\/wp-json\/wp\/v2\/media?parent=205525"}],"wp:term":[{"taxonomy":"category","embeddable":true,"href":"https:\/\/folhapopular.info\/index.php\/wp-json\/wp\/v2\/categories?post=205525"},{"taxonomy":"post_tag","embeddable":true,"href":"https:\/\/folhapopular.info\/index.php\/wp-json\/wp\/v2\/tags?post=205525"}],"curies":[{"name":"wp","href":"https:\/\/api.w.org\/{rel}","templated":true}]}}