{"id":205587,"date":"2026-03-11T11:00:00","date_gmt":"2026-03-11T14:00:00","guid":{"rendered":"https:\/\/folhapopular.info\/?p=205587"},"modified":"2026-03-11T14:26:14","modified_gmt":"2026-03-11T17:26:14","slug":"delegado-aponta-participacao-direta-de-ex-chefe-de-gabinete-em-direcionamento-de-licitacoes-em-lajeado","status":"publish","type":"post","link":"https:\/\/folhapopular.info\/index.php\/2026\/03\/11\/delegado-aponta-participacao-direta-de-ex-chefe-de-gabinete-em-direcionamento-de-licitacoes-em-lajeado\/","title":{"rendered":"Delegado aponta participa\u00e7\u00e3o direta de ex-chefe de gabinete em direcionamento de licita\u00e7\u00f5es em Lajeado"},"content":{"rendered":"\n<p>A Pol\u00edcia Federal aprofunda a an\u00e1lise de provas na Opera\u00e7\u00e3o Lama\u00e7al, investiga\u00e7\u00e3o que apura suspeitas de fraudes em licita\u00e7\u00f5es e poss\u00edvel desvio de recursos p\u00fablicos em Lajeado. O foco principal recai sobre contratos firmados pela gest\u00e3o do <a href=\"https:\/\/folhapopular.info\/index.php\/2026\/02\/26\/ex-prefeito-de-lajeado-marcelo-caumo-e-preso-de-forma-temporaria-pela-pf\/\" type=\"link\" id=\"https:\/\/folhapopular.info\/index.php\/2026\/02\/26\/ex-prefeito-de-lajeado-marcelo-caumo-e-preso-de-forma-temporaria-pela-pf\/\" target=\"_blank\" rel=\"noreferrer noopener\">ex-prefeito Marcelo Caumo<\/a>, especialmente aqueles vinculados \u00e0 empresa Arki Assessoria e Servi\u00e7os relacionados \u00e0 contrata\u00e7\u00e3o com recursos federais.<\/p>\n\n\n\n<p>De acordo com o delegado respons\u00e1vel pela investiga\u00e7\u00e3o, Marconi Silva, o inqu\u00e9rito est\u00e1 em andamento e entrou agora na fase de an\u00e1lise detalhada dos materiais apreendidos, especialmente dados eletr\u00f4nicos coletados durante as duas etapas da opera\u00e7\u00e3o.<\/p>\n\n\n\n<p>A per\u00edcia t\u00e9cnica deve ser determinante para confirmar ou n\u00e3o a participa\u00e7\u00e3o direta dos investigados. As suspeitas envolvem direcionamento de editais, superfaturamento de contratos e a poss\u00edvel utiliza\u00e7\u00e3o de empresas ligadas entre si para vencer licita\u00e7\u00f5es p\u00fablicas.<\/p>\n\n\n\n<p>A investiga\u00e7\u00e3o analisa contratos firmados em diferentes per\u00edodos. Um dos principais pontos de apura\u00e7\u00e3o \u00e9 um contrato firmado em 2020, cujo valor chega a cerca de R$ 120 milh\u00f5es.<\/p>\n\n\n\n<p>J\u00e1 o contrato emergencial firmado ap\u00f3s as enchentes de 2024 tem valor aproximado de R$ 5 milh\u00f5es. De acordo com a Pol\u00edcia Federal, h\u00e1 ind\u00edcios de sobrepre\u00e7o estimado em cerca de R$ 1,5 milh\u00e3o apenas nesse \u00faltimo.<\/p>\n\n\n\n<p>A suspeita \u00e9 que parte dos recursos federais destinados \u00e0 assist\u00eancia e reconstru\u00e7\u00e3o ap\u00f3s as enchentes tenha sido utilizada de forma irregular. A investiga\u00e7\u00e3o busca esclarecer se houve manipula\u00e7\u00e3o dos processos licitat\u00f3rios para favorecer empresas espec\u00edficas.<\/p>\n\n\n\n<h2 class=\"wp-block-heading\"><strong>Ind\u00edcios de direcionamento e articula\u00e7\u00e3o<\/strong><\/h2>\n\n\n\n<p>Durante a apura\u00e7\u00e3o, a Pol\u00edcia Federal identificou elementos que indicariam a participa\u00e7\u00e3o direta de integrantes da gest\u00e3o municipal \u00e0 \u00e9poca em decis\u00f5es ligadas aos contratos investigados. Conforme o delegado Marconi, h\u00e1 ind\u00edcios de envolvimento da ent\u00e3o chefe de gabinete da Prefeitura, Elisete Mayer, no direcionamento de procedimentos licitat\u00f3rios.<\/p>\n\n\n\n<p>Al\u00e9m disso, a quebra de sigilo telef\u00f4nico revelou contatos frequentes entre investigados, o que contrasta com depoimentos iniciais, que apontavam rela\u00e7\u00f5es apenas espor\u00e1dicas. A pol\u00edcia tamb\u00e9m identificou encontros presenciais entre investigados na sede de uma das empresas investigadas.<\/p>\n\n\n\n<p>Segundo a apura\u00e7\u00e3o, um dos temas discutidos nessas reuni\u00f5es teria sido a inclus\u00e3o de cl\u00e1usulas em editais de licita\u00e7\u00e3o. Essas contradi\u00e7\u00f5es foram consideradas pela pol\u00edcia como um dos elementos utilizados no pedido de pris\u00e3o tempor\u00e1ria de investigados nas fases anteriores da opera\u00e7\u00e3o.<\/p>\n\n\n\n<h2 class=\"wp-block-heading\"><strong>Suspeita de empresas ligadas<\/strong><\/h2>\n\n\n\n<p>Outro ponto investigado \u00e9 a poss\u00edvel liga\u00e7\u00e3o entre empresas que participavam das licita\u00e7\u00f5es. A Pol\u00edcia Federal apura se a Arki e outra empresa sediada em Garibaldi fariam parte de um mesmo grupo econ\u00f4mico, com s\u00f3cios ocultos e estruturas societ\u00e1rias utilizadas para disputar contratos p\u00fablicos.<\/p>\n\n\n\n<p>Segundo o delegado, h\u00e1 indicativos de que uma das empresas possa ter sido criada com o objetivo de participar de licita\u00e7\u00f5es espec\u00edficas, mas a confirma\u00e7\u00e3o dessa estrutura depende da an\u00e1lise completa do material apreendido. \u201cSomente ap\u00f3s a extra\u00e7\u00e3o e an\u00e1lise dos dados ser\u00e1 poss\u00edvel esclarecer com precis\u00e3o como essa engenharia empresarial teria sido estruturada\u201d, afirmou.<\/p>\n\n\n\n<h2 class=\"wp-block-heading\"><strong>Fase t\u00e9cnica<\/strong><\/h2>\n\n\n\n<p>Na semana passada, a Pol\u00edcia Federal concluiu as oitivas dos investigados alvo de medidas cautelares na segunda fase da opera\u00e7\u00e3o. A partir de agora, o foco \u00e9 a an\u00e1lise pericial do grande volume de documentos e equipamentos eletr\u00f4nicos apreendidos. Esse material passa por um processo t\u00e9cnico que inclui cadeia de cust\u00f3dia e extra\u00e7\u00e3o de dados digitais antes de ser analisado pela equipe respons\u00e1vel pelo inqu\u00e9rito. A expectativa \u00e9 que essa etapa leve alguns meses, devido ao volume de informa\u00e7\u00f5es, com uma poss\u00edvel conclus\u00e3o apenas ap\u00f3s o segundo semestre.<\/p>\n\n\n\n<p>De acordo com o delegado, a investiga\u00e7\u00e3o tramita em regime de prioridade, devido \u00e0 repercuss\u00e3o social do caso e ao fato de envolver recursos p\u00fablicos destinados a situa\u00e7\u00f5es de calamidade.<\/p>\n\n\n\n<p>Conforme Silva, no momento n\u00e3o h\u00e1 elementos que justifiquem o decreto de pris\u00e3o preventiva no \u00e2mbito do inqu\u00e9rito policial. A decis\u00e3o sobre eventuais medidas futuras caber\u00e1 ao Minist\u00e9rio P\u00fablico Federal ap\u00f3s a conclus\u00e3o da investiga\u00e7\u00e3o. Tamb\u00e9m n\u00e3o h\u00e1 previs\u00e3o de novas fases da opera\u00e7\u00e3o.<\/p>\n\n\n\n<p>J\u00e1 a Pol\u00edcia Federal avalia que j\u00e1 existe material suficiente para finalizar o inqu\u00e9rito e decidir pelo indiciamento ou n\u00e3o dos investigados, mas isso depender\u00e1 da an\u00e1lise completa das provas coletadas. At\u00e9 l\u00e1, todos os investigados permanecem sob o princ\u00edpio constitucional da presun\u00e7\u00e3o de inoc\u00eancia. enquanto a pol\u00edcia busca confirmar a materialidade dos crimes e a eventual responsabilidade de cada envolvido.<\/p>\n\n\n\n<p>Desdobramentos da Opera\u00e7\u00e3o Lama\u00e7al, conduzida pela Pol\u00edcia Federal para investigar o desvio de recursos p\u00fablicos em Lajeado. O delegado Marconi Silva explica que o foco recai sobre fraudes em licita\u00e7\u00f5es e superfaturamento de contratos, envolvendo o ex-prefeito Marcelo Caumo e a empresa Arki. As evid\u00eancias apontam para direcionamento de editais e o uso de empresas de fachada para ocultar s\u00f3cios e movimenta\u00e7\u00f5es financeiras. Atualmente, a investiga\u00e7\u00e3o concentra-se na an\u00e1lise de materiais apreendidos e dados eletr\u00f4nicos para confirmar a participa\u00e7\u00e3o direta dos suspeitos. Embora existam contradi\u00e7\u00f5es nos depoimentos e ind\u00edcios de crimes, a pol\u00edcia aguarda a per\u00edcia final para concluir o inqu\u00e9rito. O delegado ressalta que o objetivo \u00e9 esclarecer o uso indevido de verbas federais, especialmente as destinadas ao aux\u00edlio ap\u00f3s as enchentes de 2024.<\/p>\n","protected":false},"excerpt":{"rendered":"<p>A Pol\u00edcia Federal aprofunda a an\u00e1lise de provas na Opera\u00e7\u00e3o Lama\u00e7al, investiga\u00e7\u00e3o que apura suspeitas de fraudes em licita\u00e7\u00f5es e poss\u00edvel desvio de recursos p\u00fablicos em Lajeado. O foco principal recai sobre contratos firmados pela gest\u00e3o do ex-prefeito Marcelo Caumo, especialmente aqueles vinculados \u00e0 empresa Arki Assessoria e Servi\u00e7os relacionados \u00e0 contrata\u00e7\u00e3o com recursos federais. [&hellip;]<\/p>\n","protected":false},"author":772,"featured_media":198096,"comment_status":"open","ping_status":"open","sticky":false,"template":"","format":"standard","meta":{"pmpro_default_level":"","_jetpack_memberships_contains_paid_content":false,"footnotes":""},"categories":[2,3],"tags":[27,558,20662,2148],"class_list":{"0":"post-205587","1":"post","2":"type-post","3":"status-publish","4":"format-standard","5":"has-post-thumbnail","7":"category-featured","8":"category-geral","9":"tag-lajeado","10":"tag-marcelo-caumo","11":"tag-operacao-lamacal","12":"tag-policia-federal","13":"pmpro-has-access"},"yoast_head":"<!-- This site is optimized with the Yoast SEO plugin v27.5 - https:\/\/yoast.com\/product\/yoast-seo-wordpress\/ -->\n<title>Delegado aponta participa\u00e7\u00e3o direta de ex-chefe de gabinete em direcionamento de licita\u00e7\u00f5es em Lajeado - Folha Popular<\/title>\n<meta name=\"description\" content=\"A Pol\u00edcia Federal aprofunda a an\u00e1lise de provas na Opera\u00e7\u00e3o Lama\u00e7al, investiga\u00e7\u00e3o que apura suspeitas de fraudes em licita\u00e7\u00f5es em Lajeado.\" \/>\n<meta name=\"robots\" content=\"index, follow, max-snippet:-1, max-image-preview:large, max-video-preview:-1\" \/>\n<link rel=\"canonical\" href=\"https:\/\/folhapopular.info\/index.php\/2026\/03\/11\/delegado-aponta-participacao-direta-de-ex-chefe-de-gabinete-em-direcionamento-de-licitacoes-em-lajeado\/\" \/>\n<meta property=\"og:locale\" content=\"pt_BR\" \/>\n<meta property=\"og:type\" content=\"article\" \/>\n<meta property=\"og:title\" content=\"Delegado aponta participa\u00e7\u00e3o direta de ex-chefe de gabinete em direcionamento de licita\u00e7\u00f5es em Lajeado - Folha Popular\" \/>\n<meta property=\"og:description\" content=\"A Pol\u00edcia Federal aprofunda a an\u00e1lise de provas na Opera\u00e7\u00e3o Lama\u00e7al, investiga\u00e7\u00e3o que apura suspeitas de fraudes em licita\u00e7\u00f5es em Lajeado.\" \/>\n<meta property=\"og:url\" content=\"https:\/\/folhapopular.info\/index.php\/2026\/03\/11\/delegado-aponta-participacao-direta-de-ex-chefe-de-gabinete-em-direcionamento-de-licitacoes-em-lajeado\/\" \/>\n<meta property=\"og:site_name\" content=\"Folha Popular\" \/>\n<meta property=\"article:published_time\" content=\"2026-03-11T14:00:00+00:00\" \/>\n<meta property=\"article:modified_time\" content=\"2026-03-11T17:26:14+00:00\" \/>\n<meta property=\"og:image\" content=\"http:\/\/folhapopular.info\/wp-content\/uploads\/2025\/11\/Marcelo-Caumo.png\" \/>\n\t<meta property=\"og:image:width\" content=\"801\" \/>\n\t<meta property=\"og:image:height\" content=\"1068\" \/>\n\t<meta property=\"og:image:type\" content=\"image\/png\" \/>\n<meta name=\"author\" content=\"Anderson Lopes\" \/>\n<meta name=\"twitter:card\" content=\"summary_large_image\" \/>\n<meta name=\"twitter:label1\" content=\"Escrito por\" \/>\n\t<meta name=\"twitter:data1\" content=\"Anderson Lopes\" \/>\n\t<meta name=\"twitter:label2\" content=\"Est. tempo de leitura\" \/>\n\t<meta name=\"twitter:data2\" content=\"5 minutos\" \/>\n<script type=\"application\/ld+json\" class=\"yoast-schema-graph\">{\"@context\":\"https:\\\/\\\/schema.org\",\"@graph\":[{\"@type\":\"Article\",\"@id\":\"https:\\\/\\\/folhapopular.info\\\/index.php\\\/2026\\\/03\\\/11\\\/delegado-aponta-participacao-direta-de-ex-chefe-de-gabinete-em-direcionamento-de-licitacoes-em-lajeado\\\/#article\",\"isPartOf\":{\"@id\":\"https:\\\/\\\/folhapopular.info\\\/index.php\\\/2026\\\/03\\\/11\\\/delegado-aponta-participacao-direta-de-ex-chefe-de-gabinete-em-direcionamento-de-licitacoes-em-lajeado\\\/\"},\"author\":{\"name\":\"Anderson Lopes\",\"@id\":\"https:\\\/\\\/folhapopular.info\\\/#\\\/schema\\\/person\\\/50fd7636116370b67381921e65092a49\"},\"headline\":\"Delegado aponta participa\u00e7\u00e3o direta de ex-chefe de gabinete em direcionamento de licita\u00e7\u00f5es em Lajeado\",\"datePublished\":\"2026-03-11T14:00:00+00:00\",\"dateModified\":\"2026-03-11T17:26:14+00:00\",\"mainEntityOfPage\":{\"@id\":\"https:\\\/\\\/folhapopular.info\\\/index.php\\\/2026\\\/03\\\/11\\\/delegado-aponta-participacao-direta-de-ex-chefe-de-gabinete-em-direcionamento-de-licitacoes-em-lajeado\\\/\"},\"wordCount\":958,\"commentCount\":0,\"image\":{\"@id\":\"https:\\\/\\\/folhapopular.info\\\/index.php\\\/2026\\\/03\\\/11\\\/delegado-aponta-participacao-direta-de-ex-chefe-de-gabinete-em-direcionamento-de-licitacoes-em-lajeado\\\/#primaryimage\"},\"thumbnailUrl\":\"https:\\\/\\\/folhapopular.info\\\/wp-content\\\/uploads\\\/2025\\\/11\\\/Marcelo-Caumo.png\",\"keywords\":[\"Lajeado\",\"Marcelo Caumo\",\"Opera\u00e7\u00e3o Lama\u00e7al\",\"Pol\u00edcia Federal\"],\"articleSection\":[\"Destaques\",\"Geral\"],\"inLanguage\":\"pt-BR\",\"potentialAction\":[{\"@type\":\"CommentAction\",\"name\":\"Comment\",\"target\":[\"https:\\\/\\\/folhapopular.info\\\/index.php\\\/2026\\\/03\\\/11\\\/delegado-aponta-participacao-direta-de-ex-chefe-de-gabinete-em-direcionamento-de-licitacoes-em-lajeado\\\/#respond\"]}]},{\"@type\":\"WebPage\",\"@id\":\"https:\\\/\\\/folhapopular.info\\\/index.php\\\/2026\\\/03\\\/11\\\/delegado-aponta-participacao-direta-de-ex-chefe-de-gabinete-em-direcionamento-de-licitacoes-em-lajeado\\\/\",\"url\":\"https:\\\/\\\/folhapopular.info\\\/index.php\\\/2026\\\/03\\\/11\\\/delegado-aponta-participacao-direta-de-ex-chefe-de-gabinete-em-direcionamento-de-licitacoes-em-lajeado\\\/\",\"name\":\"Delegado aponta participa\u00e7\u00e3o direta de ex-chefe de gabinete em direcionamento de licita\u00e7\u00f5es em Lajeado - Folha Popular\",\"isPartOf\":{\"@id\":\"https:\\\/\\\/folhapopular.info\\\/#website\"},\"primaryImageOfPage\":{\"@id\":\"https:\\\/\\\/folhapopular.info\\\/index.php\\\/2026\\\/03\\\/11\\\/delegado-aponta-participacao-direta-de-ex-chefe-de-gabinete-em-direcionamento-de-licitacoes-em-lajeado\\\/#primaryimage\"},\"image\":{\"@id\":\"https:\\\/\\\/folhapopular.info\\\/index.php\\\/2026\\\/03\\\/11\\\/delegado-aponta-participacao-direta-de-ex-chefe-de-gabinete-em-direcionamento-de-licitacoes-em-lajeado\\\/#primaryimage\"},\"thumbnailUrl\":\"https:\\\/\\\/folhapopular.info\\\/wp-content\\\/uploads\\\/2025\\\/11\\\/Marcelo-Caumo.png\",\"datePublished\":\"2026-03-11T14:00:00+00:00\",\"dateModified\":\"2026-03-11T17:26:14+00:00\",\"author\":{\"@id\":\"https:\\\/\\\/folhapopular.info\\\/#\\\/schema\\\/person\\\/50fd7636116370b67381921e65092a49\"},\"description\":\"A Pol\u00edcia Federal aprofunda a an\u00e1lise de provas na Opera\u00e7\u00e3o Lama\u00e7al, investiga\u00e7\u00e3o que apura suspeitas de fraudes em licita\u00e7\u00f5es em Lajeado.\",\"breadcrumb\":{\"@id\":\"https:\\\/\\\/folhapopular.info\\\/index.php\\\/2026\\\/03\\\/11\\\/delegado-aponta-participacao-direta-de-ex-chefe-de-gabinete-em-direcionamento-de-licitacoes-em-lajeado\\\/#breadcrumb\"},\"inLanguage\":\"pt-BR\",\"potentialAction\":[{\"@type\":\"ReadAction\",\"target\":[\"https:\\\/\\\/folhapopular.info\\\/index.php\\\/2026\\\/03\\\/11\\\/delegado-aponta-participacao-direta-de-ex-chefe-de-gabinete-em-direcionamento-de-licitacoes-em-lajeado\\\/\"]}]},{\"@type\":\"ImageObject\",\"inLanguage\":\"pt-BR\",\"@id\":\"https:\\\/\\\/folhapopular.info\\\/index.php\\\/2026\\\/03\\\/11\\\/delegado-aponta-participacao-direta-de-ex-chefe-de-gabinete-em-direcionamento-de-licitacoes-em-lajeado\\\/#primaryimage\",\"url\":\"https:\\\/\\\/folhapopular.info\\\/wp-content\\\/uploads\\\/2025\\\/11\\\/Marcelo-Caumo.png\",\"contentUrl\":\"https:\\\/\\\/folhapopular.info\\\/wp-content\\\/uploads\\\/2025\\\/11\\\/Marcelo-Caumo.png\",\"width\":801,\"height\":1068,\"caption\":\"Marcelo Caumo nega rela\u00e7\u00e3o entre dinheiro apreendido e investiga\u00e7\u00e3o da PF\"},{\"@type\":\"BreadcrumbList\",\"@id\":\"https:\\\/\\\/folhapopular.info\\\/index.php\\\/2026\\\/03\\\/11\\\/delegado-aponta-participacao-direta-de-ex-chefe-de-gabinete-em-direcionamento-de-licitacoes-em-lajeado\\\/#breadcrumb\",\"itemListElement\":[{\"@type\":\"ListItem\",\"position\":1,\"name\":\"In\u00edcio\",\"item\":\"https:\\\/\\\/folhapopular.info\\\/\"},{\"@type\":\"ListItem\",\"position\":2,\"name\":\"Delegado aponta participa\u00e7\u00e3o direta de ex-chefe de gabinete em direcionamento de licita\u00e7\u00f5es em Lajeado\"}]},{\"@type\":\"WebSite\",\"@id\":\"https:\\\/\\\/folhapopular.info\\\/#website\",\"url\":\"https:\\\/\\\/folhapopular.info\\\/\",\"name\":\"Folha Popular\",\"description\":\"Onde voc\u00ea tem vez e voz\",\"potentialAction\":[{\"@type\":\"SearchAction\",\"target\":{\"@type\":\"EntryPoint\",\"urlTemplate\":\"https:\\\/\\\/folhapopular.info\\\/?s={search_term_string}\"},\"query-input\":{\"@type\":\"PropertyValueSpecification\",\"valueRequired\":true,\"valueName\":\"search_term_string\"}}],\"inLanguage\":\"pt-BR\"},{\"@type\":\"Person\",\"@id\":\"https:\\\/\\\/folhapopular.info\\\/#\\\/schema\\\/person\\\/50fd7636116370b67381921e65092a49\",\"name\":\"Anderson Lopes\",\"image\":{\"@type\":\"ImageObject\",\"inLanguage\":\"pt-BR\",\"@id\":\"https:\\\/\\\/secure.gravatar.com\\\/avatar\\\/030f2f2574ef743bc9016552464e94d04c7e61de505d7089178f340fc50ed8c6?s=96&d=mm&r=g\",\"url\":\"https:\\\/\\\/secure.gravatar.com\\\/avatar\\\/030f2f2574ef743bc9016552464e94d04c7e61de505d7089178f340fc50ed8c6?s=96&d=mm&r=g\",\"contentUrl\":\"https:\\\/\\\/secure.gravatar.com\\\/avatar\\\/030f2f2574ef743bc9016552464e94d04c7e61de505d7089178f340fc50ed8c6?s=96&d=mm&r=g\",\"caption\":\"Anderson Lopes\"},\"url\":\"https:\\\/\\\/folhapopular.info\\\/index.php\\\/author\\\/anderson-lopes\\\/\"}]}<\/script>\n<!-- \/ Yoast SEO plugin. -->","yoast_head_json":{"title":"Delegado aponta participa\u00e7\u00e3o direta de ex-chefe de gabinete em direcionamento de licita\u00e7\u00f5es em Lajeado - Folha Popular","description":"A Pol\u00edcia Federal aprofunda a an\u00e1lise de provas na Opera\u00e7\u00e3o Lama\u00e7al, investiga\u00e7\u00e3o que apura suspeitas de fraudes em licita\u00e7\u00f5es em Lajeado.","robots":{"index":"index","follow":"follow","max-snippet":"max-snippet:-1","max-image-preview":"max-image-preview:large","max-video-preview":"max-video-preview:-1"},"canonical":"https:\/\/folhapopular.info\/index.php\/2026\/03\/11\/delegado-aponta-participacao-direta-de-ex-chefe-de-gabinete-em-direcionamento-de-licitacoes-em-lajeado\/","og_locale":"pt_BR","og_type":"article","og_title":"Delegado aponta participa\u00e7\u00e3o direta de ex-chefe de gabinete em direcionamento de licita\u00e7\u00f5es em Lajeado - Folha Popular","og_description":"A Pol\u00edcia Federal aprofunda a an\u00e1lise de provas na Opera\u00e7\u00e3o Lama\u00e7al, investiga\u00e7\u00e3o que apura suspeitas de fraudes em licita\u00e7\u00f5es em Lajeado.","og_url":"https:\/\/folhapopular.info\/index.php\/2026\/03\/11\/delegado-aponta-participacao-direta-de-ex-chefe-de-gabinete-em-direcionamento-de-licitacoes-em-lajeado\/","og_site_name":"Folha Popular","article_published_time":"2026-03-11T14:00:00+00:00","article_modified_time":"2026-03-11T17:26:14+00:00","og_image":[{"width":801,"height":1068,"url":"http:\/\/folhapopular.info\/wp-content\/uploads\/2025\/11\/Marcelo-Caumo.png","type":"image\/png"}],"author":"Anderson Lopes","twitter_card":"summary_large_image","twitter_misc":{"Escrito por":"Anderson Lopes","Est. tempo de leitura":"5 minutos"},"schema":{"@context":"https:\/\/schema.org","@graph":[{"@type":"Article","@id":"https:\/\/folhapopular.info\/index.php\/2026\/03\/11\/delegado-aponta-participacao-direta-de-ex-chefe-de-gabinete-em-direcionamento-de-licitacoes-em-lajeado\/#article","isPartOf":{"@id":"https:\/\/folhapopular.info\/index.php\/2026\/03\/11\/delegado-aponta-participacao-direta-de-ex-chefe-de-gabinete-em-direcionamento-de-licitacoes-em-lajeado\/"},"author":{"name":"Anderson Lopes","@id":"https:\/\/folhapopular.info\/#\/schema\/person\/50fd7636116370b67381921e65092a49"},"headline":"Delegado aponta participa\u00e7\u00e3o direta de ex-chefe de gabinete em direcionamento de licita\u00e7\u00f5es em Lajeado","datePublished":"2026-03-11T14:00:00+00:00","dateModified":"2026-03-11T17:26:14+00:00","mainEntityOfPage":{"@id":"https:\/\/folhapopular.info\/index.php\/2026\/03\/11\/delegado-aponta-participacao-direta-de-ex-chefe-de-gabinete-em-direcionamento-de-licitacoes-em-lajeado\/"},"wordCount":958,"commentCount":0,"image":{"@id":"https:\/\/folhapopular.info\/index.php\/2026\/03\/11\/delegado-aponta-participacao-direta-de-ex-chefe-de-gabinete-em-direcionamento-de-licitacoes-em-lajeado\/#primaryimage"},"thumbnailUrl":"https:\/\/folhapopular.info\/wp-content\/uploads\/2025\/11\/Marcelo-Caumo.png","keywords":["Lajeado","Marcelo Caumo","Opera\u00e7\u00e3o Lama\u00e7al","Pol\u00edcia Federal"],"articleSection":["Destaques","Geral"],"inLanguage":"pt-BR","potentialAction":[{"@type":"CommentAction","name":"Comment","target":["https:\/\/folhapopular.info\/index.php\/2026\/03\/11\/delegado-aponta-participacao-direta-de-ex-chefe-de-gabinete-em-direcionamento-de-licitacoes-em-lajeado\/#respond"]}]},{"@type":"WebPage","@id":"https:\/\/folhapopular.info\/index.php\/2026\/03\/11\/delegado-aponta-participacao-direta-de-ex-chefe-de-gabinete-em-direcionamento-de-licitacoes-em-lajeado\/","url":"https:\/\/folhapopular.info\/index.php\/2026\/03\/11\/delegado-aponta-participacao-direta-de-ex-chefe-de-gabinete-em-direcionamento-de-licitacoes-em-lajeado\/","name":"Delegado aponta participa\u00e7\u00e3o direta de ex-chefe de gabinete em direcionamento de licita\u00e7\u00f5es em Lajeado - Folha Popular","isPartOf":{"@id":"https:\/\/folhapopular.info\/#website"},"primaryImageOfPage":{"@id":"https:\/\/folhapopular.info\/index.php\/2026\/03\/11\/delegado-aponta-participacao-direta-de-ex-chefe-de-gabinete-em-direcionamento-de-licitacoes-em-lajeado\/#primaryimage"},"image":{"@id":"https:\/\/folhapopular.info\/index.php\/2026\/03\/11\/delegado-aponta-participacao-direta-de-ex-chefe-de-gabinete-em-direcionamento-de-licitacoes-em-lajeado\/#primaryimage"},"thumbnailUrl":"https:\/\/folhapopular.info\/wp-content\/uploads\/2025\/11\/Marcelo-Caumo.png","datePublished":"2026-03-11T14:00:00+00:00","dateModified":"2026-03-11T17:26:14+00:00","author":{"@id":"https:\/\/folhapopular.info\/#\/schema\/person\/50fd7636116370b67381921e65092a49"},"description":"A Pol\u00edcia Federal aprofunda a an\u00e1lise de provas na Opera\u00e7\u00e3o Lama\u00e7al, investiga\u00e7\u00e3o que apura suspeitas de fraudes em licita\u00e7\u00f5es em Lajeado.","breadcrumb":{"@id":"https:\/\/folhapopular.info\/index.php\/2026\/03\/11\/delegado-aponta-participacao-direta-de-ex-chefe-de-gabinete-em-direcionamento-de-licitacoes-em-lajeado\/#breadcrumb"},"inLanguage":"pt-BR","potentialAction":[{"@type":"ReadAction","target":["https:\/\/folhapopular.info\/index.php\/2026\/03\/11\/delegado-aponta-participacao-direta-de-ex-chefe-de-gabinete-em-direcionamento-de-licitacoes-em-lajeado\/"]}]},{"@type":"ImageObject","inLanguage":"pt-BR","@id":"https:\/\/folhapopular.info\/index.php\/2026\/03\/11\/delegado-aponta-participacao-direta-de-ex-chefe-de-gabinete-em-direcionamento-de-licitacoes-em-lajeado\/#primaryimage","url":"https:\/\/folhapopular.info\/wp-content\/uploads\/2025\/11\/Marcelo-Caumo.png","contentUrl":"https:\/\/folhapopular.info\/wp-content\/uploads\/2025\/11\/Marcelo-Caumo.png","width":801,"height":1068,"caption":"Marcelo Caumo nega rela\u00e7\u00e3o entre dinheiro apreendido e investiga\u00e7\u00e3o da PF"},{"@type":"BreadcrumbList","@id":"https:\/\/folhapopular.info\/index.php\/2026\/03\/11\/delegado-aponta-participacao-direta-de-ex-chefe-de-gabinete-em-direcionamento-de-licitacoes-em-lajeado\/#breadcrumb","itemListElement":[{"@type":"ListItem","position":1,"name":"In\u00edcio","item":"https:\/\/folhapopular.info\/"},{"@type":"ListItem","position":2,"name":"Delegado aponta participa\u00e7\u00e3o direta de ex-chefe de gabinete em direcionamento de licita\u00e7\u00f5es em Lajeado"}]},{"@type":"WebSite","@id":"https:\/\/folhapopular.info\/#website","url":"https:\/\/folhapopular.info\/","name":"Folha Popular","description":"Onde voc\u00ea tem vez e voz","potentialAction":[{"@type":"SearchAction","target":{"@type":"EntryPoint","urlTemplate":"https:\/\/folhapopular.info\/?s={search_term_string}"},"query-input":{"@type":"PropertyValueSpecification","valueRequired":true,"valueName":"search_term_string"}}],"inLanguage":"pt-BR"},{"@type":"Person","@id":"https:\/\/folhapopular.info\/#\/schema\/person\/50fd7636116370b67381921e65092a49","name":"Anderson Lopes","image":{"@type":"ImageObject","inLanguage":"pt-BR","@id":"https:\/\/secure.gravatar.com\/avatar\/030f2f2574ef743bc9016552464e94d04c7e61de505d7089178f340fc50ed8c6?s=96&d=mm&r=g","url":"https:\/\/secure.gravatar.com\/avatar\/030f2f2574ef743bc9016552464e94d04c7e61de505d7089178f340fc50ed8c6?s=96&d=mm&r=g","contentUrl":"https:\/\/secure.gravatar.com\/avatar\/030f2f2574ef743bc9016552464e94d04c7e61de505d7089178f340fc50ed8c6?s=96&d=mm&r=g","caption":"Anderson Lopes"},"url":"https:\/\/folhapopular.info\/index.php\/author\/anderson-lopes\/"}]}},"jetpack_featured_media_url":"https:\/\/folhapopular.info\/wp-content\/uploads\/2025\/11\/Marcelo-Caumo.png","jetpack_sharing_enabled":true,"amp_enabled":true,"_links":{"self":[{"href":"https:\/\/folhapopular.info\/index.php\/wp-json\/wp\/v2\/posts\/205587","targetHints":{"allow":["GET"]}}],"collection":[{"href":"https:\/\/folhapopular.info\/index.php\/wp-json\/wp\/v2\/posts"}],"about":[{"href":"https:\/\/folhapopular.info\/index.php\/wp-json\/wp\/v2\/types\/post"}],"author":[{"embeddable":true,"href":"https:\/\/folhapopular.info\/index.php\/wp-json\/wp\/v2\/users\/772"}],"replies":[{"embeddable":true,"href":"https:\/\/folhapopular.info\/index.php\/wp-json\/wp\/v2\/comments?post=205587"}],"version-history":[{"count":0,"href":"https:\/\/folhapopular.info\/index.php\/wp-json\/wp\/v2\/posts\/205587\/revisions"}],"wp:featuredmedia":[{"embeddable":true,"href":"https:\/\/folhapopular.info\/index.php\/wp-json\/wp\/v2\/media\/198096"}],"wp:attachment":[{"href":"https:\/\/folhapopular.info\/index.php\/wp-json\/wp\/v2\/media?parent=205587"}],"wp:term":[{"taxonomy":"category","embeddable":true,"href":"https:\/\/folhapopular.info\/index.php\/wp-json\/wp\/v2\/categories?post=205587"},{"taxonomy":"post_tag","embeddable":true,"href":"https:\/\/folhapopular.info\/index.php\/wp-json\/wp\/v2\/tags?post=205587"}],"curies":[{"name":"wp","href":"https:\/\/api.w.org\/{rel}","templated":true}]}}