{"id":205615,"date":"2026-03-11T09:00:00","date_gmt":"2026-03-11T12:00:00","guid":{"rendered":"https:\/\/folhapopular.info\/?p=205615"},"modified":"2026-03-11T08:18:22","modified_gmt":"2026-03-11T11:18:22","slug":"entrada-do-pdt-reformula-quadros-em-teutonia","status":"publish","type":"post","link":"https:\/\/folhapopular.info\/index.php\/2026\/03\/11\/entrada-do-pdt-reformula-quadros-em-teutonia\/","title":{"rendered":"Entrada do PDT reformula quadros em Teut\u00f4nia"},"content":{"rendered":"\n<p>O ingresso do PDT no governo municipal foi anunciado no dia 2 de mar\u00e7o. A partir de ent\u00e3o, come\u00e7aram os movimentos internos para a inser\u00e7\u00e3o de algumas pessoas indicadas pelo novo partido dentro do quadro de servidores. Uma secretaria, duas subsecretarias e quatro chefias de setores j\u00e1 est\u00e3o com as portarias encaminhadas ou publicadas no Di\u00e1rio Oficial do Munic\u00edpio.<\/p>\n\n\n\n<p>A Folha Popular antecipou quatro destes nomes em mat\u00e9ria no dia 31 de janeiro. Apenas um citado n\u00e3o se confirmou, o de Carlos Leandro Tiggemann. \u00c0 \u00e9poca, o assunto ainda era tratado com reserva e cautela das partes envolvidas, mas a costura pol\u00edtica se concretizou.<br>Franciele Caroline Wessel Weimer j\u00e1 \u00e9 a nova secret\u00e1ria de Agricultura e Meio Ambiente. Ela foi secret\u00e1ria de Administra\u00e7\u00e3o na gest\u00e3o anterior (2021-2024). O titular anterior, Eloir Rafael R\u00fcckert, retornou ao cargo concursado de motorista, por\u00e9m, dever\u00e1 ser encaminhado para a Fun\u00e7\u00e3o Gratificada (FG) de um novo espa\u00e7o criado no quadro.<\/p>\n\n\n\n<p>O cargo de coordenador de Obras do Interior foi aprovado pela C\u00e2mara de Vereadores em sess\u00e3o extraordin\u00e1ria no dia 13 de janeiro deste ano, com oito votos favor\u00e1veis e os votos contr\u00e1rios de H\u00e9lio Brand\u00e3o e Neide Schwarz, ambos do PSDB e remanescentes claros da oposi\u00e7\u00e3o no Legislativo.<\/p>\n\n\n\n<p>Andr\u00e9ia Luersen, embora de atua\u00e7\u00e3o forte e ex-secret\u00e1ria de Educa\u00e7\u00e3o (2024), estar\u00e1 como subsecret\u00e1ria de Administra\u00e7\u00e3o. J\u00e1 Ricardo Suhre figura como subsecret\u00e1rio da Fazenda, \u00e1rea na qual tamb\u00e9m tem experi\u00eancias anteriores, inclusive de secret\u00e1rio entre 2021 e 2024.<br>J\u00falio C\u00e9sar de Souza \u201cZulu\u201d e Roque Angst formar\u00e3o uma dupla de atua\u00e7\u00e3o externa. Equipados com ve\u00edculos e ferramental completo, ser\u00e3o respons\u00e1veis exclusivamente para restaurar e manter cerca de 40 pequenos parques e pra\u00e7as na cidade. As pra\u00e7as maiores seguir\u00e3o sob responsabilidade da Secretaria de Obras.<\/p>\n\n\n\n<p>Ainda h\u00e1 mais dois nomes &#8211; Welika do Nascimento Ara\u00fajo da Costa e Daniela Paula Loose da Costa \u2013 enquadrados em cargos em comiss\u00e3o.<\/p>\n\n\n\n<figure class=\"wp-block-gallery has-nested-images columns-default is-cropped wp-block-gallery-1 is-layout-flex wp-block-gallery-is-layout-flex\">\n<figure class=\"wp-block-image size-large\"><img loading=\"lazy\" decoding=\"async\" width=\"628\" height=\"704\" data-id=\"205617\" src=\"https:\/\/folhapopular.info\/wp-content\/uploads\/2026\/03\/Andreia-Luersen_Arquivo-FP.jpeg\" alt=\"\" class=\"wp-image-205617\" srcset=\"https:\/\/folhapopular.info\/wp-content\/uploads\/2026\/03\/Andreia-Luersen_Arquivo-FP.jpeg 628w, https:\/\/folhapopular.info\/wp-content\/uploads\/2026\/03\/Andreia-Luersen_Arquivo-FP-268x300.jpeg 268w, https:\/\/folhapopular.info\/wp-content\/uploads\/2026\/03\/Andreia-Luersen_Arquivo-FP-375x420.jpeg 375w\" sizes=\"auto, (max-width: 628px) 100vw, 628px\" \/><figcaption class=\"wp-element-caption\"><br>Andreia Luersen \/ Cr\u00e9dito: Arquivo FP<\/figcaption><\/figure>\n\n\n\n<figure class=\"wp-block-image size-large\"><img loading=\"lazy\" decoding=\"async\" width=\"467\" height=\"659\" data-id=\"205619\" src=\"https:\/\/folhapopular.info\/wp-content\/uploads\/2026\/03\/Franciele-C.-W.-Weimer_Arquivo-FP.jpeg\" alt=\"\" class=\"wp-image-205619\" srcset=\"https:\/\/folhapopular.info\/wp-content\/uploads\/2026\/03\/Franciele-C.-W.-Weimer_Arquivo-FP.jpeg 467w, https:\/\/folhapopular.info\/wp-content\/uploads\/2026\/03\/Franciele-C.-W.-Weimer_Arquivo-FP-213x300.jpeg 213w, https:\/\/folhapopular.info\/wp-content\/uploads\/2026\/03\/Franciele-C.-W.-Weimer_Arquivo-FP-298x420.jpeg 298w\" sizes=\"auto, (max-width: 467px) 100vw, 467px\" \/><figcaption class=\"wp-element-caption\"><br>Franciele C. W. Weimer \/ Cr\u00e9dito: Arquivo FP<\/figcaption><\/figure>\n\n\n\n<figure class=\"wp-block-image size-large\"><img loading=\"lazy\" decoding=\"async\" width=\"454\" height=\"379\" data-id=\"205618\" src=\"https:\/\/folhapopular.info\/wp-content\/uploads\/2026\/03\/Ricardo-Suhre_Arquivo-FP.jpeg\" alt=\"\" class=\"wp-image-205618\" srcset=\"https:\/\/folhapopular.info\/wp-content\/uploads\/2026\/03\/Ricardo-Suhre_Arquivo-FP.jpeg 454w, https:\/\/folhapopular.info\/wp-content\/uploads\/2026\/03\/Ricardo-Suhre_Arquivo-FP-300x250.jpeg 300w\" sizes=\"auto, (max-width: 454px) 100vw, 454px\" \/><figcaption class=\"wp-element-caption\"><br>Ricardo Suhre \/ Cr\u00e9dito: Arquivo FP<\/figcaption><\/figure>\n<\/figure>\n\n\n\n<h2 class=\"wp-block-heading\"><strong>Quem entra <\/strong><\/h2>\n\n\n\n<p><strong>Nome &#8211; Cargo<br><\/strong>Francieli Caroline Wessel Weimer &#8211; Secret\u00e1ria de Agricultura e Meio Ambiente<br>Andr\u00e9ia Luersen &#8211; Subsecret\u00e1ria de Administra\u00e7\u00e3o<br>Ricardo \u201cChico\u201d Suhre &#8211; Subsecret\u00e1rio da Fazenda<br>J\u00falio C\u00e9sar de Souza \u201cZulu\u201d &#8211; Chefe de turma<br>Roque Angst &#8211; Chefe de equipe<br>Welika do Nascimento Ara\u00fajo da Costa &#8211; Chefe de sess\u00e3o<br>Daniela Paula Loose da Costa &#8211; Chefe de turma<\/p>\n","protected":false},"excerpt":{"rendered":"<p>O ingresso do PDT no governo municipal foi anunciado no dia 2 de mar\u00e7o. A partir de ent\u00e3o, come\u00e7aram os movimentos internos para a inser\u00e7\u00e3o de algumas pessoas indicadas pelo novo partido dentro do quadro de servidores. Uma secretaria, duas subsecretarias e quatro chefias de setores j\u00e1 est\u00e3o com as portarias encaminhadas ou publicadas no [&hellip;]<\/p>\n","protected":false},"author":7,"featured_media":205616,"comment_status":"open","ping_status":"open","sticky":false,"template":"","format":"standard","meta":{"pmpro_default_level":"","_jetpack_memberships_contains_paid_content":false,"footnotes":""},"categories":[2,10985],"tags":[6129,2230,2536,2535,26],"class_list":{"0":"post-205615","1":"post","2":"type-post","3":"status-publish","4":"format-standard","5":"has-post-thumbnail","7":"category-featured","8":"category-politica","9":"tag-pdt","10":"tag-prefeitura-de-teutonia","11":"tag-secretariado","12":"tag-secretarios","13":"tag-teutonia","14":"pmpro-has-access"},"yoast_head":"<!-- This site is optimized with the Yoast SEO plugin v27.5 - https:\/\/yoast.com\/product\/yoast-seo-wordpress\/ -->\n<title>Entrada do PDT reformula quadros em Teut\u00f4nia - Folha Popular<\/title>\n<meta name=\"robots\" content=\"index, follow, max-snippet:-1, max-image-preview:large, max-video-preview:-1\" \/>\n<link rel=\"canonical\" href=\"https:\/\/folhapopular.info\/index.php\/2026\/03\/11\/entrada-do-pdt-reformula-quadros-em-teutonia\/\" \/>\n<meta property=\"og:locale\" content=\"pt_BR\" \/>\n<meta property=\"og:type\" content=\"article\" \/>\n<meta property=\"og:title\" content=\"Entrada do PDT reformula quadros em Teut\u00f4nia - Folha Popular\" \/>\n<meta property=\"og:description\" content=\"O ingresso do PDT no governo municipal foi anunciado no dia 2 de mar\u00e7o. A partir de ent\u00e3o, come\u00e7aram os movimentos internos para a inser\u00e7\u00e3o de algumas pessoas indicadas pelo novo partido dentro do quadro de servidores. Uma secretaria, duas subsecretarias e quatro chefias de setores j\u00e1 est\u00e3o com as portarias encaminhadas ou publicadas no [&hellip;]\" \/>\n<meta property=\"og:url\" content=\"https:\/\/folhapopular.info\/index.php\/2026\/03\/11\/entrada-do-pdt-reformula-quadros-em-teutonia\/\" \/>\n<meta property=\"og:site_name\" content=\"Folha Popular\" \/>\n<meta property=\"article:published_time\" content=\"2026-03-11T12:00:00+00:00\" \/>\n<meta property=\"og:image\" content=\"https:\/\/folhapopular.info\/wp-content\/uploads\/2026\/03\/Base-e-formada-pelo-PSD-MDB-Progressistas-e-agora-PDT.jpeg\" \/>\n\t<meta property=\"og:image:width\" content=\"1280\" \/>\n\t<meta property=\"og:image:height\" content=\"960\" \/>\n\t<meta property=\"og:image:type\" content=\"image\/jpeg\" \/>\n<meta name=\"author\" content=\"Lucas Leandro Brune\" \/>\n<meta name=\"twitter:card\" content=\"summary_large_image\" \/>\n<meta name=\"twitter:label1\" content=\"Escrito por\" \/>\n\t<meta name=\"twitter:data1\" content=\"Lucas Leandro Brune\" \/>\n\t<meta name=\"twitter:label2\" content=\"Est. tempo de leitura\" \/>\n\t<meta name=\"twitter:data2\" content=\"3 minutos\" \/>\n<script type=\"application\/ld+json\" class=\"yoast-schema-graph\">{\"@context\":\"https:\\\/\\\/schema.org\",\"@graph\":[{\"@type\":\"Article\",\"@id\":\"https:\\\/\\\/folhapopular.info\\\/index.php\\\/2026\\\/03\\\/11\\\/entrada-do-pdt-reformula-quadros-em-teutonia\\\/#article\",\"isPartOf\":{\"@id\":\"https:\\\/\\\/folhapopular.info\\\/index.php\\\/2026\\\/03\\\/11\\\/entrada-do-pdt-reformula-quadros-em-teutonia\\\/\"},\"author\":{\"name\":\"Lucas Leandro Brune\",\"@id\":\"https:\\\/\\\/folhapopular.info\\\/#\\\/schema\\\/person\\\/533a15f60cd49e81ab3a90b4ca33cb36\"},\"headline\":\"Entrada do PDT reformula quadros em Teut\u00f4nia\",\"datePublished\":\"2026-03-11T12:00:00+00:00\",\"mainEntityOfPage\":{\"@id\":\"https:\\\/\\\/folhapopular.info\\\/index.php\\\/2026\\\/03\\\/11\\\/entrada-do-pdt-reformula-quadros-em-teutonia\\\/\"},\"wordCount\":443,\"commentCount\":0,\"image\":{\"@id\":\"https:\\\/\\\/folhapopular.info\\\/index.php\\\/2026\\\/03\\\/11\\\/entrada-do-pdt-reformula-quadros-em-teutonia\\\/#primaryimage\"},\"thumbnailUrl\":\"https:\\\/\\\/folhapopular.info\\\/wp-content\\\/uploads\\\/2026\\\/03\\\/Base-e-formada-pelo-PSD-MDB-Progressistas-e-agora-PDT.jpeg\",\"keywords\":[\"PDT\",\"Prefeitura de Teut\u00f4nia\",\"Secretariado\",\"Secret\u00e1rios\",\"Teut\u00f4nia\"],\"articleSection\":[\"Destaques\",\"Pol\u00edtica\"],\"inLanguage\":\"pt-BR\",\"potentialAction\":[{\"@type\":\"CommentAction\",\"name\":\"Comment\",\"target\":[\"https:\\\/\\\/folhapopular.info\\\/index.php\\\/2026\\\/03\\\/11\\\/entrada-do-pdt-reformula-quadros-em-teutonia\\\/#respond\"]}]},{\"@type\":\"WebPage\",\"@id\":\"https:\\\/\\\/folhapopular.info\\\/index.php\\\/2026\\\/03\\\/11\\\/entrada-do-pdt-reformula-quadros-em-teutonia\\\/\",\"url\":\"https:\\\/\\\/folhapopular.info\\\/index.php\\\/2026\\\/03\\\/11\\\/entrada-do-pdt-reformula-quadros-em-teutonia\\\/\",\"name\":\"Entrada do PDT reformula quadros em Teut\u00f4nia - Folha Popular\",\"isPartOf\":{\"@id\":\"https:\\\/\\\/folhapopular.info\\\/#website\"},\"primaryImageOfPage\":{\"@id\":\"https:\\\/\\\/folhapopular.info\\\/index.php\\\/2026\\\/03\\\/11\\\/entrada-do-pdt-reformula-quadros-em-teutonia\\\/#primaryimage\"},\"image\":{\"@id\":\"https:\\\/\\\/folhapopular.info\\\/index.php\\\/2026\\\/03\\\/11\\\/entrada-do-pdt-reformula-quadros-em-teutonia\\\/#primaryimage\"},\"thumbnailUrl\":\"https:\\\/\\\/folhapopular.info\\\/wp-content\\\/uploads\\\/2026\\\/03\\\/Base-e-formada-pelo-PSD-MDB-Progressistas-e-agora-PDT.jpeg\",\"datePublished\":\"2026-03-11T12:00:00+00:00\",\"author\":{\"@id\":\"https:\\\/\\\/folhapopular.info\\\/#\\\/schema\\\/person\\\/533a15f60cd49e81ab3a90b4ca33cb36\"},\"breadcrumb\":{\"@id\":\"https:\\\/\\\/folhapopular.info\\\/index.php\\\/2026\\\/03\\\/11\\\/entrada-do-pdt-reformula-quadros-em-teutonia\\\/#breadcrumb\"},\"inLanguage\":\"pt-BR\",\"potentialAction\":[{\"@type\":\"ReadAction\",\"target\":[\"https:\\\/\\\/folhapopular.info\\\/index.php\\\/2026\\\/03\\\/11\\\/entrada-do-pdt-reformula-quadros-em-teutonia\\\/\"]}]},{\"@type\":\"ImageObject\",\"inLanguage\":\"pt-BR\",\"@id\":\"https:\\\/\\\/folhapopular.info\\\/index.php\\\/2026\\\/03\\\/11\\\/entrada-do-pdt-reformula-quadros-em-teutonia\\\/#primaryimage\",\"url\":\"https:\\\/\\\/folhapopular.info\\\/wp-content\\\/uploads\\\/2026\\\/03\\\/Base-e-formada-pelo-PSD-MDB-Progressistas-e-agora-PDT.jpeg\",\"contentUrl\":\"https:\\\/\\\/folhapopular.info\\\/wp-content\\\/uploads\\\/2026\\\/03\\\/Base-e-formada-pelo-PSD-MDB-Progressistas-e-agora-PDT.jpeg\",\"width\":1280,\"height\":960,\"caption\":\"Base e\u0301 formada pelo PSD, MDB, Progressistas e, agora, PDT \\\/ Cr\u00e9dito: Divulga\u00e7\u00e3o\"},{\"@type\":\"BreadcrumbList\",\"@id\":\"https:\\\/\\\/folhapopular.info\\\/index.php\\\/2026\\\/03\\\/11\\\/entrada-do-pdt-reformula-quadros-em-teutonia\\\/#breadcrumb\",\"itemListElement\":[{\"@type\":\"ListItem\",\"position\":1,\"name\":\"In\u00edcio\",\"item\":\"https:\\\/\\\/folhapopular.info\\\/\"},{\"@type\":\"ListItem\",\"position\":2,\"name\":\"Entrada do PDT reformula quadros em Teut\u00f4nia\"}]},{\"@type\":\"WebSite\",\"@id\":\"https:\\\/\\\/folhapopular.info\\\/#website\",\"url\":\"https:\\\/\\\/folhapopular.info\\\/\",\"name\":\"Folha Popular\",\"description\":\"Onde voc\u00ea tem vez e voz\",\"potentialAction\":[{\"@type\":\"SearchAction\",\"target\":{\"@type\":\"EntryPoint\",\"urlTemplate\":\"https:\\\/\\\/folhapopular.info\\\/?s={search_term_string}\"},\"query-input\":{\"@type\":\"PropertyValueSpecification\",\"valueRequired\":true,\"valueName\":\"search_term_string\"}}],\"inLanguage\":\"pt-BR\"},{\"@type\":\"Person\",\"@id\":\"https:\\\/\\\/folhapopular.info\\\/#\\\/schema\\\/person\\\/533a15f60cd49e81ab3a90b4ca33cb36\",\"name\":\"Lucas Leandro Brune\",\"image\":{\"@type\":\"ImageObject\",\"inLanguage\":\"pt-BR\",\"@id\":\"https:\\\/\\\/folhapopular.info\\\/wp-content\\\/uploads\\\/2026\\\/04\\\/LUCAS-1-1.webp\",\"url\":\"https:\\\/\\\/folhapopular.info\\\/wp-content\\\/uploads\\\/2026\\\/04\\\/LUCAS-1-1.webp\",\"contentUrl\":\"https:\\\/\\\/folhapopular.info\\\/wp-content\\\/uploads\\\/2026\\\/04\\\/LUCAS-1-1.webp\",\"caption\":\"Lucas Leandro Brune\"},\"description\":\"Jornalista Profissional Diplomado MTB\\\/RS 14.333\",\"url\":\"https:\\\/\\\/folhapopular.info\\\/index.php\\\/author\\\/lucas-brune\\\/\"}]}<\/script>\n<!-- \/ Yoast SEO plugin. -->","yoast_head_json":{"title":"Entrada do PDT reformula quadros em Teut\u00f4nia - Folha Popular","robots":{"index":"index","follow":"follow","max-snippet":"max-snippet:-1","max-image-preview":"max-image-preview:large","max-video-preview":"max-video-preview:-1"},"canonical":"https:\/\/folhapopular.info\/index.php\/2026\/03\/11\/entrada-do-pdt-reformula-quadros-em-teutonia\/","og_locale":"pt_BR","og_type":"article","og_title":"Entrada do PDT reformula quadros em Teut\u00f4nia - Folha Popular","og_description":"O ingresso do PDT no governo municipal foi anunciado no dia 2 de mar\u00e7o. A partir de ent\u00e3o, come\u00e7aram os movimentos internos para a inser\u00e7\u00e3o de algumas pessoas indicadas pelo novo partido dentro do quadro de servidores. Uma secretaria, duas subsecretarias e quatro chefias de setores j\u00e1 est\u00e3o com as portarias encaminhadas ou publicadas no [&hellip;]","og_url":"https:\/\/folhapopular.info\/index.php\/2026\/03\/11\/entrada-do-pdt-reformula-quadros-em-teutonia\/","og_site_name":"Folha Popular","article_published_time":"2026-03-11T12:00:00+00:00","og_image":[{"width":1280,"height":960,"url":"https:\/\/folhapopular.info\/wp-content\/uploads\/2026\/03\/Base-e-formada-pelo-PSD-MDB-Progressistas-e-agora-PDT.jpeg","type":"image\/jpeg"}],"author":"Lucas Leandro Brune","twitter_card":"summary_large_image","twitter_misc":{"Escrito por":"Lucas Leandro Brune","Est. tempo de leitura":"3 minutos"},"schema":{"@context":"https:\/\/schema.org","@graph":[{"@type":"Article","@id":"https:\/\/folhapopular.info\/index.php\/2026\/03\/11\/entrada-do-pdt-reformula-quadros-em-teutonia\/#article","isPartOf":{"@id":"https:\/\/folhapopular.info\/index.php\/2026\/03\/11\/entrada-do-pdt-reformula-quadros-em-teutonia\/"},"author":{"name":"Lucas Leandro Brune","@id":"https:\/\/folhapopular.info\/#\/schema\/person\/533a15f60cd49e81ab3a90b4ca33cb36"},"headline":"Entrada do PDT reformula quadros em Teut\u00f4nia","datePublished":"2026-03-11T12:00:00+00:00","mainEntityOfPage":{"@id":"https:\/\/folhapopular.info\/index.php\/2026\/03\/11\/entrada-do-pdt-reformula-quadros-em-teutonia\/"},"wordCount":443,"commentCount":0,"image":{"@id":"https:\/\/folhapopular.info\/index.php\/2026\/03\/11\/entrada-do-pdt-reformula-quadros-em-teutonia\/#primaryimage"},"thumbnailUrl":"https:\/\/folhapopular.info\/wp-content\/uploads\/2026\/03\/Base-e-formada-pelo-PSD-MDB-Progressistas-e-agora-PDT.jpeg","keywords":["PDT","Prefeitura de Teut\u00f4nia","Secretariado","Secret\u00e1rios","Teut\u00f4nia"],"articleSection":["Destaques","Pol\u00edtica"],"inLanguage":"pt-BR","potentialAction":[{"@type":"CommentAction","name":"Comment","target":["https:\/\/folhapopular.info\/index.php\/2026\/03\/11\/entrada-do-pdt-reformula-quadros-em-teutonia\/#respond"]}]},{"@type":"WebPage","@id":"https:\/\/folhapopular.info\/index.php\/2026\/03\/11\/entrada-do-pdt-reformula-quadros-em-teutonia\/","url":"https:\/\/folhapopular.info\/index.php\/2026\/03\/11\/entrada-do-pdt-reformula-quadros-em-teutonia\/","name":"Entrada do PDT reformula quadros em Teut\u00f4nia - Folha Popular","isPartOf":{"@id":"https:\/\/folhapopular.info\/#website"},"primaryImageOfPage":{"@id":"https:\/\/folhapopular.info\/index.php\/2026\/03\/11\/entrada-do-pdt-reformula-quadros-em-teutonia\/#primaryimage"},"image":{"@id":"https:\/\/folhapopular.info\/index.php\/2026\/03\/11\/entrada-do-pdt-reformula-quadros-em-teutonia\/#primaryimage"},"thumbnailUrl":"https:\/\/folhapopular.info\/wp-content\/uploads\/2026\/03\/Base-e-formada-pelo-PSD-MDB-Progressistas-e-agora-PDT.jpeg","datePublished":"2026-03-11T12:00:00+00:00","author":{"@id":"https:\/\/folhapopular.info\/#\/schema\/person\/533a15f60cd49e81ab3a90b4ca33cb36"},"breadcrumb":{"@id":"https:\/\/folhapopular.info\/index.php\/2026\/03\/11\/entrada-do-pdt-reformula-quadros-em-teutonia\/#breadcrumb"},"inLanguage":"pt-BR","potentialAction":[{"@type":"ReadAction","target":["https:\/\/folhapopular.info\/index.php\/2026\/03\/11\/entrada-do-pdt-reformula-quadros-em-teutonia\/"]}]},{"@type":"ImageObject","inLanguage":"pt-BR","@id":"https:\/\/folhapopular.info\/index.php\/2026\/03\/11\/entrada-do-pdt-reformula-quadros-em-teutonia\/#primaryimage","url":"https:\/\/folhapopular.info\/wp-content\/uploads\/2026\/03\/Base-e-formada-pelo-PSD-MDB-Progressistas-e-agora-PDT.jpeg","contentUrl":"https:\/\/folhapopular.info\/wp-content\/uploads\/2026\/03\/Base-e-formada-pelo-PSD-MDB-Progressistas-e-agora-PDT.jpeg","width":1280,"height":960,"caption":"Base e\u0301 formada pelo PSD, MDB, Progressistas e, agora, PDT \/ Cr\u00e9dito: Divulga\u00e7\u00e3o"},{"@type":"BreadcrumbList","@id":"https:\/\/folhapopular.info\/index.php\/2026\/03\/11\/entrada-do-pdt-reformula-quadros-em-teutonia\/#breadcrumb","itemListElement":[{"@type":"ListItem","position":1,"name":"In\u00edcio","item":"https:\/\/folhapopular.info\/"},{"@type":"ListItem","position":2,"name":"Entrada do PDT reformula quadros em Teut\u00f4nia"}]},{"@type":"WebSite","@id":"https:\/\/folhapopular.info\/#website","url":"https:\/\/folhapopular.info\/","name":"Folha Popular","description":"Onde voc\u00ea tem vez e voz","potentialAction":[{"@type":"SearchAction","target":{"@type":"EntryPoint","urlTemplate":"https:\/\/folhapopular.info\/?s={search_term_string}"},"query-input":{"@type":"PropertyValueSpecification","valueRequired":true,"valueName":"search_term_string"}}],"inLanguage":"pt-BR"},{"@type":"Person","@id":"https:\/\/folhapopular.info\/#\/schema\/person\/533a15f60cd49e81ab3a90b4ca33cb36","name":"Lucas Leandro Brune","image":{"@type":"ImageObject","inLanguage":"pt-BR","@id":"https:\/\/folhapopular.info\/wp-content\/uploads\/2026\/04\/LUCAS-1-1.webp","url":"https:\/\/folhapopular.info\/wp-content\/uploads\/2026\/04\/LUCAS-1-1.webp","contentUrl":"https:\/\/folhapopular.info\/wp-content\/uploads\/2026\/04\/LUCAS-1-1.webp","caption":"Lucas Leandro Brune"},"description":"Jornalista Profissional Diplomado MTB\/RS 14.333","url":"https:\/\/folhapopular.info\/index.php\/author\/lucas-brune\/"}]}},"jetpack_featured_media_url":"https:\/\/folhapopular.info\/wp-content\/uploads\/2026\/03\/Base-e-formada-pelo-PSD-MDB-Progressistas-e-agora-PDT.jpeg","jetpack_sharing_enabled":true,"amp_enabled":true,"_links":{"self":[{"href":"https:\/\/folhapopular.info\/index.php\/wp-json\/wp\/v2\/posts\/205615","targetHints":{"allow":["GET"]}}],"collection":[{"href":"https:\/\/folhapopular.info\/index.php\/wp-json\/wp\/v2\/posts"}],"about":[{"href":"https:\/\/folhapopular.info\/index.php\/wp-json\/wp\/v2\/types\/post"}],"author":[{"embeddable":true,"href":"https:\/\/folhapopular.info\/index.php\/wp-json\/wp\/v2\/users\/7"}],"replies":[{"embeddable":true,"href":"https:\/\/folhapopular.info\/index.php\/wp-json\/wp\/v2\/comments?post=205615"}],"version-history":[{"count":0,"href":"https:\/\/folhapopular.info\/index.php\/wp-json\/wp\/v2\/posts\/205615\/revisions"}],"wp:featuredmedia":[{"embeddable":true,"href":"https:\/\/folhapopular.info\/index.php\/wp-json\/wp\/v2\/media\/205616"}],"wp:attachment":[{"href":"https:\/\/folhapopular.info\/index.php\/wp-json\/wp\/v2\/media?parent=205615"}],"wp:term":[{"taxonomy":"category","embeddable":true,"href":"https:\/\/folhapopular.info\/index.php\/wp-json\/wp\/v2\/categories?post=205615"},{"taxonomy":"post_tag","embeddable":true,"href":"https:\/\/folhapopular.info\/index.php\/wp-json\/wp\/v2\/tags?post=205615"}],"curies":[{"name":"wp","href":"https:\/\/api.w.org\/{rel}","templated":true}]}}