{"id":205628,"date":"2026-03-11T08:36:35","date_gmt":"2026-03-11T11:36:35","guid":{"rendered":"https:\/\/folhapopular.info\/?p=205628"},"modified":"2026-03-11T14:39:12","modified_gmt":"2026-03-11T17:39:12","slug":"aberto-de-verao-segue-como-rotina-de-quem-participa","status":"publish","type":"post","link":"https:\/\/folhapopular.info\/index.php\/2026\/03\/11\/aberto-de-verao-segue-como-rotina-de-quem-participa\/","title":{"rendered":"Aberto de Ver\u00e3o segue como rotina de quem participa"},"content":{"rendered":"<p>Para muitos jogadores e torcedores da regi\u00e3o, o Aberto de Ver\u00e3o n\u00e3o \u00e9 apenas um campeonato. Se trata de um lugar para reencontros, lembran\u00e7as e hist\u00f3rias que atravessam diferentes gera\u00e7\u00f5es do futebol amador. Na beira do campo, entre uma partida e outra, n\u00e3o \u00e9 dif\u00edcil encontrar quem j\u00e1 viveu o Abert\u00e3o dentro das quatro linhas&#8230; <\/p>\n<div class=\"pmpro\">\n<div class=\"pmpro_card pmpro_content_message\">\n<div class=\"pmpro_card_content\">Este conte\u00fado \u00e9 apenas para associados Grupo Popular &#8211; Conte\u00fado Total Anual e Grupo Popular &#8211; Conte\u00fado Total Mensal. <br \/><a href=\"https:\/\/folhapopular.info\/wp-login.php?action=register\">Cadastre-se<\/a><\/div>\n<div class=\"pmpro_card_actions pmpro_font-medium\">J\u00e1 se associou? <a href=\"https:\/\/folhapopular.info\/wp-login.php?redirect_to=https%3A%2F%2Ffolhapopular.info%2Findex.php%2F2026%2F03%2F11%2Faberto-de-verao-segue-como-rotina-de-quem-participa%2F\">Acesse aqui<\/a><\/div>\n<\/div>\n<\/div>\n","protected":false},"excerpt":{"rendered":"<p>Para muitos jogadores e torcedores da regi\u00e3o, o Aberto de Ver\u00e3o n\u00e3o \u00e9 apenas um campeonato. Se trata de um lugar para reencontros, lembran\u00e7as e hist\u00f3rias que atravessam diferentes gera\u00e7\u00f5es do futebol amador. Na beira do campo, entre uma partida e outra, n\u00e3o \u00e9 dif\u00edcil encontrar quem j\u00e1 viveu o Abert\u00e3o dentro das quatro linhas... <\/p>\n<div class=\"pmpro\"><div class=\"pmpro_card pmpro_content_message\"><div class=\"pmpro_card_content\">Este conte\u00fado \u00e9 apenas para associados Grupo Popular - Conte\u00fado Total Anual e Grupo Popular - Conte\u00fado Total Mensal. <br \/><a href=\"https:\/\/folhapopular.info\/wp-login.php?action=register\">Cadastre-se<\/a><\/div><div class=\"pmpro_card_actions pmpro_font-medium\">J\u00e1 se associou? <a href=\"https:\/\/folhapopular.info\/wp-login.php?redirect_to=https%3A%2F%2Ffolhapopular.info%2Findex.php%2F2026%2F03%2F11%2Faberto-de-verao-segue-como-rotina-de-quem-participa%2F\">Acesse aqui<\/a><\/div><\/div><\/div>","protected":false},"author":732,"featured_media":205629,"comment_status":"open","ping_status":"open","sticky":false,"template":"","format":"standard","meta":{"pmpro_default_level":"","_jetpack_memberships_contains_paid_content":false,"footnotes":""},"categories":[11078,5990,5,6592,530],"tags":[7859,8160,1273,31],"class_list":{"0":"post-205628","1":"post","2":"type-post","3":"status-publish","4":"format-standard","5":"has-post-thumbnail","7":"category-assinantes","8":"category-conteudo-exclusivo","9":"category-esportes","10":"category-futebol-sete","11":"category-futsal","12":"tag-abertao","13":"tag-aberto-de-verao","14":"tag-futebol-sete","15":"tag-futsal","16":"pmpro-level-required","17":"pmpro-level-2","18":"pmpro-level-4","19":"pmpro-level-5","20":"pmpro-no-access"},"yoast_head":"<!-- This site is optimized with the Yoast SEO plugin v27.5 - https:\/\/yoast.com\/product\/yoast-seo-wordpress\/ -->\n<title>Aberto de Ver\u00e3o segue como rotina de quem participa - Folha Popular<\/title>\n<meta name=\"description\" content=\"Aberto de Ver\u00e3o tem se aproximado das finais e, com isso, reune mais torcedores e espectadores na Associa\u00e7\u00e3o de Funcionarios da Languiru.\" \/>\n<meta name=\"robots\" content=\"index, follow, max-snippet:-1, max-image-preview:large, max-video-preview:-1\" \/>\n<link rel=\"canonical\" href=\"https:\/\/folhapopular.info\/index.php\/2026\/03\/11\/aberto-de-verao-segue-como-rotina-de-quem-participa\/\" \/>\n<meta property=\"og:locale\" content=\"pt_BR\" \/>\n<meta property=\"og:type\" content=\"article\" \/>\n<meta property=\"og:title\" content=\"Aberto de Ver\u00e3o segue como rotina de quem participa - Folha Popular\" \/>\n<meta property=\"og:description\" content=\"Aberto de Ver\u00e3o tem se aproximado das finais e, com isso, reune mais torcedores e espectadores na Associa\u00e7\u00e3o de Funcionarios da Languiru.\" \/>\n<meta property=\"og:url\" content=\"https:\/\/folhapopular.info\/index.php\/2026\/03\/11\/aberto-de-verao-segue-como-rotina-de-quem-participa\/\" \/>\n<meta property=\"og:site_name\" content=\"Folha Popular\" \/>\n<meta property=\"article:author\" content=\"https:\/\/www.facebook.com\/luis.huppes\/\" \/>\n<meta property=\"article:published_time\" content=\"2026-03-11T11:36:35+00:00\" \/>\n<meta property=\"article:modified_time\" content=\"2026-03-11T17:39:12+00:00\" \/>\n<meta property=\"og:image\" content=\"http:\/\/folhapopular.info\/wp-content\/uploads\/2026\/03\/Andre-Barbosa-parou-de-jogar-mas-nao-deixou-de-ir-as-sextas-no-Abertao.jpeg\" \/>\n\t<meta property=\"og:image:width\" content=\"1600\" \/>\n\t<meta property=\"og:image:height\" content=\"1200\" \/>\n\t<meta property=\"og:image:type\" content=\"image\/jpeg\" \/>\n<meta name=\"author\" content=\"Luis Augusto Huppes\" \/>\n<meta name=\"twitter:card\" content=\"summary_large_image\" \/>\n<meta name=\"twitter:label1\" content=\"Escrito por\" \/>\n\t<meta name=\"twitter:data1\" content=\"Luis Augusto Huppes\" \/>\n\t<meta name=\"twitter:label2\" content=\"Est. tempo de leitura\" \/>\n\t<meta name=\"twitter:data2\" content=\"3 minutos\" \/>\n<script type=\"application\/ld+json\" class=\"yoast-schema-graph\">{\"@context\":\"https:\\\/\\\/schema.org\",\"@graph\":[{\"@type\":\"Article\",\"@id\":\"https:\\\/\\\/folhapopular.info\\\/index.php\\\/2026\\\/03\\\/11\\\/aberto-de-verao-segue-como-rotina-de-quem-participa\\\/#article\",\"isPartOf\":{\"@id\":\"https:\\\/\\\/folhapopular.info\\\/index.php\\\/2026\\\/03\\\/11\\\/aberto-de-verao-segue-como-rotina-de-quem-participa\\\/\"},\"author\":{\"name\":\"Luis Augusto Huppes\",\"@id\":\"https:\\\/\\\/folhapopular.info\\\/#\\\/schema\\\/person\\\/e852c327371714676d02e58cf917fd9f\"},\"headline\":\"Aberto de Ver\u00e3o segue como rotina de quem participa\",\"datePublished\":\"2026-03-11T11:36:35+00:00\",\"dateModified\":\"2026-03-11T17:39:12+00:00\",\"mainEntityOfPage\":{\"@id\":\"https:\\\/\\\/folhapopular.info\\\/index.php\\\/2026\\\/03\\\/11\\\/aberto-de-verao-segue-como-rotina-de-quem-participa\\\/\"},\"wordCount\":424,\"commentCount\":0,\"image\":{\"@id\":\"https:\\\/\\\/folhapopular.info\\\/index.php\\\/2026\\\/03\\\/11\\\/aberto-de-verao-segue-como-rotina-de-quem-participa\\\/#primaryimage\"},\"thumbnailUrl\":\"https:\\\/\\\/folhapopular.info\\\/wp-content\\\/uploads\\\/2026\\\/03\\\/Andre-Barbosa-parou-de-jogar-mas-nao-deixou-de-ir-as-sextas-no-Abertao.jpeg\",\"keywords\":[\"Abert\u00e3o\",\"Aberto de Ver\u00e3o\",\"Futebol Sete\",\"Futsal\"],\"articleSection\":[\"Assinantes\",\"Conte\u00fado Exclusivo\",\"Esportes\",\"Futebol Sete\",\"Futsal\"],\"inLanguage\":\"pt-BR\",\"potentialAction\":[{\"@type\":\"CommentAction\",\"name\":\"Comment\",\"target\":[\"https:\\\/\\\/folhapopular.info\\\/index.php\\\/2026\\\/03\\\/11\\\/aberto-de-verao-segue-como-rotina-de-quem-participa\\\/#respond\"]}]},{\"@type\":\"WebPage\",\"@id\":\"https:\\\/\\\/folhapopular.info\\\/index.php\\\/2026\\\/03\\\/11\\\/aberto-de-verao-segue-como-rotina-de-quem-participa\\\/\",\"url\":\"https:\\\/\\\/folhapopular.info\\\/index.php\\\/2026\\\/03\\\/11\\\/aberto-de-verao-segue-como-rotina-de-quem-participa\\\/\",\"name\":\"Aberto de Ver\u00e3o segue como rotina de quem participa - Folha Popular\",\"isPartOf\":{\"@id\":\"https:\\\/\\\/folhapopular.info\\\/#website\"},\"primaryImageOfPage\":{\"@id\":\"https:\\\/\\\/folhapopular.info\\\/index.php\\\/2026\\\/03\\\/11\\\/aberto-de-verao-segue-como-rotina-de-quem-participa\\\/#primaryimage\"},\"image\":{\"@id\":\"https:\\\/\\\/folhapopular.info\\\/index.php\\\/2026\\\/03\\\/11\\\/aberto-de-verao-segue-como-rotina-de-quem-participa\\\/#primaryimage\"},\"thumbnailUrl\":\"https:\\\/\\\/folhapopular.info\\\/wp-content\\\/uploads\\\/2026\\\/03\\\/Andre-Barbosa-parou-de-jogar-mas-nao-deixou-de-ir-as-sextas-no-Abertao.jpeg\",\"datePublished\":\"2026-03-11T11:36:35+00:00\",\"dateModified\":\"2026-03-11T17:39:12+00:00\",\"author\":{\"@id\":\"https:\\\/\\\/folhapopular.info\\\/#\\\/schema\\\/person\\\/e852c327371714676d02e58cf917fd9f\"},\"description\":\"Aberto de Ver\u00e3o tem se aproximado das finais e, com isso, reune mais torcedores e espectadores na Associa\u00e7\u00e3o de Funcionarios da Languiru.\",\"breadcrumb\":{\"@id\":\"https:\\\/\\\/folhapopular.info\\\/index.php\\\/2026\\\/03\\\/11\\\/aberto-de-verao-segue-como-rotina-de-quem-participa\\\/#breadcrumb\"},\"inLanguage\":\"pt-BR\",\"potentialAction\":[{\"@type\":\"ReadAction\",\"target\":[\"https:\\\/\\\/folhapopular.info\\\/index.php\\\/2026\\\/03\\\/11\\\/aberto-de-verao-segue-como-rotina-de-quem-participa\\\/\"]}]},{\"@type\":\"ImageObject\",\"inLanguage\":\"pt-BR\",\"@id\":\"https:\\\/\\\/folhapopular.info\\\/index.php\\\/2026\\\/03\\\/11\\\/aberto-de-verao-segue-como-rotina-de-quem-participa\\\/#primaryimage\",\"url\":\"https:\\\/\\\/folhapopular.info\\\/wp-content\\\/uploads\\\/2026\\\/03\\\/Andre-Barbosa-parou-de-jogar-mas-nao-deixou-de-ir-as-sextas-no-Abertao.jpeg\",\"contentUrl\":\"https:\\\/\\\/folhapopular.info\\\/wp-content\\\/uploads\\\/2026\\\/03\\\/Andre-Barbosa-parou-de-jogar-mas-nao-deixou-de-ir-as-sextas-no-Abertao.jpeg\",\"width\":1600,\"height\":1200,\"caption\":\"Andr\u00e9 Barbosa parou de jogar, mas n\u00e3o deixou de ir \u00e0s sextas no Abert\u00e3o - Cr\u00e9dito: Gabriely Hartmann Mallmann\"},{\"@type\":\"BreadcrumbList\",\"@id\":\"https:\\\/\\\/folhapopular.info\\\/index.php\\\/2026\\\/03\\\/11\\\/aberto-de-verao-segue-como-rotina-de-quem-participa\\\/#breadcrumb\",\"itemListElement\":[{\"@type\":\"ListItem\",\"position\":1,\"name\":\"In\u00edcio\",\"item\":\"https:\\\/\\\/folhapopular.info\\\/\"},{\"@type\":\"ListItem\",\"position\":2,\"name\":\"Aberto de Ver\u00e3o segue como rotina de quem participa\"}]},{\"@type\":\"WebSite\",\"@id\":\"https:\\\/\\\/folhapopular.info\\\/#website\",\"url\":\"https:\\\/\\\/folhapopular.info\\\/\",\"name\":\"Folha Popular\",\"description\":\"Onde voc\u00ea tem vez e voz\",\"potentialAction\":[{\"@type\":\"SearchAction\",\"target\":{\"@type\":\"EntryPoint\",\"urlTemplate\":\"https:\\\/\\\/folhapopular.info\\\/?s={search_term_string}\"},\"query-input\":{\"@type\":\"PropertyValueSpecification\",\"valueRequired\":true,\"valueName\":\"search_term_string\"}}],\"inLanguage\":\"pt-BR\"},{\"@type\":\"Person\",\"@id\":\"https:\\\/\\\/folhapopular.info\\\/#\\\/schema\\\/person\\\/e852c327371714676d02e58cf917fd9f\",\"name\":\"Luis Augusto Huppes\",\"image\":{\"@type\":\"ImageObject\",\"inLanguage\":\"pt-BR\",\"@id\":\"https:\\\/\\\/folhapopular.info\\\/wp-content\\\/uploads\\\/2026\\\/04\\\/Luis-Augusto-Huppes-1-1.webp\",\"url\":\"https:\\\/\\\/folhapopular.info\\\/wp-content\\\/uploads\\\/2026\\\/04\\\/Luis-Augusto-Huppes-1-1.webp\",\"contentUrl\":\"https:\\\/\\\/folhapopular.info\\\/wp-content\\\/uploads\\\/2026\\\/04\\\/Luis-Augusto-Huppes-1-1.webp\",\"caption\":\"Luis Augusto Huppes\"},\"sameAs\":[\"https:\\\/\\\/www.facebook.com\\\/luis.huppes\\\/\",\"https:\\\/\\\/www.instagram.com\\\/luis.huppes\\\/\",\"https:\\\/\\\/www.linkedin.com\\\/in\\\/luis-augusto-huppes-2554b52b7\\\/\"],\"url\":\"https:\\\/\\\/folhapopular.info\\\/index.php\\\/author\\\/luis-augusto-huppes\\\/\"}]}<\/script>\n<!-- \/ Yoast SEO plugin. -->","yoast_head_json":{"title":"Aberto de Ver\u00e3o segue como rotina de quem participa - Folha Popular","description":"Aberto de Ver\u00e3o tem se aproximado das finais e, com isso, reune mais torcedores e espectadores na Associa\u00e7\u00e3o de Funcionarios da Languiru.","robots":{"index":"index","follow":"follow","max-snippet":"max-snippet:-1","max-image-preview":"max-image-preview:large","max-video-preview":"max-video-preview:-1"},"canonical":"https:\/\/folhapopular.info\/index.php\/2026\/03\/11\/aberto-de-verao-segue-como-rotina-de-quem-participa\/","og_locale":"pt_BR","og_type":"article","og_title":"Aberto de Ver\u00e3o segue como rotina de quem participa - Folha Popular","og_description":"Aberto de Ver\u00e3o tem se aproximado das finais e, com isso, reune mais torcedores e espectadores na Associa\u00e7\u00e3o de Funcionarios da Languiru.","og_url":"https:\/\/folhapopular.info\/index.php\/2026\/03\/11\/aberto-de-verao-segue-como-rotina-de-quem-participa\/","og_site_name":"Folha Popular","article_author":"https:\/\/www.facebook.com\/luis.huppes\/","article_published_time":"2026-03-11T11:36:35+00:00","article_modified_time":"2026-03-11T17:39:12+00:00","og_image":[{"width":1600,"height":1200,"url":"http:\/\/folhapopular.info\/wp-content\/uploads\/2026\/03\/Andre-Barbosa-parou-de-jogar-mas-nao-deixou-de-ir-as-sextas-no-Abertao.jpeg","type":"image\/jpeg"}],"author":"Luis Augusto Huppes","twitter_card":"summary_large_image","twitter_misc":{"Escrito por":"Luis Augusto Huppes","Est. tempo de leitura":"3 minutos"},"schema":{"@context":"https:\/\/schema.org","@graph":[{"@type":"Article","@id":"https:\/\/folhapopular.info\/index.php\/2026\/03\/11\/aberto-de-verao-segue-como-rotina-de-quem-participa\/#article","isPartOf":{"@id":"https:\/\/folhapopular.info\/index.php\/2026\/03\/11\/aberto-de-verao-segue-como-rotina-de-quem-participa\/"},"author":{"name":"Luis Augusto Huppes","@id":"https:\/\/folhapopular.info\/#\/schema\/person\/e852c327371714676d02e58cf917fd9f"},"headline":"Aberto de Ver\u00e3o segue como rotina de quem participa","datePublished":"2026-03-11T11:36:35+00:00","dateModified":"2026-03-11T17:39:12+00:00","mainEntityOfPage":{"@id":"https:\/\/folhapopular.info\/index.php\/2026\/03\/11\/aberto-de-verao-segue-como-rotina-de-quem-participa\/"},"wordCount":424,"commentCount":0,"image":{"@id":"https:\/\/folhapopular.info\/index.php\/2026\/03\/11\/aberto-de-verao-segue-como-rotina-de-quem-participa\/#primaryimage"},"thumbnailUrl":"https:\/\/folhapopular.info\/wp-content\/uploads\/2026\/03\/Andre-Barbosa-parou-de-jogar-mas-nao-deixou-de-ir-as-sextas-no-Abertao.jpeg","keywords":["Abert\u00e3o","Aberto de Ver\u00e3o","Futebol Sete","Futsal"],"articleSection":["Assinantes","Conte\u00fado Exclusivo","Esportes","Futebol Sete","Futsal"],"inLanguage":"pt-BR","potentialAction":[{"@type":"CommentAction","name":"Comment","target":["https:\/\/folhapopular.info\/index.php\/2026\/03\/11\/aberto-de-verao-segue-como-rotina-de-quem-participa\/#respond"]}]},{"@type":"WebPage","@id":"https:\/\/folhapopular.info\/index.php\/2026\/03\/11\/aberto-de-verao-segue-como-rotina-de-quem-participa\/","url":"https:\/\/folhapopular.info\/index.php\/2026\/03\/11\/aberto-de-verao-segue-como-rotina-de-quem-participa\/","name":"Aberto de Ver\u00e3o segue como rotina de quem participa - Folha Popular","isPartOf":{"@id":"https:\/\/folhapopular.info\/#website"},"primaryImageOfPage":{"@id":"https:\/\/folhapopular.info\/index.php\/2026\/03\/11\/aberto-de-verao-segue-como-rotina-de-quem-participa\/#primaryimage"},"image":{"@id":"https:\/\/folhapopular.info\/index.php\/2026\/03\/11\/aberto-de-verao-segue-como-rotina-de-quem-participa\/#primaryimage"},"thumbnailUrl":"https:\/\/folhapopular.info\/wp-content\/uploads\/2026\/03\/Andre-Barbosa-parou-de-jogar-mas-nao-deixou-de-ir-as-sextas-no-Abertao.jpeg","datePublished":"2026-03-11T11:36:35+00:00","dateModified":"2026-03-11T17:39:12+00:00","author":{"@id":"https:\/\/folhapopular.info\/#\/schema\/person\/e852c327371714676d02e58cf917fd9f"},"description":"Aberto de Ver\u00e3o tem se aproximado das finais e, com isso, reune mais torcedores e espectadores na Associa\u00e7\u00e3o de Funcionarios da Languiru.","breadcrumb":{"@id":"https:\/\/folhapopular.info\/index.php\/2026\/03\/11\/aberto-de-verao-segue-como-rotina-de-quem-participa\/#breadcrumb"},"inLanguage":"pt-BR","potentialAction":[{"@type":"ReadAction","target":["https:\/\/folhapopular.info\/index.php\/2026\/03\/11\/aberto-de-verao-segue-como-rotina-de-quem-participa\/"]}]},{"@type":"ImageObject","inLanguage":"pt-BR","@id":"https:\/\/folhapopular.info\/index.php\/2026\/03\/11\/aberto-de-verao-segue-como-rotina-de-quem-participa\/#primaryimage","url":"https:\/\/folhapopular.info\/wp-content\/uploads\/2026\/03\/Andre-Barbosa-parou-de-jogar-mas-nao-deixou-de-ir-as-sextas-no-Abertao.jpeg","contentUrl":"https:\/\/folhapopular.info\/wp-content\/uploads\/2026\/03\/Andre-Barbosa-parou-de-jogar-mas-nao-deixou-de-ir-as-sextas-no-Abertao.jpeg","width":1600,"height":1200,"caption":"Andr\u00e9 Barbosa parou de jogar, mas n\u00e3o deixou de ir \u00e0s sextas no Abert\u00e3o - Cr\u00e9dito: Gabriely Hartmann Mallmann"},{"@type":"BreadcrumbList","@id":"https:\/\/folhapopular.info\/index.php\/2026\/03\/11\/aberto-de-verao-segue-como-rotina-de-quem-participa\/#breadcrumb","itemListElement":[{"@type":"ListItem","position":1,"name":"In\u00edcio","item":"https:\/\/folhapopular.info\/"},{"@type":"ListItem","position":2,"name":"Aberto de Ver\u00e3o segue como rotina de quem participa"}]},{"@type":"WebSite","@id":"https:\/\/folhapopular.info\/#website","url":"https:\/\/folhapopular.info\/","name":"Folha Popular","description":"Onde voc\u00ea tem vez e voz","potentialAction":[{"@type":"SearchAction","target":{"@type":"EntryPoint","urlTemplate":"https:\/\/folhapopular.info\/?s={search_term_string}"},"query-input":{"@type":"PropertyValueSpecification","valueRequired":true,"valueName":"search_term_string"}}],"inLanguage":"pt-BR"},{"@type":"Person","@id":"https:\/\/folhapopular.info\/#\/schema\/person\/e852c327371714676d02e58cf917fd9f","name":"Luis Augusto Huppes","image":{"@type":"ImageObject","inLanguage":"pt-BR","@id":"https:\/\/folhapopular.info\/wp-content\/uploads\/2026\/04\/Luis-Augusto-Huppes-1-1.webp","url":"https:\/\/folhapopular.info\/wp-content\/uploads\/2026\/04\/Luis-Augusto-Huppes-1-1.webp","contentUrl":"https:\/\/folhapopular.info\/wp-content\/uploads\/2026\/04\/Luis-Augusto-Huppes-1-1.webp","caption":"Luis Augusto Huppes"},"sameAs":["https:\/\/www.facebook.com\/luis.huppes\/","https:\/\/www.instagram.com\/luis.huppes\/","https:\/\/www.linkedin.com\/in\/luis-augusto-huppes-2554b52b7\/"],"url":"https:\/\/folhapopular.info\/index.php\/author\/luis-augusto-huppes\/"}]}},"jetpack_featured_media_url":"https:\/\/folhapopular.info\/wp-content\/uploads\/2026\/03\/Andre-Barbosa-parou-de-jogar-mas-nao-deixou-de-ir-as-sextas-no-Abertao.jpeg","jetpack_sharing_enabled":true,"amp_enabled":true,"_links":{"self":[{"href":"https:\/\/folhapopular.info\/index.php\/wp-json\/wp\/v2\/posts\/205628","targetHints":{"allow":["GET"]}}],"collection":[{"href":"https:\/\/folhapopular.info\/index.php\/wp-json\/wp\/v2\/posts"}],"about":[{"href":"https:\/\/folhapopular.info\/index.php\/wp-json\/wp\/v2\/types\/post"}],"author":[{"embeddable":true,"href":"https:\/\/folhapopular.info\/index.php\/wp-json\/wp\/v2\/users\/732"}],"replies":[{"embeddable":true,"href":"https:\/\/folhapopular.info\/index.php\/wp-json\/wp\/v2\/comments?post=205628"}],"version-history":[{"count":0,"href":"https:\/\/folhapopular.info\/index.php\/wp-json\/wp\/v2\/posts\/205628\/revisions"}],"wp:featuredmedia":[{"embeddable":true,"href":"https:\/\/folhapopular.info\/index.php\/wp-json\/wp\/v2\/media\/205629"}],"wp:attachment":[{"href":"https:\/\/folhapopular.info\/index.php\/wp-json\/wp\/v2\/media?parent=205628"}],"wp:term":[{"taxonomy":"category","embeddable":true,"href":"https:\/\/folhapopular.info\/index.php\/wp-json\/wp\/v2\/categories?post=205628"},{"taxonomy":"post_tag","embeddable":true,"href":"https:\/\/folhapopular.info\/index.php\/wp-json\/wp\/v2\/tags?post=205628"}],"curies":[{"name":"wp","href":"https:\/\/api.w.org\/{rel}","templated":true}]}}