{"id":205637,"date":"2026-03-11T08:45:19","date_gmt":"2026-03-11T11:45:19","guid":{"rendered":"https:\/\/folhapopular.info\/?p=205637"},"modified":"2026-03-11T14:36:17","modified_gmt":"2026-03-11T17:36:17","slug":"patric-fernandes-para-quem-comecou-a-jogar-em-2025-e-ja-esta-na-selecao-e-muito-especial","status":"publish","type":"post","link":"https:\/\/folhapopular.info\/index.php\/2026\/03\/11\/patric-fernandes-para-quem-comecou-a-jogar-em-2025-e-ja-esta-na-selecao-e-muito-especial\/","title":{"rendered":"Patric Fernandes: \u201cPara quem come\u00e7ou a jogar em 2025 e j\u00e1 est\u00e1 na sele\u00e7\u00e3o, \u00e9 muito especial\u201d"},"content":{"rendered":"\n<p>Mesmo sem avan\u00e7ar \u00e0s fases eliminat\u00f3rias, a participa\u00e7\u00e3o do teutoniense Patric Fernandes no Torneio de Sele\u00e7\u00f5es Estaduais de <em>Flag<\/em> <em>Football<\/em> deixou marcas importantes dentro e fora de campo. <\/p>\n\n\n\n<p>O atleta da Sele\u00e7\u00e3o Ga\u00facha \u201cPampeanos\u201d esteve em a\u00e7\u00e3o no fim de semana (7 e 8\/3) em S\u00e3o Paulo, para a disputa de um dos principais campeonatos da modalidade no pa\u00eds.<\/p>\n\n\n\n<p>O Rio Grande do Sul caiu em um dos grupos mais fortes da competi\u00e7\u00e3o. A campanha come\u00e7ou de forma positiva no s\u00e1bado pela manh\u00e3, com vit\u00f3ria sobre a sele\u00e7\u00e3o da Bahia. Na sequ\u00eancia, os ga\u00fachos enfrentaram o Rio de Janeiro e acabaram superados pela equipe, terminou na 3\u00aa coloca\u00e7\u00e3o do torneio.<\/p>\n\n\n\n<p>A rodada da tarde reservava um confronto que poderia recolocar os Pampeanos no caminho da classifica\u00e7\u00e3o. Diante de Goi\u00e1s, a equipe ga\u00facha tinha boas perspectivas de vit\u00f3ria, mas os erros durante a partida pesaram no resultado.<\/p>\n\n\n\n<p>\u201cT\u00ednhamos totais condi\u00e7\u00f5es de ganhar o jogo, mas cometemos vacilos e isso fez a diferen\u00e7a. O resultado deu uma baixada na moral do grupo\u201d, relata Patric.<\/p>\n\n\n\n<p>O \u00faltimo compromisso da fase classificat\u00f3ria seria contra S\u00e3o Paulo, confronto direto que valeria a vaga nas quartas de final. No entanto, a forte chuva que atingiu a cidade alterou o cronograma da competi\u00e7\u00e3o e o duelo foi transferido para a manh\u00e3 de domingo.<\/p>\n\n\n\n<p>Os ga\u00fachos fizeram um jogo competitivo mesmo diante da equipe anfitri\u00e3, que posteriormente conquistaria o t\u00edtulo do torneio. Apesar da atua\u00e7\u00e3o consistente, o resultado n\u00e3o foi suficiente para manter o Rio Grande do Sul na disputa.<\/p>\n\n\n\n<p>Mesmo com a elimina\u00e7\u00e3o, Patric destaca o saldo positivo da experi\u00eancia de vestir a camisa da sele\u00e7\u00e3o estadual e dividir o campo com atletas que figuram entre os principais nomes do <em>flag<\/em> <em>football<\/em> brasileiro. <\/p>\n\n\n\n<p>\u201cPude jogar contra alguns dos melhores atletas do pa\u00eds, muitos que eu acompanho e admiro dentro da modalidade. Tamb\u00e9m tive a oportunidade de conversar com eles, trocar ideias. Foi bem marcante dentro da minha trajet\u00f3ria\u201d, afirma.<\/p>\n\n\n\n<p>O atleta tamb\u00e9m ressalta o peso da r\u00e1pida ascens\u00e3o dentro do esporte. Tendo iniciado no <em>flag<\/em><em> <\/em>no ano passado, Patric j\u00e1 teve a oportunidade de defender a sele\u00e7\u00e3o estadual em uma competi\u00e7\u00e3o nacional.<\/p>\n\n\n\n<p>\u201cPara quem come\u00e7ou a jogar em 2025, no outro ano j\u00e1 estar na sele\u00e7\u00e3o e disputar um torneio nacional \u00e9 muito especial. Mas tamb\u00e9m sei que, para o atleta realmente ganhar reconhecimento, precisa conquistar t\u00edtulos. Ent\u00e3o esse segue como o grande objetivo\u201d, destaca ele.<\/p>\n\n\n\n<p>Com a participa\u00e7\u00e3o encerrada no torneio nacional, o foco agora se volta para as pr\u00f3ximas competi\u00e7\u00f5es da temporada. Entre os compromissos previstos est\u00e3o o Campeonato Ga\u00facho e o Regional Sul da modalidade, que deve ocorrer nos pr\u00f3ximos meses.<\/p>\n\n\n\n<p>\u201cClaro que a quer\u00edamos ter sa\u00eddo com um resultado melhor, mas agora \u00e9 seguir, manter a cabe\u00e7a erguida e focar no que vem pela frente\u201d, conclui o atleta.<\/p>\n","protected":false},"excerpt":{"rendered":"<p>Mesmo sem avan\u00e7ar \u00e0s fases eliminat\u00f3rias, a participa\u00e7\u00e3o do teutoniense Patric Fernandes no Torneio de Sele\u00e7\u00f5es Estaduais de Flag Football deixou marcas importantes dentro e fora de campo. O atleta da Sele\u00e7\u00e3o Ga\u00facha \u201cPampeanos\u201d esteve em a\u00e7\u00e3o no fim de semana (7 e 8\/3) em S\u00e3o Paulo, para a disputa de um dos principais campeonatos [&hellip;]<\/p>\n","protected":false},"author":732,"featured_media":205638,"comment_status":"open","ping_status":"open","sticky":false,"template":"","format":"standard","meta":{"pmpro_default_level":"","_jetpack_memberships_contains_paid_content":false,"footnotes":""},"categories":[5,18861],"tags":[20566,17486,4374,20730],"class_list":{"0":"post-205637","1":"post","2":"type-post","3":"status-publish","4":"format-standard","5":"has-post-thumbnail","7":"category-esportes","8":"category-esportes-variados","9":"tag-flag-football","10":"tag-patric-fernandes","11":"tag-selecao-gaucha","12":"tag-torneio-de-selecoes-estaduais","13":"pmpro-has-access"},"yoast_head":"<!-- This site is optimized with the Yoast SEO plugin v27.5 - https:\/\/yoast.com\/product\/yoast-seo-wordpress\/ -->\n<title>Patric Fernandes: \u201cPara quem come\u00e7ou a jogar em 2025 e j\u00e1 est\u00e1 na sele\u00e7\u00e3o, \u00e9 muito especial\u201d - Folha Popular<\/title>\n<meta name=\"description\" content=\"Morador de Teut\u00f4nia, Patric Fernandes, esteve com a sele\u00e7\u00e3o Ga\u00facha no Torneio de Sele\u00e7\u00f5es Estaduais de Flag Football.\" \/>\n<meta name=\"robots\" content=\"index, follow, max-snippet:-1, max-image-preview:large, max-video-preview:-1\" \/>\n<link rel=\"canonical\" href=\"https:\/\/folhapopular.info\/index.php\/2026\/03\/11\/patric-fernandes-para-quem-comecou-a-jogar-em-2025-e-ja-esta-na-selecao-e-muito-especial\/\" \/>\n<meta property=\"og:locale\" content=\"pt_BR\" \/>\n<meta property=\"og:type\" content=\"article\" \/>\n<meta property=\"og:title\" content=\"Patric Fernandes: \u201cPara quem come\u00e7ou a jogar em 2025 e j\u00e1 est\u00e1 na sele\u00e7\u00e3o, \u00e9 muito especial\u201d - Folha Popular\" \/>\n<meta property=\"og:description\" content=\"Morador de Teut\u00f4nia, Patric Fernandes, esteve com a sele\u00e7\u00e3o Ga\u00facha no Torneio de Sele\u00e7\u00f5es Estaduais de Flag Football.\" \/>\n<meta property=\"og:url\" content=\"https:\/\/folhapopular.info\/index.php\/2026\/03\/11\/patric-fernandes-para-quem-comecou-a-jogar-em-2025-e-ja-esta-na-selecao-e-muito-especial\/\" \/>\n<meta property=\"og:site_name\" content=\"Folha Popular\" \/>\n<meta property=\"article:author\" content=\"https:\/\/www.facebook.com\/luis.huppes\/\" \/>\n<meta property=\"article:published_time\" content=\"2026-03-11T11:45:19+00:00\" \/>\n<meta property=\"article:modified_time\" content=\"2026-03-11T17:36:17+00:00\" \/>\n<meta property=\"og:image\" content=\"http:\/\/folhapopular.info\/wp-content\/uploads\/2026\/03\/Elenco-disputou-competicao-em-Sao-Paulo.jpeg\" \/>\n\t<meta property=\"og:image:width\" content=\"1280\" \/>\n\t<meta property=\"og:image:height\" content=\"853\" \/>\n\t<meta property=\"og:image:type\" content=\"image\/jpeg\" \/>\n<meta name=\"author\" content=\"Luis Augusto Huppes\" \/>\n<meta name=\"twitter:card\" content=\"summary_large_image\" \/>\n<meta name=\"twitter:label1\" content=\"Escrito por\" \/>\n\t<meta name=\"twitter:data1\" content=\"Luis Augusto Huppes\" \/>\n\t<meta name=\"twitter:label2\" content=\"Est. tempo de leitura\" \/>\n\t<meta name=\"twitter:data2\" content=\"3 minutos\" \/>\n<script type=\"application\/ld+json\" class=\"yoast-schema-graph\">{\"@context\":\"https:\\\/\\\/schema.org\",\"@graph\":[{\"@type\":\"Article\",\"@id\":\"https:\\\/\\\/folhapopular.info\\\/index.php\\\/2026\\\/03\\\/11\\\/patric-fernandes-para-quem-comecou-a-jogar-em-2025-e-ja-esta-na-selecao-e-muito-especial\\\/#article\",\"isPartOf\":{\"@id\":\"https:\\\/\\\/folhapopular.info\\\/index.php\\\/2026\\\/03\\\/11\\\/patric-fernandes-para-quem-comecou-a-jogar-em-2025-e-ja-esta-na-selecao-e-muito-especial\\\/\"},\"author\":{\"name\":\"Luis Augusto Huppes\",\"@id\":\"https:\\\/\\\/folhapopular.info\\\/#\\\/schema\\\/person\\\/e852c327371714676d02e58cf917fd9f\"},\"headline\":\"Patric Fernandes: \u201cPara quem come\u00e7ou a jogar em 2025 e j\u00e1 est\u00e1 na sele\u00e7\u00e3o, \u00e9 muito especial\u201d\",\"datePublished\":\"2026-03-11T11:45:19+00:00\",\"dateModified\":\"2026-03-11T17:36:17+00:00\",\"mainEntityOfPage\":{\"@id\":\"https:\\\/\\\/folhapopular.info\\\/index.php\\\/2026\\\/03\\\/11\\\/patric-fernandes-para-quem-comecou-a-jogar-em-2025-e-ja-esta-na-selecao-e-muito-especial\\\/\"},\"wordCount\":532,\"commentCount\":0,\"image\":{\"@id\":\"https:\\\/\\\/folhapopular.info\\\/index.php\\\/2026\\\/03\\\/11\\\/patric-fernandes-para-quem-comecou-a-jogar-em-2025-e-ja-esta-na-selecao-e-muito-especial\\\/#primaryimage\"},\"thumbnailUrl\":\"https:\\\/\\\/folhapopular.info\\\/wp-content\\\/uploads\\\/2026\\\/03\\\/Elenco-disputou-competicao-em-Sao-Paulo.jpeg\",\"keywords\":[\"Flag Football\",\"Patric Fernandes\",\"Sele\u00e7\u00e3o Ga\u00facha\",\"Torneio de Sele\u00e7\u00f5es Estaduais\"],\"articleSection\":[\"Esportes\",\"Esportes Variados\"],\"inLanguage\":\"pt-BR\",\"potentialAction\":[{\"@type\":\"CommentAction\",\"name\":\"Comment\",\"target\":[\"https:\\\/\\\/folhapopular.info\\\/index.php\\\/2026\\\/03\\\/11\\\/patric-fernandes-para-quem-comecou-a-jogar-em-2025-e-ja-esta-na-selecao-e-muito-especial\\\/#respond\"]}]},{\"@type\":\"WebPage\",\"@id\":\"https:\\\/\\\/folhapopular.info\\\/index.php\\\/2026\\\/03\\\/11\\\/patric-fernandes-para-quem-comecou-a-jogar-em-2025-e-ja-esta-na-selecao-e-muito-especial\\\/\",\"url\":\"https:\\\/\\\/folhapopular.info\\\/index.php\\\/2026\\\/03\\\/11\\\/patric-fernandes-para-quem-comecou-a-jogar-em-2025-e-ja-esta-na-selecao-e-muito-especial\\\/\",\"name\":\"Patric Fernandes: \u201cPara quem come\u00e7ou a jogar em 2025 e j\u00e1 est\u00e1 na sele\u00e7\u00e3o, \u00e9 muito especial\u201d - Folha Popular\",\"isPartOf\":{\"@id\":\"https:\\\/\\\/folhapopular.info\\\/#website\"},\"primaryImageOfPage\":{\"@id\":\"https:\\\/\\\/folhapopular.info\\\/index.php\\\/2026\\\/03\\\/11\\\/patric-fernandes-para-quem-comecou-a-jogar-em-2025-e-ja-esta-na-selecao-e-muito-especial\\\/#primaryimage\"},\"image\":{\"@id\":\"https:\\\/\\\/folhapopular.info\\\/index.php\\\/2026\\\/03\\\/11\\\/patric-fernandes-para-quem-comecou-a-jogar-em-2025-e-ja-esta-na-selecao-e-muito-especial\\\/#primaryimage\"},\"thumbnailUrl\":\"https:\\\/\\\/folhapopular.info\\\/wp-content\\\/uploads\\\/2026\\\/03\\\/Elenco-disputou-competicao-em-Sao-Paulo.jpeg\",\"datePublished\":\"2026-03-11T11:45:19+00:00\",\"dateModified\":\"2026-03-11T17:36:17+00:00\",\"author\":{\"@id\":\"https:\\\/\\\/folhapopular.info\\\/#\\\/schema\\\/person\\\/e852c327371714676d02e58cf917fd9f\"},\"description\":\"Morador de Teut\u00f4nia, Patric Fernandes, esteve com a sele\u00e7\u00e3o Ga\u00facha no Torneio de Sele\u00e7\u00f5es Estaduais de Flag Football.\",\"breadcrumb\":{\"@id\":\"https:\\\/\\\/folhapopular.info\\\/index.php\\\/2026\\\/03\\\/11\\\/patric-fernandes-para-quem-comecou-a-jogar-em-2025-e-ja-esta-na-selecao-e-muito-especial\\\/#breadcrumb\"},\"inLanguage\":\"pt-BR\",\"potentialAction\":[{\"@type\":\"ReadAction\",\"target\":[\"https:\\\/\\\/folhapopular.info\\\/index.php\\\/2026\\\/03\\\/11\\\/patric-fernandes-para-quem-comecou-a-jogar-em-2025-e-ja-esta-na-selecao-e-muito-especial\\\/\"]}]},{\"@type\":\"ImageObject\",\"inLanguage\":\"pt-BR\",\"@id\":\"https:\\\/\\\/folhapopular.info\\\/index.php\\\/2026\\\/03\\\/11\\\/patric-fernandes-para-quem-comecou-a-jogar-em-2025-e-ja-esta-na-selecao-e-muito-especial\\\/#primaryimage\",\"url\":\"https:\\\/\\\/folhapopular.info\\\/wp-content\\\/uploads\\\/2026\\\/03\\\/Elenco-disputou-competicao-em-Sao-Paulo.jpeg\",\"contentUrl\":\"https:\\\/\\\/folhapopular.info\\\/wp-content\\\/uploads\\\/2026\\\/03\\\/Elenco-disputou-competicao-em-Sao-Paulo.jpeg\",\"width\":1280,\"height\":853,\"caption\":\"Elenco disputou competi\u00e7\u00e3o em S\u00e3o Paulo - Cr\u00e9dito: Divulga\u00e7\u00e3o\"},{\"@type\":\"BreadcrumbList\",\"@id\":\"https:\\\/\\\/folhapopular.info\\\/index.php\\\/2026\\\/03\\\/11\\\/patric-fernandes-para-quem-comecou-a-jogar-em-2025-e-ja-esta-na-selecao-e-muito-especial\\\/#breadcrumb\",\"itemListElement\":[{\"@type\":\"ListItem\",\"position\":1,\"name\":\"In\u00edcio\",\"item\":\"https:\\\/\\\/folhapopular.info\\\/\"},{\"@type\":\"ListItem\",\"position\":2,\"name\":\"Patric Fernandes: \u201cPara quem come\u00e7ou a jogar em 2025 e j\u00e1 est\u00e1 na sele\u00e7\u00e3o, \u00e9 muito especial\u201d\"}]},{\"@type\":\"WebSite\",\"@id\":\"https:\\\/\\\/folhapopular.info\\\/#website\",\"url\":\"https:\\\/\\\/folhapopular.info\\\/\",\"name\":\"Folha Popular\",\"description\":\"Onde voc\u00ea tem vez e voz\",\"potentialAction\":[{\"@type\":\"SearchAction\",\"target\":{\"@type\":\"EntryPoint\",\"urlTemplate\":\"https:\\\/\\\/folhapopular.info\\\/?s={search_term_string}\"},\"query-input\":{\"@type\":\"PropertyValueSpecification\",\"valueRequired\":true,\"valueName\":\"search_term_string\"}}],\"inLanguage\":\"pt-BR\"},{\"@type\":\"Person\",\"@id\":\"https:\\\/\\\/folhapopular.info\\\/#\\\/schema\\\/person\\\/e852c327371714676d02e58cf917fd9f\",\"name\":\"Luis Augusto Huppes\",\"image\":{\"@type\":\"ImageObject\",\"inLanguage\":\"pt-BR\",\"@id\":\"https:\\\/\\\/folhapopular.info\\\/wp-content\\\/uploads\\\/2026\\\/04\\\/Luis-Augusto-Huppes-1-1.webp\",\"url\":\"https:\\\/\\\/folhapopular.info\\\/wp-content\\\/uploads\\\/2026\\\/04\\\/Luis-Augusto-Huppes-1-1.webp\",\"contentUrl\":\"https:\\\/\\\/folhapopular.info\\\/wp-content\\\/uploads\\\/2026\\\/04\\\/Luis-Augusto-Huppes-1-1.webp\",\"caption\":\"Luis Augusto Huppes\"},\"sameAs\":[\"https:\\\/\\\/www.facebook.com\\\/luis.huppes\\\/\",\"https:\\\/\\\/www.instagram.com\\\/luis.huppes\\\/\",\"https:\\\/\\\/www.linkedin.com\\\/in\\\/luis-augusto-huppes-2554b52b7\\\/\"],\"url\":\"https:\\\/\\\/folhapopular.info\\\/index.php\\\/author\\\/luis-augusto-huppes\\\/\"}]}<\/script>\n<!-- \/ Yoast SEO plugin. -->","yoast_head_json":{"title":"Patric Fernandes: \u201cPara quem come\u00e7ou a jogar em 2025 e j\u00e1 est\u00e1 na sele\u00e7\u00e3o, \u00e9 muito especial\u201d - Folha Popular","description":"Morador de Teut\u00f4nia, Patric Fernandes, esteve com a sele\u00e7\u00e3o Ga\u00facha no Torneio de Sele\u00e7\u00f5es Estaduais de Flag Football.","robots":{"index":"index","follow":"follow","max-snippet":"max-snippet:-1","max-image-preview":"max-image-preview:large","max-video-preview":"max-video-preview:-1"},"canonical":"https:\/\/folhapopular.info\/index.php\/2026\/03\/11\/patric-fernandes-para-quem-comecou-a-jogar-em-2025-e-ja-esta-na-selecao-e-muito-especial\/","og_locale":"pt_BR","og_type":"article","og_title":"Patric Fernandes: \u201cPara quem come\u00e7ou a jogar em 2025 e j\u00e1 est\u00e1 na sele\u00e7\u00e3o, \u00e9 muito especial\u201d - Folha Popular","og_description":"Morador de Teut\u00f4nia, Patric Fernandes, esteve com a sele\u00e7\u00e3o Ga\u00facha no Torneio de Sele\u00e7\u00f5es Estaduais de Flag Football.","og_url":"https:\/\/folhapopular.info\/index.php\/2026\/03\/11\/patric-fernandes-para-quem-comecou-a-jogar-em-2025-e-ja-esta-na-selecao-e-muito-especial\/","og_site_name":"Folha Popular","article_author":"https:\/\/www.facebook.com\/luis.huppes\/","article_published_time":"2026-03-11T11:45:19+00:00","article_modified_time":"2026-03-11T17:36:17+00:00","og_image":[{"width":1280,"height":853,"url":"http:\/\/folhapopular.info\/wp-content\/uploads\/2026\/03\/Elenco-disputou-competicao-em-Sao-Paulo.jpeg","type":"image\/jpeg"}],"author":"Luis Augusto Huppes","twitter_card":"summary_large_image","twitter_misc":{"Escrito por":"Luis Augusto Huppes","Est. tempo de leitura":"3 minutos"},"schema":{"@context":"https:\/\/schema.org","@graph":[{"@type":"Article","@id":"https:\/\/folhapopular.info\/index.php\/2026\/03\/11\/patric-fernandes-para-quem-comecou-a-jogar-em-2025-e-ja-esta-na-selecao-e-muito-especial\/#article","isPartOf":{"@id":"https:\/\/folhapopular.info\/index.php\/2026\/03\/11\/patric-fernandes-para-quem-comecou-a-jogar-em-2025-e-ja-esta-na-selecao-e-muito-especial\/"},"author":{"name":"Luis Augusto Huppes","@id":"https:\/\/folhapopular.info\/#\/schema\/person\/e852c327371714676d02e58cf917fd9f"},"headline":"Patric Fernandes: \u201cPara quem come\u00e7ou a jogar em 2025 e j\u00e1 est\u00e1 na sele\u00e7\u00e3o, \u00e9 muito especial\u201d","datePublished":"2026-03-11T11:45:19+00:00","dateModified":"2026-03-11T17:36:17+00:00","mainEntityOfPage":{"@id":"https:\/\/folhapopular.info\/index.php\/2026\/03\/11\/patric-fernandes-para-quem-comecou-a-jogar-em-2025-e-ja-esta-na-selecao-e-muito-especial\/"},"wordCount":532,"commentCount":0,"image":{"@id":"https:\/\/folhapopular.info\/index.php\/2026\/03\/11\/patric-fernandes-para-quem-comecou-a-jogar-em-2025-e-ja-esta-na-selecao-e-muito-especial\/#primaryimage"},"thumbnailUrl":"https:\/\/folhapopular.info\/wp-content\/uploads\/2026\/03\/Elenco-disputou-competicao-em-Sao-Paulo.jpeg","keywords":["Flag Football","Patric Fernandes","Sele\u00e7\u00e3o Ga\u00facha","Torneio de Sele\u00e7\u00f5es Estaduais"],"articleSection":["Esportes","Esportes Variados"],"inLanguage":"pt-BR","potentialAction":[{"@type":"CommentAction","name":"Comment","target":["https:\/\/folhapopular.info\/index.php\/2026\/03\/11\/patric-fernandes-para-quem-comecou-a-jogar-em-2025-e-ja-esta-na-selecao-e-muito-especial\/#respond"]}]},{"@type":"WebPage","@id":"https:\/\/folhapopular.info\/index.php\/2026\/03\/11\/patric-fernandes-para-quem-comecou-a-jogar-em-2025-e-ja-esta-na-selecao-e-muito-especial\/","url":"https:\/\/folhapopular.info\/index.php\/2026\/03\/11\/patric-fernandes-para-quem-comecou-a-jogar-em-2025-e-ja-esta-na-selecao-e-muito-especial\/","name":"Patric Fernandes: \u201cPara quem come\u00e7ou a jogar em 2025 e j\u00e1 est\u00e1 na sele\u00e7\u00e3o, \u00e9 muito especial\u201d - Folha Popular","isPartOf":{"@id":"https:\/\/folhapopular.info\/#website"},"primaryImageOfPage":{"@id":"https:\/\/folhapopular.info\/index.php\/2026\/03\/11\/patric-fernandes-para-quem-comecou-a-jogar-em-2025-e-ja-esta-na-selecao-e-muito-especial\/#primaryimage"},"image":{"@id":"https:\/\/folhapopular.info\/index.php\/2026\/03\/11\/patric-fernandes-para-quem-comecou-a-jogar-em-2025-e-ja-esta-na-selecao-e-muito-especial\/#primaryimage"},"thumbnailUrl":"https:\/\/folhapopular.info\/wp-content\/uploads\/2026\/03\/Elenco-disputou-competicao-em-Sao-Paulo.jpeg","datePublished":"2026-03-11T11:45:19+00:00","dateModified":"2026-03-11T17:36:17+00:00","author":{"@id":"https:\/\/folhapopular.info\/#\/schema\/person\/e852c327371714676d02e58cf917fd9f"},"description":"Morador de Teut\u00f4nia, Patric Fernandes, esteve com a sele\u00e7\u00e3o Ga\u00facha no Torneio de Sele\u00e7\u00f5es Estaduais de Flag Football.","breadcrumb":{"@id":"https:\/\/folhapopular.info\/index.php\/2026\/03\/11\/patric-fernandes-para-quem-comecou-a-jogar-em-2025-e-ja-esta-na-selecao-e-muito-especial\/#breadcrumb"},"inLanguage":"pt-BR","potentialAction":[{"@type":"ReadAction","target":["https:\/\/folhapopular.info\/index.php\/2026\/03\/11\/patric-fernandes-para-quem-comecou-a-jogar-em-2025-e-ja-esta-na-selecao-e-muito-especial\/"]}]},{"@type":"ImageObject","inLanguage":"pt-BR","@id":"https:\/\/folhapopular.info\/index.php\/2026\/03\/11\/patric-fernandes-para-quem-comecou-a-jogar-em-2025-e-ja-esta-na-selecao-e-muito-especial\/#primaryimage","url":"https:\/\/folhapopular.info\/wp-content\/uploads\/2026\/03\/Elenco-disputou-competicao-em-Sao-Paulo.jpeg","contentUrl":"https:\/\/folhapopular.info\/wp-content\/uploads\/2026\/03\/Elenco-disputou-competicao-em-Sao-Paulo.jpeg","width":1280,"height":853,"caption":"Elenco disputou competi\u00e7\u00e3o em S\u00e3o Paulo - Cr\u00e9dito: Divulga\u00e7\u00e3o"},{"@type":"BreadcrumbList","@id":"https:\/\/folhapopular.info\/index.php\/2026\/03\/11\/patric-fernandes-para-quem-comecou-a-jogar-em-2025-e-ja-esta-na-selecao-e-muito-especial\/#breadcrumb","itemListElement":[{"@type":"ListItem","position":1,"name":"In\u00edcio","item":"https:\/\/folhapopular.info\/"},{"@type":"ListItem","position":2,"name":"Patric Fernandes: \u201cPara quem come\u00e7ou a jogar em 2025 e j\u00e1 est\u00e1 na sele\u00e7\u00e3o, \u00e9 muito especial\u201d"}]},{"@type":"WebSite","@id":"https:\/\/folhapopular.info\/#website","url":"https:\/\/folhapopular.info\/","name":"Folha Popular","description":"Onde voc\u00ea tem vez e voz","potentialAction":[{"@type":"SearchAction","target":{"@type":"EntryPoint","urlTemplate":"https:\/\/folhapopular.info\/?s={search_term_string}"},"query-input":{"@type":"PropertyValueSpecification","valueRequired":true,"valueName":"search_term_string"}}],"inLanguage":"pt-BR"},{"@type":"Person","@id":"https:\/\/folhapopular.info\/#\/schema\/person\/e852c327371714676d02e58cf917fd9f","name":"Luis Augusto Huppes","image":{"@type":"ImageObject","inLanguage":"pt-BR","@id":"https:\/\/folhapopular.info\/wp-content\/uploads\/2026\/04\/Luis-Augusto-Huppes-1-1.webp","url":"https:\/\/folhapopular.info\/wp-content\/uploads\/2026\/04\/Luis-Augusto-Huppes-1-1.webp","contentUrl":"https:\/\/folhapopular.info\/wp-content\/uploads\/2026\/04\/Luis-Augusto-Huppes-1-1.webp","caption":"Luis Augusto Huppes"},"sameAs":["https:\/\/www.facebook.com\/luis.huppes\/","https:\/\/www.instagram.com\/luis.huppes\/","https:\/\/www.linkedin.com\/in\/luis-augusto-huppes-2554b52b7\/"],"url":"https:\/\/folhapopular.info\/index.php\/author\/luis-augusto-huppes\/"}]}},"jetpack_featured_media_url":"https:\/\/folhapopular.info\/wp-content\/uploads\/2026\/03\/Elenco-disputou-competicao-em-Sao-Paulo.jpeg","jetpack_sharing_enabled":true,"amp_enabled":true,"_links":{"self":[{"href":"https:\/\/folhapopular.info\/index.php\/wp-json\/wp\/v2\/posts\/205637","targetHints":{"allow":["GET"]}}],"collection":[{"href":"https:\/\/folhapopular.info\/index.php\/wp-json\/wp\/v2\/posts"}],"about":[{"href":"https:\/\/folhapopular.info\/index.php\/wp-json\/wp\/v2\/types\/post"}],"author":[{"embeddable":true,"href":"https:\/\/folhapopular.info\/index.php\/wp-json\/wp\/v2\/users\/732"}],"replies":[{"embeddable":true,"href":"https:\/\/folhapopular.info\/index.php\/wp-json\/wp\/v2\/comments?post=205637"}],"version-history":[{"count":0,"href":"https:\/\/folhapopular.info\/index.php\/wp-json\/wp\/v2\/posts\/205637\/revisions"}],"wp:featuredmedia":[{"embeddable":true,"href":"https:\/\/folhapopular.info\/index.php\/wp-json\/wp\/v2\/media\/205638"}],"wp:attachment":[{"href":"https:\/\/folhapopular.info\/index.php\/wp-json\/wp\/v2\/media?parent=205637"}],"wp:term":[{"taxonomy":"category","embeddable":true,"href":"https:\/\/folhapopular.info\/index.php\/wp-json\/wp\/v2\/categories?post=205637"},{"taxonomy":"post_tag","embeddable":true,"href":"https:\/\/folhapopular.info\/index.php\/wp-json\/wp\/v2\/tags?post=205637"}],"curies":[{"name":"wp","href":"https:\/\/api.w.org\/{rel}","templated":true}]}}