{"id":205640,"date":"2026-03-11T08:49:34","date_gmt":"2026-03-11T11:49:34","guid":{"rendered":"https:\/\/folhapopular.info\/?p=205640"},"modified":"2026-03-11T14:34:50","modified_gmt":"2026-03-11T17:34:50","slug":"atletas-do-ct-mao-de-pedra-conquistam-medalhas-em-etapa-do-circuito-estadual-de-jiu-jitsu","status":"publish","type":"post","link":"https:\/\/folhapopular.info\/index.php\/2026\/03\/11\/atletas-do-ct-mao-de-pedra-conquistam-medalhas-em-etapa-do-circuito-estadual-de-jiu-jitsu\/","title":{"rendered":"Atletas do CT M\u00e3o de Pedra conquistam medalhas em etapa do Circuito Estadual de Jiu-Jitsu"},"content":{"rendered":"\n<p>A equipe do Centro de Treinamentos (CT)M\u00e3o de Pedra, de Teut\u00f4nia, teve participa\u00e7\u00e3o de destaque na Copa Ga\u00facha do Circuito Estadual de <em>Jiu-Jitsu.<\/em> <\/p>\n\n\n\n<p>Realizada no domingo (8\/3), a competi\u00e7\u00e3o foi organizada pela Federa\u00e7\u00e3o <em>Jiu-Jitsu<\/em>RS (FJJRS). Com sete atletas inscritos, o grupo voltou para casa com sete medalhas e presen\u00e7a no p\u00f3dio em todas as participa\u00e7\u00f5es.<\/p>\n\n\n\n<p>O evento teve disputas nas modalidades com ou sem <em>kimono<\/em>, o chamado <em>nogi,<\/em> e reuniu atletas de diferentes categorias, entre elas Feminino Juvenil, Masculino Juvenil e Masculino Adulto. Os representantes teutonienses conseguiram bons resultados, mesmo diante de advers\u00e1rios de v\u00e1rias regi\u00f5es do estado.<\/p>\n\n\n\n<p>Entre os destaques, Luiz Campos Filho conquistou dois p\u00f3dios, com 1\u00ba e 3\u00ba lugar em categorias diferentes (Adulto de <em>Kimono<\/em> e <em>Nogi<\/em>). Vin\u00edcius Rieger de Morais tamb\u00e9m competiu em duas divis\u00f5es e terminou com ouro e prata &#8211; Adulto <em>Nogi<\/em> por peso e absoluto. J\u00e1 Christopher Odill garantiu o lugar mais alto do p\u00f3dio da Juvenil <em>Nogi<\/em>.<\/p>\n\n\n\n<p>Adriano Leppa conquistou a medalha de prata na Adulto de <em>Kimono<\/em>, al\u00e9m de Nat\u00e1lia Gon\u00e7alves Umpierre, Pedro Gabriel Petry e Enzo Goulart Schr\u00f6er, que completaram a participa\u00e7\u00e3o com medalhas de bronze na categoria Juvenil de <em>Kimono<\/em>.<\/p>\n\n\n\n<p>Professor do CT M\u00e3o de Pedra e respons\u00e1vel pela delega\u00e7\u00e3o em Porto Alegre, Diego da Silva destaca o desempenho da equipe e a evolu\u00e7\u00e3o dos atletas dentro do projeto. <\/p>\n\n\n\n<p>\u201cPara o CT, ver os alunos com bom desempenho nas competi\u00e7\u00f5es \u00e9 gratificante. Tivemos sete atletas e todos alcan\u00e7aram o p\u00f3dio, o que mostra que fazemos um trabalho com excel\u00eancia\u201d, afirma.<\/p>\n\n\n\n<p>Segundo ele, os resultados refletem n\u00e3o apenas o treinamento voltado ao rendimento esportivo, mas tamb\u00e9m, o desenvolvimento pessoal dos praticantes. <\/p>\n\n\n\n<p>\u201cO <em>Jiu-Jitsu<\/em> oferece diferentes caminhos para quem pratica. Alguns buscam a competi\u00e7\u00e3o, outros v\u00eam para aliviar o estresse do dia a dia ou evoluir fisicamente. Cada um tem a sua busca, mas todos seguem no mesmo caminho dentro da arte\u201d, ressalta Silva.<\/p>\n","protected":false},"excerpt":{"rendered":"<p>A equipe do Centro de Treinamentos (CT)M\u00e3o de Pedra, de Teut\u00f4nia, teve participa\u00e7\u00e3o de destaque na Copa Ga\u00facha do Circuito Estadual de Jiu-Jitsu. Realizada no domingo (8\/3), a competi\u00e7\u00e3o foi organizada pela Federa\u00e7\u00e3o Jiu-JitsuRS (FJJRS). Com sete atletas inscritos, o grupo voltou para casa com sete medalhas e presen\u00e7a no p\u00f3dio em todas as participa\u00e7\u00f5es. [&hellip;]<\/p>\n","protected":false},"author":732,"featured_media":205641,"comment_status":"open","ping_status":"open","sticky":false,"template":"","format":"standard","meta":{"pmpro_default_level":"","_jetpack_memberships_contains_paid_content":false,"footnotes":""},"categories":[18195,5],"tags":[9681,3207,831,26],"class_list":{"0":"post-205640","1":"post","2":"type-post","3":"status-publish","4":"format-standard","5":"has-post-thumbnail","7":"category-artes-marciais","8":"category-esportes","9":"tag-artes-marciais","10":"tag-ct-mao-de-pedra","11":"tag-jiu-jitsu","12":"tag-teutonia","13":"pmpro-has-access"},"yoast_head":"<!-- This site is optimized with the Yoast SEO plugin v27.4 - https:\/\/yoast.com\/product\/yoast-seo-wordpress\/ -->\n<title>Atletas do CT M\u00e3o de Pedra conquistam medalhas em etapa do Circuito Estadual de Jiu-Jitsu - Folha Popular<\/title>\n<meta name=\"description\" content=\"Alunos do CT M\u00e3o de Pedra venceram todas as lutas que disputaram na etapa do Circuito Estadual de Jiu-Jitsu, em Porto Alegre.\" \/>\n<meta name=\"robots\" content=\"index, follow, max-snippet:-1, max-image-preview:large, max-video-preview:-1\" \/>\n<link rel=\"canonical\" href=\"https:\/\/folhapopular.info\/index.php\/2026\/03\/11\/atletas-do-ct-mao-de-pedra-conquistam-medalhas-em-etapa-do-circuito-estadual-de-jiu-jitsu\/\" \/>\n<meta property=\"og:locale\" content=\"pt_BR\" \/>\n<meta property=\"og:type\" content=\"article\" \/>\n<meta property=\"og:title\" content=\"Atletas do CT M\u00e3o de Pedra conquistam medalhas em etapa do Circuito Estadual de Jiu-Jitsu - Folha Popular\" \/>\n<meta property=\"og:description\" content=\"Alunos do CT M\u00e3o de Pedra venceram todas as lutas que disputaram na etapa do Circuito Estadual de Jiu-Jitsu, em Porto Alegre.\" \/>\n<meta property=\"og:url\" content=\"https:\/\/folhapopular.info\/index.php\/2026\/03\/11\/atletas-do-ct-mao-de-pedra-conquistam-medalhas-em-etapa-do-circuito-estadual-de-jiu-jitsu\/\" \/>\n<meta property=\"og:site_name\" content=\"Folha Popular\" \/>\n<meta property=\"article:author\" content=\"https:\/\/www.facebook.com\/luis.huppes\/\" \/>\n<meta property=\"article:published_time\" content=\"2026-03-11T11:49:34+00:00\" \/>\n<meta property=\"article:modified_time\" content=\"2026-03-11T17:34:50+00:00\" \/>\n<meta property=\"og:image\" content=\"http:\/\/folhapopular.info\/wp-content\/uploads\/2026\/03\/Natalia-Umpierre-d-foi-uma-das-medalhistas_CT-Mao-de-Pedra_DIV.jpeg\" \/>\n\t<meta property=\"og:image:width\" content=\"1600\" \/>\n\t<meta property=\"og:image:height\" content=\"721\" \/>\n\t<meta property=\"og:image:type\" content=\"image\/jpeg\" \/>\n<meta name=\"author\" content=\"Luis Augusto Huppes\" \/>\n<meta name=\"twitter:card\" content=\"summary_large_image\" \/>\n<meta name=\"twitter:label1\" content=\"Escrito por\" \/>\n\t<meta name=\"twitter:data1\" content=\"Luis Augusto Huppes\" \/>\n\t<meta name=\"twitter:label2\" content=\"Est. tempo de leitura\" \/>\n\t<meta name=\"twitter:data2\" content=\"2 minutos\" \/>\n<script type=\"application\/ld+json\" class=\"yoast-schema-graph\">{\"@context\":\"https:\\\/\\\/schema.org\",\"@graph\":[{\"@type\":\"Article\",\"@id\":\"https:\\\/\\\/folhapopular.info\\\/index.php\\\/2026\\\/03\\\/11\\\/atletas-do-ct-mao-de-pedra-conquistam-medalhas-em-etapa-do-circuito-estadual-de-jiu-jitsu\\\/#article\",\"isPartOf\":{\"@id\":\"https:\\\/\\\/folhapopular.info\\\/index.php\\\/2026\\\/03\\\/11\\\/atletas-do-ct-mao-de-pedra-conquistam-medalhas-em-etapa-do-circuito-estadual-de-jiu-jitsu\\\/\"},\"author\":{\"name\":\"Luis Augusto Huppes\",\"@id\":\"https:\\\/\\\/folhapopular.info\\\/#\\\/schema\\\/person\\\/e852c327371714676d02e58cf917fd9f\"},\"headline\":\"Atletas do CT M\u00e3o de Pedra conquistam medalhas em etapa do Circuito Estadual de Jiu-Jitsu\",\"datePublished\":\"2026-03-11T11:49:34+00:00\",\"dateModified\":\"2026-03-11T17:34:50+00:00\",\"mainEntityOfPage\":{\"@id\":\"https:\\\/\\\/folhapopular.info\\\/index.php\\\/2026\\\/03\\\/11\\\/atletas-do-ct-mao-de-pedra-conquistam-medalhas-em-etapa-do-circuito-estadual-de-jiu-jitsu\\\/\"},\"wordCount\":360,\"commentCount\":0,\"image\":{\"@id\":\"https:\\\/\\\/folhapopular.info\\\/index.php\\\/2026\\\/03\\\/11\\\/atletas-do-ct-mao-de-pedra-conquistam-medalhas-em-etapa-do-circuito-estadual-de-jiu-jitsu\\\/#primaryimage\"},\"thumbnailUrl\":\"https:\\\/\\\/folhapopular.info\\\/wp-content\\\/uploads\\\/2026\\\/03\\\/Natalia-Umpierre-d-foi-uma-das-medalhistas_CT-Mao-de-Pedra_DIV.jpeg\",\"keywords\":[\"Artes Marciais\",\"CT M\u00e3o de Pedra\",\"jiu-jitsu\",\"Teut\u00f4nia\"],\"articleSection\":[\"Artes Marciais\",\"Esportes\"],\"inLanguage\":\"pt-BR\",\"potentialAction\":[{\"@type\":\"CommentAction\",\"name\":\"Comment\",\"target\":[\"https:\\\/\\\/folhapopular.info\\\/index.php\\\/2026\\\/03\\\/11\\\/atletas-do-ct-mao-de-pedra-conquistam-medalhas-em-etapa-do-circuito-estadual-de-jiu-jitsu\\\/#respond\"]}]},{\"@type\":\"WebPage\",\"@id\":\"https:\\\/\\\/folhapopular.info\\\/index.php\\\/2026\\\/03\\\/11\\\/atletas-do-ct-mao-de-pedra-conquistam-medalhas-em-etapa-do-circuito-estadual-de-jiu-jitsu\\\/\",\"url\":\"https:\\\/\\\/folhapopular.info\\\/index.php\\\/2026\\\/03\\\/11\\\/atletas-do-ct-mao-de-pedra-conquistam-medalhas-em-etapa-do-circuito-estadual-de-jiu-jitsu\\\/\",\"name\":\"Atletas do CT M\u00e3o de Pedra conquistam medalhas em etapa do Circuito Estadual de Jiu-Jitsu - Folha Popular\",\"isPartOf\":{\"@id\":\"https:\\\/\\\/folhapopular.info\\\/#website\"},\"primaryImageOfPage\":{\"@id\":\"https:\\\/\\\/folhapopular.info\\\/index.php\\\/2026\\\/03\\\/11\\\/atletas-do-ct-mao-de-pedra-conquistam-medalhas-em-etapa-do-circuito-estadual-de-jiu-jitsu\\\/#primaryimage\"},\"image\":{\"@id\":\"https:\\\/\\\/folhapopular.info\\\/index.php\\\/2026\\\/03\\\/11\\\/atletas-do-ct-mao-de-pedra-conquistam-medalhas-em-etapa-do-circuito-estadual-de-jiu-jitsu\\\/#primaryimage\"},\"thumbnailUrl\":\"https:\\\/\\\/folhapopular.info\\\/wp-content\\\/uploads\\\/2026\\\/03\\\/Natalia-Umpierre-d-foi-uma-das-medalhistas_CT-Mao-de-Pedra_DIV.jpeg\",\"datePublished\":\"2026-03-11T11:49:34+00:00\",\"dateModified\":\"2026-03-11T17:34:50+00:00\",\"author\":{\"@id\":\"https:\\\/\\\/folhapopular.info\\\/#\\\/schema\\\/person\\\/e852c327371714676d02e58cf917fd9f\"},\"description\":\"Alunos do CT M\u00e3o de Pedra venceram todas as lutas que disputaram na etapa do Circuito Estadual de Jiu-Jitsu, em Porto Alegre.\",\"breadcrumb\":{\"@id\":\"https:\\\/\\\/folhapopular.info\\\/index.php\\\/2026\\\/03\\\/11\\\/atletas-do-ct-mao-de-pedra-conquistam-medalhas-em-etapa-do-circuito-estadual-de-jiu-jitsu\\\/#breadcrumb\"},\"inLanguage\":\"pt-BR\",\"potentialAction\":[{\"@type\":\"ReadAction\",\"target\":[\"https:\\\/\\\/folhapopular.info\\\/index.php\\\/2026\\\/03\\\/11\\\/atletas-do-ct-mao-de-pedra-conquistam-medalhas-em-etapa-do-circuito-estadual-de-jiu-jitsu\\\/\"]}]},{\"@type\":\"ImageObject\",\"inLanguage\":\"pt-BR\",\"@id\":\"https:\\\/\\\/folhapopular.info\\\/index.php\\\/2026\\\/03\\\/11\\\/atletas-do-ct-mao-de-pedra-conquistam-medalhas-em-etapa-do-circuito-estadual-de-jiu-jitsu\\\/#primaryimage\",\"url\":\"https:\\\/\\\/folhapopular.info\\\/wp-content\\\/uploads\\\/2026\\\/03\\\/Natalia-Umpierre-d-foi-uma-das-medalhistas_CT-Mao-de-Pedra_DIV.jpeg\",\"contentUrl\":\"https:\\\/\\\/folhapopular.info\\\/wp-content\\\/uploads\\\/2026\\\/03\\\/Natalia-Umpierre-d-foi-uma-das-medalhistas_CT-Mao-de-Pedra_DIV.jpeg\",\"width\":1600,\"height\":721,\"caption\":\"Nat\u00e1lia Umpierre (d) foi uma das medalhistas_CT M\u00e3o de Pedra - Cr\u00e9dito: Divulga\u00e7\u00e3o\"},{\"@type\":\"BreadcrumbList\",\"@id\":\"https:\\\/\\\/folhapopular.info\\\/index.php\\\/2026\\\/03\\\/11\\\/atletas-do-ct-mao-de-pedra-conquistam-medalhas-em-etapa-do-circuito-estadual-de-jiu-jitsu\\\/#breadcrumb\",\"itemListElement\":[{\"@type\":\"ListItem\",\"position\":1,\"name\":\"In\u00edcio\",\"item\":\"https:\\\/\\\/folhapopular.info\\\/\"},{\"@type\":\"ListItem\",\"position\":2,\"name\":\"Atletas do CT M\u00e3o de Pedra conquistam medalhas em etapa do Circuito Estadual de Jiu-Jitsu\"}]},{\"@type\":\"WebSite\",\"@id\":\"https:\\\/\\\/folhapopular.info\\\/#website\",\"url\":\"https:\\\/\\\/folhapopular.info\\\/\",\"name\":\"Folha Popular\",\"description\":\"Onde voc\u00ea tem vez e voz\",\"potentialAction\":[{\"@type\":\"SearchAction\",\"target\":{\"@type\":\"EntryPoint\",\"urlTemplate\":\"https:\\\/\\\/folhapopular.info\\\/?s={search_term_string}\"},\"query-input\":{\"@type\":\"PropertyValueSpecification\",\"valueRequired\":true,\"valueName\":\"search_term_string\"}}],\"inLanguage\":\"pt-BR\"},{\"@type\":\"Person\",\"@id\":\"https:\\\/\\\/folhapopular.info\\\/#\\\/schema\\\/person\\\/e852c327371714676d02e58cf917fd9f\",\"name\":\"Luis Augusto Huppes\",\"image\":{\"@type\":\"ImageObject\",\"inLanguage\":\"pt-BR\",\"@id\":\"https:\\\/\\\/folhapopular.info\\\/wp-content\\\/uploads\\\/2026\\\/04\\\/Luis-Augusto-Huppes-1-1.webp\",\"url\":\"https:\\\/\\\/folhapopular.info\\\/wp-content\\\/uploads\\\/2026\\\/04\\\/Luis-Augusto-Huppes-1-1.webp\",\"contentUrl\":\"https:\\\/\\\/folhapopular.info\\\/wp-content\\\/uploads\\\/2026\\\/04\\\/Luis-Augusto-Huppes-1-1.webp\",\"caption\":\"Luis Augusto Huppes\"},\"sameAs\":[\"https:\\\/\\\/www.facebook.com\\\/luis.huppes\\\/\",\"https:\\\/\\\/www.instagram.com\\\/luis.huppes\\\/\",\"https:\\\/\\\/www.linkedin.com\\\/in\\\/luis-augusto-huppes-2554b52b7\\\/\"],\"url\":\"https:\\\/\\\/folhapopular.info\\\/index.php\\\/author\\\/luis-augusto-huppes\\\/\"}]}<\/script>\n<!-- \/ Yoast SEO plugin. -->","yoast_head_json":{"title":"Atletas do CT M\u00e3o de Pedra conquistam medalhas em etapa do Circuito Estadual de Jiu-Jitsu - Folha Popular","description":"Alunos do CT M\u00e3o de Pedra venceram todas as lutas que disputaram na etapa do Circuito Estadual de Jiu-Jitsu, em Porto Alegre.","robots":{"index":"index","follow":"follow","max-snippet":"max-snippet:-1","max-image-preview":"max-image-preview:large","max-video-preview":"max-video-preview:-1"},"canonical":"https:\/\/folhapopular.info\/index.php\/2026\/03\/11\/atletas-do-ct-mao-de-pedra-conquistam-medalhas-em-etapa-do-circuito-estadual-de-jiu-jitsu\/","og_locale":"pt_BR","og_type":"article","og_title":"Atletas do CT M\u00e3o de Pedra conquistam medalhas em etapa do Circuito Estadual de Jiu-Jitsu - Folha Popular","og_description":"Alunos do CT M\u00e3o de Pedra venceram todas as lutas que disputaram na etapa do Circuito Estadual de Jiu-Jitsu, em Porto Alegre.","og_url":"https:\/\/folhapopular.info\/index.php\/2026\/03\/11\/atletas-do-ct-mao-de-pedra-conquistam-medalhas-em-etapa-do-circuito-estadual-de-jiu-jitsu\/","og_site_name":"Folha Popular","article_author":"https:\/\/www.facebook.com\/luis.huppes\/","article_published_time":"2026-03-11T11:49:34+00:00","article_modified_time":"2026-03-11T17:34:50+00:00","og_image":[{"width":1600,"height":721,"url":"http:\/\/folhapopular.info\/wp-content\/uploads\/2026\/03\/Natalia-Umpierre-d-foi-uma-das-medalhistas_CT-Mao-de-Pedra_DIV.jpeg","type":"image\/jpeg"}],"author":"Luis Augusto Huppes","twitter_card":"summary_large_image","twitter_misc":{"Escrito por":"Luis Augusto Huppes","Est. tempo de leitura":"2 minutos"},"schema":{"@context":"https:\/\/schema.org","@graph":[{"@type":"Article","@id":"https:\/\/folhapopular.info\/index.php\/2026\/03\/11\/atletas-do-ct-mao-de-pedra-conquistam-medalhas-em-etapa-do-circuito-estadual-de-jiu-jitsu\/#article","isPartOf":{"@id":"https:\/\/folhapopular.info\/index.php\/2026\/03\/11\/atletas-do-ct-mao-de-pedra-conquistam-medalhas-em-etapa-do-circuito-estadual-de-jiu-jitsu\/"},"author":{"name":"Luis Augusto Huppes","@id":"https:\/\/folhapopular.info\/#\/schema\/person\/e852c327371714676d02e58cf917fd9f"},"headline":"Atletas do CT M\u00e3o de Pedra conquistam medalhas em etapa do Circuito Estadual de Jiu-Jitsu","datePublished":"2026-03-11T11:49:34+00:00","dateModified":"2026-03-11T17:34:50+00:00","mainEntityOfPage":{"@id":"https:\/\/folhapopular.info\/index.php\/2026\/03\/11\/atletas-do-ct-mao-de-pedra-conquistam-medalhas-em-etapa-do-circuito-estadual-de-jiu-jitsu\/"},"wordCount":360,"commentCount":0,"image":{"@id":"https:\/\/folhapopular.info\/index.php\/2026\/03\/11\/atletas-do-ct-mao-de-pedra-conquistam-medalhas-em-etapa-do-circuito-estadual-de-jiu-jitsu\/#primaryimage"},"thumbnailUrl":"https:\/\/folhapopular.info\/wp-content\/uploads\/2026\/03\/Natalia-Umpierre-d-foi-uma-das-medalhistas_CT-Mao-de-Pedra_DIV.jpeg","keywords":["Artes Marciais","CT M\u00e3o de Pedra","jiu-jitsu","Teut\u00f4nia"],"articleSection":["Artes Marciais","Esportes"],"inLanguage":"pt-BR","potentialAction":[{"@type":"CommentAction","name":"Comment","target":["https:\/\/folhapopular.info\/index.php\/2026\/03\/11\/atletas-do-ct-mao-de-pedra-conquistam-medalhas-em-etapa-do-circuito-estadual-de-jiu-jitsu\/#respond"]}]},{"@type":"WebPage","@id":"https:\/\/folhapopular.info\/index.php\/2026\/03\/11\/atletas-do-ct-mao-de-pedra-conquistam-medalhas-em-etapa-do-circuito-estadual-de-jiu-jitsu\/","url":"https:\/\/folhapopular.info\/index.php\/2026\/03\/11\/atletas-do-ct-mao-de-pedra-conquistam-medalhas-em-etapa-do-circuito-estadual-de-jiu-jitsu\/","name":"Atletas do CT M\u00e3o de Pedra conquistam medalhas em etapa do Circuito Estadual de Jiu-Jitsu - Folha Popular","isPartOf":{"@id":"https:\/\/folhapopular.info\/#website"},"primaryImageOfPage":{"@id":"https:\/\/folhapopular.info\/index.php\/2026\/03\/11\/atletas-do-ct-mao-de-pedra-conquistam-medalhas-em-etapa-do-circuito-estadual-de-jiu-jitsu\/#primaryimage"},"image":{"@id":"https:\/\/folhapopular.info\/index.php\/2026\/03\/11\/atletas-do-ct-mao-de-pedra-conquistam-medalhas-em-etapa-do-circuito-estadual-de-jiu-jitsu\/#primaryimage"},"thumbnailUrl":"https:\/\/folhapopular.info\/wp-content\/uploads\/2026\/03\/Natalia-Umpierre-d-foi-uma-das-medalhistas_CT-Mao-de-Pedra_DIV.jpeg","datePublished":"2026-03-11T11:49:34+00:00","dateModified":"2026-03-11T17:34:50+00:00","author":{"@id":"https:\/\/folhapopular.info\/#\/schema\/person\/e852c327371714676d02e58cf917fd9f"},"description":"Alunos do CT M\u00e3o de Pedra venceram todas as lutas que disputaram na etapa do Circuito Estadual de Jiu-Jitsu, em Porto Alegre.","breadcrumb":{"@id":"https:\/\/folhapopular.info\/index.php\/2026\/03\/11\/atletas-do-ct-mao-de-pedra-conquistam-medalhas-em-etapa-do-circuito-estadual-de-jiu-jitsu\/#breadcrumb"},"inLanguage":"pt-BR","potentialAction":[{"@type":"ReadAction","target":["https:\/\/folhapopular.info\/index.php\/2026\/03\/11\/atletas-do-ct-mao-de-pedra-conquistam-medalhas-em-etapa-do-circuito-estadual-de-jiu-jitsu\/"]}]},{"@type":"ImageObject","inLanguage":"pt-BR","@id":"https:\/\/folhapopular.info\/index.php\/2026\/03\/11\/atletas-do-ct-mao-de-pedra-conquistam-medalhas-em-etapa-do-circuito-estadual-de-jiu-jitsu\/#primaryimage","url":"https:\/\/folhapopular.info\/wp-content\/uploads\/2026\/03\/Natalia-Umpierre-d-foi-uma-das-medalhistas_CT-Mao-de-Pedra_DIV.jpeg","contentUrl":"https:\/\/folhapopular.info\/wp-content\/uploads\/2026\/03\/Natalia-Umpierre-d-foi-uma-das-medalhistas_CT-Mao-de-Pedra_DIV.jpeg","width":1600,"height":721,"caption":"Nat\u00e1lia Umpierre (d) foi uma das medalhistas_CT M\u00e3o de Pedra - Cr\u00e9dito: Divulga\u00e7\u00e3o"},{"@type":"BreadcrumbList","@id":"https:\/\/folhapopular.info\/index.php\/2026\/03\/11\/atletas-do-ct-mao-de-pedra-conquistam-medalhas-em-etapa-do-circuito-estadual-de-jiu-jitsu\/#breadcrumb","itemListElement":[{"@type":"ListItem","position":1,"name":"In\u00edcio","item":"https:\/\/folhapopular.info\/"},{"@type":"ListItem","position":2,"name":"Atletas do CT M\u00e3o de Pedra conquistam medalhas em etapa do Circuito Estadual de Jiu-Jitsu"}]},{"@type":"WebSite","@id":"https:\/\/folhapopular.info\/#website","url":"https:\/\/folhapopular.info\/","name":"Folha Popular","description":"Onde voc\u00ea tem vez e voz","potentialAction":[{"@type":"SearchAction","target":{"@type":"EntryPoint","urlTemplate":"https:\/\/folhapopular.info\/?s={search_term_string}"},"query-input":{"@type":"PropertyValueSpecification","valueRequired":true,"valueName":"search_term_string"}}],"inLanguage":"pt-BR"},{"@type":"Person","@id":"https:\/\/folhapopular.info\/#\/schema\/person\/e852c327371714676d02e58cf917fd9f","name":"Luis Augusto Huppes","image":{"@type":"ImageObject","inLanguage":"pt-BR","@id":"https:\/\/folhapopular.info\/wp-content\/uploads\/2026\/04\/Luis-Augusto-Huppes-1-1.webp","url":"https:\/\/folhapopular.info\/wp-content\/uploads\/2026\/04\/Luis-Augusto-Huppes-1-1.webp","contentUrl":"https:\/\/folhapopular.info\/wp-content\/uploads\/2026\/04\/Luis-Augusto-Huppes-1-1.webp","caption":"Luis Augusto Huppes"},"sameAs":["https:\/\/www.facebook.com\/luis.huppes\/","https:\/\/www.instagram.com\/luis.huppes\/","https:\/\/www.linkedin.com\/in\/luis-augusto-huppes-2554b52b7\/"],"url":"https:\/\/folhapopular.info\/index.php\/author\/luis-augusto-huppes\/"}]}},"jetpack_featured_media_url":"https:\/\/folhapopular.info\/wp-content\/uploads\/2026\/03\/Natalia-Umpierre-d-foi-uma-das-medalhistas_CT-Mao-de-Pedra_DIV.jpeg","jetpack_sharing_enabled":true,"amp_enabled":true,"_links":{"self":[{"href":"https:\/\/folhapopular.info\/index.php\/wp-json\/wp\/v2\/posts\/205640","targetHints":{"allow":["GET"]}}],"collection":[{"href":"https:\/\/folhapopular.info\/index.php\/wp-json\/wp\/v2\/posts"}],"about":[{"href":"https:\/\/folhapopular.info\/index.php\/wp-json\/wp\/v2\/types\/post"}],"author":[{"embeddable":true,"href":"https:\/\/folhapopular.info\/index.php\/wp-json\/wp\/v2\/users\/732"}],"replies":[{"embeddable":true,"href":"https:\/\/folhapopular.info\/index.php\/wp-json\/wp\/v2\/comments?post=205640"}],"version-history":[{"count":0,"href":"https:\/\/folhapopular.info\/index.php\/wp-json\/wp\/v2\/posts\/205640\/revisions"}],"wp:featuredmedia":[{"embeddable":true,"href":"https:\/\/folhapopular.info\/index.php\/wp-json\/wp\/v2\/media\/205641"}],"wp:attachment":[{"href":"https:\/\/folhapopular.info\/index.php\/wp-json\/wp\/v2\/media?parent=205640"}],"wp:term":[{"taxonomy":"category","embeddable":true,"href":"https:\/\/folhapopular.info\/index.php\/wp-json\/wp\/v2\/categories?post=205640"},{"taxonomy":"post_tag","embeddable":true,"href":"https:\/\/folhapopular.info\/index.php\/wp-json\/wp\/v2\/tags?post=205640"}],"curies":[{"name":"wp","href":"https:\/\/api.w.org\/{rel}","templated":true}]}}