{"id":205646,"date":"2026-03-11T16:00:00","date_gmt":"2026-03-11T19:00:00","guid":{"rendered":"https:\/\/folhapopular.info\/?p=205646"},"modified":"2026-03-11T11:03:54","modified_gmt":"2026-03-11T14:03:54","slug":"em-1-mes-apenas-3-do-publico-alvo-foi-vacinado-em-teutonia","status":"publish","type":"post","link":"https:\/\/folhapopular.info\/index.php\/2026\/03\/11\/em-1-mes-apenas-3-do-publico-alvo-foi-vacinado-em-teutonia\/","title":{"rendered":"Em 1 m\u00eas, apenas 3% do p\u00fablico-alvo foi vacinado em Teut\u00f4nia"},"content":{"rendered":"\n<p>O munic\u00edpio de Teut\u00f4nia iniciou a vacina\u00e7\u00e3o contra a dengue em 18 de fevereiro. A vacina Qdenga \u00e9 destinada a crian\u00e7as e adolescentes de 10 a 14 anos e protege contra todos os sorotipos do v\u00edrus. O esquema vacinal \u00e9 composto por duas doses, com intervalo de 3 meses entre elas.<\/p>\n\n\n\n<p>At\u00e9 sexta-feira (6\/3), somente 3% do p\u00fablico-alvo havia sido imunizado, o que representa a aplica\u00e7\u00e3o de 71 vacinas. \u201cEstamos com baixa procura e bem preocupados\u201d, afirma o subsecret\u00e1rio de Sa\u00fade de Teut\u00f4nia, Natanael Anast\u00e1cio. De acordo com a Administra\u00e7\u00e3o Municipal, h\u00e1 cerca de 2 mil jovens na faixa et\u00e1ria adequada.<\/p>\n\n\n\n<p>As doses est\u00e3o dispon\u00edveis nas Unidades B\u00e1sicas de Sa\u00fade (UBS) com sala de vacina\u00e7\u00e3o em Teut\u00f4nia, Alesgut, Languiru, Boa Vista, no Centro Avan\u00e7ado de Sa\u00fade (CAS) e na ESF Morada do Sol.<\/p>\n\n\n\n<p>Segundo Anast\u00e1cio, um dos impasses para a vacina\u00e7\u00e3o \u00e9 a desinforma\u00e7\u00e3o. \u201cEu costumo dizer que uma mentira falada muitas vezes, infelizmente se torna uma verdade e, para desmentir, \u00e9 outro trabalho\u201d, afirma. O subsecret\u00e1rio pede que a popula\u00e7\u00e3o esteja atenta a canais oficiais e informa\u00e7\u00f5es de fontes verificadas.<\/p>\n\n\n\n<p>\u201cQuando a pessoa j\u00e1 est\u00e1 com a doen\u00e7a, o tratamento se torna muito mais perigoso, mais forte do que simplesmente estar vacinada e imunizada\u201d, alerta Anast\u00e1cio.<\/p>\n\n\n\n<p>Ele tamb\u00e9m destaca que o hospital \u00e9 apenas para urg\u00eancia e emerg\u00eancia. Mun\u00edcipes com sintomas de manchas na pele, dor atr\u00e1s dos olhos e mal-estar devem procurar a unidade de sa\u00fade mais pr\u00f3xima. Al\u00e9m disso, a popula\u00e7\u00e3o deve evitar a automedica\u00e7\u00e3o.<\/p>\n\n\n\n<p>A vacina\u00e7\u00e3o n\u00e3o \u00e9 o \u00fanico cuidado necess\u00e1rio. As autoridades de sa\u00fade refor\u00e7am que a elimina\u00e7\u00e3o dos criadouros do mosquito <em>Aedes aegypti<\/em> continua como a principal forma de preven\u00e7\u00e3o da dengue, chikungunya e zika v\u00edrus.<\/p>\n\n\n\n<h2 class=\"wp-block-heading\"><strong>Alerta em Westf\u00e1lia<\/strong><\/h2>\n\n\n\n<p>No munic\u00edpio vizinho, a Prefeitura refor\u00e7ou o alerta para preven\u00e7\u00e3o e combate \u00e0 dengue. Neste m\u00eas, Westf\u00e1lia registrou um caso positivo, al\u00e9m de tr\u00eas em investiga\u00e7\u00e3o. Dois casos foram descartados.<\/p>\n\n\n\n<p>Em fevereiro, apenas no Bairro Germ\u00e2nia, foram registrados 351 focos do <em>Aedes aegypti<\/em> nas ovitrampas, armadilhas que atraem a f\u00eamea do inseto e coletam seus ovos. No Bairro do Parque foram 279 ovos. No Bairro Monte Verde e Frank, 19. J\u00e1 no Bairro Bela Vista, foram 15 focos.<\/p>\n\n\n\n<p>Em janeiro, foram 479 no Germ\u00e2nia, 231 no Bairro do Parque, 117 no Bela Vista, 93 em Monte Verde e Frank e 10 no Bairro Caminhos.<\/p>\n\n\n\n<p>A equipe de Endemias realiza pesquisas mensais com armadilhas e vistorias em diversos pontos da cidade. Durante as inspe\u00e7\u00f5es, j\u00e1 foram encontradas larvas em piscinas, vasos, baldes e recipientes com \u00e1gua parada.<\/p>\n\n\n\n<h2 class=\"wp-block-heading\"><strong>Casos na 16\u00aa<\/strong><\/h2>\n\n\n\n<p>No momento, de acordo com o painel estadual, h\u00e1 tr\u00eas casos confirmados na 16\u00aa Coordenadoria Regional de Sa\u00fade, na Regi\u00e3o 30, Vale da Luz.<\/p>\n\n\n\n<p>Os casos est\u00e3o em Teut\u00f4nia, Estrela e Fazenda Vilanova. Ainda h\u00e1 15 casos em investiga\u00e7\u00e3o. Em Lajeado, tamb\u00e9m h\u00e1 um caso confirmado.<\/p>\n\n\n\n<p>O momento exige aten\u00e7\u00e3o pelo per\u00edodo de sazonalidade da dengue. Historicamente, os meses de ver\u00e3o registram aumento no n\u00famero de notifica\u00e7\u00f5es, por conta das condi\u00e7\u00f5es favor\u00e1veis para a reprodu\u00e7\u00e3o do <em>Aedes aegypti.<\/em><\/p>\n","protected":false},"excerpt":{"rendered":"<p>O munic\u00edpio de Teut\u00f4nia iniciou a vacina\u00e7\u00e3o contra a dengue em 18 de fevereiro. A vacina Qdenga \u00e9 destinada a crian\u00e7as e adolescentes de 10 a 14 anos e protege contra todos os sorotipos do v\u00edrus. O esquema vacinal \u00e9 composto por duas doses, com intervalo de 3 meses entre elas. At\u00e9 sexta-feira (6\/3), somente [&hellip;]<\/p>\n","protected":false},"author":673,"featured_media":205648,"comment_status":"open","ping_status":"open","sticky":false,"template":"","format":"standard","meta":{"pmpro_default_level":"","_jetpack_memberships_contains_paid_content":false,"footnotes":""},"categories":[2,3,10986],"tags":[1562,26,87,143],"class_list":{"0":"post-205646","1":"post","2":"type-post","3":"status-publish","4":"format-standard","5":"has-post-thumbnail","7":"category-featured","8":"category-geral","9":"category-saude","10":"tag-dengue","11":"tag-teutonia","12":"tag-vacinacao","13":"tag-vacinas","14":"pmpro-has-access"},"yoast_head":"<!-- This site is optimized with the Yoast SEO plugin v27.5 - https:\/\/yoast.com\/product\/yoast-seo-wordpress\/ -->\n<title>Em 1 m\u00eas, apenas 3% do p\u00fablico-alvo foi vacinado em Teut\u00f4nia - Folha Popular<\/title>\n<meta name=\"robots\" content=\"index, follow, max-snippet:-1, max-image-preview:large, max-video-preview:-1\" \/>\n<link rel=\"canonical\" href=\"https:\/\/folhapopular.info\/index.php\/2026\/03\/11\/em-1-mes-apenas-3-do-publico-alvo-foi-vacinado-em-teutonia\/\" \/>\n<meta property=\"og:locale\" content=\"pt_BR\" \/>\n<meta property=\"og:type\" content=\"article\" \/>\n<meta property=\"og:title\" content=\"Em 1 m\u00eas, apenas 3% do p\u00fablico-alvo foi vacinado em Teut\u00f4nia - Folha Popular\" \/>\n<meta property=\"og:description\" content=\"O munic\u00edpio de Teut\u00f4nia iniciou a vacina\u00e7\u00e3o contra a dengue em 18 de fevereiro. A vacina Qdenga \u00e9 destinada a crian\u00e7as e adolescentes de 10 a 14 anos e protege contra todos os sorotipos do v\u00edrus. O esquema vacinal \u00e9 composto por duas doses, com intervalo de 3 meses entre elas. At\u00e9 sexta-feira (6\/3), somente [&hellip;]\" \/>\n<meta property=\"og:url\" content=\"https:\/\/folhapopular.info\/index.php\/2026\/03\/11\/em-1-mes-apenas-3-do-publico-alvo-foi-vacinado-em-teutonia\/\" \/>\n<meta property=\"og:site_name\" content=\"Folha Popular\" \/>\n<meta property=\"article:published_time\" content=\"2026-03-11T19:00:00+00:00\" \/>\n<meta property=\"og:image\" content=\"https:\/\/folhapopular.info\/wp-content\/uploads\/2026\/03\/Prefeituras-monitoram-a-presenca-do-mosquito-atraves-das-Ovitrampas.jpeg\" \/>\n\t<meta property=\"og:image:width\" content=\"1280\" \/>\n\t<meta property=\"og:image:height\" content=\"960\" \/>\n\t<meta property=\"og:image:type\" content=\"image\/jpeg\" \/>\n<meta name=\"author\" content=\"Let\u00edcia Echer\" \/>\n<meta name=\"twitter:card\" content=\"summary_large_image\" \/>\n<meta name=\"twitter:label1\" content=\"Escrito por\" \/>\n\t<meta name=\"twitter:data1\" content=\"Let\u00edcia Echer\" \/>\n\t<meta name=\"twitter:label2\" content=\"Est. tempo de leitura\" \/>\n\t<meta name=\"twitter:data2\" content=\"3 minutos\" \/>\n<script type=\"application\/ld+json\" class=\"yoast-schema-graph\">{\"@context\":\"https:\\\/\\\/schema.org\",\"@graph\":[{\"@type\":\"Article\",\"@id\":\"https:\\\/\\\/folhapopular.info\\\/index.php\\\/2026\\\/03\\\/11\\\/em-1-mes-apenas-3-do-publico-alvo-foi-vacinado-em-teutonia\\\/#article\",\"isPartOf\":{\"@id\":\"https:\\\/\\\/folhapopular.info\\\/index.php\\\/2026\\\/03\\\/11\\\/em-1-mes-apenas-3-do-publico-alvo-foi-vacinado-em-teutonia\\\/\"},\"author\":{\"name\":\"Let\u00edcia Echer\",\"@id\":\"https:\\\/\\\/folhapopular.info\\\/#\\\/schema\\\/person\\\/52b95b9c1c41ec0e826e7518183d0cc0\"},\"headline\":\"Em 1 m\u00eas, apenas 3% do p\u00fablico-alvo foi vacinado em Teut\u00f4nia\",\"datePublished\":\"2026-03-11T19:00:00+00:00\",\"mainEntityOfPage\":{\"@id\":\"https:\\\/\\\/folhapopular.info\\\/index.php\\\/2026\\\/03\\\/11\\\/em-1-mes-apenas-3-do-publico-alvo-foi-vacinado-em-teutonia\\\/\"},\"wordCount\":562,\"commentCount\":0,\"image\":{\"@id\":\"https:\\\/\\\/folhapopular.info\\\/index.php\\\/2026\\\/03\\\/11\\\/em-1-mes-apenas-3-do-publico-alvo-foi-vacinado-em-teutonia\\\/#primaryimage\"},\"thumbnailUrl\":\"https:\\\/\\\/folhapopular.info\\\/wp-content\\\/uploads\\\/2026\\\/03\\\/Prefeituras-monitoram-a-presenca-do-mosquito-atraves-das-Ovitrampas.jpeg\",\"keywords\":[\"Dengue\",\"Teut\u00f4nia\",\"Vacina\u00e7\u00e3o\",\"Vacinas\"],\"articleSection\":[\"Destaques\",\"Geral\",\"Sa\u00fade\"],\"inLanguage\":\"pt-BR\",\"potentialAction\":[{\"@type\":\"CommentAction\",\"name\":\"Comment\",\"target\":[\"https:\\\/\\\/folhapopular.info\\\/index.php\\\/2026\\\/03\\\/11\\\/em-1-mes-apenas-3-do-publico-alvo-foi-vacinado-em-teutonia\\\/#respond\"]}]},{\"@type\":\"WebPage\",\"@id\":\"https:\\\/\\\/folhapopular.info\\\/index.php\\\/2026\\\/03\\\/11\\\/em-1-mes-apenas-3-do-publico-alvo-foi-vacinado-em-teutonia\\\/\",\"url\":\"https:\\\/\\\/folhapopular.info\\\/index.php\\\/2026\\\/03\\\/11\\\/em-1-mes-apenas-3-do-publico-alvo-foi-vacinado-em-teutonia\\\/\",\"name\":\"Em 1 m\u00eas, apenas 3% do p\u00fablico-alvo foi vacinado em Teut\u00f4nia - Folha Popular\",\"isPartOf\":{\"@id\":\"https:\\\/\\\/folhapopular.info\\\/#website\"},\"primaryImageOfPage\":{\"@id\":\"https:\\\/\\\/folhapopular.info\\\/index.php\\\/2026\\\/03\\\/11\\\/em-1-mes-apenas-3-do-publico-alvo-foi-vacinado-em-teutonia\\\/#primaryimage\"},\"image\":{\"@id\":\"https:\\\/\\\/folhapopular.info\\\/index.php\\\/2026\\\/03\\\/11\\\/em-1-mes-apenas-3-do-publico-alvo-foi-vacinado-em-teutonia\\\/#primaryimage\"},\"thumbnailUrl\":\"https:\\\/\\\/folhapopular.info\\\/wp-content\\\/uploads\\\/2026\\\/03\\\/Prefeituras-monitoram-a-presenca-do-mosquito-atraves-das-Ovitrampas.jpeg\",\"datePublished\":\"2026-03-11T19:00:00+00:00\",\"author\":{\"@id\":\"https:\\\/\\\/folhapopular.info\\\/#\\\/schema\\\/person\\\/52b95b9c1c41ec0e826e7518183d0cc0\"},\"breadcrumb\":{\"@id\":\"https:\\\/\\\/folhapopular.info\\\/index.php\\\/2026\\\/03\\\/11\\\/em-1-mes-apenas-3-do-publico-alvo-foi-vacinado-em-teutonia\\\/#breadcrumb\"},\"inLanguage\":\"pt-BR\",\"potentialAction\":[{\"@type\":\"ReadAction\",\"target\":[\"https:\\\/\\\/folhapopular.info\\\/index.php\\\/2026\\\/03\\\/11\\\/em-1-mes-apenas-3-do-publico-alvo-foi-vacinado-em-teutonia\\\/\"]}]},{\"@type\":\"ImageObject\",\"inLanguage\":\"pt-BR\",\"@id\":\"https:\\\/\\\/folhapopular.info\\\/index.php\\\/2026\\\/03\\\/11\\\/em-1-mes-apenas-3-do-publico-alvo-foi-vacinado-em-teutonia\\\/#primaryimage\",\"url\":\"https:\\\/\\\/folhapopular.info\\\/wp-content\\\/uploads\\\/2026\\\/03\\\/Prefeituras-monitoram-a-presenca-do-mosquito-atraves-das-Ovitrampas.jpeg\",\"contentUrl\":\"https:\\\/\\\/folhapopular.info\\\/wp-content\\\/uploads\\\/2026\\\/03\\\/Prefeituras-monitoram-a-presenca-do-mosquito-atraves-das-Ovitrampas.jpeg\",\"width\":1280,\"height\":960,\"caption\":\"Prefeituras monitoram a presen\u00e7a do mosquito atrav\u00e9s das Ovitrampas \\\/ Cr\u00e9dito: Prefeitura de Teut\u00f4nia\"},{\"@type\":\"BreadcrumbList\",\"@id\":\"https:\\\/\\\/folhapopular.info\\\/index.php\\\/2026\\\/03\\\/11\\\/em-1-mes-apenas-3-do-publico-alvo-foi-vacinado-em-teutonia\\\/#breadcrumb\",\"itemListElement\":[{\"@type\":\"ListItem\",\"position\":1,\"name\":\"In\u00edcio\",\"item\":\"https:\\\/\\\/folhapopular.info\\\/\"},{\"@type\":\"ListItem\",\"position\":2,\"name\":\"Em 1 m\u00eas, apenas 3% do p\u00fablico-alvo foi vacinado em Teut\u00f4nia\"}]},{\"@type\":\"WebSite\",\"@id\":\"https:\\\/\\\/folhapopular.info\\\/#website\",\"url\":\"https:\\\/\\\/folhapopular.info\\\/\",\"name\":\"Folha Popular\",\"description\":\"Onde voc\u00ea tem vez e voz\",\"potentialAction\":[{\"@type\":\"SearchAction\",\"target\":{\"@type\":\"EntryPoint\",\"urlTemplate\":\"https:\\\/\\\/folhapopular.info\\\/?s={search_term_string}\"},\"query-input\":{\"@type\":\"PropertyValueSpecification\",\"valueRequired\":true,\"valueName\":\"search_term_string\"}}],\"inLanguage\":\"pt-BR\"},{\"@type\":\"Person\",\"@id\":\"https:\\\/\\\/folhapopular.info\\\/#\\\/schema\\\/person\\\/52b95b9c1c41ec0e826e7518183d0cc0\",\"name\":\"Let\u00edcia Echer\",\"image\":{\"@type\":\"ImageObject\",\"inLanguage\":\"pt-BR\",\"@id\":\"https:\\\/\\\/secure.gravatar.com\\\/avatar\\\/303201b45d8f4e048c95808925ff8953fa7ebc0e52cb5b3af1fc9e3d52c95645?s=96&d=mm&r=g\",\"url\":\"https:\\\/\\\/secure.gravatar.com\\\/avatar\\\/303201b45d8f4e048c95808925ff8953fa7ebc0e52cb5b3af1fc9e3d52c95645?s=96&d=mm&r=g\",\"contentUrl\":\"https:\\\/\\\/secure.gravatar.com\\\/avatar\\\/303201b45d8f4e048c95808925ff8953fa7ebc0e52cb5b3af1fc9e3d52c95645?s=96&d=mm&r=g\",\"caption\":\"Let\u00edcia Echer\"},\"url\":\"https:\\\/\\\/folhapopular.info\\\/index.php\\\/author\\\/leticiaecher04gmail-com\\\/\"}]}<\/script>\n<!-- \/ Yoast SEO plugin. -->","yoast_head_json":{"title":"Em 1 m\u00eas, apenas 3% do p\u00fablico-alvo foi vacinado em Teut\u00f4nia - Folha Popular","robots":{"index":"index","follow":"follow","max-snippet":"max-snippet:-1","max-image-preview":"max-image-preview:large","max-video-preview":"max-video-preview:-1"},"canonical":"https:\/\/folhapopular.info\/index.php\/2026\/03\/11\/em-1-mes-apenas-3-do-publico-alvo-foi-vacinado-em-teutonia\/","og_locale":"pt_BR","og_type":"article","og_title":"Em 1 m\u00eas, apenas 3% do p\u00fablico-alvo foi vacinado em Teut\u00f4nia - Folha Popular","og_description":"O munic\u00edpio de Teut\u00f4nia iniciou a vacina\u00e7\u00e3o contra a dengue em 18 de fevereiro. A vacina Qdenga \u00e9 destinada a crian\u00e7as e adolescentes de 10 a 14 anos e protege contra todos os sorotipos do v\u00edrus. O esquema vacinal \u00e9 composto por duas doses, com intervalo de 3 meses entre elas. At\u00e9 sexta-feira (6\/3), somente [&hellip;]","og_url":"https:\/\/folhapopular.info\/index.php\/2026\/03\/11\/em-1-mes-apenas-3-do-publico-alvo-foi-vacinado-em-teutonia\/","og_site_name":"Folha Popular","article_published_time":"2026-03-11T19:00:00+00:00","og_image":[{"width":1280,"height":960,"url":"https:\/\/folhapopular.info\/wp-content\/uploads\/2026\/03\/Prefeituras-monitoram-a-presenca-do-mosquito-atraves-das-Ovitrampas.jpeg","type":"image\/jpeg"}],"author":"Let\u00edcia Echer","twitter_card":"summary_large_image","twitter_misc":{"Escrito por":"Let\u00edcia Echer","Est. tempo de leitura":"3 minutos"},"schema":{"@context":"https:\/\/schema.org","@graph":[{"@type":"Article","@id":"https:\/\/folhapopular.info\/index.php\/2026\/03\/11\/em-1-mes-apenas-3-do-publico-alvo-foi-vacinado-em-teutonia\/#article","isPartOf":{"@id":"https:\/\/folhapopular.info\/index.php\/2026\/03\/11\/em-1-mes-apenas-3-do-publico-alvo-foi-vacinado-em-teutonia\/"},"author":{"name":"Let\u00edcia Echer","@id":"https:\/\/folhapopular.info\/#\/schema\/person\/52b95b9c1c41ec0e826e7518183d0cc0"},"headline":"Em 1 m\u00eas, apenas 3% do p\u00fablico-alvo foi vacinado em Teut\u00f4nia","datePublished":"2026-03-11T19:00:00+00:00","mainEntityOfPage":{"@id":"https:\/\/folhapopular.info\/index.php\/2026\/03\/11\/em-1-mes-apenas-3-do-publico-alvo-foi-vacinado-em-teutonia\/"},"wordCount":562,"commentCount":0,"image":{"@id":"https:\/\/folhapopular.info\/index.php\/2026\/03\/11\/em-1-mes-apenas-3-do-publico-alvo-foi-vacinado-em-teutonia\/#primaryimage"},"thumbnailUrl":"https:\/\/folhapopular.info\/wp-content\/uploads\/2026\/03\/Prefeituras-monitoram-a-presenca-do-mosquito-atraves-das-Ovitrampas.jpeg","keywords":["Dengue","Teut\u00f4nia","Vacina\u00e7\u00e3o","Vacinas"],"articleSection":["Destaques","Geral","Sa\u00fade"],"inLanguage":"pt-BR","potentialAction":[{"@type":"CommentAction","name":"Comment","target":["https:\/\/folhapopular.info\/index.php\/2026\/03\/11\/em-1-mes-apenas-3-do-publico-alvo-foi-vacinado-em-teutonia\/#respond"]}]},{"@type":"WebPage","@id":"https:\/\/folhapopular.info\/index.php\/2026\/03\/11\/em-1-mes-apenas-3-do-publico-alvo-foi-vacinado-em-teutonia\/","url":"https:\/\/folhapopular.info\/index.php\/2026\/03\/11\/em-1-mes-apenas-3-do-publico-alvo-foi-vacinado-em-teutonia\/","name":"Em 1 m\u00eas, apenas 3% do p\u00fablico-alvo foi vacinado em Teut\u00f4nia - Folha Popular","isPartOf":{"@id":"https:\/\/folhapopular.info\/#website"},"primaryImageOfPage":{"@id":"https:\/\/folhapopular.info\/index.php\/2026\/03\/11\/em-1-mes-apenas-3-do-publico-alvo-foi-vacinado-em-teutonia\/#primaryimage"},"image":{"@id":"https:\/\/folhapopular.info\/index.php\/2026\/03\/11\/em-1-mes-apenas-3-do-publico-alvo-foi-vacinado-em-teutonia\/#primaryimage"},"thumbnailUrl":"https:\/\/folhapopular.info\/wp-content\/uploads\/2026\/03\/Prefeituras-monitoram-a-presenca-do-mosquito-atraves-das-Ovitrampas.jpeg","datePublished":"2026-03-11T19:00:00+00:00","author":{"@id":"https:\/\/folhapopular.info\/#\/schema\/person\/52b95b9c1c41ec0e826e7518183d0cc0"},"breadcrumb":{"@id":"https:\/\/folhapopular.info\/index.php\/2026\/03\/11\/em-1-mes-apenas-3-do-publico-alvo-foi-vacinado-em-teutonia\/#breadcrumb"},"inLanguage":"pt-BR","potentialAction":[{"@type":"ReadAction","target":["https:\/\/folhapopular.info\/index.php\/2026\/03\/11\/em-1-mes-apenas-3-do-publico-alvo-foi-vacinado-em-teutonia\/"]}]},{"@type":"ImageObject","inLanguage":"pt-BR","@id":"https:\/\/folhapopular.info\/index.php\/2026\/03\/11\/em-1-mes-apenas-3-do-publico-alvo-foi-vacinado-em-teutonia\/#primaryimage","url":"https:\/\/folhapopular.info\/wp-content\/uploads\/2026\/03\/Prefeituras-monitoram-a-presenca-do-mosquito-atraves-das-Ovitrampas.jpeg","contentUrl":"https:\/\/folhapopular.info\/wp-content\/uploads\/2026\/03\/Prefeituras-monitoram-a-presenca-do-mosquito-atraves-das-Ovitrampas.jpeg","width":1280,"height":960,"caption":"Prefeituras monitoram a presen\u00e7a do mosquito atrav\u00e9s das Ovitrampas \/ Cr\u00e9dito: Prefeitura de Teut\u00f4nia"},{"@type":"BreadcrumbList","@id":"https:\/\/folhapopular.info\/index.php\/2026\/03\/11\/em-1-mes-apenas-3-do-publico-alvo-foi-vacinado-em-teutonia\/#breadcrumb","itemListElement":[{"@type":"ListItem","position":1,"name":"In\u00edcio","item":"https:\/\/folhapopular.info\/"},{"@type":"ListItem","position":2,"name":"Em 1 m\u00eas, apenas 3% do p\u00fablico-alvo foi vacinado em Teut\u00f4nia"}]},{"@type":"WebSite","@id":"https:\/\/folhapopular.info\/#website","url":"https:\/\/folhapopular.info\/","name":"Folha Popular","description":"Onde voc\u00ea tem vez e voz","potentialAction":[{"@type":"SearchAction","target":{"@type":"EntryPoint","urlTemplate":"https:\/\/folhapopular.info\/?s={search_term_string}"},"query-input":{"@type":"PropertyValueSpecification","valueRequired":true,"valueName":"search_term_string"}}],"inLanguage":"pt-BR"},{"@type":"Person","@id":"https:\/\/folhapopular.info\/#\/schema\/person\/52b95b9c1c41ec0e826e7518183d0cc0","name":"Let\u00edcia Echer","image":{"@type":"ImageObject","inLanguage":"pt-BR","@id":"https:\/\/secure.gravatar.com\/avatar\/303201b45d8f4e048c95808925ff8953fa7ebc0e52cb5b3af1fc9e3d52c95645?s=96&d=mm&r=g","url":"https:\/\/secure.gravatar.com\/avatar\/303201b45d8f4e048c95808925ff8953fa7ebc0e52cb5b3af1fc9e3d52c95645?s=96&d=mm&r=g","contentUrl":"https:\/\/secure.gravatar.com\/avatar\/303201b45d8f4e048c95808925ff8953fa7ebc0e52cb5b3af1fc9e3d52c95645?s=96&d=mm&r=g","caption":"Let\u00edcia Echer"},"url":"https:\/\/folhapopular.info\/index.php\/author\/leticiaecher04gmail-com\/"}]}},"jetpack_featured_media_url":"https:\/\/folhapopular.info\/wp-content\/uploads\/2026\/03\/Prefeituras-monitoram-a-presenca-do-mosquito-atraves-das-Ovitrampas.jpeg","jetpack_sharing_enabled":true,"amp_enabled":true,"_links":{"self":[{"href":"https:\/\/folhapopular.info\/index.php\/wp-json\/wp\/v2\/posts\/205646","targetHints":{"allow":["GET"]}}],"collection":[{"href":"https:\/\/folhapopular.info\/index.php\/wp-json\/wp\/v2\/posts"}],"about":[{"href":"https:\/\/folhapopular.info\/index.php\/wp-json\/wp\/v2\/types\/post"}],"author":[{"embeddable":true,"href":"https:\/\/folhapopular.info\/index.php\/wp-json\/wp\/v2\/users\/673"}],"replies":[{"embeddable":true,"href":"https:\/\/folhapopular.info\/index.php\/wp-json\/wp\/v2\/comments?post=205646"}],"version-history":[{"count":0,"href":"https:\/\/folhapopular.info\/index.php\/wp-json\/wp\/v2\/posts\/205646\/revisions"}],"wp:featuredmedia":[{"embeddable":true,"href":"https:\/\/folhapopular.info\/index.php\/wp-json\/wp\/v2\/media\/205648"}],"wp:attachment":[{"href":"https:\/\/folhapopular.info\/index.php\/wp-json\/wp\/v2\/media?parent=205646"}],"wp:term":[{"taxonomy":"category","embeddable":true,"href":"https:\/\/folhapopular.info\/index.php\/wp-json\/wp\/v2\/categories?post=205646"},{"taxonomy":"post_tag","embeddable":true,"href":"https:\/\/folhapopular.info\/index.php\/wp-json\/wp\/v2\/tags?post=205646"}],"curies":[{"name":"wp","href":"https:\/\/api.w.org\/{rel}","templated":true}]}}