{"id":205650,"date":"2026-03-11T15:00:00","date_gmt":"2026-03-11T18:00:00","guid":{"rendered":"https:\/\/folhapopular.info\/?p=205650"},"modified":"2026-03-11T15:40:10","modified_gmt":"2026-03-11T18:40:10","slug":"a-comunidade-se-une-para-fazer-a-paixao-de-cristo-sair-da-imaginacao","status":"publish","type":"post","link":"https:\/\/folhapopular.info\/index.php\/2026\/03\/11\/a-comunidade-se-une-para-fazer-a-paixao-de-cristo-sair-da-imaginacao\/","title":{"rendered":"A comunidade se une para fazer a Paix\u00e3o de Cristo sair da imagina\u00e7\u00e3o"},"content":{"rendered":"\n<p>O munic\u00edpio de Imigrante se prepara para um dos eventos culturais e religiosos mais aguardados da regi\u00e3o. A tradicional Paix\u00e3o de Cristo chega \u00e0 sua 20\u00aa edi\u00e7\u00e3o em 2026 e promete emocionar o p\u00fablico mais uma vez com uma encena\u00e7\u00e3o grandiosa ao ar livre, mesclada por f\u00e9, arte e participa\u00e7\u00e3o da comunidade.<\/p>\n\n\n\n<p>A novidade deste ano \u00e9 a amplia\u00e7\u00e3o da programa\u00e7\u00e3o para tr\u00eas noites de espet\u00e1culo, com a inclus\u00e3o do domingo. As apresenta\u00e7\u00f5es ocorrem nos dias 27, 28 e 29 de mar\u00e7o, em frente ao Convento S\u00e3o Boaventura. A alternativa \u00e9 pensada para melhor acomodar o p\u00fablico ap\u00f3s a grande procura registrada recentemente.<\/p>\n\n\n\n<p>De acordo com o secret\u00e1rio de Cultura, Desporto e Turismo de Imigrante, Charles Porsche, a mobiliza\u00e7\u00e3o da cidade come\u00e7a muito antes da encena\u00e7\u00e3o. \u201cEstamos h\u00e1 algumas semanas de mais um grande evento, sempre esperado, tanto pelos atores quanto pela comunidade de Imigrante, al\u00e9m dos visitantes de todo o estado e at\u00e9 de outras regi\u00f5es\u201d, destaca.<\/p>\n\n\n\n<p>Segundo ele, o espet\u00e1culo ultrapassa o limite de uma apresenta\u00e7\u00e3o e se transforma em um movimento que soma coletividade e emo\u00e7\u00e3o. \u201cExiste um sentimento muito forte de pertencimento em Imigrante. N\u00e3o \u00e9 simplesmente um evento que acontece em um dia e, depois, termina. H\u00e1 envolvimento da comunidade, dos atores e dos empreendimentos, que se mobilizam para receber quem vem prestigiar o espet\u00e1culo\u201d, acrescenta Porsche.<\/p>\n\n\n\n<h2 class=\"wp-block-heading\"><strong>Novo texto<\/strong> <strong>e reflex\u00f5es<\/strong><\/h2>\n\n\n\n<p>Mesmo com a ess\u00eancia da hist\u00f3ria b\u00edblica mantida, a edi\u00e7\u00e3o deste ano trar\u00e1 um roteiro totalmente novo, com cenas in\u00e9ditas e novas abordagens. A dire\u00e7\u00e3o \u00e9 do artista Pablo Capalonga, que busca relacionar os acontecimentos da \u00e9poca de Cristo a reflex\u00f5es atuais.<\/p>\n\n\n\n<p>\u201cTemas que existiam naquele tempo continuam presentes na sociedade. Nas edi\u00e7\u00f5es passadas, por exemplo, foram abordadas quest\u00f5es como a viol\u00eancia contra as mulheres. A Paix\u00e3o de Cristo tamb\u00e9m tem esse papel de provocar reflex\u00e3o e lembrar que algumas mudan\u00e7as ainda precisam acontecer\u201d, explica Porsche.<\/p>\n\n\n\n<p>Al\u00e9m das altera\u00e7\u00f5es no texto, elementos cenogr\u00e1ficos tamb\u00e9m prometem surpreender o p\u00fablico. Um exemplo \u00e9 o uso da \u00e1gua em determinados momentos da encena\u00e7\u00e3o. O recurso chamou a aten\u00e7\u00e3o na edi\u00e7\u00e3o passada e voltar\u00e1 a aparecer em uma nova cena.<\/p>\n\n\n\n<p>Outra novidade est\u00e1 relacionada \u00e0 pr\u00f3pria ressurrei\u00e7\u00e3o de Cristo, que neste ano ocorrer\u00e1 em um espa\u00e7o diferente, mas dentro do cen\u00e1rio natural do Convento.<\/p>\n\n\n\n<h2 class=\"wp-block-heading\"><strong>Envolvimento que<\/strong> <strong>atravessa gera\u00e7\u00f5es<\/strong><\/h2>\n\n\n\n<p>A prepara\u00e7\u00e3o para o espet\u00e1culo envolve dezenas de volunt\u00e1rios da comunidade. Cerca de 60 atores participam diretamente da encena\u00e7\u00e3o, al\u00e9m de outras pessoas nos bastidores, na produ\u00e7\u00e3o de figurinos, cen\u00e1rios e organiza\u00e7\u00e3o do evento.<\/p>\n\n\n\n<p>Rainha de Imigrante, Eduarda Demari vive essa experi\u00eancia de forma ainda mais especial. Al\u00e9m de representar o munic\u00edpio, ela tamb\u00e9m faz parte do espet\u00e1culo desde a inf\u00e2ncia.<\/p>\n\n\n\n<p>\u201cEstar na divulga\u00e7\u00e3o da Paix\u00e3o de Cristo \u00e9 uma experi\u00eancia incr\u00edvel para mim, n\u00e3o s\u00f3 como rainha de Imigrante, mas tamb\u00e9m, como atriz que cresceu neste espet\u00e1culo\u201d, conta. \u201cEste ano \u00e9 ainda mais significativo, porque celebramos a 20\u00aa edi\u00e7\u00e3o e, pela primeira vez, teremos tr\u00eas noites de apresenta\u00e7\u00e3o. Os atores se tornaram uma fam\u00edlia, \u00e9 um momento especial\u201d, aponta.<\/p>\n\n\n\n<p>Eduarda explica que a Corte j\u00e1 percorreu diversas cidades da regi\u00e3o para divulgar a encena\u00e7\u00e3o. \u201cPassamos por mais de 12 munic\u00edpios e fomos recebidos com muito carinho. Pessoas que ainda n\u00e3o conheciam o espet\u00e1culo ficaram curiosas e com vontade de assistir\u201d, relata ela.<\/p>\n\n\n\n<p>O envolvimento da comunidade \u00e9 um dos aspectos que tornam a experi\u00eancia \u00fanica. \u201c\u00c9 muito bonito ver como tantas pessoas se unem para que tudo aconte\u00e7a. S\u00e3o quase 60 atores volunt\u00e1rios e muita gente trabalha nos bastidores. Essa dedica\u00e7\u00e3o faz toda a diferen\u00e7a\u201d, acrescenta Eduarda.<\/p>\n\n\n\n<h2 class=\"wp-block-heading\"><strong>Experi\u00eancia<\/strong> <strong>que emociona<\/strong><\/h2>\n\n\n\n<p>Com cen\u00e1rio natural e forte carga emocional, a Paix\u00e3o de Cristo de Imigrante tornou-se uma refer\u00eancia cultural no Vale do Taquari e em outras regi\u00f5es do Rio Grande do Sul. O espet\u00e1culo combina religiosidade, teatro e reflex\u00e3o. \u201cAl\u00e9m de renovar a f\u00e9, a encena\u00e7\u00e3o tamb\u00e9m busca cativar o pensamento e transforma\u00e7\u00e3o\u201d, ressalta Porsche.<\/p>\n\n\n\n<p>Para quem ainda n\u00e3o conhece o evento, Eduarda deixa um convite. \u201cVenha se permitir viver essa hist\u00f3ria de perto. Tenho certeza de que ser\u00e1 uma experi\u00eancia marcante, preparada com muito carinho por tantas pessoas, principalmente, da nossa comunidade\u201d, instiga.<\/p>\n\n\n\n<p>As apresenta\u00e7\u00f5es ocorrem na sexta-feira e no s\u00e1bado, \u00e0s 20h, e no domingo, \u00e0s 19h30, com entrada gratuita. A expectativa \u00e9 novamente de grande p\u00fablico e consolida\u00e7\u00e3o do espet\u00e1culo como um dos principais momentos culturais e religiosos da regi\u00e3o.<\/p>\n\n\n\n<figure class=\"wp-block-gallery has-nested-images columns-default is-cropped wp-block-gallery-1 is-layout-flex wp-block-gallery-is-layout-flex\">\n<figure class=\"wp-block-image size-large\"><img loading=\"lazy\" decoding=\"async\" width=\"768\" height=\"1024\" data-id=\"205652\" src=\"https:\/\/folhapopular.info\/wp-content\/uploads\/2026\/03\/Charles-Porsche-enfatiza-que-o-momento-trara-reflexoes-sobre-os-dias-atuais_Prefeitura-de-Imigrante_Divulgacao-768x1024.jpeg\" alt=\"\" class=\"wp-image-205652\" srcset=\"https:\/\/folhapopular.info\/wp-content\/uploads\/2026\/03\/Charles-Porsche-enfatiza-que-o-momento-trara-reflexoes-sobre-os-dias-atuais_Prefeitura-de-Imigrante_Divulgacao-768x1024.jpeg 768w, https:\/\/folhapopular.info\/wp-content\/uploads\/2026\/03\/Charles-Porsche-enfatiza-que-o-momento-trara-reflexoes-sobre-os-dias-atuais_Prefeitura-de-Imigrante_Divulgacao-225x300.jpeg 225w, https:\/\/folhapopular.info\/wp-content\/uploads\/2026\/03\/Charles-Porsche-enfatiza-que-o-momento-trara-reflexoes-sobre-os-dias-atuais_Prefeitura-de-Imigrante_Divulgacao-1152x1536.jpeg 1152w, https:\/\/folhapopular.info\/wp-content\/uploads\/2026\/03\/Charles-Porsche-enfatiza-que-o-momento-trara-reflexoes-sobre-os-dias-atuais_Prefeitura-de-Imigrante_Divulgacao-1537x2048.jpeg 1537w, https:\/\/folhapopular.info\/wp-content\/uploads\/2026\/03\/Charles-Porsche-enfatiza-que-o-momento-trara-reflexoes-sobre-os-dias-atuais_Prefeitura-de-Imigrante_Divulgacao-315x420.jpeg 315w, https:\/\/folhapopular.info\/wp-content\/uploads\/2026\/03\/Charles-Porsche-enfatiza-que-o-momento-trara-reflexoes-sobre-os-dias-atuais_Prefeitura-de-Imigrante_Divulgacao-696x928.jpeg 696w, https:\/\/folhapopular.info\/wp-content\/uploads\/2026\/03\/Charles-Porsche-enfatiza-que-o-momento-trara-reflexoes-sobre-os-dias-atuais_Prefeitura-de-Imigrante_Divulgacao-1068x1423.jpeg 1068w, https:\/\/folhapopular.info\/wp-content\/uploads\/2026\/03\/Charles-Porsche-enfatiza-que-o-momento-trara-reflexoes-sobre-os-dias-atuais_Prefeitura-de-Imigrante_Divulgacao-1920x2559.jpeg 1920w, https:\/\/folhapopular.info\/wp-content\/uploads\/2026\/03\/Charles-Porsche-enfatiza-que-o-momento-trara-reflexoes-sobre-os-dias-atuais_Prefeitura-de-Imigrante_Divulgacao-scaled.jpeg 1921w\" sizes=\"auto, (max-width: 768px) 100vw, 768px\" \/><figcaption class=\"wp-element-caption\">Charles Porsche enfatiza que o momento trar\u00e1<br>reflex\u00f5es sobre os dias atuais<\/figcaption><\/figure>\n\n\n\n<figure class=\"wp-block-image size-large\"><img loading=\"lazy\" decoding=\"async\" width=\"768\" height=\"1024\" data-id=\"205653\" src=\"https:\/\/folhapopular.info\/wp-content\/uploads\/2026\/03\/Eduarda-Demari-participou-da-divulgacao-do-evento_Arquivo-pessoal-768x1024.jpeg\" alt=\"\" class=\"wp-image-205653\" srcset=\"https:\/\/folhapopular.info\/wp-content\/uploads\/2026\/03\/Eduarda-Demari-participou-da-divulgacao-do-evento_Arquivo-pessoal-768x1024.jpeg 768w, https:\/\/folhapopular.info\/wp-content\/uploads\/2026\/03\/Eduarda-Demari-participou-da-divulgacao-do-evento_Arquivo-pessoal-225x300.jpeg 225w, https:\/\/folhapopular.info\/wp-content\/uploads\/2026\/03\/Eduarda-Demari-participou-da-divulgacao-do-evento_Arquivo-pessoal-1152x1536.jpeg 1152w, https:\/\/folhapopular.info\/wp-content\/uploads\/2026\/03\/Eduarda-Demari-participou-da-divulgacao-do-evento_Arquivo-pessoal-315x420.jpeg 315w, https:\/\/folhapopular.info\/wp-content\/uploads\/2026\/03\/Eduarda-Demari-participou-da-divulgacao-do-evento_Arquivo-pessoal-696x928.jpeg 696w, https:\/\/folhapopular.info\/wp-content\/uploads\/2026\/03\/Eduarda-Demari-participou-da-divulgacao-do-evento_Arquivo-pessoal-1068x1424.jpeg 1068w, https:\/\/folhapopular.info\/wp-content\/uploads\/2026\/03\/Eduarda-Demari-participou-da-divulgacao-do-evento_Arquivo-pessoal.jpeg 1200w\" sizes=\"auto, (max-width: 768px) 100vw, 768px\" \/><figcaption class=\"wp-element-caption\">Eduarda Demari participou da divulga\u00e7\u00e3o do evento<\/figcaption><\/figure>\n<figcaption class=\"blocks-gallery-caption wp-element-caption\">Cr\u00e9dito: Divulga\u00e7\u00e3o<\/figcaption><\/figure>\n\n\n\n<h2 class=\"wp-block-heading\"><strong>Assista \u00e0 entrevista:<\/strong><\/h2>\n\n\n\n<figure class=\"wp-block-embed is-type-video is-provider-youtube wp-block-embed-youtube wp-embed-aspect-16-9 wp-has-aspect-ratio\"><div class=\"wp-block-embed__wrapper\">\n<div class=\"youtube-embed\" data-video_id=\"APwacMXvYEg\"><iframe loading=\"lazy\" title=\"Paix\u00e3o de Cristo mobiliza comunidade e com\u00e9rcio se prepara para receber p\u00fablico em Imigrante\" width=\"696\" height=\"392\" src=\"https:\/\/www.youtube.com\/embed\/APwacMXvYEg?start=341&#038;feature=oembed\" frameborder=\"0\" allow=\"accelerometer; autoplay; clipboard-write; encrypted-media; gyroscope; picture-in-picture; web-share\" referrerpolicy=\"strict-origin-when-cross-origin\" allowfullscreen><\/iframe><\/div>\n<\/div><\/figure>\n","protected":false},"excerpt":{"rendered":"<p>O munic\u00edpio de Imigrante se prepara para um dos eventos culturais e religiosos mais aguardados da regi\u00e3o. A tradicional Paix\u00e3o de Cristo chega \u00e0 sua 20\u00aa edi\u00e7\u00e3o em 2026 e promete emocionar o p\u00fablico mais uma vez com uma encena\u00e7\u00e3o grandiosa ao ar livre, mesclada por f\u00e9, arte e participa\u00e7\u00e3o da comunidade. A novidade deste [&hellip;]<\/p>\n","protected":false},"author":732,"featured_media":205651,"comment_status":"open","ping_status":"open","sticky":false,"template":"","format":"standard","meta":{"pmpro_default_level":"","_jetpack_memberships_contains_paid_content":false,"footnotes":""},"categories":[2,6,11691,11000],"tags":[34,1042,2775,82],"class_list":{"0":"post-205650","1":"post","2":"type-post","3":"status-publish","4":"format-standard","5":"has-post-thumbnail","7":"category-featured","8":"category-inclusive","9":"category-religiosidade","10":"category-turismo","11":"tag-imigrante","12":"tag-paixao-de-cristo","13":"tag-religiosidade","14":"tag-turismo","15":"pmpro-has-access"},"yoast_head":"<!-- This site is optimized with the Yoast SEO plugin v27.5 - https:\/\/yoast.com\/product\/yoast-seo-wordpress\/ -->\n<title>A comunidade se une para fazer a Paix\u00e3o de Cristo sair da imagina\u00e7\u00e3o - Folha Popular<\/title>\n<meta name=\"robots\" content=\"index, follow, max-snippet:-1, max-image-preview:large, max-video-preview:-1\" \/>\n<link rel=\"canonical\" href=\"https:\/\/folhapopular.info\/index.php\/2026\/03\/11\/a-comunidade-se-une-para-fazer-a-paixao-de-cristo-sair-da-imaginacao\/\" \/>\n<meta property=\"og:locale\" content=\"pt_BR\" \/>\n<meta property=\"og:type\" content=\"article\" \/>\n<meta property=\"og:title\" content=\"A comunidade se une para fazer a Paix\u00e3o de Cristo sair da imagina\u00e7\u00e3o - Folha Popular\" \/>\n<meta property=\"og:description\" content=\"O munic\u00edpio de Imigrante se prepara para um dos eventos culturais e religiosos mais aguardados da regi\u00e3o. A tradicional Paix\u00e3o de Cristo chega \u00e0 sua 20\u00aa edi\u00e7\u00e3o em 2026 e promete emocionar o p\u00fablico mais uma vez com uma encena\u00e7\u00e3o grandiosa ao ar livre, mesclada por f\u00e9, arte e participa\u00e7\u00e3o da comunidade. A novidade deste [&hellip;]\" \/>\n<meta property=\"og:url\" content=\"https:\/\/folhapopular.info\/index.php\/2026\/03\/11\/a-comunidade-se-une-para-fazer-a-paixao-de-cristo-sair-da-imaginacao\/\" \/>\n<meta property=\"og:site_name\" content=\"Folha Popular\" \/>\n<meta property=\"article:author\" content=\"https:\/\/www.facebook.com\/luis.huppes\/\" \/>\n<meta property=\"article:published_time\" content=\"2026-03-11T18:00:00+00:00\" \/>\n<meta property=\"article:modified_time\" content=\"2026-03-11T18:40:10+00:00\" \/>\n<meta property=\"og:image\" content=\"http:\/\/folhapopular.info\/wp-content\/uploads\/2026\/03\/Edicao-de-2025-reuniu-14-mil-pessoas-em-duas-datas_Prefeitura-de-Imigrante_Divulgacao.jpg\" \/>\n\t<meta property=\"og:image:width\" content=\"1280\" \/>\n\t<meta property=\"og:image:height\" content=\"720\" \/>\n\t<meta property=\"og:image:type\" content=\"image\/jpeg\" \/>\n<meta name=\"author\" content=\"Luis Augusto Huppes\" \/>\n<meta name=\"twitter:card\" content=\"summary_large_image\" \/>\n<meta name=\"twitter:label1\" content=\"Escrito por\" \/>\n\t<meta name=\"twitter:data1\" content=\"Luis Augusto Huppes\" \/>\n\t<meta name=\"twitter:label2\" content=\"Est. tempo de leitura\" \/>\n\t<meta name=\"twitter:data2\" content=\"5 minutos\" \/>\n<script type=\"application\/ld+json\" class=\"yoast-schema-graph\">{\"@context\":\"https:\\\/\\\/schema.org\",\"@graph\":[{\"@type\":\"Article\",\"@id\":\"https:\\\/\\\/folhapopular.info\\\/index.php\\\/2026\\\/03\\\/11\\\/a-comunidade-se-une-para-fazer-a-paixao-de-cristo-sair-da-imaginacao\\\/#article\",\"isPartOf\":{\"@id\":\"https:\\\/\\\/folhapopular.info\\\/index.php\\\/2026\\\/03\\\/11\\\/a-comunidade-se-une-para-fazer-a-paixao-de-cristo-sair-da-imaginacao\\\/\"},\"author\":{\"name\":\"Luis Augusto Huppes\",\"@id\":\"https:\\\/\\\/folhapopular.info\\\/#\\\/schema\\\/person\\\/e852c327371714676d02e58cf917fd9f\"},\"headline\":\"A comunidade se une para fazer a Paix\u00e3o de Cristo sair da imagina\u00e7\u00e3o\",\"datePublished\":\"2026-03-11T18:00:00+00:00\",\"dateModified\":\"2026-03-11T18:40:10+00:00\",\"mainEntityOfPage\":{\"@id\":\"https:\\\/\\\/folhapopular.info\\\/index.php\\\/2026\\\/03\\\/11\\\/a-comunidade-se-une-para-fazer-a-paixao-de-cristo-sair-da-imaginacao\\\/\"},\"wordCount\":864,\"commentCount\":0,\"image\":{\"@id\":\"https:\\\/\\\/folhapopular.info\\\/index.php\\\/2026\\\/03\\\/11\\\/a-comunidade-se-une-para-fazer-a-paixao-de-cristo-sair-da-imaginacao\\\/#primaryimage\"},\"thumbnailUrl\":\"https:\\\/\\\/folhapopular.info\\\/wp-content\\\/uploads\\\/2026\\\/03\\\/Edicao-de-2025-reuniu-14-mil-pessoas-em-duas-datas_Prefeitura-de-Imigrante_Divulgacao.jpg\",\"keywords\":[\"Imigrante\",\"Paix\u00e3o de Cristo\",\"Religiosidade\",\"Turismo\"],\"articleSection\":[\"Destaques\",\"Inclusive\",\"Religiosidade\",\"Turismo\"],\"inLanguage\":\"pt-BR\",\"potentialAction\":[{\"@type\":\"CommentAction\",\"name\":\"Comment\",\"target\":[\"https:\\\/\\\/folhapopular.info\\\/index.php\\\/2026\\\/03\\\/11\\\/a-comunidade-se-une-para-fazer-a-paixao-de-cristo-sair-da-imaginacao\\\/#respond\"]}]},{\"@type\":\"WebPage\",\"@id\":\"https:\\\/\\\/folhapopular.info\\\/index.php\\\/2026\\\/03\\\/11\\\/a-comunidade-se-une-para-fazer-a-paixao-de-cristo-sair-da-imaginacao\\\/\",\"url\":\"https:\\\/\\\/folhapopular.info\\\/index.php\\\/2026\\\/03\\\/11\\\/a-comunidade-se-une-para-fazer-a-paixao-de-cristo-sair-da-imaginacao\\\/\",\"name\":\"A comunidade se une para fazer a Paix\u00e3o de Cristo sair da imagina\u00e7\u00e3o - Folha Popular\",\"isPartOf\":{\"@id\":\"https:\\\/\\\/folhapopular.info\\\/#website\"},\"primaryImageOfPage\":{\"@id\":\"https:\\\/\\\/folhapopular.info\\\/index.php\\\/2026\\\/03\\\/11\\\/a-comunidade-se-une-para-fazer-a-paixao-de-cristo-sair-da-imaginacao\\\/#primaryimage\"},\"image\":{\"@id\":\"https:\\\/\\\/folhapopular.info\\\/index.php\\\/2026\\\/03\\\/11\\\/a-comunidade-se-une-para-fazer-a-paixao-de-cristo-sair-da-imaginacao\\\/#primaryimage\"},\"thumbnailUrl\":\"https:\\\/\\\/folhapopular.info\\\/wp-content\\\/uploads\\\/2026\\\/03\\\/Edicao-de-2025-reuniu-14-mil-pessoas-em-duas-datas_Prefeitura-de-Imigrante_Divulgacao.jpg\",\"datePublished\":\"2026-03-11T18:00:00+00:00\",\"dateModified\":\"2026-03-11T18:40:10+00:00\",\"author\":{\"@id\":\"https:\\\/\\\/folhapopular.info\\\/#\\\/schema\\\/person\\\/e852c327371714676d02e58cf917fd9f\"},\"breadcrumb\":{\"@id\":\"https:\\\/\\\/folhapopular.info\\\/index.php\\\/2026\\\/03\\\/11\\\/a-comunidade-se-une-para-fazer-a-paixao-de-cristo-sair-da-imaginacao\\\/#breadcrumb\"},\"inLanguage\":\"pt-BR\",\"potentialAction\":[{\"@type\":\"ReadAction\",\"target\":[\"https:\\\/\\\/folhapopular.info\\\/index.php\\\/2026\\\/03\\\/11\\\/a-comunidade-se-une-para-fazer-a-paixao-de-cristo-sair-da-imaginacao\\\/\"]}]},{\"@type\":\"ImageObject\",\"inLanguage\":\"pt-BR\",\"@id\":\"https:\\\/\\\/folhapopular.info\\\/index.php\\\/2026\\\/03\\\/11\\\/a-comunidade-se-une-para-fazer-a-paixao-de-cristo-sair-da-imaginacao\\\/#primaryimage\",\"url\":\"https:\\\/\\\/folhapopular.info\\\/wp-content\\\/uploads\\\/2026\\\/03\\\/Edicao-de-2025-reuniu-14-mil-pessoas-em-duas-datas_Prefeitura-de-Imigrante_Divulgacao.jpg\",\"contentUrl\":\"https:\\\/\\\/folhapopular.info\\\/wp-content\\\/uploads\\\/2026\\\/03\\\/Edicao-de-2025-reuniu-14-mil-pessoas-em-duas-datas_Prefeitura-de-Imigrante_Divulgacao.jpg\",\"width\":1280,\"height\":720,\"caption\":\"Edi\u00e7\u00e3o de 2025 reuniu 14 mil pessoas em duas datas - Cr\u00e9dito: Prefeitura de Imigrante \\\/ Divulga\u00e7\u00e3o\"},{\"@type\":\"BreadcrumbList\",\"@id\":\"https:\\\/\\\/folhapopular.info\\\/index.php\\\/2026\\\/03\\\/11\\\/a-comunidade-se-une-para-fazer-a-paixao-de-cristo-sair-da-imaginacao\\\/#breadcrumb\",\"itemListElement\":[{\"@type\":\"ListItem\",\"position\":1,\"name\":\"In\u00edcio\",\"item\":\"https:\\\/\\\/folhapopular.info\\\/\"},{\"@type\":\"ListItem\",\"position\":2,\"name\":\"A comunidade se une para fazer a Paix\u00e3o de Cristo sair da imagina\u00e7\u00e3o\"}]},{\"@type\":\"WebSite\",\"@id\":\"https:\\\/\\\/folhapopular.info\\\/#website\",\"url\":\"https:\\\/\\\/folhapopular.info\\\/\",\"name\":\"Folha Popular\",\"description\":\"Onde voc\u00ea tem vez e voz\",\"potentialAction\":[{\"@type\":\"SearchAction\",\"target\":{\"@type\":\"EntryPoint\",\"urlTemplate\":\"https:\\\/\\\/folhapopular.info\\\/?s={search_term_string}\"},\"query-input\":{\"@type\":\"PropertyValueSpecification\",\"valueRequired\":true,\"valueName\":\"search_term_string\"}}],\"inLanguage\":\"pt-BR\"},{\"@type\":\"Person\",\"@id\":\"https:\\\/\\\/folhapopular.info\\\/#\\\/schema\\\/person\\\/e852c327371714676d02e58cf917fd9f\",\"name\":\"Luis Augusto Huppes\",\"image\":{\"@type\":\"ImageObject\",\"inLanguage\":\"pt-BR\",\"@id\":\"https:\\\/\\\/folhapopular.info\\\/wp-content\\\/uploads\\\/2026\\\/04\\\/Luis-Augusto-Huppes-1-1.webp\",\"url\":\"https:\\\/\\\/folhapopular.info\\\/wp-content\\\/uploads\\\/2026\\\/04\\\/Luis-Augusto-Huppes-1-1.webp\",\"contentUrl\":\"https:\\\/\\\/folhapopular.info\\\/wp-content\\\/uploads\\\/2026\\\/04\\\/Luis-Augusto-Huppes-1-1.webp\",\"caption\":\"Luis Augusto Huppes\"},\"sameAs\":[\"https:\\\/\\\/www.facebook.com\\\/luis.huppes\\\/\",\"https:\\\/\\\/www.instagram.com\\\/luis.huppes\\\/\",\"https:\\\/\\\/www.linkedin.com\\\/in\\\/luis-augusto-huppes-2554b52b7\\\/\"],\"url\":\"https:\\\/\\\/folhapopular.info\\\/index.php\\\/author\\\/luis-augusto-huppes\\\/\"}]}<\/script>\n<!-- \/ Yoast SEO plugin. -->","yoast_head_json":{"title":"A comunidade se une para fazer a Paix\u00e3o de Cristo sair da imagina\u00e7\u00e3o - Folha Popular","robots":{"index":"index","follow":"follow","max-snippet":"max-snippet:-1","max-image-preview":"max-image-preview:large","max-video-preview":"max-video-preview:-1"},"canonical":"https:\/\/folhapopular.info\/index.php\/2026\/03\/11\/a-comunidade-se-une-para-fazer-a-paixao-de-cristo-sair-da-imaginacao\/","og_locale":"pt_BR","og_type":"article","og_title":"A comunidade se une para fazer a Paix\u00e3o de Cristo sair da imagina\u00e7\u00e3o - Folha Popular","og_description":"O munic\u00edpio de Imigrante se prepara para um dos eventos culturais e religiosos mais aguardados da regi\u00e3o. A tradicional Paix\u00e3o de Cristo chega \u00e0 sua 20\u00aa edi\u00e7\u00e3o em 2026 e promete emocionar o p\u00fablico mais uma vez com uma encena\u00e7\u00e3o grandiosa ao ar livre, mesclada por f\u00e9, arte e participa\u00e7\u00e3o da comunidade. A novidade deste [&hellip;]","og_url":"https:\/\/folhapopular.info\/index.php\/2026\/03\/11\/a-comunidade-se-une-para-fazer-a-paixao-de-cristo-sair-da-imaginacao\/","og_site_name":"Folha Popular","article_author":"https:\/\/www.facebook.com\/luis.huppes\/","article_published_time":"2026-03-11T18:00:00+00:00","article_modified_time":"2026-03-11T18:40:10+00:00","og_image":[{"width":1280,"height":720,"url":"http:\/\/folhapopular.info\/wp-content\/uploads\/2026\/03\/Edicao-de-2025-reuniu-14-mil-pessoas-em-duas-datas_Prefeitura-de-Imigrante_Divulgacao.jpg","type":"image\/jpeg"}],"author":"Luis Augusto Huppes","twitter_card":"summary_large_image","twitter_misc":{"Escrito por":"Luis Augusto Huppes","Est. tempo de leitura":"5 minutos"},"schema":{"@context":"https:\/\/schema.org","@graph":[{"@type":"Article","@id":"https:\/\/folhapopular.info\/index.php\/2026\/03\/11\/a-comunidade-se-une-para-fazer-a-paixao-de-cristo-sair-da-imaginacao\/#article","isPartOf":{"@id":"https:\/\/folhapopular.info\/index.php\/2026\/03\/11\/a-comunidade-se-une-para-fazer-a-paixao-de-cristo-sair-da-imaginacao\/"},"author":{"name":"Luis Augusto Huppes","@id":"https:\/\/folhapopular.info\/#\/schema\/person\/e852c327371714676d02e58cf917fd9f"},"headline":"A comunidade se une para fazer a Paix\u00e3o de Cristo sair da imagina\u00e7\u00e3o","datePublished":"2026-03-11T18:00:00+00:00","dateModified":"2026-03-11T18:40:10+00:00","mainEntityOfPage":{"@id":"https:\/\/folhapopular.info\/index.php\/2026\/03\/11\/a-comunidade-se-une-para-fazer-a-paixao-de-cristo-sair-da-imaginacao\/"},"wordCount":864,"commentCount":0,"image":{"@id":"https:\/\/folhapopular.info\/index.php\/2026\/03\/11\/a-comunidade-se-une-para-fazer-a-paixao-de-cristo-sair-da-imaginacao\/#primaryimage"},"thumbnailUrl":"https:\/\/folhapopular.info\/wp-content\/uploads\/2026\/03\/Edicao-de-2025-reuniu-14-mil-pessoas-em-duas-datas_Prefeitura-de-Imigrante_Divulgacao.jpg","keywords":["Imigrante","Paix\u00e3o de Cristo","Religiosidade","Turismo"],"articleSection":["Destaques","Inclusive","Religiosidade","Turismo"],"inLanguage":"pt-BR","potentialAction":[{"@type":"CommentAction","name":"Comment","target":["https:\/\/folhapopular.info\/index.php\/2026\/03\/11\/a-comunidade-se-une-para-fazer-a-paixao-de-cristo-sair-da-imaginacao\/#respond"]}]},{"@type":"WebPage","@id":"https:\/\/folhapopular.info\/index.php\/2026\/03\/11\/a-comunidade-se-une-para-fazer-a-paixao-de-cristo-sair-da-imaginacao\/","url":"https:\/\/folhapopular.info\/index.php\/2026\/03\/11\/a-comunidade-se-une-para-fazer-a-paixao-de-cristo-sair-da-imaginacao\/","name":"A comunidade se une para fazer a Paix\u00e3o de Cristo sair da imagina\u00e7\u00e3o - Folha Popular","isPartOf":{"@id":"https:\/\/folhapopular.info\/#website"},"primaryImageOfPage":{"@id":"https:\/\/folhapopular.info\/index.php\/2026\/03\/11\/a-comunidade-se-une-para-fazer-a-paixao-de-cristo-sair-da-imaginacao\/#primaryimage"},"image":{"@id":"https:\/\/folhapopular.info\/index.php\/2026\/03\/11\/a-comunidade-se-une-para-fazer-a-paixao-de-cristo-sair-da-imaginacao\/#primaryimage"},"thumbnailUrl":"https:\/\/folhapopular.info\/wp-content\/uploads\/2026\/03\/Edicao-de-2025-reuniu-14-mil-pessoas-em-duas-datas_Prefeitura-de-Imigrante_Divulgacao.jpg","datePublished":"2026-03-11T18:00:00+00:00","dateModified":"2026-03-11T18:40:10+00:00","author":{"@id":"https:\/\/folhapopular.info\/#\/schema\/person\/e852c327371714676d02e58cf917fd9f"},"breadcrumb":{"@id":"https:\/\/folhapopular.info\/index.php\/2026\/03\/11\/a-comunidade-se-une-para-fazer-a-paixao-de-cristo-sair-da-imaginacao\/#breadcrumb"},"inLanguage":"pt-BR","potentialAction":[{"@type":"ReadAction","target":["https:\/\/folhapopular.info\/index.php\/2026\/03\/11\/a-comunidade-se-une-para-fazer-a-paixao-de-cristo-sair-da-imaginacao\/"]}]},{"@type":"ImageObject","inLanguage":"pt-BR","@id":"https:\/\/folhapopular.info\/index.php\/2026\/03\/11\/a-comunidade-se-une-para-fazer-a-paixao-de-cristo-sair-da-imaginacao\/#primaryimage","url":"https:\/\/folhapopular.info\/wp-content\/uploads\/2026\/03\/Edicao-de-2025-reuniu-14-mil-pessoas-em-duas-datas_Prefeitura-de-Imigrante_Divulgacao.jpg","contentUrl":"https:\/\/folhapopular.info\/wp-content\/uploads\/2026\/03\/Edicao-de-2025-reuniu-14-mil-pessoas-em-duas-datas_Prefeitura-de-Imigrante_Divulgacao.jpg","width":1280,"height":720,"caption":"Edi\u00e7\u00e3o de 2025 reuniu 14 mil pessoas em duas datas - Cr\u00e9dito: Prefeitura de Imigrante \/ Divulga\u00e7\u00e3o"},{"@type":"BreadcrumbList","@id":"https:\/\/folhapopular.info\/index.php\/2026\/03\/11\/a-comunidade-se-une-para-fazer-a-paixao-de-cristo-sair-da-imaginacao\/#breadcrumb","itemListElement":[{"@type":"ListItem","position":1,"name":"In\u00edcio","item":"https:\/\/folhapopular.info\/"},{"@type":"ListItem","position":2,"name":"A comunidade se une para fazer a Paix\u00e3o de Cristo sair da imagina\u00e7\u00e3o"}]},{"@type":"WebSite","@id":"https:\/\/folhapopular.info\/#website","url":"https:\/\/folhapopular.info\/","name":"Folha Popular","description":"Onde voc\u00ea tem vez e voz","potentialAction":[{"@type":"SearchAction","target":{"@type":"EntryPoint","urlTemplate":"https:\/\/folhapopular.info\/?s={search_term_string}"},"query-input":{"@type":"PropertyValueSpecification","valueRequired":true,"valueName":"search_term_string"}}],"inLanguage":"pt-BR"},{"@type":"Person","@id":"https:\/\/folhapopular.info\/#\/schema\/person\/e852c327371714676d02e58cf917fd9f","name":"Luis Augusto Huppes","image":{"@type":"ImageObject","inLanguage":"pt-BR","@id":"https:\/\/folhapopular.info\/wp-content\/uploads\/2026\/04\/Luis-Augusto-Huppes-1-1.webp","url":"https:\/\/folhapopular.info\/wp-content\/uploads\/2026\/04\/Luis-Augusto-Huppes-1-1.webp","contentUrl":"https:\/\/folhapopular.info\/wp-content\/uploads\/2026\/04\/Luis-Augusto-Huppes-1-1.webp","caption":"Luis Augusto Huppes"},"sameAs":["https:\/\/www.facebook.com\/luis.huppes\/","https:\/\/www.instagram.com\/luis.huppes\/","https:\/\/www.linkedin.com\/in\/luis-augusto-huppes-2554b52b7\/"],"url":"https:\/\/folhapopular.info\/index.php\/author\/luis-augusto-huppes\/"}]}},"jetpack_featured_media_url":"https:\/\/folhapopular.info\/wp-content\/uploads\/2026\/03\/Edicao-de-2025-reuniu-14-mil-pessoas-em-duas-datas_Prefeitura-de-Imigrante_Divulgacao.jpg","jetpack_sharing_enabled":true,"amp_enabled":true,"_links":{"self":[{"href":"https:\/\/folhapopular.info\/index.php\/wp-json\/wp\/v2\/posts\/205650","targetHints":{"allow":["GET"]}}],"collection":[{"href":"https:\/\/folhapopular.info\/index.php\/wp-json\/wp\/v2\/posts"}],"about":[{"href":"https:\/\/folhapopular.info\/index.php\/wp-json\/wp\/v2\/types\/post"}],"author":[{"embeddable":true,"href":"https:\/\/folhapopular.info\/index.php\/wp-json\/wp\/v2\/users\/732"}],"replies":[{"embeddable":true,"href":"https:\/\/folhapopular.info\/index.php\/wp-json\/wp\/v2\/comments?post=205650"}],"version-history":[{"count":0,"href":"https:\/\/folhapopular.info\/index.php\/wp-json\/wp\/v2\/posts\/205650\/revisions"}],"wp:featuredmedia":[{"embeddable":true,"href":"https:\/\/folhapopular.info\/index.php\/wp-json\/wp\/v2\/media\/205651"}],"wp:attachment":[{"href":"https:\/\/folhapopular.info\/index.php\/wp-json\/wp\/v2\/media?parent=205650"}],"wp:term":[{"taxonomy":"category","embeddable":true,"href":"https:\/\/folhapopular.info\/index.php\/wp-json\/wp\/v2\/categories?post=205650"},{"taxonomy":"post_tag","embeddable":true,"href":"https:\/\/folhapopular.info\/index.php\/wp-json\/wp\/v2\/tags?post=205650"}],"curies":[{"name":"wp","href":"https:\/\/api.w.org\/{rel}","templated":true}]}}