{"id":205675,"date":"2026-03-12T08:00:00","date_gmt":"2026-03-12T11:00:00","guid":{"rendered":"https:\/\/folhapopular.info\/?p=205675"},"modified":"2026-03-11T13:14:37","modified_gmt":"2026-03-11T16:14:37","slug":"prefeitura-conclui-levantamento-sobre-situacao-dos-abrigos-de-onibus","status":"publish","type":"post","link":"https:\/\/folhapopular.info\/index.php\/2026\/03\/12\/prefeitura-conclui-levantamento-sobre-situacao-dos-abrigos-de-onibus\/","title":{"rendered":"Prefeitura conclui levantamento sobre situa\u00e7\u00e3o dos abrigos de \u00f4nibus"},"content":{"rendered":"\n<p>A Prefeitura de Teut\u00f4nia realizou um levantamento, conclu\u00eddo em 29 de janeiro, que teve como intuito avaliar a qualidade dos abrigos de transporte p\u00fablico na cidade. Conforme o diretor de Tr\u00e2nsito, Roger Augusto Lagemann, das 62 paradas mapeadas na rota circular, entre 14 e 16 est\u00e3o em estado \u201cp\u00e9ssimo\u201d, sem qualquer condi\u00e7\u00e3o de reforma, exigindo a substitui\u00e7\u00e3o total por abrigos novos.<\/p>\n\n\n\n<p>O estudo analisou inicialmente o trajeto do \u00f4nibus circular interbairros, que liga Canabarro a Teut\u00f4nia, por ser o de maior fluxo. O relat\u00f3rio tamb\u00e9m apontou que cerca de 30 abrigos possuem potencial para revitaliza\u00e7\u00e3o, principalmente os do modelo \u201cconcha\u201d, que ainda apresentam boa estrutura met\u00e1lica.<\/p>\n\n\n\n<p>Al\u00e9m disso, quatro pontos foram identificados como inexistentes, apenas com placa de sinaliza\u00e7\u00e3o e sem cobertura para os usu\u00e1rios.<\/p>\n\n\n\n<p>Na sess\u00e3o da C\u00e2mara de Vereadores de Teut\u00f4nia da quarta-feira passada (4\/3), o vereador M\u00e1rcio Cristiano Vogel (MDB) indicou \u00e0 Prefeitura uma revis\u00e3o completa dos pontos de \u00f4nibus, com foco na limpeza, manuten\u00e7\u00e3o e substitui\u00e7\u00e3o de estruturas deterioradas.<\/p>\n\n\n\n<p>A iniciativa tamb\u00e9m sugere que a Administra\u00e7\u00e3o estude a ado\u00e7\u00e3o de um novo modelo de abrigo, mais moderno e confort\u00e1vel, capaz de proteger usu\u00e1rios e estudantes do sol intenso, da chuva e do vento.<\/p>\n\n\n\n<p>Segundo o vereador, muitos pontos n\u00e3o est\u00e3o padronizados e apresentam sinais de desgaste, o que compromete o conforto e a seguran\u00e7a de quem depende do transporte p\u00fablico para se deslocar ao trabalho, \u00e0 escola ou entre bairros.<\/p>\n\n\n\n<p>A proposta busca, portanto, qualificar a infraestrutura urbana e atender a uma demanda crescente por novos abrigos e condi\u00e7\u00f5es melhores nos locais de espera do transporte coletivo.<\/p>\n\n\n\n<p>Ao percorrer os bairros da cidade, a reportagem encontrou alguns pontos em mau estado de conserva\u00e7\u00e3o.<\/p>\n\n\n\n<p>No Bairro Canabarro, um dos exemplos \u00e9 uma parada atada por fios em uma resid\u00eancia. A a\u00e7\u00e3o, feita pelos moradores, demonstra a falta de estrutura de base, que n\u00e3o a deixa fixa no ch\u00e3o. A falta de cobertura tamb\u00e9m molha os usu\u00e1rios em dias de chuva.<\/p>\n\n\n\n<p>No Bairro Teut\u00f4nia, situa\u00e7\u00f5es tamb\u00e9m chamam a aten\u00e7\u00e3o. Outro abrigo de parada de \u00f4nibus existente foi constru\u00eddo de forma improvisada, em madeira. Embora ainda esteja em uso pela comunidade, a estrutura apresenta sinais de desgaste.<\/p>\n\n\n\n<p>J\u00e1 no Bairro Centro Administrativo, parte de um abrigo est\u00e1 no ch\u00e3o, ao lado da estrutura. O ponto tamb\u00e9m sofre com a invas\u00e3o de vegeta\u00e7\u00e3o.<\/p>\n\n\n\n<figure class=\"wp-block-gallery has-nested-images columns-default is-cropped wp-block-gallery-1 is-layout-flex wp-block-gallery-is-layout-flex\">\n<figure class=\"wp-block-image size-large\"><img loading=\"lazy\" decoding=\"async\" width=\"1024\" height=\"768\" data-id=\"205678\" src=\"https:\/\/folhapopular.info\/wp-content\/uploads\/2026\/03\/WhatsApp-Image-2026-03-11-at-13.11.54-1024x768.jpeg\" alt=\"\" class=\"wp-image-205678\" srcset=\"https:\/\/folhapopular.info\/wp-content\/uploads\/2026\/03\/WhatsApp-Image-2026-03-11-at-13.11.54-1024x768.jpeg 1024w, https:\/\/folhapopular.info\/wp-content\/uploads\/2026\/03\/WhatsApp-Image-2026-03-11-at-13.11.54-300x225.jpeg 300w, https:\/\/folhapopular.info\/wp-content\/uploads\/2026\/03\/WhatsApp-Image-2026-03-11-at-13.11.54-768x576.jpeg 768w, https:\/\/folhapopular.info\/wp-content\/uploads\/2026\/03\/WhatsApp-Image-2026-03-11-at-13.11.54-560x420.jpeg 560w, https:\/\/folhapopular.info\/wp-content\/uploads\/2026\/03\/WhatsApp-Image-2026-03-11-at-13.11.54-80x60.jpeg 80w, https:\/\/folhapopular.info\/wp-content\/uploads\/2026\/03\/WhatsApp-Image-2026-03-11-at-13.11.54-696x522.jpeg 696w, https:\/\/folhapopular.info\/wp-content\/uploads\/2026\/03\/WhatsApp-Image-2026-03-11-at-13.11.54-1068x801.jpeg 1068w, https:\/\/folhapopular.info\/wp-content\/uploads\/2026\/03\/WhatsApp-Image-2026-03-11-at-13.11.54.jpeg 1280w\" sizes=\"auto, (max-width: 1024px) 100vw, 1024px\" \/><figcaption class=\"wp-element-caption\"><br>Usu\u00e1rios de parada no Centro Administrativo precisam aguardar em meio \u00e0 vegeta\u00e7\u00e3o e cobertura impr\u00f3pria \/ Cr\u00e9dito: Gabriely Hartmann Mallmann<\/figcaption><\/figure>\n<\/figure>\n\n\n\n<h2 class=\"wp-block-heading\"><strong>Proje\u00e7\u00e3o de melhorias<\/strong><\/h2>\n\n\n\n<p>Ap\u00f3s a conclus\u00e3o do levantamento na rota principal do \u00f4nibus circular, o planejamento municipal prev\u00ea a expans\u00e3o das vistorias e melhorias a novas localidades, incluindo o Loteamento 8, a Vila Esperan\u00e7a e o Bairro Alesgut, al\u00e9m de contemplar trajetos espec\u00edficos do transporte escolar.<\/p>\n\n\n\n<p>Conforme Roger, a Prefeitura est\u00e1 em fase de defini\u00e7\u00e3o do modelo. O mesmo deve seguir o padr\u00e3o em forma de concha, j\u00e1 utilizado em alguns pontos da cidade. Ainda, estuda-se a substitui\u00e7\u00e3o da fibra de vidro pelo ACM (alum\u00ednio composto), material com maior durabilidade e conforto t\u00e9rmico.<\/p>\n\n\n\n<p>A partir disso, ser\u00e3o buscados parceiros para a reforma e aquisi\u00e7\u00e3o de abrigos novos, atrav\u00e9s da reativa\u00e7\u00e3o do programa \u201cAdote uma Parada de \u00d4nibus\u201d, criado em 2019 a partir da lei municipal n\u00ba 5.247. A lei estabelece a colabora\u00e7\u00e3o direta de pessoas f\u00edsicas ou jur\u00eddicas de direito p\u00fablico ou privado, que dever\u00e3o manter as normas de conserva\u00e7\u00e3o estabelecidas pelo setor competente e seguir as normas NBR 9050 de Acessibilidade.<\/p>\n\n\n\n<figure class=\"wp-block-gallery has-nested-images columns-default is-cropped wp-block-gallery-2 is-layout-flex wp-block-gallery-is-layout-flex\">\n<figure class=\"wp-block-image size-large\"><img loading=\"lazy\" decoding=\"async\" width=\"1024\" height=\"768\" data-id=\"205679\" src=\"https:\/\/folhapopular.info\/wp-content\/uploads\/2026\/03\/No-Bairro-Teutonia-estrutura-localizada-na-Rua-Mauricio-Cardoso-foi-construida-de-forma-improvisada_LAH-1024x768.jpeg\" alt=\"\" class=\"wp-image-205679\" srcset=\"https:\/\/folhapopular.info\/wp-content\/uploads\/2026\/03\/No-Bairro-Teutonia-estrutura-localizada-na-Rua-Mauricio-Cardoso-foi-construida-de-forma-improvisada_LAH-1024x768.jpeg 1024w, https:\/\/folhapopular.info\/wp-content\/uploads\/2026\/03\/No-Bairro-Teutonia-estrutura-localizada-na-Rua-Mauricio-Cardoso-foi-construida-de-forma-improvisada_LAH-300x225.jpeg 300w, https:\/\/folhapopular.info\/wp-content\/uploads\/2026\/03\/No-Bairro-Teutonia-estrutura-localizada-na-Rua-Mauricio-Cardoso-foi-construida-de-forma-improvisada_LAH-768x576.jpeg 768w, https:\/\/folhapopular.info\/wp-content\/uploads\/2026\/03\/No-Bairro-Teutonia-estrutura-localizada-na-Rua-Mauricio-Cardoso-foi-construida-de-forma-improvisada_LAH-560x420.jpeg 560w, https:\/\/folhapopular.info\/wp-content\/uploads\/2026\/03\/No-Bairro-Teutonia-estrutura-localizada-na-Rua-Mauricio-Cardoso-foi-construida-de-forma-improvisada_LAH-80x60.jpeg 80w, https:\/\/folhapopular.info\/wp-content\/uploads\/2026\/03\/No-Bairro-Teutonia-estrutura-localizada-na-Rua-Mauricio-Cardoso-foi-construida-de-forma-improvisada_LAH-696x522.jpeg 696w, https:\/\/folhapopular.info\/wp-content\/uploads\/2026\/03\/No-Bairro-Teutonia-estrutura-localizada-na-Rua-Mauricio-Cardoso-foi-construida-de-forma-improvisada_LAH-1068x801.jpeg 1068w, https:\/\/folhapopular.info\/wp-content\/uploads\/2026\/03\/No-Bairro-Teutonia-estrutura-localizada-na-Rua-Mauricio-Cardoso-foi-construida-de-forma-improvisada_LAH.jpeg 1280w\" sizes=\"auto, (max-width: 1024px) 100vw, 1024px\" \/><figcaption class=\"wp-element-caption\"><br>No Bairro Teut\u00f4nia, estrutura localizada na Rua Maur\u00edcio Cardoso foi constru\u00edda de forma improvisada \/ Cr\u00e9dito: Luis Augusto Huppes<\/figcaption><\/figure>\n<\/figure>\n","protected":false},"excerpt":{"rendered":"<p>A Prefeitura de Teut\u00f4nia realizou um levantamento, conclu\u00eddo em 29 de janeiro, que teve como intuito avaliar a qualidade dos abrigos de transporte p\u00fablico na cidade. Conforme o diretor de Tr\u00e2nsito, Roger Augusto Lagemann, das 62 paradas mapeadas na rota circular, entre 14 e 16 est\u00e3o em estado \u201cp\u00e9ssimo\u201d, sem qualquer condi\u00e7\u00e3o de reforma, exigindo [&hellip;]<\/p>\n","protected":false},"author":773,"featured_media":205677,"comment_status":"open","ping_status":"open","sticky":false,"template":"","format":"standard","meta":{"pmpro_default_level":"","_jetpack_memberships_contains_paid_content":false,"footnotes":""},"categories":[2,3],"tags":[3082,6004,26,1757],"class_list":{"0":"post-205675","1":"post","2":"type-post","3":"status-publish","4":"format-standard","5":"has-post-thumbnail","7":"category-featured","8":"category-geral","9":"tag-onibus","10":"tag-parada-de-onibus","11":"tag-teutonia","12":"tag-transporte-publico","13":"pmpro-has-access"},"yoast_head":"<!-- This site is optimized with the Yoast SEO plugin v27.5 - https:\/\/yoast.com\/product\/yoast-seo-wordpress\/ -->\n<title>Prefeitura conclui levantamento sobre situa\u00e7\u00e3o dos abrigos de \u00f4nibus - Folha Popular<\/title>\n<meta name=\"robots\" content=\"index, follow, max-snippet:-1, max-image-preview:large, max-video-preview:-1\" \/>\n<link rel=\"canonical\" href=\"https:\/\/folhapopular.info\/index.php\/2026\/03\/12\/prefeitura-conclui-levantamento-sobre-situacao-dos-abrigos-de-onibus\/\" \/>\n<meta property=\"og:locale\" content=\"pt_BR\" \/>\n<meta property=\"og:type\" content=\"article\" \/>\n<meta property=\"og:title\" content=\"Prefeitura conclui levantamento sobre situa\u00e7\u00e3o dos abrigos de \u00f4nibus - Folha Popular\" \/>\n<meta property=\"og:description\" content=\"A Prefeitura de Teut\u00f4nia realizou um levantamento, conclu\u00eddo em 29 de janeiro, que teve como intuito avaliar a qualidade dos abrigos de transporte p\u00fablico na cidade. Conforme o diretor de Tr\u00e2nsito, Roger Augusto Lagemann, das 62 paradas mapeadas na rota circular, entre 14 e 16 est\u00e3o em estado \u201cp\u00e9ssimo\u201d, sem qualquer condi\u00e7\u00e3o de reforma, exigindo [&hellip;]\" \/>\n<meta property=\"og:url\" content=\"https:\/\/folhapopular.info\/index.php\/2026\/03\/12\/prefeitura-conclui-levantamento-sobre-situacao-dos-abrigos-de-onibus\/\" \/>\n<meta property=\"og:site_name\" content=\"Folha Popular\" \/>\n<meta property=\"article:published_time\" content=\"2026-03-12T11:00:00+00:00\" \/>\n<meta property=\"og:image\" content=\"https:\/\/folhapopular.info\/wp-content\/uploads\/2026\/03\/WhatsApp-Image-2026-03-11-at-13.10.23.jpeg\" \/>\n\t<meta property=\"og:image:width\" content=\"1280\" \/>\n\t<meta property=\"og:image:height\" content=\"960\" \/>\n\t<meta property=\"og:image:type\" content=\"image\/jpeg\" \/>\n<meta name=\"author\" content=\"Gabriely Hartmann Mallmann\" \/>\n<meta name=\"twitter:card\" content=\"summary_large_image\" \/>\n<meta name=\"twitter:label1\" content=\"Escrito por\" \/>\n\t<meta name=\"twitter:data1\" content=\"Gabriely Hartmann Mallmann\" \/>\n\t<meta name=\"twitter:label2\" content=\"Est. tempo de leitura\" \/>\n\t<meta name=\"twitter:data2\" content=\"4 minutos\" \/>\n<script type=\"application\/ld+json\" class=\"yoast-schema-graph\">{\"@context\":\"https:\\\/\\\/schema.org\",\"@graph\":[{\"@type\":\"Article\",\"@id\":\"https:\\\/\\\/folhapopular.info\\\/index.php\\\/2026\\\/03\\\/12\\\/prefeitura-conclui-levantamento-sobre-situacao-dos-abrigos-de-onibus\\\/#article\",\"isPartOf\":{\"@id\":\"https:\\\/\\\/folhapopular.info\\\/index.php\\\/2026\\\/03\\\/12\\\/prefeitura-conclui-levantamento-sobre-situacao-dos-abrigos-de-onibus\\\/\"},\"author\":{\"name\":\"Gabriely Hartmann Mallmann\",\"@id\":\"https:\\\/\\\/folhapopular.info\\\/#\\\/schema\\\/person\\\/41b3bb1ecf6e33e81cbab2c29b178754\"},\"headline\":\"Prefeitura conclui levantamento sobre situa\u00e7\u00e3o dos abrigos de \u00f4nibus\",\"datePublished\":\"2026-03-12T11:00:00+00:00\",\"mainEntityOfPage\":{\"@id\":\"https:\\\/\\\/folhapopular.info\\\/index.php\\\/2026\\\/03\\\/12\\\/prefeitura-conclui-levantamento-sobre-situacao-dos-abrigos-de-onibus\\\/\"},\"wordCount\":657,\"commentCount\":0,\"image\":{\"@id\":\"https:\\\/\\\/folhapopular.info\\\/index.php\\\/2026\\\/03\\\/12\\\/prefeitura-conclui-levantamento-sobre-situacao-dos-abrigos-de-onibus\\\/#primaryimage\"},\"thumbnailUrl\":\"https:\\\/\\\/folhapopular.info\\\/wp-content\\\/uploads\\\/2026\\\/03\\\/WhatsApp-Image-2026-03-11-at-13.10.23.jpeg\",\"keywords\":[\"\u00d4nibus\",\"Parada de \u00f4nibus\",\"Teut\u00f4nia\",\"Transporte P\u00fablico\"],\"articleSection\":[\"Destaques\",\"Geral\"],\"inLanguage\":\"pt-BR\",\"potentialAction\":[{\"@type\":\"CommentAction\",\"name\":\"Comment\",\"target\":[\"https:\\\/\\\/folhapopular.info\\\/index.php\\\/2026\\\/03\\\/12\\\/prefeitura-conclui-levantamento-sobre-situacao-dos-abrigos-de-onibus\\\/#respond\"]}]},{\"@type\":\"WebPage\",\"@id\":\"https:\\\/\\\/folhapopular.info\\\/index.php\\\/2026\\\/03\\\/12\\\/prefeitura-conclui-levantamento-sobre-situacao-dos-abrigos-de-onibus\\\/\",\"url\":\"https:\\\/\\\/folhapopular.info\\\/index.php\\\/2026\\\/03\\\/12\\\/prefeitura-conclui-levantamento-sobre-situacao-dos-abrigos-de-onibus\\\/\",\"name\":\"Prefeitura conclui levantamento sobre situa\u00e7\u00e3o dos abrigos de \u00f4nibus - Folha Popular\",\"isPartOf\":{\"@id\":\"https:\\\/\\\/folhapopular.info\\\/#website\"},\"primaryImageOfPage\":{\"@id\":\"https:\\\/\\\/folhapopular.info\\\/index.php\\\/2026\\\/03\\\/12\\\/prefeitura-conclui-levantamento-sobre-situacao-dos-abrigos-de-onibus\\\/#primaryimage\"},\"image\":{\"@id\":\"https:\\\/\\\/folhapopular.info\\\/index.php\\\/2026\\\/03\\\/12\\\/prefeitura-conclui-levantamento-sobre-situacao-dos-abrigos-de-onibus\\\/#primaryimage\"},\"thumbnailUrl\":\"https:\\\/\\\/folhapopular.info\\\/wp-content\\\/uploads\\\/2026\\\/03\\\/WhatsApp-Image-2026-03-11-at-13.10.23.jpeg\",\"datePublished\":\"2026-03-12T11:00:00+00:00\",\"author\":{\"@id\":\"https:\\\/\\\/folhapopular.info\\\/#\\\/schema\\\/person\\\/41b3bb1ecf6e33e81cbab2c29b178754\"},\"breadcrumb\":{\"@id\":\"https:\\\/\\\/folhapopular.info\\\/index.php\\\/2026\\\/03\\\/12\\\/prefeitura-conclui-levantamento-sobre-situacao-dos-abrigos-de-onibus\\\/#breadcrumb\"},\"inLanguage\":\"pt-BR\",\"potentialAction\":[{\"@type\":\"ReadAction\",\"target\":[\"https:\\\/\\\/folhapopular.info\\\/index.php\\\/2026\\\/03\\\/12\\\/prefeitura-conclui-levantamento-sobre-situacao-dos-abrigos-de-onibus\\\/\"]}]},{\"@type\":\"ImageObject\",\"inLanguage\":\"pt-BR\",\"@id\":\"https:\\\/\\\/folhapopular.info\\\/index.php\\\/2026\\\/03\\\/12\\\/prefeitura-conclui-levantamento-sobre-situacao-dos-abrigos-de-onibus\\\/#primaryimage\",\"url\":\"https:\\\/\\\/folhapopular.info\\\/wp-content\\\/uploads\\\/2026\\\/03\\\/WhatsApp-Image-2026-03-11-at-13.10.23.jpeg\",\"contentUrl\":\"https:\\\/\\\/folhapopular.info\\\/wp-content\\\/uploads\\\/2026\\\/03\\\/WhatsApp-Image-2026-03-11-at-13.10.23.jpeg\",\"width\":1280,\"height\":960,\"caption\":\"Em Canabarro, ponto precisou ser apoiado em muro e no banco para permanecer em p\u00e9 \\\/ Cr\u00e9dito: Gabriely Hartmann Mallmann\"},{\"@type\":\"BreadcrumbList\",\"@id\":\"https:\\\/\\\/folhapopular.info\\\/index.php\\\/2026\\\/03\\\/12\\\/prefeitura-conclui-levantamento-sobre-situacao-dos-abrigos-de-onibus\\\/#breadcrumb\",\"itemListElement\":[{\"@type\":\"ListItem\",\"position\":1,\"name\":\"In\u00edcio\",\"item\":\"https:\\\/\\\/folhapopular.info\\\/\"},{\"@type\":\"ListItem\",\"position\":2,\"name\":\"Prefeitura conclui levantamento sobre situa\u00e7\u00e3o dos abrigos de \u00f4nibus\"}]},{\"@type\":\"WebSite\",\"@id\":\"https:\\\/\\\/folhapopular.info\\\/#website\",\"url\":\"https:\\\/\\\/folhapopular.info\\\/\",\"name\":\"Folha Popular\",\"description\":\"Onde voc\u00ea tem vez e voz\",\"potentialAction\":[{\"@type\":\"SearchAction\",\"target\":{\"@type\":\"EntryPoint\",\"urlTemplate\":\"https:\\\/\\\/folhapopular.info\\\/?s={search_term_string}\"},\"query-input\":{\"@type\":\"PropertyValueSpecification\",\"valueRequired\":true,\"valueName\":\"search_term_string\"}}],\"inLanguage\":\"pt-BR\"},{\"@type\":\"Person\",\"@id\":\"https:\\\/\\\/folhapopular.info\\\/#\\\/schema\\\/person\\\/41b3bb1ecf6e33e81cbab2c29b178754\",\"name\":\"Gabriely Hartmann Mallmann\",\"image\":{\"@type\":\"ImageObject\",\"inLanguage\":\"pt-BR\",\"@id\":\"https:\\\/\\\/secure.gravatar.com\\\/avatar\\\/92999d30b0cc9bf49e6aa3c07c592bb06855a37dcfbdc7bbe6567a4637e999ce?s=96&d=mm&r=g\",\"url\":\"https:\\\/\\\/secure.gravatar.com\\\/avatar\\\/92999d30b0cc9bf49e6aa3c07c592bb06855a37dcfbdc7bbe6567a4637e999ce?s=96&d=mm&r=g\",\"contentUrl\":\"https:\\\/\\\/secure.gravatar.com\\\/avatar\\\/92999d30b0cc9bf49e6aa3c07c592bb06855a37dcfbdc7bbe6567a4637e999ce?s=96&d=mm&r=g\",\"caption\":\"Gabriely Hartmann Mallmann\"},\"url\":\"https:\\\/\\\/folhapopular.info\\\/index.php\\\/author\\\/gabriely-hartmann-mallmann\\\/\"}]}<\/script>\n<!-- \/ Yoast SEO plugin. -->","yoast_head_json":{"title":"Prefeitura conclui levantamento sobre situa\u00e7\u00e3o dos abrigos de \u00f4nibus - Folha Popular","robots":{"index":"index","follow":"follow","max-snippet":"max-snippet:-1","max-image-preview":"max-image-preview:large","max-video-preview":"max-video-preview:-1"},"canonical":"https:\/\/folhapopular.info\/index.php\/2026\/03\/12\/prefeitura-conclui-levantamento-sobre-situacao-dos-abrigos-de-onibus\/","og_locale":"pt_BR","og_type":"article","og_title":"Prefeitura conclui levantamento sobre situa\u00e7\u00e3o dos abrigos de \u00f4nibus - Folha Popular","og_description":"A Prefeitura de Teut\u00f4nia realizou um levantamento, conclu\u00eddo em 29 de janeiro, que teve como intuito avaliar a qualidade dos abrigos de transporte p\u00fablico na cidade. Conforme o diretor de Tr\u00e2nsito, Roger Augusto Lagemann, das 62 paradas mapeadas na rota circular, entre 14 e 16 est\u00e3o em estado \u201cp\u00e9ssimo\u201d, sem qualquer condi\u00e7\u00e3o de reforma, exigindo [&hellip;]","og_url":"https:\/\/folhapopular.info\/index.php\/2026\/03\/12\/prefeitura-conclui-levantamento-sobre-situacao-dos-abrigos-de-onibus\/","og_site_name":"Folha Popular","article_published_time":"2026-03-12T11:00:00+00:00","og_image":[{"width":1280,"height":960,"url":"https:\/\/folhapopular.info\/wp-content\/uploads\/2026\/03\/WhatsApp-Image-2026-03-11-at-13.10.23.jpeg","type":"image\/jpeg"}],"author":"Gabriely Hartmann Mallmann","twitter_card":"summary_large_image","twitter_misc":{"Escrito por":"Gabriely Hartmann Mallmann","Est. tempo de leitura":"4 minutos"},"schema":{"@context":"https:\/\/schema.org","@graph":[{"@type":"Article","@id":"https:\/\/folhapopular.info\/index.php\/2026\/03\/12\/prefeitura-conclui-levantamento-sobre-situacao-dos-abrigos-de-onibus\/#article","isPartOf":{"@id":"https:\/\/folhapopular.info\/index.php\/2026\/03\/12\/prefeitura-conclui-levantamento-sobre-situacao-dos-abrigos-de-onibus\/"},"author":{"name":"Gabriely Hartmann Mallmann","@id":"https:\/\/folhapopular.info\/#\/schema\/person\/41b3bb1ecf6e33e81cbab2c29b178754"},"headline":"Prefeitura conclui levantamento sobre situa\u00e7\u00e3o dos abrigos de \u00f4nibus","datePublished":"2026-03-12T11:00:00+00:00","mainEntityOfPage":{"@id":"https:\/\/folhapopular.info\/index.php\/2026\/03\/12\/prefeitura-conclui-levantamento-sobre-situacao-dos-abrigos-de-onibus\/"},"wordCount":657,"commentCount":0,"image":{"@id":"https:\/\/folhapopular.info\/index.php\/2026\/03\/12\/prefeitura-conclui-levantamento-sobre-situacao-dos-abrigos-de-onibus\/#primaryimage"},"thumbnailUrl":"https:\/\/folhapopular.info\/wp-content\/uploads\/2026\/03\/WhatsApp-Image-2026-03-11-at-13.10.23.jpeg","keywords":["\u00d4nibus","Parada de \u00f4nibus","Teut\u00f4nia","Transporte P\u00fablico"],"articleSection":["Destaques","Geral"],"inLanguage":"pt-BR","potentialAction":[{"@type":"CommentAction","name":"Comment","target":["https:\/\/folhapopular.info\/index.php\/2026\/03\/12\/prefeitura-conclui-levantamento-sobre-situacao-dos-abrigos-de-onibus\/#respond"]}]},{"@type":"WebPage","@id":"https:\/\/folhapopular.info\/index.php\/2026\/03\/12\/prefeitura-conclui-levantamento-sobre-situacao-dos-abrigos-de-onibus\/","url":"https:\/\/folhapopular.info\/index.php\/2026\/03\/12\/prefeitura-conclui-levantamento-sobre-situacao-dos-abrigos-de-onibus\/","name":"Prefeitura conclui levantamento sobre situa\u00e7\u00e3o dos abrigos de \u00f4nibus - Folha Popular","isPartOf":{"@id":"https:\/\/folhapopular.info\/#website"},"primaryImageOfPage":{"@id":"https:\/\/folhapopular.info\/index.php\/2026\/03\/12\/prefeitura-conclui-levantamento-sobre-situacao-dos-abrigos-de-onibus\/#primaryimage"},"image":{"@id":"https:\/\/folhapopular.info\/index.php\/2026\/03\/12\/prefeitura-conclui-levantamento-sobre-situacao-dos-abrigos-de-onibus\/#primaryimage"},"thumbnailUrl":"https:\/\/folhapopular.info\/wp-content\/uploads\/2026\/03\/WhatsApp-Image-2026-03-11-at-13.10.23.jpeg","datePublished":"2026-03-12T11:00:00+00:00","author":{"@id":"https:\/\/folhapopular.info\/#\/schema\/person\/41b3bb1ecf6e33e81cbab2c29b178754"},"breadcrumb":{"@id":"https:\/\/folhapopular.info\/index.php\/2026\/03\/12\/prefeitura-conclui-levantamento-sobre-situacao-dos-abrigos-de-onibus\/#breadcrumb"},"inLanguage":"pt-BR","potentialAction":[{"@type":"ReadAction","target":["https:\/\/folhapopular.info\/index.php\/2026\/03\/12\/prefeitura-conclui-levantamento-sobre-situacao-dos-abrigos-de-onibus\/"]}]},{"@type":"ImageObject","inLanguage":"pt-BR","@id":"https:\/\/folhapopular.info\/index.php\/2026\/03\/12\/prefeitura-conclui-levantamento-sobre-situacao-dos-abrigos-de-onibus\/#primaryimage","url":"https:\/\/folhapopular.info\/wp-content\/uploads\/2026\/03\/WhatsApp-Image-2026-03-11-at-13.10.23.jpeg","contentUrl":"https:\/\/folhapopular.info\/wp-content\/uploads\/2026\/03\/WhatsApp-Image-2026-03-11-at-13.10.23.jpeg","width":1280,"height":960,"caption":"Em Canabarro, ponto precisou ser apoiado em muro e no banco para permanecer em p\u00e9 \/ Cr\u00e9dito: Gabriely Hartmann Mallmann"},{"@type":"BreadcrumbList","@id":"https:\/\/folhapopular.info\/index.php\/2026\/03\/12\/prefeitura-conclui-levantamento-sobre-situacao-dos-abrigos-de-onibus\/#breadcrumb","itemListElement":[{"@type":"ListItem","position":1,"name":"In\u00edcio","item":"https:\/\/folhapopular.info\/"},{"@type":"ListItem","position":2,"name":"Prefeitura conclui levantamento sobre situa\u00e7\u00e3o dos abrigos de \u00f4nibus"}]},{"@type":"WebSite","@id":"https:\/\/folhapopular.info\/#website","url":"https:\/\/folhapopular.info\/","name":"Folha Popular","description":"Onde voc\u00ea tem vez e voz","potentialAction":[{"@type":"SearchAction","target":{"@type":"EntryPoint","urlTemplate":"https:\/\/folhapopular.info\/?s={search_term_string}"},"query-input":{"@type":"PropertyValueSpecification","valueRequired":true,"valueName":"search_term_string"}}],"inLanguage":"pt-BR"},{"@type":"Person","@id":"https:\/\/folhapopular.info\/#\/schema\/person\/41b3bb1ecf6e33e81cbab2c29b178754","name":"Gabriely Hartmann Mallmann","image":{"@type":"ImageObject","inLanguage":"pt-BR","@id":"https:\/\/secure.gravatar.com\/avatar\/92999d30b0cc9bf49e6aa3c07c592bb06855a37dcfbdc7bbe6567a4637e999ce?s=96&d=mm&r=g","url":"https:\/\/secure.gravatar.com\/avatar\/92999d30b0cc9bf49e6aa3c07c592bb06855a37dcfbdc7bbe6567a4637e999ce?s=96&d=mm&r=g","contentUrl":"https:\/\/secure.gravatar.com\/avatar\/92999d30b0cc9bf49e6aa3c07c592bb06855a37dcfbdc7bbe6567a4637e999ce?s=96&d=mm&r=g","caption":"Gabriely Hartmann Mallmann"},"url":"https:\/\/folhapopular.info\/index.php\/author\/gabriely-hartmann-mallmann\/"}]}},"jetpack_featured_media_url":"https:\/\/folhapopular.info\/wp-content\/uploads\/2026\/03\/WhatsApp-Image-2026-03-11-at-13.10.23.jpeg","jetpack_sharing_enabled":true,"amp_enabled":true,"_links":{"self":[{"href":"https:\/\/folhapopular.info\/index.php\/wp-json\/wp\/v2\/posts\/205675","targetHints":{"allow":["GET"]}}],"collection":[{"href":"https:\/\/folhapopular.info\/index.php\/wp-json\/wp\/v2\/posts"}],"about":[{"href":"https:\/\/folhapopular.info\/index.php\/wp-json\/wp\/v2\/types\/post"}],"author":[{"embeddable":true,"href":"https:\/\/folhapopular.info\/index.php\/wp-json\/wp\/v2\/users\/773"}],"replies":[{"embeddable":true,"href":"https:\/\/folhapopular.info\/index.php\/wp-json\/wp\/v2\/comments?post=205675"}],"version-history":[{"count":0,"href":"https:\/\/folhapopular.info\/index.php\/wp-json\/wp\/v2\/posts\/205675\/revisions"}],"wp:featuredmedia":[{"embeddable":true,"href":"https:\/\/folhapopular.info\/index.php\/wp-json\/wp\/v2\/media\/205677"}],"wp:attachment":[{"href":"https:\/\/folhapopular.info\/index.php\/wp-json\/wp\/v2\/media?parent=205675"}],"wp:term":[{"taxonomy":"category","embeddable":true,"href":"https:\/\/folhapopular.info\/index.php\/wp-json\/wp\/v2\/categories?post=205675"},{"taxonomy":"post_tag","embeddable":true,"href":"https:\/\/folhapopular.info\/index.php\/wp-json\/wp\/v2\/tags?post=205675"}],"curies":[{"name":"wp","href":"https:\/\/api.w.org\/{rel}","templated":true}]}}