{"id":205690,"date":"2026-03-11T13:27:10","date_gmt":"2026-03-11T16:27:10","guid":{"rendered":"https:\/\/folhapopular.info\/?p=205690"},"modified":"2026-03-11T13:35:38","modified_gmt":"2026-03-11T16:35:38","slug":"vereador-de-estrela-destaca-melhorias-e-ampliacao-de-servicos","status":"publish","type":"post","link":"https:\/\/folhapopular.info\/index.php\/2026\/03\/11\/vereador-de-estrela-destaca-melhorias-e-ampliacao-de-servicos\/","title":{"rendered":"Vereador de Estrela destaca melhorias e amplia\u00e7\u00e3o de servi\u00e7os"},"content":{"rendered":"<p>O vereador \u00c9lio Jair Kunzler (MDB) destacou as melhorias realizadas no posto de sa\u00fade do Bairro Imigrantes e anunciou novas interven\u00e7\u00f5es em unidades do munic\u00edpio. O parlamentar se manifestou durante a sess\u00e3o ordin\u00e1ria da C\u00e2mara de Vereadores de Estrela, realizada nessa segunda-feira (9\/3). O parlamentar relembrou que a constru\u00e7\u00e3o da unidade ocorreu ainda em seu&#8230; <\/p>\n<div class=\"pmpro\">\n<div class=\"pmpro_card pmpro_content_message\">\n<div class=\"pmpro_card_content\">Este conte\u00fado \u00e9 apenas para associados Grupo Popular &#8211; Conte\u00fado Total Anual e Grupo Popular &#8211; Conte\u00fado Total Mensal. <br \/><a href=\"https:\/\/folhapopular.info\/wp-login.php?action=register\">Cadastre-se<\/a><\/div>\n<div class=\"pmpro_card_actions pmpro_font-medium\">J\u00e1 se associou? <a href=\"https:\/\/folhapopular.info\/wp-login.php?redirect_to=https%3A%2F%2Ffolhapopular.info%2Findex.php%2F2026%2F03%2F11%2Fvereador-de-estrela-destaca-melhorias-e-ampliacao-de-servicos%2F\">Acesse aqui<\/a><\/div>\n<\/div>\n<\/div>\n","protected":false},"excerpt":{"rendered":"<p>O vereador \u00c9lio Jair Kunzler (MDB) destacou as melhorias realizadas no posto de sa\u00fade do Bairro Imigrantes e anunciou novas interven\u00e7\u00f5es em unidades do munic\u00edpio. O parlamentar se manifestou durante a sess\u00e3o ordin\u00e1ria da C\u00e2mara de Vereadores de Estrela, realizada nessa segunda-feira (9\/3). O parlamentar relembrou que a constru\u00e7\u00e3o da unidade ocorreu ainda em seu... <\/p>\n<div class=\"pmpro\"><div class=\"pmpro_card pmpro_content_message\"><div class=\"pmpro_card_content\">Este conte\u00fado \u00e9 apenas para associados Grupo Popular - Conte\u00fado Total Anual e Grupo Popular - Conte\u00fado Total Mensal. <br \/><a href=\"https:\/\/folhapopular.info\/wp-login.php?action=register\">Cadastre-se<\/a><\/div><div class=\"pmpro_card_actions pmpro_font-medium\">J\u00e1 se associou? <a href=\"https:\/\/folhapopular.info\/wp-login.php?redirect_to=https%3A%2F%2Ffolhapopular.info%2Findex.php%2F2026%2F03%2F11%2Fvereador-de-estrela-destaca-melhorias-e-ampliacao-de-servicos%2F\">Acesse aqui<\/a><\/div><\/div><\/div>","protected":false},"author":765,"featured_media":205691,"comment_status":"open","ping_status":"open","sticky":false,"template":"","format":"standard","meta":{"pmpro_default_level":"","_jetpack_memberships_contains_paid_content":false,"footnotes":""},"categories":[11078,18469,10985],"tags":[646,10346,20738,8],"class_list":{"0":"post-205690","1":"post","2":"type-post","3":"status-publish","4":"format-standard","5":"has-post-thumbnail","7":"category-assinantes","8":"category-camara-de-vereadores-de-estrela","9":"category-politica","10":"tag-camara-de-vereadores","11":"tag-camara-de-vereadores-de-estrela","12":"tag-elio-kunzler","13":"tag-estrela","14":"pmpro-level-required","15":"pmpro-level-2","16":"pmpro-level-4","17":"pmpro-level-5","18":"pmpro-no-access"},"yoast_head":"<!-- This site is optimized with the Yoast SEO plugin v27.5 - https:\/\/yoast.com\/product\/yoast-seo-wordpress\/ -->\n<title>Vereador de Estrela destaca melhorias e amplia\u00e7\u00e3o de servi\u00e7os - Folha Popular<\/title>\n<meta name=\"robots\" content=\"index, follow, max-snippet:-1, max-image-preview:large, max-video-preview:-1\" \/>\n<link rel=\"canonical\" href=\"https:\/\/folhapopular.info\/index.php\/2026\/03\/11\/vereador-de-estrela-destaca-melhorias-e-ampliacao-de-servicos\/\" \/>\n<meta property=\"og:locale\" content=\"pt_BR\" \/>\n<meta property=\"og:type\" content=\"article\" \/>\n<meta property=\"og:title\" content=\"Vereador de Estrela destaca melhorias e amplia\u00e7\u00e3o de servi\u00e7os - Folha Popular\" \/>\n<meta property=\"og:description\" content=\"O vereador \u00c9lio Jair Kunzler (MDB) destacou as melhorias realizadas no posto de sa\u00fade do Bairro Imigrantes e anunciou novas interven\u00e7\u00f5es em unidades do munic\u00edpio. O parlamentar se manifestou durante a sess\u00e3o ordin\u00e1ria da C\u00e2mara de Vereadores de Estrela, realizada nessa segunda-feira (9\/3). O parlamentar relembrou que a constru\u00e7\u00e3o da unidade ocorreu ainda em seu [&hellip;]\" \/>\n<meta property=\"og:url\" content=\"https:\/\/folhapopular.info\/index.php\/2026\/03\/11\/vereador-de-estrela-destaca-melhorias-e-ampliacao-de-servicos\/\" \/>\n<meta property=\"og:site_name\" content=\"Folha Popular\" \/>\n<meta property=\"article:published_time\" content=\"2026-03-11T16:27:10+00:00\" \/>\n<meta property=\"article:modified_time\" content=\"2026-03-11T16:35:38+00:00\" \/>\n<meta property=\"og:image\" content=\"http:\/\/folhapopular.info\/wp-content\/uploads\/2026\/03\/Elio-Jair-Kunzler_Rudimar-Thomas-e1773246929236.jpeg\" \/>\n\t<meta property=\"og:image:width\" content=\"713\" \/>\n\t<meta property=\"og:image:height\" content=\"542\" \/>\n\t<meta property=\"og:image:type\" content=\"image\/jpeg\" \/>\n<meta name=\"author\" content=\"Rudimar Thomas\" \/>\n<meta name=\"twitter:card\" content=\"summary_large_image\" \/>\n<meta name=\"twitter:label1\" content=\"Escrito por\" \/>\n\t<meta name=\"twitter:data1\" content=\"Rudimar Thomas\" \/>\n\t<meta name=\"twitter:label2\" content=\"Est. tempo de leitura\" \/>\n\t<meta name=\"twitter:data2\" content=\"3 minutos\" \/>\n<script type=\"application\/ld+json\" class=\"yoast-schema-graph\">{\"@context\":\"https:\\\/\\\/schema.org\",\"@graph\":[{\"@type\":\"Article\",\"@id\":\"https:\\\/\\\/folhapopular.info\\\/index.php\\\/2026\\\/03\\\/11\\\/vereador-de-estrela-destaca-melhorias-e-ampliacao-de-servicos\\\/#article\",\"isPartOf\":{\"@id\":\"https:\\\/\\\/folhapopular.info\\\/index.php\\\/2026\\\/03\\\/11\\\/vereador-de-estrela-destaca-melhorias-e-ampliacao-de-servicos\\\/\"},\"author\":{\"name\":\"Rudimar Thomas\",\"@id\":\"https:\\\/\\\/folhapopular.info\\\/#\\\/schema\\\/person\\\/80bad6533fd8eff340a5a8ccf79d0dc0\"},\"headline\":\"Vereador de Estrela destaca melhorias e amplia\u00e7\u00e3o de servi\u00e7os\",\"datePublished\":\"2026-03-11T16:27:10+00:00\",\"dateModified\":\"2026-03-11T16:35:38+00:00\",\"mainEntityOfPage\":{\"@id\":\"https:\\\/\\\/folhapopular.info\\\/index.php\\\/2026\\\/03\\\/11\\\/vereador-de-estrela-destaca-melhorias-e-ampliacao-de-servicos\\\/\"},\"wordCount\":462,\"commentCount\":0,\"image\":{\"@id\":\"https:\\\/\\\/folhapopular.info\\\/index.php\\\/2026\\\/03\\\/11\\\/vereador-de-estrela-destaca-melhorias-e-ampliacao-de-servicos\\\/#primaryimage\"},\"thumbnailUrl\":\"https:\\\/\\\/folhapopular.info\\\/wp-content\\\/uploads\\\/2026\\\/03\\\/Elio-Jair-Kunzler_Rudimar-Thomas-e1773246929236.jpeg\",\"keywords\":[\"C\u00e2mara de Vereadores\",\"c\u00e2mara de vereadores de estrela\",\"\u00c9lio Kunzler\",\"Estrela\"],\"articleSection\":[\"Assinantes\",\"C\u00e2mara de Vereadores de Estrela\",\"Pol\u00edtica\"],\"inLanguage\":\"pt-BR\",\"potentialAction\":[{\"@type\":\"CommentAction\",\"name\":\"Comment\",\"target\":[\"https:\\\/\\\/folhapopular.info\\\/index.php\\\/2026\\\/03\\\/11\\\/vereador-de-estrela-destaca-melhorias-e-ampliacao-de-servicos\\\/#respond\"]}]},{\"@type\":\"WebPage\",\"@id\":\"https:\\\/\\\/folhapopular.info\\\/index.php\\\/2026\\\/03\\\/11\\\/vereador-de-estrela-destaca-melhorias-e-ampliacao-de-servicos\\\/\",\"url\":\"https:\\\/\\\/folhapopular.info\\\/index.php\\\/2026\\\/03\\\/11\\\/vereador-de-estrela-destaca-melhorias-e-ampliacao-de-servicos\\\/\",\"name\":\"Vereador de Estrela destaca melhorias e amplia\u00e7\u00e3o de servi\u00e7os - Folha Popular\",\"isPartOf\":{\"@id\":\"https:\\\/\\\/folhapopular.info\\\/#website\"},\"primaryImageOfPage\":{\"@id\":\"https:\\\/\\\/folhapopular.info\\\/index.php\\\/2026\\\/03\\\/11\\\/vereador-de-estrela-destaca-melhorias-e-ampliacao-de-servicos\\\/#primaryimage\"},\"image\":{\"@id\":\"https:\\\/\\\/folhapopular.info\\\/index.php\\\/2026\\\/03\\\/11\\\/vereador-de-estrela-destaca-melhorias-e-ampliacao-de-servicos\\\/#primaryimage\"},\"thumbnailUrl\":\"https:\\\/\\\/folhapopular.info\\\/wp-content\\\/uploads\\\/2026\\\/03\\\/Elio-Jair-Kunzler_Rudimar-Thomas-e1773246929236.jpeg\",\"datePublished\":\"2026-03-11T16:27:10+00:00\",\"dateModified\":\"2026-03-11T16:35:38+00:00\",\"author\":{\"@id\":\"https:\\\/\\\/folhapopular.info\\\/#\\\/schema\\\/person\\\/80bad6533fd8eff340a5a8ccf79d0dc0\"},\"breadcrumb\":{\"@id\":\"https:\\\/\\\/folhapopular.info\\\/index.php\\\/2026\\\/03\\\/11\\\/vereador-de-estrela-destaca-melhorias-e-ampliacao-de-servicos\\\/#breadcrumb\"},\"inLanguage\":\"pt-BR\",\"potentialAction\":[{\"@type\":\"ReadAction\",\"target\":[\"https:\\\/\\\/folhapopular.info\\\/index.php\\\/2026\\\/03\\\/11\\\/vereador-de-estrela-destaca-melhorias-e-ampliacao-de-servicos\\\/\"]}]},{\"@type\":\"ImageObject\",\"inLanguage\":\"pt-BR\",\"@id\":\"https:\\\/\\\/folhapopular.info\\\/index.php\\\/2026\\\/03\\\/11\\\/vereador-de-estrela-destaca-melhorias-e-ampliacao-de-servicos\\\/#primaryimage\",\"url\":\"https:\\\/\\\/folhapopular.info\\\/wp-content\\\/uploads\\\/2026\\\/03\\\/Elio-Jair-Kunzler_Rudimar-Thomas-e1773246929236.jpeg\",\"contentUrl\":\"https:\\\/\\\/folhapopular.info\\\/wp-content\\\/uploads\\\/2026\\\/03\\\/Elio-Jair-Kunzler_Rudimar-Thomas-e1773246929236.jpeg\",\"width\":713,\"height\":542,\"caption\":\"\u00c9lio Jair Kunzler \\\/ Cr\u00e9dito: Rudimar Thomas\"},{\"@type\":\"BreadcrumbList\",\"@id\":\"https:\\\/\\\/folhapopular.info\\\/index.php\\\/2026\\\/03\\\/11\\\/vereador-de-estrela-destaca-melhorias-e-ampliacao-de-servicos\\\/#breadcrumb\",\"itemListElement\":[{\"@type\":\"ListItem\",\"position\":1,\"name\":\"In\u00edcio\",\"item\":\"https:\\\/\\\/folhapopular.info\\\/\"},{\"@type\":\"ListItem\",\"position\":2,\"name\":\"Vereador de Estrela destaca melhorias e amplia\u00e7\u00e3o de servi\u00e7os\"}]},{\"@type\":\"WebSite\",\"@id\":\"https:\\\/\\\/folhapopular.info\\\/#website\",\"url\":\"https:\\\/\\\/folhapopular.info\\\/\",\"name\":\"Folha Popular\",\"description\":\"Onde voc\u00ea tem vez e voz\",\"potentialAction\":[{\"@type\":\"SearchAction\",\"target\":{\"@type\":\"EntryPoint\",\"urlTemplate\":\"https:\\\/\\\/folhapopular.info\\\/?s={search_term_string}\"},\"query-input\":{\"@type\":\"PropertyValueSpecification\",\"valueRequired\":true,\"valueName\":\"search_term_string\"}}],\"inLanguage\":\"pt-BR\"},{\"@type\":\"Person\",\"@id\":\"https:\\\/\\\/folhapopular.info\\\/#\\\/schema\\\/person\\\/80bad6533fd8eff340a5a8ccf79d0dc0\",\"name\":\"Rudimar Thomas\",\"image\":{\"@type\":\"ImageObject\",\"inLanguage\":\"pt-BR\",\"@id\":\"https:\\\/\\\/folhapopular.info\\\/wp-content\\\/uploads\\\/2026\\\/04\\\/RUDIMAR-1-1.webp\",\"url\":\"https:\\\/\\\/folhapopular.info\\\/wp-content\\\/uploads\\\/2026\\\/04\\\/RUDIMAR-1-1.webp\",\"contentUrl\":\"https:\\\/\\\/folhapopular.info\\\/wp-content\\\/uploads\\\/2026\\\/04\\\/RUDIMAR-1-1.webp\",\"caption\":\"Rudimar Thomas\"},\"url\":\"https:\\\/\\\/folhapopular.info\\\/index.php\\\/author\\\/rudimar-thomas\\\/\"}]}<\/script>\n<!-- \/ Yoast SEO plugin. -->","yoast_head_json":{"title":"Vereador de Estrela destaca melhorias e amplia\u00e7\u00e3o de servi\u00e7os - Folha Popular","robots":{"index":"index","follow":"follow","max-snippet":"max-snippet:-1","max-image-preview":"max-image-preview:large","max-video-preview":"max-video-preview:-1"},"canonical":"https:\/\/folhapopular.info\/index.php\/2026\/03\/11\/vereador-de-estrela-destaca-melhorias-e-ampliacao-de-servicos\/","og_locale":"pt_BR","og_type":"article","og_title":"Vereador de Estrela destaca melhorias e amplia\u00e7\u00e3o de servi\u00e7os - Folha Popular","og_description":"O vereador \u00c9lio Jair Kunzler (MDB) destacou as melhorias realizadas no posto de sa\u00fade do Bairro Imigrantes e anunciou novas interven\u00e7\u00f5es em unidades do munic\u00edpio. O parlamentar se manifestou durante a sess\u00e3o ordin\u00e1ria da C\u00e2mara de Vereadores de Estrela, realizada nessa segunda-feira (9\/3). O parlamentar relembrou que a constru\u00e7\u00e3o da unidade ocorreu ainda em seu [&hellip;]","og_url":"https:\/\/folhapopular.info\/index.php\/2026\/03\/11\/vereador-de-estrela-destaca-melhorias-e-ampliacao-de-servicos\/","og_site_name":"Folha Popular","article_published_time":"2026-03-11T16:27:10+00:00","article_modified_time":"2026-03-11T16:35:38+00:00","og_image":[{"width":713,"height":542,"url":"http:\/\/folhapopular.info\/wp-content\/uploads\/2026\/03\/Elio-Jair-Kunzler_Rudimar-Thomas-e1773246929236.jpeg","type":"image\/jpeg"}],"author":"Rudimar Thomas","twitter_card":"summary_large_image","twitter_misc":{"Escrito por":"Rudimar Thomas","Est. tempo de leitura":"3 minutos"},"schema":{"@context":"https:\/\/schema.org","@graph":[{"@type":"Article","@id":"https:\/\/folhapopular.info\/index.php\/2026\/03\/11\/vereador-de-estrela-destaca-melhorias-e-ampliacao-de-servicos\/#article","isPartOf":{"@id":"https:\/\/folhapopular.info\/index.php\/2026\/03\/11\/vereador-de-estrela-destaca-melhorias-e-ampliacao-de-servicos\/"},"author":{"name":"Rudimar Thomas","@id":"https:\/\/folhapopular.info\/#\/schema\/person\/80bad6533fd8eff340a5a8ccf79d0dc0"},"headline":"Vereador de Estrela destaca melhorias e amplia\u00e7\u00e3o de servi\u00e7os","datePublished":"2026-03-11T16:27:10+00:00","dateModified":"2026-03-11T16:35:38+00:00","mainEntityOfPage":{"@id":"https:\/\/folhapopular.info\/index.php\/2026\/03\/11\/vereador-de-estrela-destaca-melhorias-e-ampliacao-de-servicos\/"},"wordCount":462,"commentCount":0,"image":{"@id":"https:\/\/folhapopular.info\/index.php\/2026\/03\/11\/vereador-de-estrela-destaca-melhorias-e-ampliacao-de-servicos\/#primaryimage"},"thumbnailUrl":"https:\/\/folhapopular.info\/wp-content\/uploads\/2026\/03\/Elio-Jair-Kunzler_Rudimar-Thomas-e1773246929236.jpeg","keywords":["C\u00e2mara de Vereadores","c\u00e2mara de vereadores de estrela","\u00c9lio Kunzler","Estrela"],"articleSection":["Assinantes","C\u00e2mara de Vereadores de Estrela","Pol\u00edtica"],"inLanguage":"pt-BR","potentialAction":[{"@type":"CommentAction","name":"Comment","target":["https:\/\/folhapopular.info\/index.php\/2026\/03\/11\/vereador-de-estrela-destaca-melhorias-e-ampliacao-de-servicos\/#respond"]}]},{"@type":"WebPage","@id":"https:\/\/folhapopular.info\/index.php\/2026\/03\/11\/vereador-de-estrela-destaca-melhorias-e-ampliacao-de-servicos\/","url":"https:\/\/folhapopular.info\/index.php\/2026\/03\/11\/vereador-de-estrela-destaca-melhorias-e-ampliacao-de-servicos\/","name":"Vereador de Estrela destaca melhorias e amplia\u00e7\u00e3o de servi\u00e7os - Folha Popular","isPartOf":{"@id":"https:\/\/folhapopular.info\/#website"},"primaryImageOfPage":{"@id":"https:\/\/folhapopular.info\/index.php\/2026\/03\/11\/vereador-de-estrela-destaca-melhorias-e-ampliacao-de-servicos\/#primaryimage"},"image":{"@id":"https:\/\/folhapopular.info\/index.php\/2026\/03\/11\/vereador-de-estrela-destaca-melhorias-e-ampliacao-de-servicos\/#primaryimage"},"thumbnailUrl":"https:\/\/folhapopular.info\/wp-content\/uploads\/2026\/03\/Elio-Jair-Kunzler_Rudimar-Thomas-e1773246929236.jpeg","datePublished":"2026-03-11T16:27:10+00:00","dateModified":"2026-03-11T16:35:38+00:00","author":{"@id":"https:\/\/folhapopular.info\/#\/schema\/person\/80bad6533fd8eff340a5a8ccf79d0dc0"},"breadcrumb":{"@id":"https:\/\/folhapopular.info\/index.php\/2026\/03\/11\/vereador-de-estrela-destaca-melhorias-e-ampliacao-de-servicos\/#breadcrumb"},"inLanguage":"pt-BR","potentialAction":[{"@type":"ReadAction","target":["https:\/\/folhapopular.info\/index.php\/2026\/03\/11\/vereador-de-estrela-destaca-melhorias-e-ampliacao-de-servicos\/"]}]},{"@type":"ImageObject","inLanguage":"pt-BR","@id":"https:\/\/folhapopular.info\/index.php\/2026\/03\/11\/vereador-de-estrela-destaca-melhorias-e-ampliacao-de-servicos\/#primaryimage","url":"https:\/\/folhapopular.info\/wp-content\/uploads\/2026\/03\/Elio-Jair-Kunzler_Rudimar-Thomas-e1773246929236.jpeg","contentUrl":"https:\/\/folhapopular.info\/wp-content\/uploads\/2026\/03\/Elio-Jair-Kunzler_Rudimar-Thomas-e1773246929236.jpeg","width":713,"height":542,"caption":"\u00c9lio Jair Kunzler \/ Cr\u00e9dito: Rudimar Thomas"},{"@type":"BreadcrumbList","@id":"https:\/\/folhapopular.info\/index.php\/2026\/03\/11\/vereador-de-estrela-destaca-melhorias-e-ampliacao-de-servicos\/#breadcrumb","itemListElement":[{"@type":"ListItem","position":1,"name":"In\u00edcio","item":"https:\/\/folhapopular.info\/"},{"@type":"ListItem","position":2,"name":"Vereador de Estrela destaca melhorias e amplia\u00e7\u00e3o de servi\u00e7os"}]},{"@type":"WebSite","@id":"https:\/\/folhapopular.info\/#website","url":"https:\/\/folhapopular.info\/","name":"Folha Popular","description":"Onde voc\u00ea tem vez e voz","potentialAction":[{"@type":"SearchAction","target":{"@type":"EntryPoint","urlTemplate":"https:\/\/folhapopular.info\/?s={search_term_string}"},"query-input":{"@type":"PropertyValueSpecification","valueRequired":true,"valueName":"search_term_string"}}],"inLanguage":"pt-BR"},{"@type":"Person","@id":"https:\/\/folhapopular.info\/#\/schema\/person\/80bad6533fd8eff340a5a8ccf79d0dc0","name":"Rudimar Thomas","image":{"@type":"ImageObject","inLanguage":"pt-BR","@id":"https:\/\/folhapopular.info\/wp-content\/uploads\/2026\/04\/RUDIMAR-1-1.webp","url":"https:\/\/folhapopular.info\/wp-content\/uploads\/2026\/04\/RUDIMAR-1-1.webp","contentUrl":"https:\/\/folhapopular.info\/wp-content\/uploads\/2026\/04\/RUDIMAR-1-1.webp","caption":"Rudimar Thomas"},"url":"https:\/\/folhapopular.info\/index.php\/author\/rudimar-thomas\/"}]}},"jetpack_featured_media_url":"https:\/\/folhapopular.info\/wp-content\/uploads\/2026\/03\/Elio-Jair-Kunzler_Rudimar-Thomas-e1773246929236.jpeg","jetpack_sharing_enabled":true,"amp_enabled":true,"_links":{"self":[{"href":"https:\/\/folhapopular.info\/index.php\/wp-json\/wp\/v2\/posts\/205690","targetHints":{"allow":["GET"]}}],"collection":[{"href":"https:\/\/folhapopular.info\/index.php\/wp-json\/wp\/v2\/posts"}],"about":[{"href":"https:\/\/folhapopular.info\/index.php\/wp-json\/wp\/v2\/types\/post"}],"author":[{"embeddable":true,"href":"https:\/\/folhapopular.info\/index.php\/wp-json\/wp\/v2\/users\/765"}],"replies":[{"embeddable":true,"href":"https:\/\/folhapopular.info\/index.php\/wp-json\/wp\/v2\/comments?post=205690"}],"version-history":[{"count":0,"href":"https:\/\/folhapopular.info\/index.php\/wp-json\/wp\/v2\/posts\/205690\/revisions"}],"wp:featuredmedia":[{"embeddable":true,"href":"https:\/\/folhapopular.info\/index.php\/wp-json\/wp\/v2\/media\/205691"}],"wp:attachment":[{"href":"https:\/\/folhapopular.info\/index.php\/wp-json\/wp\/v2\/media?parent=205690"}],"wp:term":[{"taxonomy":"category","embeddable":true,"href":"https:\/\/folhapopular.info\/index.php\/wp-json\/wp\/v2\/categories?post=205690"},{"taxonomy":"post_tag","embeddable":true,"href":"https:\/\/folhapopular.info\/index.php\/wp-json\/wp\/v2\/tags?post=205690"}],"curies":[{"name":"wp","href":"https:\/\/api.w.org\/{rel}","templated":true}]}}