{"id":205693,"date":"2026-03-12T10:00:00","date_gmt":"2026-03-12T13:00:00","guid":{"rendered":"https:\/\/folhapopular.info\/?p=205693"},"modified":"2026-03-11T13:32:58","modified_gmt":"2026-03-11T16:32:58","slug":"escola-gomes-freire-celebra-85-anos-com-jantar-baile-e-resgate-da-propria-historia","status":"publish","type":"post","link":"https:\/\/folhapopular.info\/index.php\/2026\/03\/12\/escola-gomes-freire-celebra-85-anos-com-jantar-baile-e-resgate-da-propria-historia\/","title":{"rendered":"Escola Gomes Freire celebra 85 anos com jantar-baile e resgate da pr\u00f3pria hist\u00f3ria"},"content":{"rendered":"\n<p>A Escola Estadual de Ensino M\u00e9dio Gomes Freire de Andrade comemora, no dia 25 de mar\u00e7o, seus 85 anos de hist\u00f3ria marcados pela forma\u00e7\u00e3o de gera\u00e7\u00f5es de estudantes em Teut\u00f4nia. Para marcar a data, a comunidade escolar organiza um jantar-baile comemorativo no dia 28 de mar\u00e7o, s\u00e1bado, a partir das 19h30, na Comunidade Cat\u00f3lica de Languiru, com anima\u00e7\u00e3o da dupla Matheus e Mathias.<\/p>\n\n\n\n<p>O cart\u00e3o para o evento custa R$ 90, e o lucro obtido com a venda de bebidas ser\u00e1 destinado a a\u00e7\u00f5es voltadas aos estudantes, como a contrata\u00e7\u00e3o de palestras e aquisi\u00e7\u00e3o de materiais pedag\u00f3gicos.<\/p>\n\n\n\n<p>Os interessados em participar do jantar-baile podem adquirir os cart\u00f5es diretamente na secretaria da escola ou com a equipe diretiva. Tamb\u00e9m h\u00e1 a possibilidade de compra pelo WhatsApp do educand\u00e1rio, a partir de pagamento realizado via Pix. Ap\u00f3s o envio do comprovante, o cart\u00e3o f\u00edsico poder\u00e1 ser retirado na portaria na noite do evento.<\/p>\n\n\n\n<p>Al\u00e9m da celebra\u00e7\u00e3o, a escola tamb\u00e9m busca preservar sua trajet\u00f3ria. A proposta inicial de publicar um livro foi adaptada para a produ\u00e7\u00e3o de um caderno especial, desenvolvido em parceria com o Grupo Popular, que ser\u00e1 lan\u00e7ado no dia 25 de mar\u00e7o.<\/p>\n\n\n\n<p>O objetivo do projeto \u00e9 registrar e compartilhar a mem\u00f3ria da institui\u00e7\u00e3o com a comunidade, resgatando trajet\u00f3rias de ex-diretores, professores e alunos para que a hist\u00f3ria da escola n\u00e3o se perca com o tempo.<\/p>\n\n\n\n<p>Conforme a diretora Aline Stacke, a gest\u00e3o acaba tendo a cara de quem est\u00e1 \u00e0 frente, mas h\u00e1 a comunidade por tr\u00e1s. Ela afirma a import\u00e2ncia da presen\u00e7a da fam\u00edlia para o crescimento, tanto da escola como do aluno.<\/p>\n\n\n\n<p>De acordo com a dire\u00e7\u00e3o, as reuni\u00f5es de pais costumam registrar participa\u00e7\u00e3o superior a 70% das fam\u00edlias, o que demonstra o comprometimento dos respons\u00e1veis com a vida escolar dos estudantes. Em muitos casos, familiares se organizam para garantir que algu\u00e9m esteja presente e possa compartilhar as informa\u00e7\u00f5es posteriormente.<\/p>\n\n\n\n<p>Apesar das limita\u00e7\u00f5es f\u00edsicas, a gest\u00e3o escolar afirma que o principal objetivo \u00e9 manter o padr\u00e3o de qualidade no ensino, caracter\u00edstica que consolidou o Gomes como uma refer\u00eancia educacional na comunidade. Ao longo de sua trajet\u00f3ria, a institui\u00e7\u00e3o formou diversos profissionais e lideran\u00e7as locais, sendo reconhecida como um importante espa\u00e7o de forma\u00e7\u00e3o cidad\u00e3 no munic\u00edpio.<\/p>\n","protected":false},"excerpt":{"rendered":"<p>A Escola Estadual de Ensino M\u00e9dio Gomes Freire de Andrade comemora, no dia 25 de mar\u00e7o, seus 85 anos de hist\u00f3ria marcados pela forma\u00e7\u00e3o de gera\u00e7\u00f5es de estudantes em Teut\u00f4nia. Para marcar a data, a comunidade escolar organiza um jantar-baile comemorativo no dia 28 de mar\u00e7o, s\u00e1bado, a partir das 19h30, na Comunidade Cat\u00f3lica de [&hellip;]<\/p>\n","protected":false},"author":773,"featured_media":205694,"comment_status":"open","ping_status":"open","sticky":false,"template":"","format":"standard","meta":{"pmpro_default_level":"","_jetpack_memberships_contains_paid_content":false,"footnotes":""},"categories":[2,6],"tags":[16081,1654,5754,9603,26],"class_list":{"0":"post-205693","1":"post","2":"type-post","3":"status-publish","4":"format-standard","5":"has-post-thumbnail","7":"category-featured","8":"category-inclusive","9":"tag-85-anos","10":"tag-escola-gomes-freire-de-andrade","11":"tag-historia","12":"tag-jantar-baile-2","13":"tag-teutonia","14":"pmpro-has-access"},"yoast_head":"<!-- This site is optimized with the Yoast SEO plugin v27.5 - https:\/\/yoast.com\/product\/yoast-seo-wordpress\/ -->\n<title>Escola Gomes Freire celebra 85 anos com jantar-baile e resgate da pr\u00f3pria hist\u00f3ria - Folha Popular<\/title>\n<meta name=\"robots\" content=\"index, follow, max-snippet:-1, max-image-preview:large, max-video-preview:-1\" \/>\n<link rel=\"canonical\" href=\"https:\/\/folhapopular.info\/index.php\/2026\/03\/12\/escola-gomes-freire-celebra-85-anos-com-jantar-baile-e-resgate-da-propria-historia\/\" \/>\n<meta property=\"og:locale\" content=\"pt_BR\" \/>\n<meta property=\"og:type\" content=\"article\" \/>\n<meta property=\"og:title\" content=\"Escola Gomes Freire celebra 85 anos com jantar-baile e resgate da pr\u00f3pria hist\u00f3ria - Folha Popular\" \/>\n<meta property=\"og:description\" content=\"A Escola Estadual de Ensino M\u00e9dio Gomes Freire de Andrade comemora, no dia 25 de mar\u00e7o, seus 85 anos de hist\u00f3ria marcados pela forma\u00e7\u00e3o de gera\u00e7\u00f5es de estudantes em Teut\u00f4nia. Para marcar a data, a comunidade escolar organiza um jantar-baile comemorativo no dia 28 de mar\u00e7o, s\u00e1bado, a partir das 19h30, na Comunidade Cat\u00f3lica de [&hellip;]\" \/>\n<meta property=\"og:url\" content=\"https:\/\/folhapopular.info\/index.php\/2026\/03\/12\/escola-gomes-freire-celebra-85-anos-com-jantar-baile-e-resgate-da-propria-historia\/\" \/>\n<meta property=\"og:site_name\" content=\"Folha Popular\" \/>\n<meta property=\"article:published_time\" content=\"2026-03-12T13:00:00+00:00\" \/>\n<meta property=\"og:image\" content=\"https:\/\/folhapopular.info\/wp-content\/uploads\/2026\/03\/Educandario-tera-historia-contada-em-caderno-especial-da-Folha-Popular_LE.jpeg\" \/>\n\t<meta property=\"og:image:width\" content=\"1280\" \/>\n\t<meta property=\"og:image:height\" content=\"720\" \/>\n\t<meta property=\"og:image:type\" content=\"image\/jpeg\" \/>\n<meta name=\"author\" content=\"Gabriely Hartmann Mallmann\" \/>\n<meta name=\"twitter:card\" content=\"summary_large_image\" \/>\n<meta name=\"twitter:label1\" content=\"Escrito por\" \/>\n\t<meta name=\"twitter:data1\" content=\"Gabriely Hartmann Mallmann\" \/>\n\t<meta name=\"twitter:label2\" content=\"Est. tempo de leitura\" \/>\n\t<meta name=\"twitter:data2\" content=\"3 minutos\" \/>\n<script type=\"application\/ld+json\" class=\"yoast-schema-graph\">{\"@context\":\"https:\\\/\\\/schema.org\",\"@graph\":[{\"@type\":\"Article\",\"@id\":\"https:\\\/\\\/folhapopular.info\\\/index.php\\\/2026\\\/03\\\/12\\\/escola-gomes-freire-celebra-85-anos-com-jantar-baile-e-resgate-da-propria-historia\\\/#article\",\"isPartOf\":{\"@id\":\"https:\\\/\\\/folhapopular.info\\\/index.php\\\/2026\\\/03\\\/12\\\/escola-gomes-freire-celebra-85-anos-com-jantar-baile-e-resgate-da-propria-historia\\\/\"},\"author\":{\"name\":\"Gabriely Hartmann Mallmann\",\"@id\":\"https:\\\/\\\/folhapopular.info\\\/#\\\/schema\\\/person\\\/41b3bb1ecf6e33e81cbab2c29b178754\"},\"headline\":\"Escola Gomes Freire celebra 85 anos com jantar-baile e resgate da pr\u00f3pria hist\u00f3ria\",\"datePublished\":\"2026-03-12T13:00:00+00:00\",\"mainEntityOfPage\":{\"@id\":\"https:\\\/\\\/folhapopular.info\\\/index.php\\\/2026\\\/03\\\/12\\\/escola-gomes-freire-celebra-85-anos-com-jantar-baile-e-resgate-da-propria-historia\\\/\"},\"wordCount\":430,\"commentCount\":0,\"image\":{\"@id\":\"https:\\\/\\\/folhapopular.info\\\/index.php\\\/2026\\\/03\\\/12\\\/escola-gomes-freire-celebra-85-anos-com-jantar-baile-e-resgate-da-propria-historia\\\/#primaryimage\"},\"thumbnailUrl\":\"https:\\\/\\\/folhapopular.info\\\/wp-content\\\/uploads\\\/2026\\\/03\\\/Educandario-tera-historia-contada-em-caderno-especial-da-Folha-Popular_LE.jpeg\",\"keywords\":[\"85 anos\",\"Escola Gomes Freire de Andrade\",\"hist\u00f3ria\",\"Jantar-baile\",\"Teut\u00f4nia\"],\"articleSection\":[\"Destaques\",\"Inclusive\"],\"inLanguage\":\"pt-BR\",\"potentialAction\":[{\"@type\":\"CommentAction\",\"name\":\"Comment\",\"target\":[\"https:\\\/\\\/folhapopular.info\\\/index.php\\\/2026\\\/03\\\/12\\\/escola-gomes-freire-celebra-85-anos-com-jantar-baile-e-resgate-da-propria-historia\\\/#respond\"]}]},{\"@type\":\"WebPage\",\"@id\":\"https:\\\/\\\/folhapopular.info\\\/index.php\\\/2026\\\/03\\\/12\\\/escola-gomes-freire-celebra-85-anos-com-jantar-baile-e-resgate-da-propria-historia\\\/\",\"url\":\"https:\\\/\\\/folhapopular.info\\\/index.php\\\/2026\\\/03\\\/12\\\/escola-gomes-freire-celebra-85-anos-com-jantar-baile-e-resgate-da-propria-historia\\\/\",\"name\":\"Escola Gomes Freire celebra 85 anos com jantar-baile e resgate da pr\u00f3pria hist\u00f3ria - Folha Popular\",\"isPartOf\":{\"@id\":\"https:\\\/\\\/folhapopular.info\\\/#website\"},\"primaryImageOfPage\":{\"@id\":\"https:\\\/\\\/folhapopular.info\\\/index.php\\\/2026\\\/03\\\/12\\\/escola-gomes-freire-celebra-85-anos-com-jantar-baile-e-resgate-da-propria-historia\\\/#primaryimage\"},\"image\":{\"@id\":\"https:\\\/\\\/folhapopular.info\\\/index.php\\\/2026\\\/03\\\/12\\\/escola-gomes-freire-celebra-85-anos-com-jantar-baile-e-resgate-da-propria-historia\\\/#primaryimage\"},\"thumbnailUrl\":\"https:\\\/\\\/folhapopular.info\\\/wp-content\\\/uploads\\\/2026\\\/03\\\/Educandario-tera-historia-contada-em-caderno-especial-da-Folha-Popular_LE.jpeg\",\"datePublished\":\"2026-03-12T13:00:00+00:00\",\"author\":{\"@id\":\"https:\\\/\\\/folhapopular.info\\\/#\\\/schema\\\/person\\\/41b3bb1ecf6e33e81cbab2c29b178754\"},\"breadcrumb\":{\"@id\":\"https:\\\/\\\/folhapopular.info\\\/index.php\\\/2026\\\/03\\\/12\\\/escola-gomes-freire-celebra-85-anos-com-jantar-baile-e-resgate-da-propria-historia\\\/#breadcrumb\"},\"inLanguage\":\"pt-BR\",\"potentialAction\":[{\"@type\":\"ReadAction\",\"target\":[\"https:\\\/\\\/folhapopular.info\\\/index.php\\\/2026\\\/03\\\/12\\\/escola-gomes-freire-celebra-85-anos-com-jantar-baile-e-resgate-da-propria-historia\\\/\"]}]},{\"@type\":\"ImageObject\",\"inLanguage\":\"pt-BR\",\"@id\":\"https:\\\/\\\/folhapopular.info\\\/index.php\\\/2026\\\/03\\\/12\\\/escola-gomes-freire-celebra-85-anos-com-jantar-baile-e-resgate-da-propria-historia\\\/#primaryimage\",\"url\":\"https:\\\/\\\/folhapopular.info\\\/wp-content\\\/uploads\\\/2026\\\/03\\\/Educandario-tera-historia-contada-em-caderno-especial-da-Folha-Popular_LE.jpeg\",\"contentUrl\":\"https:\\\/\\\/folhapopular.info\\\/wp-content\\\/uploads\\\/2026\\\/03\\\/Educandario-tera-historia-contada-em-caderno-especial-da-Folha-Popular_LE.jpeg\",\"width\":1280,\"height\":720,\"caption\":\"Educand\u00e1rio ter\u00e1 hist\u00f3ria contada em caderno especial da Folha Popular \\\/ Cr\u00e9dito: Let\u00edcia Echer\"},{\"@type\":\"BreadcrumbList\",\"@id\":\"https:\\\/\\\/folhapopular.info\\\/index.php\\\/2026\\\/03\\\/12\\\/escola-gomes-freire-celebra-85-anos-com-jantar-baile-e-resgate-da-propria-historia\\\/#breadcrumb\",\"itemListElement\":[{\"@type\":\"ListItem\",\"position\":1,\"name\":\"In\u00edcio\",\"item\":\"https:\\\/\\\/folhapopular.info\\\/\"},{\"@type\":\"ListItem\",\"position\":2,\"name\":\"Escola Gomes Freire celebra 85 anos com jantar-baile e resgate da pr\u00f3pria hist\u00f3ria\"}]},{\"@type\":\"WebSite\",\"@id\":\"https:\\\/\\\/folhapopular.info\\\/#website\",\"url\":\"https:\\\/\\\/folhapopular.info\\\/\",\"name\":\"Folha Popular\",\"description\":\"Onde voc\u00ea tem vez e voz\",\"potentialAction\":[{\"@type\":\"SearchAction\",\"target\":{\"@type\":\"EntryPoint\",\"urlTemplate\":\"https:\\\/\\\/folhapopular.info\\\/?s={search_term_string}\"},\"query-input\":{\"@type\":\"PropertyValueSpecification\",\"valueRequired\":true,\"valueName\":\"search_term_string\"}}],\"inLanguage\":\"pt-BR\"},{\"@type\":\"Person\",\"@id\":\"https:\\\/\\\/folhapopular.info\\\/#\\\/schema\\\/person\\\/41b3bb1ecf6e33e81cbab2c29b178754\",\"name\":\"Gabriely Hartmann Mallmann\",\"image\":{\"@type\":\"ImageObject\",\"inLanguage\":\"pt-BR\",\"@id\":\"https:\\\/\\\/secure.gravatar.com\\\/avatar\\\/92999d30b0cc9bf49e6aa3c07c592bb06855a37dcfbdc7bbe6567a4637e999ce?s=96&d=mm&r=g\",\"url\":\"https:\\\/\\\/secure.gravatar.com\\\/avatar\\\/92999d30b0cc9bf49e6aa3c07c592bb06855a37dcfbdc7bbe6567a4637e999ce?s=96&d=mm&r=g\",\"contentUrl\":\"https:\\\/\\\/secure.gravatar.com\\\/avatar\\\/92999d30b0cc9bf49e6aa3c07c592bb06855a37dcfbdc7bbe6567a4637e999ce?s=96&d=mm&r=g\",\"caption\":\"Gabriely Hartmann Mallmann\"},\"url\":\"https:\\\/\\\/folhapopular.info\\\/index.php\\\/author\\\/gabriely-hartmann-mallmann\\\/\"}]}<\/script>\n<!-- \/ Yoast SEO plugin. -->","yoast_head_json":{"title":"Escola Gomes Freire celebra 85 anos com jantar-baile e resgate da pr\u00f3pria hist\u00f3ria - Folha Popular","robots":{"index":"index","follow":"follow","max-snippet":"max-snippet:-1","max-image-preview":"max-image-preview:large","max-video-preview":"max-video-preview:-1"},"canonical":"https:\/\/folhapopular.info\/index.php\/2026\/03\/12\/escola-gomes-freire-celebra-85-anos-com-jantar-baile-e-resgate-da-propria-historia\/","og_locale":"pt_BR","og_type":"article","og_title":"Escola Gomes Freire celebra 85 anos com jantar-baile e resgate da pr\u00f3pria hist\u00f3ria - Folha Popular","og_description":"A Escola Estadual de Ensino M\u00e9dio Gomes Freire de Andrade comemora, no dia 25 de mar\u00e7o, seus 85 anos de hist\u00f3ria marcados pela forma\u00e7\u00e3o de gera\u00e7\u00f5es de estudantes em Teut\u00f4nia. Para marcar a data, a comunidade escolar organiza um jantar-baile comemorativo no dia 28 de mar\u00e7o, s\u00e1bado, a partir das 19h30, na Comunidade Cat\u00f3lica de [&hellip;]","og_url":"https:\/\/folhapopular.info\/index.php\/2026\/03\/12\/escola-gomes-freire-celebra-85-anos-com-jantar-baile-e-resgate-da-propria-historia\/","og_site_name":"Folha Popular","article_published_time":"2026-03-12T13:00:00+00:00","og_image":[{"width":1280,"height":720,"url":"https:\/\/folhapopular.info\/wp-content\/uploads\/2026\/03\/Educandario-tera-historia-contada-em-caderno-especial-da-Folha-Popular_LE.jpeg","type":"image\/jpeg"}],"author":"Gabriely Hartmann Mallmann","twitter_card":"summary_large_image","twitter_misc":{"Escrito por":"Gabriely Hartmann Mallmann","Est. tempo de leitura":"3 minutos"},"schema":{"@context":"https:\/\/schema.org","@graph":[{"@type":"Article","@id":"https:\/\/folhapopular.info\/index.php\/2026\/03\/12\/escola-gomes-freire-celebra-85-anos-com-jantar-baile-e-resgate-da-propria-historia\/#article","isPartOf":{"@id":"https:\/\/folhapopular.info\/index.php\/2026\/03\/12\/escola-gomes-freire-celebra-85-anos-com-jantar-baile-e-resgate-da-propria-historia\/"},"author":{"name":"Gabriely Hartmann Mallmann","@id":"https:\/\/folhapopular.info\/#\/schema\/person\/41b3bb1ecf6e33e81cbab2c29b178754"},"headline":"Escola Gomes Freire celebra 85 anos com jantar-baile e resgate da pr\u00f3pria hist\u00f3ria","datePublished":"2026-03-12T13:00:00+00:00","mainEntityOfPage":{"@id":"https:\/\/folhapopular.info\/index.php\/2026\/03\/12\/escola-gomes-freire-celebra-85-anos-com-jantar-baile-e-resgate-da-propria-historia\/"},"wordCount":430,"commentCount":0,"image":{"@id":"https:\/\/folhapopular.info\/index.php\/2026\/03\/12\/escola-gomes-freire-celebra-85-anos-com-jantar-baile-e-resgate-da-propria-historia\/#primaryimage"},"thumbnailUrl":"https:\/\/folhapopular.info\/wp-content\/uploads\/2026\/03\/Educandario-tera-historia-contada-em-caderno-especial-da-Folha-Popular_LE.jpeg","keywords":["85 anos","Escola Gomes Freire de Andrade","hist\u00f3ria","Jantar-baile","Teut\u00f4nia"],"articleSection":["Destaques","Inclusive"],"inLanguage":"pt-BR","potentialAction":[{"@type":"CommentAction","name":"Comment","target":["https:\/\/folhapopular.info\/index.php\/2026\/03\/12\/escola-gomes-freire-celebra-85-anos-com-jantar-baile-e-resgate-da-propria-historia\/#respond"]}]},{"@type":"WebPage","@id":"https:\/\/folhapopular.info\/index.php\/2026\/03\/12\/escola-gomes-freire-celebra-85-anos-com-jantar-baile-e-resgate-da-propria-historia\/","url":"https:\/\/folhapopular.info\/index.php\/2026\/03\/12\/escola-gomes-freire-celebra-85-anos-com-jantar-baile-e-resgate-da-propria-historia\/","name":"Escola Gomes Freire celebra 85 anos com jantar-baile e resgate da pr\u00f3pria hist\u00f3ria - Folha Popular","isPartOf":{"@id":"https:\/\/folhapopular.info\/#website"},"primaryImageOfPage":{"@id":"https:\/\/folhapopular.info\/index.php\/2026\/03\/12\/escola-gomes-freire-celebra-85-anos-com-jantar-baile-e-resgate-da-propria-historia\/#primaryimage"},"image":{"@id":"https:\/\/folhapopular.info\/index.php\/2026\/03\/12\/escola-gomes-freire-celebra-85-anos-com-jantar-baile-e-resgate-da-propria-historia\/#primaryimage"},"thumbnailUrl":"https:\/\/folhapopular.info\/wp-content\/uploads\/2026\/03\/Educandario-tera-historia-contada-em-caderno-especial-da-Folha-Popular_LE.jpeg","datePublished":"2026-03-12T13:00:00+00:00","author":{"@id":"https:\/\/folhapopular.info\/#\/schema\/person\/41b3bb1ecf6e33e81cbab2c29b178754"},"breadcrumb":{"@id":"https:\/\/folhapopular.info\/index.php\/2026\/03\/12\/escola-gomes-freire-celebra-85-anos-com-jantar-baile-e-resgate-da-propria-historia\/#breadcrumb"},"inLanguage":"pt-BR","potentialAction":[{"@type":"ReadAction","target":["https:\/\/folhapopular.info\/index.php\/2026\/03\/12\/escola-gomes-freire-celebra-85-anos-com-jantar-baile-e-resgate-da-propria-historia\/"]}]},{"@type":"ImageObject","inLanguage":"pt-BR","@id":"https:\/\/folhapopular.info\/index.php\/2026\/03\/12\/escola-gomes-freire-celebra-85-anos-com-jantar-baile-e-resgate-da-propria-historia\/#primaryimage","url":"https:\/\/folhapopular.info\/wp-content\/uploads\/2026\/03\/Educandario-tera-historia-contada-em-caderno-especial-da-Folha-Popular_LE.jpeg","contentUrl":"https:\/\/folhapopular.info\/wp-content\/uploads\/2026\/03\/Educandario-tera-historia-contada-em-caderno-especial-da-Folha-Popular_LE.jpeg","width":1280,"height":720,"caption":"Educand\u00e1rio ter\u00e1 hist\u00f3ria contada em caderno especial da Folha Popular \/ Cr\u00e9dito: Let\u00edcia Echer"},{"@type":"BreadcrumbList","@id":"https:\/\/folhapopular.info\/index.php\/2026\/03\/12\/escola-gomes-freire-celebra-85-anos-com-jantar-baile-e-resgate-da-propria-historia\/#breadcrumb","itemListElement":[{"@type":"ListItem","position":1,"name":"In\u00edcio","item":"https:\/\/folhapopular.info\/"},{"@type":"ListItem","position":2,"name":"Escola Gomes Freire celebra 85 anos com jantar-baile e resgate da pr\u00f3pria hist\u00f3ria"}]},{"@type":"WebSite","@id":"https:\/\/folhapopular.info\/#website","url":"https:\/\/folhapopular.info\/","name":"Folha Popular","description":"Onde voc\u00ea tem vez e voz","potentialAction":[{"@type":"SearchAction","target":{"@type":"EntryPoint","urlTemplate":"https:\/\/folhapopular.info\/?s={search_term_string}"},"query-input":{"@type":"PropertyValueSpecification","valueRequired":true,"valueName":"search_term_string"}}],"inLanguage":"pt-BR"},{"@type":"Person","@id":"https:\/\/folhapopular.info\/#\/schema\/person\/41b3bb1ecf6e33e81cbab2c29b178754","name":"Gabriely Hartmann Mallmann","image":{"@type":"ImageObject","inLanguage":"pt-BR","@id":"https:\/\/secure.gravatar.com\/avatar\/92999d30b0cc9bf49e6aa3c07c592bb06855a37dcfbdc7bbe6567a4637e999ce?s=96&d=mm&r=g","url":"https:\/\/secure.gravatar.com\/avatar\/92999d30b0cc9bf49e6aa3c07c592bb06855a37dcfbdc7bbe6567a4637e999ce?s=96&d=mm&r=g","contentUrl":"https:\/\/secure.gravatar.com\/avatar\/92999d30b0cc9bf49e6aa3c07c592bb06855a37dcfbdc7bbe6567a4637e999ce?s=96&d=mm&r=g","caption":"Gabriely Hartmann Mallmann"},"url":"https:\/\/folhapopular.info\/index.php\/author\/gabriely-hartmann-mallmann\/"}]}},"jetpack_featured_media_url":"https:\/\/folhapopular.info\/wp-content\/uploads\/2026\/03\/Educandario-tera-historia-contada-em-caderno-especial-da-Folha-Popular_LE.jpeg","jetpack_sharing_enabled":true,"amp_enabled":true,"_links":{"self":[{"href":"https:\/\/folhapopular.info\/index.php\/wp-json\/wp\/v2\/posts\/205693","targetHints":{"allow":["GET"]}}],"collection":[{"href":"https:\/\/folhapopular.info\/index.php\/wp-json\/wp\/v2\/posts"}],"about":[{"href":"https:\/\/folhapopular.info\/index.php\/wp-json\/wp\/v2\/types\/post"}],"author":[{"embeddable":true,"href":"https:\/\/folhapopular.info\/index.php\/wp-json\/wp\/v2\/users\/773"}],"replies":[{"embeddable":true,"href":"https:\/\/folhapopular.info\/index.php\/wp-json\/wp\/v2\/comments?post=205693"}],"version-history":[{"count":0,"href":"https:\/\/folhapopular.info\/index.php\/wp-json\/wp\/v2\/posts\/205693\/revisions"}],"wp:featuredmedia":[{"embeddable":true,"href":"https:\/\/folhapopular.info\/index.php\/wp-json\/wp\/v2\/media\/205694"}],"wp:attachment":[{"href":"https:\/\/folhapopular.info\/index.php\/wp-json\/wp\/v2\/media?parent=205693"}],"wp:term":[{"taxonomy":"category","embeddable":true,"href":"https:\/\/folhapopular.info\/index.php\/wp-json\/wp\/v2\/categories?post=205693"},{"taxonomy":"post_tag","embeddable":true,"href":"https:\/\/folhapopular.info\/index.php\/wp-json\/wp\/v2\/tags?post=205693"}],"curies":[{"name":"wp","href":"https:\/\/api.w.org\/{rel}","templated":true}]}}