{"id":205727,"date":"2026-03-11T16:30:28","date_gmt":"2026-03-11T19:30:28","guid":{"rendered":"https:\/\/folhapopular.info\/?p=205727"},"modified":"2026-03-12T07:48:35","modified_gmt":"2026-03-12T10:48:35","slug":"ministerio-publico-investiga-possivel-irregularidade-em-precos-de-combustiveis-em-lajeado","status":"publish","type":"post","link":"https:\/\/folhapopular.info\/index.php\/2026\/03\/11\/ministerio-publico-investiga-possivel-irregularidade-em-precos-de-combustiveis-em-lajeado\/","title":{"rendered":"Minist\u00e9rio P\u00fablico investiga poss\u00edvel irregularidade em pre\u00e7os de combust\u00edveis em Lajeado"},"content":{"rendered":"\n<p>O Minist\u00e9rio P\u00fablico instaurou um procedimento preparat\u00f3rio para investigar poss\u00edveis irregularidades nos pre\u00e7os dos combust\u00edveis praticados em postos de Lajeado. A portaria que determina a apura\u00e7\u00e3o foi assinada pelo promotor de Justi\u00e7a <strong>Jo\u00e3o Pedro Togni<\/strong>, da Promotoria de Justi\u00e7a C\u00edvel do munic\u00edpio.<\/p>\n\n\n\n<p>De acordo com o documento, o objetivo \u00e9 verificar se h\u00e1 eventual pr\u00e1tica irregular ou abusiva na forma\u00e7\u00e3o dos pre\u00e7os cobrados ao consumidor nos estabelecimentos da cidade. A investiga\u00e7\u00e3o foi aberta a partir de uma <strong>not\u00edcia de fato com representa\u00e7\u00e3o an\u00f4nima<\/strong>, que levantou suspeitas sobre os valores praticados nos postos locais.<\/p>\n\n\n\n<p>A portaria que deu in\u00edcio ao procedimento foi assinada no dia <strong>6 de mar\u00e7o<\/strong>, determinando a abertura de dilig\u00eancias para reunir informa\u00e7\u00f5es e avaliar a situa\u00e7\u00e3o.<\/p>\n\n\n\n<h3 class=\"wp-block-heading\"><strong>Novas medidas no procedimento<\/strong><\/h3>\n\n\n\n<p>Em despacho posterior, assinado nesta quarta-feira (11), o promotor determinou novas provid\u00eancias no \u00e2mbito da investiga\u00e7\u00e3o. Entre elas est\u00e1 a <strong>inclus\u00e3o no processo de reportagens e not\u00edcias publicadas recentemente<\/strong> sobre a eleva\u00e7\u00e3o dos pre\u00e7os dos combust\u00edveis na regi\u00e3o.<\/p>\n\n\n\n<p>Al\u00e9m disso, o Minist\u00e9rio P\u00fablico determinou que <strong>postos de combust\u00edveis sediados na comarca de Lajeado sejam notificados com urg\u00eancia<\/strong> para prestar esclarecimentos e apresentar documenta\u00e7\u00e3o.<\/p>\n\n\n\n<p>Os estabelecimentos dever\u00e3o encaminhar ao \u00f3rg\u00e3o informa\u00e7\u00f5es detalhadas sobre a forma\u00e7\u00e3o de pre\u00e7os. Entre os documentos solicitados est\u00e3o <strong>notas fiscais de aquisi\u00e7\u00e3o de combust\u00edveis dos \u00faltimos 30 dias<\/strong>, al\u00e9m das <strong>notas fiscais de venda emitidas nos \u00faltimos 10 dias<\/strong>.<\/p>\n\n\n\n<h3 class=\"wp-block-heading\"><strong>Justificativa para reajustes<\/strong><\/h3>\n\n\n\n<p>Outro ponto solicitado pelo Minist\u00e9rio P\u00fablico \u00e9 a explica\u00e7\u00e3o sobre eventuais reajustes recentes.<\/p>\n\n\n\n<p>Os postos tamb\u00e9m dever\u00e3o informar <strong>se houve aumento de pre\u00e7os na semana corrente<\/strong>, indicando o percentual aplicado e apresentando justificativa para a altera\u00e7\u00e3o.<\/p>\n\n\n\n<p>A an\u00e1lise desses dados permitir\u00e1 ao Minist\u00e9rio P\u00fablico verificar se os valores praticados acompanham varia\u00e7\u00f5es reais de custos ou se podem indicar algum tipo de irregularidade na forma\u00e7\u00e3o dos pre\u00e7os.<\/p>\n\n\n\n<h3 class=\"wp-block-heading\"><strong>Poss\u00edvel pr\u00e1tica abusiva<\/strong><\/h3>\n\n\n\n<p>No despacho, o promotor tamb\u00e9m orienta os estabelecimentos de que <strong>a eleva\u00e7\u00e3o injustificada de pre\u00e7os pode configurar pr\u00e1tica abusiva<\/strong>, conforme prev\u00ea o <strong>C\u00f3digo de Defesa do Consumidor<\/strong>.<\/p>\n\n\n\n<p>Caso sejam identificadas irregularidades, o procedimento poder\u00e1 evoluir para outras medidas administrativas ou judiciais. O procedimento preparat\u00f3rio \u00e9 uma etapa inicial de apura\u00e7\u00e3o e serve para reunir elementos que permitam ao Minist\u00e9rio P\u00fablico avaliar se h\u00e1 ind\u00edcios suficientes para abertura de investiga\u00e7\u00e3o mais aprofundada ou eventual a\u00e7\u00e3o judicial.<\/p>\n\n\n\n<p><strong>Leia mais<\/strong><\/p>\n\n\n\n<figure class=\"wp-block-embed is-type-wp-embed is-provider-folha-popular wp-block-embed-folha-popular\"><div class=\"wp-block-embed__wrapper\">\n<blockquote class=\"wp-embedded-content\" data-secret=\"UgYd3uFdRX\"><a href=\"https:\/\/folhapopular.info\/index.php\/2026\/03\/10\/motoristas-fazem-fila-em-postos-por-temor-a-falta-de-combustivel\/\">Motoristas fazem fila em postos por temor \u00e0 falta de combust\u00edvel<\/a><\/blockquote><iframe loading=\"lazy\" class=\"wp-embedded-content\" sandbox=\"allow-scripts\" security=\"restricted\" style=\"position: absolute; visibility: hidden;\" title=\"&#8220;Motoristas fazem fila em postos por temor \u00e0 falta de combust\u00edvel&#8221; &#8212; Folha Popular\" src=\"https:\/\/folhapopular.info\/index.php\/2026\/03\/10\/motoristas-fazem-fila-em-postos-por-temor-a-falta-de-combustivel\/embed\/#?secret=4L510KZ7ZV#?secret=UgYd3uFdRX\" data-secret=\"UgYd3uFdRX\" width=\"600\" height=\"338\" frameborder=\"0\" marginwidth=\"0\" marginheight=\"0\" scrolling=\"no\"><\/iframe>\n<\/div><\/figure>\n","protected":false},"excerpt":{"rendered":"<p>O Minist\u00e9rio P\u00fablico instaurou um procedimento preparat\u00f3rio para investigar poss\u00edveis irregularidades nos pre\u00e7os dos combust\u00edveis praticados em postos de Lajeado. A portaria que determina a apura\u00e7\u00e3o foi assinada pelo promotor de Justi\u00e7a Jo\u00e3o Pedro Togni, da Promotoria de Justi\u00e7a C\u00edvel do munic\u00edpio. De acordo com o documento, o objetivo \u00e9 verificar se h\u00e1 eventual pr\u00e1tica [&hellip;]<\/p>\n","protected":false},"author":772,"featured_media":121975,"comment_status":"open","ping_status":"open","sticky":false,"template":"","format":"standard","meta":{"pmpro_default_level":"","_jetpack_memberships_contains_paid_content":false,"footnotes":""},"categories":[2,10991],"tags":[1382,27,2457,4548],"class_list":{"0":"post-205727","1":"post","2":"type-post","3":"status-publish","4":"format-standard","5":"has-post-thumbnail","7":"category-featured","8":"category-economia","9":"tag-gasolina","10":"tag-lajeado","11":"tag-ministerio-publico","12":"tag-posto-de-combustivel","13":"pmpro-has-access"},"yoast_head":"<!-- This site is optimized with the Yoast SEO plugin v27.5 - https:\/\/yoast.com\/product\/yoast-seo-wordpress\/ -->\n<title>Minist\u00e9rio P\u00fablico investiga poss\u00edvel irregularidade em pre\u00e7os de combust\u00edveis em Lajeado - Folha Popular<\/title>\n<meta name=\"description\" content=\"Os postos de combust\u00edveis dever\u00e3o encaminhar ao \u00f3rg\u00e3o informa\u00e7\u00f5es detalhadas sobre a forma\u00e7\u00e3o de pre\u00e7os ao Minist\u00e9rio P\u00fablico.\" \/>\n<meta name=\"robots\" content=\"index, follow, max-snippet:-1, max-image-preview:large, max-video-preview:-1\" \/>\n<link rel=\"canonical\" href=\"https:\/\/folhapopular.info\/index.php\/2026\/03\/11\/ministerio-publico-investiga-possivel-irregularidade-em-precos-de-combustiveis-em-lajeado\/\" \/>\n<meta property=\"og:locale\" content=\"pt_BR\" \/>\n<meta property=\"og:type\" content=\"article\" \/>\n<meta property=\"og:title\" content=\"Minist\u00e9rio P\u00fablico investiga poss\u00edvel irregularidade em pre\u00e7os de combust\u00edveis em Lajeado - Folha Popular\" \/>\n<meta property=\"og:description\" content=\"Os postos de combust\u00edveis dever\u00e3o encaminhar ao \u00f3rg\u00e3o informa\u00e7\u00f5es detalhadas sobre a forma\u00e7\u00e3o de pre\u00e7os ao Minist\u00e9rio P\u00fablico.\" \/>\n<meta property=\"og:url\" content=\"https:\/\/folhapopular.info\/index.php\/2026\/03\/11\/ministerio-publico-investiga-possivel-irregularidade-em-precos-de-combustiveis-em-lajeado\/\" \/>\n<meta property=\"og:site_name\" content=\"Folha Popular\" \/>\n<meta property=\"article:published_time\" content=\"2026-03-11T19:30:28+00:00\" \/>\n<meta property=\"article:modified_time\" content=\"2026-03-12T10:48:35+00:00\" \/>\n<meta property=\"og:image\" content=\"http:\/\/folhapopular.info\/wp-content\/uploads\/2023\/03\/posto_de_gasolina_jfcrz_abr_0605223809_1-1.jpg\" \/>\n\t<meta property=\"og:image:width\" content=\"1170\" \/>\n\t<meta property=\"og:image:height\" content=\"700\" \/>\n\t<meta property=\"og:image:type\" content=\"image\/jpeg\" \/>\n<meta name=\"author\" content=\"Anderson Lopes\" \/>\n<meta name=\"twitter:card\" content=\"summary_large_image\" \/>\n<meta name=\"twitter:label1\" content=\"Escrito por\" \/>\n\t<meta name=\"twitter:data1\" content=\"Anderson Lopes\" \/>\n\t<meta name=\"twitter:label2\" content=\"Est. tempo de leitura\" \/>\n\t<meta name=\"twitter:data2\" content=\"3 minutos\" \/>\n<script type=\"application\/ld+json\" class=\"yoast-schema-graph\">{\"@context\":\"https:\\\/\\\/schema.org\",\"@graph\":[{\"@type\":\"Article\",\"@id\":\"https:\\\/\\\/folhapopular.info\\\/index.php\\\/2026\\\/03\\\/11\\\/ministerio-publico-investiga-possivel-irregularidade-em-precos-de-combustiveis-em-lajeado\\\/#article\",\"isPartOf\":{\"@id\":\"https:\\\/\\\/folhapopular.info\\\/index.php\\\/2026\\\/03\\\/11\\\/ministerio-publico-investiga-possivel-irregularidade-em-precos-de-combustiveis-em-lajeado\\\/\"},\"author\":{\"name\":\"Anderson Lopes\",\"@id\":\"https:\\\/\\\/folhapopular.info\\\/#\\\/schema\\\/person\\\/50fd7636116370b67381921e65092a49\"},\"headline\":\"Minist\u00e9rio P\u00fablico investiga poss\u00edvel irregularidade em pre\u00e7os de combust\u00edveis em Lajeado\",\"datePublished\":\"2026-03-11T19:30:28+00:00\",\"dateModified\":\"2026-03-12T10:48:35+00:00\",\"mainEntityOfPage\":{\"@id\":\"https:\\\/\\\/folhapopular.info\\\/index.php\\\/2026\\\/03\\\/11\\\/ministerio-publico-investiga-possivel-irregularidade-em-precos-de-combustiveis-em-lajeado\\\/\"},\"wordCount\":463,\"commentCount\":0,\"image\":{\"@id\":\"https:\\\/\\\/folhapopular.info\\\/index.php\\\/2026\\\/03\\\/11\\\/ministerio-publico-investiga-possivel-irregularidade-em-precos-de-combustiveis-em-lajeado\\\/#primaryimage\"},\"thumbnailUrl\":\"https:\\\/\\\/folhapopular.info\\\/wp-content\\\/uploads\\\/2023\\\/03\\\/posto_de_gasolina_jfcrz_abr_0605223809_1-1.jpg\",\"keywords\":[\"Gasolina\",\"Lajeado\",\"Minist\u00e9rio P\u00fablico\",\"Posto de combust\u00edvel\"],\"articleSection\":[\"Destaques\",\"Economia\"],\"inLanguage\":\"pt-BR\",\"potentialAction\":[{\"@type\":\"CommentAction\",\"name\":\"Comment\",\"target\":[\"https:\\\/\\\/folhapopular.info\\\/index.php\\\/2026\\\/03\\\/11\\\/ministerio-publico-investiga-possivel-irregularidade-em-precos-de-combustiveis-em-lajeado\\\/#respond\"]}]},{\"@type\":\"WebPage\",\"@id\":\"https:\\\/\\\/folhapopular.info\\\/index.php\\\/2026\\\/03\\\/11\\\/ministerio-publico-investiga-possivel-irregularidade-em-precos-de-combustiveis-em-lajeado\\\/\",\"url\":\"https:\\\/\\\/folhapopular.info\\\/index.php\\\/2026\\\/03\\\/11\\\/ministerio-publico-investiga-possivel-irregularidade-em-precos-de-combustiveis-em-lajeado\\\/\",\"name\":\"Minist\u00e9rio P\u00fablico investiga poss\u00edvel irregularidade em pre\u00e7os de combust\u00edveis em Lajeado - Folha Popular\",\"isPartOf\":{\"@id\":\"https:\\\/\\\/folhapopular.info\\\/#website\"},\"primaryImageOfPage\":{\"@id\":\"https:\\\/\\\/folhapopular.info\\\/index.php\\\/2026\\\/03\\\/11\\\/ministerio-publico-investiga-possivel-irregularidade-em-precos-de-combustiveis-em-lajeado\\\/#primaryimage\"},\"image\":{\"@id\":\"https:\\\/\\\/folhapopular.info\\\/index.php\\\/2026\\\/03\\\/11\\\/ministerio-publico-investiga-possivel-irregularidade-em-precos-de-combustiveis-em-lajeado\\\/#primaryimage\"},\"thumbnailUrl\":\"https:\\\/\\\/folhapopular.info\\\/wp-content\\\/uploads\\\/2023\\\/03\\\/posto_de_gasolina_jfcrz_abr_0605223809_1-1.jpg\",\"datePublished\":\"2026-03-11T19:30:28+00:00\",\"dateModified\":\"2026-03-12T10:48:35+00:00\",\"author\":{\"@id\":\"https:\\\/\\\/folhapopular.info\\\/#\\\/schema\\\/person\\\/50fd7636116370b67381921e65092a49\"},\"description\":\"Os postos de combust\u00edveis dever\u00e3o encaminhar ao \u00f3rg\u00e3o informa\u00e7\u00f5es detalhadas sobre a forma\u00e7\u00e3o de pre\u00e7os ao Minist\u00e9rio P\u00fablico.\",\"breadcrumb\":{\"@id\":\"https:\\\/\\\/folhapopular.info\\\/index.php\\\/2026\\\/03\\\/11\\\/ministerio-publico-investiga-possivel-irregularidade-em-precos-de-combustiveis-em-lajeado\\\/#breadcrumb\"},\"inLanguage\":\"pt-BR\",\"potentialAction\":[{\"@type\":\"ReadAction\",\"target\":[\"https:\\\/\\\/folhapopular.info\\\/index.php\\\/2026\\\/03\\\/11\\\/ministerio-publico-investiga-possivel-irregularidade-em-precos-de-combustiveis-em-lajeado\\\/\"]}]},{\"@type\":\"ImageObject\",\"inLanguage\":\"pt-BR\",\"@id\":\"https:\\\/\\\/folhapopular.info\\\/index.php\\\/2026\\\/03\\\/11\\\/ministerio-publico-investiga-possivel-irregularidade-em-precos-de-combustiveis-em-lajeado\\\/#primaryimage\",\"url\":\"https:\\\/\\\/folhapopular.info\\\/wp-content\\\/uploads\\\/2023\\\/03\\\/posto_de_gasolina_jfcrz_abr_0605223809_1-1.jpg\",\"contentUrl\":\"https:\\\/\\\/folhapopular.info\\\/wp-content\\\/uploads\\\/2023\\\/03\\\/posto_de_gasolina_jfcrz_abr_0605223809_1-1.jpg\",\"width\":1170,\"height\":700,\"caption\":\"Cr\u00e9dito: Reprodu\u00e7\u00e3o\"},{\"@type\":\"BreadcrumbList\",\"@id\":\"https:\\\/\\\/folhapopular.info\\\/index.php\\\/2026\\\/03\\\/11\\\/ministerio-publico-investiga-possivel-irregularidade-em-precos-de-combustiveis-em-lajeado\\\/#breadcrumb\",\"itemListElement\":[{\"@type\":\"ListItem\",\"position\":1,\"name\":\"In\u00edcio\",\"item\":\"https:\\\/\\\/folhapopular.info\\\/\"},{\"@type\":\"ListItem\",\"position\":2,\"name\":\"Minist\u00e9rio P\u00fablico investiga poss\u00edvel irregularidade em pre\u00e7os de combust\u00edveis em Lajeado\"}]},{\"@type\":\"WebSite\",\"@id\":\"https:\\\/\\\/folhapopular.info\\\/#website\",\"url\":\"https:\\\/\\\/folhapopular.info\\\/\",\"name\":\"Folha Popular\",\"description\":\"Onde voc\u00ea tem vez e voz\",\"potentialAction\":[{\"@type\":\"SearchAction\",\"target\":{\"@type\":\"EntryPoint\",\"urlTemplate\":\"https:\\\/\\\/folhapopular.info\\\/?s={search_term_string}\"},\"query-input\":{\"@type\":\"PropertyValueSpecification\",\"valueRequired\":true,\"valueName\":\"search_term_string\"}}],\"inLanguage\":\"pt-BR\"},{\"@type\":\"Person\",\"@id\":\"https:\\\/\\\/folhapopular.info\\\/#\\\/schema\\\/person\\\/50fd7636116370b67381921e65092a49\",\"name\":\"Anderson Lopes\",\"image\":{\"@type\":\"ImageObject\",\"inLanguage\":\"pt-BR\",\"@id\":\"https:\\\/\\\/secure.gravatar.com\\\/avatar\\\/030f2f2574ef743bc9016552464e94d04c7e61de505d7089178f340fc50ed8c6?s=96&d=mm&r=g\",\"url\":\"https:\\\/\\\/secure.gravatar.com\\\/avatar\\\/030f2f2574ef743bc9016552464e94d04c7e61de505d7089178f340fc50ed8c6?s=96&d=mm&r=g\",\"contentUrl\":\"https:\\\/\\\/secure.gravatar.com\\\/avatar\\\/030f2f2574ef743bc9016552464e94d04c7e61de505d7089178f340fc50ed8c6?s=96&d=mm&r=g\",\"caption\":\"Anderson Lopes\"},\"url\":\"https:\\\/\\\/folhapopular.info\\\/index.php\\\/author\\\/anderson-lopes\\\/\"}]}<\/script>\n<!-- \/ Yoast SEO plugin. -->","yoast_head_json":{"title":"Minist\u00e9rio P\u00fablico investiga poss\u00edvel irregularidade em pre\u00e7os de combust\u00edveis em Lajeado - Folha Popular","description":"Os postos de combust\u00edveis dever\u00e3o encaminhar ao \u00f3rg\u00e3o informa\u00e7\u00f5es detalhadas sobre a forma\u00e7\u00e3o de pre\u00e7os ao Minist\u00e9rio P\u00fablico.","robots":{"index":"index","follow":"follow","max-snippet":"max-snippet:-1","max-image-preview":"max-image-preview:large","max-video-preview":"max-video-preview:-1"},"canonical":"https:\/\/folhapopular.info\/index.php\/2026\/03\/11\/ministerio-publico-investiga-possivel-irregularidade-em-precos-de-combustiveis-em-lajeado\/","og_locale":"pt_BR","og_type":"article","og_title":"Minist\u00e9rio P\u00fablico investiga poss\u00edvel irregularidade em pre\u00e7os de combust\u00edveis em Lajeado - Folha Popular","og_description":"Os postos de combust\u00edveis dever\u00e3o encaminhar ao \u00f3rg\u00e3o informa\u00e7\u00f5es detalhadas sobre a forma\u00e7\u00e3o de pre\u00e7os ao Minist\u00e9rio P\u00fablico.","og_url":"https:\/\/folhapopular.info\/index.php\/2026\/03\/11\/ministerio-publico-investiga-possivel-irregularidade-em-precos-de-combustiveis-em-lajeado\/","og_site_name":"Folha Popular","article_published_time":"2026-03-11T19:30:28+00:00","article_modified_time":"2026-03-12T10:48:35+00:00","og_image":[{"width":1170,"height":700,"url":"http:\/\/folhapopular.info\/wp-content\/uploads\/2023\/03\/posto_de_gasolina_jfcrz_abr_0605223809_1-1.jpg","type":"image\/jpeg"}],"author":"Anderson Lopes","twitter_card":"summary_large_image","twitter_misc":{"Escrito por":"Anderson Lopes","Est. tempo de leitura":"3 minutos"},"schema":{"@context":"https:\/\/schema.org","@graph":[{"@type":"Article","@id":"https:\/\/folhapopular.info\/index.php\/2026\/03\/11\/ministerio-publico-investiga-possivel-irregularidade-em-precos-de-combustiveis-em-lajeado\/#article","isPartOf":{"@id":"https:\/\/folhapopular.info\/index.php\/2026\/03\/11\/ministerio-publico-investiga-possivel-irregularidade-em-precos-de-combustiveis-em-lajeado\/"},"author":{"name":"Anderson Lopes","@id":"https:\/\/folhapopular.info\/#\/schema\/person\/50fd7636116370b67381921e65092a49"},"headline":"Minist\u00e9rio P\u00fablico investiga poss\u00edvel irregularidade em pre\u00e7os de combust\u00edveis em Lajeado","datePublished":"2026-03-11T19:30:28+00:00","dateModified":"2026-03-12T10:48:35+00:00","mainEntityOfPage":{"@id":"https:\/\/folhapopular.info\/index.php\/2026\/03\/11\/ministerio-publico-investiga-possivel-irregularidade-em-precos-de-combustiveis-em-lajeado\/"},"wordCount":463,"commentCount":0,"image":{"@id":"https:\/\/folhapopular.info\/index.php\/2026\/03\/11\/ministerio-publico-investiga-possivel-irregularidade-em-precos-de-combustiveis-em-lajeado\/#primaryimage"},"thumbnailUrl":"https:\/\/folhapopular.info\/wp-content\/uploads\/2023\/03\/posto_de_gasolina_jfcrz_abr_0605223809_1-1.jpg","keywords":["Gasolina","Lajeado","Minist\u00e9rio P\u00fablico","Posto de combust\u00edvel"],"articleSection":["Destaques","Economia"],"inLanguage":"pt-BR","potentialAction":[{"@type":"CommentAction","name":"Comment","target":["https:\/\/folhapopular.info\/index.php\/2026\/03\/11\/ministerio-publico-investiga-possivel-irregularidade-em-precos-de-combustiveis-em-lajeado\/#respond"]}]},{"@type":"WebPage","@id":"https:\/\/folhapopular.info\/index.php\/2026\/03\/11\/ministerio-publico-investiga-possivel-irregularidade-em-precos-de-combustiveis-em-lajeado\/","url":"https:\/\/folhapopular.info\/index.php\/2026\/03\/11\/ministerio-publico-investiga-possivel-irregularidade-em-precos-de-combustiveis-em-lajeado\/","name":"Minist\u00e9rio P\u00fablico investiga poss\u00edvel irregularidade em pre\u00e7os de combust\u00edveis em Lajeado - Folha Popular","isPartOf":{"@id":"https:\/\/folhapopular.info\/#website"},"primaryImageOfPage":{"@id":"https:\/\/folhapopular.info\/index.php\/2026\/03\/11\/ministerio-publico-investiga-possivel-irregularidade-em-precos-de-combustiveis-em-lajeado\/#primaryimage"},"image":{"@id":"https:\/\/folhapopular.info\/index.php\/2026\/03\/11\/ministerio-publico-investiga-possivel-irregularidade-em-precos-de-combustiveis-em-lajeado\/#primaryimage"},"thumbnailUrl":"https:\/\/folhapopular.info\/wp-content\/uploads\/2023\/03\/posto_de_gasolina_jfcrz_abr_0605223809_1-1.jpg","datePublished":"2026-03-11T19:30:28+00:00","dateModified":"2026-03-12T10:48:35+00:00","author":{"@id":"https:\/\/folhapopular.info\/#\/schema\/person\/50fd7636116370b67381921e65092a49"},"description":"Os postos de combust\u00edveis dever\u00e3o encaminhar ao \u00f3rg\u00e3o informa\u00e7\u00f5es detalhadas sobre a forma\u00e7\u00e3o de pre\u00e7os ao Minist\u00e9rio P\u00fablico.","breadcrumb":{"@id":"https:\/\/folhapopular.info\/index.php\/2026\/03\/11\/ministerio-publico-investiga-possivel-irregularidade-em-precos-de-combustiveis-em-lajeado\/#breadcrumb"},"inLanguage":"pt-BR","potentialAction":[{"@type":"ReadAction","target":["https:\/\/folhapopular.info\/index.php\/2026\/03\/11\/ministerio-publico-investiga-possivel-irregularidade-em-precos-de-combustiveis-em-lajeado\/"]}]},{"@type":"ImageObject","inLanguage":"pt-BR","@id":"https:\/\/folhapopular.info\/index.php\/2026\/03\/11\/ministerio-publico-investiga-possivel-irregularidade-em-precos-de-combustiveis-em-lajeado\/#primaryimage","url":"https:\/\/folhapopular.info\/wp-content\/uploads\/2023\/03\/posto_de_gasolina_jfcrz_abr_0605223809_1-1.jpg","contentUrl":"https:\/\/folhapopular.info\/wp-content\/uploads\/2023\/03\/posto_de_gasolina_jfcrz_abr_0605223809_1-1.jpg","width":1170,"height":700,"caption":"Cr\u00e9dito: Reprodu\u00e7\u00e3o"},{"@type":"BreadcrumbList","@id":"https:\/\/folhapopular.info\/index.php\/2026\/03\/11\/ministerio-publico-investiga-possivel-irregularidade-em-precos-de-combustiveis-em-lajeado\/#breadcrumb","itemListElement":[{"@type":"ListItem","position":1,"name":"In\u00edcio","item":"https:\/\/folhapopular.info\/"},{"@type":"ListItem","position":2,"name":"Minist\u00e9rio P\u00fablico investiga poss\u00edvel irregularidade em pre\u00e7os de combust\u00edveis em Lajeado"}]},{"@type":"WebSite","@id":"https:\/\/folhapopular.info\/#website","url":"https:\/\/folhapopular.info\/","name":"Folha Popular","description":"Onde voc\u00ea tem vez e voz","potentialAction":[{"@type":"SearchAction","target":{"@type":"EntryPoint","urlTemplate":"https:\/\/folhapopular.info\/?s={search_term_string}"},"query-input":{"@type":"PropertyValueSpecification","valueRequired":true,"valueName":"search_term_string"}}],"inLanguage":"pt-BR"},{"@type":"Person","@id":"https:\/\/folhapopular.info\/#\/schema\/person\/50fd7636116370b67381921e65092a49","name":"Anderson Lopes","image":{"@type":"ImageObject","inLanguage":"pt-BR","@id":"https:\/\/secure.gravatar.com\/avatar\/030f2f2574ef743bc9016552464e94d04c7e61de505d7089178f340fc50ed8c6?s=96&d=mm&r=g","url":"https:\/\/secure.gravatar.com\/avatar\/030f2f2574ef743bc9016552464e94d04c7e61de505d7089178f340fc50ed8c6?s=96&d=mm&r=g","contentUrl":"https:\/\/secure.gravatar.com\/avatar\/030f2f2574ef743bc9016552464e94d04c7e61de505d7089178f340fc50ed8c6?s=96&d=mm&r=g","caption":"Anderson Lopes"},"url":"https:\/\/folhapopular.info\/index.php\/author\/anderson-lopes\/"}]}},"jetpack_featured_media_url":"https:\/\/folhapopular.info\/wp-content\/uploads\/2023\/03\/posto_de_gasolina_jfcrz_abr_0605223809_1-1.jpg","jetpack_sharing_enabled":true,"amp_enabled":true,"_links":{"self":[{"href":"https:\/\/folhapopular.info\/index.php\/wp-json\/wp\/v2\/posts\/205727","targetHints":{"allow":["GET"]}}],"collection":[{"href":"https:\/\/folhapopular.info\/index.php\/wp-json\/wp\/v2\/posts"}],"about":[{"href":"https:\/\/folhapopular.info\/index.php\/wp-json\/wp\/v2\/types\/post"}],"author":[{"embeddable":true,"href":"https:\/\/folhapopular.info\/index.php\/wp-json\/wp\/v2\/users\/772"}],"replies":[{"embeddable":true,"href":"https:\/\/folhapopular.info\/index.php\/wp-json\/wp\/v2\/comments?post=205727"}],"version-history":[{"count":0,"href":"https:\/\/folhapopular.info\/index.php\/wp-json\/wp\/v2\/posts\/205727\/revisions"}],"wp:featuredmedia":[{"embeddable":true,"href":"https:\/\/folhapopular.info\/index.php\/wp-json\/wp\/v2\/media\/121975"}],"wp:attachment":[{"href":"https:\/\/folhapopular.info\/index.php\/wp-json\/wp\/v2\/media?parent=205727"}],"wp:term":[{"taxonomy":"category","embeddable":true,"href":"https:\/\/folhapopular.info\/index.php\/wp-json\/wp\/v2\/categories?post=205727"},{"taxonomy":"post_tag","embeddable":true,"href":"https:\/\/folhapopular.info\/index.php\/wp-json\/wp\/v2\/tags?post=205727"}],"curies":[{"name":"wp","href":"https:\/\/api.w.org\/{rel}","templated":true}]}}