{"id":205736,"date":"2026-03-14T10:16:17","date_gmt":"2026-03-14T13:16:17","guid":{"rendered":"https:\/\/folhapopular.info\/?p=205736"},"modified":"2026-03-14T14:07:06","modified_gmt":"2026-03-14T17:07:06","slug":"vereadores-de-teutonia-abordam-fim-de-convenio-de-fisioterapia-e-novo-projeto-para-portadores-de-fibromialgia","status":"publish","type":"post","link":"https:\/\/folhapopular.info\/index.php\/2026\/03\/14\/vereadores-de-teutonia-abordam-fim-de-convenio-de-fisioterapia-e-novo-projeto-para-portadores-de-fibromialgia\/","title":{"rendered":"Vereadores de Teut\u00f4nia abordam fim de conv\u00eanio de fisioterapia e novo projeto para portadores de fibromialgia"},"content":{"rendered":"<p>Os vereadores de Teut\u00f4nia se reuniram em sess\u00e3o ordin\u00e1ria nessa ter\u00e7a-feira (10\/3) para votar tr\u00eas projetos de lei. Todos foram aprovados, com a aus\u00eancia de Neide Schwarz (PSDB), em viagem a Bras\u00edlia em busca de recursos para o munic\u00edpio. Entre os assuntos principais estiveram pautas da Sa\u00fade. Mois\u00e9s Cardozo \u201cCavalinho\u201d (PSD) citou o fim do&#8230; <\/p>\n<div class=\"pmpro\">\n<div class=\"pmpro_card pmpro_content_message\">\n<div class=\"pmpro_card_content\">Este conte\u00fado \u00e9 apenas para associados Grupo Popular &#8211; Conte\u00fado Total Anual e Grupo Popular &#8211; Conte\u00fado Total Mensal. <br \/><a href=\"https:\/\/folhapopular.info\/wp-login.php?action=register\">Cadastre-se<\/a><\/div>\n<div class=\"pmpro_card_actions pmpro_font-medium\">J\u00e1 se associou? <a href=\"https:\/\/folhapopular.info\/wp-login.php?redirect_to=https%3A%2F%2Ffolhapopular.info%2Findex.php%2F2026%2F03%2F14%2Fvereadores-de-teutonia-abordam-fim-de-convenio-de-fisioterapia-e-novo-projeto-para-portadores-de-fibromialgia%2F\">Acesse aqui<\/a><\/div>\n<\/div>\n<\/div>\n","protected":false},"excerpt":{"rendered":"<p>Os vereadores de Teut\u00f4nia se reuniram em sess\u00e3o ordin\u00e1ria nessa ter\u00e7a-feira (10\/3) para votar tr\u00eas projetos de lei. Todos foram aprovados, com a aus\u00eancia de Neide Schwarz (PSDB), em viagem a Bras\u00edlia em busca de recursos para o munic\u00edpio. Entre os assuntos principais estiveram pautas da Sa\u00fade. Mois\u00e9s Cardozo \u201cCavalinho\u201d (PSD) citou o fim do... <\/p>\n<div class=\"pmpro\"><div class=\"pmpro_card pmpro_content_message\"><div class=\"pmpro_card_content\">Este conte\u00fado \u00e9 apenas para associados Grupo Popular - Conte\u00fado Total Anual e Grupo Popular - Conte\u00fado Total Mensal. <br \/><a href=\"https:\/\/folhapopular.info\/wp-login.php?action=register\">Cadastre-se<\/a><\/div><div class=\"pmpro_card_actions pmpro_font-medium\">J\u00e1 se associou? <a href=\"https:\/\/folhapopular.info\/wp-login.php?redirect_to=https%3A%2F%2Ffolhapopular.info%2Findex.php%2F2026%2F03%2F14%2Fvereadores-de-teutonia-abordam-fim-de-convenio-de-fisioterapia-e-novo-projeto-para-portadores-de-fibromialgia%2F\">Acesse aqui<\/a><\/div><\/div><\/div>","protected":false},"author":639,"featured_media":205738,"comment_status":"open","ping_status":"open","sticky":false,"template":"","format":"standard","meta":{"pmpro_default_level":"","_jetpack_memberships_contains_paid_content":false,"footnotes":""},"categories":[11078,18239,10985],"tags":[9008,2384,20767,26],"class_list":{"0":"post-205736","1":"post","2":"type-post","3":"status-publish","4":"format-standard","5":"has-post-thumbnail","7":"category-assinantes","8":"category-camara-de-vereadores-de-teutonia","9":"category-politica","10":"tag-camara-de-teutonia","11":"tag-convenio","12":"tag-fibromialgia","13":"tag-teutonia","14":"pmpro-level-required","15":"pmpro-level-2","16":"pmpro-level-4","17":"pmpro-level-5","18":"pmpro-no-access"},"yoast_head":"<!-- This site is optimized with the Yoast SEO plugin v27.5 - https:\/\/yoast.com\/product\/yoast-seo-wordpress\/ -->\n<title>Vereadores de Teut\u00f4nia abordam fim de conv\u00eanio de fisioterapia e novo projeto para portadores de fibromialgia - Folha Popular<\/title>\n<meta name=\"robots\" content=\"index, follow, max-snippet:-1, max-image-preview:large, max-video-preview:-1\" \/>\n<link rel=\"canonical\" href=\"https:\/\/folhapopular.info\/index.php\/2026\/03\/14\/vereadores-de-teutonia-abordam-fim-de-convenio-de-fisioterapia-e-novo-projeto-para-portadores-de-fibromialgia\/\" \/>\n<meta property=\"og:locale\" content=\"pt_BR\" \/>\n<meta property=\"og:type\" content=\"article\" \/>\n<meta property=\"og:title\" content=\"Vereadores de Teut\u00f4nia abordam fim de conv\u00eanio de fisioterapia e novo projeto para portadores de fibromialgia - Folha Popular\" \/>\n<meta property=\"og:description\" content=\"Os vereadores de Teut\u00f4nia se reuniram em sess\u00e3o ordin\u00e1ria nessa ter\u00e7a-feira (10\/3) para votar tr\u00eas projetos de lei. Todos foram aprovados, com a aus\u00eancia de Neide Schwarz (PSDB), em viagem a Bras\u00edlia em busca de recursos para o munic\u00edpio. Entre os assuntos principais estiveram pautas da Sa\u00fade. Mois\u00e9s Cardozo \u201cCavalinho\u201d (PSD) citou o fim do [&hellip;]\" \/>\n<meta property=\"og:url\" content=\"https:\/\/folhapopular.info\/index.php\/2026\/03\/14\/vereadores-de-teutonia-abordam-fim-de-convenio-de-fisioterapia-e-novo-projeto-para-portadores-de-fibromialgia\/\" \/>\n<meta property=\"og:site_name\" content=\"Folha Popular\" \/>\n<meta property=\"article:published_time\" content=\"2026-03-14T13:16:17+00:00\" \/>\n<meta property=\"article:modified_time\" content=\"2026-03-14T17:07:06+00:00\" \/>\n<meta property=\"og:image\" content=\"http:\/\/folhapopular.info\/wp-content\/uploads\/2026\/03\/IMG_1487-Large.jpeg\" \/>\n\t<meta property=\"og:image:width\" content=\"1280\" \/>\n\t<meta property=\"og:image:height\" content=\"960\" \/>\n\t<meta property=\"og:image:type\" content=\"image\/jpeg\" \/>\n<meta name=\"author\" content=\"Camille Lenz da Silva\" \/>\n<meta name=\"twitter:card\" content=\"summary_large_image\" \/>\n<meta name=\"twitter:label1\" content=\"Escrito por\" \/>\n\t<meta name=\"twitter:data1\" content=\"Camille Lenz da Silva\" \/>\n\t<meta name=\"twitter:label2\" content=\"Est. tempo de leitura\" \/>\n\t<meta name=\"twitter:data2\" content=\"6 minutos\" \/>\n<script type=\"application\/ld+json\" class=\"yoast-schema-graph\">{\"@context\":\"https:\\\/\\\/schema.org\",\"@graph\":[{\"@type\":\"Article\",\"@id\":\"https:\\\/\\\/folhapopular.info\\\/index.php\\\/2026\\\/03\\\/14\\\/vereadores-de-teutonia-abordam-fim-de-convenio-de-fisioterapia-e-novo-projeto-para-portadores-de-fibromialgia\\\/#article\",\"isPartOf\":{\"@id\":\"https:\\\/\\\/folhapopular.info\\\/index.php\\\/2026\\\/03\\\/14\\\/vereadores-de-teutonia-abordam-fim-de-convenio-de-fisioterapia-e-novo-projeto-para-portadores-de-fibromialgia\\\/\"},\"author\":{\"name\":\"Camille Lenz da Silva\",\"@id\":\"https:\\\/\\\/folhapopular.info\\\/#\\\/schema\\\/person\\\/f0b811f932ef2505faf473ffaef49df5\"},\"headline\":\"Vereadores de Teut\u00f4nia abordam fim de conv\u00eanio de fisioterapia e novo projeto para portadores de fibromialgia\",\"datePublished\":\"2026-03-14T13:16:17+00:00\",\"dateModified\":\"2026-03-14T17:07:06+00:00\",\"mainEntityOfPage\":{\"@id\":\"https:\\\/\\\/folhapopular.info\\\/index.php\\\/2026\\\/03\\\/14\\\/vereadores-de-teutonia-abordam-fim-de-convenio-de-fisioterapia-e-novo-projeto-para-portadores-de-fibromialgia\\\/\"},\"wordCount\":1048,\"commentCount\":0,\"image\":{\"@id\":\"https:\\\/\\\/folhapopular.info\\\/index.php\\\/2026\\\/03\\\/14\\\/vereadores-de-teutonia-abordam-fim-de-convenio-de-fisioterapia-e-novo-projeto-para-portadores-de-fibromialgia\\\/#primaryimage\"},\"thumbnailUrl\":\"https:\\\/\\\/folhapopular.info\\\/wp-content\\\/uploads\\\/2026\\\/03\\\/IMG_1487-Large.jpeg\",\"keywords\":[\"C\u00e2mara de Teut\u00f4nia\",\"Conv\u00eanio\",\"Fibromialgia\",\"Teut\u00f4nia\"],\"articleSection\":[\"Assinantes\",\"C\u00e2mara de Vereadores de Teut\u00f4nia\",\"Pol\u00edtica\"],\"inLanguage\":\"pt-BR\",\"potentialAction\":[{\"@type\":\"CommentAction\",\"name\":\"Comment\",\"target\":[\"https:\\\/\\\/folhapopular.info\\\/index.php\\\/2026\\\/03\\\/14\\\/vereadores-de-teutonia-abordam-fim-de-convenio-de-fisioterapia-e-novo-projeto-para-portadores-de-fibromialgia\\\/#respond\"]}]},{\"@type\":\"WebPage\",\"@id\":\"https:\\\/\\\/folhapopular.info\\\/index.php\\\/2026\\\/03\\\/14\\\/vereadores-de-teutonia-abordam-fim-de-convenio-de-fisioterapia-e-novo-projeto-para-portadores-de-fibromialgia\\\/\",\"url\":\"https:\\\/\\\/folhapopular.info\\\/index.php\\\/2026\\\/03\\\/14\\\/vereadores-de-teutonia-abordam-fim-de-convenio-de-fisioterapia-e-novo-projeto-para-portadores-de-fibromialgia\\\/\",\"name\":\"Vereadores de Teut\u00f4nia abordam fim de conv\u00eanio de fisioterapia e novo projeto para portadores de fibromialgia - Folha Popular\",\"isPartOf\":{\"@id\":\"https:\\\/\\\/folhapopular.info\\\/#website\"},\"primaryImageOfPage\":{\"@id\":\"https:\\\/\\\/folhapopular.info\\\/index.php\\\/2026\\\/03\\\/14\\\/vereadores-de-teutonia-abordam-fim-de-convenio-de-fisioterapia-e-novo-projeto-para-portadores-de-fibromialgia\\\/#primaryimage\"},\"image\":{\"@id\":\"https:\\\/\\\/folhapopular.info\\\/index.php\\\/2026\\\/03\\\/14\\\/vereadores-de-teutonia-abordam-fim-de-convenio-de-fisioterapia-e-novo-projeto-para-portadores-de-fibromialgia\\\/#primaryimage\"},\"thumbnailUrl\":\"https:\\\/\\\/folhapopular.info\\\/wp-content\\\/uploads\\\/2026\\\/03\\\/IMG_1487-Large.jpeg\",\"datePublished\":\"2026-03-14T13:16:17+00:00\",\"dateModified\":\"2026-03-14T17:07:06+00:00\",\"author\":{\"@id\":\"https:\\\/\\\/folhapopular.info\\\/#\\\/schema\\\/person\\\/f0b811f932ef2505faf473ffaef49df5\"},\"breadcrumb\":{\"@id\":\"https:\\\/\\\/folhapopular.info\\\/index.php\\\/2026\\\/03\\\/14\\\/vereadores-de-teutonia-abordam-fim-de-convenio-de-fisioterapia-e-novo-projeto-para-portadores-de-fibromialgia\\\/#breadcrumb\"},\"inLanguage\":\"pt-BR\",\"potentialAction\":[{\"@type\":\"ReadAction\",\"target\":[\"https:\\\/\\\/folhapopular.info\\\/index.php\\\/2026\\\/03\\\/14\\\/vereadores-de-teutonia-abordam-fim-de-convenio-de-fisioterapia-e-novo-projeto-para-portadores-de-fibromialgia\\\/\"]}]},{\"@type\":\"ImageObject\",\"inLanguage\":\"pt-BR\",\"@id\":\"https:\\\/\\\/folhapopular.info\\\/index.php\\\/2026\\\/03\\\/14\\\/vereadores-de-teutonia-abordam-fim-de-convenio-de-fisioterapia-e-novo-projeto-para-portadores-de-fibromialgia\\\/#primaryimage\",\"url\":\"https:\\\/\\\/folhapopular.info\\\/wp-content\\\/uploads\\\/2026\\\/03\\\/IMG_1487-Large.jpeg\",\"contentUrl\":\"https:\\\/\\\/folhapopular.info\\\/wp-content\\\/uploads\\\/2026\\\/03\\\/IMG_1487-Large.jpeg\",\"width\":1280,\"height\":960,\"caption\":\"Cr\u00e9dito: Camille Lenz da Silva\"},{\"@type\":\"BreadcrumbList\",\"@id\":\"https:\\\/\\\/folhapopular.info\\\/index.php\\\/2026\\\/03\\\/14\\\/vereadores-de-teutonia-abordam-fim-de-convenio-de-fisioterapia-e-novo-projeto-para-portadores-de-fibromialgia\\\/#breadcrumb\",\"itemListElement\":[{\"@type\":\"ListItem\",\"position\":1,\"name\":\"In\u00edcio\",\"item\":\"https:\\\/\\\/folhapopular.info\\\/\"},{\"@type\":\"ListItem\",\"position\":2,\"name\":\"Vereadores de Teut\u00f4nia abordam fim de conv\u00eanio de fisioterapia e novo projeto para portadores de fibromialgia\"}]},{\"@type\":\"WebSite\",\"@id\":\"https:\\\/\\\/folhapopular.info\\\/#website\",\"url\":\"https:\\\/\\\/folhapopular.info\\\/\",\"name\":\"Folha Popular\",\"description\":\"Onde voc\u00ea tem vez e voz\",\"potentialAction\":[{\"@type\":\"SearchAction\",\"target\":{\"@type\":\"EntryPoint\",\"urlTemplate\":\"https:\\\/\\\/folhapopular.info\\\/?s={search_term_string}\"},\"query-input\":{\"@type\":\"PropertyValueSpecification\",\"valueRequired\":true,\"valueName\":\"search_term_string\"}}],\"inLanguage\":\"pt-BR\"},{\"@type\":\"Person\",\"@id\":\"https:\\\/\\\/folhapopular.info\\\/#\\\/schema\\\/person\\\/f0b811f932ef2505faf473ffaef49df5\",\"name\":\"Camille Lenz da Silva\",\"image\":{\"@type\":\"ImageObject\",\"inLanguage\":\"pt-BR\",\"@id\":\"https:\\\/\\\/secure.gravatar.com\\\/avatar\\\/50be826d73ca259ec0e0a88a407f5de800c576c46cfdc57e50ef28551e216fff?s=96&d=mm&r=g\",\"url\":\"https:\\\/\\\/secure.gravatar.com\\\/avatar\\\/50be826d73ca259ec0e0a88a407f5de800c576c46cfdc57e50ef28551e216fff?s=96&d=mm&r=g\",\"contentUrl\":\"https:\\\/\\\/secure.gravatar.com\\\/avatar\\\/50be826d73ca259ec0e0a88a407f5de800c576c46cfdc57e50ef28551e216fff?s=96&d=mm&r=g\",\"caption\":\"Camille Lenz da Silva\"},\"url\":\"https:\\\/\\\/folhapopular.info\\\/index.php\\\/author\\\/camillelenzgmail-com\\\/\"}]}<\/script>\n<!-- \/ Yoast SEO plugin. -->","yoast_head_json":{"title":"Vereadores de Teut\u00f4nia abordam fim de conv\u00eanio de fisioterapia e novo projeto para portadores de fibromialgia - Folha Popular","robots":{"index":"index","follow":"follow","max-snippet":"max-snippet:-1","max-image-preview":"max-image-preview:large","max-video-preview":"max-video-preview:-1"},"canonical":"https:\/\/folhapopular.info\/index.php\/2026\/03\/14\/vereadores-de-teutonia-abordam-fim-de-convenio-de-fisioterapia-e-novo-projeto-para-portadores-de-fibromialgia\/","og_locale":"pt_BR","og_type":"article","og_title":"Vereadores de Teut\u00f4nia abordam fim de conv\u00eanio de fisioterapia e novo projeto para portadores de fibromialgia - Folha Popular","og_description":"Os vereadores de Teut\u00f4nia se reuniram em sess\u00e3o ordin\u00e1ria nessa ter\u00e7a-feira (10\/3) para votar tr\u00eas projetos de lei. Todos foram aprovados, com a aus\u00eancia de Neide Schwarz (PSDB), em viagem a Bras\u00edlia em busca de recursos para o munic\u00edpio. Entre os assuntos principais estiveram pautas da Sa\u00fade. Mois\u00e9s Cardozo \u201cCavalinho\u201d (PSD) citou o fim do [&hellip;]","og_url":"https:\/\/folhapopular.info\/index.php\/2026\/03\/14\/vereadores-de-teutonia-abordam-fim-de-convenio-de-fisioterapia-e-novo-projeto-para-portadores-de-fibromialgia\/","og_site_name":"Folha Popular","article_published_time":"2026-03-14T13:16:17+00:00","article_modified_time":"2026-03-14T17:07:06+00:00","og_image":[{"width":1280,"height":960,"url":"http:\/\/folhapopular.info\/wp-content\/uploads\/2026\/03\/IMG_1487-Large.jpeg","type":"image\/jpeg"}],"author":"Camille Lenz da Silva","twitter_card":"summary_large_image","twitter_misc":{"Escrito por":"Camille Lenz da Silva","Est. tempo de leitura":"6 minutos"},"schema":{"@context":"https:\/\/schema.org","@graph":[{"@type":"Article","@id":"https:\/\/folhapopular.info\/index.php\/2026\/03\/14\/vereadores-de-teutonia-abordam-fim-de-convenio-de-fisioterapia-e-novo-projeto-para-portadores-de-fibromialgia\/#article","isPartOf":{"@id":"https:\/\/folhapopular.info\/index.php\/2026\/03\/14\/vereadores-de-teutonia-abordam-fim-de-convenio-de-fisioterapia-e-novo-projeto-para-portadores-de-fibromialgia\/"},"author":{"name":"Camille Lenz da Silva","@id":"https:\/\/folhapopular.info\/#\/schema\/person\/f0b811f932ef2505faf473ffaef49df5"},"headline":"Vereadores de Teut\u00f4nia abordam fim de conv\u00eanio de fisioterapia e novo projeto para portadores de fibromialgia","datePublished":"2026-03-14T13:16:17+00:00","dateModified":"2026-03-14T17:07:06+00:00","mainEntityOfPage":{"@id":"https:\/\/folhapopular.info\/index.php\/2026\/03\/14\/vereadores-de-teutonia-abordam-fim-de-convenio-de-fisioterapia-e-novo-projeto-para-portadores-de-fibromialgia\/"},"wordCount":1048,"commentCount":0,"image":{"@id":"https:\/\/folhapopular.info\/index.php\/2026\/03\/14\/vereadores-de-teutonia-abordam-fim-de-convenio-de-fisioterapia-e-novo-projeto-para-portadores-de-fibromialgia\/#primaryimage"},"thumbnailUrl":"https:\/\/folhapopular.info\/wp-content\/uploads\/2026\/03\/IMG_1487-Large.jpeg","keywords":["C\u00e2mara de Teut\u00f4nia","Conv\u00eanio","Fibromialgia","Teut\u00f4nia"],"articleSection":["Assinantes","C\u00e2mara de Vereadores de Teut\u00f4nia","Pol\u00edtica"],"inLanguage":"pt-BR","potentialAction":[{"@type":"CommentAction","name":"Comment","target":["https:\/\/folhapopular.info\/index.php\/2026\/03\/14\/vereadores-de-teutonia-abordam-fim-de-convenio-de-fisioterapia-e-novo-projeto-para-portadores-de-fibromialgia\/#respond"]}]},{"@type":"WebPage","@id":"https:\/\/folhapopular.info\/index.php\/2026\/03\/14\/vereadores-de-teutonia-abordam-fim-de-convenio-de-fisioterapia-e-novo-projeto-para-portadores-de-fibromialgia\/","url":"https:\/\/folhapopular.info\/index.php\/2026\/03\/14\/vereadores-de-teutonia-abordam-fim-de-convenio-de-fisioterapia-e-novo-projeto-para-portadores-de-fibromialgia\/","name":"Vereadores de Teut\u00f4nia abordam fim de conv\u00eanio de fisioterapia e novo projeto para portadores de fibromialgia - Folha Popular","isPartOf":{"@id":"https:\/\/folhapopular.info\/#website"},"primaryImageOfPage":{"@id":"https:\/\/folhapopular.info\/index.php\/2026\/03\/14\/vereadores-de-teutonia-abordam-fim-de-convenio-de-fisioterapia-e-novo-projeto-para-portadores-de-fibromialgia\/#primaryimage"},"image":{"@id":"https:\/\/folhapopular.info\/index.php\/2026\/03\/14\/vereadores-de-teutonia-abordam-fim-de-convenio-de-fisioterapia-e-novo-projeto-para-portadores-de-fibromialgia\/#primaryimage"},"thumbnailUrl":"https:\/\/folhapopular.info\/wp-content\/uploads\/2026\/03\/IMG_1487-Large.jpeg","datePublished":"2026-03-14T13:16:17+00:00","dateModified":"2026-03-14T17:07:06+00:00","author":{"@id":"https:\/\/folhapopular.info\/#\/schema\/person\/f0b811f932ef2505faf473ffaef49df5"},"breadcrumb":{"@id":"https:\/\/folhapopular.info\/index.php\/2026\/03\/14\/vereadores-de-teutonia-abordam-fim-de-convenio-de-fisioterapia-e-novo-projeto-para-portadores-de-fibromialgia\/#breadcrumb"},"inLanguage":"pt-BR","potentialAction":[{"@type":"ReadAction","target":["https:\/\/folhapopular.info\/index.php\/2026\/03\/14\/vereadores-de-teutonia-abordam-fim-de-convenio-de-fisioterapia-e-novo-projeto-para-portadores-de-fibromialgia\/"]}]},{"@type":"ImageObject","inLanguage":"pt-BR","@id":"https:\/\/folhapopular.info\/index.php\/2026\/03\/14\/vereadores-de-teutonia-abordam-fim-de-convenio-de-fisioterapia-e-novo-projeto-para-portadores-de-fibromialgia\/#primaryimage","url":"https:\/\/folhapopular.info\/wp-content\/uploads\/2026\/03\/IMG_1487-Large.jpeg","contentUrl":"https:\/\/folhapopular.info\/wp-content\/uploads\/2026\/03\/IMG_1487-Large.jpeg","width":1280,"height":960,"caption":"Cr\u00e9dito: Camille Lenz da Silva"},{"@type":"BreadcrumbList","@id":"https:\/\/folhapopular.info\/index.php\/2026\/03\/14\/vereadores-de-teutonia-abordam-fim-de-convenio-de-fisioterapia-e-novo-projeto-para-portadores-de-fibromialgia\/#breadcrumb","itemListElement":[{"@type":"ListItem","position":1,"name":"In\u00edcio","item":"https:\/\/folhapopular.info\/"},{"@type":"ListItem","position":2,"name":"Vereadores de Teut\u00f4nia abordam fim de conv\u00eanio de fisioterapia e novo projeto para portadores de fibromialgia"}]},{"@type":"WebSite","@id":"https:\/\/folhapopular.info\/#website","url":"https:\/\/folhapopular.info\/","name":"Folha Popular","description":"Onde voc\u00ea tem vez e voz","potentialAction":[{"@type":"SearchAction","target":{"@type":"EntryPoint","urlTemplate":"https:\/\/folhapopular.info\/?s={search_term_string}"},"query-input":{"@type":"PropertyValueSpecification","valueRequired":true,"valueName":"search_term_string"}}],"inLanguage":"pt-BR"},{"@type":"Person","@id":"https:\/\/folhapopular.info\/#\/schema\/person\/f0b811f932ef2505faf473ffaef49df5","name":"Camille Lenz da Silva","image":{"@type":"ImageObject","inLanguage":"pt-BR","@id":"https:\/\/secure.gravatar.com\/avatar\/50be826d73ca259ec0e0a88a407f5de800c576c46cfdc57e50ef28551e216fff?s=96&d=mm&r=g","url":"https:\/\/secure.gravatar.com\/avatar\/50be826d73ca259ec0e0a88a407f5de800c576c46cfdc57e50ef28551e216fff?s=96&d=mm&r=g","contentUrl":"https:\/\/secure.gravatar.com\/avatar\/50be826d73ca259ec0e0a88a407f5de800c576c46cfdc57e50ef28551e216fff?s=96&d=mm&r=g","caption":"Camille Lenz da Silva"},"url":"https:\/\/folhapopular.info\/index.php\/author\/camillelenzgmail-com\/"}]}},"jetpack_featured_media_url":"https:\/\/folhapopular.info\/wp-content\/uploads\/2026\/03\/IMG_1487-Large.jpeg","jetpack_sharing_enabled":true,"amp_enabled":true,"_links":{"self":[{"href":"https:\/\/folhapopular.info\/index.php\/wp-json\/wp\/v2\/posts\/205736","targetHints":{"allow":["GET"]}}],"collection":[{"href":"https:\/\/folhapopular.info\/index.php\/wp-json\/wp\/v2\/posts"}],"about":[{"href":"https:\/\/folhapopular.info\/index.php\/wp-json\/wp\/v2\/types\/post"}],"author":[{"embeddable":true,"href":"https:\/\/folhapopular.info\/index.php\/wp-json\/wp\/v2\/users\/639"}],"replies":[{"embeddable":true,"href":"https:\/\/folhapopular.info\/index.php\/wp-json\/wp\/v2\/comments?post=205736"}],"version-history":[{"count":0,"href":"https:\/\/folhapopular.info\/index.php\/wp-json\/wp\/v2\/posts\/205736\/revisions"}],"wp:featuredmedia":[{"embeddable":true,"href":"https:\/\/folhapopular.info\/index.php\/wp-json\/wp\/v2\/media\/205738"}],"wp:attachment":[{"href":"https:\/\/folhapopular.info\/index.php\/wp-json\/wp\/v2\/media?parent=205736"}],"wp:term":[{"taxonomy":"category","embeddable":true,"href":"https:\/\/folhapopular.info\/index.php\/wp-json\/wp\/v2\/categories?post=205736"},{"taxonomy":"post_tag","embeddable":true,"href":"https:\/\/folhapopular.info\/index.php\/wp-json\/wp\/v2\/tags?post=205736"}],"curies":[{"name":"wp","href":"https:\/\/api.w.org\/{rel}","templated":true}]}}