{"id":205760,"date":"2026-03-12T08:40:23","date_gmt":"2026-03-12T11:40:23","guid":{"rendered":"https:\/\/folhapopular.info\/?p=205760"},"modified":"2026-03-12T08:43:48","modified_gmt":"2026-03-12T11:43:48","slug":"atletas-de-caxias-do-sul-representam-o-brasil-no-usa-open-karate-2026","status":"publish","type":"post","link":"https:\/\/folhapopular.info\/index.php\/2026\/03\/12\/atletas-de-caxias-do-sul-representam-o-brasil-no-usa-open-karate-2026\/","title":{"rendered":"Atletas de Caxias do Sul representam o Brasil no USA Open Karate 2026"},"content":{"rendered":"\n<p>Quatro atletas de Caxias do Sul estar\u00e3o entre os representantes brasileiros no USA <em>Open Karate<\/em>2026, uma das principais competi\u00e7\u00f5es internacionais da modalidade.<\/p>\n\n\n\n<p>O evento ser\u00e1 realizado entre os dias 1\u00ba e 5 de abril, em Fort Worth, no Texas (Estados Unidos), com competidores de diversos pa\u00edses e reconhecido pelo alto n\u00edvel t\u00e9cnico dentro do calend\u00e1rio mundial do karat\u00ea.<\/p>\n\n\n\n<p>O munic\u00edpio ser\u00e1 representado por atletas nas categorias M\u00e1ster, destinadas a competidores com ampla experi\u00eancia e trajet\u00f3ria consolidada no esporte.<\/p>\n\n\n\n<p>Anselmo Cara, Marcelo Durigon Sardi e Fl\u00e1vio Rodrigues participar\u00e3o com as cores da Dojokai Caxias do Sul, enquanto Diego Posebom competir\u00e1 representando a AKCS\/UCS Karat\u00ea.<\/p>\n\n\n\n<p>Na competi\u00e7\u00e3o, Marcelo Durigon Sardi e Diego Posebom disputar\u00e3o a categoria M\u00e1ster acima de 40 anos. Fl\u00e1vio Rodrigues competir\u00e1 na M\u00e1ster acima de 45 anos, enquanto Anselmo Cara representar\u00e1 o Brasil na categoria M\u00e1ster acima de 55 anos.<\/p>\n\n\n\n<p>A presen\u00e7a dos atletas caxienses no torneio refor\u00e7a a for\u00e7a do karat\u00ea d ga\u00facho no cen\u00e1rio internacional, resultado de anos de dedica\u00e7\u00e3o, treinamento e forma\u00e7\u00e3o t\u00e9cnica desenvolvida nas academias da regi\u00e3o.<\/p>\n\n\n\n<p>Al\u00e9m da busca por resultados esportivos, os competidores tamb\u00e9m levam \u00e0 competi\u00e7\u00e3o os valores tradicionais da modalidade, como respeito, disciplina e perseveran\u00e7a.<\/p>\n\n\n\n<p>A expectativa \u00e9 de confrontos em alto n\u00edvel e de uma participa\u00e7\u00e3o que contribua para fortalecer ainda mais a presen\u00e7a do karat\u00ea brasileiro em eventos internacionais, com a amplia\u00e7\u00e3o do interc\u00e2mbio esportivo.<\/p>\n","protected":false},"excerpt":{"rendered":"<p>Quatro atletas de Caxias do Sul estar\u00e3o entre os representantes brasileiros no USA Open Karate2026, uma das principais competi\u00e7\u00f5es internacionais da modalidade. O evento ser\u00e1 realizado entre os dias 1\u00ba e 5 de abril, em Fort Worth, no Texas (Estados Unidos), com competidores de diversos pa\u00edses e reconhecido pelo alto n\u00edvel t\u00e9cnico dentro do calend\u00e1rio [&hellip;]<\/p>\n","protected":false},"author":732,"featured_media":205761,"comment_status":"open","ping_status":"open","sticky":false,"template":"","format":"standard","meta":{"pmpro_default_level":"","_jetpack_memberships_contains_paid_content":false,"footnotes":""},"categories":[18195,5],"tags":[9681,263,3618,9931,12189,20744],"class_list":{"0":"post-205760","1":"post","2":"type-post","3":"status-publish","4":"format-standard","5":"has-post-thumbnail","7":"category-artes-marciais","8":"category-esportes","9":"tag-artes-marciais","10":"tag-brasil","11":"tag-estados-unidos","12":"tag-gauchos","13":"tag-karate-2","14":"tag-usa-open-karate-2026","15":"pmpro-has-access"},"yoast_head":"<!-- This site is optimized with the Yoast SEO plugin v27.4 - https:\/\/yoast.com\/product\/yoast-seo-wordpress\/ -->\n<title>Atletas de Caxias do Sul representam o Brasil no USA Open Karate 2026 - Folha Popular<\/title>\n<meta name=\"description\" content=\"Naturais de Caxias do Sul, os atletas representam o Brasil na competi\u00e7\u00e3o realizada no Texas, Estados Unidos.\" \/>\n<meta name=\"robots\" content=\"index, follow, max-snippet:-1, max-image-preview:large, max-video-preview:-1\" \/>\n<link rel=\"canonical\" href=\"https:\/\/folhapopular.info\/index.php\/2026\/03\/12\/atletas-de-caxias-do-sul-representam-o-brasil-no-usa-open-karate-2026\/\" \/>\n<meta property=\"og:locale\" content=\"pt_BR\" \/>\n<meta property=\"og:type\" content=\"article\" \/>\n<meta property=\"og:title\" content=\"Atletas de Caxias do Sul representam o Brasil no USA Open Karate 2026 - Folha Popular\" \/>\n<meta property=\"og:description\" content=\"Naturais de Caxias do Sul, os atletas representam o Brasil na competi\u00e7\u00e3o realizada no Texas, Estados Unidos.\" \/>\n<meta property=\"og:url\" content=\"https:\/\/folhapopular.info\/index.php\/2026\/03\/12\/atletas-de-caxias-do-sul-representam-o-brasil-no-usa-open-karate-2026\/\" \/>\n<meta property=\"og:site_name\" content=\"Folha Popular\" \/>\n<meta property=\"article:author\" content=\"https:\/\/www.facebook.com\/luis.huppes\/\" \/>\n<meta property=\"article:published_time\" content=\"2026-03-12T11:40:23+00:00\" \/>\n<meta property=\"article:modified_time\" content=\"2026-03-12T11:43:48+00:00\" \/>\n<meta property=\"og:image\" content=\"http:\/\/folhapopular.info\/wp-content\/uploads\/2026\/03\/Imagem-atletas.jpg\" \/>\n\t<meta property=\"og:image:width\" content=\"853\" \/>\n\t<meta property=\"og:image:height\" content=\"1280\" \/>\n\t<meta property=\"og:image:type\" content=\"image\/jpeg\" \/>\n<meta name=\"author\" content=\"Luis Augusto Huppes\" \/>\n<meta name=\"twitter:card\" content=\"summary_large_image\" \/>\n<meta name=\"twitter:label1\" content=\"Escrito por\" \/>\n\t<meta name=\"twitter:data1\" content=\"Luis Augusto Huppes\" \/>\n\t<meta name=\"twitter:label2\" content=\"Est. tempo de leitura\" \/>\n\t<meta name=\"twitter:data2\" content=\"2 minutos\" \/>\n<script type=\"application\/ld+json\" class=\"yoast-schema-graph\">{\"@context\":\"https:\\\/\\\/schema.org\",\"@graph\":[{\"@type\":\"Article\",\"@id\":\"https:\\\/\\\/folhapopular.info\\\/index.php\\\/2026\\\/03\\\/12\\\/atletas-de-caxias-do-sul-representam-o-brasil-no-usa-open-karate-2026\\\/#article\",\"isPartOf\":{\"@id\":\"https:\\\/\\\/folhapopular.info\\\/index.php\\\/2026\\\/03\\\/12\\\/atletas-de-caxias-do-sul-representam-o-brasil-no-usa-open-karate-2026\\\/\"},\"author\":{\"name\":\"Luis Augusto Huppes\",\"@id\":\"https:\\\/\\\/folhapopular.info\\\/#\\\/schema\\\/person\\\/e852c327371714676d02e58cf917fd9f\"},\"headline\":\"Atletas de Caxias do Sul representam o Brasil no USA Open Karate 2026\",\"datePublished\":\"2026-03-12T11:40:23+00:00\",\"dateModified\":\"2026-03-12T11:43:48+00:00\",\"mainEntityOfPage\":{\"@id\":\"https:\\\/\\\/folhapopular.info\\\/index.php\\\/2026\\\/03\\\/12\\\/atletas-de-caxias-do-sul-representam-o-brasil-no-usa-open-karate-2026\\\/\"},\"wordCount\":268,\"commentCount\":0,\"image\":{\"@id\":\"https:\\\/\\\/folhapopular.info\\\/index.php\\\/2026\\\/03\\\/12\\\/atletas-de-caxias-do-sul-representam-o-brasil-no-usa-open-karate-2026\\\/#primaryimage\"},\"thumbnailUrl\":\"https:\\\/\\\/folhapopular.info\\\/wp-content\\\/uploads\\\/2026\\\/03\\\/Imagem-atletas.jpg\",\"keywords\":[\"Artes Marciais\",\"Brasil\",\"Estados Unidos\",\"Ga\u00fachos\",\"karate\",\"USA Open Karate 2026\"],\"articleSection\":[\"Artes Marciais\",\"Esportes\"],\"inLanguage\":\"pt-BR\",\"potentialAction\":[{\"@type\":\"CommentAction\",\"name\":\"Comment\",\"target\":[\"https:\\\/\\\/folhapopular.info\\\/index.php\\\/2026\\\/03\\\/12\\\/atletas-de-caxias-do-sul-representam-o-brasil-no-usa-open-karate-2026\\\/#respond\"]}]},{\"@type\":\"WebPage\",\"@id\":\"https:\\\/\\\/folhapopular.info\\\/index.php\\\/2026\\\/03\\\/12\\\/atletas-de-caxias-do-sul-representam-o-brasil-no-usa-open-karate-2026\\\/\",\"url\":\"https:\\\/\\\/folhapopular.info\\\/index.php\\\/2026\\\/03\\\/12\\\/atletas-de-caxias-do-sul-representam-o-brasil-no-usa-open-karate-2026\\\/\",\"name\":\"Atletas de Caxias do Sul representam o Brasil no USA Open Karate 2026 - Folha Popular\",\"isPartOf\":{\"@id\":\"https:\\\/\\\/folhapopular.info\\\/#website\"},\"primaryImageOfPage\":{\"@id\":\"https:\\\/\\\/folhapopular.info\\\/index.php\\\/2026\\\/03\\\/12\\\/atletas-de-caxias-do-sul-representam-o-brasil-no-usa-open-karate-2026\\\/#primaryimage\"},\"image\":{\"@id\":\"https:\\\/\\\/folhapopular.info\\\/index.php\\\/2026\\\/03\\\/12\\\/atletas-de-caxias-do-sul-representam-o-brasil-no-usa-open-karate-2026\\\/#primaryimage\"},\"thumbnailUrl\":\"https:\\\/\\\/folhapopular.info\\\/wp-content\\\/uploads\\\/2026\\\/03\\\/Imagem-atletas.jpg\",\"datePublished\":\"2026-03-12T11:40:23+00:00\",\"dateModified\":\"2026-03-12T11:43:48+00:00\",\"author\":{\"@id\":\"https:\\\/\\\/folhapopular.info\\\/#\\\/schema\\\/person\\\/e852c327371714676d02e58cf917fd9f\"},\"description\":\"Naturais de Caxias do Sul, os atletas representam o Brasil na competi\u00e7\u00e3o realizada no Texas, Estados Unidos.\",\"breadcrumb\":{\"@id\":\"https:\\\/\\\/folhapopular.info\\\/index.php\\\/2026\\\/03\\\/12\\\/atletas-de-caxias-do-sul-representam-o-brasil-no-usa-open-karate-2026\\\/#breadcrumb\"},\"inLanguage\":\"pt-BR\",\"potentialAction\":[{\"@type\":\"ReadAction\",\"target\":[\"https:\\\/\\\/folhapopular.info\\\/index.php\\\/2026\\\/03\\\/12\\\/atletas-de-caxias-do-sul-representam-o-brasil-no-usa-open-karate-2026\\\/\"]}]},{\"@type\":\"ImageObject\",\"inLanguage\":\"pt-BR\",\"@id\":\"https:\\\/\\\/folhapopular.info\\\/index.php\\\/2026\\\/03\\\/12\\\/atletas-de-caxias-do-sul-representam-o-brasil-no-usa-open-karate-2026\\\/#primaryimage\",\"url\":\"https:\\\/\\\/folhapopular.info\\\/wp-content\\\/uploads\\\/2026\\\/03\\\/Imagem-atletas.jpg\",\"contentUrl\":\"https:\\\/\\\/folhapopular.info\\\/wp-content\\\/uploads\\\/2026\\\/03\\\/Imagem-atletas.jpg\",\"width\":853,\"height\":1280},{\"@type\":\"BreadcrumbList\",\"@id\":\"https:\\\/\\\/folhapopular.info\\\/index.php\\\/2026\\\/03\\\/12\\\/atletas-de-caxias-do-sul-representam-o-brasil-no-usa-open-karate-2026\\\/#breadcrumb\",\"itemListElement\":[{\"@type\":\"ListItem\",\"position\":1,\"name\":\"In\u00edcio\",\"item\":\"https:\\\/\\\/folhapopular.info\\\/\"},{\"@type\":\"ListItem\",\"position\":2,\"name\":\"Atletas de Caxias do Sul representam o Brasil no USA Open Karate 2026\"}]},{\"@type\":\"WebSite\",\"@id\":\"https:\\\/\\\/folhapopular.info\\\/#website\",\"url\":\"https:\\\/\\\/folhapopular.info\\\/\",\"name\":\"Folha Popular\",\"description\":\"Onde voc\u00ea tem vez e voz\",\"potentialAction\":[{\"@type\":\"SearchAction\",\"target\":{\"@type\":\"EntryPoint\",\"urlTemplate\":\"https:\\\/\\\/folhapopular.info\\\/?s={search_term_string}\"},\"query-input\":{\"@type\":\"PropertyValueSpecification\",\"valueRequired\":true,\"valueName\":\"search_term_string\"}}],\"inLanguage\":\"pt-BR\"},{\"@type\":\"Person\",\"@id\":\"https:\\\/\\\/folhapopular.info\\\/#\\\/schema\\\/person\\\/e852c327371714676d02e58cf917fd9f\",\"name\":\"Luis Augusto Huppes\",\"image\":{\"@type\":\"ImageObject\",\"inLanguage\":\"pt-BR\",\"@id\":\"https:\\\/\\\/folhapopular.info\\\/wp-content\\\/uploads\\\/2026\\\/04\\\/Luis-Augusto-Huppes-1-1.webp\",\"url\":\"https:\\\/\\\/folhapopular.info\\\/wp-content\\\/uploads\\\/2026\\\/04\\\/Luis-Augusto-Huppes-1-1.webp\",\"contentUrl\":\"https:\\\/\\\/folhapopular.info\\\/wp-content\\\/uploads\\\/2026\\\/04\\\/Luis-Augusto-Huppes-1-1.webp\",\"caption\":\"Luis Augusto Huppes\"},\"sameAs\":[\"https:\\\/\\\/www.facebook.com\\\/luis.huppes\\\/\",\"https:\\\/\\\/www.instagram.com\\\/luis.huppes\\\/\",\"https:\\\/\\\/www.linkedin.com\\\/in\\\/luis-augusto-huppes-2554b52b7\\\/\"],\"url\":\"https:\\\/\\\/folhapopular.info\\\/index.php\\\/author\\\/luis-augusto-huppes\\\/\"}]}<\/script>\n<!-- \/ Yoast SEO plugin. -->","yoast_head_json":{"title":"Atletas de Caxias do Sul representam o Brasil no USA Open Karate 2026 - Folha Popular","description":"Naturais de Caxias do Sul, os atletas representam o Brasil na competi\u00e7\u00e3o realizada no Texas, Estados Unidos.","robots":{"index":"index","follow":"follow","max-snippet":"max-snippet:-1","max-image-preview":"max-image-preview:large","max-video-preview":"max-video-preview:-1"},"canonical":"https:\/\/folhapopular.info\/index.php\/2026\/03\/12\/atletas-de-caxias-do-sul-representam-o-brasil-no-usa-open-karate-2026\/","og_locale":"pt_BR","og_type":"article","og_title":"Atletas de Caxias do Sul representam o Brasil no USA Open Karate 2026 - Folha Popular","og_description":"Naturais de Caxias do Sul, os atletas representam o Brasil na competi\u00e7\u00e3o realizada no Texas, Estados Unidos.","og_url":"https:\/\/folhapopular.info\/index.php\/2026\/03\/12\/atletas-de-caxias-do-sul-representam-o-brasil-no-usa-open-karate-2026\/","og_site_name":"Folha Popular","article_author":"https:\/\/www.facebook.com\/luis.huppes\/","article_published_time":"2026-03-12T11:40:23+00:00","article_modified_time":"2026-03-12T11:43:48+00:00","og_image":[{"width":853,"height":1280,"url":"http:\/\/folhapopular.info\/wp-content\/uploads\/2026\/03\/Imagem-atletas.jpg","type":"image\/jpeg"}],"author":"Luis Augusto Huppes","twitter_card":"summary_large_image","twitter_misc":{"Escrito por":"Luis Augusto Huppes","Est. tempo de leitura":"2 minutos"},"schema":{"@context":"https:\/\/schema.org","@graph":[{"@type":"Article","@id":"https:\/\/folhapopular.info\/index.php\/2026\/03\/12\/atletas-de-caxias-do-sul-representam-o-brasil-no-usa-open-karate-2026\/#article","isPartOf":{"@id":"https:\/\/folhapopular.info\/index.php\/2026\/03\/12\/atletas-de-caxias-do-sul-representam-o-brasil-no-usa-open-karate-2026\/"},"author":{"name":"Luis Augusto Huppes","@id":"https:\/\/folhapopular.info\/#\/schema\/person\/e852c327371714676d02e58cf917fd9f"},"headline":"Atletas de Caxias do Sul representam o Brasil no USA Open Karate 2026","datePublished":"2026-03-12T11:40:23+00:00","dateModified":"2026-03-12T11:43:48+00:00","mainEntityOfPage":{"@id":"https:\/\/folhapopular.info\/index.php\/2026\/03\/12\/atletas-de-caxias-do-sul-representam-o-brasil-no-usa-open-karate-2026\/"},"wordCount":268,"commentCount":0,"image":{"@id":"https:\/\/folhapopular.info\/index.php\/2026\/03\/12\/atletas-de-caxias-do-sul-representam-o-brasil-no-usa-open-karate-2026\/#primaryimage"},"thumbnailUrl":"https:\/\/folhapopular.info\/wp-content\/uploads\/2026\/03\/Imagem-atletas.jpg","keywords":["Artes Marciais","Brasil","Estados Unidos","Ga\u00fachos","karate","USA Open Karate 2026"],"articleSection":["Artes Marciais","Esportes"],"inLanguage":"pt-BR","potentialAction":[{"@type":"CommentAction","name":"Comment","target":["https:\/\/folhapopular.info\/index.php\/2026\/03\/12\/atletas-de-caxias-do-sul-representam-o-brasil-no-usa-open-karate-2026\/#respond"]}]},{"@type":"WebPage","@id":"https:\/\/folhapopular.info\/index.php\/2026\/03\/12\/atletas-de-caxias-do-sul-representam-o-brasil-no-usa-open-karate-2026\/","url":"https:\/\/folhapopular.info\/index.php\/2026\/03\/12\/atletas-de-caxias-do-sul-representam-o-brasil-no-usa-open-karate-2026\/","name":"Atletas de Caxias do Sul representam o Brasil no USA Open Karate 2026 - Folha Popular","isPartOf":{"@id":"https:\/\/folhapopular.info\/#website"},"primaryImageOfPage":{"@id":"https:\/\/folhapopular.info\/index.php\/2026\/03\/12\/atletas-de-caxias-do-sul-representam-o-brasil-no-usa-open-karate-2026\/#primaryimage"},"image":{"@id":"https:\/\/folhapopular.info\/index.php\/2026\/03\/12\/atletas-de-caxias-do-sul-representam-o-brasil-no-usa-open-karate-2026\/#primaryimage"},"thumbnailUrl":"https:\/\/folhapopular.info\/wp-content\/uploads\/2026\/03\/Imagem-atletas.jpg","datePublished":"2026-03-12T11:40:23+00:00","dateModified":"2026-03-12T11:43:48+00:00","author":{"@id":"https:\/\/folhapopular.info\/#\/schema\/person\/e852c327371714676d02e58cf917fd9f"},"description":"Naturais de Caxias do Sul, os atletas representam o Brasil na competi\u00e7\u00e3o realizada no Texas, Estados Unidos.","breadcrumb":{"@id":"https:\/\/folhapopular.info\/index.php\/2026\/03\/12\/atletas-de-caxias-do-sul-representam-o-brasil-no-usa-open-karate-2026\/#breadcrumb"},"inLanguage":"pt-BR","potentialAction":[{"@type":"ReadAction","target":["https:\/\/folhapopular.info\/index.php\/2026\/03\/12\/atletas-de-caxias-do-sul-representam-o-brasil-no-usa-open-karate-2026\/"]}]},{"@type":"ImageObject","inLanguage":"pt-BR","@id":"https:\/\/folhapopular.info\/index.php\/2026\/03\/12\/atletas-de-caxias-do-sul-representam-o-brasil-no-usa-open-karate-2026\/#primaryimage","url":"https:\/\/folhapopular.info\/wp-content\/uploads\/2026\/03\/Imagem-atletas.jpg","contentUrl":"https:\/\/folhapopular.info\/wp-content\/uploads\/2026\/03\/Imagem-atletas.jpg","width":853,"height":1280},{"@type":"BreadcrumbList","@id":"https:\/\/folhapopular.info\/index.php\/2026\/03\/12\/atletas-de-caxias-do-sul-representam-o-brasil-no-usa-open-karate-2026\/#breadcrumb","itemListElement":[{"@type":"ListItem","position":1,"name":"In\u00edcio","item":"https:\/\/folhapopular.info\/"},{"@type":"ListItem","position":2,"name":"Atletas de Caxias do Sul representam o Brasil no USA Open Karate 2026"}]},{"@type":"WebSite","@id":"https:\/\/folhapopular.info\/#website","url":"https:\/\/folhapopular.info\/","name":"Folha Popular","description":"Onde voc\u00ea tem vez e voz","potentialAction":[{"@type":"SearchAction","target":{"@type":"EntryPoint","urlTemplate":"https:\/\/folhapopular.info\/?s={search_term_string}"},"query-input":{"@type":"PropertyValueSpecification","valueRequired":true,"valueName":"search_term_string"}}],"inLanguage":"pt-BR"},{"@type":"Person","@id":"https:\/\/folhapopular.info\/#\/schema\/person\/e852c327371714676d02e58cf917fd9f","name":"Luis Augusto Huppes","image":{"@type":"ImageObject","inLanguage":"pt-BR","@id":"https:\/\/folhapopular.info\/wp-content\/uploads\/2026\/04\/Luis-Augusto-Huppes-1-1.webp","url":"https:\/\/folhapopular.info\/wp-content\/uploads\/2026\/04\/Luis-Augusto-Huppes-1-1.webp","contentUrl":"https:\/\/folhapopular.info\/wp-content\/uploads\/2026\/04\/Luis-Augusto-Huppes-1-1.webp","caption":"Luis Augusto Huppes"},"sameAs":["https:\/\/www.facebook.com\/luis.huppes\/","https:\/\/www.instagram.com\/luis.huppes\/","https:\/\/www.linkedin.com\/in\/luis-augusto-huppes-2554b52b7\/"],"url":"https:\/\/folhapopular.info\/index.php\/author\/luis-augusto-huppes\/"}]}},"jetpack_featured_media_url":"https:\/\/folhapopular.info\/wp-content\/uploads\/2026\/03\/Imagem-atletas.jpg","jetpack_sharing_enabled":true,"amp_enabled":true,"_links":{"self":[{"href":"https:\/\/folhapopular.info\/index.php\/wp-json\/wp\/v2\/posts\/205760","targetHints":{"allow":["GET"]}}],"collection":[{"href":"https:\/\/folhapopular.info\/index.php\/wp-json\/wp\/v2\/posts"}],"about":[{"href":"https:\/\/folhapopular.info\/index.php\/wp-json\/wp\/v2\/types\/post"}],"author":[{"embeddable":true,"href":"https:\/\/folhapopular.info\/index.php\/wp-json\/wp\/v2\/users\/732"}],"replies":[{"embeddable":true,"href":"https:\/\/folhapopular.info\/index.php\/wp-json\/wp\/v2\/comments?post=205760"}],"version-history":[{"count":0,"href":"https:\/\/folhapopular.info\/index.php\/wp-json\/wp\/v2\/posts\/205760\/revisions"}],"wp:featuredmedia":[{"embeddable":true,"href":"https:\/\/folhapopular.info\/index.php\/wp-json\/wp\/v2\/media\/205761"}],"wp:attachment":[{"href":"https:\/\/folhapopular.info\/index.php\/wp-json\/wp\/v2\/media?parent=205760"}],"wp:term":[{"taxonomy":"category","embeddable":true,"href":"https:\/\/folhapopular.info\/index.php\/wp-json\/wp\/v2\/categories?post=205760"},{"taxonomy":"post_tag","embeddable":true,"href":"https:\/\/folhapopular.info\/index.php\/wp-json\/wp\/v2\/tags?post=205760"}],"curies":[{"name":"wp","href":"https:\/\/api.w.org\/{rel}","templated":true}]}}