{"id":205779,"date":"2026-03-12T14:00:00","date_gmt":"2026-03-12T17:00:00","guid":{"rendered":"https:\/\/folhapopular.info\/?p=205779"},"modified":"2026-03-12T10:33:56","modified_gmt":"2026-03-12T13:33:56","slug":"reuniao-almoco-da-cacis-sera-dia-20-com-a-prefeita-de-estrela","status":"publish","type":"post","link":"https:\/\/folhapopular.info\/index.php\/2026\/03\/12\/reuniao-almoco-da-cacis-sera-dia-20-com-a-prefeita-de-estrela\/","title":{"rendered":"Reuni\u00e3o-Almo\u00e7o da Cacis ser\u00e1 dia 20 com a prefeita de Estrela"},"content":{"rendered":"\n<p>As Reuni\u00f5es-Almo\u00e7o (RAs) s\u00e3o um dos eventos mais populares e aguardados da C\u00e2mara de Com\u00e9rcio, Ind\u00fastria, Servi\u00e7os e Agroneg\u00f3cio de Estrela (Cacis). Ponto de encontro de lideran\u00e7as empresariais, pol\u00edticas, comunit\u00e1rias e p\u00fablico diverso, o evento abrir\u00e1 a temporada 2026. Na pr\u00f3xima sexta-feira (20\/3) a prefeita de Estrela, Carine Schwingel ser\u00e1 a convidada-palestrante, assim como em 2025. As inscri\u00e7\u00f5es j\u00e1 est\u00e3o abertas.<\/p>\n\n\n\n<p>Para o novo presidente da Cacis, Rodrigo Tomasi, a abertura da iniciativa \u00e9 sempre muito aguardada. \u201cTemos o orgulho de hoje realizar um dos maiores eventos do g\u00eanero na regi\u00e3o, e quem sabe at\u00e9 mesmo do Estado. Resultado de um caminho que vem sendo tra\u00e7ado com muito empenho h\u00e1 anos&#8221;, diz. <\/p>\n\n\n\n<p>No ano passado, mais de 200 pessoas prestigiaram sua abordagem sobre o tema \u201cDesenvolvimento Socioecon\u00f4mico: parcerias para crescer\u201d. Este ano, a conversa da primeira mulher prefeita do munic\u00edpio com o p\u00fablico presente trar\u00e1 como tema \u201cEstrela \u2013 um vale de oportunidades.\u201d\u00a0<\/p>\n\n\n\n<p>A din\u00e2mica inicia \u00e0s 11h30min, na Societ\u00e0 Italiana Fiori Dei Piani, no Bairro Alto da Bronze. O valor \u00e9 de R$ 80 para s\u00f3cios e R$ 100 para o p\u00fablico em geral.<\/p>\n\n\n\n<p>As inscri\u00e7\u00f5es devem ser confirmadas com a Cacis at\u00e9 dia 18 de mar\u00e7o.\u00a0 As reservas podem ser feitas pelo telefone (51) 3712-1900 e pelo WhatsApp (51) 98633-0021 ou pelo e-mail\u00a0<a href=\"mailto:cacisestrela@cacisestrela.com.br\" target=\"_blank\" rel=\"noreferrer noopener\">cacisestrela@cacisestrela.com.br<\/a>.<\/p>\n\n\n\n<p>\u00a0\u00a0<\/p>\n","protected":false},"excerpt":{"rendered":"<p>As Reuni\u00f5es-Almo\u00e7o (RAs) s\u00e3o um dos eventos mais populares e aguardados da C\u00e2mara de Com\u00e9rcio, Ind\u00fastria, Servi\u00e7os e Agroneg\u00f3cio de Estrela (Cacis). Ponto de encontro de lideran\u00e7as empresariais, pol\u00edticas, comunit\u00e1rias e p\u00fablico diverso, o evento abrir\u00e1 a temporada 2026. Na pr\u00f3xima sexta-feira (20\/3) a prefeita de Estrela, Carine Schwingel ser\u00e1 a convidada-palestrante, assim como em [&hellip;]<\/p>\n","protected":false},"author":8,"featured_media":205789,"comment_status":"open","ping_status":"open","sticky":false,"template":"","format":"standard","meta":{"pmpro_default_level":"","_jetpack_memberships_contains_paid_content":false,"footnotes":""},"categories":[2,10991],"tags":[944,10858,8,7417],"class_list":{"0":"post-205779","1":"post","2":"type-post","3":"status-publish","4":"format-standard","5":"has-post-thumbnail","7":"category-featured","8":"category-economia","9":"tag-cacis","10":"tag-carine-schwingel","11":"tag-estrela","12":"tag-reuniao-almoco-2","13":"pmpro-has-access"},"yoast_head":"<!-- This site is optimized with the Yoast SEO plugin v27.5 - https:\/\/yoast.com\/product\/yoast-seo-wordpress\/ -->\n<title>Reuni\u00e3o-Almo\u00e7o da Cacis ser\u00e1 dia 20 com a prefeita de Estrela - Folha Popular<\/title>\n<meta name=\"robots\" content=\"index, follow, max-snippet:-1, max-image-preview:large, max-video-preview:-1\" \/>\n<link rel=\"canonical\" href=\"https:\/\/folhapopular.info\/index.php\/2026\/03\/12\/reuniao-almoco-da-cacis-sera-dia-20-com-a-prefeita-de-estrela\/\" \/>\n<meta property=\"og:locale\" content=\"pt_BR\" \/>\n<meta property=\"og:type\" content=\"article\" \/>\n<meta property=\"og:title\" content=\"Reuni\u00e3o-Almo\u00e7o da Cacis ser\u00e1 dia 20 com a prefeita de Estrela - Folha Popular\" \/>\n<meta property=\"og:description\" content=\"As Reuni\u00f5es-Almo\u00e7o (RAs) s\u00e3o um dos eventos mais populares e aguardados da C\u00e2mara de Com\u00e9rcio, Ind\u00fastria, Servi\u00e7os e Agroneg\u00f3cio de Estrela (Cacis). Ponto de encontro de lideran\u00e7as empresariais, pol\u00edticas, comunit\u00e1rias e p\u00fablico diverso, o evento abrir\u00e1 a temporada 2026. Na pr\u00f3xima sexta-feira (20\/3) a prefeita de Estrela, Carine Schwingel ser\u00e1 a convidada-palestrante, assim como em [&hellip;]\" \/>\n<meta property=\"og:url\" content=\"https:\/\/folhapopular.info\/index.php\/2026\/03\/12\/reuniao-almoco-da-cacis-sera-dia-20-com-a-prefeita-de-estrela\/\" \/>\n<meta property=\"og:site_name\" content=\"Folha Popular\" \/>\n<meta property=\"article:published_time\" content=\"2026-03-12T17:00:00+00:00\" \/>\n<meta property=\"og:image\" content=\"https:\/\/folhapopular.info\/wp-content\/uploads\/2026\/03\/Reuniao-Almoco-1-Carine-Angeli-198-2025-2026.jpg\" \/>\n\t<meta property=\"og:image:width\" content=\"2000\" \/>\n\t<meta property=\"og:image:height\" content=\"900\" \/>\n\t<meta property=\"og:image:type\" content=\"image\/jpeg\" \/>\n<meta name=\"author\" content=\"Reda\u00e7\u00e3o Folha Popular\" \/>\n<meta name=\"twitter:card\" content=\"summary_large_image\" \/>\n<meta name=\"twitter:label1\" content=\"Escrito por\" \/>\n\t<meta name=\"twitter:data1\" content=\"Reda\u00e7\u00e3o Folha Popular\" \/>\n\t<meta name=\"twitter:label2\" content=\"Est. tempo de leitura\" \/>\n\t<meta name=\"twitter:data2\" content=\"2 minutos\" \/>\n<script type=\"application\/ld+json\" class=\"yoast-schema-graph\">{\"@context\":\"https:\\\/\\\/schema.org\",\"@graph\":[{\"@type\":\"Article\",\"@id\":\"https:\\\/\\\/folhapopular.info\\\/index.php\\\/2026\\\/03\\\/12\\\/reuniao-almoco-da-cacis-sera-dia-20-com-a-prefeita-de-estrela\\\/#article\",\"isPartOf\":{\"@id\":\"https:\\\/\\\/folhapopular.info\\\/index.php\\\/2026\\\/03\\\/12\\\/reuniao-almoco-da-cacis-sera-dia-20-com-a-prefeita-de-estrela\\\/\"},\"author\":{\"name\":\"Reda\u00e7\u00e3o Folha Popular\",\"@id\":\"https:\\\/\\\/folhapopular.info\\\/#\\\/schema\\\/person\\\/2814e8a0df7643585a9ca38bc6eb9d4b\"},\"headline\":\"Reuni\u00e3o-Almo\u00e7o da Cacis ser\u00e1 dia 20 com a prefeita de Estrela\",\"datePublished\":\"2026-03-12T17:00:00+00:00\",\"mainEntityOfPage\":{\"@id\":\"https:\\\/\\\/folhapopular.info\\\/index.php\\\/2026\\\/03\\\/12\\\/reuniao-almoco-da-cacis-sera-dia-20-com-a-prefeita-de-estrela\\\/\"},\"wordCount\":246,\"commentCount\":0,\"image\":{\"@id\":\"https:\\\/\\\/folhapopular.info\\\/index.php\\\/2026\\\/03\\\/12\\\/reuniao-almoco-da-cacis-sera-dia-20-com-a-prefeita-de-estrela\\\/#primaryimage\"},\"thumbnailUrl\":\"https:\\\/\\\/folhapopular.info\\\/wp-content\\\/uploads\\\/2026\\\/03\\\/Reuniao-Almoco-1-Carine-Angeli-198-2025-2026.jpg\",\"keywords\":[\"CACIS\",\"carine schwingel\",\"Estrela\",\"Reuni\u00e3o-almo\u00e7o\"],\"articleSection\":[\"Destaques\",\"Economia\"],\"inLanguage\":\"pt-BR\",\"potentialAction\":[{\"@type\":\"CommentAction\",\"name\":\"Comment\",\"target\":[\"https:\\\/\\\/folhapopular.info\\\/index.php\\\/2026\\\/03\\\/12\\\/reuniao-almoco-da-cacis-sera-dia-20-com-a-prefeita-de-estrela\\\/#respond\"]}]},{\"@type\":\"WebPage\",\"@id\":\"https:\\\/\\\/folhapopular.info\\\/index.php\\\/2026\\\/03\\\/12\\\/reuniao-almoco-da-cacis-sera-dia-20-com-a-prefeita-de-estrela\\\/\",\"url\":\"https:\\\/\\\/folhapopular.info\\\/index.php\\\/2026\\\/03\\\/12\\\/reuniao-almoco-da-cacis-sera-dia-20-com-a-prefeita-de-estrela\\\/\",\"name\":\"Reuni\u00e3o-Almo\u00e7o da Cacis ser\u00e1 dia 20 com a prefeita de Estrela - Folha Popular\",\"isPartOf\":{\"@id\":\"https:\\\/\\\/folhapopular.info\\\/#website\"},\"primaryImageOfPage\":{\"@id\":\"https:\\\/\\\/folhapopular.info\\\/index.php\\\/2026\\\/03\\\/12\\\/reuniao-almoco-da-cacis-sera-dia-20-com-a-prefeita-de-estrela\\\/#primaryimage\"},\"image\":{\"@id\":\"https:\\\/\\\/folhapopular.info\\\/index.php\\\/2026\\\/03\\\/12\\\/reuniao-almoco-da-cacis-sera-dia-20-com-a-prefeita-de-estrela\\\/#primaryimage\"},\"thumbnailUrl\":\"https:\\\/\\\/folhapopular.info\\\/wp-content\\\/uploads\\\/2026\\\/03\\\/Reuniao-Almoco-1-Carine-Angeli-198-2025-2026.jpg\",\"datePublished\":\"2026-03-12T17:00:00+00:00\",\"author\":{\"@id\":\"https:\\\/\\\/folhapopular.info\\\/#\\\/schema\\\/person\\\/2814e8a0df7643585a9ca38bc6eb9d4b\"},\"breadcrumb\":{\"@id\":\"https:\\\/\\\/folhapopular.info\\\/index.php\\\/2026\\\/03\\\/12\\\/reuniao-almoco-da-cacis-sera-dia-20-com-a-prefeita-de-estrela\\\/#breadcrumb\"},\"inLanguage\":\"pt-BR\",\"potentialAction\":[{\"@type\":\"ReadAction\",\"target\":[\"https:\\\/\\\/folhapopular.info\\\/index.php\\\/2026\\\/03\\\/12\\\/reuniao-almoco-da-cacis-sera-dia-20-com-a-prefeita-de-estrela\\\/\"]}]},{\"@type\":\"ImageObject\",\"inLanguage\":\"pt-BR\",\"@id\":\"https:\\\/\\\/folhapopular.info\\\/index.php\\\/2026\\\/03\\\/12\\\/reuniao-almoco-da-cacis-sera-dia-20-com-a-prefeita-de-estrela\\\/#primaryimage\",\"url\":\"https:\\\/\\\/folhapopular.info\\\/wp-content\\\/uploads\\\/2026\\\/03\\\/Reuniao-Almoco-1-Carine-Angeli-198-2025-2026.jpg\",\"contentUrl\":\"https:\\\/\\\/folhapopular.info\\\/wp-content\\\/uploads\\\/2026\\\/03\\\/Reuniao-Almoco-1-Carine-Angeli-198-2025-2026.jpg\",\"width\":2000,\"height\":900,\"caption\":\"Cr\u00e9dito: Rodrigo Angeli \\\/ AI Cacis\"},{\"@type\":\"BreadcrumbList\",\"@id\":\"https:\\\/\\\/folhapopular.info\\\/index.php\\\/2026\\\/03\\\/12\\\/reuniao-almoco-da-cacis-sera-dia-20-com-a-prefeita-de-estrela\\\/#breadcrumb\",\"itemListElement\":[{\"@type\":\"ListItem\",\"position\":1,\"name\":\"In\u00edcio\",\"item\":\"https:\\\/\\\/folhapopular.info\\\/\"},{\"@type\":\"ListItem\",\"position\":2,\"name\":\"Reuni\u00e3o-Almo\u00e7o da Cacis ser\u00e1 dia 20 com a prefeita de Estrela\"}]},{\"@type\":\"WebSite\",\"@id\":\"https:\\\/\\\/folhapopular.info\\\/#website\",\"url\":\"https:\\\/\\\/folhapopular.info\\\/\",\"name\":\"Folha Popular\",\"description\":\"Onde voc\u00ea tem vez e voz\",\"potentialAction\":[{\"@type\":\"SearchAction\",\"target\":{\"@type\":\"EntryPoint\",\"urlTemplate\":\"https:\\\/\\\/folhapopular.info\\\/?s={search_term_string}\"},\"query-input\":{\"@type\":\"PropertyValueSpecification\",\"valueRequired\":true,\"valueName\":\"search_term_string\"}}],\"inLanguage\":\"pt-BR\"},{\"@type\":\"Person\",\"@id\":\"https:\\\/\\\/folhapopular.info\\\/#\\\/schema\\\/person\\\/2814e8a0df7643585a9ca38bc6eb9d4b\",\"name\":\"Reda\u00e7\u00e3o Folha Popular\",\"image\":{\"@type\":\"ImageObject\",\"inLanguage\":\"pt-BR\",\"@id\":\"https:\\\/\\\/folhapopular.info\\\/wp-content\\\/uploads\\\/2026\\\/04\\\/Folha-1.webp\",\"url\":\"https:\\\/\\\/folhapopular.info\\\/wp-content\\\/uploads\\\/2026\\\/04\\\/Folha-1.webp\",\"contentUrl\":\"https:\\\/\\\/folhapopular.info\\\/wp-content\\\/uploads\\\/2026\\\/04\\\/Folha-1.webp\",\"caption\":\"Reda\u00e7\u00e3o Folha Popular\"},\"url\":\"https:\\\/\\\/folhapopular.info\\\/index.php\\\/author\\\/redacao\\\/\"}]}<\/script>\n<!-- \/ Yoast SEO plugin. -->","yoast_head_json":{"title":"Reuni\u00e3o-Almo\u00e7o da Cacis ser\u00e1 dia 20 com a prefeita de Estrela - Folha Popular","robots":{"index":"index","follow":"follow","max-snippet":"max-snippet:-1","max-image-preview":"max-image-preview:large","max-video-preview":"max-video-preview:-1"},"canonical":"https:\/\/folhapopular.info\/index.php\/2026\/03\/12\/reuniao-almoco-da-cacis-sera-dia-20-com-a-prefeita-de-estrela\/","og_locale":"pt_BR","og_type":"article","og_title":"Reuni\u00e3o-Almo\u00e7o da Cacis ser\u00e1 dia 20 com a prefeita de Estrela - Folha Popular","og_description":"As Reuni\u00f5es-Almo\u00e7o (RAs) s\u00e3o um dos eventos mais populares e aguardados da C\u00e2mara de Com\u00e9rcio, Ind\u00fastria, Servi\u00e7os e Agroneg\u00f3cio de Estrela (Cacis). Ponto de encontro de lideran\u00e7as empresariais, pol\u00edticas, comunit\u00e1rias e p\u00fablico diverso, o evento abrir\u00e1 a temporada 2026. Na pr\u00f3xima sexta-feira (20\/3) a prefeita de Estrela, Carine Schwingel ser\u00e1 a convidada-palestrante, assim como em [&hellip;]","og_url":"https:\/\/folhapopular.info\/index.php\/2026\/03\/12\/reuniao-almoco-da-cacis-sera-dia-20-com-a-prefeita-de-estrela\/","og_site_name":"Folha Popular","article_published_time":"2026-03-12T17:00:00+00:00","og_image":[{"width":2000,"height":900,"url":"https:\/\/folhapopular.info\/wp-content\/uploads\/2026\/03\/Reuniao-Almoco-1-Carine-Angeli-198-2025-2026.jpg","type":"image\/jpeg"}],"author":"Reda\u00e7\u00e3o Folha Popular","twitter_card":"summary_large_image","twitter_misc":{"Escrito por":"Reda\u00e7\u00e3o Folha Popular","Est. tempo de leitura":"2 minutos"},"schema":{"@context":"https:\/\/schema.org","@graph":[{"@type":"Article","@id":"https:\/\/folhapopular.info\/index.php\/2026\/03\/12\/reuniao-almoco-da-cacis-sera-dia-20-com-a-prefeita-de-estrela\/#article","isPartOf":{"@id":"https:\/\/folhapopular.info\/index.php\/2026\/03\/12\/reuniao-almoco-da-cacis-sera-dia-20-com-a-prefeita-de-estrela\/"},"author":{"name":"Reda\u00e7\u00e3o Folha Popular","@id":"https:\/\/folhapopular.info\/#\/schema\/person\/2814e8a0df7643585a9ca38bc6eb9d4b"},"headline":"Reuni\u00e3o-Almo\u00e7o da Cacis ser\u00e1 dia 20 com a prefeita de Estrela","datePublished":"2026-03-12T17:00:00+00:00","mainEntityOfPage":{"@id":"https:\/\/folhapopular.info\/index.php\/2026\/03\/12\/reuniao-almoco-da-cacis-sera-dia-20-com-a-prefeita-de-estrela\/"},"wordCount":246,"commentCount":0,"image":{"@id":"https:\/\/folhapopular.info\/index.php\/2026\/03\/12\/reuniao-almoco-da-cacis-sera-dia-20-com-a-prefeita-de-estrela\/#primaryimage"},"thumbnailUrl":"https:\/\/folhapopular.info\/wp-content\/uploads\/2026\/03\/Reuniao-Almoco-1-Carine-Angeli-198-2025-2026.jpg","keywords":["CACIS","carine schwingel","Estrela","Reuni\u00e3o-almo\u00e7o"],"articleSection":["Destaques","Economia"],"inLanguage":"pt-BR","potentialAction":[{"@type":"CommentAction","name":"Comment","target":["https:\/\/folhapopular.info\/index.php\/2026\/03\/12\/reuniao-almoco-da-cacis-sera-dia-20-com-a-prefeita-de-estrela\/#respond"]}]},{"@type":"WebPage","@id":"https:\/\/folhapopular.info\/index.php\/2026\/03\/12\/reuniao-almoco-da-cacis-sera-dia-20-com-a-prefeita-de-estrela\/","url":"https:\/\/folhapopular.info\/index.php\/2026\/03\/12\/reuniao-almoco-da-cacis-sera-dia-20-com-a-prefeita-de-estrela\/","name":"Reuni\u00e3o-Almo\u00e7o da Cacis ser\u00e1 dia 20 com a prefeita de Estrela - Folha Popular","isPartOf":{"@id":"https:\/\/folhapopular.info\/#website"},"primaryImageOfPage":{"@id":"https:\/\/folhapopular.info\/index.php\/2026\/03\/12\/reuniao-almoco-da-cacis-sera-dia-20-com-a-prefeita-de-estrela\/#primaryimage"},"image":{"@id":"https:\/\/folhapopular.info\/index.php\/2026\/03\/12\/reuniao-almoco-da-cacis-sera-dia-20-com-a-prefeita-de-estrela\/#primaryimage"},"thumbnailUrl":"https:\/\/folhapopular.info\/wp-content\/uploads\/2026\/03\/Reuniao-Almoco-1-Carine-Angeli-198-2025-2026.jpg","datePublished":"2026-03-12T17:00:00+00:00","author":{"@id":"https:\/\/folhapopular.info\/#\/schema\/person\/2814e8a0df7643585a9ca38bc6eb9d4b"},"breadcrumb":{"@id":"https:\/\/folhapopular.info\/index.php\/2026\/03\/12\/reuniao-almoco-da-cacis-sera-dia-20-com-a-prefeita-de-estrela\/#breadcrumb"},"inLanguage":"pt-BR","potentialAction":[{"@type":"ReadAction","target":["https:\/\/folhapopular.info\/index.php\/2026\/03\/12\/reuniao-almoco-da-cacis-sera-dia-20-com-a-prefeita-de-estrela\/"]}]},{"@type":"ImageObject","inLanguage":"pt-BR","@id":"https:\/\/folhapopular.info\/index.php\/2026\/03\/12\/reuniao-almoco-da-cacis-sera-dia-20-com-a-prefeita-de-estrela\/#primaryimage","url":"https:\/\/folhapopular.info\/wp-content\/uploads\/2026\/03\/Reuniao-Almoco-1-Carine-Angeli-198-2025-2026.jpg","contentUrl":"https:\/\/folhapopular.info\/wp-content\/uploads\/2026\/03\/Reuniao-Almoco-1-Carine-Angeli-198-2025-2026.jpg","width":2000,"height":900,"caption":"Cr\u00e9dito: Rodrigo Angeli \/ AI Cacis"},{"@type":"BreadcrumbList","@id":"https:\/\/folhapopular.info\/index.php\/2026\/03\/12\/reuniao-almoco-da-cacis-sera-dia-20-com-a-prefeita-de-estrela\/#breadcrumb","itemListElement":[{"@type":"ListItem","position":1,"name":"In\u00edcio","item":"https:\/\/folhapopular.info\/"},{"@type":"ListItem","position":2,"name":"Reuni\u00e3o-Almo\u00e7o da Cacis ser\u00e1 dia 20 com a prefeita de Estrela"}]},{"@type":"WebSite","@id":"https:\/\/folhapopular.info\/#website","url":"https:\/\/folhapopular.info\/","name":"Folha Popular","description":"Onde voc\u00ea tem vez e voz","potentialAction":[{"@type":"SearchAction","target":{"@type":"EntryPoint","urlTemplate":"https:\/\/folhapopular.info\/?s={search_term_string}"},"query-input":{"@type":"PropertyValueSpecification","valueRequired":true,"valueName":"search_term_string"}}],"inLanguage":"pt-BR"},{"@type":"Person","@id":"https:\/\/folhapopular.info\/#\/schema\/person\/2814e8a0df7643585a9ca38bc6eb9d4b","name":"Reda\u00e7\u00e3o Folha Popular","image":{"@type":"ImageObject","inLanguage":"pt-BR","@id":"https:\/\/folhapopular.info\/wp-content\/uploads\/2026\/04\/Folha-1.webp","url":"https:\/\/folhapopular.info\/wp-content\/uploads\/2026\/04\/Folha-1.webp","contentUrl":"https:\/\/folhapopular.info\/wp-content\/uploads\/2026\/04\/Folha-1.webp","caption":"Reda\u00e7\u00e3o Folha Popular"},"url":"https:\/\/folhapopular.info\/index.php\/author\/redacao\/"}]}},"jetpack_featured_media_url":"https:\/\/folhapopular.info\/wp-content\/uploads\/2026\/03\/Reuniao-Almoco-1-Carine-Angeli-198-2025-2026.jpg","jetpack_sharing_enabled":true,"amp_enabled":true,"_links":{"self":[{"href":"https:\/\/folhapopular.info\/index.php\/wp-json\/wp\/v2\/posts\/205779","targetHints":{"allow":["GET"]}}],"collection":[{"href":"https:\/\/folhapopular.info\/index.php\/wp-json\/wp\/v2\/posts"}],"about":[{"href":"https:\/\/folhapopular.info\/index.php\/wp-json\/wp\/v2\/types\/post"}],"author":[{"embeddable":true,"href":"https:\/\/folhapopular.info\/index.php\/wp-json\/wp\/v2\/users\/8"}],"replies":[{"embeddable":true,"href":"https:\/\/folhapopular.info\/index.php\/wp-json\/wp\/v2\/comments?post=205779"}],"version-history":[{"count":0,"href":"https:\/\/folhapopular.info\/index.php\/wp-json\/wp\/v2\/posts\/205779\/revisions"}],"wp:featuredmedia":[{"embeddable":true,"href":"https:\/\/folhapopular.info\/index.php\/wp-json\/wp\/v2\/media\/205789"}],"wp:attachment":[{"href":"https:\/\/folhapopular.info\/index.php\/wp-json\/wp\/v2\/media?parent=205779"}],"wp:term":[{"taxonomy":"category","embeddable":true,"href":"https:\/\/folhapopular.info\/index.php\/wp-json\/wp\/v2\/categories?post=205779"},{"taxonomy":"post_tag","embeddable":true,"href":"https:\/\/folhapopular.info\/index.php\/wp-json\/wp\/v2\/tags?post=205779"}],"curies":[{"name":"wp","href":"https:\/\/api.w.org\/{rel}","templated":true}]}}