{"id":205781,"date":"2026-03-12T12:00:00","date_gmt":"2026-03-12T15:00:00","guid":{"rendered":"https:\/\/folhapopular.info\/?p=205781"},"modified":"2026-03-12T10:32:24","modified_gmt":"2026-03-12T13:32:24","slug":"fazenda-vilanova-assina-contrato-do-pavimenta-para-asfalto-entre-nova-westfalia-e-gloria","status":"publish","type":"post","link":"https:\/\/folhapopular.info\/index.php\/2026\/03\/12\/fazenda-vilanova-assina-contrato-do-pavimenta-para-asfalto-entre-nova-westfalia-e-gloria\/","title":{"rendered":"Fazenda Vilanova assina contrato do Pavimenta para asfalto entre Nova Westf\u00e1lia e Gl\u00f3ria"},"content":{"rendered":"\n<p>Em ato realizado em Porto Alegre, o Munic\u00edpio de Fazenda Vilanova formalizou a libera\u00e7\u00e3o de recursos do Governo do Estado para pavimenta\u00e7\u00e3o de mais um trecho de asfalto rural nesta quarta-feira (11\/3). A assinatura do conv\u00eanio foi realizada na Secretaria de Estado de Desenvolvimento Urbano e Metropolitano (Sedur).<\/p>\n\n\n\n<p>A verba liberada atrav\u00e9s do Programa Avan\u00e7ar Pavimenta RS vai contemplar estrada geral da localidade de Nova Westf\u00e1lia e estende o trecho asf\u00e1ltico, recentemente constru\u00eddo pela Municipalidade, em dire\u00e7\u00e3o \u00e0 localidade de Gl\u00f3ria, em mais 700 metros.<\/p>\n\n\n\n<p>O valor de R$ 1.000.000 ser\u00e1 destinado pelo Estado, complementado de contrapartida municipal de R$ 310.764,75, com investimento total de R$ 1.310.764,75.<\/p>\n\n\n\n<p>O prefeito Amarildo Luis da Silva comemora a conquista e agradeceu a todos que trabalharam para a libera\u00e7\u00e3o do recurso estadual. &#8220;Sem d\u00favida estamos fazendo hist\u00f3ria no nosso Munic\u00edpio. N\u00e3o t\u00ednhamos nenhum metro de asfalto rural e, em cinco anos de mandato, encaminhamos a constru\u00e7\u00e3o do quarto trecho de asfalto nas comunidades do interior. Al\u00e9m do trevo na ERS-128 e pavimenta\u00e7\u00e3o de diversas ruas da cidade&#8221;, relata.<\/p>\n\n\n\n<p>O chefe do Executivo ressalta que o recurso financeiro do Estado \u00e9 uma indica\u00e7\u00e3o do deputado estadual Gerson Burmann (PDT), a pedido dos vereadores Nelson de Quadros Costa e Cristina Rosa.<\/p>\n","protected":false},"excerpt":{"rendered":"<p>Em ato realizado em Porto Alegre, o Munic\u00edpio de Fazenda Vilanova formalizou a libera\u00e7\u00e3o de recursos do Governo do Estado para pavimenta\u00e7\u00e3o de mais um trecho de asfalto rural nesta quarta-feira (11\/3). A assinatura do conv\u00eanio foi realizada na Secretaria de Estado de Desenvolvimento Urbano e Metropolitano (Sedur). A verba liberada atrav\u00e9s do Programa Avan\u00e7ar [&hellip;]<\/p>\n","protected":false},"author":8,"featured_media":205784,"comment_status":"open","ping_status":"open","sticky":false,"template":"","format":"standard","meta":{"pmpro_default_level":"","_jetpack_memberships_contains_paid_content":false,"footnotes":""},"categories":[2,3,11091],"tags":[1058,801,9389,13846,10626],"class_list":{"0":"post-205781","1":"post","2":"type-post","3":"status-publish","4":"format-standard","5":"has-post-thumbnail","7":"category-featured","8":"category-geral","9":"category-servicos","10":"tag-asfalto","11":"tag-fazenda-vilanova","12":"tag-gloria","13":"tag-nova-westfalia","14":"tag-pavimenta","15":"pmpro-has-access"},"yoast_head":"<!-- This site is optimized with the Yoast SEO plugin v27.5 - https:\/\/yoast.com\/product\/yoast-seo-wordpress\/ -->\n<title>Fazenda Vilanova assina contrato do Pavimenta para asfalto entre Nova Westf\u00e1lia e Gl\u00f3ria - Folha Popular<\/title>\n<meta name=\"robots\" content=\"index, follow, max-snippet:-1, max-image-preview:large, max-video-preview:-1\" \/>\n<link rel=\"canonical\" href=\"https:\/\/folhapopular.info\/index.php\/2026\/03\/12\/fazenda-vilanova-assina-contrato-do-pavimenta-para-asfalto-entre-nova-westfalia-e-gloria\/\" \/>\n<meta property=\"og:locale\" content=\"pt_BR\" \/>\n<meta property=\"og:type\" content=\"article\" \/>\n<meta property=\"og:title\" content=\"Fazenda Vilanova assina contrato do Pavimenta para asfalto entre Nova Westf\u00e1lia e Gl\u00f3ria - Folha Popular\" \/>\n<meta property=\"og:description\" content=\"Em ato realizado em Porto Alegre, o Munic\u00edpio de Fazenda Vilanova formalizou a libera\u00e7\u00e3o de recursos do Governo do Estado para pavimenta\u00e7\u00e3o de mais um trecho de asfalto rural nesta quarta-feira (11\/3). A assinatura do conv\u00eanio foi realizada na Secretaria de Estado de Desenvolvimento Urbano e Metropolitano (Sedur). A verba liberada atrav\u00e9s do Programa Avan\u00e7ar [&hellip;]\" \/>\n<meta property=\"og:url\" content=\"https:\/\/folhapopular.info\/index.php\/2026\/03\/12\/fazenda-vilanova-assina-contrato-do-pavimenta-para-asfalto-entre-nova-westfalia-e-gloria\/\" \/>\n<meta property=\"og:site_name\" content=\"Folha Popular\" \/>\n<meta property=\"article:published_time\" content=\"2026-03-12T15:00:00+00:00\" \/>\n<meta property=\"og:image\" content=\"https:\/\/folhapopular.info\/wp-content\/uploads\/2026\/03\/WhatsApp-Image-2026-03-12-at-10.13.13.jpeg\" \/>\n\t<meta property=\"og:image:width\" content=\"1280\" \/>\n\t<meta property=\"og:image:height\" content=\"960\" \/>\n\t<meta property=\"og:image:type\" content=\"image\/jpeg\" \/>\n<meta name=\"author\" content=\"Reda\u00e7\u00e3o Folha Popular\" \/>\n<meta name=\"twitter:card\" content=\"summary_large_image\" \/>\n<meta name=\"twitter:label1\" content=\"Escrito por\" \/>\n\t<meta name=\"twitter:data1\" content=\"Reda\u00e7\u00e3o Folha Popular\" \/>\n\t<meta name=\"twitter:label2\" content=\"Est. tempo de leitura\" \/>\n\t<meta name=\"twitter:data2\" content=\"2 minutos\" \/>\n<script type=\"application\/ld+json\" class=\"yoast-schema-graph\">{\"@context\":\"https:\\\/\\\/schema.org\",\"@graph\":[{\"@type\":\"Article\",\"@id\":\"https:\\\/\\\/folhapopular.info\\\/index.php\\\/2026\\\/03\\\/12\\\/fazenda-vilanova-assina-contrato-do-pavimenta-para-asfalto-entre-nova-westfalia-e-gloria\\\/#article\",\"isPartOf\":{\"@id\":\"https:\\\/\\\/folhapopular.info\\\/index.php\\\/2026\\\/03\\\/12\\\/fazenda-vilanova-assina-contrato-do-pavimenta-para-asfalto-entre-nova-westfalia-e-gloria\\\/\"},\"author\":{\"name\":\"Reda\u00e7\u00e3o Folha Popular\",\"@id\":\"https:\\\/\\\/folhapopular.info\\\/#\\\/schema\\\/person\\\/2814e8a0df7643585a9ca38bc6eb9d4b\"},\"headline\":\"Fazenda Vilanova assina contrato do Pavimenta para asfalto entre Nova Westf\u00e1lia e Gl\u00f3ria\",\"datePublished\":\"2026-03-12T15:00:00+00:00\",\"mainEntityOfPage\":{\"@id\":\"https:\\\/\\\/folhapopular.info\\\/index.php\\\/2026\\\/03\\\/12\\\/fazenda-vilanova-assina-contrato-do-pavimenta-para-asfalto-entre-nova-westfalia-e-gloria\\\/\"},\"wordCount\":234,\"commentCount\":0,\"image\":{\"@id\":\"https:\\\/\\\/folhapopular.info\\\/index.php\\\/2026\\\/03\\\/12\\\/fazenda-vilanova-assina-contrato-do-pavimenta-para-asfalto-entre-nova-westfalia-e-gloria\\\/#primaryimage\"},\"thumbnailUrl\":\"https:\\\/\\\/folhapopular.info\\\/wp-content\\\/uploads\\\/2026\\\/03\\\/WhatsApp-Image-2026-03-12-at-10.13.13.jpeg\",\"keywords\":[\"asfalto\",\"Fazenda Vilanova\",\"Gl\u00f3ria\",\"Nova Westf\u00e1lia\",\"pavimenta\"],\"articleSection\":[\"Destaques\",\"Geral\",\"Servi\u00e7os\"],\"inLanguage\":\"pt-BR\",\"potentialAction\":[{\"@type\":\"CommentAction\",\"name\":\"Comment\",\"target\":[\"https:\\\/\\\/folhapopular.info\\\/index.php\\\/2026\\\/03\\\/12\\\/fazenda-vilanova-assina-contrato-do-pavimenta-para-asfalto-entre-nova-westfalia-e-gloria\\\/#respond\"]}]},{\"@type\":\"WebPage\",\"@id\":\"https:\\\/\\\/folhapopular.info\\\/index.php\\\/2026\\\/03\\\/12\\\/fazenda-vilanova-assina-contrato-do-pavimenta-para-asfalto-entre-nova-westfalia-e-gloria\\\/\",\"url\":\"https:\\\/\\\/folhapopular.info\\\/index.php\\\/2026\\\/03\\\/12\\\/fazenda-vilanova-assina-contrato-do-pavimenta-para-asfalto-entre-nova-westfalia-e-gloria\\\/\",\"name\":\"Fazenda Vilanova assina contrato do Pavimenta para asfalto entre Nova Westf\u00e1lia e Gl\u00f3ria - Folha Popular\",\"isPartOf\":{\"@id\":\"https:\\\/\\\/folhapopular.info\\\/#website\"},\"primaryImageOfPage\":{\"@id\":\"https:\\\/\\\/folhapopular.info\\\/index.php\\\/2026\\\/03\\\/12\\\/fazenda-vilanova-assina-contrato-do-pavimenta-para-asfalto-entre-nova-westfalia-e-gloria\\\/#primaryimage\"},\"image\":{\"@id\":\"https:\\\/\\\/folhapopular.info\\\/index.php\\\/2026\\\/03\\\/12\\\/fazenda-vilanova-assina-contrato-do-pavimenta-para-asfalto-entre-nova-westfalia-e-gloria\\\/#primaryimage\"},\"thumbnailUrl\":\"https:\\\/\\\/folhapopular.info\\\/wp-content\\\/uploads\\\/2026\\\/03\\\/WhatsApp-Image-2026-03-12-at-10.13.13.jpeg\",\"datePublished\":\"2026-03-12T15:00:00+00:00\",\"author\":{\"@id\":\"https:\\\/\\\/folhapopular.info\\\/#\\\/schema\\\/person\\\/2814e8a0df7643585a9ca38bc6eb9d4b\"},\"breadcrumb\":{\"@id\":\"https:\\\/\\\/folhapopular.info\\\/index.php\\\/2026\\\/03\\\/12\\\/fazenda-vilanova-assina-contrato-do-pavimenta-para-asfalto-entre-nova-westfalia-e-gloria\\\/#breadcrumb\"},\"inLanguage\":\"pt-BR\",\"potentialAction\":[{\"@type\":\"ReadAction\",\"target\":[\"https:\\\/\\\/folhapopular.info\\\/index.php\\\/2026\\\/03\\\/12\\\/fazenda-vilanova-assina-contrato-do-pavimenta-para-asfalto-entre-nova-westfalia-e-gloria\\\/\"]}]},{\"@type\":\"ImageObject\",\"inLanguage\":\"pt-BR\",\"@id\":\"https:\\\/\\\/folhapopular.info\\\/index.php\\\/2026\\\/03\\\/12\\\/fazenda-vilanova-assina-contrato-do-pavimenta-para-asfalto-entre-nova-westfalia-e-gloria\\\/#primaryimage\",\"url\":\"https:\\\/\\\/folhapopular.info\\\/wp-content\\\/uploads\\\/2026\\\/03\\\/WhatsApp-Image-2026-03-12-at-10.13.13.jpeg\",\"contentUrl\":\"https:\\\/\\\/folhapopular.info\\\/wp-content\\\/uploads\\\/2026\\\/03\\\/WhatsApp-Image-2026-03-12-at-10.13.13.jpeg\",\"width\":1280,\"height\":960,\"caption\":\"A assinatura do conv\u00eanio foi realizada na Secretaria de Estado de Desenvolvimento Urbano e Metropolitano (Sedur) - Cr\u00e9dito: Divulga\u00e7\u00e3o\"},{\"@type\":\"BreadcrumbList\",\"@id\":\"https:\\\/\\\/folhapopular.info\\\/index.php\\\/2026\\\/03\\\/12\\\/fazenda-vilanova-assina-contrato-do-pavimenta-para-asfalto-entre-nova-westfalia-e-gloria\\\/#breadcrumb\",\"itemListElement\":[{\"@type\":\"ListItem\",\"position\":1,\"name\":\"In\u00edcio\",\"item\":\"https:\\\/\\\/folhapopular.info\\\/\"},{\"@type\":\"ListItem\",\"position\":2,\"name\":\"Fazenda Vilanova assina contrato do Pavimenta para asfalto entre Nova Westf\u00e1lia e Gl\u00f3ria\"}]},{\"@type\":\"WebSite\",\"@id\":\"https:\\\/\\\/folhapopular.info\\\/#website\",\"url\":\"https:\\\/\\\/folhapopular.info\\\/\",\"name\":\"Folha Popular\",\"description\":\"Onde voc\u00ea tem vez e voz\",\"potentialAction\":[{\"@type\":\"SearchAction\",\"target\":{\"@type\":\"EntryPoint\",\"urlTemplate\":\"https:\\\/\\\/folhapopular.info\\\/?s={search_term_string}\"},\"query-input\":{\"@type\":\"PropertyValueSpecification\",\"valueRequired\":true,\"valueName\":\"search_term_string\"}}],\"inLanguage\":\"pt-BR\"},{\"@type\":\"Person\",\"@id\":\"https:\\\/\\\/folhapopular.info\\\/#\\\/schema\\\/person\\\/2814e8a0df7643585a9ca38bc6eb9d4b\",\"name\":\"Reda\u00e7\u00e3o Folha Popular\",\"image\":{\"@type\":\"ImageObject\",\"inLanguage\":\"pt-BR\",\"@id\":\"https:\\\/\\\/folhapopular.info\\\/wp-content\\\/uploads\\\/2026\\\/04\\\/Folha-1.webp\",\"url\":\"https:\\\/\\\/folhapopular.info\\\/wp-content\\\/uploads\\\/2026\\\/04\\\/Folha-1.webp\",\"contentUrl\":\"https:\\\/\\\/folhapopular.info\\\/wp-content\\\/uploads\\\/2026\\\/04\\\/Folha-1.webp\",\"caption\":\"Reda\u00e7\u00e3o Folha Popular\"},\"url\":\"https:\\\/\\\/folhapopular.info\\\/index.php\\\/author\\\/redacao\\\/\"}]}<\/script>\n<!-- \/ Yoast SEO plugin. -->","yoast_head_json":{"title":"Fazenda Vilanova assina contrato do Pavimenta para asfalto entre Nova Westf\u00e1lia e Gl\u00f3ria - Folha Popular","robots":{"index":"index","follow":"follow","max-snippet":"max-snippet:-1","max-image-preview":"max-image-preview:large","max-video-preview":"max-video-preview:-1"},"canonical":"https:\/\/folhapopular.info\/index.php\/2026\/03\/12\/fazenda-vilanova-assina-contrato-do-pavimenta-para-asfalto-entre-nova-westfalia-e-gloria\/","og_locale":"pt_BR","og_type":"article","og_title":"Fazenda Vilanova assina contrato do Pavimenta para asfalto entre Nova Westf\u00e1lia e Gl\u00f3ria - Folha Popular","og_description":"Em ato realizado em Porto Alegre, o Munic\u00edpio de Fazenda Vilanova formalizou a libera\u00e7\u00e3o de recursos do Governo do Estado para pavimenta\u00e7\u00e3o de mais um trecho de asfalto rural nesta quarta-feira (11\/3). A assinatura do conv\u00eanio foi realizada na Secretaria de Estado de Desenvolvimento Urbano e Metropolitano (Sedur). A verba liberada atrav\u00e9s do Programa Avan\u00e7ar [&hellip;]","og_url":"https:\/\/folhapopular.info\/index.php\/2026\/03\/12\/fazenda-vilanova-assina-contrato-do-pavimenta-para-asfalto-entre-nova-westfalia-e-gloria\/","og_site_name":"Folha Popular","article_published_time":"2026-03-12T15:00:00+00:00","og_image":[{"width":1280,"height":960,"url":"https:\/\/folhapopular.info\/wp-content\/uploads\/2026\/03\/WhatsApp-Image-2026-03-12-at-10.13.13.jpeg","type":"image\/jpeg"}],"author":"Reda\u00e7\u00e3o Folha Popular","twitter_card":"summary_large_image","twitter_misc":{"Escrito por":"Reda\u00e7\u00e3o Folha Popular","Est. tempo de leitura":"2 minutos"},"schema":{"@context":"https:\/\/schema.org","@graph":[{"@type":"Article","@id":"https:\/\/folhapopular.info\/index.php\/2026\/03\/12\/fazenda-vilanova-assina-contrato-do-pavimenta-para-asfalto-entre-nova-westfalia-e-gloria\/#article","isPartOf":{"@id":"https:\/\/folhapopular.info\/index.php\/2026\/03\/12\/fazenda-vilanova-assina-contrato-do-pavimenta-para-asfalto-entre-nova-westfalia-e-gloria\/"},"author":{"name":"Reda\u00e7\u00e3o Folha Popular","@id":"https:\/\/folhapopular.info\/#\/schema\/person\/2814e8a0df7643585a9ca38bc6eb9d4b"},"headline":"Fazenda Vilanova assina contrato do Pavimenta para asfalto entre Nova Westf\u00e1lia e Gl\u00f3ria","datePublished":"2026-03-12T15:00:00+00:00","mainEntityOfPage":{"@id":"https:\/\/folhapopular.info\/index.php\/2026\/03\/12\/fazenda-vilanova-assina-contrato-do-pavimenta-para-asfalto-entre-nova-westfalia-e-gloria\/"},"wordCount":234,"commentCount":0,"image":{"@id":"https:\/\/folhapopular.info\/index.php\/2026\/03\/12\/fazenda-vilanova-assina-contrato-do-pavimenta-para-asfalto-entre-nova-westfalia-e-gloria\/#primaryimage"},"thumbnailUrl":"https:\/\/folhapopular.info\/wp-content\/uploads\/2026\/03\/WhatsApp-Image-2026-03-12-at-10.13.13.jpeg","keywords":["asfalto","Fazenda Vilanova","Gl\u00f3ria","Nova Westf\u00e1lia","pavimenta"],"articleSection":["Destaques","Geral","Servi\u00e7os"],"inLanguage":"pt-BR","potentialAction":[{"@type":"CommentAction","name":"Comment","target":["https:\/\/folhapopular.info\/index.php\/2026\/03\/12\/fazenda-vilanova-assina-contrato-do-pavimenta-para-asfalto-entre-nova-westfalia-e-gloria\/#respond"]}]},{"@type":"WebPage","@id":"https:\/\/folhapopular.info\/index.php\/2026\/03\/12\/fazenda-vilanova-assina-contrato-do-pavimenta-para-asfalto-entre-nova-westfalia-e-gloria\/","url":"https:\/\/folhapopular.info\/index.php\/2026\/03\/12\/fazenda-vilanova-assina-contrato-do-pavimenta-para-asfalto-entre-nova-westfalia-e-gloria\/","name":"Fazenda Vilanova assina contrato do Pavimenta para asfalto entre Nova Westf\u00e1lia e Gl\u00f3ria - Folha Popular","isPartOf":{"@id":"https:\/\/folhapopular.info\/#website"},"primaryImageOfPage":{"@id":"https:\/\/folhapopular.info\/index.php\/2026\/03\/12\/fazenda-vilanova-assina-contrato-do-pavimenta-para-asfalto-entre-nova-westfalia-e-gloria\/#primaryimage"},"image":{"@id":"https:\/\/folhapopular.info\/index.php\/2026\/03\/12\/fazenda-vilanova-assina-contrato-do-pavimenta-para-asfalto-entre-nova-westfalia-e-gloria\/#primaryimage"},"thumbnailUrl":"https:\/\/folhapopular.info\/wp-content\/uploads\/2026\/03\/WhatsApp-Image-2026-03-12-at-10.13.13.jpeg","datePublished":"2026-03-12T15:00:00+00:00","author":{"@id":"https:\/\/folhapopular.info\/#\/schema\/person\/2814e8a0df7643585a9ca38bc6eb9d4b"},"breadcrumb":{"@id":"https:\/\/folhapopular.info\/index.php\/2026\/03\/12\/fazenda-vilanova-assina-contrato-do-pavimenta-para-asfalto-entre-nova-westfalia-e-gloria\/#breadcrumb"},"inLanguage":"pt-BR","potentialAction":[{"@type":"ReadAction","target":["https:\/\/folhapopular.info\/index.php\/2026\/03\/12\/fazenda-vilanova-assina-contrato-do-pavimenta-para-asfalto-entre-nova-westfalia-e-gloria\/"]}]},{"@type":"ImageObject","inLanguage":"pt-BR","@id":"https:\/\/folhapopular.info\/index.php\/2026\/03\/12\/fazenda-vilanova-assina-contrato-do-pavimenta-para-asfalto-entre-nova-westfalia-e-gloria\/#primaryimage","url":"https:\/\/folhapopular.info\/wp-content\/uploads\/2026\/03\/WhatsApp-Image-2026-03-12-at-10.13.13.jpeg","contentUrl":"https:\/\/folhapopular.info\/wp-content\/uploads\/2026\/03\/WhatsApp-Image-2026-03-12-at-10.13.13.jpeg","width":1280,"height":960,"caption":"A assinatura do conv\u00eanio foi realizada na Secretaria de Estado de Desenvolvimento Urbano e Metropolitano (Sedur) - Cr\u00e9dito: Divulga\u00e7\u00e3o"},{"@type":"BreadcrumbList","@id":"https:\/\/folhapopular.info\/index.php\/2026\/03\/12\/fazenda-vilanova-assina-contrato-do-pavimenta-para-asfalto-entre-nova-westfalia-e-gloria\/#breadcrumb","itemListElement":[{"@type":"ListItem","position":1,"name":"In\u00edcio","item":"https:\/\/folhapopular.info\/"},{"@type":"ListItem","position":2,"name":"Fazenda Vilanova assina contrato do Pavimenta para asfalto entre Nova Westf\u00e1lia e Gl\u00f3ria"}]},{"@type":"WebSite","@id":"https:\/\/folhapopular.info\/#website","url":"https:\/\/folhapopular.info\/","name":"Folha Popular","description":"Onde voc\u00ea tem vez e voz","potentialAction":[{"@type":"SearchAction","target":{"@type":"EntryPoint","urlTemplate":"https:\/\/folhapopular.info\/?s={search_term_string}"},"query-input":{"@type":"PropertyValueSpecification","valueRequired":true,"valueName":"search_term_string"}}],"inLanguage":"pt-BR"},{"@type":"Person","@id":"https:\/\/folhapopular.info\/#\/schema\/person\/2814e8a0df7643585a9ca38bc6eb9d4b","name":"Reda\u00e7\u00e3o Folha Popular","image":{"@type":"ImageObject","inLanguage":"pt-BR","@id":"https:\/\/folhapopular.info\/wp-content\/uploads\/2026\/04\/Folha-1.webp","url":"https:\/\/folhapopular.info\/wp-content\/uploads\/2026\/04\/Folha-1.webp","contentUrl":"https:\/\/folhapopular.info\/wp-content\/uploads\/2026\/04\/Folha-1.webp","caption":"Reda\u00e7\u00e3o Folha Popular"},"url":"https:\/\/folhapopular.info\/index.php\/author\/redacao\/"}]}},"jetpack_featured_media_url":"https:\/\/folhapopular.info\/wp-content\/uploads\/2026\/03\/WhatsApp-Image-2026-03-12-at-10.13.13.jpeg","jetpack_sharing_enabled":true,"amp_enabled":true,"_links":{"self":[{"href":"https:\/\/folhapopular.info\/index.php\/wp-json\/wp\/v2\/posts\/205781","targetHints":{"allow":["GET"]}}],"collection":[{"href":"https:\/\/folhapopular.info\/index.php\/wp-json\/wp\/v2\/posts"}],"about":[{"href":"https:\/\/folhapopular.info\/index.php\/wp-json\/wp\/v2\/types\/post"}],"author":[{"embeddable":true,"href":"https:\/\/folhapopular.info\/index.php\/wp-json\/wp\/v2\/users\/8"}],"replies":[{"embeddable":true,"href":"https:\/\/folhapopular.info\/index.php\/wp-json\/wp\/v2\/comments?post=205781"}],"version-history":[{"count":0,"href":"https:\/\/folhapopular.info\/index.php\/wp-json\/wp\/v2\/posts\/205781\/revisions"}],"wp:featuredmedia":[{"embeddable":true,"href":"https:\/\/folhapopular.info\/index.php\/wp-json\/wp\/v2\/media\/205784"}],"wp:attachment":[{"href":"https:\/\/folhapopular.info\/index.php\/wp-json\/wp\/v2\/media?parent=205781"}],"wp:term":[{"taxonomy":"category","embeddable":true,"href":"https:\/\/folhapopular.info\/index.php\/wp-json\/wp\/v2\/categories?post=205781"},{"taxonomy":"post_tag","embeddable":true,"href":"https:\/\/folhapopular.info\/index.php\/wp-json\/wp\/v2\/tags?post=205781"}],"curies":[{"name":"wp","href":"https:\/\/api.w.org\/{rel}","templated":true}]}}