{"id":205801,"date":"2026-03-12T17:53:22","date_gmt":"2026-03-12T20:53:22","guid":{"rendered":"https:\/\/folhapopular.info\/?p=205801"},"modified":"2026-03-12T17:53:24","modified_gmt":"2026-03-12T20:53:24","slug":"ministerio-publico-denuncia-homem-por-latrocinio-apos-morte-de-casal-de-idosos-em-brochier","status":"publish","type":"post","link":"https:\/\/folhapopular.info\/index.php\/2026\/03\/12\/ministerio-publico-denuncia-homem-por-latrocinio-apos-morte-de-casal-de-idosos-em-brochier\/","title":{"rendered":"Minist\u00e9rio P\u00fablico denuncia homem por latroc\u00ednio ap\u00f3s morte de casal de idosos em Brochier"},"content":{"rendered":"\n<p>O Minist\u00e9rio P\u00fablico do Rio Grande do Sul (MPRS) denunciou por latroc\u00ednio \u2014 roubo seguido de morte \u2014 um homem acusado de matar um <a href=\"https:\/\/folhapopular.info\/index.php\/2026\/02\/19\/idosos-sao-encontrados-mortos-com-sinais-de-violencia-em-brochier\/\">casal de idosos no munic\u00edpio de Brochier<\/a>, na regi\u00e3o pr\u00f3xima ao Vale do Taquari. A den\u00fancia foi apresentada na segunda-feira (9\/3) pela promotora de Justi\u00e7a Daniela Tavares da Silva Tobaldini, da comarca de Montenegro.<\/p>\n\n\n\n<p>O crime ocorreu na manh\u00e3 de 19 de fevereiro e teve como v\u00edtimas Jo\u00e3o Dormalino da Silva, de 82 anos, e Doraci Alves da Silva, de 79.<\/p>\n\n\n\n<p>Conforme a den\u00fancia, o acusado invadiu a resid\u00eancia do casal, amarrou as m\u00e3os das v\u00edtimas e passou a agredi-las, inclusive com coronhadas de arma de fogo. As agress\u00f5es resultaram na morte dos dois idosos.<\/p>\n\n\n\n<p>Ap\u00f3s o crime, o homem fugiu levando diversos bens da resid\u00eancia, entre eles eletrodom\u00e9sticos, ferramentas e botij\u00f5es de g\u00e1s. Ele tamb\u00e9m utilizou o carro das v\u00edtimas para deixar o local.<\/p>\n\n\n\n<p>O ve\u00edculo foi encontrado posteriormente em uma \u00e1rea do interior, capotado e incendiado ap\u00f3s colidir contra uma \u00e1rvore. Horas depois, o suspeito foi localizado pela Brigada Militar em uma \u00e1rea de mata nas proximidades, apresentando les\u00f5es compat\u00edveis com o acidente.<\/p>\n\n\n\n<p>Segundo as autoridades, o <a href=\"https:\/\/folhapopular.info\/index.php\/2026\/02\/20\/suspeito-confessa-assassinato-de-casal-de-idosos-em-brochier\/\">homem confessou<\/a> a pr\u00e1tica do crime.<\/p>\n\n\n\n<p>Na den\u00fancia, o Minist\u00e9rio P\u00fablico destacou como agravante o fato de as v\u00edtimas serem pessoas idosas e solicitou \u00e0 Justi\u00e7a a fixa\u00e7\u00e3o de uma indeniza\u00e7\u00e3o m\u00ednima a ser paga aos familiares do casal.<\/p>\n","protected":false},"excerpt":{"rendered":"<p>O Minist\u00e9rio P\u00fablico do Rio Grande do Sul (MPRS) denunciou por latroc\u00ednio \u2014 roubo seguido de morte \u2014 um homem acusado de matar um casal de idosos no munic\u00edpio de Brochier, na regi\u00e3o pr\u00f3xima ao Vale do Taquari. A den\u00fancia foi apresentada na segunda-feira (9\/3) pela promotora de Justi\u00e7a Daniela Tavares da Silva Tobaldini, da [&hellip;]<\/p>\n","protected":false},"author":8,"featured_media":189603,"comment_status":"open","ping_status":"open","sticky":false,"template":"","format":"standard","meta":{"pmpro_default_level":"","_jetpack_memberships_contains_paid_content":false,"footnotes":""},"categories":[10982,7],"tags":[2435,4723,1349,1261],"class_list":{"0":"post-205801","1":"post","2":"type-post","3":"status-publish","4":"format-standard","5":"has-post-thumbnail","7":"category-policia","8":"category-seguranca","9":"tag-brochier","10":"tag-condenacao","11":"tag-latrocinio","12":"tag-mp","13":"pmpro-has-access"},"yoast_head":"<!-- This site is optimized with the Yoast SEO plugin v27.4 - https:\/\/yoast.com\/product\/yoast-seo-wordpress\/ -->\n<title>Minist\u00e9rio P\u00fablico denuncia homem por latroc\u00ednio ap\u00f3s morte de casal de idosos em Brochier - Folha Popular<\/title>\n<meta name=\"robots\" content=\"index, follow, max-snippet:-1, max-image-preview:large, max-video-preview:-1\" \/>\n<link rel=\"canonical\" href=\"https:\/\/folhapopular.info\/index.php\/2026\/03\/12\/ministerio-publico-denuncia-homem-por-latrocinio-apos-morte-de-casal-de-idosos-em-brochier\/\" \/>\n<meta property=\"og:locale\" content=\"pt_BR\" \/>\n<meta property=\"og:type\" content=\"article\" \/>\n<meta property=\"og:title\" content=\"Minist\u00e9rio P\u00fablico denuncia homem por latroc\u00ednio ap\u00f3s morte de casal de idosos em Brochier - Folha Popular\" \/>\n<meta property=\"og:description\" content=\"O Minist\u00e9rio P\u00fablico do Rio Grande do Sul (MPRS) denunciou por latroc\u00ednio \u2014 roubo seguido de morte \u2014 um homem acusado de matar um casal de idosos no munic\u00edpio de Brochier, na regi\u00e3o pr\u00f3xima ao Vale do Taquari. A den\u00fancia foi apresentada na segunda-feira (9\/3) pela promotora de Justi\u00e7a Daniela Tavares da Silva Tobaldini, da [&hellip;]\" \/>\n<meta property=\"og:url\" content=\"https:\/\/folhapopular.info\/index.php\/2026\/03\/12\/ministerio-publico-denuncia-homem-por-latrocinio-apos-morte-de-casal-de-idosos-em-brochier\/\" \/>\n<meta property=\"og:site_name\" content=\"Folha Popular\" \/>\n<meta property=\"article:published_time\" content=\"2026-03-12T20:53:22+00:00\" \/>\n<meta property=\"article:modified_time\" content=\"2026-03-12T20:53:24+00:00\" \/>\n<meta property=\"og:image\" content=\"http:\/\/folhapopular.info\/wp-content\/uploads\/2025\/07\/folhapopular.info-3.png\" \/>\n\t<meta property=\"og:image:width\" content=\"1920\" \/>\n\t<meta property=\"og:image:height\" content=\"1080\" \/>\n\t<meta property=\"og:image:type\" content=\"image\/png\" \/>\n<meta name=\"author\" content=\"Reda\u00e7\u00e3o Folha Popular\" \/>\n<meta name=\"twitter:card\" content=\"summary_large_image\" \/>\n<meta name=\"twitter:label1\" content=\"Escrito por\" \/>\n\t<meta name=\"twitter:data1\" content=\"Reda\u00e7\u00e3o Folha Popular\" \/>\n\t<meta name=\"twitter:label2\" content=\"Est. tempo de leitura\" \/>\n\t<meta name=\"twitter:data2\" content=\"2 minutos\" \/>\n<script type=\"application\/ld+json\" class=\"yoast-schema-graph\">{\"@context\":\"https:\\\/\\\/schema.org\",\"@graph\":[{\"@type\":\"Article\",\"@id\":\"https:\\\/\\\/folhapopular.info\\\/index.php\\\/2026\\\/03\\\/12\\\/ministerio-publico-denuncia-homem-por-latrocinio-apos-morte-de-casal-de-idosos-em-brochier\\\/#article\",\"isPartOf\":{\"@id\":\"https:\\\/\\\/folhapopular.info\\\/index.php\\\/2026\\\/03\\\/12\\\/ministerio-publico-denuncia-homem-por-latrocinio-apos-morte-de-casal-de-idosos-em-brochier\\\/\"},\"author\":{\"name\":\"Reda\u00e7\u00e3o Folha Popular\",\"@id\":\"https:\\\/\\\/folhapopular.info\\\/#\\\/schema\\\/person\\\/2814e8a0df7643585a9ca38bc6eb9d4b\"},\"headline\":\"Minist\u00e9rio P\u00fablico denuncia homem por latroc\u00ednio ap\u00f3s morte de casal de idosos em Brochier\",\"datePublished\":\"2026-03-12T20:53:22+00:00\",\"dateModified\":\"2026-03-12T20:53:24+00:00\",\"mainEntityOfPage\":{\"@id\":\"https:\\\/\\\/folhapopular.info\\\/index.php\\\/2026\\\/03\\\/12\\\/ministerio-publico-denuncia-homem-por-latrocinio-apos-morte-de-casal-de-idosos-em-brochier\\\/\"},\"wordCount\":278,\"commentCount\":0,\"image\":{\"@id\":\"https:\\\/\\\/folhapopular.info\\\/index.php\\\/2026\\\/03\\\/12\\\/ministerio-publico-denuncia-homem-por-latrocinio-apos-morte-de-casal-de-idosos-em-brochier\\\/#primaryimage\"},\"thumbnailUrl\":\"https:\\\/\\\/folhapopular.info\\\/wp-content\\\/uploads\\\/2025\\\/07\\\/folhapopular.info-3.png\",\"keywords\":[\"Brochier\",\"condena\u00e7\u00e3o\",\"latroc\u00ednio\",\"MP\"],\"articleSection\":[\"Pol\u00edcia\",\"Seguran\u00e7a\"],\"inLanguage\":\"pt-BR\",\"potentialAction\":[{\"@type\":\"CommentAction\",\"name\":\"Comment\",\"target\":[\"https:\\\/\\\/folhapopular.info\\\/index.php\\\/2026\\\/03\\\/12\\\/ministerio-publico-denuncia-homem-por-latrocinio-apos-morte-de-casal-de-idosos-em-brochier\\\/#respond\"]}]},{\"@type\":\"WebPage\",\"@id\":\"https:\\\/\\\/folhapopular.info\\\/index.php\\\/2026\\\/03\\\/12\\\/ministerio-publico-denuncia-homem-por-latrocinio-apos-morte-de-casal-de-idosos-em-brochier\\\/\",\"url\":\"https:\\\/\\\/folhapopular.info\\\/index.php\\\/2026\\\/03\\\/12\\\/ministerio-publico-denuncia-homem-por-latrocinio-apos-morte-de-casal-de-idosos-em-brochier\\\/\",\"name\":\"Minist\u00e9rio P\u00fablico denuncia homem por latroc\u00ednio ap\u00f3s morte de casal de idosos em Brochier - Folha Popular\",\"isPartOf\":{\"@id\":\"https:\\\/\\\/folhapopular.info\\\/#website\"},\"primaryImageOfPage\":{\"@id\":\"https:\\\/\\\/folhapopular.info\\\/index.php\\\/2026\\\/03\\\/12\\\/ministerio-publico-denuncia-homem-por-latrocinio-apos-morte-de-casal-de-idosos-em-brochier\\\/#primaryimage\"},\"image\":{\"@id\":\"https:\\\/\\\/folhapopular.info\\\/index.php\\\/2026\\\/03\\\/12\\\/ministerio-publico-denuncia-homem-por-latrocinio-apos-morte-de-casal-de-idosos-em-brochier\\\/#primaryimage\"},\"thumbnailUrl\":\"https:\\\/\\\/folhapopular.info\\\/wp-content\\\/uploads\\\/2025\\\/07\\\/folhapopular.info-3.png\",\"datePublished\":\"2026-03-12T20:53:22+00:00\",\"dateModified\":\"2026-03-12T20:53:24+00:00\",\"author\":{\"@id\":\"https:\\\/\\\/folhapopular.info\\\/#\\\/schema\\\/person\\\/2814e8a0df7643585a9ca38bc6eb9d4b\"},\"breadcrumb\":{\"@id\":\"https:\\\/\\\/folhapopular.info\\\/index.php\\\/2026\\\/03\\\/12\\\/ministerio-publico-denuncia-homem-por-latrocinio-apos-morte-de-casal-de-idosos-em-brochier\\\/#breadcrumb\"},\"inLanguage\":\"pt-BR\",\"potentialAction\":[{\"@type\":\"ReadAction\",\"target\":[\"https:\\\/\\\/folhapopular.info\\\/index.php\\\/2026\\\/03\\\/12\\\/ministerio-publico-denuncia-homem-por-latrocinio-apos-morte-de-casal-de-idosos-em-brochier\\\/\"]}]},{\"@type\":\"ImageObject\",\"inLanguage\":\"pt-BR\",\"@id\":\"https:\\\/\\\/folhapopular.info\\\/index.php\\\/2026\\\/03\\\/12\\\/ministerio-publico-denuncia-homem-por-latrocinio-apos-morte-de-casal-de-idosos-em-brochier\\\/#primaryimage\",\"url\":\"https:\\\/\\\/folhapopular.info\\\/wp-content\\\/uploads\\\/2025\\\/07\\\/folhapopular.info-3.png\",\"contentUrl\":\"https:\\\/\\\/folhapopular.info\\\/wp-content\\\/uploads\\\/2025\\\/07\\\/folhapopular.info-3.png\",\"width\":1920,\"height\":1080},{\"@type\":\"BreadcrumbList\",\"@id\":\"https:\\\/\\\/folhapopular.info\\\/index.php\\\/2026\\\/03\\\/12\\\/ministerio-publico-denuncia-homem-por-latrocinio-apos-morte-de-casal-de-idosos-em-brochier\\\/#breadcrumb\",\"itemListElement\":[{\"@type\":\"ListItem\",\"position\":1,\"name\":\"In\u00edcio\",\"item\":\"https:\\\/\\\/folhapopular.info\\\/\"},{\"@type\":\"ListItem\",\"position\":2,\"name\":\"Minist\u00e9rio P\u00fablico denuncia homem por latroc\u00ednio ap\u00f3s morte de casal de idosos em Brochier\"}]},{\"@type\":\"WebSite\",\"@id\":\"https:\\\/\\\/folhapopular.info\\\/#website\",\"url\":\"https:\\\/\\\/folhapopular.info\\\/\",\"name\":\"Folha Popular\",\"description\":\"Onde voc\u00ea tem vez e voz\",\"potentialAction\":[{\"@type\":\"SearchAction\",\"target\":{\"@type\":\"EntryPoint\",\"urlTemplate\":\"https:\\\/\\\/folhapopular.info\\\/?s={search_term_string}\"},\"query-input\":{\"@type\":\"PropertyValueSpecification\",\"valueRequired\":true,\"valueName\":\"search_term_string\"}}],\"inLanguage\":\"pt-BR\"},{\"@type\":\"Person\",\"@id\":\"https:\\\/\\\/folhapopular.info\\\/#\\\/schema\\\/person\\\/2814e8a0df7643585a9ca38bc6eb9d4b\",\"name\":\"Reda\u00e7\u00e3o Folha Popular\",\"image\":{\"@type\":\"ImageObject\",\"inLanguage\":\"pt-BR\",\"@id\":\"https:\\\/\\\/folhapopular.info\\\/wp-content\\\/uploads\\\/2026\\\/04\\\/Folha-1.webp\",\"url\":\"https:\\\/\\\/folhapopular.info\\\/wp-content\\\/uploads\\\/2026\\\/04\\\/Folha-1.webp\",\"contentUrl\":\"https:\\\/\\\/folhapopular.info\\\/wp-content\\\/uploads\\\/2026\\\/04\\\/Folha-1.webp\",\"caption\":\"Reda\u00e7\u00e3o Folha Popular\"},\"url\":\"https:\\\/\\\/folhapopular.info\\\/index.php\\\/author\\\/redacao\\\/\"}]}<\/script>\n<!-- \/ Yoast SEO plugin. -->","yoast_head_json":{"title":"Minist\u00e9rio P\u00fablico denuncia homem por latroc\u00ednio ap\u00f3s morte de casal de idosos em Brochier - Folha Popular","robots":{"index":"index","follow":"follow","max-snippet":"max-snippet:-1","max-image-preview":"max-image-preview:large","max-video-preview":"max-video-preview:-1"},"canonical":"https:\/\/folhapopular.info\/index.php\/2026\/03\/12\/ministerio-publico-denuncia-homem-por-latrocinio-apos-morte-de-casal-de-idosos-em-brochier\/","og_locale":"pt_BR","og_type":"article","og_title":"Minist\u00e9rio P\u00fablico denuncia homem por latroc\u00ednio ap\u00f3s morte de casal de idosos em Brochier - Folha Popular","og_description":"O Minist\u00e9rio P\u00fablico do Rio Grande do Sul (MPRS) denunciou por latroc\u00ednio \u2014 roubo seguido de morte \u2014 um homem acusado de matar um casal de idosos no munic\u00edpio de Brochier, na regi\u00e3o pr\u00f3xima ao Vale do Taquari. A den\u00fancia foi apresentada na segunda-feira (9\/3) pela promotora de Justi\u00e7a Daniela Tavares da Silva Tobaldini, da [&hellip;]","og_url":"https:\/\/folhapopular.info\/index.php\/2026\/03\/12\/ministerio-publico-denuncia-homem-por-latrocinio-apos-morte-de-casal-de-idosos-em-brochier\/","og_site_name":"Folha Popular","article_published_time":"2026-03-12T20:53:22+00:00","article_modified_time":"2026-03-12T20:53:24+00:00","og_image":[{"width":1920,"height":1080,"url":"http:\/\/folhapopular.info\/wp-content\/uploads\/2025\/07\/folhapopular.info-3.png","type":"image\/png"}],"author":"Reda\u00e7\u00e3o Folha Popular","twitter_card":"summary_large_image","twitter_misc":{"Escrito por":"Reda\u00e7\u00e3o Folha Popular","Est. tempo de leitura":"2 minutos"},"schema":{"@context":"https:\/\/schema.org","@graph":[{"@type":"Article","@id":"https:\/\/folhapopular.info\/index.php\/2026\/03\/12\/ministerio-publico-denuncia-homem-por-latrocinio-apos-morte-de-casal-de-idosos-em-brochier\/#article","isPartOf":{"@id":"https:\/\/folhapopular.info\/index.php\/2026\/03\/12\/ministerio-publico-denuncia-homem-por-latrocinio-apos-morte-de-casal-de-idosos-em-brochier\/"},"author":{"name":"Reda\u00e7\u00e3o Folha Popular","@id":"https:\/\/folhapopular.info\/#\/schema\/person\/2814e8a0df7643585a9ca38bc6eb9d4b"},"headline":"Minist\u00e9rio P\u00fablico denuncia homem por latroc\u00ednio ap\u00f3s morte de casal de idosos em Brochier","datePublished":"2026-03-12T20:53:22+00:00","dateModified":"2026-03-12T20:53:24+00:00","mainEntityOfPage":{"@id":"https:\/\/folhapopular.info\/index.php\/2026\/03\/12\/ministerio-publico-denuncia-homem-por-latrocinio-apos-morte-de-casal-de-idosos-em-brochier\/"},"wordCount":278,"commentCount":0,"image":{"@id":"https:\/\/folhapopular.info\/index.php\/2026\/03\/12\/ministerio-publico-denuncia-homem-por-latrocinio-apos-morte-de-casal-de-idosos-em-brochier\/#primaryimage"},"thumbnailUrl":"https:\/\/folhapopular.info\/wp-content\/uploads\/2025\/07\/folhapopular.info-3.png","keywords":["Brochier","condena\u00e7\u00e3o","latroc\u00ednio","MP"],"articleSection":["Pol\u00edcia","Seguran\u00e7a"],"inLanguage":"pt-BR","potentialAction":[{"@type":"CommentAction","name":"Comment","target":["https:\/\/folhapopular.info\/index.php\/2026\/03\/12\/ministerio-publico-denuncia-homem-por-latrocinio-apos-morte-de-casal-de-idosos-em-brochier\/#respond"]}]},{"@type":"WebPage","@id":"https:\/\/folhapopular.info\/index.php\/2026\/03\/12\/ministerio-publico-denuncia-homem-por-latrocinio-apos-morte-de-casal-de-idosos-em-brochier\/","url":"https:\/\/folhapopular.info\/index.php\/2026\/03\/12\/ministerio-publico-denuncia-homem-por-latrocinio-apos-morte-de-casal-de-idosos-em-brochier\/","name":"Minist\u00e9rio P\u00fablico denuncia homem por latroc\u00ednio ap\u00f3s morte de casal de idosos em Brochier - Folha Popular","isPartOf":{"@id":"https:\/\/folhapopular.info\/#website"},"primaryImageOfPage":{"@id":"https:\/\/folhapopular.info\/index.php\/2026\/03\/12\/ministerio-publico-denuncia-homem-por-latrocinio-apos-morte-de-casal-de-idosos-em-brochier\/#primaryimage"},"image":{"@id":"https:\/\/folhapopular.info\/index.php\/2026\/03\/12\/ministerio-publico-denuncia-homem-por-latrocinio-apos-morte-de-casal-de-idosos-em-brochier\/#primaryimage"},"thumbnailUrl":"https:\/\/folhapopular.info\/wp-content\/uploads\/2025\/07\/folhapopular.info-3.png","datePublished":"2026-03-12T20:53:22+00:00","dateModified":"2026-03-12T20:53:24+00:00","author":{"@id":"https:\/\/folhapopular.info\/#\/schema\/person\/2814e8a0df7643585a9ca38bc6eb9d4b"},"breadcrumb":{"@id":"https:\/\/folhapopular.info\/index.php\/2026\/03\/12\/ministerio-publico-denuncia-homem-por-latrocinio-apos-morte-de-casal-de-idosos-em-brochier\/#breadcrumb"},"inLanguage":"pt-BR","potentialAction":[{"@type":"ReadAction","target":["https:\/\/folhapopular.info\/index.php\/2026\/03\/12\/ministerio-publico-denuncia-homem-por-latrocinio-apos-morte-de-casal-de-idosos-em-brochier\/"]}]},{"@type":"ImageObject","inLanguage":"pt-BR","@id":"https:\/\/folhapopular.info\/index.php\/2026\/03\/12\/ministerio-publico-denuncia-homem-por-latrocinio-apos-morte-de-casal-de-idosos-em-brochier\/#primaryimage","url":"https:\/\/folhapopular.info\/wp-content\/uploads\/2025\/07\/folhapopular.info-3.png","contentUrl":"https:\/\/folhapopular.info\/wp-content\/uploads\/2025\/07\/folhapopular.info-3.png","width":1920,"height":1080},{"@type":"BreadcrumbList","@id":"https:\/\/folhapopular.info\/index.php\/2026\/03\/12\/ministerio-publico-denuncia-homem-por-latrocinio-apos-morte-de-casal-de-idosos-em-brochier\/#breadcrumb","itemListElement":[{"@type":"ListItem","position":1,"name":"In\u00edcio","item":"https:\/\/folhapopular.info\/"},{"@type":"ListItem","position":2,"name":"Minist\u00e9rio P\u00fablico denuncia homem por latroc\u00ednio ap\u00f3s morte de casal de idosos em Brochier"}]},{"@type":"WebSite","@id":"https:\/\/folhapopular.info\/#website","url":"https:\/\/folhapopular.info\/","name":"Folha Popular","description":"Onde voc\u00ea tem vez e voz","potentialAction":[{"@type":"SearchAction","target":{"@type":"EntryPoint","urlTemplate":"https:\/\/folhapopular.info\/?s={search_term_string}"},"query-input":{"@type":"PropertyValueSpecification","valueRequired":true,"valueName":"search_term_string"}}],"inLanguage":"pt-BR"},{"@type":"Person","@id":"https:\/\/folhapopular.info\/#\/schema\/person\/2814e8a0df7643585a9ca38bc6eb9d4b","name":"Reda\u00e7\u00e3o Folha Popular","image":{"@type":"ImageObject","inLanguage":"pt-BR","@id":"https:\/\/folhapopular.info\/wp-content\/uploads\/2026\/04\/Folha-1.webp","url":"https:\/\/folhapopular.info\/wp-content\/uploads\/2026\/04\/Folha-1.webp","contentUrl":"https:\/\/folhapopular.info\/wp-content\/uploads\/2026\/04\/Folha-1.webp","caption":"Reda\u00e7\u00e3o Folha Popular"},"url":"https:\/\/folhapopular.info\/index.php\/author\/redacao\/"}]}},"jetpack_featured_media_url":"https:\/\/folhapopular.info\/wp-content\/uploads\/2025\/07\/folhapopular.info-3.png","jetpack_sharing_enabled":true,"amp_enabled":true,"_links":{"self":[{"href":"https:\/\/folhapopular.info\/index.php\/wp-json\/wp\/v2\/posts\/205801","targetHints":{"allow":["GET"]}}],"collection":[{"href":"https:\/\/folhapopular.info\/index.php\/wp-json\/wp\/v2\/posts"}],"about":[{"href":"https:\/\/folhapopular.info\/index.php\/wp-json\/wp\/v2\/types\/post"}],"author":[{"embeddable":true,"href":"https:\/\/folhapopular.info\/index.php\/wp-json\/wp\/v2\/users\/8"}],"replies":[{"embeddable":true,"href":"https:\/\/folhapopular.info\/index.php\/wp-json\/wp\/v2\/comments?post=205801"}],"version-history":[{"count":0,"href":"https:\/\/folhapopular.info\/index.php\/wp-json\/wp\/v2\/posts\/205801\/revisions"}],"wp:featuredmedia":[{"embeddable":true,"href":"https:\/\/folhapopular.info\/index.php\/wp-json\/wp\/v2\/media\/189603"}],"wp:attachment":[{"href":"https:\/\/folhapopular.info\/index.php\/wp-json\/wp\/v2\/media?parent=205801"}],"wp:term":[{"taxonomy":"category","embeddable":true,"href":"https:\/\/folhapopular.info\/index.php\/wp-json\/wp\/v2\/categories?post=205801"},{"taxonomy":"post_tag","embeddable":true,"href":"https:\/\/folhapopular.info\/index.php\/wp-json\/wp\/v2\/tags?post=205801"}],"curies":[{"name":"wp","href":"https:\/\/api.w.org\/{rel}","templated":true}]}}