{"id":205806,"date":"2026-03-13T10:22:48","date_gmt":"2026-03-13T13:22:48","guid":{"rendered":"https:\/\/folhapopular.info\/?p=205806"},"modified":"2026-03-13T16:47:17","modified_gmt":"2026-03-13T19:47:17","slug":"cresol-essencia-registra-crescimento-de-30","status":"publish","type":"post","link":"https:\/\/folhapopular.info\/index.php\/2026\/03\/13\/cresol-essencia-registra-crescimento-de-30\/","title":{"rendered":"Cresol Ess\u00eancia registra crescimento de 30%"},"content":{"rendered":"\n<p>A assembleia da ag\u00eancia da Cresol Ess\u00eancia em Teut\u00f4nia reuniu cerca de 200 pessoas na noite de quinta-feira (12\/3), no Gr\u00eamio Cultural e Recreativo Teutoniense. Durante o encontro, a cooperativa apresentou aos associados os resultados do \u00faltimo ano e confirmou a continuidade do crescimento da institui\u00e7\u00e3o.<\/p>\n\n\n\n<p>A gerente da unidade de Teut\u00f4nia, Simone Dessoy, destacou que a assembleia teve como objetivo apresentar de forma transparente os n\u00fameros e as proje\u00e7\u00f5es da cooperativa. Segundo ela, a ag\u00eancia local conta atualmente com cerca de 1.700 associados, enquanto a regi\u00e3o dos vales do Taquari e Ca\u00ed soma aproximadamente 10 mil cooperados.<\/p>\n\n\n\n<p>Simone ressaltou que o desempenho \u00e9 resultado da atua\u00e7\u00e3o da equipe e da proximidade com a comunidade. \u201cHoje n\u00f3s estamos com aproximadamente 1.700 associados aqui em Teut\u00f4nia. Isso tem um peso muito importante para a cooperativa e \u00e9 fruto de muito trabalho da equipe, participando de jantares, almo\u00e7os, feiras e eventos da comunidade\u201d, afirmou.<\/p>\n\n\n\n<p>O presidente da cooperativa, Vitoldo Scharneck, avaliou que o crescimento se mant\u00e9m consistente nos \u00faltimos anos. \u201cJ\u00e1 em outros anos alcan\u00e7amos a marca superior a 30% de crescimento. Isso n\u00e3o \u00e9 t\u00e3o simples, \u00e9 muita dedica\u00e7\u00e3o e empenho\u201d, destacou.<\/p>\n\n\n\n<p>Scharneck tamb\u00e9m agradeceu a confian\u00e7a dos associados e ressaltou que a cooperativa pretende seguir investindo na expans\u00e3o das atividades. A Cresol Ess\u00eancia projeta a abertura de duas novas ag\u00eancias em 2026, refor\u00e7ando a presen\u00e7a regional e o atendimento aos cooperados.<\/p>\n\n\n\n<div class=\"wp-block-jetpack-slideshow aligncenter\" data-effect=\"slide\" style=\"--aspect-ratio:calc(696 \/ 522)\"><div class=\"wp-block-jetpack-slideshow_container swiper\"><ul class=\"wp-block-jetpack-slideshow_swiper-wrapper swiper-wrapper\"><li class=\"wp-block-jetpack-slideshow_slide swiper-slide\"><figure><img loading=\"lazy\" decoding=\"async\" width=\"1024\" height=\"768\" alt=\"\" class=\"wp-block-jetpack-slideshow_image wp-image-205813\" data-id=\"205813\" data-aspect-ratio=\"696 \/ 522\" src=\"https:\/\/folhapopular.info\/wp-content\/uploads\/2026\/03\/IMG_2984-Grande-1-1024x768.jpeg\" srcset=\"https:\/\/folhapopular.info\/wp-content\/uploads\/2026\/03\/IMG_2984-Grande-1-1024x768.jpeg 1024w, https:\/\/folhapopular.info\/wp-content\/uploads\/2026\/03\/IMG_2984-Grande-1-300x225.jpeg 300w, https:\/\/folhapopular.info\/wp-content\/uploads\/2026\/03\/IMG_2984-Grande-1-768x576.jpeg 768w, https:\/\/folhapopular.info\/wp-content\/uploads\/2026\/03\/IMG_2984-Grande-1-560x420.jpeg 560w, https:\/\/folhapopular.info\/wp-content\/uploads\/2026\/03\/IMG_2984-Grande-1-80x60.jpeg 80w, https:\/\/folhapopular.info\/wp-content\/uploads\/2026\/03\/IMG_2984-Grande-1-696x522.jpeg 696w, https:\/\/folhapopular.info\/wp-content\/uploads\/2026\/03\/IMG_2984-Grande-1-1068x801.jpeg 1068w, https:\/\/folhapopular.info\/wp-content\/uploads\/2026\/03\/IMG_2984-Grande-1.jpeg 1280w\" sizes=\"(max-width: 1024px) 100vw, 1024px\" \/><figcaption class=\"wp-block-jetpack-slideshow_caption gallery-caption\">\/\/ Cr\u00e9dito: Lucas Leandro Brune<\/figcaption><\/figure><\/li><li class=\"wp-block-jetpack-slideshow_slide swiper-slide\"><figure><img loading=\"lazy\" decoding=\"async\" width=\"1024\" height=\"768\" alt=\"\" class=\"wp-block-jetpack-slideshow_image wp-image-205812\" data-id=\"205812\" data-aspect-ratio=\"696 \/ 522\" src=\"https:\/\/folhapopular.info\/wp-content\/uploads\/2026\/03\/IMG_2981-Grande-1024x768.jpeg\" srcset=\"https:\/\/folhapopular.info\/wp-content\/uploads\/2026\/03\/IMG_2981-Grande-1024x768.jpeg 1024w, https:\/\/folhapopular.info\/wp-content\/uploads\/2026\/03\/IMG_2981-Grande-300x225.jpeg 300w, https:\/\/folhapopular.info\/wp-content\/uploads\/2026\/03\/IMG_2981-Grande-768x576.jpeg 768w, https:\/\/folhapopular.info\/wp-content\/uploads\/2026\/03\/IMG_2981-Grande-560x420.jpeg 560w, https:\/\/folhapopular.info\/wp-content\/uploads\/2026\/03\/IMG_2981-Grande-80x60.jpeg 80w, https:\/\/folhapopular.info\/wp-content\/uploads\/2026\/03\/IMG_2981-Grande-696x522.jpeg 696w, https:\/\/folhapopular.info\/wp-content\/uploads\/2026\/03\/IMG_2981-Grande-1068x801.jpeg 1068w, https:\/\/folhapopular.info\/wp-content\/uploads\/2026\/03\/IMG_2981-Grande.jpeg 1280w\" sizes=\"(max-width: 1024px) 100vw, 1024px\" \/><figcaption class=\"wp-block-jetpack-slideshow_caption gallery-caption\">\/\/ Cr\u00e9dito: Lucas Leandro Brune<\/figcaption><\/figure><\/li><li class=\"wp-block-jetpack-slideshow_slide swiper-slide\"><figure><img loading=\"lazy\" decoding=\"async\" width=\"1024\" height=\"768\" alt=\"\" class=\"wp-block-jetpack-slideshow_image wp-image-205809\" data-id=\"205809\" data-aspect-ratio=\"696 \/ 522\" src=\"https:\/\/folhapopular.info\/wp-content\/uploads\/2026\/03\/IMG_2984-Grande-1024x768.jpeg\" srcset=\"https:\/\/folhapopular.info\/wp-content\/uploads\/2026\/03\/IMG_2984-Grande-1024x768.jpeg 1024w, https:\/\/folhapopular.info\/wp-content\/uploads\/2026\/03\/IMG_2984-Grande-300x225.jpeg 300w, https:\/\/folhapopular.info\/wp-content\/uploads\/2026\/03\/IMG_2984-Grande-768x576.jpeg 768w, https:\/\/folhapopular.info\/wp-content\/uploads\/2026\/03\/IMG_2984-Grande-560x420.jpeg 560w, https:\/\/folhapopular.info\/wp-content\/uploads\/2026\/03\/IMG_2984-Grande-80x60.jpeg 80w, https:\/\/folhapopular.info\/wp-content\/uploads\/2026\/03\/IMG_2984-Grande-696x522.jpeg 696w, https:\/\/folhapopular.info\/wp-content\/uploads\/2026\/03\/IMG_2984-Grande-1068x801.jpeg 1068w, https:\/\/folhapopular.info\/wp-content\/uploads\/2026\/03\/IMG_2984-Grande.jpeg 1280w\" sizes=\"(max-width: 1024px) 100vw, 1024px\" \/><figcaption class=\"wp-block-jetpack-slideshow_caption gallery-caption\">\/\/ Cr\u00e9dito: Lucas Leandro Brune<\/figcaption><\/figure><\/li><li class=\"wp-block-jetpack-slideshow_slide swiper-slide\"><figure><img loading=\"lazy\" decoding=\"async\" width=\"1024\" height=\"768\" alt=\"\" class=\"wp-block-jetpack-slideshow_image wp-image-205808\" data-id=\"205808\" data-aspect-ratio=\"696 \/ 522\" src=\"https:\/\/folhapopular.info\/wp-content\/uploads\/2026\/03\/IMG_2982-Grande-1024x768.jpeg\" srcset=\"https:\/\/folhapopular.info\/wp-content\/uploads\/2026\/03\/IMG_2982-Grande-1024x768.jpeg 1024w, https:\/\/folhapopular.info\/wp-content\/uploads\/2026\/03\/IMG_2982-Grande-300x225.jpeg 300w, https:\/\/folhapopular.info\/wp-content\/uploads\/2026\/03\/IMG_2982-Grande-768x576.jpeg 768w, https:\/\/folhapopular.info\/wp-content\/uploads\/2026\/03\/IMG_2982-Grande-560x420.jpeg 560w, https:\/\/folhapopular.info\/wp-content\/uploads\/2026\/03\/IMG_2982-Grande-80x60.jpeg 80w, https:\/\/folhapopular.info\/wp-content\/uploads\/2026\/03\/IMG_2982-Grande-696x522.jpeg 696w, https:\/\/folhapopular.info\/wp-content\/uploads\/2026\/03\/IMG_2982-Grande-1068x801.jpeg 1068w, https:\/\/folhapopular.info\/wp-content\/uploads\/2026\/03\/IMG_2982-Grande.jpeg 1280w\" sizes=\"(max-width: 1024px) 100vw, 1024px\" \/><figcaption class=\"wp-block-jetpack-slideshow_caption gallery-caption\">\/\/ Cr\u00e9dito: Lucas Leandro Brune<\/figcaption><\/figure><\/li><\/ul><a class=\"wp-block-jetpack-slideshow_button-prev swiper-button-prev swiper-button-white\" role=\"button\"><\/a><a class=\"wp-block-jetpack-slideshow_button-next swiper-button-next swiper-button-white\" role=\"button\"><\/a><a aria-label=\"Pause Slideshow\" class=\"wp-block-jetpack-slideshow_button-pause\" role=\"button\"><\/a><div class=\"wp-block-jetpack-slideshow_pagination swiper-pagination swiper-pagination-white\"><\/div><\/div><\/div>\n","protected":false},"excerpt":{"rendered":"<p>A assembleia da ag\u00eancia da Cresol Ess\u00eancia em Teut\u00f4nia reuniu cerca de 200 pessoas na noite de quinta-feira (12\/3), no Gr\u00eamio Cultural e Recreativo Teutoniense. Durante o encontro, a cooperativa apresentou aos associados os resultados do \u00faltimo ano e confirmou a continuidade do crescimento da institui\u00e7\u00e3o. A gerente da unidade de Teut\u00f4nia, Simone Dessoy, destacou [&hellip;]<\/p>\n","protected":false},"author":7,"featured_media":205807,"comment_status":"open","ping_status":"open","sticky":false,"template":"","format":"standard","meta":{"pmpro_default_level":"","_jetpack_memberships_contains_paid_content":false,"footnotes":""},"categories":[10992,2,10991],"tags":[2303,13472,9165,26,156],"class_list":{"0":"post-205806","1":"post","2":"type-post","3":"status-publish","4":"format-standard","5":"has-post-thumbnail","7":"category-coopop","8":"category-featured","9":"category-economia","10":"tag-cooperativismo","11":"tag-cooperativismo-de-credito","12":"tag-coopop","13":"tag-teutonia","14":"tag-vale-do-taquari","15":"pmpro-has-access"},"yoast_head":"<!-- This site is optimized with the Yoast SEO plugin v27.5 - https:\/\/yoast.com\/product\/yoast-seo-wordpress\/ -->\n<title>Cresol Ess\u00eancia registra crescimento de 30% - Folha Popular<\/title>\n<meta name=\"description\" content=\"A Cresol apresentou aos associados os resultados do \u00faltimo ano e confirmou a continuidade do crescimento da institui\u00e7\u00e3o.\" \/>\n<meta name=\"robots\" content=\"index, follow, max-snippet:-1, max-image-preview:large, max-video-preview:-1\" \/>\n<link rel=\"canonical\" href=\"https:\/\/folhapopular.info\/index.php\/2026\/03\/13\/cresol-essencia-registra-crescimento-de-30\/\" \/>\n<meta property=\"og:locale\" content=\"pt_BR\" \/>\n<meta property=\"og:type\" content=\"article\" \/>\n<meta property=\"og:title\" content=\"Cresol Ess\u00eancia registra crescimento de 30% - Folha Popular\" \/>\n<meta property=\"og:description\" content=\"A Cresol apresentou aos associados os resultados do \u00faltimo ano e confirmou a continuidade do crescimento da institui\u00e7\u00e3o.\" \/>\n<meta property=\"og:url\" content=\"https:\/\/folhapopular.info\/index.php\/2026\/03\/13\/cresol-essencia-registra-crescimento-de-30\/\" \/>\n<meta property=\"og:site_name\" content=\"Folha Popular\" \/>\n<meta property=\"article:published_time\" content=\"2026-03-13T13:22:48+00:00\" \/>\n<meta property=\"article:modified_time\" content=\"2026-03-13T19:47:17+00:00\" \/>\n<meta property=\"og:image\" content=\"http:\/\/folhapopular.info\/wp-content\/uploads\/2026\/03\/IMG_2988.jpeg\" \/>\n\t<meta property=\"og:image:width\" content=\"1\" \/>\n\t<meta property=\"og:image:height\" content=\"1\" \/>\n\t<meta property=\"og:image:type\" content=\"image\/jpeg\" \/>\n<meta name=\"author\" content=\"Lucas Leandro Brune\" \/>\n<meta name=\"twitter:card\" content=\"summary_large_image\" \/>\n<meta name=\"twitter:label1\" content=\"Escrito por\" \/>\n\t<meta name=\"twitter:data1\" content=\"Lucas Leandro Brune\" \/>\n\t<meta name=\"twitter:label2\" content=\"Est. tempo de leitura\" \/>\n\t<meta name=\"twitter:data2\" content=\"3 minutos\" \/>\n<script type=\"application\/ld+json\" class=\"yoast-schema-graph\">{\"@context\":\"https:\\\/\\\/schema.org\",\"@graph\":[{\"@type\":\"Article\",\"@id\":\"https:\\\/\\\/folhapopular.info\\\/index.php\\\/2026\\\/03\\\/13\\\/cresol-essencia-registra-crescimento-de-30\\\/#article\",\"isPartOf\":{\"@id\":\"https:\\\/\\\/folhapopular.info\\\/index.php\\\/2026\\\/03\\\/13\\\/cresol-essencia-registra-crescimento-de-30\\\/\"},\"author\":{\"name\":\"Lucas Leandro Brune\",\"@id\":\"https:\\\/\\\/folhapopular.info\\\/#\\\/schema\\\/person\\\/533a15f60cd49e81ab3a90b4ca33cb36\"},\"headline\":\"Cresol Ess\u00eancia registra crescimento de 30%\",\"datePublished\":\"2026-03-13T13:22:48+00:00\",\"dateModified\":\"2026-03-13T19:47:17+00:00\",\"mainEntityOfPage\":{\"@id\":\"https:\\\/\\\/folhapopular.info\\\/index.php\\\/2026\\\/03\\\/13\\\/cresol-essencia-registra-crescimento-de-30\\\/\"},\"wordCount\":272,\"commentCount\":0,\"image\":{\"@id\":\"https:\\\/\\\/folhapopular.info\\\/index.php\\\/2026\\\/03\\\/13\\\/cresol-essencia-registra-crescimento-de-30\\\/#primaryimage\"},\"thumbnailUrl\":\"https:\\\/\\\/folhapopular.info\\\/wp-content\\\/uploads\\\/2026\\\/03\\\/IMG_2988.jpeg\",\"keywords\":[\"cooperativismo\",\"Cooperativismo de Cr\u00e9dito\",\"Coopop\",\"Teut\u00f4nia\",\"Vale do Taquari\"],\"articleSection\":[\"Coopop\",\"Destaques\",\"Economia\"],\"inLanguage\":\"pt-BR\",\"potentialAction\":[{\"@type\":\"CommentAction\",\"name\":\"Comment\",\"target\":[\"https:\\\/\\\/folhapopular.info\\\/index.php\\\/2026\\\/03\\\/13\\\/cresol-essencia-registra-crescimento-de-30\\\/#respond\"]}]},{\"@type\":\"WebPage\",\"@id\":\"https:\\\/\\\/folhapopular.info\\\/index.php\\\/2026\\\/03\\\/13\\\/cresol-essencia-registra-crescimento-de-30\\\/\",\"url\":\"https:\\\/\\\/folhapopular.info\\\/index.php\\\/2026\\\/03\\\/13\\\/cresol-essencia-registra-crescimento-de-30\\\/\",\"name\":\"Cresol Ess\u00eancia registra crescimento de 30% - Folha Popular\",\"isPartOf\":{\"@id\":\"https:\\\/\\\/folhapopular.info\\\/#website\"},\"primaryImageOfPage\":{\"@id\":\"https:\\\/\\\/folhapopular.info\\\/index.php\\\/2026\\\/03\\\/13\\\/cresol-essencia-registra-crescimento-de-30\\\/#primaryimage\"},\"image\":{\"@id\":\"https:\\\/\\\/folhapopular.info\\\/index.php\\\/2026\\\/03\\\/13\\\/cresol-essencia-registra-crescimento-de-30\\\/#primaryimage\"},\"thumbnailUrl\":\"https:\\\/\\\/folhapopular.info\\\/wp-content\\\/uploads\\\/2026\\\/03\\\/IMG_2988.jpeg\",\"datePublished\":\"2026-03-13T13:22:48+00:00\",\"dateModified\":\"2026-03-13T19:47:17+00:00\",\"author\":{\"@id\":\"https:\\\/\\\/folhapopular.info\\\/#\\\/schema\\\/person\\\/533a15f60cd49e81ab3a90b4ca33cb36\"},\"description\":\"A Cresol apresentou aos associados os resultados do \u00faltimo ano e confirmou a continuidade do crescimento da institui\u00e7\u00e3o.\",\"breadcrumb\":{\"@id\":\"https:\\\/\\\/folhapopular.info\\\/index.php\\\/2026\\\/03\\\/13\\\/cresol-essencia-registra-crescimento-de-30\\\/#breadcrumb\"},\"inLanguage\":\"pt-BR\",\"potentialAction\":[{\"@type\":\"ReadAction\",\"target\":[\"https:\\\/\\\/folhapopular.info\\\/index.php\\\/2026\\\/03\\\/13\\\/cresol-essencia-registra-crescimento-de-30\\\/\"]}]},{\"@type\":\"ImageObject\",\"inLanguage\":\"pt-BR\",\"@id\":\"https:\\\/\\\/folhapopular.info\\\/index.php\\\/2026\\\/03\\\/13\\\/cresol-essencia-registra-crescimento-de-30\\\/#primaryimage\",\"url\":\"https:\\\/\\\/folhapopular.info\\\/wp-content\\\/uploads\\\/2026\\\/03\\\/IMG_2988.jpeg\",\"contentUrl\":\"https:\\\/\\\/folhapopular.info\\\/wp-content\\\/uploads\\\/2026\\\/03\\\/IMG_2988.jpeg\",\"caption\":\"Presidente Vitoldo Scharneck participou do encontro em Teut\u00f4nia \\\/\\\/ Cr\u00e9dito: Lucas Leandro Brune\"},{\"@type\":\"BreadcrumbList\",\"@id\":\"https:\\\/\\\/folhapopular.info\\\/index.php\\\/2026\\\/03\\\/13\\\/cresol-essencia-registra-crescimento-de-30\\\/#breadcrumb\",\"itemListElement\":[{\"@type\":\"ListItem\",\"position\":1,\"name\":\"In\u00edcio\",\"item\":\"https:\\\/\\\/folhapopular.info\\\/\"},{\"@type\":\"ListItem\",\"position\":2,\"name\":\"Cresol Ess\u00eancia registra crescimento de 30%\"}]},{\"@type\":\"WebSite\",\"@id\":\"https:\\\/\\\/folhapopular.info\\\/#website\",\"url\":\"https:\\\/\\\/folhapopular.info\\\/\",\"name\":\"Folha Popular\",\"description\":\"Onde voc\u00ea tem vez e voz\",\"potentialAction\":[{\"@type\":\"SearchAction\",\"target\":{\"@type\":\"EntryPoint\",\"urlTemplate\":\"https:\\\/\\\/folhapopular.info\\\/?s={search_term_string}\"},\"query-input\":{\"@type\":\"PropertyValueSpecification\",\"valueRequired\":true,\"valueName\":\"search_term_string\"}}],\"inLanguage\":\"pt-BR\"},{\"@type\":\"Person\",\"@id\":\"https:\\\/\\\/folhapopular.info\\\/#\\\/schema\\\/person\\\/533a15f60cd49e81ab3a90b4ca33cb36\",\"name\":\"Lucas Leandro Brune\",\"image\":{\"@type\":\"ImageObject\",\"inLanguage\":\"pt-BR\",\"@id\":\"https:\\\/\\\/folhapopular.info\\\/wp-content\\\/uploads\\\/2026\\\/04\\\/LUCAS-1-1.webp\",\"url\":\"https:\\\/\\\/folhapopular.info\\\/wp-content\\\/uploads\\\/2026\\\/04\\\/LUCAS-1-1.webp\",\"contentUrl\":\"https:\\\/\\\/folhapopular.info\\\/wp-content\\\/uploads\\\/2026\\\/04\\\/LUCAS-1-1.webp\",\"caption\":\"Lucas Leandro Brune\"},\"description\":\"Jornalista Profissional Diplomado MTB\\\/RS 14.333\",\"url\":\"https:\\\/\\\/folhapopular.info\\\/index.php\\\/author\\\/lucas-brune\\\/\"}]}<\/script>\n<!-- \/ Yoast SEO plugin. -->","yoast_head_json":{"title":"Cresol Ess\u00eancia registra crescimento de 30% - Folha Popular","description":"A Cresol apresentou aos associados os resultados do \u00faltimo ano e confirmou a continuidade do crescimento da institui\u00e7\u00e3o.","robots":{"index":"index","follow":"follow","max-snippet":"max-snippet:-1","max-image-preview":"max-image-preview:large","max-video-preview":"max-video-preview:-1"},"canonical":"https:\/\/folhapopular.info\/index.php\/2026\/03\/13\/cresol-essencia-registra-crescimento-de-30\/","og_locale":"pt_BR","og_type":"article","og_title":"Cresol Ess\u00eancia registra crescimento de 30% - Folha Popular","og_description":"A Cresol apresentou aos associados os resultados do \u00faltimo ano e confirmou a continuidade do crescimento da institui\u00e7\u00e3o.","og_url":"https:\/\/folhapopular.info\/index.php\/2026\/03\/13\/cresol-essencia-registra-crescimento-de-30\/","og_site_name":"Folha Popular","article_published_time":"2026-03-13T13:22:48+00:00","article_modified_time":"2026-03-13T19:47:17+00:00","og_image":[{"url":"http:\/\/folhapopular.info\/wp-content\/uploads\/2026\/03\/IMG_2988.jpeg","width":1,"height":1,"type":"image\/jpeg"}],"author":"Lucas Leandro Brune","twitter_card":"summary_large_image","twitter_misc":{"Escrito por":"Lucas Leandro Brune","Est. tempo de leitura":"3 minutos"},"schema":{"@context":"https:\/\/schema.org","@graph":[{"@type":"Article","@id":"https:\/\/folhapopular.info\/index.php\/2026\/03\/13\/cresol-essencia-registra-crescimento-de-30\/#article","isPartOf":{"@id":"https:\/\/folhapopular.info\/index.php\/2026\/03\/13\/cresol-essencia-registra-crescimento-de-30\/"},"author":{"name":"Lucas Leandro Brune","@id":"https:\/\/folhapopular.info\/#\/schema\/person\/533a15f60cd49e81ab3a90b4ca33cb36"},"headline":"Cresol Ess\u00eancia registra crescimento de 30%","datePublished":"2026-03-13T13:22:48+00:00","dateModified":"2026-03-13T19:47:17+00:00","mainEntityOfPage":{"@id":"https:\/\/folhapopular.info\/index.php\/2026\/03\/13\/cresol-essencia-registra-crescimento-de-30\/"},"wordCount":272,"commentCount":0,"image":{"@id":"https:\/\/folhapopular.info\/index.php\/2026\/03\/13\/cresol-essencia-registra-crescimento-de-30\/#primaryimage"},"thumbnailUrl":"https:\/\/folhapopular.info\/wp-content\/uploads\/2026\/03\/IMG_2988.jpeg","keywords":["cooperativismo","Cooperativismo de Cr\u00e9dito","Coopop","Teut\u00f4nia","Vale do Taquari"],"articleSection":["Coopop","Destaques","Economia"],"inLanguage":"pt-BR","potentialAction":[{"@type":"CommentAction","name":"Comment","target":["https:\/\/folhapopular.info\/index.php\/2026\/03\/13\/cresol-essencia-registra-crescimento-de-30\/#respond"]}]},{"@type":"WebPage","@id":"https:\/\/folhapopular.info\/index.php\/2026\/03\/13\/cresol-essencia-registra-crescimento-de-30\/","url":"https:\/\/folhapopular.info\/index.php\/2026\/03\/13\/cresol-essencia-registra-crescimento-de-30\/","name":"Cresol Ess\u00eancia registra crescimento de 30% - Folha Popular","isPartOf":{"@id":"https:\/\/folhapopular.info\/#website"},"primaryImageOfPage":{"@id":"https:\/\/folhapopular.info\/index.php\/2026\/03\/13\/cresol-essencia-registra-crescimento-de-30\/#primaryimage"},"image":{"@id":"https:\/\/folhapopular.info\/index.php\/2026\/03\/13\/cresol-essencia-registra-crescimento-de-30\/#primaryimage"},"thumbnailUrl":"https:\/\/folhapopular.info\/wp-content\/uploads\/2026\/03\/IMG_2988.jpeg","datePublished":"2026-03-13T13:22:48+00:00","dateModified":"2026-03-13T19:47:17+00:00","author":{"@id":"https:\/\/folhapopular.info\/#\/schema\/person\/533a15f60cd49e81ab3a90b4ca33cb36"},"description":"A Cresol apresentou aos associados os resultados do \u00faltimo ano e confirmou a continuidade do crescimento da institui\u00e7\u00e3o.","breadcrumb":{"@id":"https:\/\/folhapopular.info\/index.php\/2026\/03\/13\/cresol-essencia-registra-crescimento-de-30\/#breadcrumb"},"inLanguage":"pt-BR","potentialAction":[{"@type":"ReadAction","target":["https:\/\/folhapopular.info\/index.php\/2026\/03\/13\/cresol-essencia-registra-crescimento-de-30\/"]}]},{"@type":"ImageObject","inLanguage":"pt-BR","@id":"https:\/\/folhapopular.info\/index.php\/2026\/03\/13\/cresol-essencia-registra-crescimento-de-30\/#primaryimage","url":"https:\/\/folhapopular.info\/wp-content\/uploads\/2026\/03\/IMG_2988.jpeg","contentUrl":"https:\/\/folhapopular.info\/wp-content\/uploads\/2026\/03\/IMG_2988.jpeg","caption":"Presidente Vitoldo Scharneck participou do encontro em Teut\u00f4nia \/\/ Cr\u00e9dito: Lucas Leandro Brune"},{"@type":"BreadcrumbList","@id":"https:\/\/folhapopular.info\/index.php\/2026\/03\/13\/cresol-essencia-registra-crescimento-de-30\/#breadcrumb","itemListElement":[{"@type":"ListItem","position":1,"name":"In\u00edcio","item":"https:\/\/folhapopular.info\/"},{"@type":"ListItem","position":2,"name":"Cresol Ess\u00eancia registra crescimento de 30%"}]},{"@type":"WebSite","@id":"https:\/\/folhapopular.info\/#website","url":"https:\/\/folhapopular.info\/","name":"Folha Popular","description":"Onde voc\u00ea tem vez e voz","potentialAction":[{"@type":"SearchAction","target":{"@type":"EntryPoint","urlTemplate":"https:\/\/folhapopular.info\/?s={search_term_string}"},"query-input":{"@type":"PropertyValueSpecification","valueRequired":true,"valueName":"search_term_string"}}],"inLanguage":"pt-BR"},{"@type":"Person","@id":"https:\/\/folhapopular.info\/#\/schema\/person\/533a15f60cd49e81ab3a90b4ca33cb36","name":"Lucas Leandro Brune","image":{"@type":"ImageObject","inLanguage":"pt-BR","@id":"https:\/\/folhapopular.info\/wp-content\/uploads\/2026\/04\/LUCAS-1-1.webp","url":"https:\/\/folhapopular.info\/wp-content\/uploads\/2026\/04\/LUCAS-1-1.webp","contentUrl":"https:\/\/folhapopular.info\/wp-content\/uploads\/2026\/04\/LUCAS-1-1.webp","caption":"Lucas Leandro Brune"},"description":"Jornalista Profissional Diplomado MTB\/RS 14.333","url":"https:\/\/folhapopular.info\/index.php\/author\/lucas-brune\/"}]}},"jetpack_featured_media_url":"https:\/\/folhapopular.info\/wp-content\/uploads\/2026\/03\/IMG_2988.jpeg","jetpack_sharing_enabled":true,"amp_enabled":true,"_links":{"self":[{"href":"https:\/\/folhapopular.info\/index.php\/wp-json\/wp\/v2\/posts\/205806","targetHints":{"allow":["GET"]}}],"collection":[{"href":"https:\/\/folhapopular.info\/index.php\/wp-json\/wp\/v2\/posts"}],"about":[{"href":"https:\/\/folhapopular.info\/index.php\/wp-json\/wp\/v2\/types\/post"}],"author":[{"embeddable":true,"href":"https:\/\/folhapopular.info\/index.php\/wp-json\/wp\/v2\/users\/7"}],"replies":[{"embeddable":true,"href":"https:\/\/folhapopular.info\/index.php\/wp-json\/wp\/v2\/comments?post=205806"}],"version-history":[{"count":0,"href":"https:\/\/folhapopular.info\/index.php\/wp-json\/wp\/v2\/posts\/205806\/revisions"}],"wp:featuredmedia":[{"embeddable":true,"href":"https:\/\/folhapopular.info\/index.php\/wp-json\/wp\/v2\/media\/205807"}],"wp:attachment":[{"href":"https:\/\/folhapopular.info\/index.php\/wp-json\/wp\/v2\/media?parent=205806"}],"wp:term":[{"taxonomy":"category","embeddable":true,"href":"https:\/\/folhapopular.info\/index.php\/wp-json\/wp\/v2\/categories?post=205806"},{"taxonomy":"post_tag","embeddable":true,"href":"https:\/\/folhapopular.info\/index.php\/wp-json\/wp\/v2\/tags?post=205806"}],"curies":[{"name":"wp","href":"https:\/\/api.w.org\/{rel}","templated":true}]}}