{"id":205816,"date":"2026-03-12T22:04:42","date_gmt":"2026-03-13T01:04:42","guid":{"rendered":"https:\/\/folhapopular.info\/?p=205816"},"modified":"2026-03-12T22:04:46","modified_gmt":"2026-03-13T01:04:46","slug":"prf-prende-dois-foragidos-durante-abordagem-na-br-386-em-montenegro","status":"publish","type":"post","link":"https:\/\/folhapopular.info\/index.php\/2026\/03\/12\/prf-prende-dois-foragidos-durante-abordagem-na-br-386-em-montenegro\/","title":{"rendered":"PRF prende dois foragidos durante abordagem na BR-386 em Montenegro"},"content":{"rendered":"\n<p>A Pol\u00edcia Rodovi\u00e1ria Federal prendeu dois homens foragidos da Justi\u00e7a durante fiscaliza\u00e7\u00e3o na BR-386, em Montenegro, na noite desta quinta-feira (12\/3).<\/p>\n\n\n\n<p>Durante patrulhamento, os policiais abordaram uma Mercedes-Benz Sprinter que seguia no sentido interior\u2013capital. Ao consultar os sistemas, foi constatado que um dos passageiros, de 26 anos, natural de Sapucaia do Sul, possu\u00eda mandado de pris\u00e3o em aberto por les\u00e3o corporal qualificada contra mulher.<\/p>\n\n\n\n<p>Na sequ\u00eancia, outro passageiro tentou ocultar a pr\u00f3pria identidade, apresentando dados falsos e se passando pelo irm\u00e3o. Ap\u00f3s verifica\u00e7\u00e3o, os policiais confirmaram que se tratava de um homem de 29 anos, natural de Porto Alegre, foragido do sistema prisional e com antecedentes por feminic\u00eddio, roubo e tr\u00e1fico de drogas.<\/p>\n\n\n\n<p>Os dois foram presos e encaminhados \u00e0 Pol\u00edcia Judici\u00e1ria em Montenegro.<\/p>\n","protected":false},"excerpt":{"rendered":"<p>A Pol\u00edcia Rodovi\u00e1ria Federal prendeu dois homens foragidos da Justi\u00e7a durante fiscaliza\u00e7\u00e3o na BR-386, em Montenegro, na noite desta quinta-feira (12\/3). Durante patrulhamento, os policiais abordaram uma Mercedes-Benz Sprinter que seguia no sentido interior\u2013capital. Ao consultar os sistemas, foi constatado que um dos passageiros, de 26 anos, natural de Sapucaia do Sul, possu\u00eda mandado de [&hellip;]<\/p>\n","protected":false},"author":8,"featured_media":205817,"comment_status":"open","ping_status":"open","sticky":false,"template":"","format":"standard","meta":{"pmpro_default_level":"","_jetpack_memberships_contains_paid_content":false,"footnotes":""},"categories":[10982,7],"tags":[91,1197,107],"class_list":{"0":"post-205816","1":"post","2":"type-post","3":"status-publish","4":"format-standard","5":"has-post-thumbnail","7":"category-policia","8":"category-seguranca","9":"tag-br-386","10":"tag-montenegro","11":"tag-prisao","12":"pmpro-has-access"},"yoast_head":"<!-- This site is optimized with the Yoast SEO plugin v27.4 - https:\/\/yoast.com\/product\/yoast-seo-wordpress\/ -->\n<title>PRF prende dois foragidos durante abordagem na BR-386 em Montenegro - Folha Popular<\/title>\n<meta name=\"robots\" content=\"index, follow, max-snippet:-1, max-image-preview:large, max-video-preview:-1\" \/>\n<link rel=\"canonical\" href=\"https:\/\/folhapopular.info\/index.php\/2026\/03\/12\/prf-prende-dois-foragidos-durante-abordagem-na-br-386-em-montenegro\/\" \/>\n<meta property=\"og:locale\" content=\"pt_BR\" \/>\n<meta property=\"og:type\" content=\"article\" \/>\n<meta property=\"og:title\" content=\"PRF prende dois foragidos durante abordagem na BR-386 em Montenegro - Folha Popular\" \/>\n<meta property=\"og:description\" content=\"A Pol\u00edcia Rodovi\u00e1ria Federal prendeu dois homens foragidos da Justi\u00e7a durante fiscaliza\u00e7\u00e3o na BR-386, em Montenegro, na noite desta quinta-feira (12\/3). Durante patrulhamento, os policiais abordaram uma Mercedes-Benz Sprinter que seguia no sentido interior\u2013capital. Ao consultar os sistemas, foi constatado que um dos passageiros, de 26 anos, natural de Sapucaia do Sul, possu\u00eda mandado de [&hellip;]\" \/>\n<meta property=\"og:url\" content=\"https:\/\/folhapopular.info\/index.php\/2026\/03\/12\/prf-prende-dois-foragidos-durante-abordagem-na-br-386-em-montenegro\/\" \/>\n<meta property=\"og:site_name\" content=\"Folha Popular\" \/>\n<meta property=\"article:published_time\" content=\"2026-03-13T01:04:42+00:00\" \/>\n<meta property=\"article:modified_time\" content=\"2026-03-13T01:04:46+00:00\" \/>\n<meta property=\"og:image\" content=\"http:\/\/folhapopular.info\/wp-content\/uploads\/2026\/03\/WhatsApp-Image-2026-03-12-at-22.02.13.jpeg\" \/>\n\t<meta property=\"og:image:width\" content=\"1600\" \/>\n\t<meta property=\"og:image:height\" content=\"1200\" \/>\n\t<meta property=\"og:image:type\" content=\"image\/jpeg\" \/>\n<meta name=\"author\" content=\"Reda\u00e7\u00e3o Folha Popular\" \/>\n<meta name=\"twitter:card\" content=\"summary_large_image\" \/>\n<meta name=\"twitter:label1\" content=\"Escrito por\" \/>\n\t<meta name=\"twitter:data1\" content=\"Reda\u00e7\u00e3o Folha Popular\" \/>\n\t<meta name=\"twitter:label2\" content=\"Est. tempo de leitura\" \/>\n\t<meta name=\"twitter:data2\" content=\"1 minuto\" \/>\n<script type=\"application\/ld+json\" class=\"yoast-schema-graph\">{\"@context\":\"https:\\\/\\\/schema.org\",\"@graph\":[{\"@type\":\"Article\",\"@id\":\"https:\\\/\\\/folhapopular.info\\\/index.php\\\/2026\\\/03\\\/12\\\/prf-prende-dois-foragidos-durante-abordagem-na-br-386-em-montenegro\\\/#article\",\"isPartOf\":{\"@id\":\"https:\\\/\\\/folhapopular.info\\\/index.php\\\/2026\\\/03\\\/12\\\/prf-prende-dois-foragidos-durante-abordagem-na-br-386-em-montenegro\\\/\"},\"author\":{\"name\":\"Reda\u00e7\u00e3o Folha Popular\",\"@id\":\"https:\\\/\\\/folhapopular.info\\\/#\\\/schema\\\/person\\\/2814e8a0df7643585a9ca38bc6eb9d4b\"},\"headline\":\"PRF prende dois foragidos durante abordagem na BR-386 em Montenegro\",\"datePublished\":\"2026-03-13T01:04:42+00:00\",\"dateModified\":\"2026-03-13T01:04:46+00:00\",\"mainEntityOfPage\":{\"@id\":\"https:\\\/\\\/folhapopular.info\\\/index.php\\\/2026\\\/03\\\/12\\\/prf-prende-dois-foragidos-durante-abordagem-na-br-386-em-montenegro\\\/\"},\"wordCount\":147,\"commentCount\":0,\"image\":{\"@id\":\"https:\\\/\\\/folhapopular.info\\\/index.php\\\/2026\\\/03\\\/12\\\/prf-prende-dois-foragidos-durante-abordagem-na-br-386-em-montenegro\\\/#primaryimage\"},\"thumbnailUrl\":\"https:\\\/\\\/folhapopular.info\\\/wp-content\\\/uploads\\\/2026\\\/03\\\/WhatsApp-Image-2026-03-12-at-22.02.13.jpeg\",\"keywords\":[\"BR-386\",\"Montenegro\",\"Pris\u00e3o\"],\"articleSection\":[\"Pol\u00edcia\",\"Seguran\u00e7a\"],\"inLanguage\":\"pt-BR\",\"potentialAction\":[{\"@type\":\"CommentAction\",\"name\":\"Comment\",\"target\":[\"https:\\\/\\\/folhapopular.info\\\/index.php\\\/2026\\\/03\\\/12\\\/prf-prende-dois-foragidos-durante-abordagem-na-br-386-em-montenegro\\\/#respond\"]}]},{\"@type\":\"WebPage\",\"@id\":\"https:\\\/\\\/folhapopular.info\\\/index.php\\\/2026\\\/03\\\/12\\\/prf-prende-dois-foragidos-durante-abordagem-na-br-386-em-montenegro\\\/\",\"url\":\"https:\\\/\\\/folhapopular.info\\\/index.php\\\/2026\\\/03\\\/12\\\/prf-prende-dois-foragidos-durante-abordagem-na-br-386-em-montenegro\\\/\",\"name\":\"PRF prende dois foragidos durante abordagem na BR-386 em Montenegro - Folha Popular\",\"isPartOf\":{\"@id\":\"https:\\\/\\\/folhapopular.info\\\/#website\"},\"primaryImageOfPage\":{\"@id\":\"https:\\\/\\\/folhapopular.info\\\/index.php\\\/2026\\\/03\\\/12\\\/prf-prende-dois-foragidos-durante-abordagem-na-br-386-em-montenegro\\\/#primaryimage\"},\"image\":{\"@id\":\"https:\\\/\\\/folhapopular.info\\\/index.php\\\/2026\\\/03\\\/12\\\/prf-prende-dois-foragidos-durante-abordagem-na-br-386-em-montenegro\\\/#primaryimage\"},\"thumbnailUrl\":\"https:\\\/\\\/folhapopular.info\\\/wp-content\\\/uploads\\\/2026\\\/03\\\/WhatsApp-Image-2026-03-12-at-22.02.13.jpeg\",\"datePublished\":\"2026-03-13T01:04:42+00:00\",\"dateModified\":\"2026-03-13T01:04:46+00:00\",\"author\":{\"@id\":\"https:\\\/\\\/folhapopular.info\\\/#\\\/schema\\\/person\\\/2814e8a0df7643585a9ca38bc6eb9d4b\"},\"breadcrumb\":{\"@id\":\"https:\\\/\\\/folhapopular.info\\\/index.php\\\/2026\\\/03\\\/12\\\/prf-prende-dois-foragidos-durante-abordagem-na-br-386-em-montenegro\\\/#breadcrumb\"},\"inLanguage\":\"pt-BR\",\"potentialAction\":[{\"@type\":\"ReadAction\",\"target\":[\"https:\\\/\\\/folhapopular.info\\\/index.php\\\/2026\\\/03\\\/12\\\/prf-prende-dois-foragidos-durante-abordagem-na-br-386-em-montenegro\\\/\"]}]},{\"@type\":\"ImageObject\",\"inLanguage\":\"pt-BR\",\"@id\":\"https:\\\/\\\/folhapopular.info\\\/index.php\\\/2026\\\/03\\\/12\\\/prf-prende-dois-foragidos-durante-abordagem-na-br-386-em-montenegro\\\/#primaryimage\",\"url\":\"https:\\\/\\\/folhapopular.info\\\/wp-content\\\/uploads\\\/2026\\\/03\\\/WhatsApp-Image-2026-03-12-at-22.02.13.jpeg\",\"contentUrl\":\"https:\\\/\\\/folhapopular.info\\\/wp-content\\\/uploads\\\/2026\\\/03\\\/WhatsApp-Image-2026-03-12-at-22.02.13.jpeg\",\"width\":1600,\"height\":1200},{\"@type\":\"BreadcrumbList\",\"@id\":\"https:\\\/\\\/folhapopular.info\\\/index.php\\\/2026\\\/03\\\/12\\\/prf-prende-dois-foragidos-durante-abordagem-na-br-386-em-montenegro\\\/#breadcrumb\",\"itemListElement\":[{\"@type\":\"ListItem\",\"position\":1,\"name\":\"In\u00edcio\",\"item\":\"https:\\\/\\\/folhapopular.info\\\/\"},{\"@type\":\"ListItem\",\"position\":2,\"name\":\"PRF prende dois foragidos durante abordagem na BR-386 em Montenegro\"}]},{\"@type\":\"WebSite\",\"@id\":\"https:\\\/\\\/folhapopular.info\\\/#website\",\"url\":\"https:\\\/\\\/folhapopular.info\\\/\",\"name\":\"Folha Popular\",\"description\":\"Onde voc\u00ea tem vez e voz\",\"potentialAction\":[{\"@type\":\"SearchAction\",\"target\":{\"@type\":\"EntryPoint\",\"urlTemplate\":\"https:\\\/\\\/folhapopular.info\\\/?s={search_term_string}\"},\"query-input\":{\"@type\":\"PropertyValueSpecification\",\"valueRequired\":true,\"valueName\":\"search_term_string\"}}],\"inLanguage\":\"pt-BR\"},{\"@type\":\"Person\",\"@id\":\"https:\\\/\\\/folhapopular.info\\\/#\\\/schema\\\/person\\\/2814e8a0df7643585a9ca38bc6eb9d4b\",\"name\":\"Reda\u00e7\u00e3o Folha Popular\",\"image\":{\"@type\":\"ImageObject\",\"inLanguage\":\"pt-BR\",\"@id\":\"https:\\\/\\\/folhapopular.info\\\/wp-content\\\/uploads\\\/2026\\\/04\\\/Folha-1.webp\",\"url\":\"https:\\\/\\\/folhapopular.info\\\/wp-content\\\/uploads\\\/2026\\\/04\\\/Folha-1.webp\",\"contentUrl\":\"https:\\\/\\\/folhapopular.info\\\/wp-content\\\/uploads\\\/2026\\\/04\\\/Folha-1.webp\",\"caption\":\"Reda\u00e7\u00e3o Folha Popular\"},\"url\":\"https:\\\/\\\/folhapopular.info\\\/index.php\\\/author\\\/redacao\\\/\"}]}<\/script>\n<!-- \/ Yoast SEO plugin. -->","yoast_head_json":{"title":"PRF prende dois foragidos durante abordagem na BR-386 em Montenegro - Folha Popular","robots":{"index":"index","follow":"follow","max-snippet":"max-snippet:-1","max-image-preview":"max-image-preview:large","max-video-preview":"max-video-preview:-1"},"canonical":"https:\/\/folhapopular.info\/index.php\/2026\/03\/12\/prf-prende-dois-foragidos-durante-abordagem-na-br-386-em-montenegro\/","og_locale":"pt_BR","og_type":"article","og_title":"PRF prende dois foragidos durante abordagem na BR-386 em Montenegro - Folha Popular","og_description":"A Pol\u00edcia Rodovi\u00e1ria Federal prendeu dois homens foragidos da Justi\u00e7a durante fiscaliza\u00e7\u00e3o na BR-386, em Montenegro, na noite desta quinta-feira (12\/3). Durante patrulhamento, os policiais abordaram uma Mercedes-Benz Sprinter que seguia no sentido interior\u2013capital. Ao consultar os sistemas, foi constatado que um dos passageiros, de 26 anos, natural de Sapucaia do Sul, possu\u00eda mandado de [&hellip;]","og_url":"https:\/\/folhapopular.info\/index.php\/2026\/03\/12\/prf-prende-dois-foragidos-durante-abordagem-na-br-386-em-montenegro\/","og_site_name":"Folha Popular","article_published_time":"2026-03-13T01:04:42+00:00","article_modified_time":"2026-03-13T01:04:46+00:00","og_image":[{"width":1600,"height":1200,"url":"http:\/\/folhapopular.info\/wp-content\/uploads\/2026\/03\/WhatsApp-Image-2026-03-12-at-22.02.13.jpeg","type":"image\/jpeg"}],"author":"Reda\u00e7\u00e3o Folha Popular","twitter_card":"summary_large_image","twitter_misc":{"Escrito por":"Reda\u00e7\u00e3o Folha Popular","Est. tempo de leitura":"1 minuto"},"schema":{"@context":"https:\/\/schema.org","@graph":[{"@type":"Article","@id":"https:\/\/folhapopular.info\/index.php\/2026\/03\/12\/prf-prende-dois-foragidos-durante-abordagem-na-br-386-em-montenegro\/#article","isPartOf":{"@id":"https:\/\/folhapopular.info\/index.php\/2026\/03\/12\/prf-prende-dois-foragidos-durante-abordagem-na-br-386-em-montenegro\/"},"author":{"name":"Reda\u00e7\u00e3o Folha Popular","@id":"https:\/\/folhapopular.info\/#\/schema\/person\/2814e8a0df7643585a9ca38bc6eb9d4b"},"headline":"PRF prende dois foragidos durante abordagem na BR-386 em Montenegro","datePublished":"2026-03-13T01:04:42+00:00","dateModified":"2026-03-13T01:04:46+00:00","mainEntityOfPage":{"@id":"https:\/\/folhapopular.info\/index.php\/2026\/03\/12\/prf-prende-dois-foragidos-durante-abordagem-na-br-386-em-montenegro\/"},"wordCount":147,"commentCount":0,"image":{"@id":"https:\/\/folhapopular.info\/index.php\/2026\/03\/12\/prf-prende-dois-foragidos-durante-abordagem-na-br-386-em-montenegro\/#primaryimage"},"thumbnailUrl":"https:\/\/folhapopular.info\/wp-content\/uploads\/2026\/03\/WhatsApp-Image-2026-03-12-at-22.02.13.jpeg","keywords":["BR-386","Montenegro","Pris\u00e3o"],"articleSection":["Pol\u00edcia","Seguran\u00e7a"],"inLanguage":"pt-BR","potentialAction":[{"@type":"CommentAction","name":"Comment","target":["https:\/\/folhapopular.info\/index.php\/2026\/03\/12\/prf-prende-dois-foragidos-durante-abordagem-na-br-386-em-montenegro\/#respond"]}]},{"@type":"WebPage","@id":"https:\/\/folhapopular.info\/index.php\/2026\/03\/12\/prf-prende-dois-foragidos-durante-abordagem-na-br-386-em-montenegro\/","url":"https:\/\/folhapopular.info\/index.php\/2026\/03\/12\/prf-prende-dois-foragidos-durante-abordagem-na-br-386-em-montenegro\/","name":"PRF prende dois foragidos durante abordagem na BR-386 em Montenegro - Folha Popular","isPartOf":{"@id":"https:\/\/folhapopular.info\/#website"},"primaryImageOfPage":{"@id":"https:\/\/folhapopular.info\/index.php\/2026\/03\/12\/prf-prende-dois-foragidos-durante-abordagem-na-br-386-em-montenegro\/#primaryimage"},"image":{"@id":"https:\/\/folhapopular.info\/index.php\/2026\/03\/12\/prf-prende-dois-foragidos-durante-abordagem-na-br-386-em-montenegro\/#primaryimage"},"thumbnailUrl":"https:\/\/folhapopular.info\/wp-content\/uploads\/2026\/03\/WhatsApp-Image-2026-03-12-at-22.02.13.jpeg","datePublished":"2026-03-13T01:04:42+00:00","dateModified":"2026-03-13T01:04:46+00:00","author":{"@id":"https:\/\/folhapopular.info\/#\/schema\/person\/2814e8a0df7643585a9ca38bc6eb9d4b"},"breadcrumb":{"@id":"https:\/\/folhapopular.info\/index.php\/2026\/03\/12\/prf-prende-dois-foragidos-durante-abordagem-na-br-386-em-montenegro\/#breadcrumb"},"inLanguage":"pt-BR","potentialAction":[{"@type":"ReadAction","target":["https:\/\/folhapopular.info\/index.php\/2026\/03\/12\/prf-prende-dois-foragidos-durante-abordagem-na-br-386-em-montenegro\/"]}]},{"@type":"ImageObject","inLanguage":"pt-BR","@id":"https:\/\/folhapopular.info\/index.php\/2026\/03\/12\/prf-prende-dois-foragidos-durante-abordagem-na-br-386-em-montenegro\/#primaryimage","url":"https:\/\/folhapopular.info\/wp-content\/uploads\/2026\/03\/WhatsApp-Image-2026-03-12-at-22.02.13.jpeg","contentUrl":"https:\/\/folhapopular.info\/wp-content\/uploads\/2026\/03\/WhatsApp-Image-2026-03-12-at-22.02.13.jpeg","width":1600,"height":1200},{"@type":"BreadcrumbList","@id":"https:\/\/folhapopular.info\/index.php\/2026\/03\/12\/prf-prende-dois-foragidos-durante-abordagem-na-br-386-em-montenegro\/#breadcrumb","itemListElement":[{"@type":"ListItem","position":1,"name":"In\u00edcio","item":"https:\/\/folhapopular.info\/"},{"@type":"ListItem","position":2,"name":"PRF prende dois foragidos durante abordagem na BR-386 em Montenegro"}]},{"@type":"WebSite","@id":"https:\/\/folhapopular.info\/#website","url":"https:\/\/folhapopular.info\/","name":"Folha Popular","description":"Onde voc\u00ea tem vez e voz","potentialAction":[{"@type":"SearchAction","target":{"@type":"EntryPoint","urlTemplate":"https:\/\/folhapopular.info\/?s={search_term_string}"},"query-input":{"@type":"PropertyValueSpecification","valueRequired":true,"valueName":"search_term_string"}}],"inLanguage":"pt-BR"},{"@type":"Person","@id":"https:\/\/folhapopular.info\/#\/schema\/person\/2814e8a0df7643585a9ca38bc6eb9d4b","name":"Reda\u00e7\u00e3o Folha Popular","image":{"@type":"ImageObject","inLanguage":"pt-BR","@id":"https:\/\/folhapopular.info\/wp-content\/uploads\/2026\/04\/Folha-1.webp","url":"https:\/\/folhapopular.info\/wp-content\/uploads\/2026\/04\/Folha-1.webp","contentUrl":"https:\/\/folhapopular.info\/wp-content\/uploads\/2026\/04\/Folha-1.webp","caption":"Reda\u00e7\u00e3o Folha Popular"},"url":"https:\/\/folhapopular.info\/index.php\/author\/redacao\/"}]}},"jetpack_featured_media_url":"https:\/\/folhapopular.info\/wp-content\/uploads\/2026\/03\/WhatsApp-Image-2026-03-12-at-22.02.13.jpeg","jetpack_sharing_enabled":true,"amp_enabled":true,"_links":{"self":[{"href":"https:\/\/folhapopular.info\/index.php\/wp-json\/wp\/v2\/posts\/205816","targetHints":{"allow":["GET"]}}],"collection":[{"href":"https:\/\/folhapopular.info\/index.php\/wp-json\/wp\/v2\/posts"}],"about":[{"href":"https:\/\/folhapopular.info\/index.php\/wp-json\/wp\/v2\/types\/post"}],"author":[{"embeddable":true,"href":"https:\/\/folhapopular.info\/index.php\/wp-json\/wp\/v2\/users\/8"}],"replies":[{"embeddable":true,"href":"https:\/\/folhapopular.info\/index.php\/wp-json\/wp\/v2\/comments?post=205816"}],"version-history":[{"count":0,"href":"https:\/\/folhapopular.info\/index.php\/wp-json\/wp\/v2\/posts\/205816\/revisions"}],"wp:featuredmedia":[{"embeddable":true,"href":"https:\/\/folhapopular.info\/index.php\/wp-json\/wp\/v2\/media\/205817"}],"wp:attachment":[{"href":"https:\/\/folhapopular.info\/index.php\/wp-json\/wp\/v2\/media?parent=205816"}],"wp:term":[{"taxonomy":"category","embeddable":true,"href":"https:\/\/folhapopular.info\/index.php\/wp-json\/wp\/v2\/categories?post=205816"},{"taxonomy":"post_tag","embeddable":true,"href":"https:\/\/folhapopular.info\/index.php\/wp-json\/wp\/v2\/tags?post=205816"}],"curies":[{"name":"wp","href":"https:\/\/api.w.org\/{rel}","templated":true}]}}