{"id":205839,"date":"2026-03-13T12:00:00","date_gmt":"2026-03-13T15:00:00","guid":{"rendered":"https:\/\/folhapopular.info\/?p=205839"},"modified":"2026-03-13T16:39:43","modified_gmt":"2026-03-13T19:39:43","slug":"inscricoes-para-a-escolha-das-soberanas-de-poco-das-antas-seguem-abertas","status":"publish","type":"post","link":"https:\/\/folhapopular.info\/index.php\/2026\/03\/13\/inscricoes-para-a-escolha-das-soberanas-de-poco-das-antas-seguem-abertas\/","title":{"rendered":"Inscri\u00e7\u00f5es para a Escolha das Soberanas de Po\u00e7o das Antas seguem abertas"},"content":{"rendered":"\n<p>As inscri\u00e7\u00f5es para o Concurso de Escolha das Soberanas de Po\u00e7o das Antas (2026\/2028) se encerram na quarta-feira (18\/3). Jovens interessadas em representar o munic\u00edpio podem se inscrever junto \u00e0 Secretaria de Educa\u00e7\u00e3o, Cultura, Desporto e Turismo (SMECDT), sem cobran\u00e7a de taxa de inscri\u00e7\u00e3o.<\/p>\n\n\n\n<p>Para participar, as candidatas devem ter entre 16 e 26 anos completos, ser brasileiras, solteiras, n\u00e3o possuir filhos e ter o Ensino M\u00e9dio completo ou em andamento. Tamb\u00e9m \u00e9 necess\u00e1rio possuir algum v\u00ednculo com o Po\u00e7o das Antas. Cada candidata dever\u00e1 representar uma entidade ativa com sede no munic\u00edpio, como empresas, escolas, clubes de servi\u00e7os, associa\u00e7\u00f5es, comunidades ou sindicato.<\/p>\n\n\n\n<p>Ap\u00f3s a homologa\u00e7\u00e3o das inscri\u00e7\u00f5es, as candidatas participar\u00e3o de etapas preparat\u00f3rias e avaliativas, que incluem entrevista com jurados, teste cultural, desenvoltura na passarela, al\u00e9m de crit\u00e9rios de beleza e simpatia. A grande noite de escolha das novas soberanas acontecer\u00e1 em 9 de maio de 2026, na sede da Associa\u00e7\u00e3o S\u00f3cio Cultural de Po\u00e7o das Antas (SASCPA).<\/p>\n\n\n\n<p>O regulamento completo e a ficha de inscri\u00e7\u00e3o tamb\u00e9m est\u00e3o dispon\u00edveis no <a href=\"https:\/\/www.pocodasantas.rs.gov.br\/\" type=\"link\" id=\"https:\/\/www.pocodasantas.rs.gov.br\/\" target=\"_blank\" rel=\"noreferrer noopener\">site institucional do munic\u00edpio<\/a>. Mais informa\u00e7\u00f5es podem ser obtidas com a SMECDT, de forma presencial ou pelo WhatsApp (51) 9 9265-9739.\u00a0<\/p>\n","protected":false},"excerpt":{"rendered":"<p>As inscri\u00e7\u00f5es para o Concurso de Escolha das Soberanas de Po\u00e7o das Antas (2026\/2028) se encerram na quarta-feira (18\/3). Jovens interessadas em representar o munic\u00edpio podem se inscrever junto \u00e0 Secretaria de Educa\u00e7\u00e3o, Cultura, Desporto e Turismo (SMECDT), sem cobran\u00e7a de taxa de inscri\u00e7\u00e3o. Para participar, as candidatas devem ter entre 16 e 26 anos [&hellip;]<\/p>\n","protected":false},"author":8,"featured_media":205840,"comment_status":"open","ping_status":"open","sticky":false,"template":"","format":"standard","meta":{"pmpro_default_level":"","_jetpack_memberships_contains_paid_content":false,"footnotes":""},"categories":[2,6],"tags":[946,40,95,94],"class_list":{"0":"post-205839","1":"post","2":"type-post","3":"status-publish","4":"format-standard","5":"has-post-thumbnail","7":"category-featured","8":"category-inclusive","9":"tag-inscricoes","10":"tag-poco-das-antas","11":"tag-sascpa","12":"tag-soberanas","13":"pmpro-has-access"},"yoast_head":"<!-- This site is optimized with the Yoast SEO plugin v27.5 - https:\/\/yoast.com\/product\/yoast-seo-wordpress\/ -->\n<title>Inscri\u00e7\u00f5es para a Escolha das Soberanas de Po\u00e7o das Antas seguem abertas - Folha Popular<\/title>\n<meta name=\"description\" content=\"As candidatas a soberanas de Po\u00e7o das Antas participar\u00e3o de etapas preparat\u00f3rias e avaliativas, como entrevista e teste cultural.\" \/>\n<meta name=\"robots\" content=\"index, follow, max-snippet:-1, max-image-preview:large, max-video-preview:-1\" \/>\n<link rel=\"canonical\" href=\"https:\/\/folhapopular.info\/index.php\/2026\/03\/13\/inscricoes-para-a-escolha-das-soberanas-de-poco-das-antas-seguem-abertas\/\" \/>\n<meta property=\"og:locale\" content=\"pt_BR\" \/>\n<meta property=\"og:type\" content=\"article\" \/>\n<meta property=\"og:title\" content=\"Inscri\u00e7\u00f5es para a Escolha das Soberanas de Po\u00e7o das Antas seguem abertas - Folha Popular\" \/>\n<meta property=\"og:description\" content=\"As candidatas a soberanas de Po\u00e7o das Antas participar\u00e3o de etapas preparat\u00f3rias e avaliativas, como entrevista e teste cultural.\" \/>\n<meta property=\"og:url\" content=\"https:\/\/folhapopular.info\/index.php\/2026\/03\/13\/inscricoes-para-a-escolha-das-soberanas-de-poco-das-antas-seguem-abertas\/\" \/>\n<meta property=\"og:site_name\" content=\"Folha Popular\" \/>\n<meta property=\"article:published_time\" content=\"2026-03-13T15:00:00+00:00\" \/>\n<meta property=\"article:modified_time\" content=\"2026-03-13T19:39:43+00:00\" \/>\n<meta property=\"og:image\" content=\"http:\/\/folhapopular.info\/wp-content\/uploads\/2026\/03\/Foto-1-1-1-scaled.jpg\" \/>\n\t<meta property=\"og:image:width\" content=\"1706\" \/>\n\t<meta property=\"og:image:height\" content=\"2560\" \/>\n\t<meta property=\"og:image:type\" content=\"image\/jpeg\" \/>\n<meta name=\"author\" content=\"Reda\u00e7\u00e3o Folha Popular\" \/>\n<meta name=\"twitter:card\" content=\"summary_large_image\" \/>\n<meta name=\"twitter:label1\" content=\"Escrito por\" \/>\n\t<meta name=\"twitter:data1\" content=\"Reda\u00e7\u00e3o Folha Popular\" \/>\n\t<meta name=\"twitter:label2\" content=\"Est. tempo de leitura\" \/>\n\t<meta name=\"twitter:data2\" content=\"2 minutos\" \/>\n<script type=\"application\/ld+json\" class=\"yoast-schema-graph\">{\"@context\":\"https:\\\/\\\/schema.org\",\"@graph\":[{\"@type\":\"Article\",\"@id\":\"https:\\\/\\\/folhapopular.info\\\/index.php\\\/2026\\\/03\\\/13\\\/inscricoes-para-a-escolha-das-soberanas-de-poco-das-antas-seguem-abertas\\\/#article\",\"isPartOf\":{\"@id\":\"https:\\\/\\\/folhapopular.info\\\/index.php\\\/2026\\\/03\\\/13\\\/inscricoes-para-a-escolha-das-soberanas-de-poco-das-antas-seguem-abertas\\\/\"},\"author\":{\"name\":\"Reda\u00e7\u00e3o Folha Popular\",\"@id\":\"https:\\\/\\\/folhapopular.info\\\/#\\\/schema\\\/person\\\/2814e8a0df7643585a9ca38bc6eb9d4b\"},\"headline\":\"Inscri\u00e7\u00f5es para a Escolha das Soberanas de Po\u00e7o das Antas seguem abertas\",\"datePublished\":\"2026-03-13T15:00:00+00:00\",\"dateModified\":\"2026-03-13T19:39:43+00:00\",\"mainEntityOfPage\":{\"@id\":\"https:\\\/\\\/folhapopular.info\\\/index.php\\\/2026\\\/03\\\/13\\\/inscricoes-para-a-escolha-das-soberanas-de-poco-das-antas-seguem-abertas\\\/\"},\"wordCount\":227,\"commentCount\":0,\"image\":{\"@id\":\"https:\\\/\\\/folhapopular.info\\\/index.php\\\/2026\\\/03\\\/13\\\/inscricoes-para-a-escolha-das-soberanas-de-poco-das-antas-seguem-abertas\\\/#primaryimage\"},\"thumbnailUrl\":\"https:\\\/\\\/folhapopular.info\\\/wp-content\\\/uploads\\\/2026\\\/03\\\/Foto-1-1-1-scaled.jpg\",\"keywords\":[\"Inscri\u00e7\u00f5es\",\"Po\u00e7o das Antas\",\"Sascpa\",\"Soberanas\"],\"articleSection\":[\"Destaques\",\"Inclusive\"],\"inLanguage\":\"pt-BR\",\"potentialAction\":[{\"@type\":\"CommentAction\",\"name\":\"Comment\",\"target\":[\"https:\\\/\\\/folhapopular.info\\\/index.php\\\/2026\\\/03\\\/13\\\/inscricoes-para-a-escolha-das-soberanas-de-poco-das-antas-seguem-abertas\\\/#respond\"]}]},{\"@type\":\"WebPage\",\"@id\":\"https:\\\/\\\/folhapopular.info\\\/index.php\\\/2026\\\/03\\\/13\\\/inscricoes-para-a-escolha-das-soberanas-de-poco-das-antas-seguem-abertas\\\/\",\"url\":\"https:\\\/\\\/folhapopular.info\\\/index.php\\\/2026\\\/03\\\/13\\\/inscricoes-para-a-escolha-das-soberanas-de-poco-das-antas-seguem-abertas\\\/\",\"name\":\"Inscri\u00e7\u00f5es para a Escolha das Soberanas de Po\u00e7o das Antas seguem abertas - Folha Popular\",\"isPartOf\":{\"@id\":\"https:\\\/\\\/folhapopular.info\\\/#website\"},\"primaryImageOfPage\":{\"@id\":\"https:\\\/\\\/folhapopular.info\\\/index.php\\\/2026\\\/03\\\/13\\\/inscricoes-para-a-escolha-das-soberanas-de-poco-das-antas-seguem-abertas\\\/#primaryimage\"},\"image\":{\"@id\":\"https:\\\/\\\/folhapopular.info\\\/index.php\\\/2026\\\/03\\\/13\\\/inscricoes-para-a-escolha-das-soberanas-de-poco-das-antas-seguem-abertas\\\/#primaryimage\"},\"thumbnailUrl\":\"https:\\\/\\\/folhapopular.info\\\/wp-content\\\/uploads\\\/2026\\\/03\\\/Foto-1-1-1-scaled.jpg\",\"datePublished\":\"2026-03-13T15:00:00+00:00\",\"dateModified\":\"2026-03-13T19:39:43+00:00\",\"author\":{\"@id\":\"https:\\\/\\\/folhapopular.info\\\/#\\\/schema\\\/person\\\/2814e8a0df7643585a9ca38bc6eb9d4b\"},\"description\":\"As candidatas a soberanas de Po\u00e7o das Antas participar\u00e3o de etapas preparat\u00f3rias e avaliativas, como entrevista e teste cultural.\",\"breadcrumb\":{\"@id\":\"https:\\\/\\\/folhapopular.info\\\/index.php\\\/2026\\\/03\\\/13\\\/inscricoes-para-a-escolha-das-soberanas-de-poco-das-antas-seguem-abertas\\\/#breadcrumb\"},\"inLanguage\":\"pt-BR\",\"potentialAction\":[{\"@type\":\"ReadAction\",\"target\":[\"https:\\\/\\\/folhapopular.info\\\/index.php\\\/2026\\\/03\\\/13\\\/inscricoes-para-a-escolha-das-soberanas-de-poco-das-antas-seguem-abertas\\\/\"]}]},{\"@type\":\"ImageObject\",\"inLanguage\":\"pt-BR\",\"@id\":\"https:\\\/\\\/folhapopular.info\\\/index.php\\\/2026\\\/03\\\/13\\\/inscricoes-para-a-escolha-das-soberanas-de-poco-das-antas-seguem-abertas\\\/#primaryimage\",\"url\":\"https:\\\/\\\/folhapopular.info\\\/wp-content\\\/uploads\\\/2026\\\/03\\\/Foto-1-1-1-scaled.jpg\",\"contentUrl\":\"https:\\\/\\\/folhapopular.info\\\/wp-content\\\/uploads\\\/2026\\\/03\\\/Foto-1-1-1-scaled.jpg\",\"width\":1706,\"height\":2560,\"caption\":\"Cr\u00e9dito: AI Po\u00e7o das Antas \\\/ Divulga\u00e7\u00e3o\"},{\"@type\":\"BreadcrumbList\",\"@id\":\"https:\\\/\\\/folhapopular.info\\\/index.php\\\/2026\\\/03\\\/13\\\/inscricoes-para-a-escolha-das-soberanas-de-poco-das-antas-seguem-abertas\\\/#breadcrumb\",\"itemListElement\":[{\"@type\":\"ListItem\",\"position\":1,\"name\":\"In\u00edcio\",\"item\":\"https:\\\/\\\/folhapopular.info\\\/\"},{\"@type\":\"ListItem\",\"position\":2,\"name\":\"Inscri\u00e7\u00f5es para a Escolha das Soberanas de Po\u00e7o das Antas seguem abertas\"}]},{\"@type\":\"WebSite\",\"@id\":\"https:\\\/\\\/folhapopular.info\\\/#website\",\"url\":\"https:\\\/\\\/folhapopular.info\\\/\",\"name\":\"Folha Popular\",\"description\":\"Onde voc\u00ea tem vez e voz\",\"potentialAction\":[{\"@type\":\"SearchAction\",\"target\":{\"@type\":\"EntryPoint\",\"urlTemplate\":\"https:\\\/\\\/folhapopular.info\\\/?s={search_term_string}\"},\"query-input\":{\"@type\":\"PropertyValueSpecification\",\"valueRequired\":true,\"valueName\":\"search_term_string\"}}],\"inLanguage\":\"pt-BR\"},{\"@type\":\"Person\",\"@id\":\"https:\\\/\\\/folhapopular.info\\\/#\\\/schema\\\/person\\\/2814e8a0df7643585a9ca38bc6eb9d4b\",\"name\":\"Reda\u00e7\u00e3o Folha Popular\",\"image\":{\"@type\":\"ImageObject\",\"inLanguage\":\"pt-BR\",\"@id\":\"https:\\\/\\\/folhapopular.info\\\/wp-content\\\/uploads\\\/2026\\\/04\\\/Folha-1.webp\",\"url\":\"https:\\\/\\\/folhapopular.info\\\/wp-content\\\/uploads\\\/2026\\\/04\\\/Folha-1.webp\",\"contentUrl\":\"https:\\\/\\\/folhapopular.info\\\/wp-content\\\/uploads\\\/2026\\\/04\\\/Folha-1.webp\",\"caption\":\"Reda\u00e7\u00e3o Folha Popular\"},\"url\":\"https:\\\/\\\/folhapopular.info\\\/index.php\\\/author\\\/redacao\\\/\"}]}<\/script>\n<!-- \/ Yoast SEO plugin. -->","yoast_head_json":{"title":"Inscri\u00e7\u00f5es para a Escolha das Soberanas de Po\u00e7o das Antas seguem abertas - Folha Popular","description":"As candidatas a soberanas de Po\u00e7o das Antas participar\u00e3o de etapas preparat\u00f3rias e avaliativas, como entrevista e teste cultural.","robots":{"index":"index","follow":"follow","max-snippet":"max-snippet:-1","max-image-preview":"max-image-preview:large","max-video-preview":"max-video-preview:-1"},"canonical":"https:\/\/folhapopular.info\/index.php\/2026\/03\/13\/inscricoes-para-a-escolha-das-soberanas-de-poco-das-antas-seguem-abertas\/","og_locale":"pt_BR","og_type":"article","og_title":"Inscri\u00e7\u00f5es para a Escolha das Soberanas de Po\u00e7o das Antas seguem abertas - Folha Popular","og_description":"As candidatas a soberanas de Po\u00e7o das Antas participar\u00e3o de etapas preparat\u00f3rias e avaliativas, como entrevista e teste cultural.","og_url":"https:\/\/folhapopular.info\/index.php\/2026\/03\/13\/inscricoes-para-a-escolha-das-soberanas-de-poco-das-antas-seguem-abertas\/","og_site_name":"Folha Popular","article_published_time":"2026-03-13T15:00:00+00:00","article_modified_time":"2026-03-13T19:39:43+00:00","og_image":[{"width":1706,"height":2560,"url":"http:\/\/folhapopular.info\/wp-content\/uploads\/2026\/03\/Foto-1-1-1-scaled.jpg","type":"image\/jpeg"}],"author":"Reda\u00e7\u00e3o Folha Popular","twitter_card":"summary_large_image","twitter_misc":{"Escrito por":"Reda\u00e7\u00e3o Folha Popular","Est. tempo de leitura":"2 minutos"},"schema":{"@context":"https:\/\/schema.org","@graph":[{"@type":"Article","@id":"https:\/\/folhapopular.info\/index.php\/2026\/03\/13\/inscricoes-para-a-escolha-das-soberanas-de-poco-das-antas-seguem-abertas\/#article","isPartOf":{"@id":"https:\/\/folhapopular.info\/index.php\/2026\/03\/13\/inscricoes-para-a-escolha-das-soberanas-de-poco-das-antas-seguem-abertas\/"},"author":{"name":"Reda\u00e7\u00e3o Folha Popular","@id":"https:\/\/folhapopular.info\/#\/schema\/person\/2814e8a0df7643585a9ca38bc6eb9d4b"},"headline":"Inscri\u00e7\u00f5es para a Escolha das Soberanas de Po\u00e7o das Antas seguem abertas","datePublished":"2026-03-13T15:00:00+00:00","dateModified":"2026-03-13T19:39:43+00:00","mainEntityOfPage":{"@id":"https:\/\/folhapopular.info\/index.php\/2026\/03\/13\/inscricoes-para-a-escolha-das-soberanas-de-poco-das-antas-seguem-abertas\/"},"wordCount":227,"commentCount":0,"image":{"@id":"https:\/\/folhapopular.info\/index.php\/2026\/03\/13\/inscricoes-para-a-escolha-das-soberanas-de-poco-das-antas-seguem-abertas\/#primaryimage"},"thumbnailUrl":"https:\/\/folhapopular.info\/wp-content\/uploads\/2026\/03\/Foto-1-1-1-scaled.jpg","keywords":["Inscri\u00e7\u00f5es","Po\u00e7o das Antas","Sascpa","Soberanas"],"articleSection":["Destaques","Inclusive"],"inLanguage":"pt-BR","potentialAction":[{"@type":"CommentAction","name":"Comment","target":["https:\/\/folhapopular.info\/index.php\/2026\/03\/13\/inscricoes-para-a-escolha-das-soberanas-de-poco-das-antas-seguem-abertas\/#respond"]}]},{"@type":"WebPage","@id":"https:\/\/folhapopular.info\/index.php\/2026\/03\/13\/inscricoes-para-a-escolha-das-soberanas-de-poco-das-antas-seguem-abertas\/","url":"https:\/\/folhapopular.info\/index.php\/2026\/03\/13\/inscricoes-para-a-escolha-das-soberanas-de-poco-das-antas-seguem-abertas\/","name":"Inscri\u00e7\u00f5es para a Escolha das Soberanas de Po\u00e7o das Antas seguem abertas - Folha Popular","isPartOf":{"@id":"https:\/\/folhapopular.info\/#website"},"primaryImageOfPage":{"@id":"https:\/\/folhapopular.info\/index.php\/2026\/03\/13\/inscricoes-para-a-escolha-das-soberanas-de-poco-das-antas-seguem-abertas\/#primaryimage"},"image":{"@id":"https:\/\/folhapopular.info\/index.php\/2026\/03\/13\/inscricoes-para-a-escolha-das-soberanas-de-poco-das-antas-seguem-abertas\/#primaryimage"},"thumbnailUrl":"https:\/\/folhapopular.info\/wp-content\/uploads\/2026\/03\/Foto-1-1-1-scaled.jpg","datePublished":"2026-03-13T15:00:00+00:00","dateModified":"2026-03-13T19:39:43+00:00","author":{"@id":"https:\/\/folhapopular.info\/#\/schema\/person\/2814e8a0df7643585a9ca38bc6eb9d4b"},"description":"As candidatas a soberanas de Po\u00e7o das Antas participar\u00e3o de etapas preparat\u00f3rias e avaliativas, como entrevista e teste cultural.","breadcrumb":{"@id":"https:\/\/folhapopular.info\/index.php\/2026\/03\/13\/inscricoes-para-a-escolha-das-soberanas-de-poco-das-antas-seguem-abertas\/#breadcrumb"},"inLanguage":"pt-BR","potentialAction":[{"@type":"ReadAction","target":["https:\/\/folhapopular.info\/index.php\/2026\/03\/13\/inscricoes-para-a-escolha-das-soberanas-de-poco-das-antas-seguem-abertas\/"]}]},{"@type":"ImageObject","inLanguage":"pt-BR","@id":"https:\/\/folhapopular.info\/index.php\/2026\/03\/13\/inscricoes-para-a-escolha-das-soberanas-de-poco-das-antas-seguem-abertas\/#primaryimage","url":"https:\/\/folhapopular.info\/wp-content\/uploads\/2026\/03\/Foto-1-1-1-scaled.jpg","contentUrl":"https:\/\/folhapopular.info\/wp-content\/uploads\/2026\/03\/Foto-1-1-1-scaled.jpg","width":1706,"height":2560,"caption":"Cr\u00e9dito: AI Po\u00e7o das Antas \/ Divulga\u00e7\u00e3o"},{"@type":"BreadcrumbList","@id":"https:\/\/folhapopular.info\/index.php\/2026\/03\/13\/inscricoes-para-a-escolha-das-soberanas-de-poco-das-antas-seguem-abertas\/#breadcrumb","itemListElement":[{"@type":"ListItem","position":1,"name":"In\u00edcio","item":"https:\/\/folhapopular.info\/"},{"@type":"ListItem","position":2,"name":"Inscri\u00e7\u00f5es para a Escolha das Soberanas de Po\u00e7o das Antas seguem abertas"}]},{"@type":"WebSite","@id":"https:\/\/folhapopular.info\/#website","url":"https:\/\/folhapopular.info\/","name":"Folha Popular","description":"Onde voc\u00ea tem vez e voz","potentialAction":[{"@type":"SearchAction","target":{"@type":"EntryPoint","urlTemplate":"https:\/\/folhapopular.info\/?s={search_term_string}"},"query-input":{"@type":"PropertyValueSpecification","valueRequired":true,"valueName":"search_term_string"}}],"inLanguage":"pt-BR"},{"@type":"Person","@id":"https:\/\/folhapopular.info\/#\/schema\/person\/2814e8a0df7643585a9ca38bc6eb9d4b","name":"Reda\u00e7\u00e3o Folha Popular","image":{"@type":"ImageObject","inLanguage":"pt-BR","@id":"https:\/\/folhapopular.info\/wp-content\/uploads\/2026\/04\/Folha-1.webp","url":"https:\/\/folhapopular.info\/wp-content\/uploads\/2026\/04\/Folha-1.webp","contentUrl":"https:\/\/folhapopular.info\/wp-content\/uploads\/2026\/04\/Folha-1.webp","caption":"Reda\u00e7\u00e3o Folha Popular"},"url":"https:\/\/folhapopular.info\/index.php\/author\/redacao\/"}]}},"jetpack_featured_media_url":"https:\/\/folhapopular.info\/wp-content\/uploads\/2026\/03\/Foto-1-1-1-scaled.jpg","jetpack_sharing_enabled":true,"amp_enabled":true,"_links":{"self":[{"href":"https:\/\/folhapopular.info\/index.php\/wp-json\/wp\/v2\/posts\/205839","targetHints":{"allow":["GET"]}}],"collection":[{"href":"https:\/\/folhapopular.info\/index.php\/wp-json\/wp\/v2\/posts"}],"about":[{"href":"https:\/\/folhapopular.info\/index.php\/wp-json\/wp\/v2\/types\/post"}],"author":[{"embeddable":true,"href":"https:\/\/folhapopular.info\/index.php\/wp-json\/wp\/v2\/users\/8"}],"replies":[{"embeddable":true,"href":"https:\/\/folhapopular.info\/index.php\/wp-json\/wp\/v2\/comments?post=205839"}],"version-history":[{"count":0,"href":"https:\/\/folhapopular.info\/index.php\/wp-json\/wp\/v2\/posts\/205839\/revisions"}],"wp:featuredmedia":[{"embeddable":true,"href":"https:\/\/folhapopular.info\/index.php\/wp-json\/wp\/v2\/media\/205840"}],"wp:attachment":[{"href":"https:\/\/folhapopular.info\/index.php\/wp-json\/wp\/v2\/media?parent=205839"}],"wp:term":[{"taxonomy":"category","embeddable":true,"href":"https:\/\/folhapopular.info\/index.php\/wp-json\/wp\/v2\/categories?post=205839"},{"taxonomy":"post_tag","embeddable":true,"href":"https:\/\/folhapopular.info\/index.php\/wp-json\/wp\/v2\/tags?post=205839"}],"curies":[{"name":"wp","href":"https:\/\/api.w.org\/{rel}","templated":true}]}}