{"id":205847,"date":"2026-03-13T14:00:00","date_gmt":"2026-03-13T17:00:00","guid":{"rendered":"https:\/\/folhapopular.info\/?p=205847"},"modified":"2026-03-13T16:46:02","modified_gmt":"2026-03-13T19:46:02","slug":"lajeado-sediara-lancamento-do-11o-sesc-circo","status":"publish","type":"post","link":"https:\/\/folhapopular.info\/index.php\/2026\/03\/13\/lajeado-sediara-lancamento-do-11o-sesc-circo\/","title":{"rendered":"Lajeado sediar\u00e1 lan\u00e7amento do 11\u00ba Sesc Circo"},"content":{"rendered":"\n<p>O munic\u00edpio de Lajeado receber\u00e1 o lan\u00e7amento oficial da programa\u00e7\u00e3o do <a href=\"https:\/\/folhapopular.info\/index.php\/2025\/03\/13\/sesc-circo-comemora-10a-edicao-em-lajeado\/\" type=\"link\" id=\"https:\/\/folhapopular.info\/index.php\/2025\/03\/13\/sesc-circo-comemora-10a-edicao-em-lajeado\/\" target=\"_blank\" rel=\"noreferrer noopener\">Sesc Circo<\/a> no dia 25 de mar\u00e7o, \u00e0s 10h. O espet\u00e1culo \u00e9 considerado o maior festival circense do Rio Grande do Sul.<\/p>\n\n\n\n<p>O evento apresentar\u00e1 as atra\u00e7\u00f5es da 11\u00aa edi\u00e7\u00e3o do festival, que ocorrer\u00e1 de 7 a 12 de abril e reunir\u00e1 artistas e companhias do Brasil e do exterior. A programa\u00e7\u00e3o inclui espet\u00e1culos e oficinas em escolas, espa\u00e7os p\u00fablicos e na lona do festival, que nesta edi\u00e7\u00e3o ser\u00e1 instalada no Parque Linear.<\/p>\n\n\n\n<p>Todas as atividades ser\u00e3o gratuitas, com reserva on-line de ingressos a partir da data de lan\u00e7amento e incentivo \u00e0 doa\u00e7\u00e3o de alimentos pelo p\u00fablico.<\/p>\n\n\n\n<p>Realizado pelo Sistema Fecom\u00e9rcio-RS\/Sesc\/Senac e IFEP, em parceria com a prefeitura, o festival retorna a Lajeado pela terceira vez e integra o calend\u00e1rio cultural do estado.<\/p>\n","protected":false},"excerpt":{"rendered":"<p>O munic\u00edpio de Lajeado receber\u00e1 o lan\u00e7amento oficial da programa\u00e7\u00e3o do Sesc Circo no dia 25 de mar\u00e7o, \u00e0s 10h. O espet\u00e1culo \u00e9 considerado o maior festival circense do Rio Grande do Sul. O evento apresentar\u00e1 as atra\u00e7\u00f5es da 11\u00aa edi\u00e7\u00e3o do festival, que ocorrer\u00e1 de 7 a 12 de abril e reunir\u00e1 artistas e [&hellip;]<\/p>\n","protected":false},"author":8,"featured_media":205848,"comment_status":"open","ping_status":"open","sticky":false,"template":"","format":"standard","meta":{"pmpro_default_level":"","_jetpack_memberships_contains_paid_content":false,"footnotes":""},"categories":[10996,2,10999,6],"tags":[9041,27,549,14613],"class_list":{"0":"post-205847","1":"post","2":"type-post","3":"status-publish","4":"format-standard","5":"has-post-thumbnail","7":"category-cultura","8":"category-featured","9":"category-entretenimento","10":"category-inclusive","11":"tag-circo","12":"tag-lajeado","13":"tag-sesc","14":"tag-sesc-circo","15":"pmpro-has-access"},"yoast_head":"<!-- This site is optimized with the Yoast SEO plugin v27.5 - https:\/\/yoast.com\/product\/yoast-seo-wordpress\/ -->\n<title>Lajeado sediar\u00e1 lan\u00e7amento do 11\u00ba Sesc Circo - Folha Popular<\/title>\n<meta name=\"description\" content=\"O evento apresentar\u00e1 as atra\u00e7\u00f5es da 11\u00aa edi\u00e7\u00e3o do festival Sesc Circo, que ocorrer\u00e1 de 7 a 12 de abril com espet\u00e1culos e oficinas.\" \/>\n<meta name=\"robots\" content=\"index, follow, max-snippet:-1, max-image-preview:large, max-video-preview:-1\" \/>\n<link rel=\"canonical\" href=\"https:\/\/folhapopular.info\/index.php\/2026\/03\/13\/lajeado-sediara-lancamento-do-11o-sesc-circo\/\" \/>\n<meta property=\"og:locale\" content=\"pt_BR\" \/>\n<meta property=\"og:type\" content=\"article\" \/>\n<meta property=\"og:title\" content=\"Lajeado sediar\u00e1 lan\u00e7amento do 11\u00ba Sesc Circo - Folha Popular\" \/>\n<meta property=\"og:description\" content=\"O evento apresentar\u00e1 as atra\u00e7\u00f5es da 11\u00aa edi\u00e7\u00e3o do festival Sesc Circo, que ocorrer\u00e1 de 7 a 12 de abril com espet\u00e1culos e oficinas.\" \/>\n<meta property=\"og:url\" content=\"https:\/\/folhapopular.info\/index.php\/2026\/03\/13\/lajeado-sediara-lancamento-do-11o-sesc-circo\/\" \/>\n<meta property=\"og:site_name\" content=\"Folha Popular\" \/>\n<meta property=\"article:published_time\" content=\"2026-03-13T17:00:00+00:00\" \/>\n<meta property=\"article:modified_time\" content=\"2026-03-13T19:46:02+00:00\" \/>\n<meta property=\"og:image\" content=\"http:\/\/folhapopular.info\/wp-content\/uploads\/2026\/03\/Sesc-Circo-2025-fotos-de-Roberta-Colombo-8.jpg\" \/>\n\t<meta property=\"og:image:width\" content=\"2048\" \/>\n\t<meta property=\"og:image:height\" content=\"1367\" \/>\n\t<meta property=\"og:image:type\" content=\"image\/jpeg\" \/>\n<meta name=\"author\" content=\"Reda\u00e7\u00e3o Folha Popular\" \/>\n<meta name=\"twitter:card\" content=\"summary_large_image\" \/>\n<meta name=\"twitter:label1\" content=\"Escrito por\" \/>\n\t<meta name=\"twitter:data1\" content=\"Reda\u00e7\u00e3o Folha Popular\" \/>\n\t<meta name=\"twitter:label2\" content=\"Est. tempo de leitura\" \/>\n\t<meta name=\"twitter:data2\" content=\"1 minuto\" \/>\n<script type=\"application\/ld+json\" class=\"yoast-schema-graph\">{\"@context\":\"https:\\\/\\\/schema.org\",\"@graph\":[{\"@type\":\"Article\",\"@id\":\"https:\\\/\\\/folhapopular.info\\\/index.php\\\/2026\\\/03\\\/13\\\/lajeado-sediara-lancamento-do-11o-sesc-circo\\\/#article\",\"isPartOf\":{\"@id\":\"https:\\\/\\\/folhapopular.info\\\/index.php\\\/2026\\\/03\\\/13\\\/lajeado-sediara-lancamento-do-11o-sesc-circo\\\/\"},\"author\":{\"name\":\"Reda\u00e7\u00e3o Folha Popular\",\"@id\":\"https:\\\/\\\/folhapopular.info\\\/#\\\/schema\\\/person\\\/2814e8a0df7643585a9ca38bc6eb9d4b\"},\"headline\":\"Lajeado sediar\u00e1 lan\u00e7amento do 11\u00ba Sesc Circo\",\"datePublished\":\"2026-03-13T17:00:00+00:00\",\"dateModified\":\"2026-03-13T19:46:02+00:00\",\"mainEntityOfPage\":{\"@id\":\"https:\\\/\\\/folhapopular.info\\\/index.php\\\/2026\\\/03\\\/13\\\/lajeado-sediara-lancamento-do-11o-sesc-circo\\\/\"},\"wordCount\":155,\"commentCount\":0,\"image\":{\"@id\":\"https:\\\/\\\/folhapopular.info\\\/index.php\\\/2026\\\/03\\\/13\\\/lajeado-sediara-lancamento-do-11o-sesc-circo\\\/#primaryimage\"},\"thumbnailUrl\":\"https:\\\/\\\/folhapopular.info\\\/wp-content\\\/uploads\\\/2026\\\/03\\\/Sesc-Circo-2025-fotos-de-Roberta-Colombo-8.jpg\",\"keywords\":[\"Circo\",\"Lajeado\",\"SESC\",\"SESC CIRCO\"],\"articleSection\":[\"Cultura\",\"Destaques\",\"Entretenimento\",\"Inclusive\"],\"inLanguage\":\"pt-BR\",\"potentialAction\":[{\"@type\":\"CommentAction\",\"name\":\"Comment\",\"target\":[\"https:\\\/\\\/folhapopular.info\\\/index.php\\\/2026\\\/03\\\/13\\\/lajeado-sediara-lancamento-do-11o-sesc-circo\\\/#respond\"]}]},{\"@type\":\"WebPage\",\"@id\":\"https:\\\/\\\/folhapopular.info\\\/index.php\\\/2026\\\/03\\\/13\\\/lajeado-sediara-lancamento-do-11o-sesc-circo\\\/\",\"url\":\"https:\\\/\\\/folhapopular.info\\\/index.php\\\/2026\\\/03\\\/13\\\/lajeado-sediara-lancamento-do-11o-sesc-circo\\\/\",\"name\":\"Lajeado sediar\u00e1 lan\u00e7amento do 11\u00ba Sesc Circo - Folha Popular\",\"isPartOf\":{\"@id\":\"https:\\\/\\\/folhapopular.info\\\/#website\"},\"primaryImageOfPage\":{\"@id\":\"https:\\\/\\\/folhapopular.info\\\/index.php\\\/2026\\\/03\\\/13\\\/lajeado-sediara-lancamento-do-11o-sesc-circo\\\/#primaryimage\"},\"image\":{\"@id\":\"https:\\\/\\\/folhapopular.info\\\/index.php\\\/2026\\\/03\\\/13\\\/lajeado-sediara-lancamento-do-11o-sesc-circo\\\/#primaryimage\"},\"thumbnailUrl\":\"https:\\\/\\\/folhapopular.info\\\/wp-content\\\/uploads\\\/2026\\\/03\\\/Sesc-Circo-2025-fotos-de-Roberta-Colombo-8.jpg\",\"datePublished\":\"2026-03-13T17:00:00+00:00\",\"dateModified\":\"2026-03-13T19:46:02+00:00\",\"author\":{\"@id\":\"https:\\\/\\\/folhapopular.info\\\/#\\\/schema\\\/person\\\/2814e8a0df7643585a9ca38bc6eb9d4b\"},\"description\":\"O evento apresentar\u00e1 as atra\u00e7\u00f5es da 11\u00aa edi\u00e7\u00e3o do festival Sesc Circo, que ocorrer\u00e1 de 7 a 12 de abril com espet\u00e1culos e oficinas.\",\"breadcrumb\":{\"@id\":\"https:\\\/\\\/folhapopular.info\\\/index.php\\\/2026\\\/03\\\/13\\\/lajeado-sediara-lancamento-do-11o-sesc-circo\\\/#breadcrumb\"},\"inLanguage\":\"pt-BR\",\"potentialAction\":[{\"@type\":\"ReadAction\",\"target\":[\"https:\\\/\\\/folhapopular.info\\\/index.php\\\/2026\\\/03\\\/13\\\/lajeado-sediara-lancamento-do-11o-sesc-circo\\\/\"]}]},{\"@type\":\"ImageObject\",\"inLanguage\":\"pt-BR\",\"@id\":\"https:\\\/\\\/folhapopular.info\\\/index.php\\\/2026\\\/03\\\/13\\\/lajeado-sediara-lancamento-do-11o-sesc-circo\\\/#primaryimage\",\"url\":\"https:\\\/\\\/folhapopular.info\\\/wp-content\\\/uploads\\\/2026\\\/03\\\/Sesc-Circo-2025-fotos-de-Roberta-Colombo-8.jpg\",\"contentUrl\":\"https:\\\/\\\/folhapopular.info\\\/wp-content\\\/uploads\\\/2026\\\/03\\\/Sesc-Circo-2025-fotos-de-Roberta-Colombo-8.jpg\",\"width\":2048,\"height\":1367,\"caption\":\"Cr\u00e9dito: Roberta Colombo \\\/ Divulga\u00e7\u00e3o\"},{\"@type\":\"BreadcrumbList\",\"@id\":\"https:\\\/\\\/folhapopular.info\\\/index.php\\\/2026\\\/03\\\/13\\\/lajeado-sediara-lancamento-do-11o-sesc-circo\\\/#breadcrumb\",\"itemListElement\":[{\"@type\":\"ListItem\",\"position\":1,\"name\":\"In\u00edcio\",\"item\":\"https:\\\/\\\/folhapopular.info\\\/\"},{\"@type\":\"ListItem\",\"position\":2,\"name\":\"Lajeado sediar\u00e1 lan\u00e7amento do 11\u00ba Sesc Circo\"}]},{\"@type\":\"WebSite\",\"@id\":\"https:\\\/\\\/folhapopular.info\\\/#website\",\"url\":\"https:\\\/\\\/folhapopular.info\\\/\",\"name\":\"Folha Popular\",\"description\":\"Onde voc\u00ea tem vez e voz\",\"potentialAction\":[{\"@type\":\"SearchAction\",\"target\":{\"@type\":\"EntryPoint\",\"urlTemplate\":\"https:\\\/\\\/folhapopular.info\\\/?s={search_term_string}\"},\"query-input\":{\"@type\":\"PropertyValueSpecification\",\"valueRequired\":true,\"valueName\":\"search_term_string\"}}],\"inLanguage\":\"pt-BR\"},{\"@type\":\"Person\",\"@id\":\"https:\\\/\\\/folhapopular.info\\\/#\\\/schema\\\/person\\\/2814e8a0df7643585a9ca38bc6eb9d4b\",\"name\":\"Reda\u00e7\u00e3o Folha Popular\",\"image\":{\"@type\":\"ImageObject\",\"inLanguage\":\"pt-BR\",\"@id\":\"https:\\\/\\\/folhapopular.info\\\/wp-content\\\/uploads\\\/2026\\\/04\\\/Folha-1.webp\",\"url\":\"https:\\\/\\\/folhapopular.info\\\/wp-content\\\/uploads\\\/2026\\\/04\\\/Folha-1.webp\",\"contentUrl\":\"https:\\\/\\\/folhapopular.info\\\/wp-content\\\/uploads\\\/2026\\\/04\\\/Folha-1.webp\",\"caption\":\"Reda\u00e7\u00e3o Folha Popular\"},\"url\":\"https:\\\/\\\/folhapopular.info\\\/index.php\\\/author\\\/redacao\\\/\"}]}<\/script>\n<!-- \/ Yoast SEO plugin. -->","yoast_head_json":{"title":"Lajeado sediar\u00e1 lan\u00e7amento do 11\u00ba Sesc Circo - Folha Popular","description":"O evento apresentar\u00e1 as atra\u00e7\u00f5es da 11\u00aa edi\u00e7\u00e3o do festival Sesc Circo, que ocorrer\u00e1 de 7 a 12 de abril com espet\u00e1culos e oficinas.","robots":{"index":"index","follow":"follow","max-snippet":"max-snippet:-1","max-image-preview":"max-image-preview:large","max-video-preview":"max-video-preview:-1"},"canonical":"https:\/\/folhapopular.info\/index.php\/2026\/03\/13\/lajeado-sediara-lancamento-do-11o-sesc-circo\/","og_locale":"pt_BR","og_type":"article","og_title":"Lajeado sediar\u00e1 lan\u00e7amento do 11\u00ba Sesc Circo - Folha Popular","og_description":"O evento apresentar\u00e1 as atra\u00e7\u00f5es da 11\u00aa edi\u00e7\u00e3o do festival Sesc Circo, que ocorrer\u00e1 de 7 a 12 de abril com espet\u00e1culos e oficinas.","og_url":"https:\/\/folhapopular.info\/index.php\/2026\/03\/13\/lajeado-sediara-lancamento-do-11o-sesc-circo\/","og_site_name":"Folha Popular","article_published_time":"2026-03-13T17:00:00+00:00","article_modified_time":"2026-03-13T19:46:02+00:00","og_image":[{"width":2048,"height":1367,"url":"http:\/\/folhapopular.info\/wp-content\/uploads\/2026\/03\/Sesc-Circo-2025-fotos-de-Roberta-Colombo-8.jpg","type":"image\/jpeg"}],"author":"Reda\u00e7\u00e3o Folha Popular","twitter_card":"summary_large_image","twitter_misc":{"Escrito por":"Reda\u00e7\u00e3o Folha Popular","Est. tempo de leitura":"1 minuto"},"schema":{"@context":"https:\/\/schema.org","@graph":[{"@type":"Article","@id":"https:\/\/folhapopular.info\/index.php\/2026\/03\/13\/lajeado-sediara-lancamento-do-11o-sesc-circo\/#article","isPartOf":{"@id":"https:\/\/folhapopular.info\/index.php\/2026\/03\/13\/lajeado-sediara-lancamento-do-11o-sesc-circo\/"},"author":{"name":"Reda\u00e7\u00e3o Folha Popular","@id":"https:\/\/folhapopular.info\/#\/schema\/person\/2814e8a0df7643585a9ca38bc6eb9d4b"},"headline":"Lajeado sediar\u00e1 lan\u00e7amento do 11\u00ba Sesc Circo","datePublished":"2026-03-13T17:00:00+00:00","dateModified":"2026-03-13T19:46:02+00:00","mainEntityOfPage":{"@id":"https:\/\/folhapopular.info\/index.php\/2026\/03\/13\/lajeado-sediara-lancamento-do-11o-sesc-circo\/"},"wordCount":155,"commentCount":0,"image":{"@id":"https:\/\/folhapopular.info\/index.php\/2026\/03\/13\/lajeado-sediara-lancamento-do-11o-sesc-circo\/#primaryimage"},"thumbnailUrl":"https:\/\/folhapopular.info\/wp-content\/uploads\/2026\/03\/Sesc-Circo-2025-fotos-de-Roberta-Colombo-8.jpg","keywords":["Circo","Lajeado","SESC","SESC CIRCO"],"articleSection":["Cultura","Destaques","Entretenimento","Inclusive"],"inLanguage":"pt-BR","potentialAction":[{"@type":"CommentAction","name":"Comment","target":["https:\/\/folhapopular.info\/index.php\/2026\/03\/13\/lajeado-sediara-lancamento-do-11o-sesc-circo\/#respond"]}]},{"@type":"WebPage","@id":"https:\/\/folhapopular.info\/index.php\/2026\/03\/13\/lajeado-sediara-lancamento-do-11o-sesc-circo\/","url":"https:\/\/folhapopular.info\/index.php\/2026\/03\/13\/lajeado-sediara-lancamento-do-11o-sesc-circo\/","name":"Lajeado sediar\u00e1 lan\u00e7amento do 11\u00ba Sesc Circo - Folha Popular","isPartOf":{"@id":"https:\/\/folhapopular.info\/#website"},"primaryImageOfPage":{"@id":"https:\/\/folhapopular.info\/index.php\/2026\/03\/13\/lajeado-sediara-lancamento-do-11o-sesc-circo\/#primaryimage"},"image":{"@id":"https:\/\/folhapopular.info\/index.php\/2026\/03\/13\/lajeado-sediara-lancamento-do-11o-sesc-circo\/#primaryimage"},"thumbnailUrl":"https:\/\/folhapopular.info\/wp-content\/uploads\/2026\/03\/Sesc-Circo-2025-fotos-de-Roberta-Colombo-8.jpg","datePublished":"2026-03-13T17:00:00+00:00","dateModified":"2026-03-13T19:46:02+00:00","author":{"@id":"https:\/\/folhapopular.info\/#\/schema\/person\/2814e8a0df7643585a9ca38bc6eb9d4b"},"description":"O evento apresentar\u00e1 as atra\u00e7\u00f5es da 11\u00aa edi\u00e7\u00e3o do festival Sesc Circo, que ocorrer\u00e1 de 7 a 12 de abril com espet\u00e1culos e oficinas.","breadcrumb":{"@id":"https:\/\/folhapopular.info\/index.php\/2026\/03\/13\/lajeado-sediara-lancamento-do-11o-sesc-circo\/#breadcrumb"},"inLanguage":"pt-BR","potentialAction":[{"@type":"ReadAction","target":["https:\/\/folhapopular.info\/index.php\/2026\/03\/13\/lajeado-sediara-lancamento-do-11o-sesc-circo\/"]}]},{"@type":"ImageObject","inLanguage":"pt-BR","@id":"https:\/\/folhapopular.info\/index.php\/2026\/03\/13\/lajeado-sediara-lancamento-do-11o-sesc-circo\/#primaryimage","url":"https:\/\/folhapopular.info\/wp-content\/uploads\/2026\/03\/Sesc-Circo-2025-fotos-de-Roberta-Colombo-8.jpg","contentUrl":"https:\/\/folhapopular.info\/wp-content\/uploads\/2026\/03\/Sesc-Circo-2025-fotos-de-Roberta-Colombo-8.jpg","width":2048,"height":1367,"caption":"Cr\u00e9dito: Roberta Colombo \/ Divulga\u00e7\u00e3o"},{"@type":"BreadcrumbList","@id":"https:\/\/folhapopular.info\/index.php\/2026\/03\/13\/lajeado-sediara-lancamento-do-11o-sesc-circo\/#breadcrumb","itemListElement":[{"@type":"ListItem","position":1,"name":"In\u00edcio","item":"https:\/\/folhapopular.info\/"},{"@type":"ListItem","position":2,"name":"Lajeado sediar\u00e1 lan\u00e7amento do 11\u00ba Sesc Circo"}]},{"@type":"WebSite","@id":"https:\/\/folhapopular.info\/#website","url":"https:\/\/folhapopular.info\/","name":"Folha Popular","description":"Onde voc\u00ea tem vez e voz","potentialAction":[{"@type":"SearchAction","target":{"@type":"EntryPoint","urlTemplate":"https:\/\/folhapopular.info\/?s={search_term_string}"},"query-input":{"@type":"PropertyValueSpecification","valueRequired":true,"valueName":"search_term_string"}}],"inLanguage":"pt-BR"},{"@type":"Person","@id":"https:\/\/folhapopular.info\/#\/schema\/person\/2814e8a0df7643585a9ca38bc6eb9d4b","name":"Reda\u00e7\u00e3o Folha Popular","image":{"@type":"ImageObject","inLanguage":"pt-BR","@id":"https:\/\/folhapopular.info\/wp-content\/uploads\/2026\/04\/Folha-1.webp","url":"https:\/\/folhapopular.info\/wp-content\/uploads\/2026\/04\/Folha-1.webp","contentUrl":"https:\/\/folhapopular.info\/wp-content\/uploads\/2026\/04\/Folha-1.webp","caption":"Reda\u00e7\u00e3o Folha Popular"},"url":"https:\/\/folhapopular.info\/index.php\/author\/redacao\/"}]}},"jetpack_featured_media_url":"https:\/\/folhapopular.info\/wp-content\/uploads\/2026\/03\/Sesc-Circo-2025-fotos-de-Roberta-Colombo-8.jpg","jetpack_sharing_enabled":true,"amp_enabled":true,"_links":{"self":[{"href":"https:\/\/folhapopular.info\/index.php\/wp-json\/wp\/v2\/posts\/205847","targetHints":{"allow":["GET"]}}],"collection":[{"href":"https:\/\/folhapopular.info\/index.php\/wp-json\/wp\/v2\/posts"}],"about":[{"href":"https:\/\/folhapopular.info\/index.php\/wp-json\/wp\/v2\/types\/post"}],"author":[{"embeddable":true,"href":"https:\/\/folhapopular.info\/index.php\/wp-json\/wp\/v2\/users\/8"}],"replies":[{"embeddable":true,"href":"https:\/\/folhapopular.info\/index.php\/wp-json\/wp\/v2\/comments?post=205847"}],"version-history":[{"count":0,"href":"https:\/\/folhapopular.info\/index.php\/wp-json\/wp\/v2\/posts\/205847\/revisions"}],"wp:featuredmedia":[{"embeddable":true,"href":"https:\/\/folhapopular.info\/index.php\/wp-json\/wp\/v2\/media\/205848"}],"wp:attachment":[{"href":"https:\/\/folhapopular.info\/index.php\/wp-json\/wp\/v2\/media?parent=205847"}],"wp:term":[{"taxonomy":"category","embeddable":true,"href":"https:\/\/folhapopular.info\/index.php\/wp-json\/wp\/v2\/categories?post=205847"},{"taxonomy":"post_tag","embeddable":true,"href":"https:\/\/folhapopular.info\/index.php\/wp-json\/wp\/v2\/tags?post=205847"}],"curies":[{"name":"wp","href":"https:\/\/api.w.org\/{rel}","templated":true}]}}