{"id":205878,"date":"2026-03-14T08:00:00","date_gmt":"2026-03-14T11:00:00","guid":{"rendered":"https:\/\/folhapopular.info\/?p=205878"},"modified":"2026-03-14T07:46:14","modified_gmt":"2026-03-14T10:46:14","slug":"estudante-teutoniense-na-alemanha-traz-troca-cultural-ao-augustin","status":"publish","type":"post","link":"https:\/\/folhapopular.info\/index.php\/2026\/03\/14\/estudante-teutoniense-na-alemanha-traz-troca-cultural-ao-augustin\/","title":{"rendered":"Estudante teutoniense na Alemanha traz troca cultural ao Augustin"},"content":{"rendered":"\n<p>A iniciativa de Camila da Silva Nunes resultou na realiza\u00e7\u00e3o de um sonho em estudar na Europa e resultou na experi\u00eancia de interc\u00e2mbio cultural tamb\u00e9m aos alunos da Escola Reynaldo Affonso Augustin, onde foi aluna. Ela mora h\u00e1 5 anos na cidade de Ulm, situada na margem do Rio Dan\u00fabio, fronteira com a Baviera, no estado de Baden-W\u00fcrttemberg. A cidade universit\u00e1ria \u00e9 conhecida pela sua catedral (Ulm Minster) e por ser o local de nascimento de Albert Einstein.<\/p>\n\n\n\n<p>Camila estuda para ser professora na Katholische Fachschule f\u00fcr Sozialp\u00e4dagogik IfSB, em um curso que dura 3 anos. Ela conseguiu emprego no exterior como bab\u00e1 e ficou 1 ano e meio com a mesma fam\u00edlia. Depois, fez voluntariado em uma creche. Ela persegue o sonho de se formar em uma universidade alem\u00e3, pois o diploma \u00e9 reconhecido no mundo inteiro, inclusive no Brasil. Ainda, faz mentorias com orienta\u00e7\u00f5es sobre como conseguir um diploma na Europa.<\/p>\n\n\n\n<p>O cotidiano da brasileira serve para a pr\u00e1tica do idioma alem\u00e3o, que hoje flui mais f\u00e1cil. Ela trabalha tr\u00eas vezes por semana e reconhece que \u00e9 cansativo. Percebe a educa\u00e7\u00e3o estrangeira como diferente: \u201cL\u00e1 eles s\u00e3o mais r\u00edgidos, tem que sentar a estudar\u201d.<\/p>\n\n\n\n<p>Ao regressar ao Brasil para uma visita, articulou a vinda da estudante alem\u00e3 Jule Beljak para realizar atividades pedag\u00f3gicas em Teut\u00f4nia, aproximando realidades educacionais e culturais diferentes.<\/p>\n\n\n\n<p>Durante a visita, a estudante alem\u00e3 tamb\u00e9m vivencia a cultura local. Em meio \u00e0s conversas com alunos e professores, ela pratica o Portugu\u00eas e descobre h\u00e1bitos brasileiros. Entre as prefer\u00eancias gastron\u00f4micas, um item t\u00edpico j\u00e1 conquistou o cora\u00e7\u00e3o germ\u00e2nico: o pastel.<\/p>\n\n\n\n<p>Al\u00e9m da experi\u00eancia cultural, a troca tamb\u00e9m envolve reflex\u00f5es sobre educa\u00e7\u00e3o. Jule afirma que a mesma deve ser observada no sujeito do aluno, levando em considera\u00e7\u00e3o o universo particular de cada um, diferente de uma educa\u00e7\u00e3o deposit\u00e1ria, que n\u00e3o leva em conta o ambiente e a realidade vivenciada pelos alunos<\/p>\n\n\n\n<p>Conforme Camila, no ensino infantil, o sistema educacional alem\u00e3o valoriza a autonomia das crian\u00e7as no processo de aprendizagem. \u201c\u00c9 praticamente o nosso m\u00e9todo de ensino na Alemanha: deixar que as crian\u00e7as busquem seus pr\u00f3prios caminhos e interferir o m\u00ednimo poss\u00edvel\u201d, relata.<\/p>\n\n\n\n<h2 class=\"wp-block-heading\"><strong>Conhecimento emp\u00edrico<\/strong><\/h2>\n\n\n\n<p>Para a orientadora educacional Ivete Cec\u00edlia de Souza, o interc\u00e2mbio vai al\u00e9m da pr\u00e1tica pedag\u00f3gica, chegando \u00e0 conviv\u00eancia direta com estudantes de outros pa\u00edses. Isto ajuda a formar uma vis\u00e3o mais aberta de mundo. \u201cO estrangeiro n\u00e3o \u00e9 inimigo. \u00c9 mais uma pessoa com quem podemos criar amizade. Para as crian\u00e7as, esse contato ajuda a quebrar barreiras e a compreender que existem culturas diferentes, construindo mais pontes do que muros\u201d, explica.<\/p>\n\n\n\n<p>Camila pretende seguir carreira na \u00e1rea educacional e permanecer na Europa. Com o visto de estudante, planeja buscar a cidadania alem\u00e3 ap\u00f3s concluir a forma\u00e7\u00e3o universit\u00e1ria. Mesmo assim, garante que mant\u00e9m os v\u00ednculos com o Brasil. \u201cA fam\u00edlia sente saudade, mas tamb\u00e9m, admira muito o fato de eu ter ido t\u00e3o jovem para o exterior\u201d, afirma.<\/p>\n\n\n\n<p>Para a diretora da escola, Mariane Elise Ahlert Scherer, a presen\u00e7a da estudante estrangeira simboliza mais um cap\u00edtulo da hist\u00f3ria de inova\u00e7\u00e3o da institui\u00e7\u00e3o. A escola se consolidou como uma das refer\u00eancias locais ao implantar o ensino em tempo integral e ampliar oportunidades educacionais.<\/p>\n\n\n\n<p>\u201cFicamos muito orgulhosos quando soubemos que a Camila escolheu justamente a nossa escola para essa experi\u00eancia. Ela poderia ter procurado qualquer outra, mas voltou para onde estudou\u201d, destaca. Segundo a dire\u00e7\u00e3o, a iniciativa tamb\u00e9m refor\u00e7a a pol\u00edtica da escola de receber estagi\u00e1rios e incentivar experi\u00eancias formativas. Atualmente, v\u00e1rios estudantes em est\u00e1gio participam da rotina pedag\u00f3gica e ampliam o ambiente de aprendizagem.<\/p>\n\n\n\n<p>A visita da estudante alem\u00e3 desperta curiosidade entre os alunos, que fazem perguntas sobre o pa\u00eds europeu e demonstram interesse em aprender algumas palavras em alem\u00e3o. Para os educadores, essa conviv\u00eancia cotidiana representa um aprendizado que vai al\u00e9m da sala de aula. \u201cEm vez de construir muros, precisamos construir pontes. Ponte liga, aproxima pessoas e permite que caminhemos ao encontro do outro\u201d, resume a dire\u00e7\u00e3o.<\/p>\n\n\n\n<p>Enquanto a experi\u00eancia segue em Teut\u00f4nia, a expectativa \u00e9 que essa primeira conex\u00e3o abra caminho para novas trocas entre estudantes brasileiros e europeus, fortalecendo o interc\u00e2mbio educacional e cultural entre os dois pa\u00edses.<\/p>\n\n\n\n<p>O professor Vitor Krabbe auxiliou na tradu\u00e7\u00e3o do Alem\u00e3o para o Portugu\u00eas, permitindo compreender melhor as impress\u00f5es da visitante sobre o Brasil e a regi\u00e3o. Jule relatou que, antes da viagem, conhecia pouco sobre o pa\u00eds, com refer\u00eancias principalmente \u00e0s grandes cidades. \u201cA imagem que tinha do Brasil era mais ligada a lugares como S\u00e3o Paulo e Rio de Janeiro. Futebol tamb\u00e9m n\u00e3o era algo t\u00e3o presente para ela. Mas ficou impressionada positivamente com o Brasil, com Teut\u00f4nia e com a regi\u00e3o\u201d, explicou o professor.<\/p>\n\n\n\n<p>De acordo com Krabbe, a estudante destacou a diversidade cultural do pa\u00eds e a dimens\u00e3o territorial brasileira. \u201cEla percebeu que o Brasil \u00e9 muito grande e que cada regi\u00e3o tem sua cultura pr\u00f3pria. Aqui no Rio Grande do Sul existe uma cultura espec\u00edfica, e dentro do estado ainda h\u00e1 identidades locais, como a de Teut\u00f4nia\u201d, afirmou. A pr\u00f3pria Jule confirma que a experi\u00eancia tem sido marcante. Aos 21 anos, ela visita o Brasil pela primeira vez e se surpreendeu com a hospitalidade e o cotidiano da comunidade local.<\/p>\n","protected":false},"excerpt":{"rendered":"<p>A iniciativa de Camila da Silva Nunes resultou na realiza\u00e7\u00e3o de um sonho em estudar na Europa e resultou na experi\u00eancia de interc\u00e2mbio cultural tamb\u00e9m aos alunos da Escola Reynaldo Affonso Augustin, onde foi aluna. Ela mora h\u00e1 5 anos na cidade de Ulm, situada na margem do Rio Dan\u00fabio, fronteira com a Baviera, no [&hellip;]<\/p>\n","protected":false},"author":772,"featured_media":205879,"comment_status":"open","ping_status":"open","sticky":false,"template":"","format":"standard","meta":{"pmpro_default_level":"","_jetpack_memberships_contains_paid_content":false,"footnotes":""},"categories":[2,3,12041],"tags":[1257,692,18751,432,26],"class_list":{"0":"post-205878","1":"post","2":"type-post","3":"status-publish","4":"format-standard","5":"has-post-thumbnail","7":"category-featured","8":"category-geral","9":"category-oportunidades","10":"tag-alemanha","11":"tag-eeem-reynaldo-affonso-augustin","12":"tag-escola-reynaldo-affonso-augustin","13":"tag-intercambio","14":"tag-teutonia","15":"pmpro-has-access"},"yoast_head":"<!-- This site is optimized with the Yoast SEO plugin v27.5 - https:\/\/yoast.com\/product\/yoast-seo-wordpress\/ -->\n<title>Estudante teutoniense na Alemanha traz troca cultural ao Augustin - Folha Popular<\/title>\n<meta name=\"robots\" content=\"index, follow, max-snippet:-1, max-image-preview:large, max-video-preview:-1\" \/>\n<link rel=\"canonical\" href=\"https:\/\/folhapopular.info\/index.php\/2026\/03\/14\/estudante-teutoniense-na-alemanha-traz-troca-cultural-ao-augustin\/\" \/>\n<meta property=\"og:locale\" content=\"pt_BR\" \/>\n<meta property=\"og:type\" content=\"article\" \/>\n<meta property=\"og:title\" content=\"Estudante teutoniense na Alemanha traz troca cultural ao Augustin - Folha Popular\" \/>\n<meta property=\"og:description\" content=\"A iniciativa de Camila da Silva Nunes resultou na realiza\u00e7\u00e3o de um sonho em estudar na Europa e resultou na experi\u00eancia de interc\u00e2mbio cultural tamb\u00e9m aos alunos da Escola Reynaldo Affonso Augustin, onde foi aluna. Ela mora h\u00e1 5 anos na cidade de Ulm, situada na margem do Rio Dan\u00fabio, fronteira com a Baviera, no [&hellip;]\" \/>\n<meta property=\"og:url\" content=\"https:\/\/folhapopular.info\/index.php\/2026\/03\/14\/estudante-teutoniense-na-alemanha-traz-troca-cultural-ao-augustin\/\" \/>\n<meta property=\"og:site_name\" content=\"Folha Popular\" \/>\n<meta property=\"article:published_time\" content=\"2026-03-14T11:00:00+00:00\" \/>\n<meta property=\"og:image\" content=\"https:\/\/folhapopular.info\/wp-content\/uploads\/2026\/03\/Comunidade-escolar-troca-experiencias-com-a-estudante-alema_GHM.jpeg\" \/>\n\t<meta property=\"og:image:width\" content=\"1280\" \/>\n\t<meta property=\"og:image:height\" content=\"960\" \/>\n\t<meta property=\"og:image:type\" content=\"image\/jpeg\" \/>\n<meta name=\"author\" content=\"Anderson Lopes\" \/>\n<meta name=\"twitter:card\" content=\"summary_large_image\" \/>\n<meta name=\"twitter:label1\" content=\"Escrito por\" \/>\n\t<meta name=\"twitter:data1\" content=\"Anderson Lopes\" \/>\n\t<meta name=\"twitter:label2\" content=\"Est. tempo de leitura\" \/>\n\t<meta name=\"twitter:data2\" content=\"5 minutos\" \/>\n<script type=\"application\/ld+json\" class=\"yoast-schema-graph\">{\"@context\":\"https:\\\/\\\/schema.org\",\"@graph\":[{\"@type\":\"Article\",\"@id\":\"https:\\\/\\\/folhapopular.info\\\/index.php\\\/2026\\\/03\\\/14\\\/estudante-teutoniense-na-alemanha-traz-troca-cultural-ao-augustin\\\/#article\",\"isPartOf\":{\"@id\":\"https:\\\/\\\/folhapopular.info\\\/index.php\\\/2026\\\/03\\\/14\\\/estudante-teutoniense-na-alemanha-traz-troca-cultural-ao-augustin\\\/\"},\"author\":{\"name\":\"Anderson Lopes\",\"@id\":\"https:\\\/\\\/folhapopular.info\\\/#\\\/schema\\\/person\\\/50fd7636116370b67381921e65092a49\"},\"headline\":\"Estudante teutoniense na Alemanha traz troca cultural ao Augustin\",\"datePublished\":\"2026-03-14T11:00:00+00:00\",\"mainEntityOfPage\":{\"@id\":\"https:\\\/\\\/folhapopular.info\\\/index.php\\\/2026\\\/03\\\/14\\\/estudante-teutoniense-na-alemanha-traz-troca-cultural-ao-augustin\\\/\"},\"wordCount\":966,\"commentCount\":0,\"image\":{\"@id\":\"https:\\\/\\\/folhapopular.info\\\/index.php\\\/2026\\\/03\\\/14\\\/estudante-teutoniense-na-alemanha-traz-troca-cultural-ao-augustin\\\/#primaryimage\"},\"thumbnailUrl\":\"https:\\\/\\\/folhapopular.info\\\/wp-content\\\/uploads\\\/2026\\\/03\\\/Comunidade-escolar-troca-experiencias-com-a-estudante-alema_GHM.jpeg\",\"keywords\":[\"Alemanha\",\"EEEM Reynaldo Affonso Augustin\",\"Escola Reynaldo Affonso Augustin\",\"Interc\u00e2mbio\",\"Teut\u00f4nia\"],\"articleSection\":[\"Destaques\",\"Geral\",\"Oportunidades\"],\"inLanguage\":\"pt-BR\",\"potentialAction\":[{\"@type\":\"CommentAction\",\"name\":\"Comment\",\"target\":[\"https:\\\/\\\/folhapopular.info\\\/index.php\\\/2026\\\/03\\\/14\\\/estudante-teutoniense-na-alemanha-traz-troca-cultural-ao-augustin\\\/#respond\"]}]},{\"@type\":\"WebPage\",\"@id\":\"https:\\\/\\\/folhapopular.info\\\/index.php\\\/2026\\\/03\\\/14\\\/estudante-teutoniense-na-alemanha-traz-troca-cultural-ao-augustin\\\/\",\"url\":\"https:\\\/\\\/folhapopular.info\\\/index.php\\\/2026\\\/03\\\/14\\\/estudante-teutoniense-na-alemanha-traz-troca-cultural-ao-augustin\\\/\",\"name\":\"Estudante teutoniense na Alemanha traz troca cultural ao Augustin - Folha Popular\",\"isPartOf\":{\"@id\":\"https:\\\/\\\/folhapopular.info\\\/#website\"},\"primaryImageOfPage\":{\"@id\":\"https:\\\/\\\/folhapopular.info\\\/index.php\\\/2026\\\/03\\\/14\\\/estudante-teutoniense-na-alemanha-traz-troca-cultural-ao-augustin\\\/#primaryimage\"},\"image\":{\"@id\":\"https:\\\/\\\/folhapopular.info\\\/index.php\\\/2026\\\/03\\\/14\\\/estudante-teutoniense-na-alemanha-traz-troca-cultural-ao-augustin\\\/#primaryimage\"},\"thumbnailUrl\":\"https:\\\/\\\/folhapopular.info\\\/wp-content\\\/uploads\\\/2026\\\/03\\\/Comunidade-escolar-troca-experiencias-com-a-estudante-alema_GHM.jpeg\",\"datePublished\":\"2026-03-14T11:00:00+00:00\",\"author\":{\"@id\":\"https:\\\/\\\/folhapopular.info\\\/#\\\/schema\\\/person\\\/50fd7636116370b67381921e65092a49\"},\"breadcrumb\":{\"@id\":\"https:\\\/\\\/folhapopular.info\\\/index.php\\\/2026\\\/03\\\/14\\\/estudante-teutoniense-na-alemanha-traz-troca-cultural-ao-augustin\\\/#breadcrumb\"},\"inLanguage\":\"pt-BR\",\"potentialAction\":[{\"@type\":\"ReadAction\",\"target\":[\"https:\\\/\\\/folhapopular.info\\\/index.php\\\/2026\\\/03\\\/14\\\/estudante-teutoniense-na-alemanha-traz-troca-cultural-ao-augustin\\\/\"]}]},{\"@type\":\"ImageObject\",\"inLanguage\":\"pt-BR\",\"@id\":\"https:\\\/\\\/folhapopular.info\\\/index.php\\\/2026\\\/03\\\/14\\\/estudante-teutoniense-na-alemanha-traz-troca-cultural-ao-augustin\\\/#primaryimage\",\"url\":\"https:\\\/\\\/folhapopular.info\\\/wp-content\\\/uploads\\\/2026\\\/03\\\/Comunidade-escolar-troca-experiencias-com-a-estudante-alema_GHM.jpeg\",\"contentUrl\":\"https:\\\/\\\/folhapopular.info\\\/wp-content\\\/uploads\\\/2026\\\/03\\\/Comunidade-escolar-troca-experiencias-com-a-estudante-alema_GHM.jpeg\",\"width\":1280,\"height\":960,\"caption\":\"Comunidade escolar troca experi\u00eancias com a estudante alem\u00e3 \\\/ Cr\u00e9dito: Gabriely Hartmann Mallmann\"},{\"@type\":\"BreadcrumbList\",\"@id\":\"https:\\\/\\\/folhapopular.info\\\/index.php\\\/2026\\\/03\\\/14\\\/estudante-teutoniense-na-alemanha-traz-troca-cultural-ao-augustin\\\/#breadcrumb\",\"itemListElement\":[{\"@type\":\"ListItem\",\"position\":1,\"name\":\"In\u00edcio\",\"item\":\"https:\\\/\\\/folhapopular.info\\\/\"},{\"@type\":\"ListItem\",\"position\":2,\"name\":\"Estudante teutoniense na Alemanha traz troca cultural ao Augustin\"}]},{\"@type\":\"WebSite\",\"@id\":\"https:\\\/\\\/folhapopular.info\\\/#website\",\"url\":\"https:\\\/\\\/folhapopular.info\\\/\",\"name\":\"Folha Popular\",\"description\":\"Onde voc\u00ea tem vez e voz\",\"potentialAction\":[{\"@type\":\"SearchAction\",\"target\":{\"@type\":\"EntryPoint\",\"urlTemplate\":\"https:\\\/\\\/folhapopular.info\\\/?s={search_term_string}\"},\"query-input\":{\"@type\":\"PropertyValueSpecification\",\"valueRequired\":true,\"valueName\":\"search_term_string\"}}],\"inLanguage\":\"pt-BR\"},{\"@type\":\"Person\",\"@id\":\"https:\\\/\\\/folhapopular.info\\\/#\\\/schema\\\/person\\\/50fd7636116370b67381921e65092a49\",\"name\":\"Anderson Lopes\",\"image\":{\"@type\":\"ImageObject\",\"inLanguage\":\"pt-BR\",\"@id\":\"https:\\\/\\\/secure.gravatar.com\\\/avatar\\\/030f2f2574ef743bc9016552464e94d04c7e61de505d7089178f340fc50ed8c6?s=96&d=mm&r=g\",\"url\":\"https:\\\/\\\/secure.gravatar.com\\\/avatar\\\/030f2f2574ef743bc9016552464e94d04c7e61de505d7089178f340fc50ed8c6?s=96&d=mm&r=g\",\"contentUrl\":\"https:\\\/\\\/secure.gravatar.com\\\/avatar\\\/030f2f2574ef743bc9016552464e94d04c7e61de505d7089178f340fc50ed8c6?s=96&d=mm&r=g\",\"caption\":\"Anderson Lopes\"},\"url\":\"https:\\\/\\\/folhapopular.info\\\/index.php\\\/author\\\/anderson-lopes\\\/\"}]}<\/script>\n<!-- \/ Yoast SEO plugin. -->","yoast_head_json":{"title":"Estudante teutoniense na Alemanha traz troca cultural ao Augustin - Folha Popular","robots":{"index":"index","follow":"follow","max-snippet":"max-snippet:-1","max-image-preview":"max-image-preview:large","max-video-preview":"max-video-preview:-1"},"canonical":"https:\/\/folhapopular.info\/index.php\/2026\/03\/14\/estudante-teutoniense-na-alemanha-traz-troca-cultural-ao-augustin\/","og_locale":"pt_BR","og_type":"article","og_title":"Estudante teutoniense na Alemanha traz troca cultural ao Augustin - Folha Popular","og_description":"A iniciativa de Camila da Silva Nunes resultou na realiza\u00e7\u00e3o de um sonho em estudar na Europa e resultou na experi\u00eancia de interc\u00e2mbio cultural tamb\u00e9m aos alunos da Escola Reynaldo Affonso Augustin, onde foi aluna. Ela mora h\u00e1 5 anos na cidade de Ulm, situada na margem do Rio Dan\u00fabio, fronteira com a Baviera, no [&hellip;]","og_url":"https:\/\/folhapopular.info\/index.php\/2026\/03\/14\/estudante-teutoniense-na-alemanha-traz-troca-cultural-ao-augustin\/","og_site_name":"Folha Popular","article_published_time":"2026-03-14T11:00:00+00:00","og_image":[{"width":1280,"height":960,"url":"https:\/\/folhapopular.info\/wp-content\/uploads\/2026\/03\/Comunidade-escolar-troca-experiencias-com-a-estudante-alema_GHM.jpeg","type":"image\/jpeg"}],"author":"Anderson Lopes","twitter_card":"summary_large_image","twitter_misc":{"Escrito por":"Anderson Lopes","Est. tempo de leitura":"5 minutos"},"schema":{"@context":"https:\/\/schema.org","@graph":[{"@type":"Article","@id":"https:\/\/folhapopular.info\/index.php\/2026\/03\/14\/estudante-teutoniense-na-alemanha-traz-troca-cultural-ao-augustin\/#article","isPartOf":{"@id":"https:\/\/folhapopular.info\/index.php\/2026\/03\/14\/estudante-teutoniense-na-alemanha-traz-troca-cultural-ao-augustin\/"},"author":{"name":"Anderson Lopes","@id":"https:\/\/folhapopular.info\/#\/schema\/person\/50fd7636116370b67381921e65092a49"},"headline":"Estudante teutoniense na Alemanha traz troca cultural ao Augustin","datePublished":"2026-03-14T11:00:00+00:00","mainEntityOfPage":{"@id":"https:\/\/folhapopular.info\/index.php\/2026\/03\/14\/estudante-teutoniense-na-alemanha-traz-troca-cultural-ao-augustin\/"},"wordCount":966,"commentCount":0,"image":{"@id":"https:\/\/folhapopular.info\/index.php\/2026\/03\/14\/estudante-teutoniense-na-alemanha-traz-troca-cultural-ao-augustin\/#primaryimage"},"thumbnailUrl":"https:\/\/folhapopular.info\/wp-content\/uploads\/2026\/03\/Comunidade-escolar-troca-experiencias-com-a-estudante-alema_GHM.jpeg","keywords":["Alemanha","EEEM Reynaldo Affonso Augustin","Escola Reynaldo Affonso Augustin","Interc\u00e2mbio","Teut\u00f4nia"],"articleSection":["Destaques","Geral","Oportunidades"],"inLanguage":"pt-BR","potentialAction":[{"@type":"CommentAction","name":"Comment","target":["https:\/\/folhapopular.info\/index.php\/2026\/03\/14\/estudante-teutoniense-na-alemanha-traz-troca-cultural-ao-augustin\/#respond"]}]},{"@type":"WebPage","@id":"https:\/\/folhapopular.info\/index.php\/2026\/03\/14\/estudante-teutoniense-na-alemanha-traz-troca-cultural-ao-augustin\/","url":"https:\/\/folhapopular.info\/index.php\/2026\/03\/14\/estudante-teutoniense-na-alemanha-traz-troca-cultural-ao-augustin\/","name":"Estudante teutoniense na Alemanha traz troca cultural ao Augustin - Folha Popular","isPartOf":{"@id":"https:\/\/folhapopular.info\/#website"},"primaryImageOfPage":{"@id":"https:\/\/folhapopular.info\/index.php\/2026\/03\/14\/estudante-teutoniense-na-alemanha-traz-troca-cultural-ao-augustin\/#primaryimage"},"image":{"@id":"https:\/\/folhapopular.info\/index.php\/2026\/03\/14\/estudante-teutoniense-na-alemanha-traz-troca-cultural-ao-augustin\/#primaryimage"},"thumbnailUrl":"https:\/\/folhapopular.info\/wp-content\/uploads\/2026\/03\/Comunidade-escolar-troca-experiencias-com-a-estudante-alema_GHM.jpeg","datePublished":"2026-03-14T11:00:00+00:00","author":{"@id":"https:\/\/folhapopular.info\/#\/schema\/person\/50fd7636116370b67381921e65092a49"},"breadcrumb":{"@id":"https:\/\/folhapopular.info\/index.php\/2026\/03\/14\/estudante-teutoniense-na-alemanha-traz-troca-cultural-ao-augustin\/#breadcrumb"},"inLanguage":"pt-BR","potentialAction":[{"@type":"ReadAction","target":["https:\/\/folhapopular.info\/index.php\/2026\/03\/14\/estudante-teutoniense-na-alemanha-traz-troca-cultural-ao-augustin\/"]}]},{"@type":"ImageObject","inLanguage":"pt-BR","@id":"https:\/\/folhapopular.info\/index.php\/2026\/03\/14\/estudante-teutoniense-na-alemanha-traz-troca-cultural-ao-augustin\/#primaryimage","url":"https:\/\/folhapopular.info\/wp-content\/uploads\/2026\/03\/Comunidade-escolar-troca-experiencias-com-a-estudante-alema_GHM.jpeg","contentUrl":"https:\/\/folhapopular.info\/wp-content\/uploads\/2026\/03\/Comunidade-escolar-troca-experiencias-com-a-estudante-alema_GHM.jpeg","width":1280,"height":960,"caption":"Comunidade escolar troca experi\u00eancias com a estudante alem\u00e3 \/ Cr\u00e9dito: Gabriely Hartmann Mallmann"},{"@type":"BreadcrumbList","@id":"https:\/\/folhapopular.info\/index.php\/2026\/03\/14\/estudante-teutoniense-na-alemanha-traz-troca-cultural-ao-augustin\/#breadcrumb","itemListElement":[{"@type":"ListItem","position":1,"name":"In\u00edcio","item":"https:\/\/folhapopular.info\/"},{"@type":"ListItem","position":2,"name":"Estudante teutoniense na Alemanha traz troca cultural ao Augustin"}]},{"@type":"WebSite","@id":"https:\/\/folhapopular.info\/#website","url":"https:\/\/folhapopular.info\/","name":"Folha Popular","description":"Onde voc\u00ea tem vez e voz","potentialAction":[{"@type":"SearchAction","target":{"@type":"EntryPoint","urlTemplate":"https:\/\/folhapopular.info\/?s={search_term_string}"},"query-input":{"@type":"PropertyValueSpecification","valueRequired":true,"valueName":"search_term_string"}}],"inLanguage":"pt-BR"},{"@type":"Person","@id":"https:\/\/folhapopular.info\/#\/schema\/person\/50fd7636116370b67381921e65092a49","name":"Anderson Lopes","image":{"@type":"ImageObject","inLanguage":"pt-BR","@id":"https:\/\/secure.gravatar.com\/avatar\/030f2f2574ef743bc9016552464e94d04c7e61de505d7089178f340fc50ed8c6?s=96&d=mm&r=g","url":"https:\/\/secure.gravatar.com\/avatar\/030f2f2574ef743bc9016552464e94d04c7e61de505d7089178f340fc50ed8c6?s=96&d=mm&r=g","contentUrl":"https:\/\/secure.gravatar.com\/avatar\/030f2f2574ef743bc9016552464e94d04c7e61de505d7089178f340fc50ed8c6?s=96&d=mm&r=g","caption":"Anderson Lopes"},"url":"https:\/\/folhapopular.info\/index.php\/author\/anderson-lopes\/"}]}},"jetpack_featured_media_url":"https:\/\/folhapopular.info\/wp-content\/uploads\/2026\/03\/Comunidade-escolar-troca-experiencias-com-a-estudante-alema_GHM.jpeg","jetpack_sharing_enabled":true,"amp_enabled":true,"_links":{"self":[{"href":"https:\/\/folhapopular.info\/index.php\/wp-json\/wp\/v2\/posts\/205878","targetHints":{"allow":["GET"]}}],"collection":[{"href":"https:\/\/folhapopular.info\/index.php\/wp-json\/wp\/v2\/posts"}],"about":[{"href":"https:\/\/folhapopular.info\/index.php\/wp-json\/wp\/v2\/types\/post"}],"author":[{"embeddable":true,"href":"https:\/\/folhapopular.info\/index.php\/wp-json\/wp\/v2\/users\/772"}],"replies":[{"embeddable":true,"href":"https:\/\/folhapopular.info\/index.php\/wp-json\/wp\/v2\/comments?post=205878"}],"version-history":[{"count":0,"href":"https:\/\/folhapopular.info\/index.php\/wp-json\/wp\/v2\/posts\/205878\/revisions"}],"wp:featuredmedia":[{"embeddable":true,"href":"https:\/\/folhapopular.info\/index.php\/wp-json\/wp\/v2\/media\/205879"}],"wp:attachment":[{"href":"https:\/\/folhapopular.info\/index.php\/wp-json\/wp\/v2\/media?parent=205878"}],"wp:term":[{"taxonomy":"category","embeddable":true,"href":"https:\/\/folhapopular.info\/index.php\/wp-json\/wp\/v2\/categories?post=205878"},{"taxonomy":"post_tag","embeddable":true,"href":"https:\/\/folhapopular.info\/index.php\/wp-json\/wp\/v2\/tags?post=205878"}],"curies":[{"name":"wp","href":"https:\/\/api.w.org\/{rel}","templated":true}]}}