{"id":205881,"date":"2026-03-14T10:00:00","date_gmt":"2026-03-14T13:00:00","guid":{"rendered":"https:\/\/folhapopular.info\/?p=205881"},"modified":"2026-03-14T11:25:32","modified_gmt":"2026-03-14T14:25:32","slug":"governo-zera-impostos-federais-para-conter-alta-do-diesel","status":"publish","type":"post","link":"https:\/\/folhapopular.info\/index.php\/2026\/03\/14\/governo-zera-impostos-federais-para-conter-alta-do-diesel\/","title":{"rendered":"Governo zera impostos federais para conter alta do diesel"},"content":{"rendered":"\n<p>O governo federal anunciou nesta semana a elimina\u00e7\u00e3o das al\u00edquotas de PIS e Cofins sobre a importa\u00e7\u00e3o e a comercializa\u00e7\u00e3o do \u00f3leo diesel, em uma tentativa de conter a press\u00e3o recente sobre os pre\u00e7os do combust\u00edvel no pa\u00eds.<\/p>\n\n\n\n<p>As medidas devem vigorar at\u00e9 31 de dezembro deste ano. Um dia ap\u00f3s a desonera\u00e7\u00e3o, nessa sexta-feira (13\/3) a Petrobras informou que reajustar\u00e1 o pre\u00e7o do diesel vendido \u00e0s refinarias em R$ 0,38, medida que passa a valer a partir de hoje (14\/3).<\/p>\n\n\n\n<p>A estimativa \u00e9 que a redu\u00e7\u00e3o dos tributos diminua o pre\u00e7o do diesel em cerca de R$ 0,32 por litro nas refinarias. A subven\u00e7\u00e3o criada para o setor produtivo pode representar um impacto adicional semelhante, o que elevaria o potencial de redu\u00e7\u00e3o para aproximadamente R$ 0,64 por litro ao longo da cadeia de abastecimento. Com aumento previsto de R$ 0,38, a redu\u00e7\u00e3o deve ficar em R$ 0,26.<\/p>\n\n\n\n<p>Propriet\u00e1rio do Posto Brune, em Teut\u00f4nia, Seno Brune afirma que a situa\u00e7\u00e3o \u00e9 confusa para quem \u00e9 empreendedor do setor, que fica sem saber como agir diante dos an\u00fancios. Segundo ele, nem mesmo as distribuidoras t\u00eam certeza de qual ser\u00e1 o pre\u00e7o praticado nos pr\u00f3ximos dias, mas que n\u00e3o houve aumento ao longo da semana. \u201cNosso pre\u00e7o continua o mesmo da distribuidora e s\u00f3 vou mudar quando o fornecedor subir\u201d, afirma.<\/p>\n\n\n\n<p>Na tarde dessa sexta-feira, o posto de Brune recebeu uma nova carga de Diesel S-10, ainda com o mesmo pre\u00e7o. \u201cEsta carga que est\u00e1 chegando agora eu paguei ontem. O que eu vou receber segunda-feira, pagarei hoje (sexta-feira)\u201d, explica. Segundo ele, para os pr\u00f3ximos dias a tend\u00eancia \u00e9 que n\u00e3o falte combust\u00edvel, mas que o pre\u00e7o aumente, uma vez que as refinarias e distribuidoras j\u00e1 compram combust\u00edvel mais caro.<\/p>\n\n\n\n<figure class=\"wp-block-image size-large\"><img loading=\"lazy\" decoding=\"async\" width=\"1024\" height=\"768\" src=\"https:\/\/folhapopular.info\/wp-content\/uploads\/2026\/03\/Seno-Brune_TM-1024x768.jpeg\" alt=\"\" class=\"wp-image-205883\" srcset=\"https:\/\/folhapopular.info\/wp-content\/uploads\/2026\/03\/Seno-Brune_TM-1024x768.jpeg 1024w, https:\/\/folhapopular.info\/wp-content\/uploads\/2026\/03\/Seno-Brune_TM-300x225.jpeg 300w, https:\/\/folhapopular.info\/wp-content\/uploads\/2026\/03\/Seno-Brune_TM-768x576.jpeg 768w, https:\/\/folhapopular.info\/wp-content\/uploads\/2026\/03\/Seno-Brune_TM-1536x1152.jpeg 1536w, https:\/\/folhapopular.info\/wp-content\/uploads\/2026\/03\/Seno-Brune_TM-2048x1536.jpeg 2048w, https:\/\/folhapopular.info\/wp-content\/uploads\/2026\/03\/Seno-Brune_TM-560x420.jpeg 560w, https:\/\/folhapopular.info\/wp-content\/uploads\/2026\/03\/Seno-Brune_TM-80x60.jpeg 80w, https:\/\/folhapopular.info\/wp-content\/uploads\/2026\/03\/Seno-Brune_TM-696x522.jpeg 696w, https:\/\/folhapopular.info\/wp-content\/uploads\/2026\/03\/Seno-Brune_TM-1068x801.jpeg 1068w, https:\/\/folhapopular.info\/wp-content\/uploads\/2026\/03\/Seno-Brune_TM-1920x1440.jpeg 1920w\" sizes=\"auto, (max-width: 1024px) 100vw, 1024px\" \/><figcaption class=\"wp-element-caption\"><br>Propriet\u00e1rio do Posto Brune, em Teut\u00f4nia, Seno Brune relata incerteza quanto ao pre\u00e7o dos combust\u00edveis a partir da pr\u00f3xima semana \/ Cr\u00e9dito: Thiago Maurique<\/figcaption><\/figure>\n\n\n\n<p>Conforme o empres\u00e1rio, os postos que mais sofrem com esta situa\u00e7\u00e3o s\u00e3o os que n\u00e3o t\u00eam bandeira, portanto, n\u00e3o mant\u00eam contratos fixos com distribuidoras. \u201cMuitas vezes eles conseguem praticar um pre\u00e7o bem mais baixo porque compram mais barato, mas existe o risco de n\u00e3o ter fornecimento\u201d, ressalta.<\/p>\n\n\n\n<p>Entidade que representa os postos de combust\u00edveis no Rio Grande do Sul, a Sulpetro afirma que ainda \u00e9 cedo para estimar quando a redu\u00e7\u00e3o poder\u00e1 chegar \u00e0s bombas. De acordo com o presidente da organiza\u00e7\u00e3o, Jo\u00e3o Carlos Dal\u2019Aqua, o repasse depende de uma s\u00e9rie de etapas dentro da cadeia de distribui\u00e7\u00e3o.<\/p>\n\n\n\n<p>Entre os pontos citados pelo dirigente est\u00e3o a regulamenta\u00e7\u00e3o da subven\u00e7\u00e3o financeira, o c\u00e1lculo das contribui\u00e7\u00f5es j\u00e1 recolhidas pelas distribuidoras sobre os estoques existentes nas bases e os valores que cada companhia repassar\u00e1 \u00e0s revendas ap\u00f3s a queda dos impostos. \u201cO mercado de combust\u00edveis opera em regime de livre concorr\u00eancia. Assim, cada posto define seus pre\u00e7os conforme a pr\u00f3pria planilha de custos, negocia\u00e7\u00f5es com distribuidoras e estrat\u00e9gias comerciais\u201d, aponta.<\/p>\n\n\n\n<p>O pacote de desonera\u00e7\u00f5es e o aumento nos pre\u00e7os por parte da Petrobras foram anunciados em meio \u00e0 volatilidade do mercado internacional de petr\u00f3leo, intensificada pelo conflito entre Estados Unidos, Israel e Ir\u00e3. O pre\u00e7o do barril do \u00f3leo bruto no mercado internacional subiu de US$ 65 para US$ 100 desde o in\u00edcio das tens\u00f5es no Oriente M\u00e9dio.<\/p>\n\n\n\n<h2 class=\"wp-block-heading\"><strong>Corrida aos postos ap\u00f3s boatos<\/strong><\/h2>\n\n\n\n<p><a href=\"https:\/\/folhapopular.info\/?s=combust%C3%ADvel\" type=\"link\" id=\"https:\/\/folhapopular.info\/?s=combust%C3%ADvel\" target=\"_blank\" rel=\"noreferrer noopener\">Informa\u00e7\u00f5es compartilhadas em grupos de WhatsApp provocaram correria a postos de combust\u00edveis do Vale do Taquari na tarde de ter\u00e7a-feira (10\/3). <\/a>Filas se formaram em diferentes estabelecimentos da regi\u00e3o e parte dos postos chegou a limitar o abastecimento a R$ 100 por cliente, enquanto outros tiveram seus estoques esvaziados ao longo da tarde.<\/p>\n\n\n\n<p>As mensagens compartilhadas nas redes sociais falavam sobre o suposto risco de desabastecimento, associado \u00e0 guerra no Golfo P\u00e9rsico. Mas, apesar da alta procura, n\u00e3o foram registrados relatos de falta de combust\u00edveis nas distribuidoras que atuam no Rio Grande do Sul.<\/p>\n\n\n\n<p>Seno Brune classificou o ocorrido como um exagero. \u201cAqui no posto, naquela ter\u00e7a-feira, n\u00f3s t\u00ednhamos combust\u00edvel para 2 dias, mas por volta das 15h j\u00e1 tinha terminado, porque muita gente veio abastecer\u201d, relata.<\/p>\n\n\n\n<p>Segundo ele, consumidores que costumavam abastecer entre R$ 50 e R$ 100 resolveram completar o tanque. \u201cMuita gente que ainda tinha combust\u00edvel veio abastecer tamb\u00e9m. As pessoas acabaram se exaltando, mas n\u00e3o precisava disso. No outro dia j\u00e1 estava tudo tranquilo novamente\u201d, lembra.<\/p>\n\n\n\n<p><\/p>\n\n\n\n<p><\/p>\n","protected":false},"excerpt":{"rendered":"<p>O governo federal anunciou nesta semana a elimina\u00e7\u00e3o das al\u00edquotas de PIS e Cofins sobre a importa\u00e7\u00e3o e a comercializa\u00e7\u00e3o do \u00f3leo diesel, em uma tentativa de conter a press\u00e3o recente sobre os pre\u00e7os do combust\u00edvel no pa\u00eds. As medidas devem vigorar at\u00e9 31 de dezembro deste ano. Um dia ap\u00f3s a desonera\u00e7\u00e3o, nessa sexta-feira [&hellip;]<\/p>\n","protected":false},"author":771,"featured_media":205882,"comment_status":"open","ping_status":"open","sticky":false,"template":"","format":"standard","meta":{"pmpro_default_level":"","_jetpack_memberships_contains_paid_content":false,"footnotes":""},"categories":[2,10991,12473],"tags":[2854,1383,1382,8860,20726,20757],"class_list":{"0":"post-205881","1":"post","2":"type-post","3":"status-publish","4":"format-standard","5":"has-post-thumbnail","7":"category-featured","8":"category-economia","9":"category-negocios","10":"tag-combustivel","11":"tag-diesel","12":"tag-gasolina","13":"tag-impostos","14":"tag-petroleo","15":"tag-posto-brune","16":"pmpro-has-access"},"yoast_head":"<!-- This site is optimized with the Yoast SEO plugin v27.5 - https:\/\/yoast.com\/product\/yoast-seo-wordpress\/ -->\n<title>Governo zera impostos federais para conter alta do diesel - Folha Popular<\/title>\n<meta name=\"description\" content=\"Conforme a Sulpetro, ainda n\u00e3o h\u00e1 previs\u00e3o de quando os descontos sobre PIS e Cofins no \u00f3leo diesel devem chegar \u00e0s bombas.\" \/>\n<meta name=\"robots\" content=\"index, follow, max-snippet:-1, max-image-preview:large, max-video-preview:-1\" \/>\n<link rel=\"canonical\" href=\"https:\/\/folhapopular.info\/index.php\/2026\/03\/14\/governo-zera-impostos-federais-para-conter-alta-do-diesel\/\" \/>\n<meta property=\"og:locale\" content=\"pt_BR\" \/>\n<meta property=\"og:type\" content=\"article\" \/>\n<meta property=\"og:title\" content=\"Governo zera impostos federais para conter alta do diesel - Folha Popular\" \/>\n<meta property=\"og:description\" content=\"Conforme a Sulpetro, ainda n\u00e3o h\u00e1 previs\u00e3o de quando os descontos sobre PIS e Cofins no \u00f3leo diesel devem chegar \u00e0s bombas.\" \/>\n<meta property=\"og:url\" content=\"https:\/\/folhapopular.info\/index.php\/2026\/03\/14\/governo-zera-impostos-federais-para-conter-alta-do-diesel\/\" \/>\n<meta property=\"og:site_name\" content=\"Folha Popular\" \/>\n<meta property=\"article:published_time\" content=\"2026-03-14T13:00:00+00:00\" \/>\n<meta property=\"article:modified_time\" content=\"2026-03-14T14:25:32+00:00\" \/>\n<meta property=\"og:image\" content=\"http:\/\/folhapopular.info\/wp-content\/uploads\/2026\/03\/Gasolina-capa_TM-scaled.jpeg\" \/>\n\t<meta property=\"og:image:width\" content=\"2560\" \/>\n\t<meta property=\"og:image:height\" content=\"1920\" \/>\n\t<meta property=\"og:image:type\" content=\"image\/jpeg\" \/>\n<meta name=\"author\" content=\"Thiago Maurique\" \/>\n<meta name=\"twitter:card\" content=\"summary_large_image\" \/>\n<meta name=\"twitter:label1\" content=\"Escrito por\" \/>\n\t<meta name=\"twitter:data1\" content=\"Thiago Maurique\" \/>\n\t<meta name=\"twitter:label2\" content=\"Est. tempo de leitura\" \/>\n\t<meta name=\"twitter:data2\" content=\"5 minutos\" \/>\n<script type=\"application\/ld+json\" class=\"yoast-schema-graph\">{\"@context\":\"https:\\\/\\\/schema.org\",\"@graph\":[{\"@type\":\"Article\",\"@id\":\"https:\\\/\\\/folhapopular.info\\\/index.php\\\/2026\\\/03\\\/14\\\/governo-zera-impostos-federais-para-conter-alta-do-diesel\\\/#article\",\"isPartOf\":{\"@id\":\"https:\\\/\\\/folhapopular.info\\\/index.php\\\/2026\\\/03\\\/14\\\/governo-zera-impostos-federais-para-conter-alta-do-diesel\\\/\"},\"author\":{\"name\":\"Thiago Maurique\",\"@id\":\"https:\\\/\\\/folhapopular.info\\\/#\\\/schema\\\/person\\\/da0b2794f793376cb5dd908e88ca6911\"},\"headline\":\"Governo zera impostos federais para conter alta do diesel\",\"datePublished\":\"2026-03-14T13:00:00+00:00\",\"dateModified\":\"2026-03-14T14:25:32+00:00\",\"mainEntityOfPage\":{\"@id\":\"https:\\\/\\\/folhapopular.info\\\/index.php\\\/2026\\\/03\\\/14\\\/governo-zera-impostos-federais-para-conter-alta-do-diesel\\\/\"},\"wordCount\":786,\"commentCount\":0,\"image\":{\"@id\":\"https:\\\/\\\/folhapopular.info\\\/index.php\\\/2026\\\/03\\\/14\\\/governo-zera-impostos-federais-para-conter-alta-do-diesel\\\/#primaryimage\"},\"thumbnailUrl\":\"https:\\\/\\\/folhapopular.info\\\/wp-content\\\/uploads\\\/2026\\\/03\\\/Gasolina-capa_TM-scaled.jpeg\",\"keywords\":[\"combust\u00edvel\",\"Diesel\",\"Gasolina\",\"Impostos\",\"Petr\u00f3leo\",\"Posto Brune\"],\"articleSection\":[\"Destaques\",\"Economia\",\"Neg\u00f3cios\"],\"inLanguage\":\"pt-BR\",\"potentialAction\":[{\"@type\":\"CommentAction\",\"name\":\"Comment\",\"target\":[\"https:\\\/\\\/folhapopular.info\\\/index.php\\\/2026\\\/03\\\/14\\\/governo-zera-impostos-federais-para-conter-alta-do-diesel\\\/#respond\"]}]},{\"@type\":\"WebPage\",\"@id\":\"https:\\\/\\\/folhapopular.info\\\/index.php\\\/2026\\\/03\\\/14\\\/governo-zera-impostos-federais-para-conter-alta-do-diesel\\\/\",\"url\":\"https:\\\/\\\/folhapopular.info\\\/index.php\\\/2026\\\/03\\\/14\\\/governo-zera-impostos-federais-para-conter-alta-do-diesel\\\/\",\"name\":\"Governo zera impostos federais para conter alta do diesel - Folha Popular\",\"isPartOf\":{\"@id\":\"https:\\\/\\\/folhapopular.info\\\/#website\"},\"primaryImageOfPage\":{\"@id\":\"https:\\\/\\\/folhapopular.info\\\/index.php\\\/2026\\\/03\\\/14\\\/governo-zera-impostos-federais-para-conter-alta-do-diesel\\\/#primaryimage\"},\"image\":{\"@id\":\"https:\\\/\\\/folhapopular.info\\\/index.php\\\/2026\\\/03\\\/14\\\/governo-zera-impostos-federais-para-conter-alta-do-diesel\\\/#primaryimage\"},\"thumbnailUrl\":\"https:\\\/\\\/folhapopular.info\\\/wp-content\\\/uploads\\\/2026\\\/03\\\/Gasolina-capa_TM-scaled.jpeg\",\"datePublished\":\"2026-03-14T13:00:00+00:00\",\"dateModified\":\"2026-03-14T14:25:32+00:00\",\"author\":{\"@id\":\"https:\\\/\\\/folhapopular.info\\\/#\\\/schema\\\/person\\\/da0b2794f793376cb5dd908e88ca6911\"},\"description\":\"Conforme a Sulpetro, ainda n\u00e3o h\u00e1 previs\u00e3o de quando os descontos sobre PIS e Cofins no \u00f3leo diesel devem chegar \u00e0s bombas.\",\"breadcrumb\":{\"@id\":\"https:\\\/\\\/folhapopular.info\\\/index.php\\\/2026\\\/03\\\/14\\\/governo-zera-impostos-federais-para-conter-alta-do-diesel\\\/#breadcrumb\"},\"inLanguage\":\"pt-BR\",\"potentialAction\":[{\"@type\":\"ReadAction\",\"target\":[\"https:\\\/\\\/folhapopular.info\\\/index.php\\\/2026\\\/03\\\/14\\\/governo-zera-impostos-federais-para-conter-alta-do-diesel\\\/\"]}]},{\"@type\":\"ImageObject\",\"inLanguage\":\"pt-BR\",\"@id\":\"https:\\\/\\\/folhapopular.info\\\/index.php\\\/2026\\\/03\\\/14\\\/governo-zera-impostos-federais-para-conter-alta-do-diesel\\\/#primaryimage\",\"url\":\"https:\\\/\\\/folhapopular.info\\\/wp-content\\\/uploads\\\/2026\\\/03\\\/Gasolina-capa_TM-scaled.jpeg\",\"contentUrl\":\"https:\\\/\\\/folhapopular.info\\\/wp-content\\\/uploads\\\/2026\\\/03\\\/Gasolina-capa_TM-scaled.jpeg\",\"width\":2560,\"height\":1920,\"caption\":\"Apesar de boatos, fornecimento aos postos segue normalmente e n\u00e3o h\u00e1 previs\u00e3o de desabastecimento \\\/ Cr\u00e9dito: Thiago Maurique\"},{\"@type\":\"BreadcrumbList\",\"@id\":\"https:\\\/\\\/folhapopular.info\\\/index.php\\\/2026\\\/03\\\/14\\\/governo-zera-impostos-federais-para-conter-alta-do-diesel\\\/#breadcrumb\",\"itemListElement\":[{\"@type\":\"ListItem\",\"position\":1,\"name\":\"In\u00edcio\",\"item\":\"https:\\\/\\\/folhapopular.info\\\/\"},{\"@type\":\"ListItem\",\"position\":2,\"name\":\"Governo zera impostos federais para conter alta do diesel\"}]},{\"@type\":\"WebSite\",\"@id\":\"https:\\\/\\\/folhapopular.info\\\/#website\",\"url\":\"https:\\\/\\\/folhapopular.info\\\/\",\"name\":\"Folha Popular\",\"description\":\"Onde voc\u00ea tem vez e voz\",\"potentialAction\":[{\"@type\":\"SearchAction\",\"target\":{\"@type\":\"EntryPoint\",\"urlTemplate\":\"https:\\\/\\\/folhapopular.info\\\/?s={search_term_string}\"},\"query-input\":{\"@type\":\"PropertyValueSpecification\",\"valueRequired\":true,\"valueName\":\"search_term_string\"}}],\"inLanguage\":\"pt-BR\"},{\"@type\":\"Person\",\"@id\":\"https:\\\/\\\/folhapopular.info\\\/#\\\/schema\\\/person\\\/da0b2794f793376cb5dd908e88ca6911\",\"name\":\"Thiago Maurique\",\"image\":{\"@type\":\"ImageObject\",\"inLanguage\":\"pt-BR\",\"@id\":\"https:\\\/\\\/folhapopular.info\\\/wp-content\\\/uploads\\\/2026\\\/04\\\/THIAGO-MAURIQUE-1-1.webp\",\"url\":\"https:\\\/\\\/folhapopular.info\\\/wp-content\\\/uploads\\\/2026\\\/04\\\/THIAGO-MAURIQUE-1-1.webp\",\"contentUrl\":\"https:\\\/\\\/folhapopular.info\\\/wp-content\\\/uploads\\\/2026\\\/04\\\/THIAGO-MAURIQUE-1-1.webp\",\"caption\":\"Thiago Maurique\"},\"url\":\"https:\\\/\\\/folhapopular.info\\\/index.php\\\/author\\\/thiago-maurique\\\/\"}]}<\/script>\n<!-- \/ Yoast SEO plugin. -->","yoast_head_json":{"title":"Governo zera impostos federais para conter alta do diesel - Folha Popular","description":"Conforme a Sulpetro, ainda n\u00e3o h\u00e1 previs\u00e3o de quando os descontos sobre PIS e Cofins no \u00f3leo diesel devem chegar \u00e0s bombas.","robots":{"index":"index","follow":"follow","max-snippet":"max-snippet:-1","max-image-preview":"max-image-preview:large","max-video-preview":"max-video-preview:-1"},"canonical":"https:\/\/folhapopular.info\/index.php\/2026\/03\/14\/governo-zera-impostos-federais-para-conter-alta-do-diesel\/","og_locale":"pt_BR","og_type":"article","og_title":"Governo zera impostos federais para conter alta do diesel - Folha Popular","og_description":"Conforme a Sulpetro, ainda n\u00e3o h\u00e1 previs\u00e3o de quando os descontos sobre PIS e Cofins no \u00f3leo diesel devem chegar \u00e0s bombas.","og_url":"https:\/\/folhapopular.info\/index.php\/2026\/03\/14\/governo-zera-impostos-federais-para-conter-alta-do-diesel\/","og_site_name":"Folha Popular","article_published_time":"2026-03-14T13:00:00+00:00","article_modified_time":"2026-03-14T14:25:32+00:00","og_image":[{"width":2560,"height":1920,"url":"http:\/\/folhapopular.info\/wp-content\/uploads\/2026\/03\/Gasolina-capa_TM-scaled.jpeg","type":"image\/jpeg"}],"author":"Thiago Maurique","twitter_card":"summary_large_image","twitter_misc":{"Escrito por":"Thiago Maurique","Est. tempo de leitura":"5 minutos"},"schema":{"@context":"https:\/\/schema.org","@graph":[{"@type":"Article","@id":"https:\/\/folhapopular.info\/index.php\/2026\/03\/14\/governo-zera-impostos-federais-para-conter-alta-do-diesel\/#article","isPartOf":{"@id":"https:\/\/folhapopular.info\/index.php\/2026\/03\/14\/governo-zera-impostos-federais-para-conter-alta-do-diesel\/"},"author":{"name":"Thiago Maurique","@id":"https:\/\/folhapopular.info\/#\/schema\/person\/da0b2794f793376cb5dd908e88ca6911"},"headline":"Governo zera impostos federais para conter alta do diesel","datePublished":"2026-03-14T13:00:00+00:00","dateModified":"2026-03-14T14:25:32+00:00","mainEntityOfPage":{"@id":"https:\/\/folhapopular.info\/index.php\/2026\/03\/14\/governo-zera-impostos-federais-para-conter-alta-do-diesel\/"},"wordCount":786,"commentCount":0,"image":{"@id":"https:\/\/folhapopular.info\/index.php\/2026\/03\/14\/governo-zera-impostos-federais-para-conter-alta-do-diesel\/#primaryimage"},"thumbnailUrl":"https:\/\/folhapopular.info\/wp-content\/uploads\/2026\/03\/Gasolina-capa_TM-scaled.jpeg","keywords":["combust\u00edvel","Diesel","Gasolina","Impostos","Petr\u00f3leo","Posto Brune"],"articleSection":["Destaques","Economia","Neg\u00f3cios"],"inLanguage":"pt-BR","potentialAction":[{"@type":"CommentAction","name":"Comment","target":["https:\/\/folhapopular.info\/index.php\/2026\/03\/14\/governo-zera-impostos-federais-para-conter-alta-do-diesel\/#respond"]}]},{"@type":"WebPage","@id":"https:\/\/folhapopular.info\/index.php\/2026\/03\/14\/governo-zera-impostos-federais-para-conter-alta-do-diesel\/","url":"https:\/\/folhapopular.info\/index.php\/2026\/03\/14\/governo-zera-impostos-federais-para-conter-alta-do-diesel\/","name":"Governo zera impostos federais para conter alta do diesel - Folha Popular","isPartOf":{"@id":"https:\/\/folhapopular.info\/#website"},"primaryImageOfPage":{"@id":"https:\/\/folhapopular.info\/index.php\/2026\/03\/14\/governo-zera-impostos-federais-para-conter-alta-do-diesel\/#primaryimage"},"image":{"@id":"https:\/\/folhapopular.info\/index.php\/2026\/03\/14\/governo-zera-impostos-federais-para-conter-alta-do-diesel\/#primaryimage"},"thumbnailUrl":"https:\/\/folhapopular.info\/wp-content\/uploads\/2026\/03\/Gasolina-capa_TM-scaled.jpeg","datePublished":"2026-03-14T13:00:00+00:00","dateModified":"2026-03-14T14:25:32+00:00","author":{"@id":"https:\/\/folhapopular.info\/#\/schema\/person\/da0b2794f793376cb5dd908e88ca6911"},"description":"Conforme a Sulpetro, ainda n\u00e3o h\u00e1 previs\u00e3o de quando os descontos sobre PIS e Cofins no \u00f3leo diesel devem chegar \u00e0s bombas.","breadcrumb":{"@id":"https:\/\/folhapopular.info\/index.php\/2026\/03\/14\/governo-zera-impostos-federais-para-conter-alta-do-diesel\/#breadcrumb"},"inLanguage":"pt-BR","potentialAction":[{"@type":"ReadAction","target":["https:\/\/folhapopular.info\/index.php\/2026\/03\/14\/governo-zera-impostos-federais-para-conter-alta-do-diesel\/"]}]},{"@type":"ImageObject","inLanguage":"pt-BR","@id":"https:\/\/folhapopular.info\/index.php\/2026\/03\/14\/governo-zera-impostos-federais-para-conter-alta-do-diesel\/#primaryimage","url":"https:\/\/folhapopular.info\/wp-content\/uploads\/2026\/03\/Gasolina-capa_TM-scaled.jpeg","contentUrl":"https:\/\/folhapopular.info\/wp-content\/uploads\/2026\/03\/Gasolina-capa_TM-scaled.jpeg","width":2560,"height":1920,"caption":"Apesar de boatos, fornecimento aos postos segue normalmente e n\u00e3o h\u00e1 previs\u00e3o de desabastecimento \/ Cr\u00e9dito: Thiago Maurique"},{"@type":"BreadcrumbList","@id":"https:\/\/folhapopular.info\/index.php\/2026\/03\/14\/governo-zera-impostos-federais-para-conter-alta-do-diesel\/#breadcrumb","itemListElement":[{"@type":"ListItem","position":1,"name":"In\u00edcio","item":"https:\/\/folhapopular.info\/"},{"@type":"ListItem","position":2,"name":"Governo zera impostos federais para conter alta do diesel"}]},{"@type":"WebSite","@id":"https:\/\/folhapopular.info\/#website","url":"https:\/\/folhapopular.info\/","name":"Folha Popular","description":"Onde voc\u00ea tem vez e voz","potentialAction":[{"@type":"SearchAction","target":{"@type":"EntryPoint","urlTemplate":"https:\/\/folhapopular.info\/?s={search_term_string}"},"query-input":{"@type":"PropertyValueSpecification","valueRequired":true,"valueName":"search_term_string"}}],"inLanguage":"pt-BR"},{"@type":"Person","@id":"https:\/\/folhapopular.info\/#\/schema\/person\/da0b2794f793376cb5dd908e88ca6911","name":"Thiago Maurique","image":{"@type":"ImageObject","inLanguage":"pt-BR","@id":"https:\/\/folhapopular.info\/wp-content\/uploads\/2026\/04\/THIAGO-MAURIQUE-1-1.webp","url":"https:\/\/folhapopular.info\/wp-content\/uploads\/2026\/04\/THIAGO-MAURIQUE-1-1.webp","contentUrl":"https:\/\/folhapopular.info\/wp-content\/uploads\/2026\/04\/THIAGO-MAURIQUE-1-1.webp","caption":"Thiago Maurique"},"url":"https:\/\/folhapopular.info\/index.php\/author\/thiago-maurique\/"}]}},"jetpack_featured_media_url":"https:\/\/folhapopular.info\/wp-content\/uploads\/2026\/03\/Gasolina-capa_TM-scaled.jpeg","jetpack_sharing_enabled":true,"amp_enabled":true,"_links":{"self":[{"href":"https:\/\/folhapopular.info\/index.php\/wp-json\/wp\/v2\/posts\/205881","targetHints":{"allow":["GET"]}}],"collection":[{"href":"https:\/\/folhapopular.info\/index.php\/wp-json\/wp\/v2\/posts"}],"about":[{"href":"https:\/\/folhapopular.info\/index.php\/wp-json\/wp\/v2\/types\/post"}],"author":[{"embeddable":true,"href":"https:\/\/folhapopular.info\/index.php\/wp-json\/wp\/v2\/users\/771"}],"replies":[{"embeddable":true,"href":"https:\/\/folhapopular.info\/index.php\/wp-json\/wp\/v2\/comments?post=205881"}],"version-history":[{"count":0,"href":"https:\/\/folhapopular.info\/index.php\/wp-json\/wp\/v2\/posts\/205881\/revisions"}],"wp:featuredmedia":[{"embeddable":true,"href":"https:\/\/folhapopular.info\/index.php\/wp-json\/wp\/v2\/media\/205882"}],"wp:attachment":[{"href":"https:\/\/folhapopular.info\/index.php\/wp-json\/wp\/v2\/media?parent=205881"}],"wp:term":[{"taxonomy":"category","embeddable":true,"href":"https:\/\/folhapopular.info\/index.php\/wp-json\/wp\/v2\/categories?post=205881"},{"taxonomy":"post_tag","embeddable":true,"href":"https:\/\/folhapopular.info\/index.php\/wp-json\/wp\/v2\/tags?post=205881"}],"curies":[{"name":"wp","href":"https:\/\/api.w.org\/{rel}","templated":true}]}}