{"id":205892,"date":"2026-03-15T16:00:00","date_gmt":"2026-03-15T19:00:00","guid":{"rendered":"https:\/\/folhapopular.info\/?p=205892"},"modified":"2026-03-14T08:13:00","modified_gmt":"2026-03-14T11:13:00","slug":"projeto-da-onu-fortalece-planejamento-e-prevencao-contra-eventos-climaticos","status":"publish","type":"post","link":"https:\/\/folhapopular.info\/index.php\/2026\/03\/15\/projeto-da-onu-fortalece-planejamento-e-prevencao-contra-eventos-climaticos\/","title":{"rendered":"Projeto da ONU fortalece planejamento e preven\u00e7\u00e3o contra eventos clim\u00e1ticos"},"content":{"rendered":"\n<p><br>O projeto Tch\u00ea Prepara busca melhorar a prepara\u00e7\u00e3o e a resposta da comunidade e do poder p\u00fablico diante de eventos extremos, como enchentes. A iniciativa \u00e9 promovida pela Organiza\u00e7\u00e3o Internacional para as Migra\u00e7\u00f5es (OIM), ag\u00eancia da Organiza\u00e7\u00e3o das Na\u00e7\u00f5es Unidas (ONU).<\/p>\n\n\n\n<p>Neste ano, o programa contempla os munic\u00edpios de Estrela, Colinas, Arroio do Meio e Roca Sales. A iniciativa j\u00e1 passou por Encantado, Mu\u00e7um e Cruzeiro do Sul.<\/p>\n\n\n\n<p>No s\u00e1bado passado (7\/3), Estrela recebeu uma oficina comunit\u00e1ria de capacita\u00e7\u00e3o e prepara\u00e7\u00e3o para eventos clim\u00e1ticos. A atividade reuniu moradores, lideran\u00e7as locais, volunt\u00e1rios e especialistas em uma din\u00e2mica pr\u00e1tica de compreens\u00e3o dos riscos e organiza\u00e7\u00e3o comunit\u00e1ria para resposta a desastres.<\/p>\n\n\n\n<p>Durante o encontro, os participantes trabalharam com mapas impressos do munic\u00edpio para identificar \u00e1reas de risco. Al\u00e9m das atividades te\u00f3ricas, conheceram a nova sede da Defesa Civil e o Centro de Opera\u00e7\u00f5es do munic\u00edpio, estrutura respons\u00e1vel pelo monitoramento de eventos cr\u00edticos.<\/p>\n\n\n\n<p>O coordenador da Defesa Civil de Estrela, tenente Rivelino Jacques, explica que o objetivo \u00e9 aproximar o conhecimento t\u00e9cnico do cotidiano dos moradores. A pr\u00f3xima etapa ser\u00e1 na quarta-feira (18\/3), \u00e0s 18h30, no sal\u00e3o da Oase, localizado na Rua Pinheiro Machado, n\u00ba 179, no Centro.<\/p>\n\n\n\n<p>Uma das principais orienta\u00e7\u00f5es \u00e9 que as fam\u00edlias se preparem com anteced\u00eancia para situa\u00e7\u00f5es de emerg\u00eancia. A recomenda\u00e7\u00e3o \u00e9 de que haja um plano de emerg\u00eancia e um kit de sobreviv\u00eancia, com uma lanterna, \u00e1gua e r\u00e1dio, al\u00e9m da defini\u00e7\u00e3o pr\u00e9via de rotas em caso de evacua\u00e7\u00e3o.<\/p>\n\n\n\n<p>Outro foco das atividades \u00e9 combater a chamada \u201cs\u00edndrome do c\u00e9u azul\u201d. A express\u00e3o se refere \u00e0 tend\u00eancia de a popula\u00e7\u00e3o reduzir a aten\u00e7\u00e3o aos riscos quando o tempo melhora.<\/p>\n\n\n\n<p>Para manter a cultura de preven\u00e7\u00e3o ativa, uma das propostas discutidas \u00e9 a cria\u00e7\u00e3o de um dia municipal para a realiza\u00e7\u00e3o de simulados anuais de emerg\u00eancia.<\/p>\n\n\n\n<p>O trabalho desenvolvido em Estrela ser\u00e1 apresentado no dia 27 de mar\u00e7o no <em>South Summit<\/em>, em Porto Alegre, como exemplo de mobiliza\u00e7\u00e3o comunit\u00e1ria para preven\u00e7\u00e3o de desastres.<\/p>\n\n\n\n<h2 class=\"wp-block-heading\"><strong>Assista:<\/strong><\/h2>\n\n\n\n<figure class=\"wp-block-embed is-type-video is-provider-youtube wp-block-embed-youtube wp-embed-aspect-16-9 wp-has-aspect-ratio\"><div class=\"wp-block-embed__wrapper\">\n<div class=\"youtube-embed\" data-video_id=\"\"><iframe loading=\"lazy\" title=\"OIM lan\u00e7a projeto para fortalecer prepara\u00e7\u00e3o e resposta a emerg\u00eancias no Sul do Brasil\" width=\"696\" height=\"392\" src=\"https:\/\/www.youtube.com\/embed\/JaV4M3N-3q4?feature=oembed&#038;enablejsapi=1\" frameborder=\"0\" allow=\"accelerometer; autoplay; clipboard-write; encrypted-media; gyroscope; picture-in-picture; web-share\" referrerpolicy=\"strict-origin-when-cross-origin\" allowfullscreen><\/iframe><\/div>\n<\/div><\/figure>\n\n\n\n<h2 class=\"wp-block-heading\"><strong>Colinas<\/strong><\/h2>\n\n\n\n<p>Em Colinas, as atividades ainda n\u00e3o iniciaram, mas a Administra\u00e7\u00e3o Municipal esteve presente no lan\u00e7amento do projeto na ter\u00e7a-feira (10\/3), no Minist\u00e9rio P\u00fablico, em Lajeado.<\/p>\n\n\n\n<p>Durante o encontro, o Munic\u00edpio formalizou a ades\u00e3o ao programa, que prev\u00ea treinamentos, capacita\u00e7\u00f5es e a\u00e7\u00f5es de qualifica\u00e7\u00e3o para equipes municipais e para a comunidade, fortalecendo a cultura de preven\u00e7\u00e3o e organiza\u00e7\u00e3o em situa\u00e7\u00f5es de risco.<\/p>\n\n\n\n<p>A primeira oficina de sensibiliza\u00e7\u00e3o comunit\u00e1ria ser\u00e1 na segunda-feira (16\/3), \u00e0s 19h, no Teatro Municipal. A reuni\u00e3o \u00e9 aberta para a comunidade.<\/p>\n\n\n\n<p>O prefeito Marcelo Schroer destacou a import\u00e2ncia da iniciativa. \u201cColinas aderiu a este projeto justamente para qualificar nossa equipe, preparar a popula\u00e7\u00e3o e fortalecer a\u00e7\u00f5es para mitigar os impactos de situa\u00e7\u00f5es extremas. O objetivo maior \u00e9 sempre salvar vidas\u201d, ressaltou.<\/p>\n\n\n\n<p>O Tch\u00ea Prepara \u00e9 uma parceria com o governo do Estado, a Coordenadoria de Prote\u00e7\u00e3o da Defesa Civil e o Minist\u00e9rio P\u00fablico do Rio Grande do Sul. \u00c9 financiado pelo RegeneraRS, composto pelo Instituto Vakinha.<\/p>\n","protected":false},"excerpt":{"rendered":"<p>O projeto Tch\u00ea Prepara busca melhorar a prepara\u00e7\u00e3o e a resposta da comunidade e do poder p\u00fablico diante de eventos extremos, como enchentes. A iniciativa \u00e9 promovida pela Organiza\u00e7\u00e3o Internacional para as Migra\u00e7\u00f5es (OIM), ag\u00eancia da Organiza\u00e7\u00e3o das Na\u00e7\u00f5es Unidas (ONU). Neste ano, o programa contempla os munic\u00edpios de Estrela, Colinas, Arroio do Meio e [&hellip;]<\/p>\n","protected":false},"author":8,"featured_media":205893,"comment_status":"open","ping_status":"open","sticky":false,"template":"","format":"standard","meta":{"pmpro_default_level":"","_jetpack_memberships_contains_paid_content":false,"footnotes":""},"categories":[2,3],"tags":[183,8,5330,707,20759],"class_list":{"0":"post-205892","1":"post","2":"type-post","3":"status-publish","4":"format-standard","5":"has-post-thumbnail","7":"category-featured","8":"category-geral","9":"tag-colinas","10":"tag-estrela","11":"tag-onu","12":"tag-roca-sales","13":"tag-tche-prepara","14":"pmpro-has-access"},"yoast_head":"<!-- This site is optimized with the Yoast SEO plugin v27.5 - https:\/\/yoast.com\/product\/yoast-seo-wordpress\/ -->\n<title>Projeto da ONU fortalece planejamento e preven\u00e7\u00e3o contra eventos clim\u00e1ticos - Folha Popular<\/title>\n<meta name=\"robots\" content=\"index, follow, max-snippet:-1, max-image-preview:large, max-video-preview:-1\" \/>\n<link rel=\"canonical\" href=\"https:\/\/folhapopular.info\/index.php\/2026\/03\/15\/projeto-da-onu-fortalece-planejamento-e-prevencao-contra-eventos-climaticos\/\" \/>\n<meta property=\"og:locale\" content=\"pt_BR\" \/>\n<meta property=\"og:type\" content=\"article\" \/>\n<meta property=\"og:title\" content=\"Projeto da ONU fortalece planejamento e preven\u00e7\u00e3o contra eventos clim\u00e1ticos - Folha Popular\" \/>\n<meta property=\"og:description\" content=\"O projeto Tch\u00ea Prepara busca melhorar a prepara\u00e7\u00e3o e a resposta da comunidade e do poder p\u00fablico diante de eventos extremos, como enchentes. A iniciativa \u00e9 promovida pela Organiza\u00e7\u00e3o Internacional para as Migra\u00e7\u00f5es (OIM), ag\u00eancia da Organiza\u00e7\u00e3o das Na\u00e7\u00f5es Unidas (ONU). Neste ano, o programa contempla os munic\u00edpios de Estrela, Colinas, Arroio do Meio e [&hellip;]\" \/>\n<meta property=\"og:url\" content=\"https:\/\/folhapopular.info\/index.php\/2026\/03\/15\/projeto-da-onu-fortalece-planejamento-e-prevencao-contra-eventos-climaticos\/\" \/>\n<meta property=\"og:site_name\" content=\"Folha Popular\" \/>\n<meta property=\"article:published_time\" content=\"2026-03-15T19:00:00+00:00\" \/>\n<meta property=\"og:image\" content=\"https:\/\/folhapopular.info\/wp-content\/uploads\/2026\/03\/As-atividades-do-projeto-ja-iniciaram-em-Estrela.jpeg\" \/>\n\t<meta property=\"og:image:width\" content=\"1600\" \/>\n\t<meta property=\"og:image:height\" content=\"900\" \/>\n\t<meta property=\"og:image:type\" content=\"image\/jpeg\" \/>\n<meta name=\"author\" content=\"Reda\u00e7\u00e3o Folha Popular\" \/>\n<meta name=\"twitter:card\" content=\"summary_large_image\" \/>\n<meta name=\"twitter:label1\" content=\"Escrito por\" \/>\n\t<meta name=\"twitter:data1\" content=\"Reda\u00e7\u00e3o Folha Popular\" \/>\n\t<meta name=\"twitter:label2\" content=\"Est. tempo de leitura\" \/>\n\t<meta name=\"twitter:data2\" content=\"3 minutos\" \/>\n<script type=\"application\/ld+json\" class=\"yoast-schema-graph\">{\"@context\":\"https:\\\/\\\/schema.org\",\"@graph\":[{\"@type\":\"Article\",\"@id\":\"https:\\\/\\\/folhapopular.info\\\/index.php\\\/2026\\\/03\\\/15\\\/projeto-da-onu-fortalece-planejamento-e-prevencao-contra-eventos-climaticos\\\/#article\",\"isPartOf\":{\"@id\":\"https:\\\/\\\/folhapopular.info\\\/index.php\\\/2026\\\/03\\\/15\\\/projeto-da-onu-fortalece-planejamento-e-prevencao-contra-eventos-climaticos\\\/\"},\"author\":{\"name\":\"Reda\u00e7\u00e3o Folha Popular\",\"@id\":\"https:\\\/\\\/folhapopular.info\\\/#\\\/schema\\\/person\\\/2814e8a0df7643585a9ca38bc6eb9d4b\"},\"headline\":\"Projeto da ONU fortalece planejamento e preven\u00e7\u00e3o contra eventos clim\u00e1ticos\",\"datePublished\":\"2026-03-15T19:00:00+00:00\",\"mainEntityOfPage\":{\"@id\":\"https:\\\/\\\/folhapopular.info\\\/index.php\\\/2026\\\/03\\\/15\\\/projeto-da-onu-fortalece-planejamento-e-prevencao-contra-eventos-climaticos\\\/\"},\"wordCount\":575,\"commentCount\":0,\"image\":{\"@id\":\"https:\\\/\\\/folhapopular.info\\\/index.php\\\/2026\\\/03\\\/15\\\/projeto-da-onu-fortalece-planejamento-e-prevencao-contra-eventos-climaticos\\\/#primaryimage\"},\"thumbnailUrl\":\"https:\\\/\\\/folhapopular.info\\\/wp-content\\\/uploads\\\/2026\\\/03\\\/As-atividades-do-projeto-ja-iniciaram-em-Estrela.jpeg\",\"keywords\":[\"Colinas\",\"Estrela\",\"ONU\",\"Roca Sales\",\"Tch\u00ea Prepara\"],\"articleSection\":[\"Destaques\",\"Geral\"],\"inLanguage\":\"pt-BR\",\"potentialAction\":[{\"@type\":\"CommentAction\",\"name\":\"Comment\",\"target\":[\"https:\\\/\\\/folhapopular.info\\\/index.php\\\/2026\\\/03\\\/15\\\/projeto-da-onu-fortalece-planejamento-e-prevencao-contra-eventos-climaticos\\\/#respond\"]}]},{\"@type\":\"WebPage\",\"@id\":\"https:\\\/\\\/folhapopular.info\\\/index.php\\\/2026\\\/03\\\/15\\\/projeto-da-onu-fortalece-planejamento-e-prevencao-contra-eventos-climaticos\\\/\",\"url\":\"https:\\\/\\\/folhapopular.info\\\/index.php\\\/2026\\\/03\\\/15\\\/projeto-da-onu-fortalece-planejamento-e-prevencao-contra-eventos-climaticos\\\/\",\"name\":\"Projeto da ONU fortalece planejamento e preven\u00e7\u00e3o contra eventos clim\u00e1ticos - Folha Popular\",\"isPartOf\":{\"@id\":\"https:\\\/\\\/folhapopular.info\\\/#website\"},\"primaryImageOfPage\":{\"@id\":\"https:\\\/\\\/folhapopular.info\\\/index.php\\\/2026\\\/03\\\/15\\\/projeto-da-onu-fortalece-planejamento-e-prevencao-contra-eventos-climaticos\\\/#primaryimage\"},\"image\":{\"@id\":\"https:\\\/\\\/folhapopular.info\\\/index.php\\\/2026\\\/03\\\/15\\\/projeto-da-onu-fortalece-planejamento-e-prevencao-contra-eventos-climaticos\\\/#primaryimage\"},\"thumbnailUrl\":\"https:\\\/\\\/folhapopular.info\\\/wp-content\\\/uploads\\\/2026\\\/03\\\/As-atividades-do-projeto-ja-iniciaram-em-Estrela.jpeg\",\"datePublished\":\"2026-03-15T19:00:00+00:00\",\"author\":{\"@id\":\"https:\\\/\\\/folhapopular.info\\\/#\\\/schema\\\/person\\\/2814e8a0df7643585a9ca38bc6eb9d4b\"},\"breadcrumb\":{\"@id\":\"https:\\\/\\\/folhapopular.info\\\/index.php\\\/2026\\\/03\\\/15\\\/projeto-da-onu-fortalece-planejamento-e-prevencao-contra-eventos-climaticos\\\/#breadcrumb\"},\"inLanguage\":\"pt-BR\",\"potentialAction\":[{\"@type\":\"ReadAction\",\"target\":[\"https:\\\/\\\/folhapopular.info\\\/index.php\\\/2026\\\/03\\\/15\\\/projeto-da-onu-fortalece-planejamento-e-prevencao-contra-eventos-climaticos\\\/\"]}]},{\"@type\":\"ImageObject\",\"inLanguage\":\"pt-BR\",\"@id\":\"https:\\\/\\\/folhapopular.info\\\/index.php\\\/2026\\\/03\\\/15\\\/projeto-da-onu-fortalece-planejamento-e-prevencao-contra-eventos-climaticos\\\/#primaryimage\",\"url\":\"https:\\\/\\\/folhapopular.info\\\/wp-content\\\/uploads\\\/2026\\\/03\\\/As-atividades-do-projeto-ja-iniciaram-em-Estrela.jpeg\",\"contentUrl\":\"https:\\\/\\\/folhapopular.info\\\/wp-content\\\/uploads\\\/2026\\\/03\\\/As-atividades-do-projeto-ja-iniciaram-em-Estrela.jpeg\",\"width\":1600,\"height\":900,\"caption\":\"As atividades do projeto j\u00e1 iniciaram em Estrela \\\/ Cr\u00e9dito: Divulga\u00e7\u00e3o\"},{\"@type\":\"BreadcrumbList\",\"@id\":\"https:\\\/\\\/folhapopular.info\\\/index.php\\\/2026\\\/03\\\/15\\\/projeto-da-onu-fortalece-planejamento-e-prevencao-contra-eventos-climaticos\\\/#breadcrumb\",\"itemListElement\":[{\"@type\":\"ListItem\",\"position\":1,\"name\":\"In\u00edcio\",\"item\":\"https:\\\/\\\/folhapopular.info\\\/\"},{\"@type\":\"ListItem\",\"position\":2,\"name\":\"Projeto da ONU fortalece planejamento e preven\u00e7\u00e3o contra eventos clim\u00e1ticos\"}]},{\"@type\":\"WebSite\",\"@id\":\"https:\\\/\\\/folhapopular.info\\\/#website\",\"url\":\"https:\\\/\\\/folhapopular.info\\\/\",\"name\":\"Folha Popular\",\"description\":\"Onde voc\u00ea tem vez e voz\",\"potentialAction\":[{\"@type\":\"SearchAction\",\"target\":{\"@type\":\"EntryPoint\",\"urlTemplate\":\"https:\\\/\\\/folhapopular.info\\\/?s={search_term_string}\"},\"query-input\":{\"@type\":\"PropertyValueSpecification\",\"valueRequired\":true,\"valueName\":\"search_term_string\"}}],\"inLanguage\":\"pt-BR\"},{\"@type\":\"Person\",\"@id\":\"https:\\\/\\\/folhapopular.info\\\/#\\\/schema\\\/person\\\/2814e8a0df7643585a9ca38bc6eb9d4b\",\"name\":\"Reda\u00e7\u00e3o Folha Popular\",\"image\":{\"@type\":\"ImageObject\",\"inLanguage\":\"pt-BR\",\"@id\":\"https:\\\/\\\/folhapopular.info\\\/wp-content\\\/uploads\\\/2026\\\/04\\\/Folha-1.webp\",\"url\":\"https:\\\/\\\/folhapopular.info\\\/wp-content\\\/uploads\\\/2026\\\/04\\\/Folha-1.webp\",\"contentUrl\":\"https:\\\/\\\/folhapopular.info\\\/wp-content\\\/uploads\\\/2026\\\/04\\\/Folha-1.webp\",\"caption\":\"Reda\u00e7\u00e3o Folha Popular\"},\"url\":\"https:\\\/\\\/folhapopular.info\\\/index.php\\\/author\\\/redacao\\\/\"}]}<\/script>\n<!-- \/ Yoast SEO plugin. -->","yoast_head_json":{"title":"Projeto da ONU fortalece planejamento e preven\u00e7\u00e3o contra eventos clim\u00e1ticos - Folha Popular","robots":{"index":"index","follow":"follow","max-snippet":"max-snippet:-1","max-image-preview":"max-image-preview:large","max-video-preview":"max-video-preview:-1"},"canonical":"https:\/\/folhapopular.info\/index.php\/2026\/03\/15\/projeto-da-onu-fortalece-planejamento-e-prevencao-contra-eventos-climaticos\/","og_locale":"pt_BR","og_type":"article","og_title":"Projeto da ONU fortalece planejamento e preven\u00e7\u00e3o contra eventos clim\u00e1ticos - Folha Popular","og_description":"O projeto Tch\u00ea Prepara busca melhorar a prepara\u00e7\u00e3o e a resposta da comunidade e do poder p\u00fablico diante de eventos extremos, como enchentes. A iniciativa \u00e9 promovida pela Organiza\u00e7\u00e3o Internacional para as Migra\u00e7\u00f5es (OIM), ag\u00eancia da Organiza\u00e7\u00e3o das Na\u00e7\u00f5es Unidas (ONU). Neste ano, o programa contempla os munic\u00edpios de Estrela, Colinas, Arroio do Meio e [&hellip;]","og_url":"https:\/\/folhapopular.info\/index.php\/2026\/03\/15\/projeto-da-onu-fortalece-planejamento-e-prevencao-contra-eventos-climaticos\/","og_site_name":"Folha Popular","article_published_time":"2026-03-15T19:00:00+00:00","og_image":[{"width":1600,"height":900,"url":"https:\/\/folhapopular.info\/wp-content\/uploads\/2026\/03\/As-atividades-do-projeto-ja-iniciaram-em-Estrela.jpeg","type":"image\/jpeg"}],"author":"Reda\u00e7\u00e3o Folha Popular","twitter_card":"summary_large_image","twitter_misc":{"Escrito por":"Reda\u00e7\u00e3o Folha Popular","Est. tempo de leitura":"3 minutos"},"schema":{"@context":"https:\/\/schema.org","@graph":[{"@type":"Article","@id":"https:\/\/folhapopular.info\/index.php\/2026\/03\/15\/projeto-da-onu-fortalece-planejamento-e-prevencao-contra-eventos-climaticos\/#article","isPartOf":{"@id":"https:\/\/folhapopular.info\/index.php\/2026\/03\/15\/projeto-da-onu-fortalece-planejamento-e-prevencao-contra-eventos-climaticos\/"},"author":{"name":"Reda\u00e7\u00e3o Folha Popular","@id":"https:\/\/folhapopular.info\/#\/schema\/person\/2814e8a0df7643585a9ca38bc6eb9d4b"},"headline":"Projeto da ONU fortalece planejamento e preven\u00e7\u00e3o contra eventos clim\u00e1ticos","datePublished":"2026-03-15T19:00:00+00:00","mainEntityOfPage":{"@id":"https:\/\/folhapopular.info\/index.php\/2026\/03\/15\/projeto-da-onu-fortalece-planejamento-e-prevencao-contra-eventos-climaticos\/"},"wordCount":575,"commentCount":0,"image":{"@id":"https:\/\/folhapopular.info\/index.php\/2026\/03\/15\/projeto-da-onu-fortalece-planejamento-e-prevencao-contra-eventos-climaticos\/#primaryimage"},"thumbnailUrl":"https:\/\/folhapopular.info\/wp-content\/uploads\/2026\/03\/As-atividades-do-projeto-ja-iniciaram-em-Estrela.jpeg","keywords":["Colinas","Estrela","ONU","Roca Sales","Tch\u00ea Prepara"],"articleSection":["Destaques","Geral"],"inLanguage":"pt-BR","potentialAction":[{"@type":"CommentAction","name":"Comment","target":["https:\/\/folhapopular.info\/index.php\/2026\/03\/15\/projeto-da-onu-fortalece-planejamento-e-prevencao-contra-eventos-climaticos\/#respond"]}]},{"@type":"WebPage","@id":"https:\/\/folhapopular.info\/index.php\/2026\/03\/15\/projeto-da-onu-fortalece-planejamento-e-prevencao-contra-eventos-climaticos\/","url":"https:\/\/folhapopular.info\/index.php\/2026\/03\/15\/projeto-da-onu-fortalece-planejamento-e-prevencao-contra-eventos-climaticos\/","name":"Projeto da ONU fortalece planejamento e preven\u00e7\u00e3o contra eventos clim\u00e1ticos - Folha Popular","isPartOf":{"@id":"https:\/\/folhapopular.info\/#website"},"primaryImageOfPage":{"@id":"https:\/\/folhapopular.info\/index.php\/2026\/03\/15\/projeto-da-onu-fortalece-planejamento-e-prevencao-contra-eventos-climaticos\/#primaryimage"},"image":{"@id":"https:\/\/folhapopular.info\/index.php\/2026\/03\/15\/projeto-da-onu-fortalece-planejamento-e-prevencao-contra-eventos-climaticos\/#primaryimage"},"thumbnailUrl":"https:\/\/folhapopular.info\/wp-content\/uploads\/2026\/03\/As-atividades-do-projeto-ja-iniciaram-em-Estrela.jpeg","datePublished":"2026-03-15T19:00:00+00:00","author":{"@id":"https:\/\/folhapopular.info\/#\/schema\/person\/2814e8a0df7643585a9ca38bc6eb9d4b"},"breadcrumb":{"@id":"https:\/\/folhapopular.info\/index.php\/2026\/03\/15\/projeto-da-onu-fortalece-planejamento-e-prevencao-contra-eventos-climaticos\/#breadcrumb"},"inLanguage":"pt-BR","potentialAction":[{"@type":"ReadAction","target":["https:\/\/folhapopular.info\/index.php\/2026\/03\/15\/projeto-da-onu-fortalece-planejamento-e-prevencao-contra-eventos-climaticos\/"]}]},{"@type":"ImageObject","inLanguage":"pt-BR","@id":"https:\/\/folhapopular.info\/index.php\/2026\/03\/15\/projeto-da-onu-fortalece-planejamento-e-prevencao-contra-eventos-climaticos\/#primaryimage","url":"https:\/\/folhapopular.info\/wp-content\/uploads\/2026\/03\/As-atividades-do-projeto-ja-iniciaram-em-Estrela.jpeg","contentUrl":"https:\/\/folhapopular.info\/wp-content\/uploads\/2026\/03\/As-atividades-do-projeto-ja-iniciaram-em-Estrela.jpeg","width":1600,"height":900,"caption":"As atividades do projeto j\u00e1 iniciaram em Estrela \/ Cr\u00e9dito: Divulga\u00e7\u00e3o"},{"@type":"BreadcrumbList","@id":"https:\/\/folhapopular.info\/index.php\/2026\/03\/15\/projeto-da-onu-fortalece-planejamento-e-prevencao-contra-eventos-climaticos\/#breadcrumb","itemListElement":[{"@type":"ListItem","position":1,"name":"In\u00edcio","item":"https:\/\/folhapopular.info\/"},{"@type":"ListItem","position":2,"name":"Projeto da ONU fortalece planejamento e preven\u00e7\u00e3o contra eventos clim\u00e1ticos"}]},{"@type":"WebSite","@id":"https:\/\/folhapopular.info\/#website","url":"https:\/\/folhapopular.info\/","name":"Folha Popular","description":"Onde voc\u00ea tem vez e voz","potentialAction":[{"@type":"SearchAction","target":{"@type":"EntryPoint","urlTemplate":"https:\/\/folhapopular.info\/?s={search_term_string}"},"query-input":{"@type":"PropertyValueSpecification","valueRequired":true,"valueName":"search_term_string"}}],"inLanguage":"pt-BR"},{"@type":"Person","@id":"https:\/\/folhapopular.info\/#\/schema\/person\/2814e8a0df7643585a9ca38bc6eb9d4b","name":"Reda\u00e7\u00e3o Folha Popular","image":{"@type":"ImageObject","inLanguage":"pt-BR","@id":"https:\/\/folhapopular.info\/wp-content\/uploads\/2026\/04\/Folha-1.webp","url":"https:\/\/folhapopular.info\/wp-content\/uploads\/2026\/04\/Folha-1.webp","contentUrl":"https:\/\/folhapopular.info\/wp-content\/uploads\/2026\/04\/Folha-1.webp","caption":"Reda\u00e7\u00e3o Folha Popular"},"url":"https:\/\/folhapopular.info\/index.php\/author\/redacao\/"}]}},"jetpack_featured_media_url":"https:\/\/folhapopular.info\/wp-content\/uploads\/2026\/03\/As-atividades-do-projeto-ja-iniciaram-em-Estrela.jpeg","jetpack_sharing_enabled":true,"amp_enabled":true,"_links":{"self":[{"href":"https:\/\/folhapopular.info\/index.php\/wp-json\/wp\/v2\/posts\/205892","targetHints":{"allow":["GET"]}}],"collection":[{"href":"https:\/\/folhapopular.info\/index.php\/wp-json\/wp\/v2\/posts"}],"about":[{"href":"https:\/\/folhapopular.info\/index.php\/wp-json\/wp\/v2\/types\/post"}],"author":[{"embeddable":true,"href":"https:\/\/folhapopular.info\/index.php\/wp-json\/wp\/v2\/users\/8"}],"replies":[{"embeddable":true,"href":"https:\/\/folhapopular.info\/index.php\/wp-json\/wp\/v2\/comments?post=205892"}],"version-history":[{"count":0,"href":"https:\/\/folhapopular.info\/index.php\/wp-json\/wp\/v2\/posts\/205892\/revisions"}],"wp:featuredmedia":[{"embeddable":true,"href":"https:\/\/folhapopular.info\/index.php\/wp-json\/wp\/v2\/media\/205893"}],"wp:attachment":[{"href":"https:\/\/folhapopular.info\/index.php\/wp-json\/wp\/v2\/media?parent=205892"}],"wp:term":[{"taxonomy":"category","embeddable":true,"href":"https:\/\/folhapopular.info\/index.php\/wp-json\/wp\/v2\/categories?post=205892"},{"taxonomy":"post_tag","embeddable":true,"href":"https:\/\/folhapopular.info\/index.php\/wp-json\/wp\/v2\/tags?post=205892"}],"curies":[{"name":"wp","href":"https:\/\/api.w.org\/{rel}","templated":true}]}}