{"id":205895,"date":"2026-03-15T10:00:00","date_gmt":"2026-03-15T13:00:00","guid":{"rendered":"https:\/\/folhapopular.info\/?p=205895"},"modified":"2026-03-14T08:17:37","modified_gmt":"2026-03-14T11:17:37","slug":"eduardo-gravina-assume-presidencia-da-acil-na-quinta-feira","status":"publish","type":"post","link":"https:\/\/folhapopular.info\/index.php\/2026\/03\/15\/eduardo-gravina-assume-presidencia-da-acil-na-quinta-feira\/","title":{"rendered":"Eduardo Gravina assume presid\u00eancia da Acil na quinta-feira"},"content":{"rendered":"\n<p>A Associa\u00e7\u00e3o Comercial e Industrial de Lajeado (Acil) promove, na pr\u00f3xima quinta-feira (19\/3), a cerim\u00f4nia de posse da nova diretoria para o bi\u00eanio 2026-2028. Eleito em Assembleia Geral Ordin\u00e1ria na noite dessa ter\u00e7a-feira (10\/3), o empres\u00e1rio Eduardo Brancher Gravina assume a presid\u00eancia da entidade durante o evento, marcado para as 19h no sal\u00e3o de eventos da Acil. A programa\u00e7\u00e3o \u00e9 voltada para associados, convidados e imprensa.<\/p>\n\n\n\n<p>Atual vice-presidente da Acil, Gravina sucede Joni Zagonel, que preside a entidade desde 2024. Durante a assembleia, o atual presidente apresentou o relat\u00f3rio de atividades e a presta\u00e7\u00e3o de contas do exerc\u00edcio social encerrado em 31 de dezembro de 2025. Na sequ\u00eancia, foi realizada a elei\u00e7\u00e3o da nova diretoria, com aclama\u00e7\u00e3o da chapa \u00fanica.<\/p>\n\n\n\n<h2 class=\"wp-block-heading\"><strong>Desafios da gest\u00e3o<\/strong><\/h2>\n\n\n\n<p>Eduardo Gravina ingressou na dire\u00e7\u00e3o da Acil na gest\u00e3o comandada por Graciela Ethel Black como diretor de Infraestrutura (2020\/2022), antes de assumir o cargo de vice-presidente na gest\u00e3o de Joni Zagonel.<\/p>\n\n\n\n<p>Conforme o presidente eleito, as duas gest\u00f5es anteriores foram marcadas por desafios importantes para a entidade e para o setor produtivo da regi\u00e3o, especialmente em raz\u00e3o das enchentes que atingiram o Vale do Taquari.<\/p>\n\n\n\n<p>Ele lembra que, at\u00e9 o fim do ano passado, a equipe ainda trabalhava para ajustar o que foi danificado na sede da Acil. \u201cFoi um per\u00edodo de muito esfor\u00e7o e de retomada, porque muita coisa se perdeu e exigiu um grande trabalho para reorganizar e colocar tudo em dia\u201d, afirma.<\/p>\n\n\n\n<p>Ao assumir a presid\u00eancia, Gravina destaca que o principal compromisso \u00e9 dar continuidade ao papel que a Acil desempenha na representa\u00e7\u00e3o empresarial regional. Entre as prioridades da nova gest\u00e3o tamb\u00e9m est\u00e1 a amplia\u00e7\u00e3o da participa\u00e7\u00e3o de associados e o fortalecimento de novas lideran\u00e7as dentro da institui\u00e7\u00e3o. \u201cOutro desafio importante \u00e9 trazer mais pessoas para dentro da entidade, gente engajada e novas lideran\u00e7as\u201d, refor\u00e7a.<\/p>\n\n\n\n<h2 class=\"wp-block-heading\"><strong>Expovale e Construm\u00f3bil<\/strong><\/h2>\n\n\n\n<p>O primeiro ano da gest\u00e3o de Gravina coincide com a realiza\u00e7\u00e3o dos dois dos principais eventos organizados pela entidade. Em 2026, a Acil volta a promover a Expovale e a Construm\u00f3bil, feiras que foram unificadas e mobilizam diferentes setores da economia regional.<\/p>\n\n\n\n<p>Segundo Gravina, as equipes respons\u00e1veis j\u00e1 trabalham na organiza\u00e7\u00e3o dos eventos, lideradas pelos presidentes das feiras, Adriana Machado na Expovale, e Andr\u00e9 Damiani na Construm\u00f3bil.<\/p>\n\n\n\n<h2 class=\"wp-block-heading\"><strong>Diretoria 2026-2028<\/strong><\/h2>\n\n\n\n<p>Presidente: Eduardo Brancher Gravina<br>Vice-presidente de Administra\u00e7\u00e3o: Diogo Petter Nesello<br>Diretora de Gest\u00e3o Interna: Ana Lu\u00edsa Herrmann<br>Diretora de Gest\u00e3o de Volunt\u00e1rios: Denise Andr\u00e9a de Carvalho Cyrne<br>Diretor Jur\u00eddico: Douglas da Cunha Mussolini<br>Diretora Tesoureira: Cintia Cristina Steffens Fortes<br>Vice-presidente de Eventos Executivos e N\u00facleos: Gabriela St\u00fcrmer Silva<br>Diretora de Eventos Executivos \/ Capacita\u00e7\u00f5es: Betina Durayski<br>Diretora de N\u00facleos e F\u00f3runs: Valesca Bonzanini<br>Diretora do F\u00f3rum dos Empres\u00e1rios: Graciela Ethel Black<br>Vice-presidente de Rela\u00e7\u00f5es Institucionais e Projetos: Rafael Zanatta<br>Diretor de Infraestrutura: Nilto Scapin<br>Diretor de Inova\u00e7\u00e3o e Tecnologia: Jamiel Spezia<br>Diretora de Responsabilidade Social e Ambiental: Luana Vanessa Hermes<br>Diretor de Integra\u00e7\u00e3o Regional: Fernando Santos Arenhart<br>Vice-presidente de Comunica\u00e7\u00e3o e Comercial: Pedro Augusto Romero de Wellis Carlessi<br>Diretora de Relacionamento com Associados: Verenice Immich<br>Diretor Comercial: Gabriel Furtado Garcia<br>Diretor de Comunica\u00e7\u00e3o: Luciano Nagib Murr Lisboa<br>Vice-presidente de Feiras: Adriana Nunes Machado<br>Diretor da Construm\u00f3bil: Andr\u00e9 Damiani<\/p>\n\n\n\n<p><strong>Titulares do Conselho Fiscal<\/strong><\/p>\n\n\n\n<p>Ana J\u00falia Scheibler<br>Jandir Dickel<br>Renata Martins Wendt<\/p>\n\n\n\n<p><strong>Suplentes do Conselho Fiscal<\/strong><\/p>\n\n\n\n<p>Katiane Luft<br>Mirian Angela Wiebusch<br>Aline Isabel F\u00fchr<\/p>\n","protected":false},"excerpt":{"rendered":"<p>A Associa\u00e7\u00e3o Comercial e Industrial de Lajeado (Acil) promove, na pr\u00f3xima quinta-feira (19\/3), a cerim\u00f4nia de posse da nova diretoria para o bi\u00eanio 2026-2028. Eleito em Assembleia Geral Ordin\u00e1ria na noite dessa ter\u00e7a-feira (10\/3), o empres\u00e1rio Eduardo Brancher Gravina assume a presid\u00eancia da entidade durante o evento, marcado para as 19h no sal\u00e3o de eventos [&hellip;]<\/p>\n","protected":false},"author":771,"featured_media":205896,"comment_status":"open","ping_status":"open","sticky":false,"template":"","format":"standard","meta":{"pmpro_default_level":"","_jetpack_memberships_contains_paid_content":false,"footnotes":""},"categories":[2,10991],"tags":[214,982,5703,20760,1694],"class_list":{"0":"post-205895","1":"post","2":"type-post","3":"status-publish","4":"format-standard","5":"has-post-thumbnail","7":"category-featured","8":"category-economia","9":"tag-acil","10":"tag-assembleia","11":"tag-diretoria","12":"tag-eduardo-gravina","13":"tag-posse","14":"pmpro-has-access"},"yoast_head":"<!-- This site is optimized with the Yoast SEO plugin v27.5 - https:\/\/yoast.com\/product\/yoast-seo-wordpress\/ -->\n<title>Eduardo Gravina assume presid\u00eancia da Acil na quinta-feira - Folha Popular<\/title>\n<meta name=\"robots\" content=\"index, follow, max-snippet:-1, max-image-preview:large, max-video-preview:-1\" \/>\n<link rel=\"canonical\" href=\"https:\/\/folhapopular.info\/index.php\/2026\/03\/15\/eduardo-gravina-assume-presidencia-da-acil-na-quinta-feira\/\" \/>\n<meta property=\"og:locale\" content=\"pt_BR\" \/>\n<meta property=\"og:type\" content=\"article\" \/>\n<meta property=\"og:title\" content=\"Eduardo Gravina assume presid\u00eancia da Acil na quinta-feira - Folha Popular\" \/>\n<meta property=\"og:description\" content=\"A Associa\u00e7\u00e3o Comercial e Industrial de Lajeado (Acil) promove, na pr\u00f3xima quinta-feira (19\/3), a cerim\u00f4nia de posse da nova diretoria para o bi\u00eanio 2026-2028. Eleito em Assembleia Geral Ordin\u00e1ria na noite dessa ter\u00e7a-feira (10\/3), o empres\u00e1rio Eduardo Brancher Gravina assume a presid\u00eancia da entidade durante o evento, marcado para as 19h no sal\u00e3o de eventos [&hellip;]\" \/>\n<meta property=\"og:url\" content=\"https:\/\/folhapopular.info\/index.php\/2026\/03\/15\/eduardo-gravina-assume-presidencia-da-acil-na-quinta-feira\/\" \/>\n<meta property=\"og:site_name\" content=\"Folha Popular\" \/>\n<meta property=\"article:published_time\" content=\"2026-03-15T13:00:00+00:00\" \/>\n<meta property=\"og:image\" content=\"https:\/\/folhapopular.info\/wp-content\/uploads\/2026\/03\/Gravina-scaled.jpg\" \/>\n\t<meta property=\"og:image:width\" content=\"2560\" \/>\n\t<meta property=\"og:image:height\" content=\"1823\" \/>\n\t<meta property=\"og:image:type\" content=\"image\/jpeg\" \/>\n<meta name=\"author\" content=\"Thiago Maurique\" \/>\n<meta name=\"twitter:card\" content=\"summary_large_image\" \/>\n<meta name=\"twitter:label1\" content=\"Escrito por\" \/>\n\t<meta name=\"twitter:data1\" content=\"Thiago Maurique\" \/>\n\t<meta name=\"twitter:label2\" content=\"Est. tempo de leitura\" \/>\n\t<meta name=\"twitter:data2\" content=\"4 minutos\" \/>\n<script type=\"application\/ld+json\" class=\"yoast-schema-graph\">{\"@context\":\"https:\\\/\\\/schema.org\",\"@graph\":[{\"@type\":\"Article\",\"@id\":\"https:\\\/\\\/folhapopular.info\\\/index.php\\\/2026\\\/03\\\/15\\\/eduardo-gravina-assume-presidencia-da-acil-na-quinta-feira\\\/#article\",\"isPartOf\":{\"@id\":\"https:\\\/\\\/folhapopular.info\\\/index.php\\\/2026\\\/03\\\/15\\\/eduardo-gravina-assume-presidencia-da-acil-na-quinta-feira\\\/\"},\"author\":{\"name\":\"Thiago Maurique\",\"@id\":\"https:\\\/\\\/folhapopular.info\\\/#\\\/schema\\\/person\\\/da0b2794f793376cb5dd908e88ca6911\"},\"headline\":\"Eduardo Gravina assume presid\u00eancia da Acil na quinta-feira\",\"datePublished\":\"2026-03-15T13:00:00+00:00\",\"mainEntityOfPage\":{\"@id\":\"https:\\\/\\\/folhapopular.info\\\/index.php\\\/2026\\\/03\\\/15\\\/eduardo-gravina-assume-presidencia-da-acil-na-quinta-feira\\\/\"},\"wordCount\":583,\"commentCount\":0,\"image\":{\"@id\":\"https:\\\/\\\/folhapopular.info\\\/index.php\\\/2026\\\/03\\\/15\\\/eduardo-gravina-assume-presidencia-da-acil-na-quinta-feira\\\/#primaryimage\"},\"thumbnailUrl\":\"https:\\\/\\\/folhapopular.info\\\/wp-content\\\/uploads\\\/2026\\\/03\\\/Gravina-scaled.jpg\",\"keywords\":[\"Acil\",\"assembleia\",\"Diretoria\",\"Eduardo Gravina\",\"posse\"],\"articleSection\":[\"Destaques\",\"Economia\"],\"inLanguage\":\"pt-BR\",\"potentialAction\":[{\"@type\":\"CommentAction\",\"name\":\"Comment\",\"target\":[\"https:\\\/\\\/folhapopular.info\\\/index.php\\\/2026\\\/03\\\/15\\\/eduardo-gravina-assume-presidencia-da-acil-na-quinta-feira\\\/#respond\"]}]},{\"@type\":\"WebPage\",\"@id\":\"https:\\\/\\\/folhapopular.info\\\/index.php\\\/2026\\\/03\\\/15\\\/eduardo-gravina-assume-presidencia-da-acil-na-quinta-feira\\\/\",\"url\":\"https:\\\/\\\/folhapopular.info\\\/index.php\\\/2026\\\/03\\\/15\\\/eduardo-gravina-assume-presidencia-da-acil-na-quinta-feira\\\/\",\"name\":\"Eduardo Gravina assume presid\u00eancia da Acil na quinta-feira - Folha Popular\",\"isPartOf\":{\"@id\":\"https:\\\/\\\/folhapopular.info\\\/#website\"},\"primaryImageOfPage\":{\"@id\":\"https:\\\/\\\/folhapopular.info\\\/index.php\\\/2026\\\/03\\\/15\\\/eduardo-gravina-assume-presidencia-da-acil-na-quinta-feira\\\/#primaryimage\"},\"image\":{\"@id\":\"https:\\\/\\\/folhapopular.info\\\/index.php\\\/2026\\\/03\\\/15\\\/eduardo-gravina-assume-presidencia-da-acil-na-quinta-feira\\\/#primaryimage\"},\"thumbnailUrl\":\"https:\\\/\\\/folhapopular.info\\\/wp-content\\\/uploads\\\/2026\\\/03\\\/Gravina-scaled.jpg\",\"datePublished\":\"2026-03-15T13:00:00+00:00\",\"author\":{\"@id\":\"https:\\\/\\\/folhapopular.info\\\/#\\\/schema\\\/person\\\/da0b2794f793376cb5dd908e88ca6911\"},\"breadcrumb\":{\"@id\":\"https:\\\/\\\/folhapopular.info\\\/index.php\\\/2026\\\/03\\\/15\\\/eduardo-gravina-assume-presidencia-da-acil-na-quinta-feira\\\/#breadcrumb\"},\"inLanguage\":\"pt-BR\",\"potentialAction\":[{\"@type\":\"ReadAction\",\"target\":[\"https:\\\/\\\/folhapopular.info\\\/index.php\\\/2026\\\/03\\\/15\\\/eduardo-gravina-assume-presidencia-da-acil-na-quinta-feira\\\/\"]}]},{\"@type\":\"ImageObject\",\"inLanguage\":\"pt-BR\",\"@id\":\"https:\\\/\\\/folhapopular.info\\\/index.php\\\/2026\\\/03\\\/15\\\/eduardo-gravina-assume-presidencia-da-acil-na-quinta-feira\\\/#primaryimage\",\"url\":\"https:\\\/\\\/folhapopular.info\\\/wp-content\\\/uploads\\\/2026\\\/03\\\/Gravina-scaled.jpg\",\"contentUrl\":\"https:\\\/\\\/folhapopular.info\\\/wp-content\\\/uploads\\\/2026\\\/03\\\/Gravina-scaled.jpg\",\"width\":2560,\"height\":1823,\"caption\":\"Gravina foi eleito em Assembleia Geral Ordin\u00e1ria na noite de ter\u00e7a-feira (10\\\/3) \\\/ Cr\u00e9dito: Jo\u00e3o Vitor Brad\u00e3o - Divulga\u00e7\u00e3o\"},{\"@type\":\"BreadcrumbList\",\"@id\":\"https:\\\/\\\/folhapopular.info\\\/index.php\\\/2026\\\/03\\\/15\\\/eduardo-gravina-assume-presidencia-da-acil-na-quinta-feira\\\/#breadcrumb\",\"itemListElement\":[{\"@type\":\"ListItem\",\"position\":1,\"name\":\"In\u00edcio\",\"item\":\"https:\\\/\\\/folhapopular.info\\\/\"},{\"@type\":\"ListItem\",\"position\":2,\"name\":\"Eduardo Gravina assume presid\u00eancia da Acil na quinta-feira\"}]},{\"@type\":\"WebSite\",\"@id\":\"https:\\\/\\\/folhapopular.info\\\/#website\",\"url\":\"https:\\\/\\\/folhapopular.info\\\/\",\"name\":\"Folha Popular\",\"description\":\"Onde voc\u00ea tem vez e voz\",\"potentialAction\":[{\"@type\":\"SearchAction\",\"target\":{\"@type\":\"EntryPoint\",\"urlTemplate\":\"https:\\\/\\\/folhapopular.info\\\/?s={search_term_string}\"},\"query-input\":{\"@type\":\"PropertyValueSpecification\",\"valueRequired\":true,\"valueName\":\"search_term_string\"}}],\"inLanguage\":\"pt-BR\"},{\"@type\":\"Person\",\"@id\":\"https:\\\/\\\/folhapopular.info\\\/#\\\/schema\\\/person\\\/da0b2794f793376cb5dd908e88ca6911\",\"name\":\"Thiago Maurique\",\"image\":{\"@type\":\"ImageObject\",\"inLanguage\":\"pt-BR\",\"@id\":\"https:\\\/\\\/folhapopular.info\\\/wp-content\\\/uploads\\\/2026\\\/04\\\/THIAGO-MAURIQUE-1-1.webp\",\"url\":\"https:\\\/\\\/folhapopular.info\\\/wp-content\\\/uploads\\\/2026\\\/04\\\/THIAGO-MAURIQUE-1-1.webp\",\"contentUrl\":\"https:\\\/\\\/folhapopular.info\\\/wp-content\\\/uploads\\\/2026\\\/04\\\/THIAGO-MAURIQUE-1-1.webp\",\"caption\":\"Thiago Maurique\"},\"url\":\"https:\\\/\\\/folhapopular.info\\\/index.php\\\/author\\\/thiago-maurique\\\/\"}]}<\/script>\n<!-- \/ Yoast SEO plugin. -->","yoast_head_json":{"title":"Eduardo Gravina assume presid\u00eancia da Acil na quinta-feira - Folha Popular","robots":{"index":"index","follow":"follow","max-snippet":"max-snippet:-1","max-image-preview":"max-image-preview:large","max-video-preview":"max-video-preview:-1"},"canonical":"https:\/\/folhapopular.info\/index.php\/2026\/03\/15\/eduardo-gravina-assume-presidencia-da-acil-na-quinta-feira\/","og_locale":"pt_BR","og_type":"article","og_title":"Eduardo Gravina assume presid\u00eancia da Acil na quinta-feira - Folha Popular","og_description":"A Associa\u00e7\u00e3o Comercial e Industrial de Lajeado (Acil) promove, na pr\u00f3xima quinta-feira (19\/3), a cerim\u00f4nia de posse da nova diretoria para o bi\u00eanio 2026-2028. Eleito em Assembleia Geral Ordin\u00e1ria na noite dessa ter\u00e7a-feira (10\/3), o empres\u00e1rio Eduardo Brancher Gravina assume a presid\u00eancia da entidade durante o evento, marcado para as 19h no sal\u00e3o de eventos [&hellip;]","og_url":"https:\/\/folhapopular.info\/index.php\/2026\/03\/15\/eduardo-gravina-assume-presidencia-da-acil-na-quinta-feira\/","og_site_name":"Folha Popular","article_published_time":"2026-03-15T13:00:00+00:00","og_image":[{"width":2560,"height":1823,"url":"https:\/\/folhapopular.info\/wp-content\/uploads\/2026\/03\/Gravina-scaled.jpg","type":"image\/jpeg"}],"author":"Thiago Maurique","twitter_card":"summary_large_image","twitter_misc":{"Escrito por":"Thiago Maurique","Est. tempo de leitura":"4 minutos"},"schema":{"@context":"https:\/\/schema.org","@graph":[{"@type":"Article","@id":"https:\/\/folhapopular.info\/index.php\/2026\/03\/15\/eduardo-gravina-assume-presidencia-da-acil-na-quinta-feira\/#article","isPartOf":{"@id":"https:\/\/folhapopular.info\/index.php\/2026\/03\/15\/eduardo-gravina-assume-presidencia-da-acil-na-quinta-feira\/"},"author":{"name":"Thiago Maurique","@id":"https:\/\/folhapopular.info\/#\/schema\/person\/da0b2794f793376cb5dd908e88ca6911"},"headline":"Eduardo Gravina assume presid\u00eancia da Acil na quinta-feira","datePublished":"2026-03-15T13:00:00+00:00","mainEntityOfPage":{"@id":"https:\/\/folhapopular.info\/index.php\/2026\/03\/15\/eduardo-gravina-assume-presidencia-da-acil-na-quinta-feira\/"},"wordCount":583,"commentCount":0,"image":{"@id":"https:\/\/folhapopular.info\/index.php\/2026\/03\/15\/eduardo-gravina-assume-presidencia-da-acil-na-quinta-feira\/#primaryimage"},"thumbnailUrl":"https:\/\/folhapopular.info\/wp-content\/uploads\/2026\/03\/Gravina-scaled.jpg","keywords":["Acil","assembleia","Diretoria","Eduardo Gravina","posse"],"articleSection":["Destaques","Economia"],"inLanguage":"pt-BR","potentialAction":[{"@type":"CommentAction","name":"Comment","target":["https:\/\/folhapopular.info\/index.php\/2026\/03\/15\/eduardo-gravina-assume-presidencia-da-acil-na-quinta-feira\/#respond"]}]},{"@type":"WebPage","@id":"https:\/\/folhapopular.info\/index.php\/2026\/03\/15\/eduardo-gravina-assume-presidencia-da-acil-na-quinta-feira\/","url":"https:\/\/folhapopular.info\/index.php\/2026\/03\/15\/eduardo-gravina-assume-presidencia-da-acil-na-quinta-feira\/","name":"Eduardo Gravina assume presid\u00eancia da Acil na quinta-feira - Folha Popular","isPartOf":{"@id":"https:\/\/folhapopular.info\/#website"},"primaryImageOfPage":{"@id":"https:\/\/folhapopular.info\/index.php\/2026\/03\/15\/eduardo-gravina-assume-presidencia-da-acil-na-quinta-feira\/#primaryimage"},"image":{"@id":"https:\/\/folhapopular.info\/index.php\/2026\/03\/15\/eduardo-gravina-assume-presidencia-da-acil-na-quinta-feira\/#primaryimage"},"thumbnailUrl":"https:\/\/folhapopular.info\/wp-content\/uploads\/2026\/03\/Gravina-scaled.jpg","datePublished":"2026-03-15T13:00:00+00:00","author":{"@id":"https:\/\/folhapopular.info\/#\/schema\/person\/da0b2794f793376cb5dd908e88ca6911"},"breadcrumb":{"@id":"https:\/\/folhapopular.info\/index.php\/2026\/03\/15\/eduardo-gravina-assume-presidencia-da-acil-na-quinta-feira\/#breadcrumb"},"inLanguage":"pt-BR","potentialAction":[{"@type":"ReadAction","target":["https:\/\/folhapopular.info\/index.php\/2026\/03\/15\/eduardo-gravina-assume-presidencia-da-acil-na-quinta-feira\/"]}]},{"@type":"ImageObject","inLanguage":"pt-BR","@id":"https:\/\/folhapopular.info\/index.php\/2026\/03\/15\/eduardo-gravina-assume-presidencia-da-acil-na-quinta-feira\/#primaryimage","url":"https:\/\/folhapopular.info\/wp-content\/uploads\/2026\/03\/Gravina-scaled.jpg","contentUrl":"https:\/\/folhapopular.info\/wp-content\/uploads\/2026\/03\/Gravina-scaled.jpg","width":2560,"height":1823,"caption":"Gravina foi eleito em Assembleia Geral Ordin\u00e1ria na noite de ter\u00e7a-feira (10\/3) \/ Cr\u00e9dito: Jo\u00e3o Vitor Brad\u00e3o - Divulga\u00e7\u00e3o"},{"@type":"BreadcrumbList","@id":"https:\/\/folhapopular.info\/index.php\/2026\/03\/15\/eduardo-gravina-assume-presidencia-da-acil-na-quinta-feira\/#breadcrumb","itemListElement":[{"@type":"ListItem","position":1,"name":"In\u00edcio","item":"https:\/\/folhapopular.info\/"},{"@type":"ListItem","position":2,"name":"Eduardo Gravina assume presid\u00eancia da Acil na quinta-feira"}]},{"@type":"WebSite","@id":"https:\/\/folhapopular.info\/#website","url":"https:\/\/folhapopular.info\/","name":"Folha Popular","description":"Onde voc\u00ea tem vez e voz","potentialAction":[{"@type":"SearchAction","target":{"@type":"EntryPoint","urlTemplate":"https:\/\/folhapopular.info\/?s={search_term_string}"},"query-input":{"@type":"PropertyValueSpecification","valueRequired":true,"valueName":"search_term_string"}}],"inLanguage":"pt-BR"},{"@type":"Person","@id":"https:\/\/folhapopular.info\/#\/schema\/person\/da0b2794f793376cb5dd908e88ca6911","name":"Thiago Maurique","image":{"@type":"ImageObject","inLanguage":"pt-BR","@id":"https:\/\/folhapopular.info\/wp-content\/uploads\/2026\/04\/THIAGO-MAURIQUE-1-1.webp","url":"https:\/\/folhapopular.info\/wp-content\/uploads\/2026\/04\/THIAGO-MAURIQUE-1-1.webp","contentUrl":"https:\/\/folhapopular.info\/wp-content\/uploads\/2026\/04\/THIAGO-MAURIQUE-1-1.webp","caption":"Thiago Maurique"},"url":"https:\/\/folhapopular.info\/index.php\/author\/thiago-maurique\/"}]}},"jetpack_featured_media_url":"https:\/\/folhapopular.info\/wp-content\/uploads\/2026\/03\/Gravina-scaled.jpg","jetpack_sharing_enabled":true,"amp_enabled":true,"_links":{"self":[{"href":"https:\/\/folhapopular.info\/index.php\/wp-json\/wp\/v2\/posts\/205895","targetHints":{"allow":["GET"]}}],"collection":[{"href":"https:\/\/folhapopular.info\/index.php\/wp-json\/wp\/v2\/posts"}],"about":[{"href":"https:\/\/folhapopular.info\/index.php\/wp-json\/wp\/v2\/types\/post"}],"author":[{"embeddable":true,"href":"https:\/\/folhapopular.info\/index.php\/wp-json\/wp\/v2\/users\/771"}],"replies":[{"embeddable":true,"href":"https:\/\/folhapopular.info\/index.php\/wp-json\/wp\/v2\/comments?post=205895"}],"version-history":[{"count":0,"href":"https:\/\/folhapopular.info\/index.php\/wp-json\/wp\/v2\/posts\/205895\/revisions"}],"wp:featuredmedia":[{"embeddable":true,"href":"https:\/\/folhapopular.info\/index.php\/wp-json\/wp\/v2\/media\/205896"}],"wp:attachment":[{"href":"https:\/\/folhapopular.info\/index.php\/wp-json\/wp\/v2\/media?parent=205895"}],"wp:term":[{"taxonomy":"category","embeddable":true,"href":"https:\/\/folhapopular.info\/index.php\/wp-json\/wp\/v2\/categories?post=205895"},{"taxonomy":"post_tag","embeddable":true,"href":"https:\/\/folhapopular.info\/index.php\/wp-json\/wp\/v2\/tags?post=205895"}],"curies":[{"name":"wp","href":"https:\/\/api.w.org\/{rel}","templated":true}]}}