{"id":205920,"date":"2026-03-14T10:28:45","date_gmt":"2026-03-14T13:28:45","guid":{"rendered":"https:\/\/folhapopular.info\/?p=205920"},"modified":"2026-03-14T10:28:48","modified_gmt":"2026-03-14T13:28:48","slug":"repraas-e-sema-rs-resgatam-bugio-ruivo-em-triunfo","status":"publish","type":"post","link":"https:\/\/folhapopular.info\/index.php\/2026\/03\/14\/repraas-e-sema-rs-resgatam-bugio-ruivo-em-triunfo\/","title":{"rendered":"Repraas e Sema\/RS resgatam bugio-ruivo em Triunfo"},"content":{"rendered":"\n<p>A Rede de Prote\u00e7\u00e3o Ambiental (Repraas) de Teut\u00f4nia foi acionada no fim dessa sexta-feira (13\/3) para o resgate emergencial de um primata bugio-ruivo adulto que havia se deparado com a rede el\u00e9trica, na cidade de Triunfo.<\/p>\n\n\n\n<p>O trabalho de resgate mobilizou integrantes de Teut\u00f4nia e de Nova Santa Rita, al\u00e9m da equipe da Secretaria Estadual de Meio Ambiente (Sema). A opera\u00e7\u00e3o iniciou \u00e0s 17h e terminou \u00e0s 23h45, quando o animal recebeu atendimento veterin\u00e1rio.<\/p>\n\n\n\n<p>Segundo a Repraas, os bugios-ruivos ocorrem predominantemente na regi\u00e3o da Mata Atl\u00e2ntica, compreendida entre a faixa dos estados do Esp\u00edrito Santo e do Rio Grande do Sul. Eles ocupam as copas das \u00e1rvores e sua dieta \u00e9 predominantemente fol\u00edvora-frug\u00edvora, atuando como importantes dispersores de sementes. Podem chegar a medir at\u00e9 75 cent\u00edmetros de comprimento.<\/p>\n\n\n\n<p>Uma das caracter\u00edsticas da esp\u00e9cie \u00e9 a vulnerabilidade ao v\u00edrus da febre amarela, fator que levou ao decl\u00ednio da popula\u00e7\u00e3o, n\u00e3o somente por serem v\u00edtimas da doen\u00e7a, mas tamb\u00e9m da viol\u00eancia humana.<\/p>\n","protected":false},"excerpt":{"rendered":"<p>A Rede de Prote\u00e7\u00e3o Ambiental (Repraas) de Teut\u00f4nia foi acionada no fim dessa sexta-feira (13\/3) para o resgate emergencial de um primata bugio-ruivo adulto que havia se deparado com a rede el\u00e9trica, na cidade de Triunfo. O trabalho de resgate mobilizou integrantes de Teut\u00f4nia e de Nova Santa Rita, al\u00e9m da equipe da Secretaria Estadual [&hellip;]<\/p>\n","protected":false},"author":8,"featured_media":205925,"comment_status":"open","ping_status":"open","sticky":false,"template":"","format":"standard","meta":{"pmpro_default_level":"","_jetpack_memberships_contains_paid_content":false,"footnotes":""},"categories":[2,3,11025],"tags":[20771,817,673,773],"class_list":{"0":"post-205920","1":"post","2":"type-post","3":"status-publish","4":"format-standard","5":"has-post-thumbnail","7":"category-featured","8":"category-geral","9":"category-meio-ambiente","10":"tag-bugio-ruivo","11":"tag-repraas","12":"tag-sema","13":"tag-triunfo","14":"pmpro-has-access"},"yoast_head":"<!-- This site is optimized with the Yoast SEO plugin v27.5 - https:\/\/yoast.com\/product\/yoast-seo-wordpress\/ -->\n<title>Repraas e Sema\/RS resgatam bugio-ruivo em Triunfo - Folha Popular<\/title>\n<meta name=\"robots\" content=\"index, follow, max-snippet:-1, max-image-preview:large, max-video-preview:-1\" \/>\n<link rel=\"canonical\" href=\"https:\/\/folhapopular.info\/index.php\/2026\/03\/14\/repraas-e-sema-rs-resgatam-bugio-ruivo-em-triunfo\/\" \/>\n<meta property=\"og:locale\" content=\"pt_BR\" \/>\n<meta property=\"og:type\" content=\"article\" \/>\n<meta property=\"og:title\" content=\"Repraas e Sema\/RS resgatam bugio-ruivo em Triunfo - Folha Popular\" \/>\n<meta property=\"og:description\" content=\"A Rede de Prote\u00e7\u00e3o Ambiental (Repraas) de Teut\u00f4nia foi acionada no fim dessa sexta-feira (13\/3) para o resgate emergencial de um primata bugio-ruivo adulto que havia se deparado com a rede el\u00e9trica, na cidade de Triunfo. O trabalho de resgate mobilizou integrantes de Teut\u00f4nia e de Nova Santa Rita, al\u00e9m da equipe da Secretaria Estadual [&hellip;]\" \/>\n<meta property=\"og:url\" content=\"https:\/\/folhapopular.info\/index.php\/2026\/03\/14\/repraas-e-sema-rs-resgatam-bugio-ruivo-em-triunfo\/\" \/>\n<meta property=\"og:site_name\" content=\"Folha Popular\" \/>\n<meta property=\"article:published_time\" content=\"2026-03-14T13:28:45+00:00\" \/>\n<meta property=\"article:modified_time\" content=\"2026-03-14T13:28:48+00:00\" \/>\n<meta property=\"og:image\" content=\"http:\/\/folhapopular.info\/wp-content\/uploads\/2026\/03\/IMG_1511.jpg\" \/>\n\t<meta property=\"og:image:width\" content=\"1170\" \/>\n\t<meta property=\"og:image:height\" content=\"1468\" \/>\n\t<meta property=\"og:image:type\" content=\"image\/jpeg\" \/>\n<meta name=\"author\" content=\"Reda\u00e7\u00e3o Folha Popular\" \/>\n<meta name=\"twitter:card\" content=\"summary_large_image\" \/>\n<meta name=\"twitter:label1\" content=\"Escrito por\" \/>\n\t<meta name=\"twitter:data1\" content=\"Reda\u00e7\u00e3o Folha Popular\" \/>\n\t<meta name=\"twitter:label2\" content=\"Est. tempo de leitura\" \/>\n\t<meta name=\"twitter:data2\" content=\"2 minutos\" \/>\n<script type=\"application\/ld+json\" class=\"yoast-schema-graph\">{\"@context\":\"https:\\\/\\\/schema.org\",\"@graph\":[{\"@type\":\"Article\",\"@id\":\"https:\\\/\\\/folhapopular.info\\\/index.php\\\/2026\\\/03\\\/14\\\/repraas-e-sema-rs-resgatam-bugio-ruivo-em-triunfo\\\/#article\",\"isPartOf\":{\"@id\":\"https:\\\/\\\/folhapopular.info\\\/index.php\\\/2026\\\/03\\\/14\\\/repraas-e-sema-rs-resgatam-bugio-ruivo-em-triunfo\\\/\"},\"author\":{\"name\":\"Reda\u00e7\u00e3o Folha Popular\",\"@id\":\"https:\\\/\\\/folhapopular.info\\\/#\\\/schema\\\/person\\\/2814e8a0df7643585a9ca38bc6eb9d4b\"},\"headline\":\"Repraas e Sema\\\/RS resgatam bugio-ruivo em Triunfo\",\"datePublished\":\"2026-03-14T13:28:45+00:00\",\"dateModified\":\"2026-03-14T13:28:48+00:00\",\"mainEntityOfPage\":{\"@id\":\"https:\\\/\\\/folhapopular.info\\\/index.php\\\/2026\\\/03\\\/14\\\/repraas-e-sema-rs-resgatam-bugio-ruivo-em-triunfo\\\/\"},\"wordCount\":187,\"commentCount\":0,\"image\":{\"@id\":\"https:\\\/\\\/folhapopular.info\\\/index.php\\\/2026\\\/03\\\/14\\\/repraas-e-sema-rs-resgatam-bugio-ruivo-em-triunfo\\\/#primaryimage\"},\"thumbnailUrl\":\"https:\\\/\\\/folhapopular.info\\\/wp-content\\\/uploads\\\/2026\\\/03\\\/IMG_1511.jpg\",\"keywords\":[\"bugio-ruivo\",\"Repraas\",\"SEMA\",\"Triunfo\"],\"articleSection\":[\"Destaques\",\"Geral\",\"Meio Ambiente\"],\"inLanguage\":\"pt-BR\",\"potentialAction\":[{\"@type\":\"CommentAction\",\"name\":\"Comment\",\"target\":[\"https:\\\/\\\/folhapopular.info\\\/index.php\\\/2026\\\/03\\\/14\\\/repraas-e-sema-rs-resgatam-bugio-ruivo-em-triunfo\\\/#respond\"]}]},{\"@type\":\"WebPage\",\"@id\":\"https:\\\/\\\/folhapopular.info\\\/index.php\\\/2026\\\/03\\\/14\\\/repraas-e-sema-rs-resgatam-bugio-ruivo-em-triunfo\\\/\",\"url\":\"https:\\\/\\\/folhapopular.info\\\/index.php\\\/2026\\\/03\\\/14\\\/repraas-e-sema-rs-resgatam-bugio-ruivo-em-triunfo\\\/\",\"name\":\"Repraas e Sema\\\/RS resgatam bugio-ruivo em Triunfo - Folha Popular\",\"isPartOf\":{\"@id\":\"https:\\\/\\\/folhapopular.info\\\/#website\"},\"primaryImageOfPage\":{\"@id\":\"https:\\\/\\\/folhapopular.info\\\/index.php\\\/2026\\\/03\\\/14\\\/repraas-e-sema-rs-resgatam-bugio-ruivo-em-triunfo\\\/#primaryimage\"},\"image\":{\"@id\":\"https:\\\/\\\/folhapopular.info\\\/index.php\\\/2026\\\/03\\\/14\\\/repraas-e-sema-rs-resgatam-bugio-ruivo-em-triunfo\\\/#primaryimage\"},\"thumbnailUrl\":\"https:\\\/\\\/folhapopular.info\\\/wp-content\\\/uploads\\\/2026\\\/03\\\/IMG_1511.jpg\",\"datePublished\":\"2026-03-14T13:28:45+00:00\",\"dateModified\":\"2026-03-14T13:28:48+00:00\",\"author\":{\"@id\":\"https:\\\/\\\/folhapopular.info\\\/#\\\/schema\\\/person\\\/2814e8a0df7643585a9ca38bc6eb9d4b\"},\"breadcrumb\":{\"@id\":\"https:\\\/\\\/folhapopular.info\\\/index.php\\\/2026\\\/03\\\/14\\\/repraas-e-sema-rs-resgatam-bugio-ruivo-em-triunfo\\\/#breadcrumb\"},\"inLanguage\":\"pt-BR\",\"potentialAction\":[{\"@type\":\"ReadAction\",\"target\":[\"https:\\\/\\\/folhapopular.info\\\/index.php\\\/2026\\\/03\\\/14\\\/repraas-e-sema-rs-resgatam-bugio-ruivo-em-triunfo\\\/\"]}]},{\"@type\":\"ImageObject\",\"inLanguage\":\"pt-BR\",\"@id\":\"https:\\\/\\\/folhapopular.info\\\/index.php\\\/2026\\\/03\\\/14\\\/repraas-e-sema-rs-resgatam-bugio-ruivo-em-triunfo\\\/#primaryimage\",\"url\":\"https:\\\/\\\/folhapopular.info\\\/wp-content\\\/uploads\\\/2026\\\/03\\\/IMG_1511.jpg\",\"contentUrl\":\"https:\\\/\\\/folhapopular.info\\\/wp-content\\\/uploads\\\/2026\\\/03\\\/IMG_1511.jpg\",\"width\":1170,\"height\":1468,\"caption\":\"Cr\u00e9dito: Repraas\"},{\"@type\":\"BreadcrumbList\",\"@id\":\"https:\\\/\\\/folhapopular.info\\\/index.php\\\/2026\\\/03\\\/14\\\/repraas-e-sema-rs-resgatam-bugio-ruivo-em-triunfo\\\/#breadcrumb\",\"itemListElement\":[{\"@type\":\"ListItem\",\"position\":1,\"name\":\"In\u00edcio\",\"item\":\"https:\\\/\\\/folhapopular.info\\\/\"},{\"@type\":\"ListItem\",\"position\":2,\"name\":\"Repraas e Sema\\\/RS resgatam bugio-ruivo em Triunfo\"}]},{\"@type\":\"WebSite\",\"@id\":\"https:\\\/\\\/folhapopular.info\\\/#website\",\"url\":\"https:\\\/\\\/folhapopular.info\\\/\",\"name\":\"Folha Popular\",\"description\":\"Onde voc\u00ea tem vez e voz\",\"potentialAction\":[{\"@type\":\"SearchAction\",\"target\":{\"@type\":\"EntryPoint\",\"urlTemplate\":\"https:\\\/\\\/folhapopular.info\\\/?s={search_term_string}\"},\"query-input\":{\"@type\":\"PropertyValueSpecification\",\"valueRequired\":true,\"valueName\":\"search_term_string\"}}],\"inLanguage\":\"pt-BR\"},{\"@type\":\"Person\",\"@id\":\"https:\\\/\\\/folhapopular.info\\\/#\\\/schema\\\/person\\\/2814e8a0df7643585a9ca38bc6eb9d4b\",\"name\":\"Reda\u00e7\u00e3o Folha Popular\",\"image\":{\"@type\":\"ImageObject\",\"inLanguage\":\"pt-BR\",\"@id\":\"https:\\\/\\\/folhapopular.info\\\/wp-content\\\/uploads\\\/2026\\\/04\\\/Folha-1.webp\",\"url\":\"https:\\\/\\\/folhapopular.info\\\/wp-content\\\/uploads\\\/2026\\\/04\\\/Folha-1.webp\",\"contentUrl\":\"https:\\\/\\\/folhapopular.info\\\/wp-content\\\/uploads\\\/2026\\\/04\\\/Folha-1.webp\",\"caption\":\"Reda\u00e7\u00e3o Folha Popular\"},\"url\":\"https:\\\/\\\/folhapopular.info\\\/index.php\\\/author\\\/redacao\\\/\"}]}<\/script>\n<!-- \/ Yoast SEO plugin. -->","yoast_head_json":{"title":"Repraas e Sema\/RS resgatam bugio-ruivo em Triunfo - Folha Popular","robots":{"index":"index","follow":"follow","max-snippet":"max-snippet:-1","max-image-preview":"max-image-preview:large","max-video-preview":"max-video-preview:-1"},"canonical":"https:\/\/folhapopular.info\/index.php\/2026\/03\/14\/repraas-e-sema-rs-resgatam-bugio-ruivo-em-triunfo\/","og_locale":"pt_BR","og_type":"article","og_title":"Repraas e Sema\/RS resgatam bugio-ruivo em Triunfo - Folha Popular","og_description":"A Rede de Prote\u00e7\u00e3o Ambiental (Repraas) de Teut\u00f4nia foi acionada no fim dessa sexta-feira (13\/3) para o resgate emergencial de um primata bugio-ruivo adulto que havia se deparado com a rede el\u00e9trica, na cidade de Triunfo. O trabalho de resgate mobilizou integrantes de Teut\u00f4nia e de Nova Santa Rita, al\u00e9m da equipe da Secretaria Estadual [&hellip;]","og_url":"https:\/\/folhapopular.info\/index.php\/2026\/03\/14\/repraas-e-sema-rs-resgatam-bugio-ruivo-em-triunfo\/","og_site_name":"Folha Popular","article_published_time":"2026-03-14T13:28:45+00:00","article_modified_time":"2026-03-14T13:28:48+00:00","og_image":[{"width":1170,"height":1468,"url":"http:\/\/folhapopular.info\/wp-content\/uploads\/2026\/03\/IMG_1511.jpg","type":"image\/jpeg"}],"author":"Reda\u00e7\u00e3o Folha Popular","twitter_card":"summary_large_image","twitter_misc":{"Escrito por":"Reda\u00e7\u00e3o Folha Popular","Est. tempo de leitura":"2 minutos"},"schema":{"@context":"https:\/\/schema.org","@graph":[{"@type":"Article","@id":"https:\/\/folhapopular.info\/index.php\/2026\/03\/14\/repraas-e-sema-rs-resgatam-bugio-ruivo-em-triunfo\/#article","isPartOf":{"@id":"https:\/\/folhapopular.info\/index.php\/2026\/03\/14\/repraas-e-sema-rs-resgatam-bugio-ruivo-em-triunfo\/"},"author":{"name":"Reda\u00e7\u00e3o Folha Popular","@id":"https:\/\/folhapopular.info\/#\/schema\/person\/2814e8a0df7643585a9ca38bc6eb9d4b"},"headline":"Repraas e Sema\/RS resgatam bugio-ruivo em Triunfo","datePublished":"2026-03-14T13:28:45+00:00","dateModified":"2026-03-14T13:28:48+00:00","mainEntityOfPage":{"@id":"https:\/\/folhapopular.info\/index.php\/2026\/03\/14\/repraas-e-sema-rs-resgatam-bugio-ruivo-em-triunfo\/"},"wordCount":187,"commentCount":0,"image":{"@id":"https:\/\/folhapopular.info\/index.php\/2026\/03\/14\/repraas-e-sema-rs-resgatam-bugio-ruivo-em-triunfo\/#primaryimage"},"thumbnailUrl":"https:\/\/folhapopular.info\/wp-content\/uploads\/2026\/03\/IMG_1511.jpg","keywords":["bugio-ruivo","Repraas","SEMA","Triunfo"],"articleSection":["Destaques","Geral","Meio Ambiente"],"inLanguage":"pt-BR","potentialAction":[{"@type":"CommentAction","name":"Comment","target":["https:\/\/folhapopular.info\/index.php\/2026\/03\/14\/repraas-e-sema-rs-resgatam-bugio-ruivo-em-triunfo\/#respond"]}]},{"@type":"WebPage","@id":"https:\/\/folhapopular.info\/index.php\/2026\/03\/14\/repraas-e-sema-rs-resgatam-bugio-ruivo-em-triunfo\/","url":"https:\/\/folhapopular.info\/index.php\/2026\/03\/14\/repraas-e-sema-rs-resgatam-bugio-ruivo-em-triunfo\/","name":"Repraas e Sema\/RS resgatam bugio-ruivo em Triunfo - Folha Popular","isPartOf":{"@id":"https:\/\/folhapopular.info\/#website"},"primaryImageOfPage":{"@id":"https:\/\/folhapopular.info\/index.php\/2026\/03\/14\/repraas-e-sema-rs-resgatam-bugio-ruivo-em-triunfo\/#primaryimage"},"image":{"@id":"https:\/\/folhapopular.info\/index.php\/2026\/03\/14\/repraas-e-sema-rs-resgatam-bugio-ruivo-em-triunfo\/#primaryimage"},"thumbnailUrl":"https:\/\/folhapopular.info\/wp-content\/uploads\/2026\/03\/IMG_1511.jpg","datePublished":"2026-03-14T13:28:45+00:00","dateModified":"2026-03-14T13:28:48+00:00","author":{"@id":"https:\/\/folhapopular.info\/#\/schema\/person\/2814e8a0df7643585a9ca38bc6eb9d4b"},"breadcrumb":{"@id":"https:\/\/folhapopular.info\/index.php\/2026\/03\/14\/repraas-e-sema-rs-resgatam-bugio-ruivo-em-triunfo\/#breadcrumb"},"inLanguage":"pt-BR","potentialAction":[{"@type":"ReadAction","target":["https:\/\/folhapopular.info\/index.php\/2026\/03\/14\/repraas-e-sema-rs-resgatam-bugio-ruivo-em-triunfo\/"]}]},{"@type":"ImageObject","inLanguage":"pt-BR","@id":"https:\/\/folhapopular.info\/index.php\/2026\/03\/14\/repraas-e-sema-rs-resgatam-bugio-ruivo-em-triunfo\/#primaryimage","url":"https:\/\/folhapopular.info\/wp-content\/uploads\/2026\/03\/IMG_1511.jpg","contentUrl":"https:\/\/folhapopular.info\/wp-content\/uploads\/2026\/03\/IMG_1511.jpg","width":1170,"height":1468,"caption":"Cr\u00e9dito: Repraas"},{"@type":"BreadcrumbList","@id":"https:\/\/folhapopular.info\/index.php\/2026\/03\/14\/repraas-e-sema-rs-resgatam-bugio-ruivo-em-triunfo\/#breadcrumb","itemListElement":[{"@type":"ListItem","position":1,"name":"In\u00edcio","item":"https:\/\/folhapopular.info\/"},{"@type":"ListItem","position":2,"name":"Repraas e Sema\/RS resgatam bugio-ruivo em Triunfo"}]},{"@type":"WebSite","@id":"https:\/\/folhapopular.info\/#website","url":"https:\/\/folhapopular.info\/","name":"Folha Popular","description":"Onde voc\u00ea tem vez e voz","potentialAction":[{"@type":"SearchAction","target":{"@type":"EntryPoint","urlTemplate":"https:\/\/folhapopular.info\/?s={search_term_string}"},"query-input":{"@type":"PropertyValueSpecification","valueRequired":true,"valueName":"search_term_string"}}],"inLanguage":"pt-BR"},{"@type":"Person","@id":"https:\/\/folhapopular.info\/#\/schema\/person\/2814e8a0df7643585a9ca38bc6eb9d4b","name":"Reda\u00e7\u00e3o Folha Popular","image":{"@type":"ImageObject","inLanguage":"pt-BR","@id":"https:\/\/folhapopular.info\/wp-content\/uploads\/2026\/04\/Folha-1.webp","url":"https:\/\/folhapopular.info\/wp-content\/uploads\/2026\/04\/Folha-1.webp","contentUrl":"https:\/\/folhapopular.info\/wp-content\/uploads\/2026\/04\/Folha-1.webp","caption":"Reda\u00e7\u00e3o Folha Popular"},"url":"https:\/\/folhapopular.info\/index.php\/author\/redacao\/"}]}},"jetpack_featured_media_url":"https:\/\/folhapopular.info\/wp-content\/uploads\/2026\/03\/IMG_1511.jpg","jetpack_sharing_enabled":true,"amp_enabled":true,"_links":{"self":[{"href":"https:\/\/folhapopular.info\/index.php\/wp-json\/wp\/v2\/posts\/205920","targetHints":{"allow":["GET"]}}],"collection":[{"href":"https:\/\/folhapopular.info\/index.php\/wp-json\/wp\/v2\/posts"}],"about":[{"href":"https:\/\/folhapopular.info\/index.php\/wp-json\/wp\/v2\/types\/post"}],"author":[{"embeddable":true,"href":"https:\/\/folhapopular.info\/index.php\/wp-json\/wp\/v2\/users\/8"}],"replies":[{"embeddable":true,"href":"https:\/\/folhapopular.info\/index.php\/wp-json\/wp\/v2\/comments?post=205920"}],"version-history":[{"count":0,"href":"https:\/\/folhapopular.info\/index.php\/wp-json\/wp\/v2\/posts\/205920\/revisions"}],"wp:featuredmedia":[{"embeddable":true,"href":"https:\/\/folhapopular.info\/index.php\/wp-json\/wp\/v2\/media\/205925"}],"wp:attachment":[{"href":"https:\/\/folhapopular.info\/index.php\/wp-json\/wp\/v2\/media?parent=205920"}],"wp:term":[{"taxonomy":"category","embeddable":true,"href":"https:\/\/folhapopular.info\/index.php\/wp-json\/wp\/v2\/categories?post=205920"},{"taxonomy":"post_tag","embeddable":true,"href":"https:\/\/folhapopular.info\/index.php\/wp-json\/wp\/v2\/tags?post=205920"}],"curies":[{"name":"wp","href":"https:\/\/api.w.org\/{rel}","templated":true}]}}