{"id":205930,"date":"2026-03-14T12:04:07","date_gmt":"2026-03-14T15:04:07","guid":{"rendered":"https:\/\/folhapopular.info\/?p=205930"},"modified":"2026-03-14T15:15:15","modified_gmt":"2026-03-14T18:15:15","slug":"cleo-mauricio-ahlert-e-o-novo-presidente-da-cooperagri","status":"publish","type":"post","link":"https:\/\/folhapopular.info\/index.php\/2026\/03\/14\/cleo-mauricio-ahlert-e-o-novo-presidente-da-cooperagri\/","title":{"rendered":"Cl\u00e9o Maur\u00edcio Ahlert \u00e9 o novo presidente da Cooperagri"},"content":{"rendered":"\n<p>A <a href=\"https:\/\/www.cooperagri.com.br\/\" target=\"_blank\" rel=\"noreferrer noopener\">Cooperativa Agroindustrial S\u00e3o Jac\u00f3 (Cooperagri)<\/a> realizou sua Assembleia Geral Ordin\u00e1ria na manh\u00e3 deste s\u00e1bado (14\/3) no sal\u00e3o da comunidade de Linha Lenz, em Estrela. Os resultados s\u00e3o relativos ao exerc\u00edcio de 2025.<\/p>\n\n\n\n<p>O diretor administrativo e financeiro da cooperativa, L\u00edcio Sulzbach, apresentou n\u00fameros e resultados de 2025, que iniciou com 834 associados e alcan\u00e7ou 850 at\u00e9 este s\u00e1bado. Teut\u00f4nia \u00e9 o munic\u00edpio com maior n\u00famero de associados, com mais de 160.<\/p>\n\n\n\n<p>O ano passado registrou o melhor resultado da Cooperagri em n\u00fameros, com R$ 3,38 milh\u00f5es &#8211; <a href=\"https:\/\/folhapopular.info\/index.php\/2025\/03\/29\/cooperagri-tem-resultado-liquido-de-r-27-milhoes-em-2024\/\" target=\"_blank\" rel=\"noreferrer noopener\">foi de R$ 2,7 milh\u00f5es em 2024<\/a> &#8211; e crescimento de 13% no faturamento (R$ 71 milh\u00f5es).<\/p>\n\n\n\n<p>O capital social encerrou o ano com R$ 560 mil; diminuiu em rela\u00e7\u00e3o a 2024 devido a associados que sa\u00edram. <\/p>\n\n\n\n<p>&#8220;Sabemos que o ano n\u00e3o foi t\u00e3o f\u00e1cil para os produtores, nem para a Cooperagri. Esper\u00e1vamos crescer 50%, mas refizemos o planejamento devido \u00e0s crises enfrentadas&#8221;, disse L\u00edcio.<\/p>\n\n\n\n<p>A participa\u00e7\u00e3o por segmentos \u00e9 de 54% nas ra\u00e7\u00f5es, 11% no milho, 10% nos fertilizantes (ano em que mais venderam), 9% nas sementes, 8% nos farelos, 5% na soja, 2% nos defensivos 2% (crescimento grande pelo pouco tempo de vendas) e 2% de minerais. Outras mercadorias representaram 7%.<\/p>\n\n\n\n<p>A rentabilidade sobre faturamento l\u00edquido foi de 4,7% de margem, em compara\u00e7\u00e3o a 4,25% em 2024. &#8220;\u00c9 o que sobra depois de todos os pagamentos e neg\u00f3cios realizados&#8221;, explicou. A Cooperagri cresceu 2,8% em rela\u00e7\u00e3o a outras cooperativas no RS. &#8220;Mostra que estamos bem e no caminho certo&#8221;, apontou L\u00edcio.<\/p>\n\n\n\n<h2 class=\"wp-block-heading\">Colch\u00e3o de liquidez<\/h2>\n\n\n\n<p>A estrat\u00e9gia para amenizar a crise da agricultura para chegar acima dos resultados das demais, em 2025, foi o &#8220;colch\u00e3o de liquidez&#8221;.<\/p>\n\n\n\n<p>Segundo L\u00edcio, a cooperativa recebeu muito milho. Em geral, na safra, 20% era vendido logo e 80% depositado quando melhorava o pre\u00e7o. No ano passado, ocorreu o inverso: 80% do milho que entrou foi vendido logo. &#8220;O produtor com dificuldade financeira, o ano come\u00e7ou com pre\u00e7o bom por causa da supersafra&#8221;, disse sobre os motivos.<\/p>\n\n\n\n<p>Dessa forma, a Cooperagri formou um colch\u00e3o de liquidez com taxas boas nos bancos parceiros, que permaneceu aplicado. &#8220;Esse recurso aplicado rendeu mais juros do que pagamos no ano. S\u00e3o R$ 17 milh\u00f5es de dinheiro em caixa. Estamos pagando R$ 11 milh\u00f5es em milho, imagina se n\u00e3o tiv\u00e9ssemos feito esse colch\u00e3o&#8221;, ressalta.<\/p>\n\n\n\n<h2 class=\"wp-block-heading\">Investimentos em 2026<\/h2>\n\n\n\n<p>A cooperativa espera investir R$ 16,4 milh\u00f5es em 2026. Destes, estima-se R$ 15 milh\u00f5es para a aquisi\u00e7\u00e3o de um novo sistema de coleta de gr\u00e3os (silos). Ainda, a automa\u00e7\u00e3o da f\u00e1brica velha (R$ 262,6 mil) e um gride zero para compra de energia pela Certel a partir do Mercado Livre de Energia (R$ 57,65 mil). Estas duas j\u00e1 est\u00e3o em andamento. <\/p>\n\n\n\n<h2 class=\"wp-block-heading\">Conselhos de Administra\u00e7\u00e3o e Fiscal<\/h2>\n\n\n\n<p>A assembleia tamb\u00e9m aclamou Cl\u00e9o Maur\u00edcio Ahlert como novo presidente da Cooperagri. O cooperado de Paissandu, Westf\u00e1lia (centro da foto), foi secret\u00e1rio na gest\u00e3o de \u00c9dson Dahmer.<\/p>\n\n\n\n<p><strong>Conselho de Administra\u00e7\u00e3o<\/strong><br>Presidente: Cl\u00e9o Maur\u00edcio Ahlert<br>Vice-presidente: At\u00eamio Petter<br>Secret\u00e1rio: \u00c9dson Ricardo Dahmer<br>Conselheiros: Paulo Sulzbach, Valdir Unnewehr e Jonas Vicente Gr\u00e4bin<br><br><strong>Conselho Fiscal<\/strong><br>Efetivos: Anc\u00e9lio In\u00e1cio Wolkmer, Samuel Ricardo Fell e M\u00e1rcio Andr\u00e9 Diedrich<br>Suplentes: Andr\u00e9ia Cristina Stahlh\u00f6fer Schneider, Loiva Beatriz Trapp e Eric von M\u00fchlen<br><\/p>\n","protected":false},"excerpt":{"rendered":"<p>A Cooperativa Agroindustrial S\u00e3o Jac\u00f3 (Cooperagri) realizou sua Assembleia Geral Ordin\u00e1ria na manh\u00e3 deste s\u00e1bado (14\/3) no sal\u00e3o da comunidade de Linha Lenz, em Estrela. Os resultados s\u00e3o relativos ao exerc\u00edcio de 2025. O diretor administrativo e financeiro da cooperativa, L\u00edcio Sulzbach, apresentou n\u00fameros e resultados de 2025, que iniciou com 834 associados e alcan\u00e7ou [&hellip;]<\/p>\n","protected":false},"author":639,"featured_media":205945,"comment_status":"open","ping_status":"open","sticky":false,"template":"","format":"standard","meta":{"pmpro_default_level":"","_jetpack_memberships_contains_paid_content":false,"footnotes":""},"categories":[2,10991],"tags":[8530,20774,2226],"class_list":{"0":"post-205930","1":"post","2":"type-post","3":"status-publish","4":"format-standard","5":"has-post-thumbnail","7":"category-featured","8":"category-economia","9":"tag-assembleia-geral-ordinaria","10":"tag-cleo-mauricio-ahlert","11":"tag-cooperagri","12":"pmpro-has-access"},"yoast_head":"<!-- This site is optimized with the Yoast SEO plugin v27.5 - https:\/\/yoast.com\/product\/yoast-seo-wordpress\/ -->\n<title>Cl\u00e9o Maur\u00edcio Ahlert \u00e9 o novo presidente da Cooperagri - Folha Popular<\/title>\n<meta name=\"description\" content=\"Secret\u00e1rio na gest\u00e3o de \u00c9dson Dahmer foi eleito em ssembleia geral ordin\u00e1ria realizada na manh\u00e3 deste s\u00e1bado (14\/3) em Linha Lenz, Estrela.\" \/>\n<meta name=\"robots\" content=\"index, follow, max-snippet:-1, max-image-preview:large, max-video-preview:-1\" \/>\n<link rel=\"canonical\" href=\"https:\/\/folhapopular.info\/index.php\/2026\/03\/14\/cleo-mauricio-ahlert-e-o-novo-presidente-da-cooperagri\/\" \/>\n<meta property=\"og:locale\" content=\"pt_BR\" \/>\n<meta property=\"og:type\" content=\"article\" \/>\n<meta property=\"og:title\" content=\"Cl\u00e9o Maur\u00edcio Ahlert \u00e9 o novo presidente da Cooperagri - Folha Popular\" \/>\n<meta property=\"og:description\" content=\"Secret\u00e1rio na gest\u00e3o de \u00c9dson Dahmer foi eleito em ssembleia geral ordin\u00e1ria realizada na manh\u00e3 deste s\u00e1bado (14\/3) em Linha Lenz, Estrela.\" \/>\n<meta property=\"og:url\" content=\"https:\/\/folhapopular.info\/index.php\/2026\/03\/14\/cleo-mauricio-ahlert-e-o-novo-presidente-da-cooperagri\/\" \/>\n<meta property=\"og:site_name\" content=\"Folha Popular\" \/>\n<meta property=\"article:published_time\" content=\"2026-03-14T15:04:07+00:00\" \/>\n<meta property=\"article:modified_time\" content=\"2026-03-14T18:15:15+00:00\" \/>\n<meta property=\"og:image\" content=\"http:\/\/folhapopular.info\/wp-content\/uploads\/2026\/03\/IMG_1541.jpeg\" \/>\n\t<meta property=\"og:image:width\" content=\"1\" \/>\n\t<meta property=\"og:image:height\" content=\"1\" \/>\n\t<meta property=\"og:image:type\" content=\"image\/jpeg\" \/>\n<meta name=\"author\" content=\"Camille Lenz da Silva\" \/>\n<meta name=\"twitter:card\" content=\"summary_large_image\" \/>\n<meta name=\"twitter:label1\" content=\"Escrito por\" \/>\n\t<meta name=\"twitter:data1\" content=\"Camille Lenz da Silva\" \/>\n\t<meta name=\"twitter:label2\" content=\"Est. tempo de leitura\" \/>\n\t<meta name=\"twitter:data2\" content=\"4 minutos\" \/>\n<script type=\"application\/ld+json\" class=\"yoast-schema-graph\">{\"@context\":\"https:\\\/\\\/schema.org\",\"@graph\":[{\"@type\":\"Article\",\"@id\":\"https:\\\/\\\/folhapopular.info\\\/index.php\\\/2026\\\/03\\\/14\\\/cleo-mauricio-ahlert-e-o-novo-presidente-da-cooperagri\\\/#article\",\"isPartOf\":{\"@id\":\"https:\\\/\\\/folhapopular.info\\\/index.php\\\/2026\\\/03\\\/14\\\/cleo-mauricio-ahlert-e-o-novo-presidente-da-cooperagri\\\/\"},\"author\":{\"name\":\"Camille Lenz da Silva\",\"@id\":\"https:\\\/\\\/folhapopular.info\\\/#\\\/schema\\\/person\\\/f0b811f932ef2505faf473ffaef49df5\"},\"headline\":\"Cl\u00e9o Maur\u00edcio Ahlert \u00e9 o novo presidente da Cooperagri\",\"datePublished\":\"2026-03-14T15:04:07+00:00\",\"dateModified\":\"2026-03-14T18:15:15+00:00\",\"mainEntityOfPage\":{\"@id\":\"https:\\\/\\\/folhapopular.info\\\/index.php\\\/2026\\\/03\\\/14\\\/cleo-mauricio-ahlert-e-o-novo-presidente-da-cooperagri\\\/\"},\"wordCount\":561,\"commentCount\":0,\"image\":{\"@id\":\"https:\\\/\\\/folhapopular.info\\\/index.php\\\/2026\\\/03\\\/14\\\/cleo-mauricio-ahlert-e-o-novo-presidente-da-cooperagri\\\/#primaryimage\"},\"thumbnailUrl\":\"https:\\\/\\\/folhapopular.info\\\/wp-content\\\/uploads\\\/2026\\\/03\\\/IMG_1541.jpeg\",\"keywords\":[\"Assembleia Geral Ordin\u00e1ria\",\"Cl\u00e9o Maur\u00edcio Ahlert\",\"Cooperagri\"],\"articleSection\":[\"Destaques\",\"Economia\"],\"inLanguage\":\"pt-BR\",\"potentialAction\":[{\"@type\":\"CommentAction\",\"name\":\"Comment\",\"target\":[\"https:\\\/\\\/folhapopular.info\\\/index.php\\\/2026\\\/03\\\/14\\\/cleo-mauricio-ahlert-e-o-novo-presidente-da-cooperagri\\\/#respond\"]}]},{\"@type\":\"WebPage\",\"@id\":\"https:\\\/\\\/folhapopular.info\\\/index.php\\\/2026\\\/03\\\/14\\\/cleo-mauricio-ahlert-e-o-novo-presidente-da-cooperagri\\\/\",\"url\":\"https:\\\/\\\/folhapopular.info\\\/index.php\\\/2026\\\/03\\\/14\\\/cleo-mauricio-ahlert-e-o-novo-presidente-da-cooperagri\\\/\",\"name\":\"Cl\u00e9o Maur\u00edcio Ahlert \u00e9 o novo presidente da Cooperagri - Folha Popular\",\"isPartOf\":{\"@id\":\"https:\\\/\\\/folhapopular.info\\\/#website\"},\"primaryImageOfPage\":{\"@id\":\"https:\\\/\\\/folhapopular.info\\\/index.php\\\/2026\\\/03\\\/14\\\/cleo-mauricio-ahlert-e-o-novo-presidente-da-cooperagri\\\/#primaryimage\"},\"image\":{\"@id\":\"https:\\\/\\\/folhapopular.info\\\/index.php\\\/2026\\\/03\\\/14\\\/cleo-mauricio-ahlert-e-o-novo-presidente-da-cooperagri\\\/#primaryimage\"},\"thumbnailUrl\":\"https:\\\/\\\/folhapopular.info\\\/wp-content\\\/uploads\\\/2026\\\/03\\\/IMG_1541.jpeg\",\"datePublished\":\"2026-03-14T15:04:07+00:00\",\"dateModified\":\"2026-03-14T18:15:15+00:00\",\"author\":{\"@id\":\"https:\\\/\\\/folhapopular.info\\\/#\\\/schema\\\/person\\\/f0b811f932ef2505faf473ffaef49df5\"},\"description\":\"Secret\u00e1rio na gest\u00e3o de \u00c9dson Dahmer foi eleito em ssembleia geral ordin\u00e1ria realizada na manh\u00e3 deste s\u00e1bado (14\\\/3) em Linha Lenz, Estrela.\",\"breadcrumb\":{\"@id\":\"https:\\\/\\\/folhapopular.info\\\/index.php\\\/2026\\\/03\\\/14\\\/cleo-mauricio-ahlert-e-o-novo-presidente-da-cooperagri\\\/#breadcrumb\"},\"inLanguage\":\"pt-BR\",\"potentialAction\":[{\"@type\":\"ReadAction\",\"target\":[\"https:\\\/\\\/folhapopular.info\\\/index.php\\\/2026\\\/03\\\/14\\\/cleo-mauricio-ahlert-e-o-novo-presidente-da-cooperagri\\\/\"]}]},{\"@type\":\"ImageObject\",\"inLanguage\":\"pt-BR\",\"@id\":\"https:\\\/\\\/folhapopular.info\\\/index.php\\\/2026\\\/03\\\/14\\\/cleo-mauricio-ahlert-e-o-novo-presidente-da-cooperagri\\\/#primaryimage\",\"url\":\"https:\\\/\\\/folhapopular.info\\\/wp-content\\\/uploads\\\/2026\\\/03\\\/IMG_1541.jpeg\",\"contentUrl\":\"https:\\\/\\\/folhapopular.info\\\/wp-content\\\/uploads\\\/2026\\\/03\\\/IMG_1541.jpeg\",\"caption\":\"Novo conselho de Administra\u00e7\u00e3o e Fiscal Cooperagri. Cr\u00e9dito: Camille Lenz da Silva\"},{\"@type\":\"BreadcrumbList\",\"@id\":\"https:\\\/\\\/folhapopular.info\\\/index.php\\\/2026\\\/03\\\/14\\\/cleo-mauricio-ahlert-e-o-novo-presidente-da-cooperagri\\\/#breadcrumb\",\"itemListElement\":[{\"@type\":\"ListItem\",\"position\":1,\"name\":\"In\u00edcio\",\"item\":\"https:\\\/\\\/folhapopular.info\\\/\"},{\"@type\":\"ListItem\",\"position\":2,\"name\":\"Cl\u00e9o Maur\u00edcio Ahlert \u00e9 o novo presidente da Cooperagri\"}]},{\"@type\":\"WebSite\",\"@id\":\"https:\\\/\\\/folhapopular.info\\\/#website\",\"url\":\"https:\\\/\\\/folhapopular.info\\\/\",\"name\":\"Folha Popular\",\"description\":\"Onde voc\u00ea tem vez e voz\",\"potentialAction\":[{\"@type\":\"SearchAction\",\"target\":{\"@type\":\"EntryPoint\",\"urlTemplate\":\"https:\\\/\\\/folhapopular.info\\\/?s={search_term_string}\"},\"query-input\":{\"@type\":\"PropertyValueSpecification\",\"valueRequired\":true,\"valueName\":\"search_term_string\"}}],\"inLanguage\":\"pt-BR\"},{\"@type\":\"Person\",\"@id\":\"https:\\\/\\\/folhapopular.info\\\/#\\\/schema\\\/person\\\/f0b811f932ef2505faf473ffaef49df5\",\"name\":\"Camille Lenz da Silva\",\"image\":{\"@type\":\"ImageObject\",\"inLanguage\":\"pt-BR\",\"@id\":\"https:\\\/\\\/secure.gravatar.com\\\/avatar\\\/50be826d73ca259ec0e0a88a407f5de800c576c46cfdc57e50ef28551e216fff?s=96&d=mm&r=g\",\"url\":\"https:\\\/\\\/secure.gravatar.com\\\/avatar\\\/50be826d73ca259ec0e0a88a407f5de800c576c46cfdc57e50ef28551e216fff?s=96&d=mm&r=g\",\"contentUrl\":\"https:\\\/\\\/secure.gravatar.com\\\/avatar\\\/50be826d73ca259ec0e0a88a407f5de800c576c46cfdc57e50ef28551e216fff?s=96&d=mm&r=g\",\"caption\":\"Camille Lenz da Silva\"},\"url\":\"https:\\\/\\\/folhapopular.info\\\/index.php\\\/author\\\/camillelenzgmail-com\\\/\"}]}<\/script>\n<!-- \/ Yoast SEO plugin. -->","yoast_head_json":{"title":"Cl\u00e9o Maur\u00edcio Ahlert \u00e9 o novo presidente da Cooperagri - Folha Popular","description":"Secret\u00e1rio na gest\u00e3o de \u00c9dson Dahmer foi eleito em ssembleia geral ordin\u00e1ria realizada na manh\u00e3 deste s\u00e1bado (14\/3) em Linha Lenz, Estrela.","robots":{"index":"index","follow":"follow","max-snippet":"max-snippet:-1","max-image-preview":"max-image-preview:large","max-video-preview":"max-video-preview:-1"},"canonical":"https:\/\/folhapopular.info\/index.php\/2026\/03\/14\/cleo-mauricio-ahlert-e-o-novo-presidente-da-cooperagri\/","og_locale":"pt_BR","og_type":"article","og_title":"Cl\u00e9o Maur\u00edcio Ahlert \u00e9 o novo presidente da Cooperagri - Folha Popular","og_description":"Secret\u00e1rio na gest\u00e3o de \u00c9dson Dahmer foi eleito em ssembleia geral ordin\u00e1ria realizada na manh\u00e3 deste s\u00e1bado (14\/3) em Linha Lenz, Estrela.","og_url":"https:\/\/folhapopular.info\/index.php\/2026\/03\/14\/cleo-mauricio-ahlert-e-o-novo-presidente-da-cooperagri\/","og_site_name":"Folha Popular","article_published_time":"2026-03-14T15:04:07+00:00","article_modified_time":"2026-03-14T18:15:15+00:00","og_image":[{"url":"http:\/\/folhapopular.info\/wp-content\/uploads\/2026\/03\/IMG_1541.jpeg","width":1,"height":1,"type":"image\/jpeg"}],"author":"Camille Lenz da Silva","twitter_card":"summary_large_image","twitter_misc":{"Escrito por":"Camille Lenz da Silva","Est. tempo de leitura":"4 minutos"},"schema":{"@context":"https:\/\/schema.org","@graph":[{"@type":"Article","@id":"https:\/\/folhapopular.info\/index.php\/2026\/03\/14\/cleo-mauricio-ahlert-e-o-novo-presidente-da-cooperagri\/#article","isPartOf":{"@id":"https:\/\/folhapopular.info\/index.php\/2026\/03\/14\/cleo-mauricio-ahlert-e-o-novo-presidente-da-cooperagri\/"},"author":{"name":"Camille Lenz da Silva","@id":"https:\/\/folhapopular.info\/#\/schema\/person\/f0b811f932ef2505faf473ffaef49df5"},"headline":"Cl\u00e9o Maur\u00edcio Ahlert \u00e9 o novo presidente da Cooperagri","datePublished":"2026-03-14T15:04:07+00:00","dateModified":"2026-03-14T18:15:15+00:00","mainEntityOfPage":{"@id":"https:\/\/folhapopular.info\/index.php\/2026\/03\/14\/cleo-mauricio-ahlert-e-o-novo-presidente-da-cooperagri\/"},"wordCount":561,"commentCount":0,"image":{"@id":"https:\/\/folhapopular.info\/index.php\/2026\/03\/14\/cleo-mauricio-ahlert-e-o-novo-presidente-da-cooperagri\/#primaryimage"},"thumbnailUrl":"https:\/\/folhapopular.info\/wp-content\/uploads\/2026\/03\/IMG_1541.jpeg","keywords":["Assembleia Geral Ordin\u00e1ria","Cl\u00e9o Maur\u00edcio Ahlert","Cooperagri"],"articleSection":["Destaques","Economia"],"inLanguage":"pt-BR","potentialAction":[{"@type":"CommentAction","name":"Comment","target":["https:\/\/folhapopular.info\/index.php\/2026\/03\/14\/cleo-mauricio-ahlert-e-o-novo-presidente-da-cooperagri\/#respond"]}]},{"@type":"WebPage","@id":"https:\/\/folhapopular.info\/index.php\/2026\/03\/14\/cleo-mauricio-ahlert-e-o-novo-presidente-da-cooperagri\/","url":"https:\/\/folhapopular.info\/index.php\/2026\/03\/14\/cleo-mauricio-ahlert-e-o-novo-presidente-da-cooperagri\/","name":"Cl\u00e9o Maur\u00edcio Ahlert \u00e9 o novo presidente da Cooperagri - Folha Popular","isPartOf":{"@id":"https:\/\/folhapopular.info\/#website"},"primaryImageOfPage":{"@id":"https:\/\/folhapopular.info\/index.php\/2026\/03\/14\/cleo-mauricio-ahlert-e-o-novo-presidente-da-cooperagri\/#primaryimage"},"image":{"@id":"https:\/\/folhapopular.info\/index.php\/2026\/03\/14\/cleo-mauricio-ahlert-e-o-novo-presidente-da-cooperagri\/#primaryimage"},"thumbnailUrl":"https:\/\/folhapopular.info\/wp-content\/uploads\/2026\/03\/IMG_1541.jpeg","datePublished":"2026-03-14T15:04:07+00:00","dateModified":"2026-03-14T18:15:15+00:00","author":{"@id":"https:\/\/folhapopular.info\/#\/schema\/person\/f0b811f932ef2505faf473ffaef49df5"},"description":"Secret\u00e1rio na gest\u00e3o de \u00c9dson Dahmer foi eleito em ssembleia geral ordin\u00e1ria realizada na manh\u00e3 deste s\u00e1bado (14\/3) em Linha Lenz, Estrela.","breadcrumb":{"@id":"https:\/\/folhapopular.info\/index.php\/2026\/03\/14\/cleo-mauricio-ahlert-e-o-novo-presidente-da-cooperagri\/#breadcrumb"},"inLanguage":"pt-BR","potentialAction":[{"@type":"ReadAction","target":["https:\/\/folhapopular.info\/index.php\/2026\/03\/14\/cleo-mauricio-ahlert-e-o-novo-presidente-da-cooperagri\/"]}]},{"@type":"ImageObject","inLanguage":"pt-BR","@id":"https:\/\/folhapopular.info\/index.php\/2026\/03\/14\/cleo-mauricio-ahlert-e-o-novo-presidente-da-cooperagri\/#primaryimage","url":"https:\/\/folhapopular.info\/wp-content\/uploads\/2026\/03\/IMG_1541.jpeg","contentUrl":"https:\/\/folhapopular.info\/wp-content\/uploads\/2026\/03\/IMG_1541.jpeg","caption":"Novo conselho de Administra\u00e7\u00e3o e Fiscal Cooperagri. Cr\u00e9dito: Camille Lenz da Silva"},{"@type":"BreadcrumbList","@id":"https:\/\/folhapopular.info\/index.php\/2026\/03\/14\/cleo-mauricio-ahlert-e-o-novo-presidente-da-cooperagri\/#breadcrumb","itemListElement":[{"@type":"ListItem","position":1,"name":"In\u00edcio","item":"https:\/\/folhapopular.info\/"},{"@type":"ListItem","position":2,"name":"Cl\u00e9o Maur\u00edcio Ahlert \u00e9 o novo presidente da Cooperagri"}]},{"@type":"WebSite","@id":"https:\/\/folhapopular.info\/#website","url":"https:\/\/folhapopular.info\/","name":"Folha Popular","description":"Onde voc\u00ea tem vez e voz","potentialAction":[{"@type":"SearchAction","target":{"@type":"EntryPoint","urlTemplate":"https:\/\/folhapopular.info\/?s={search_term_string}"},"query-input":{"@type":"PropertyValueSpecification","valueRequired":true,"valueName":"search_term_string"}}],"inLanguage":"pt-BR"},{"@type":"Person","@id":"https:\/\/folhapopular.info\/#\/schema\/person\/f0b811f932ef2505faf473ffaef49df5","name":"Camille Lenz da Silva","image":{"@type":"ImageObject","inLanguage":"pt-BR","@id":"https:\/\/secure.gravatar.com\/avatar\/50be826d73ca259ec0e0a88a407f5de800c576c46cfdc57e50ef28551e216fff?s=96&d=mm&r=g","url":"https:\/\/secure.gravatar.com\/avatar\/50be826d73ca259ec0e0a88a407f5de800c576c46cfdc57e50ef28551e216fff?s=96&d=mm&r=g","contentUrl":"https:\/\/secure.gravatar.com\/avatar\/50be826d73ca259ec0e0a88a407f5de800c576c46cfdc57e50ef28551e216fff?s=96&d=mm&r=g","caption":"Camille Lenz da Silva"},"url":"https:\/\/folhapopular.info\/index.php\/author\/camillelenzgmail-com\/"}]}},"jetpack_featured_media_url":"https:\/\/folhapopular.info\/wp-content\/uploads\/2026\/03\/IMG_1541.jpeg","jetpack_sharing_enabled":true,"amp_enabled":true,"_links":{"self":[{"href":"https:\/\/folhapopular.info\/index.php\/wp-json\/wp\/v2\/posts\/205930","targetHints":{"allow":["GET"]}}],"collection":[{"href":"https:\/\/folhapopular.info\/index.php\/wp-json\/wp\/v2\/posts"}],"about":[{"href":"https:\/\/folhapopular.info\/index.php\/wp-json\/wp\/v2\/types\/post"}],"author":[{"embeddable":true,"href":"https:\/\/folhapopular.info\/index.php\/wp-json\/wp\/v2\/users\/639"}],"replies":[{"embeddable":true,"href":"https:\/\/folhapopular.info\/index.php\/wp-json\/wp\/v2\/comments?post=205930"}],"version-history":[{"count":0,"href":"https:\/\/folhapopular.info\/index.php\/wp-json\/wp\/v2\/posts\/205930\/revisions"}],"wp:featuredmedia":[{"embeddable":true,"href":"https:\/\/folhapopular.info\/index.php\/wp-json\/wp\/v2\/media\/205945"}],"wp:attachment":[{"href":"https:\/\/folhapopular.info\/index.php\/wp-json\/wp\/v2\/media?parent=205930"}],"wp:term":[{"taxonomy":"category","embeddable":true,"href":"https:\/\/folhapopular.info\/index.php\/wp-json\/wp\/v2\/categories?post=205930"},{"taxonomy":"post_tag","embeddable":true,"href":"https:\/\/folhapopular.info\/index.php\/wp-json\/wp\/v2\/tags?post=205930"}],"curies":[{"name":"wp","href":"https:\/\/api.w.org\/{rel}","templated":true}]}}