{"id":205943,"date":"2026-03-14T12:00:00","date_gmt":"2026-03-14T15:00:00","guid":{"rendered":"https:\/\/folhapopular.info\/?p=205943"},"modified":"2026-03-14T12:15:09","modified_gmt":"2026-03-14T15:15:09","slug":"pascoa-encantada-2026-de-colinas-comeca-neste-sabado-e-segue-ate-dia-4-de-abril","status":"publish","type":"post","link":"https:\/\/folhapopular.info\/index.php\/2026\/03\/14\/pascoa-encantada-2026-de-colinas-comeca-neste-sabado-e-segue-ate-dia-4-de-abril\/","title":{"rendered":"P\u00e1scoa Encantada 2026 de Colinas come\u00e7a neste s\u00e1bado e segue at\u00e9 dia 4 de abril"},"content":{"rendered":"\n<p>A manh\u00e3 deste s\u00e1bado (14\/3) marcou a abertura oficial da P\u00e1scoa Encantada de Colinas, realizada na Pra\u00e7a dos P\u00e1ssaros, no centro do munic\u00edpio.<\/p>\n\n\n\n<p>O ato reuniu autoridades, patrocinadores, representantes de entidades, comunidade e imprensa para dar in\u00edcio \u00e0 programa\u00e7\u00e3o do evento, que passa a movimentar o munic\u00edpio nas pr\u00f3ximas semanas com atra\u00e7\u00f5es culturais e atividades voltadas para todas as idades.<\/p>\n\n\n\n<p>Participaram da cerim\u00f4nia o prefeito Marcelo Schroer, a vice-prefeita e secret\u00e1ria de Educa\u00e7\u00e3o e Cultura Maristela Souza, o presidente da C\u00e2mara de Vereadores Fabiel Adolfo Zarth, al\u00e9m de vereadores, secret\u00e1rios municipais, representantes de patrocinadores e lideran\u00e7as locais.<\/p>\n\n\n\n<p>Tamb\u00e9m estiveram presentes a rainha de Colinas, Amanda Bressanelli Felisberto, a segunda princesa Luiza Peters Severo e as candidatas que concorrem ao t\u00edtulo de soberanas do munic\u00edpio.<\/p>\n\n\n\n<p>O secret\u00e1rio da Associa\u00e7\u00e3o Cultural de Colinas, Felipe Possebom, destaca o trabalho coletivo que antecedeu a abertura da programa\u00e7\u00e3o. Segundo ele, servidores p\u00fablicos e volunt\u00e1rios se dedicaram para preparar a cidade e montar a decora\u00e7\u00e3o tem\u00e1tica que marca o per\u00edodo.<\/p>\n\n\n\n<p>\u201cO cora\u00e7\u00e3o explode de alegria. Hoje temos uma cidade florida, colorida e cheia de vida, o que representa muito sentimento para todos n\u00f3s colinenses\u201d, afirma.<\/p>\n\n\n\n<p>Ele tamb\u00e9m relaciona o esp\u00edrito da P\u00e1scoa ao olhar das crian\u00e7as e \u00e0 esperan\u00e7a que o per\u00edodo simboliza. \u201cMesmo quando parece n\u00e3o haver esperan\u00e7a, ainda existe dentro de cada um de n\u00f3s algo de uma crian\u00e7a. E \u00e9 exatamente isso que a P\u00e1scoa nos lembra: esperan\u00e7a e um futuro melhor\u201d, acrescenta ele.<\/p>\n\n\n\n<p>A vice-prefeita Maristela de Souza aponta que o tema desta edi\u00e7\u00e3o aborda a hist\u00f3ria do ovo de P\u00e1scoa, s\u00edmbolo tradicional que representa renova\u00e7\u00e3o e vida nova. Conforme ela, o conceito est\u00e1 presente tanto na decora\u00e7\u00e3o espalhada pela cidade quanto no desfile tem\u00e1tico que integra a programa\u00e7\u00e3o.<\/p>\n\n\n\n<p>\u201cA P\u00e1scoa \u00e9 um tempo de renova\u00e7\u00e3o, de uni\u00e3o e de esperan\u00e7a. Esse momento fortalece os la\u00e7os da nossa comunidade e resgata uma tradi\u00e7\u00e3o muito forte na nossa regi\u00e3o\u201d, ressalta.<\/p>\n\n\n\n<p>O prefeito Marcelo Schroer enfatiza o esfor\u00e7o conjunto entre poder p\u00fablico, comunidade e patrocinadores para a realiza\u00e7\u00e3o do evento. Ele tamb\u00e9m avalia o impacto positivo da programa\u00e7\u00e3o para a economia local.<\/p>\n\n\n\n<p>\u201cNosso munic\u00edpio \u00e9 pequeno, mas muito acolhedor. Eventos como esse ajudam a fortalecer nossos empreendedores, com artesanato, gastronomia e atra\u00e7\u00f5es para as fam\u00edlias\u201d, afirma.<\/p>\n\n\n\n<p>Schroer tamb\u00e9m agradece o trabalho de servidores e volunt\u00e1rios envolvidos na organiza\u00e7\u00e3o. \u201cTudo isso foi feito com muito amor e carinho para trazer alegria, principalmente \u00e0s crian\u00e7as\u201d, celebra o prefeito.<\/p>\n\n\n\n<p>Ainda, as candidatas ao concurso que escolher\u00e1 as novas soberanas de Colinas tamb\u00e9m foram apresentadas \u00e0 comunidade. A escolha da nova corte est\u00e1 agendada marcada para o dia 20 de mar\u00e7o, na Pra\u00e7a dos P\u00e1ssaros.<\/p>\n\n\n\n<p>Ap\u00f3s os pronunciamentos, a Orquestra Municipal de Colinas conduziu o momento simb\u00f3lico de abertura, com a chegada dos coelhos de P\u00e1scoa \u00e0 pra\u00e7a. Na sequ\u00eancia, autoridades, candidatas a soberanas e imprensa participaram do passeio inaugural do trenzinho tem\u00e1tico.<\/p>\n\n\n\n<p>A programa\u00e7\u00e3o do evento tamb\u00e9m inclui apresenta\u00e7\u00f5es musicais, espet\u00e1culos teatrais, oficinas para crian\u00e7as, feira de artesanato, pra\u00e7a de alimenta\u00e7\u00e3o, parque de divers\u00f5es e atividades recreativas. Entre os destaques est\u00e3o os desfiles tem\u00e1ticos de P\u00e1scoa, dirigidos por Pablo Capalonga, que ocorrem nos dias 21 e 29, \u00e0s 16h.<\/p>\n\n\n\n<p>Ainda neste primeiro dia de atividades, a programa\u00e7\u00e3o ter\u00e1 apresenta\u00e7\u00e3o teatral, encontro cicl\u00edstico e show ac\u00fastico na pra\u00e7a, tudo para dar in\u00edcio \u00e0s atra\u00e7\u00f5es que passam a movimentar a cidade nos finais de semana.<\/p>\n\n\n\n<figure class=\"wp-block-table is-style-stripes\"><table class=\"has-very-light-gray-to-cyan-bluish-gray-gradient-background has-background\"><tbody><tr><td><strong>Programa\u00e7\u00e3o cultural<\/strong><\/td><\/tr><tr><td><strong>14 de mar\u00e7o &#8211; Abertura<\/strong><\/td><\/tr><tr><td>15h &#8211; Teatro \u201c\u00c9 preciso olhar para dentro\u201d<\/td><\/tr><tr><td>15h &#8211; Encontro Cicl\u00edstico Local: Pra\u00e7a dos P\u00e1ssaros<\/td><\/tr><tr><td>16h &#8211; Teatro \u201c\u00c9 preciso olhar para dentro\u201d<\/td><\/tr><tr><td>17h &#8211; Rafa Hass (Ac\u00fastico)<\/td><\/tr><tr><td><\/td><\/tr><tr><td><strong>15 de mar\u00e7o<\/strong><\/td><\/tr><tr><td>14h &#8211; Teatro \u201c\u00c9 preciso olhar para dentro\u201d<\/td><\/tr><tr><td>14h30 &#8211; Coral do Cras<\/td><\/tr><tr><td>15h &#8211; Coral Infantojuvenil<\/td><\/tr><tr><td>15h30 &#8211; Coral Municipal de Colinas<\/td><\/tr><tr><td>16h &#8211; Teatro \u201c\u00c9 preciso olhar para dentro\u201d<\/td><\/tr><tr><td><\/td><\/tr><tr><td><strong>20 de mar\u00e7o<\/strong><\/td><\/tr><tr><td>19h30 &#8211; Sandro e Diana<\/td><\/tr><tr><td>20h30 &#8211; Desfile de Escolha das Soberanas<\/td><\/tr><tr><td>22h &#8211; Super Banda Chop\u00e3o<\/td><\/tr><tr><td><\/td><\/tr><tr><td><strong>21 de mar\u00e7o<\/strong><\/td><\/tr><tr><td>16h &#8211; Desfile Tem\u00e1tico \u201cDa origem \u00e0 f\u00e9 crist\u00e3: a origem do ovo de P\u00e1scoa\u201d<\/td><\/tr><tr><td>17h30 &#8211; Os Atuais<\/td><\/tr><tr><td>20h &#8211; Thomas Machado e Banda<\/td><\/tr><tr><td>22h &#8211; Tati Freitas<\/td><\/tr><tr><td><\/td><\/tr><tr><td><strong>22 de mar\u00e7o<\/strong><\/td><\/tr><tr><td>14h \u00e0s 17h30 &#8211; Encontro de Orquestras<\/td><\/tr><tr><td><\/td><\/tr><tr><td><strong>28 de mar\u00e7o<\/strong><\/td><\/tr><tr><td>14h30 &#8211; Teatro \u201c\u00c9 preciso olhar para dentro\u201d<\/td><\/tr><tr><td>15h &#8211; Apresenta\u00e7\u00f5es de Dan\u00e7a<\/td><\/tr><tr><td>16h &#8211; Teatro \u201c\u00c9 preciso olhar para dentro\u201d<\/td><\/tr><tr><td>17h &#8211; Banda Apple<\/td><\/tr><tr><td><\/td><\/tr><tr><td><strong>29 de mar\u00e7o<\/strong><\/td><\/tr><tr><td>16h &#8211; Desfile Tem\u00e1tico: \u201cDa origem \u00e0 f\u00e9 crist\u00e3: a origem do ovo de P\u00e1scoa\u201d<\/td><\/tr><tr><td><\/td><\/tr><tr><td><strong>3 de abril<\/strong><\/td><\/tr><tr><td>15h &#8211; Teatro \u201c\u00c9 preciso olhar para dentro\u201d<\/td><\/tr><tr><td>16h &#8211; Teatro \u201c\u00c9 preciso olhar para dentro\u201d<\/td><\/tr><tr><td>17h -Ego e Serginho<\/td><\/tr><tr><td><\/td><\/tr><tr><td><strong>4 de abril<\/strong><\/td><\/tr><tr><td>15h &#8211; Teatro \u201c\u00c9 preciso olhar para dentro\u201d<\/td><\/tr><tr><td>16h &#8211; Teatro \u201c\u00c9 preciso olhar para dentro\u201d<\/td><\/tr><tr><td>17h &#8211; Xepa e Banda<\/td><\/tr><\/tbody><\/table><\/figure>\n\n\n\n<figure class=\"wp-block-embed is-type-wp-embed is-provider-folha-popular wp-block-embed-folha-popular\"><div class=\"wp-block-embed__wrapper\">\n<blockquote class=\"wp-embedded-content\" data-secret=\"EcUtUlrGrV\"><a href=\"https:\/\/folhapopular.info\/index.php\/2026\/03\/10\/programacao-da-pascoa-encantada-de-colinas-inicia-neste-sabado\/\">Programa\u00e7\u00e3o da P\u00e1scoa Encantada de Colinas inicia neste s\u00e1bado<\/a><\/blockquote><iframe loading=\"lazy\" class=\"wp-embedded-content\" sandbox=\"allow-scripts\" security=\"restricted\" style=\"position: absolute; visibility: hidden;\" title=\"&#8220;Programa\u00e7\u00e3o da P\u00e1scoa Encantada de Colinas inicia neste s\u00e1bado&#8221; &#8212; Folha Popular\" src=\"https:\/\/folhapopular.info\/index.php\/2026\/03\/10\/programacao-da-pascoa-encantada-de-colinas-inicia-neste-sabado\/embed\/#?secret=UXv4KZZ2JY#?secret=EcUtUlrGrV\" data-secret=\"EcUtUlrGrV\" width=\"600\" height=\"338\" frameborder=\"0\" marginwidth=\"0\" marginheight=\"0\" scrolling=\"no\"><\/iframe>\n<\/div><\/figure>\n","protected":false},"excerpt":{"rendered":"<p>A manh\u00e3 deste s\u00e1bado (14\/3) marcou a abertura oficial da P\u00e1scoa Encantada de Colinas, realizada na Pra\u00e7a dos P\u00e1ssaros, no centro do munic\u00edpio. O ato reuniu autoridades, patrocinadores, representantes de entidades, comunidade e imprensa para dar in\u00edcio \u00e0 programa\u00e7\u00e3o do evento, que passa a movimentar o munic\u00edpio nas pr\u00f3ximas semanas com atra\u00e7\u00f5es culturais e atividades [&hellip;]<\/p>\n","protected":false},"author":732,"featured_media":205954,"comment_status":"open","ping_status":"open","sticky":false,"template":"","format":"standard","meta":{"pmpro_default_level":"","_jetpack_memberships_contains_paid_content":false,"footnotes":""},"categories":[2,6,11000],"tags":[183,2367,8513,11093],"class_list":{"0":"post-205943","1":"post","2":"type-post","3":"status-publish","4":"format-standard","5":"has-post-thumbnail","7":"category-featured","8":"category-inclusive","9":"category-turismo","10":"tag-colinas","11":"tag-pascoa","12":"tag-pascoa-encantada","13":"tag-pascoa-encantada-de-colinas","14":"pmpro-has-access"},"yoast_head":"<!-- This site is optimized with the Yoast SEO plugin v27.5 - https:\/\/yoast.com\/product\/yoast-seo-wordpress\/ -->\n<title>P\u00e1scoa Encantada 2026 de Colinas come\u00e7a neste s\u00e1bado e segue at\u00e9 dia 4 de abril - Folha Popular<\/title>\n<meta name=\"robots\" content=\"index, follow, max-snippet:-1, max-image-preview:large, max-video-preview:-1\" \/>\n<link rel=\"canonical\" href=\"https:\/\/folhapopular.info\/index.php\/2026\/03\/14\/pascoa-encantada-2026-de-colinas-comeca-neste-sabado-e-segue-ate-dia-4-de-abril\/\" \/>\n<meta property=\"og:locale\" content=\"pt_BR\" \/>\n<meta property=\"og:type\" content=\"article\" \/>\n<meta property=\"og:title\" content=\"P\u00e1scoa Encantada 2026 de Colinas come\u00e7a neste s\u00e1bado e segue at\u00e9 dia 4 de abril - Folha Popular\" \/>\n<meta property=\"og:description\" content=\"A manh\u00e3 deste s\u00e1bado (14\/3) marcou a abertura oficial da P\u00e1scoa Encantada de Colinas, realizada na Pra\u00e7a dos P\u00e1ssaros, no centro do munic\u00edpio. O ato reuniu autoridades, patrocinadores, representantes de entidades, comunidade e imprensa para dar in\u00edcio \u00e0 programa\u00e7\u00e3o do evento, que passa a movimentar o munic\u00edpio nas pr\u00f3ximas semanas com atra\u00e7\u00f5es culturais e atividades [&hellip;]\" \/>\n<meta property=\"og:url\" content=\"https:\/\/folhapopular.info\/index.php\/2026\/03\/14\/pascoa-encantada-2026-de-colinas-comeca-neste-sabado-e-segue-ate-dia-4-de-abril\/\" \/>\n<meta property=\"og:site_name\" content=\"Folha Popular\" \/>\n<meta property=\"article:author\" content=\"https:\/\/www.facebook.com\/luis.huppes\/\" \/>\n<meta property=\"article:published_time\" content=\"2026-03-14T15:00:00+00:00\" \/>\n<meta property=\"article:modified_time\" content=\"2026-03-14T15:15:09+00:00\" \/>\n<meta property=\"og:image\" content=\"http:\/\/folhapopular.info\/wp-content\/uploads\/2026\/03\/WhatsApp-Image-2026-03-14-at-12.13.01.jpeg\" \/>\n\t<meta property=\"og:image:width\" content=\"1280\" \/>\n\t<meta property=\"og:image:height\" content=\"960\" \/>\n\t<meta property=\"og:image:type\" content=\"image\/jpeg\" \/>\n<meta name=\"author\" content=\"Luis Augusto Huppes\" \/>\n<meta name=\"twitter:card\" content=\"summary_large_image\" \/>\n<meta name=\"twitter:label1\" content=\"Escrito por\" \/>\n\t<meta name=\"twitter:data1\" content=\"Luis Augusto Huppes\" \/>\n\t<meta name=\"twitter:label2\" content=\"Est. tempo de leitura\" \/>\n\t<meta name=\"twitter:data2\" content=\"5 minutos\" \/>\n<script type=\"application\/ld+json\" class=\"yoast-schema-graph\">{\"@context\":\"https:\\\/\\\/schema.org\",\"@graph\":[{\"@type\":\"Article\",\"@id\":\"https:\\\/\\\/folhapopular.info\\\/index.php\\\/2026\\\/03\\\/14\\\/pascoa-encantada-2026-de-colinas-comeca-neste-sabado-e-segue-ate-dia-4-de-abril\\\/#article\",\"isPartOf\":{\"@id\":\"https:\\\/\\\/folhapopular.info\\\/index.php\\\/2026\\\/03\\\/14\\\/pascoa-encantada-2026-de-colinas-comeca-neste-sabado-e-segue-ate-dia-4-de-abril\\\/\"},\"author\":{\"name\":\"Luis Augusto Huppes\",\"@id\":\"https:\\\/\\\/folhapopular.info\\\/#\\\/schema\\\/person\\\/e852c327371714676d02e58cf917fd9f\"},\"headline\":\"P\u00e1scoa Encantada 2026 de Colinas come\u00e7a neste s\u00e1bado e segue at\u00e9 dia 4 de abril\",\"datePublished\":\"2026-03-14T15:00:00+00:00\",\"dateModified\":\"2026-03-14T15:15:09+00:00\",\"mainEntityOfPage\":{\"@id\":\"https:\\\/\\\/folhapopular.info\\\/index.php\\\/2026\\\/03\\\/14\\\/pascoa-encantada-2026-de-colinas-comeca-neste-sabado-e-segue-ate-dia-4-de-abril\\\/\"},\"wordCount\":887,\"commentCount\":0,\"image\":{\"@id\":\"https:\\\/\\\/folhapopular.info\\\/index.php\\\/2026\\\/03\\\/14\\\/pascoa-encantada-2026-de-colinas-comeca-neste-sabado-e-segue-ate-dia-4-de-abril\\\/#primaryimage\"},\"thumbnailUrl\":\"https:\\\/\\\/folhapopular.info\\\/wp-content\\\/uploads\\\/2026\\\/03\\\/WhatsApp-Image-2026-03-14-at-12.13.01.jpeg\",\"keywords\":[\"Colinas\",\"P\u00e1scoa\",\"P\u00e1scoa Encantada\",\"p\u00e1scoa encantada de colinas\"],\"articleSection\":[\"Destaques\",\"Inclusive\",\"Turismo\"],\"inLanguage\":\"pt-BR\",\"potentialAction\":[{\"@type\":\"CommentAction\",\"name\":\"Comment\",\"target\":[\"https:\\\/\\\/folhapopular.info\\\/index.php\\\/2026\\\/03\\\/14\\\/pascoa-encantada-2026-de-colinas-comeca-neste-sabado-e-segue-ate-dia-4-de-abril\\\/#respond\"]}]},{\"@type\":\"WebPage\",\"@id\":\"https:\\\/\\\/folhapopular.info\\\/index.php\\\/2026\\\/03\\\/14\\\/pascoa-encantada-2026-de-colinas-comeca-neste-sabado-e-segue-ate-dia-4-de-abril\\\/\",\"url\":\"https:\\\/\\\/folhapopular.info\\\/index.php\\\/2026\\\/03\\\/14\\\/pascoa-encantada-2026-de-colinas-comeca-neste-sabado-e-segue-ate-dia-4-de-abril\\\/\",\"name\":\"P\u00e1scoa Encantada 2026 de Colinas come\u00e7a neste s\u00e1bado e segue at\u00e9 dia 4 de abril - Folha Popular\",\"isPartOf\":{\"@id\":\"https:\\\/\\\/folhapopular.info\\\/#website\"},\"primaryImageOfPage\":{\"@id\":\"https:\\\/\\\/folhapopular.info\\\/index.php\\\/2026\\\/03\\\/14\\\/pascoa-encantada-2026-de-colinas-comeca-neste-sabado-e-segue-ate-dia-4-de-abril\\\/#primaryimage\"},\"image\":{\"@id\":\"https:\\\/\\\/folhapopular.info\\\/index.php\\\/2026\\\/03\\\/14\\\/pascoa-encantada-2026-de-colinas-comeca-neste-sabado-e-segue-ate-dia-4-de-abril\\\/#primaryimage\"},\"thumbnailUrl\":\"https:\\\/\\\/folhapopular.info\\\/wp-content\\\/uploads\\\/2026\\\/03\\\/WhatsApp-Image-2026-03-14-at-12.13.01.jpeg\",\"datePublished\":\"2026-03-14T15:00:00+00:00\",\"dateModified\":\"2026-03-14T15:15:09+00:00\",\"author\":{\"@id\":\"https:\\\/\\\/folhapopular.info\\\/#\\\/schema\\\/person\\\/e852c327371714676d02e58cf917fd9f\"},\"breadcrumb\":{\"@id\":\"https:\\\/\\\/folhapopular.info\\\/index.php\\\/2026\\\/03\\\/14\\\/pascoa-encantada-2026-de-colinas-comeca-neste-sabado-e-segue-ate-dia-4-de-abril\\\/#breadcrumb\"},\"inLanguage\":\"pt-BR\",\"potentialAction\":[{\"@type\":\"ReadAction\",\"target\":[\"https:\\\/\\\/folhapopular.info\\\/index.php\\\/2026\\\/03\\\/14\\\/pascoa-encantada-2026-de-colinas-comeca-neste-sabado-e-segue-ate-dia-4-de-abril\\\/\"]}]},{\"@type\":\"ImageObject\",\"inLanguage\":\"pt-BR\",\"@id\":\"https:\\\/\\\/folhapopular.info\\\/index.php\\\/2026\\\/03\\\/14\\\/pascoa-encantada-2026-de-colinas-comeca-neste-sabado-e-segue-ate-dia-4-de-abril\\\/#primaryimage\",\"url\":\"https:\\\/\\\/folhapopular.info\\\/wp-content\\\/uploads\\\/2026\\\/03\\\/WhatsApp-Image-2026-03-14-at-12.13.01.jpeg\",\"contentUrl\":\"https:\\\/\\\/folhapopular.info\\\/wp-content\\\/uploads\\\/2026\\\/03\\\/WhatsApp-Image-2026-03-14-at-12.13.01.jpeg\",\"width\":1280,\"height\":960,\"caption\":\"Momento de abertura ocorreu na manh\u00e3 deste s\u00e1bado (14\\\/3) - Cr\u00e9dito: AI Colinas \\\/ Divulga\u00e7\u00e3o\"},{\"@type\":\"BreadcrumbList\",\"@id\":\"https:\\\/\\\/folhapopular.info\\\/index.php\\\/2026\\\/03\\\/14\\\/pascoa-encantada-2026-de-colinas-comeca-neste-sabado-e-segue-ate-dia-4-de-abril\\\/#breadcrumb\",\"itemListElement\":[{\"@type\":\"ListItem\",\"position\":1,\"name\":\"In\u00edcio\",\"item\":\"https:\\\/\\\/folhapopular.info\\\/\"},{\"@type\":\"ListItem\",\"position\":2,\"name\":\"P\u00e1scoa Encantada 2026 de Colinas come\u00e7a neste s\u00e1bado e segue at\u00e9 dia 4 de abril\"}]},{\"@type\":\"WebSite\",\"@id\":\"https:\\\/\\\/folhapopular.info\\\/#website\",\"url\":\"https:\\\/\\\/folhapopular.info\\\/\",\"name\":\"Folha Popular\",\"description\":\"Onde voc\u00ea tem vez e voz\",\"potentialAction\":[{\"@type\":\"SearchAction\",\"target\":{\"@type\":\"EntryPoint\",\"urlTemplate\":\"https:\\\/\\\/folhapopular.info\\\/?s={search_term_string}\"},\"query-input\":{\"@type\":\"PropertyValueSpecification\",\"valueRequired\":true,\"valueName\":\"search_term_string\"}}],\"inLanguage\":\"pt-BR\"},{\"@type\":\"Person\",\"@id\":\"https:\\\/\\\/folhapopular.info\\\/#\\\/schema\\\/person\\\/e852c327371714676d02e58cf917fd9f\",\"name\":\"Luis Augusto Huppes\",\"image\":{\"@type\":\"ImageObject\",\"inLanguage\":\"pt-BR\",\"@id\":\"https:\\\/\\\/folhapopular.info\\\/wp-content\\\/uploads\\\/2026\\\/04\\\/Luis-Augusto-Huppes-1-1.webp\",\"url\":\"https:\\\/\\\/folhapopular.info\\\/wp-content\\\/uploads\\\/2026\\\/04\\\/Luis-Augusto-Huppes-1-1.webp\",\"contentUrl\":\"https:\\\/\\\/folhapopular.info\\\/wp-content\\\/uploads\\\/2026\\\/04\\\/Luis-Augusto-Huppes-1-1.webp\",\"caption\":\"Luis Augusto Huppes\"},\"sameAs\":[\"https:\\\/\\\/www.facebook.com\\\/luis.huppes\\\/\",\"https:\\\/\\\/www.instagram.com\\\/luis.huppes\\\/\",\"https:\\\/\\\/www.linkedin.com\\\/in\\\/luis-augusto-huppes-2554b52b7\\\/\"],\"url\":\"https:\\\/\\\/folhapopular.info\\\/index.php\\\/author\\\/luis-augusto-huppes\\\/\"}]}<\/script>\n<!-- \/ Yoast SEO plugin. -->","yoast_head_json":{"title":"P\u00e1scoa Encantada 2026 de Colinas come\u00e7a neste s\u00e1bado e segue at\u00e9 dia 4 de abril - Folha Popular","robots":{"index":"index","follow":"follow","max-snippet":"max-snippet:-1","max-image-preview":"max-image-preview:large","max-video-preview":"max-video-preview:-1"},"canonical":"https:\/\/folhapopular.info\/index.php\/2026\/03\/14\/pascoa-encantada-2026-de-colinas-comeca-neste-sabado-e-segue-ate-dia-4-de-abril\/","og_locale":"pt_BR","og_type":"article","og_title":"P\u00e1scoa Encantada 2026 de Colinas come\u00e7a neste s\u00e1bado e segue at\u00e9 dia 4 de abril - Folha Popular","og_description":"A manh\u00e3 deste s\u00e1bado (14\/3) marcou a abertura oficial da P\u00e1scoa Encantada de Colinas, realizada na Pra\u00e7a dos P\u00e1ssaros, no centro do munic\u00edpio. O ato reuniu autoridades, patrocinadores, representantes de entidades, comunidade e imprensa para dar in\u00edcio \u00e0 programa\u00e7\u00e3o do evento, que passa a movimentar o munic\u00edpio nas pr\u00f3ximas semanas com atra\u00e7\u00f5es culturais e atividades [&hellip;]","og_url":"https:\/\/folhapopular.info\/index.php\/2026\/03\/14\/pascoa-encantada-2026-de-colinas-comeca-neste-sabado-e-segue-ate-dia-4-de-abril\/","og_site_name":"Folha Popular","article_author":"https:\/\/www.facebook.com\/luis.huppes\/","article_published_time":"2026-03-14T15:00:00+00:00","article_modified_time":"2026-03-14T15:15:09+00:00","og_image":[{"width":1280,"height":960,"url":"http:\/\/folhapopular.info\/wp-content\/uploads\/2026\/03\/WhatsApp-Image-2026-03-14-at-12.13.01.jpeg","type":"image\/jpeg"}],"author":"Luis Augusto Huppes","twitter_card":"summary_large_image","twitter_misc":{"Escrito por":"Luis Augusto Huppes","Est. tempo de leitura":"5 minutos"},"schema":{"@context":"https:\/\/schema.org","@graph":[{"@type":"Article","@id":"https:\/\/folhapopular.info\/index.php\/2026\/03\/14\/pascoa-encantada-2026-de-colinas-comeca-neste-sabado-e-segue-ate-dia-4-de-abril\/#article","isPartOf":{"@id":"https:\/\/folhapopular.info\/index.php\/2026\/03\/14\/pascoa-encantada-2026-de-colinas-comeca-neste-sabado-e-segue-ate-dia-4-de-abril\/"},"author":{"name":"Luis Augusto Huppes","@id":"https:\/\/folhapopular.info\/#\/schema\/person\/e852c327371714676d02e58cf917fd9f"},"headline":"P\u00e1scoa Encantada 2026 de Colinas come\u00e7a neste s\u00e1bado e segue at\u00e9 dia 4 de abril","datePublished":"2026-03-14T15:00:00+00:00","dateModified":"2026-03-14T15:15:09+00:00","mainEntityOfPage":{"@id":"https:\/\/folhapopular.info\/index.php\/2026\/03\/14\/pascoa-encantada-2026-de-colinas-comeca-neste-sabado-e-segue-ate-dia-4-de-abril\/"},"wordCount":887,"commentCount":0,"image":{"@id":"https:\/\/folhapopular.info\/index.php\/2026\/03\/14\/pascoa-encantada-2026-de-colinas-comeca-neste-sabado-e-segue-ate-dia-4-de-abril\/#primaryimage"},"thumbnailUrl":"https:\/\/folhapopular.info\/wp-content\/uploads\/2026\/03\/WhatsApp-Image-2026-03-14-at-12.13.01.jpeg","keywords":["Colinas","P\u00e1scoa","P\u00e1scoa Encantada","p\u00e1scoa encantada de colinas"],"articleSection":["Destaques","Inclusive","Turismo"],"inLanguage":"pt-BR","potentialAction":[{"@type":"CommentAction","name":"Comment","target":["https:\/\/folhapopular.info\/index.php\/2026\/03\/14\/pascoa-encantada-2026-de-colinas-comeca-neste-sabado-e-segue-ate-dia-4-de-abril\/#respond"]}]},{"@type":"WebPage","@id":"https:\/\/folhapopular.info\/index.php\/2026\/03\/14\/pascoa-encantada-2026-de-colinas-comeca-neste-sabado-e-segue-ate-dia-4-de-abril\/","url":"https:\/\/folhapopular.info\/index.php\/2026\/03\/14\/pascoa-encantada-2026-de-colinas-comeca-neste-sabado-e-segue-ate-dia-4-de-abril\/","name":"P\u00e1scoa Encantada 2026 de Colinas come\u00e7a neste s\u00e1bado e segue at\u00e9 dia 4 de abril - Folha Popular","isPartOf":{"@id":"https:\/\/folhapopular.info\/#website"},"primaryImageOfPage":{"@id":"https:\/\/folhapopular.info\/index.php\/2026\/03\/14\/pascoa-encantada-2026-de-colinas-comeca-neste-sabado-e-segue-ate-dia-4-de-abril\/#primaryimage"},"image":{"@id":"https:\/\/folhapopular.info\/index.php\/2026\/03\/14\/pascoa-encantada-2026-de-colinas-comeca-neste-sabado-e-segue-ate-dia-4-de-abril\/#primaryimage"},"thumbnailUrl":"https:\/\/folhapopular.info\/wp-content\/uploads\/2026\/03\/WhatsApp-Image-2026-03-14-at-12.13.01.jpeg","datePublished":"2026-03-14T15:00:00+00:00","dateModified":"2026-03-14T15:15:09+00:00","author":{"@id":"https:\/\/folhapopular.info\/#\/schema\/person\/e852c327371714676d02e58cf917fd9f"},"breadcrumb":{"@id":"https:\/\/folhapopular.info\/index.php\/2026\/03\/14\/pascoa-encantada-2026-de-colinas-comeca-neste-sabado-e-segue-ate-dia-4-de-abril\/#breadcrumb"},"inLanguage":"pt-BR","potentialAction":[{"@type":"ReadAction","target":["https:\/\/folhapopular.info\/index.php\/2026\/03\/14\/pascoa-encantada-2026-de-colinas-comeca-neste-sabado-e-segue-ate-dia-4-de-abril\/"]}]},{"@type":"ImageObject","inLanguage":"pt-BR","@id":"https:\/\/folhapopular.info\/index.php\/2026\/03\/14\/pascoa-encantada-2026-de-colinas-comeca-neste-sabado-e-segue-ate-dia-4-de-abril\/#primaryimage","url":"https:\/\/folhapopular.info\/wp-content\/uploads\/2026\/03\/WhatsApp-Image-2026-03-14-at-12.13.01.jpeg","contentUrl":"https:\/\/folhapopular.info\/wp-content\/uploads\/2026\/03\/WhatsApp-Image-2026-03-14-at-12.13.01.jpeg","width":1280,"height":960,"caption":"Momento de abertura ocorreu na manh\u00e3 deste s\u00e1bado (14\/3) - Cr\u00e9dito: AI Colinas \/ Divulga\u00e7\u00e3o"},{"@type":"BreadcrumbList","@id":"https:\/\/folhapopular.info\/index.php\/2026\/03\/14\/pascoa-encantada-2026-de-colinas-comeca-neste-sabado-e-segue-ate-dia-4-de-abril\/#breadcrumb","itemListElement":[{"@type":"ListItem","position":1,"name":"In\u00edcio","item":"https:\/\/folhapopular.info\/"},{"@type":"ListItem","position":2,"name":"P\u00e1scoa Encantada 2026 de Colinas come\u00e7a neste s\u00e1bado e segue at\u00e9 dia 4 de abril"}]},{"@type":"WebSite","@id":"https:\/\/folhapopular.info\/#website","url":"https:\/\/folhapopular.info\/","name":"Folha Popular","description":"Onde voc\u00ea tem vez e voz","potentialAction":[{"@type":"SearchAction","target":{"@type":"EntryPoint","urlTemplate":"https:\/\/folhapopular.info\/?s={search_term_string}"},"query-input":{"@type":"PropertyValueSpecification","valueRequired":true,"valueName":"search_term_string"}}],"inLanguage":"pt-BR"},{"@type":"Person","@id":"https:\/\/folhapopular.info\/#\/schema\/person\/e852c327371714676d02e58cf917fd9f","name":"Luis Augusto Huppes","image":{"@type":"ImageObject","inLanguage":"pt-BR","@id":"https:\/\/folhapopular.info\/wp-content\/uploads\/2026\/04\/Luis-Augusto-Huppes-1-1.webp","url":"https:\/\/folhapopular.info\/wp-content\/uploads\/2026\/04\/Luis-Augusto-Huppes-1-1.webp","contentUrl":"https:\/\/folhapopular.info\/wp-content\/uploads\/2026\/04\/Luis-Augusto-Huppes-1-1.webp","caption":"Luis Augusto Huppes"},"sameAs":["https:\/\/www.facebook.com\/luis.huppes\/","https:\/\/www.instagram.com\/luis.huppes\/","https:\/\/www.linkedin.com\/in\/luis-augusto-huppes-2554b52b7\/"],"url":"https:\/\/folhapopular.info\/index.php\/author\/luis-augusto-huppes\/"}]}},"jetpack_featured_media_url":"https:\/\/folhapopular.info\/wp-content\/uploads\/2026\/03\/WhatsApp-Image-2026-03-14-at-12.13.01.jpeg","jetpack_sharing_enabled":true,"amp_enabled":true,"_links":{"self":[{"href":"https:\/\/folhapopular.info\/index.php\/wp-json\/wp\/v2\/posts\/205943","targetHints":{"allow":["GET"]}}],"collection":[{"href":"https:\/\/folhapopular.info\/index.php\/wp-json\/wp\/v2\/posts"}],"about":[{"href":"https:\/\/folhapopular.info\/index.php\/wp-json\/wp\/v2\/types\/post"}],"author":[{"embeddable":true,"href":"https:\/\/folhapopular.info\/index.php\/wp-json\/wp\/v2\/users\/732"}],"replies":[{"embeddable":true,"href":"https:\/\/folhapopular.info\/index.php\/wp-json\/wp\/v2\/comments?post=205943"}],"version-history":[{"count":0,"href":"https:\/\/folhapopular.info\/index.php\/wp-json\/wp\/v2\/posts\/205943\/revisions"}],"wp:featuredmedia":[{"embeddable":true,"href":"https:\/\/folhapopular.info\/index.php\/wp-json\/wp\/v2\/media\/205954"}],"wp:attachment":[{"href":"https:\/\/folhapopular.info\/index.php\/wp-json\/wp\/v2\/media?parent=205943"}],"wp:term":[{"taxonomy":"category","embeddable":true,"href":"https:\/\/folhapopular.info\/index.php\/wp-json\/wp\/v2\/categories?post=205943"},{"taxonomy":"post_tag","embeddable":true,"href":"https:\/\/folhapopular.info\/index.php\/wp-json\/wp\/v2\/tags?post=205943"}],"curies":[{"name":"wp","href":"https:\/\/api.w.org\/{rel}","templated":true}]}}