{"id":205958,"date":"2026-03-14T13:09:25","date_gmt":"2026-03-14T16:09:25","guid":{"rendered":"https:\/\/folhapopular.info\/?p=205958"},"modified":"2026-03-14T13:09:28","modified_gmt":"2026-03-14T16:09:28","slug":"judoca-de-taquari-busca-apoio-para-representar-o-estado-em-competicao-nacional","status":"publish","type":"post","link":"https:\/\/folhapopular.info\/index.php\/2026\/03\/14\/judoca-de-taquari-busca-apoio-para-representar-o-estado-em-competicao-nacional\/","title":{"rendered":"Judoca de Taquari busca apoio para representar o Estado em competi\u00e7\u00e3o nacional"},"content":{"rendered":"\n<p>A moradora de Taquari, Isis Porto (10), come\u00e7a a escrever uma trajet\u00f3ria promissora no Jud\u00f4. Dedicada aos treinos e incentivada pela fam\u00edlia, a jovem conquistou vaga para representar o Rio Grande do Sul em uma competi\u00e7\u00e3o nacional disputada em S\u00e3o Bernardo do Campo (SP).<\/p>\n\n\n\n<p>A classifica\u00e7\u00e3o veio durante seletiva realizada na Copa de Interior de Jud\u00f4, em Taquari. O torneio com atletas da regi\u00e3o serviu como classificat\u00f3ria para o Campeonato Brasileiro.<\/p>\n\n\n\n<p>O primeiro contato da atleta com o Jud\u00f4 surgiu dentro de casa. O pai, Charles Artus da Silveira, havia praticado a modalidade ainda jovem e incentivou a filha a experimentar o esporte. A inten\u00e7\u00e3o era proporcionar uma atividade para a menina.<\/p>\n\n\n\n<p>Com o tempo, a rela\u00e7\u00e3o ganhou outro significado. \u201cDe in\u00edcio, colocamos ela no Jud\u00f4 como um esporte para n\u00e3o ficar parada. Mas, quando come\u00e7ou a gostar, virou um sonho de todos n\u00f3s. Sempre imaginei v\u00ea-la de quimono\u201d, conta.<\/p>\n\n\n\n<p>Para Charles, acompanhar a evolu\u00e7\u00e3o e a jovem alcan\u00e7ar esse objetivo em pouco tempo \u00e9 um orgulho imenso. \u201cEla conquistou muita coisa em apenas 2 anos. Chegar t\u00e3o longe \u00e9 uma recompensa enorme para um pai\u201d, afirma.<\/p>\n\n\n\n<p>Para alcan\u00e7ar resultados no Jud\u00f4, Isis mant\u00e9m uma rotina intensa de treinos. As atividades acontecem nas ter\u00e7as e quintas-feiras, com in\u00edcio \u00e0s 18h. Depois disso, ela permanece no <em>do<\/em><em>jo<\/em> da Jud\u00f4 TK para ajudar os atletas menores e segue nos treinos at\u00e9 o hor\u00e1rio dos adultos, que termina pr\u00f3ximo das 22h.<\/p>\n\n\n\n<p>A rotina exige organiza\u00e7\u00e3o da fam\u00edlia. A m\u00e3e, Grazi Porto, explica que conciliar a vida familiar com as atividades esportivas das filhas exige dedica\u00e7\u00e3o. \u201c\u00c9 uma correria. Casa, servi\u00e7o, duas meninas, Jud\u00f4 e escola n\u00e3o \u00e9 f\u00e1cil. Mas temos pessoas que ajudam muito, como a <em>sensei<\/em> Deisi, que sempre corre com a crian\u00e7ada\u201d, relata.<\/p>\n\n\n\n<p>Mesmo com a agenda apertada, acompanhar o desenvolvimento da filha \u00e9 motivo de orgulho. \u201c\u00c9 uma felicidade gigantesca ver ela com destaque. Mas sempre procuro mant\u00ea-la com os p\u00e9s no ch\u00e3o, ensino que n\u00e3o \u00e9 sobre ganhar ou perder, e sim, sobre dar o seu melhor\u201d, afirma a m\u00e3e.<\/p>\n\n\n\n<h2 class=\"wp-block-heading\"><strong>Supera\u00e7\u00e3o na seletiva<\/strong><\/h2>\n\n\n\n<p>A classifica\u00e7\u00e3o para o campeonato brasileiro tamb\u00e9m teve momentos de tens\u00e3o. Na pesagem antes da competi\u00e7\u00e3o, Isis n\u00e3o conseguiu atingir o limite da categoria por apenas 400 gramas e precisou disputar as lutas em uma divis\u00e3o acima.<\/p>\n\n\n\n<p>A mudan\u00e7a significava enfrentar advers\u00e1rias mais pesadas e, ainda, competir contra uma colega do pr\u00f3prio <em>dojo<\/em>, situa\u00e7\u00e3o que abalou o emocional da atleta. \u201cA Isis chorou muito naquele momento, porque queria que as amigas tamb\u00e9m se classificassem\u201d, lembra Grazi. Foi preciso conversar com as meninas para refor\u00e7ar que, qualquer que fosse o resultado, todas deveriam torcer umas pelas outras.<\/p>\n\n\n\n<p>No tatame, a frustra\u00e7\u00e3o deu lugar \u00e0 determina\u00e7\u00e3o. Isis venceu as lutas e garantiu o 1\u00aa lugar. Assim, conquistou a vaga para representar o estado.<\/p>\n\n\n\n<p>Mesmo com pouca idade, Isis j\u00e1 acumula resultados expressivos em competi\u00e7\u00f5es. Desde que come\u00e7ou a disputar torneios, costuma voltar para casa com medalhas de ouro ou prata. Entre os destaques da trajet\u00f3ria est\u00e1 a participa\u00e7\u00e3o no <em>Meeting<\/em> Interestadual em Santa Catarina, onde conquistou medalha de prata.<\/p>\n\n\n\n<p>Charles ressalta que, diferente de esportes coletivos, o Jud\u00f4 exige prepara\u00e7\u00e3o individual ainda maior. \u201cExistem modalidades que levam atletas para fora do estado, como futebol ou v\u00f4lei, mas s\u00e3o coletivas. No caso dela, chegar onde chegou \u00e9 m\u00e9rito pr\u00f3prio, com a ajuda dos <em>senseis<\/em> e do trabalho feito dentro do <em>dojo<\/em>\u201d, destaca.<\/p>\n\n\n\n<h2 class=\"wp-block-heading\"><strong>Mobiliza\u00e7\u00e3o,<\/strong> <strong>gratid\u00e3o e<\/strong> <strong>motiva\u00e7\u00e3o<\/strong><\/h2>\n\n\n\n<p>Agora, o pr\u00f3ximo desafio \u00e9 o Campeonato Nacional em S\u00e3o Bernardo do Campo. Para custear a viagem, a fam\u00edlia e pais de outros atletas se mobilizam para arrecadar recursos.<\/p>\n\n\n\n<p>Entre as a\u00e7\u00f5es est\u00e3o a divulga\u00e7\u00e3o de um pix solid\u00e1rio, a busca por patrocinadores e eventos comunit\u00e1rios. Um deles ser\u00e1 a venda de cachorro-quente, marcada para o dia 20, al\u00e9m de um ped\u00e1gio solid\u00e1rio no dia seguinte.<\/p>\n\n\n\n<p>\u201cS\u00e3o momentos intensos e corridos, porque o tempo \u00e9 curto, mas a uni\u00e3o de todos \u00e9 incr\u00edvel. Somos muito gratos a cada um que ajuda, n\u00e3o s\u00f3 a Isis, mas o Jud\u00f4\u201d, ressalta a m\u00e3e.<\/p>\n\n\n\n<p>Enquanto se preparam para o desafio nacional, Isis e os colegas de tatame se ajudam para manter o clima de motiva\u00e7\u00e3o.<\/p>\n\n\n\n<p>Para ela, todo o apoio recebido \u00e9 especial. \u201cSinto felicidade. Fico contente e tenho muito carinho pelas pessoas que colaboram para que meu sonho se realize\u201d, resume.<\/p>\n\n\n\n<p>Com dedica\u00e7\u00e3o, apoio da fam\u00edlia e mobiliza\u00e7\u00e3o da comunidade, Isis Porto agora se prepara para dar mais um passo importante na carreira esportiva &#8211; levar o nome de Taquari e do Rio Grande do Sul para o cen\u00e1rio nacional do Jud\u00f4.<\/p>\n\n\n\n<h2 class=\"wp-block-heading\"><strong>Contribua:<\/strong><br><strong>PIX: 51 9 98986245<\/strong><br><strong>Geison Bittencourt Quadros<\/strong><\/h2>\n\n\n\n<figure class=\"wp-block-gallery has-nested-images columns-default is-cropped wp-block-gallery-1 is-layout-flex wp-block-gallery-is-layout-flex\">\n<figure class=\"wp-block-image size-large\"><img loading=\"lazy\" decoding=\"async\" width=\"768\" height=\"1024\" data-id=\"205960\" src=\"https:\/\/folhapopular.info\/wp-content\/uploads\/2026\/03\/WhatsApp-Image-2026-03-13-at-19.28.17-768x1024.jpeg\" alt=\"\" class=\"wp-image-205960\" srcset=\"https:\/\/folhapopular.info\/wp-content\/uploads\/2026\/03\/WhatsApp-Image-2026-03-13-at-19.28.17-768x1024.jpeg 768w, https:\/\/folhapopular.info\/wp-content\/uploads\/2026\/03\/WhatsApp-Image-2026-03-13-at-19.28.17-225x300.jpeg 225w, https:\/\/folhapopular.info\/wp-content\/uploads\/2026\/03\/WhatsApp-Image-2026-03-13-at-19.28.17-1152x1536.jpeg 1152w, https:\/\/folhapopular.info\/wp-content\/uploads\/2026\/03\/WhatsApp-Image-2026-03-13-at-19.28.17-315x420.jpeg 315w, https:\/\/folhapopular.info\/wp-content\/uploads\/2026\/03\/WhatsApp-Image-2026-03-13-at-19.28.17-696x928.jpeg 696w, https:\/\/folhapopular.info\/wp-content\/uploads\/2026\/03\/WhatsApp-Image-2026-03-13-at-19.28.17-1068x1424.jpeg 1068w, https:\/\/folhapopular.info\/wp-content\/uploads\/2026\/03\/WhatsApp-Image-2026-03-13-at-19.28.17.jpeg 1200w\" sizes=\"auto, (max-width: 768px) 100vw, 768px\" \/><figcaption class=\"wp-element-caption\">Garota \u00e9 muito elogiada por quem a v\u00ea praticar<br>Cr\u00e9dito: Arquivo Pessoal<\/figcaption><\/figure>\n<\/figure>\n","protected":false},"excerpt":{"rendered":"<p>A moradora de Taquari, Isis Porto (10), come\u00e7a a escrever uma trajet\u00f3ria promissora no Jud\u00f4. Dedicada aos treinos e incentivada pela fam\u00edlia, a jovem conquistou vaga para representar o Rio Grande do Sul em uma competi\u00e7\u00e3o nacional disputada em S\u00e3o Bernardo do Campo (SP). A classifica\u00e7\u00e3o veio durante seletiva realizada na Copa de Interior de [&hellip;]<\/p>\n","protected":false},"author":732,"featured_media":205959,"comment_status":"open","ping_status":"open","sticky":false,"template":"","format":"standard","meta":{"pmpro_default_level":"","_jetpack_memberships_contains_paid_content":false,"footnotes":""},"categories":[18195,5],"tags":[9681,20775,17423,1056],"class_list":{"0":"post-205958","1":"post","2":"type-post","3":"status-publish","4":"format-standard","5":"has-post-thumbnail","7":"category-artes-marciais","8":"category-esportes","9":"tag-artes-marciais","10":"tag-isis-porto","11":"tag-judo","12":"tag-taquari","13":"pmpro-has-access"},"yoast_head":"<!-- This site is optimized with the Yoast SEO plugin v27.5 - https:\/\/yoast.com\/product\/yoast-seo-wordpress\/ -->\n<title>Judoca de Taquari busca apoio para representar o Estado em competi\u00e7\u00e3o nacional - Folha Popular<\/title>\n<meta name=\"robots\" content=\"index, follow, max-snippet:-1, max-image-preview:large, max-video-preview:-1\" \/>\n<link rel=\"canonical\" href=\"https:\/\/folhapopular.info\/index.php\/2026\/03\/14\/judoca-de-taquari-busca-apoio-para-representar-o-estado-em-competicao-nacional\/\" \/>\n<meta property=\"og:locale\" content=\"pt_BR\" \/>\n<meta property=\"og:type\" content=\"article\" \/>\n<meta property=\"og:title\" content=\"Judoca de Taquari busca apoio para representar o Estado em competi\u00e7\u00e3o nacional - Folha Popular\" \/>\n<meta property=\"og:description\" content=\"A moradora de Taquari, Isis Porto (10), come\u00e7a a escrever uma trajet\u00f3ria promissora no Jud\u00f4. Dedicada aos treinos e incentivada pela fam\u00edlia, a jovem conquistou vaga para representar o Rio Grande do Sul em uma competi\u00e7\u00e3o nacional disputada em S\u00e3o Bernardo do Campo (SP). A classifica\u00e7\u00e3o veio durante seletiva realizada na Copa de Interior de [&hellip;]\" \/>\n<meta property=\"og:url\" content=\"https:\/\/folhapopular.info\/index.php\/2026\/03\/14\/judoca-de-taquari-busca-apoio-para-representar-o-estado-em-competicao-nacional\/\" \/>\n<meta property=\"og:site_name\" content=\"Folha Popular\" \/>\n<meta property=\"article:author\" content=\"https:\/\/www.facebook.com\/luis.huppes\/\" \/>\n<meta property=\"article:published_time\" content=\"2026-03-14T16:09:25+00:00\" \/>\n<meta property=\"article:modified_time\" content=\"2026-03-14T16:09:28+00:00\" \/>\n<meta property=\"og:image\" content=\"http:\/\/folhapopular.info\/wp-content\/uploads\/2026\/03\/WhatsApp-Image-2026-03-13-at-19.28.16.jpeg\" \/>\n\t<meta property=\"og:image:width\" content=\"960\" \/>\n\t<meta property=\"og:image:height\" content=\"1280\" \/>\n\t<meta property=\"og:image:type\" content=\"image\/jpeg\" \/>\n<meta name=\"author\" content=\"Luis Augusto Huppes\" \/>\n<meta name=\"twitter:card\" content=\"summary_large_image\" \/>\n<meta name=\"twitter:label1\" content=\"Escrito por\" \/>\n\t<meta name=\"twitter:data1\" content=\"Luis Augusto Huppes\" \/>\n\t<meta name=\"twitter:label2\" content=\"Est. tempo de leitura\" \/>\n\t<meta name=\"twitter:data2\" content=\"5 minutos\" \/>\n<script type=\"application\/ld+json\" class=\"yoast-schema-graph\">{\"@context\":\"https:\\\/\\\/schema.org\",\"@graph\":[{\"@type\":\"Article\",\"@id\":\"https:\\\/\\\/folhapopular.info\\\/index.php\\\/2026\\\/03\\\/14\\\/judoca-de-taquari-busca-apoio-para-representar-o-estado-em-competicao-nacional\\\/#article\",\"isPartOf\":{\"@id\":\"https:\\\/\\\/folhapopular.info\\\/index.php\\\/2026\\\/03\\\/14\\\/judoca-de-taquari-busca-apoio-para-representar-o-estado-em-competicao-nacional\\\/\"},\"author\":{\"name\":\"Luis Augusto Huppes\",\"@id\":\"https:\\\/\\\/folhapopular.info\\\/#\\\/schema\\\/person\\\/e852c327371714676d02e58cf917fd9f\"},\"headline\":\"Judoca de Taquari busca apoio para representar o Estado em competi\u00e7\u00e3o nacional\",\"datePublished\":\"2026-03-14T16:09:25+00:00\",\"dateModified\":\"2026-03-14T16:09:28+00:00\",\"mainEntityOfPage\":{\"@id\":\"https:\\\/\\\/folhapopular.info\\\/index.php\\\/2026\\\/03\\\/14\\\/judoca-de-taquari-busca-apoio-para-representar-o-estado-em-competicao-nacional\\\/\"},\"wordCount\":854,\"commentCount\":0,\"image\":{\"@id\":\"https:\\\/\\\/folhapopular.info\\\/index.php\\\/2026\\\/03\\\/14\\\/judoca-de-taquari-busca-apoio-para-representar-o-estado-em-competicao-nacional\\\/#primaryimage\"},\"thumbnailUrl\":\"https:\\\/\\\/folhapopular.info\\\/wp-content\\\/uploads\\\/2026\\\/03\\\/WhatsApp-Image-2026-03-13-at-19.28.16.jpeg\",\"keywords\":[\"Artes Marciais\",\"Isis Porto\",\"Jud\u00f4\",\"Taquari\"],\"articleSection\":[\"Artes Marciais\",\"Esportes\"],\"inLanguage\":\"pt-BR\",\"potentialAction\":[{\"@type\":\"CommentAction\",\"name\":\"Comment\",\"target\":[\"https:\\\/\\\/folhapopular.info\\\/index.php\\\/2026\\\/03\\\/14\\\/judoca-de-taquari-busca-apoio-para-representar-o-estado-em-competicao-nacional\\\/#respond\"]}]},{\"@type\":\"WebPage\",\"@id\":\"https:\\\/\\\/folhapopular.info\\\/index.php\\\/2026\\\/03\\\/14\\\/judoca-de-taquari-busca-apoio-para-representar-o-estado-em-competicao-nacional\\\/\",\"url\":\"https:\\\/\\\/folhapopular.info\\\/index.php\\\/2026\\\/03\\\/14\\\/judoca-de-taquari-busca-apoio-para-representar-o-estado-em-competicao-nacional\\\/\",\"name\":\"Judoca de Taquari busca apoio para representar o Estado em competi\u00e7\u00e3o nacional - Folha Popular\",\"isPartOf\":{\"@id\":\"https:\\\/\\\/folhapopular.info\\\/#website\"},\"primaryImageOfPage\":{\"@id\":\"https:\\\/\\\/folhapopular.info\\\/index.php\\\/2026\\\/03\\\/14\\\/judoca-de-taquari-busca-apoio-para-representar-o-estado-em-competicao-nacional\\\/#primaryimage\"},\"image\":{\"@id\":\"https:\\\/\\\/folhapopular.info\\\/index.php\\\/2026\\\/03\\\/14\\\/judoca-de-taquari-busca-apoio-para-representar-o-estado-em-competicao-nacional\\\/#primaryimage\"},\"thumbnailUrl\":\"https:\\\/\\\/folhapopular.info\\\/wp-content\\\/uploads\\\/2026\\\/03\\\/WhatsApp-Image-2026-03-13-at-19.28.16.jpeg\",\"datePublished\":\"2026-03-14T16:09:25+00:00\",\"dateModified\":\"2026-03-14T16:09:28+00:00\",\"author\":{\"@id\":\"https:\\\/\\\/folhapopular.info\\\/#\\\/schema\\\/person\\\/e852c327371714676d02e58cf917fd9f\"},\"breadcrumb\":{\"@id\":\"https:\\\/\\\/folhapopular.info\\\/index.php\\\/2026\\\/03\\\/14\\\/judoca-de-taquari-busca-apoio-para-representar-o-estado-em-competicao-nacional\\\/#breadcrumb\"},\"inLanguage\":\"pt-BR\",\"potentialAction\":[{\"@type\":\"ReadAction\",\"target\":[\"https:\\\/\\\/folhapopular.info\\\/index.php\\\/2026\\\/03\\\/14\\\/judoca-de-taquari-busca-apoio-para-representar-o-estado-em-competicao-nacional\\\/\"]}]},{\"@type\":\"ImageObject\",\"inLanguage\":\"pt-BR\",\"@id\":\"https:\\\/\\\/folhapopular.info\\\/index.php\\\/2026\\\/03\\\/14\\\/judoca-de-taquari-busca-apoio-para-representar-o-estado-em-competicao-nacional\\\/#primaryimage\",\"url\":\"https:\\\/\\\/folhapopular.info\\\/wp-content\\\/uploads\\\/2026\\\/03\\\/WhatsApp-Image-2026-03-13-at-19.28.16.jpeg\",\"contentUrl\":\"https:\\\/\\\/folhapopular.info\\\/wp-content\\\/uploads\\\/2026\\\/03\\\/WhatsApp-Image-2026-03-13-at-19.28.16.jpeg\",\"width\":960,\"height\":1280,\"caption\":\"Mesmo jovem, Isis j\u00e1 conquistou diversas medalhas - Cr\u00e9dito: Arquivo Pessoal\"},{\"@type\":\"BreadcrumbList\",\"@id\":\"https:\\\/\\\/folhapopular.info\\\/index.php\\\/2026\\\/03\\\/14\\\/judoca-de-taquari-busca-apoio-para-representar-o-estado-em-competicao-nacional\\\/#breadcrumb\",\"itemListElement\":[{\"@type\":\"ListItem\",\"position\":1,\"name\":\"In\u00edcio\",\"item\":\"https:\\\/\\\/folhapopular.info\\\/\"},{\"@type\":\"ListItem\",\"position\":2,\"name\":\"Judoca de Taquari busca apoio para representar o Estado em competi\u00e7\u00e3o nacional\"}]},{\"@type\":\"WebSite\",\"@id\":\"https:\\\/\\\/folhapopular.info\\\/#website\",\"url\":\"https:\\\/\\\/folhapopular.info\\\/\",\"name\":\"Folha Popular\",\"description\":\"Onde voc\u00ea tem vez e voz\",\"potentialAction\":[{\"@type\":\"SearchAction\",\"target\":{\"@type\":\"EntryPoint\",\"urlTemplate\":\"https:\\\/\\\/folhapopular.info\\\/?s={search_term_string}\"},\"query-input\":{\"@type\":\"PropertyValueSpecification\",\"valueRequired\":true,\"valueName\":\"search_term_string\"}}],\"inLanguage\":\"pt-BR\"},{\"@type\":\"Person\",\"@id\":\"https:\\\/\\\/folhapopular.info\\\/#\\\/schema\\\/person\\\/e852c327371714676d02e58cf917fd9f\",\"name\":\"Luis Augusto Huppes\",\"image\":{\"@type\":\"ImageObject\",\"inLanguage\":\"pt-BR\",\"@id\":\"https:\\\/\\\/folhapopular.info\\\/wp-content\\\/uploads\\\/2026\\\/04\\\/Luis-Augusto-Huppes-1-1.webp\",\"url\":\"https:\\\/\\\/folhapopular.info\\\/wp-content\\\/uploads\\\/2026\\\/04\\\/Luis-Augusto-Huppes-1-1.webp\",\"contentUrl\":\"https:\\\/\\\/folhapopular.info\\\/wp-content\\\/uploads\\\/2026\\\/04\\\/Luis-Augusto-Huppes-1-1.webp\",\"caption\":\"Luis Augusto Huppes\"},\"sameAs\":[\"https:\\\/\\\/www.facebook.com\\\/luis.huppes\\\/\",\"https:\\\/\\\/www.instagram.com\\\/luis.huppes\\\/\",\"https:\\\/\\\/www.linkedin.com\\\/in\\\/luis-augusto-huppes-2554b52b7\\\/\"],\"url\":\"https:\\\/\\\/folhapopular.info\\\/index.php\\\/author\\\/luis-augusto-huppes\\\/\"}]}<\/script>\n<!-- \/ Yoast SEO plugin. -->","yoast_head_json":{"title":"Judoca de Taquari busca apoio para representar o Estado em competi\u00e7\u00e3o nacional - Folha Popular","robots":{"index":"index","follow":"follow","max-snippet":"max-snippet:-1","max-image-preview":"max-image-preview:large","max-video-preview":"max-video-preview:-1"},"canonical":"https:\/\/folhapopular.info\/index.php\/2026\/03\/14\/judoca-de-taquari-busca-apoio-para-representar-o-estado-em-competicao-nacional\/","og_locale":"pt_BR","og_type":"article","og_title":"Judoca de Taquari busca apoio para representar o Estado em competi\u00e7\u00e3o nacional - Folha Popular","og_description":"A moradora de Taquari, Isis Porto (10), come\u00e7a a escrever uma trajet\u00f3ria promissora no Jud\u00f4. Dedicada aos treinos e incentivada pela fam\u00edlia, a jovem conquistou vaga para representar o Rio Grande do Sul em uma competi\u00e7\u00e3o nacional disputada em S\u00e3o Bernardo do Campo (SP). A classifica\u00e7\u00e3o veio durante seletiva realizada na Copa de Interior de [&hellip;]","og_url":"https:\/\/folhapopular.info\/index.php\/2026\/03\/14\/judoca-de-taquari-busca-apoio-para-representar-o-estado-em-competicao-nacional\/","og_site_name":"Folha Popular","article_author":"https:\/\/www.facebook.com\/luis.huppes\/","article_published_time":"2026-03-14T16:09:25+00:00","article_modified_time":"2026-03-14T16:09:28+00:00","og_image":[{"width":960,"height":1280,"url":"http:\/\/folhapopular.info\/wp-content\/uploads\/2026\/03\/WhatsApp-Image-2026-03-13-at-19.28.16.jpeg","type":"image\/jpeg"}],"author":"Luis Augusto Huppes","twitter_card":"summary_large_image","twitter_misc":{"Escrito por":"Luis Augusto Huppes","Est. tempo de leitura":"5 minutos"},"schema":{"@context":"https:\/\/schema.org","@graph":[{"@type":"Article","@id":"https:\/\/folhapopular.info\/index.php\/2026\/03\/14\/judoca-de-taquari-busca-apoio-para-representar-o-estado-em-competicao-nacional\/#article","isPartOf":{"@id":"https:\/\/folhapopular.info\/index.php\/2026\/03\/14\/judoca-de-taquari-busca-apoio-para-representar-o-estado-em-competicao-nacional\/"},"author":{"name":"Luis Augusto Huppes","@id":"https:\/\/folhapopular.info\/#\/schema\/person\/e852c327371714676d02e58cf917fd9f"},"headline":"Judoca de Taquari busca apoio para representar o Estado em competi\u00e7\u00e3o nacional","datePublished":"2026-03-14T16:09:25+00:00","dateModified":"2026-03-14T16:09:28+00:00","mainEntityOfPage":{"@id":"https:\/\/folhapopular.info\/index.php\/2026\/03\/14\/judoca-de-taquari-busca-apoio-para-representar-o-estado-em-competicao-nacional\/"},"wordCount":854,"commentCount":0,"image":{"@id":"https:\/\/folhapopular.info\/index.php\/2026\/03\/14\/judoca-de-taquari-busca-apoio-para-representar-o-estado-em-competicao-nacional\/#primaryimage"},"thumbnailUrl":"https:\/\/folhapopular.info\/wp-content\/uploads\/2026\/03\/WhatsApp-Image-2026-03-13-at-19.28.16.jpeg","keywords":["Artes Marciais","Isis Porto","Jud\u00f4","Taquari"],"articleSection":["Artes Marciais","Esportes"],"inLanguage":"pt-BR","potentialAction":[{"@type":"CommentAction","name":"Comment","target":["https:\/\/folhapopular.info\/index.php\/2026\/03\/14\/judoca-de-taquari-busca-apoio-para-representar-o-estado-em-competicao-nacional\/#respond"]}]},{"@type":"WebPage","@id":"https:\/\/folhapopular.info\/index.php\/2026\/03\/14\/judoca-de-taquari-busca-apoio-para-representar-o-estado-em-competicao-nacional\/","url":"https:\/\/folhapopular.info\/index.php\/2026\/03\/14\/judoca-de-taquari-busca-apoio-para-representar-o-estado-em-competicao-nacional\/","name":"Judoca de Taquari busca apoio para representar o Estado em competi\u00e7\u00e3o nacional - Folha Popular","isPartOf":{"@id":"https:\/\/folhapopular.info\/#website"},"primaryImageOfPage":{"@id":"https:\/\/folhapopular.info\/index.php\/2026\/03\/14\/judoca-de-taquari-busca-apoio-para-representar-o-estado-em-competicao-nacional\/#primaryimage"},"image":{"@id":"https:\/\/folhapopular.info\/index.php\/2026\/03\/14\/judoca-de-taquari-busca-apoio-para-representar-o-estado-em-competicao-nacional\/#primaryimage"},"thumbnailUrl":"https:\/\/folhapopular.info\/wp-content\/uploads\/2026\/03\/WhatsApp-Image-2026-03-13-at-19.28.16.jpeg","datePublished":"2026-03-14T16:09:25+00:00","dateModified":"2026-03-14T16:09:28+00:00","author":{"@id":"https:\/\/folhapopular.info\/#\/schema\/person\/e852c327371714676d02e58cf917fd9f"},"breadcrumb":{"@id":"https:\/\/folhapopular.info\/index.php\/2026\/03\/14\/judoca-de-taquari-busca-apoio-para-representar-o-estado-em-competicao-nacional\/#breadcrumb"},"inLanguage":"pt-BR","potentialAction":[{"@type":"ReadAction","target":["https:\/\/folhapopular.info\/index.php\/2026\/03\/14\/judoca-de-taquari-busca-apoio-para-representar-o-estado-em-competicao-nacional\/"]}]},{"@type":"ImageObject","inLanguage":"pt-BR","@id":"https:\/\/folhapopular.info\/index.php\/2026\/03\/14\/judoca-de-taquari-busca-apoio-para-representar-o-estado-em-competicao-nacional\/#primaryimage","url":"https:\/\/folhapopular.info\/wp-content\/uploads\/2026\/03\/WhatsApp-Image-2026-03-13-at-19.28.16.jpeg","contentUrl":"https:\/\/folhapopular.info\/wp-content\/uploads\/2026\/03\/WhatsApp-Image-2026-03-13-at-19.28.16.jpeg","width":960,"height":1280,"caption":"Mesmo jovem, Isis j\u00e1 conquistou diversas medalhas - Cr\u00e9dito: Arquivo Pessoal"},{"@type":"BreadcrumbList","@id":"https:\/\/folhapopular.info\/index.php\/2026\/03\/14\/judoca-de-taquari-busca-apoio-para-representar-o-estado-em-competicao-nacional\/#breadcrumb","itemListElement":[{"@type":"ListItem","position":1,"name":"In\u00edcio","item":"https:\/\/folhapopular.info\/"},{"@type":"ListItem","position":2,"name":"Judoca de Taquari busca apoio para representar o Estado em competi\u00e7\u00e3o nacional"}]},{"@type":"WebSite","@id":"https:\/\/folhapopular.info\/#website","url":"https:\/\/folhapopular.info\/","name":"Folha Popular","description":"Onde voc\u00ea tem vez e voz","potentialAction":[{"@type":"SearchAction","target":{"@type":"EntryPoint","urlTemplate":"https:\/\/folhapopular.info\/?s={search_term_string}"},"query-input":{"@type":"PropertyValueSpecification","valueRequired":true,"valueName":"search_term_string"}}],"inLanguage":"pt-BR"},{"@type":"Person","@id":"https:\/\/folhapopular.info\/#\/schema\/person\/e852c327371714676d02e58cf917fd9f","name":"Luis Augusto Huppes","image":{"@type":"ImageObject","inLanguage":"pt-BR","@id":"https:\/\/folhapopular.info\/wp-content\/uploads\/2026\/04\/Luis-Augusto-Huppes-1-1.webp","url":"https:\/\/folhapopular.info\/wp-content\/uploads\/2026\/04\/Luis-Augusto-Huppes-1-1.webp","contentUrl":"https:\/\/folhapopular.info\/wp-content\/uploads\/2026\/04\/Luis-Augusto-Huppes-1-1.webp","caption":"Luis Augusto Huppes"},"sameAs":["https:\/\/www.facebook.com\/luis.huppes\/","https:\/\/www.instagram.com\/luis.huppes\/","https:\/\/www.linkedin.com\/in\/luis-augusto-huppes-2554b52b7\/"],"url":"https:\/\/folhapopular.info\/index.php\/author\/luis-augusto-huppes\/"}]}},"jetpack_featured_media_url":"https:\/\/folhapopular.info\/wp-content\/uploads\/2026\/03\/WhatsApp-Image-2026-03-13-at-19.28.16.jpeg","jetpack_sharing_enabled":true,"amp_enabled":true,"_links":{"self":[{"href":"https:\/\/folhapopular.info\/index.php\/wp-json\/wp\/v2\/posts\/205958","targetHints":{"allow":["GET"]}}],"collection":[{"href":"https:\/\/folhapopular.info\/index.php\/wp-json\/wp\/v2\/posts"}],"about":[{"href":"https:\/\/folhapopular.info\/index.php\/wp-json\/wp\/v2\/types\/post"}],"author":[{"embeddable":true,"href":"https:\/\/folhapopular.info\/index.php\/wp-json\/wp\/v2\/users\/732"}],"replies":[{"embeddable":true,"href":"https:\/\/folhapopular.info\/index.php\/wp-json\/wp\/v2\/comments?post=205958"}],"version-history":[{"count":0,"href":"https:\/\/folhapopular.info\/index.php\/wp-json\/wp\/v2\/posts\/205958\/revisions"}],"wp:featuredmedia":[{"embeddable":true,"href":"https:\/\/folhapopular.info\/index.php\/wp-json\/wp\/v2\/media\/205959"}],"wp:attachment":[{"href":"https:\/\/folhapopular.info\/index.php\/wp-json\/wp\/v2\/media?parent=205958"}],"wp:term":[{"taxonomy":"category","embeddable":true,"href":"https:\/\/folhapopular.info\/index.php\/wp-json\/wp\/v2\/categories?post=205958"},{"taxonomy":"post_tag","embeddable":true,"href":"https:\/\/folhapopular.info\/index.php\/wp-json\/wp\/v2\/tags?post=205958"}],"curies":[{"name":"wp","href":"https:\/\/api.w.org\/{rel}","templated":true}]}}